{"id":9863,"date":"2023-05-10T12:27:09","date_gmt":"2023-05-10T10:27:09","guid":{"rendered":"https:\/\/ralupo.me\/?p=9863"},"modified":"2023-05-29T14:45:56","modified_gmt":"2023-05-29T12:45:56","slug":"zerstoerter-rettungswagen-aus-der-ukraine-wird-in-muenchen-aus","status":"publish","type":"post","link":"https:\/\/ralupo.me\/en\/archive\/9863","title":{"rendered":"Zerst\u00f6rter ukrainischer Rettungswagen wird in M\u00fcnchen ausgestellt"},"content":{"rendered":"<span class=\"span-reading-time rt-reading-time\" style=\"display: block;\"><span class=\"rt-label rt-prefix\">Lesedauer<\/span> <span class=\"rt-time\"> 2<\/span> <span class=\"rt-label rt-postfix\">Minuten<\/span><\/span>\n<p class=\"wp-block-paragraph\">In M\u00fcnchen wird am 20.05.2023 sowie vom 22. bis 27.05.2023 ein zerst\u00f6rter Rettungswagen des Zentralkrankenhauses von Dergachiai in der Ukraine zu sehen sein. Der Krankenwagen wurde zu Beginn des russischen Gro\u00dfangriffs am 24. Februar letzten Jahres zur Evakuierung von Zivilisten aus dem Gro\u00dfraum Charkiw und den umliegenden D\u00f6rfern und Gemeinden eingesetzt. Es war das einzige Fahrzeug mit Allradantrieb, das auch bei schlechtem Wetter in entlegene D\u00f6rfer fahren konnte. <br><\/p>\n\n\n\n<div  class=\"tribe-compatibility-container\" >\n\t<div\n\t\t class=\"tribe-common tribe-events tribe-events-view tribe-events-view--widget-events-list tribe-events-widget\" \t\tdata-js=\"tribe-events-view\"\n\t\tdata-view-rest-url=\"https:\/\/ralupo.me\/en\/wp-json\/tribe\/views\/v2\/html\"\n\t\tdata-view-manage-url=\"1\"\n\t\t\t\t\t\t\tdata-view-breakpoint-pointer=\"698f6ee2-148d-420f-8b10-7d81a75709b3\"\n\t\t\t>\n\t\t<div class=\"tribe-events-widget-events-list\">\n\n\t\t\t\n\t\t\t<script data-js=\"tribe-events-view-data\" type=\"application\/json\">\n\t{\"slug\":\"widget-events-list\",\"prev_url\":\"\",\"next_url\":\"\",\"view_class\":\"Tribe\\\\Events\\\\Views\\\\V2\\\\Views\\\\Widgets\\\\Widget_List_View\",\"view_slug\":\"widget-events-list\",\"view_label\":\"View\",\"view\":null,\"should_manage_url\":true,\"id\":null,\"alias-slugs\":null,\"title\":\"Upcoming Events \\u2013 Andere Ansicht\",\"limit\":\"5\",\"no_upcoming_events\":false,\"featured_events_only\":false,\"jsonld_enable\":true,\"tribe_is_list_widget\":false,\"admin_fields\":{\"title\":{\"label\":\"Title:\",\"type\":\"text\",\"parent_classes\":\"\",\"classes\":\"\",\"dependency\":\"\",\"id\":\"widget-tribe-widget-events-list--1-title\",\"name\":\"widget-tribe-widget-events-list[-1][title]\",\"options\":[],\"placeholder\":\"\",\"value\":null},\"limit\":{\"label\":\"Show:\",\"type\":\"number\",\"default\":5,\"min\":1,\"max\":10,\"step\":1,\"parent_classes\":\"\",\"classes\":\"\",\"dependency\":\"\",\"id\":\"widget-tribe-widget-events-list--1-limit\",\"name\":\"widget-tribe-widget-events-list[-1][limit]\",\"options\":[],\"placeholder\":\"\",\"value\":null},\"no_upcoming_events\":{\"label\":\"Hide this widget if there are no upcoming events.\",\"type\":\"checkbox\",\"parent_classes\":\"\",\"classes\":\"\",\"dependency\":\"\",\"id\":\"widget-tribe-widget-events-list--1-no_upcoming_events\",\"name\":\"widget-tribe-widget-events-list[-1][no_upcoming_events]\",\"options\":[],\"placeholder\":\"\",\"value\":null},\"featured_events_only\":{\"label\":\"Limit to featured events only\",\"type\":\"checkbox\",\"parent_classes\":\"\",\"classes\":\"\",\"dependency\":\"\",\"id\":\"widget-tribe-widget-events-list--1-featured_events_only\",\"name\":\"widget-tribe-widget-events-list[-1][featured_events_only]\",\"options\":[],\"placeholder\":\"\",\"value\":null},\"jsonld_enable\":{\"label\":\"Generate JSON-LD data\",\"type\":\"checkbox\",\"parent_classes\":\"\",\"classes\":\"\",\"dependency\":\"\",\"id\":\"widget-tribe-widget-events-list--1-jsonld_enable\",\"name\":\"widget-tribe-widget-events-list[-1][jsonld_enable]\",\"options\":[],\"placeholder\":\"\",\"value\":null}},\"events\":[],\"url\":\"https:\\\/\\\/ralupo.me\\\/en\\\/?post_type=tribe_events&eventDisplay=widget-events-list\",\"url_event_date\":false,\"bar\":{\"keyword\":\"\",\"date\":\"\"},\"today\":\"2026-04-28 00:00:00\",\"now\":\"2026-04-28 10:54:32\",\"home_url\":\"https:\\\/\\\/ralupo.me\\\/en\",\"rest_url\":\"https:\\\/\\\/ralupo.me\\\/en\\\/wp-json\\\/tribe\\\/views\\\/v2\\\/html\",\"rest_method\":\"GET\",\"rest_nonce\":\"\",\"today_url\":\"https:\\\/\\\/ralupo.me\\\/en\\\/?post_type=tribe_events&eventDisplay=widget-events-list&rest_route=%2Fwp%2Fv2%2Fposts%2F9863\",\"today_title\":\"Click to select today's date\",\"today_label\":\"Today\",\"prev_label\":\"\",\"next_label\":\"\",\"date_formats\":{\"compact\":\"d.m.Y\",\"month_and_year_compact\":\"m.Y\",\"month_and_year\":\"F Y\",\"time_range_separator\":\" - \",\"date_time_separator\":\" @ \"},\"messages\":{\"notice\":[\"There are no upcoming events.\"]},\"start_of_week\":\"1\",\"header_title\":\"\",\"header_title_element\":\"h1\",\"content_title\":\"\",\"show_content_title\":false,\"breadcrumbs\":[],\"backlink\":false,\"before_events\":\"\",\"after_events\":\"\\n<!--\\nThis calendar is powered by The Events Calendar.\\nhttp:\\\/\\\/evnt.is\\\/18wn\\n-->\\n\",\"display_events_bar\":false,\"disable_event_search\":false,\"live_refresh\":true,\"ical\":{\"display_link\":true,\"link\":{\"url\":\"https:\\\/\\\/ralupo.me\\\/en\\\/?post_type=tribe_events&#038;eventDisplay=widget-events-list&#038;ical=1\",\"text\":\"Export Events\",\"title\":\"Use this to share calendar data with Google Calendar, Apple iCal and other compatible apps\"}},\"container_classes\":[\"tribe-common\",\"tribe-events\",\"tribe-events-view\",\"tribe-events-view--widget-events-list\",\"tribe-events-widget\"],\"container_data\":[],\"is_past\":false,\"breakpoints\":{\"xsmall\":500,\"medium\":768,\"full\":960},\"breakpoint_pointer\":\"698f6ee2-148d-420f-8b10-7d81a75709b3\",\"is_initial_load\":false,\"public_views\":{\"list\":{\"view_class\":\"Tribe\\\\Events\\\\Views\\\\V2\\\\Views\\\\List_View\",\"view_url\":\"https:\\\/\\\/ralupo.me\\\/en\\\/event\\\/(\\\/?:list|liste)\\\/\",\"view_label\":\"List\",\"aria_label\":\"Display Events in List View\"},\"month\":{\"view_class\":\"Tribe\\\\Events\\\\Views\\\\V2\\\\Views\\\\Month_View\",\"view_url\":\"https:\\\/\\\/ralupo.me\\\/en\\\/event\\\/(\\\/?:month|monat)\\\/\",\"view_label\":\"Month\",\"aria_label\":\"Display Events in Month View\"}},\"show_latest_past\":false,\"past\":false,\"compatibility_classes\":[\"tribe-compatibility-container\"],\"view_more_text\":\"View Calendar\",\"view_more_title\":\"View more events.\",\"view_more_link\":\"https:\\\/\\\/ralupo.me\\\/en\\\/event\\\/\",\"widget_title\":\"Anstehende Veranstaltungen\",\"hide_if_no_upcoming_events\":false,\"display\":[],\"subscribe_links\":{\"gcal\":{\"label\":\"Google Calendar\",\"single_label\":\"Add to Google Calendar\",\"visible\":true,\"block_slug\":\"hasGoogleCalendar\"},\"ical\":{\"label\":\"iCalendar\",\"single_label\":\"Add to iCalendar\",\"visible\":true,\"block_slug\":\"hasiCal\"},\"outlook-365\":{\"label\":\"Outlook 365\",\"single_label\":\"Outlook 365\",\"visible\":true,\"block_slug\":\"hasOutlook365\"},\"outlook-live\":{\"label\":\"Outlook Live\",\"single_label\":\"Outlook Live\",\"visible\":true,\"block_slug\":\"hasOutlookLive\"},\"ics\":{\"label\":\"Export .ics file\",\"single_label\":\"Export .ics file\",\"visible\":true,\"block_slug\":null},\"outlook-ics\":{\"label\":\"Export Outlook .ics file\",\"single_label\":\"Export Outlook .ics file\",\"visible\":true,\"block_slug\":null}},\"_context\":{\"slug\":\"widget-events-list\"}}<\/script>\n\n\t\t\t\t\t\t\t<header class=\"tribe-events-widget-events-list__header\">\n\t\t\t\t\t<h2 class=\"tribe-events-widget-events-list__header-title tribe-common-h6 tribe-common-h--alt\">\n\t\t\t\t\t\tAnstehende Veranstaltungen\t\t\t\t\t<\/h2>\n\t\t\t\t<\/header>\n\t\t\t\n\t\t\t\n\t\t\t\t<div  class=\"tribe-events-header__messages tribe-events-c-messages tribe-common-b2\"  >\n\t\t\t<div class=\"tribe-events-c-messages__message tribe-events-c-messages__message--notice\" tabindex=\"0\" role=\"alert\" aria-live=\"assertive\">\n\t\t\t<svg\n\t class=\"tribe-common-c-svgicon tribe-common-c-svgicon--messages-not-found tribe-events-c-messages__message-icon-svg\" \taria-hidden=\"true\"\n\tviewBox=\"0 0 21 23\"\n\txmlns=\"http:\/\/www.w3.org\/2000\/svg\"\n>\n\t<g fill-rule=\"evenodd\">\n\t\t<path d=\"M.5 2.5h20v20H.5z\"\/>\n\t\t<path stroke-linecap=\"round\" d=\"M7.583 11.583l5.834 5.834m0-5.834l-5.834 5.834\" class=\"tribe-common-c-svgicon__svg-stroke\"\/>\n\t\t<path stroke-linecap=\"round\" d=\"M4.5.5v4m12-4v4\"\/>\n\t\t<path stroke-linecap=\"square\" d=\"M.5 7.5h20\"\/>\n\t<\/g>\n<\/svg>\n<span class=\"tribe-common-a11y-visual-hide\">\n\tNotice<\/span>\n\t\t\t\t\t\t\t<div\n\t\t\t\t\t data-key=\"0\" >\n\t\t\t\t\tThere are no upcoming events.\t\t\t\t<\/div>\n\t\t\t\t\t<\/div>\n\t<\/div>\n\n\t\t\t\t\t<\/div>\n\t<\/div>\n<\/div>\n<script data-js='tribe-events-view-nonce-data' type='application\/json'>{\"tvn1\":\"226aa2e488\",\"tvn2\":\"\"}<\/script>\n\n\n\n<p class=\"wp-block-paragraph\">Das Fahrzeug wurde von den russischen Angreifern gezielt beschossen und der Fahrer schwer verletzt. Mit der gezielten Zerst\u00f6rung des Fahrzeuges waren unz\u00e4hlige Zivilisten schlagartig von Notfallrettung und medizinischer Versorgung abgeschnitten.Das mit Granatsplittern und Einschussl\u00f6chern \u00fcbers\u00e4te Fahrzeug war zuletzt in Litauen ausgestellt.<\/p>\n\n\n<div class=\"vlp-link-container vlp-template-default wp-block-visual-link-preview-link\">\n\t<a href=\"https:\/\/www.lrt.lt\/naujienos\/lietuvoje\/2\/1947627\/vilniuje-eksponuojamas-rusu-apsaudytas-greitosios-pagalbos-automobilis-is-ukrainos\" class=\"vlp-link\" title=\"Vilniuje eksponuojamas rus\u0173 ap\u0161audytas greitosios pagalbos automobilis i\u0161 Ukrainos\" rel=\"nofollow\" target=\"_blank\"><\/a>\t\t<div class=\"vlp-link-image-container\">\n\t\t<div class=\"vlp-link-image\">\n\t\t\t<img data-recalc-dims=\"1\" height=\"836\" width=\"1287\" decoding=\"async\" src=\"https:\/\/i0.wp.com\/www.lrt.lt\/img\/2023\/03\/27\/1478574-264272-1287x836.jpg?resize=1287%2C836&#038;ssl=1\" style=\"max-width: 150px; max-height: 150px\" \/>\t\t<\/div>\n\t<\/div>\n\t\t<div class=\"vlp-link-text-container\">\n\t\t\t\t<div class=\"vlp-link-title\">\n\t\t\tVilniuje eksponuojamas rus\u0173 ap\u0161audytas greitosios pagalbos automobilis i\u0161 Ukrainos\t\t<\/div>\n\t\t\t\t\t\t<div class=\"vlp-link-summary\">\n\t\t\tSekmadien\u012f Vilniuje prasid\u0117jo projektas \u201eGreitoji pagalba\u201c, kurio metu Lietuvos sostin\u0117s gyventojai gal\u0117s savo akimis pa\u2026\t\t<\/div>\n\t\t\t<\/div>\n<\/div>\n\n\n\n<blockquote class=\"wp-block-quote is-layout-flow wp-block-quote-is-layout-flow\">\n<p class=\"wp-block-paragraph\">&#8220;Ein Auto mit medizinischer Kennzeichnung, das Leben retten sollte, wurde erbarmungslos beschossen. Sie haben darauf geschossen, weil sie wussten, dass dort kranke Menschen, Verletzte und Kinder waren. Wir wollen, dass die Menschen hier in Europa verstehen, dass die Ukraine nicht nur f\u00fcr ihr Recht auf Freiheit k\u00e4mpft, sondern die gesamte demokratische Welt verteidigt&#8221;, <\/p>\n<cite>Olena Fedorova<\/cite><\/blockquote>\n\n\n\n<p class=\"wp-block-paragraph\">Erstmals wird das Fahrzeug auf einer Kundgebung f\u00fcr die Ukraine am 20.05.2023 auf dem Marienplatz von 15-17 Uhr zu sehen sein. Ab dem 22.05.2023 bis zum 27.05.2023 auf dem angrenzenden Rindermarkt (Gasse zwischen Hugendubel und Kustermann).<\/p>\n\n\n\n<figure class=\"wp-block-embed is-type-rich is-provider-twitter wp-block-embed-twitter\"><div class=\"wp-block-embed__wrapper\">\n<blockquote class=\"twitter-tweet\" data-width=\"500\" data-dnt=\"true\"><p lang=\"en\" dir=\"ltr\">Stay tuned: <br>\ud83d\uddd3\ufe0f20th May \u23f03-5 pm CEST \ud83d\udccdMunich, Marienplatz<a href=\"https:\/\/twitter.com\/hashtag\/Rettungswagen?src=hash&amp;ref_src=twsrc%5Etfw\">#Rettungswagen<\/a>  <a href=\"https:\/\/twitter.com\/hashtag\/Ukraine?src=hash&amp;ref_src=twsrc%5Etfw\">#Ukraine<\/a> <a href=\"https:\/\/twitter.com\/hashtag\/Muenchen?src=hash&amp;ref_src=twsrc%5Etfw\">#Muenchen<\/a> <a href=\"https:\/\/twitter.com\/hashtag\/EuropeDay?src=hash&amp;ref_src=twsrc%5Etfw\">#EuropeDay<\/a> <a href=\"https:\/\/twitter.com\/hashtag\/StandWithUkraine?src=hash&amp;ref_src=twsrc%5Etfw\">#StandWithUkraine<\/a> <a href=\"https:\/\/twitter.com\/hashtag\/Fellas4Europe?src=hash&amp;ref_src=twsrc%5Etfw\">#Fellas4Europe<\/a> <a href=\"https:\/\/twitter.com\/hashtag\/NAFO?src=hash&amp;ref_src=twsrc%5Etfw\">#NAFO<\/a>  <br>\ud83d\udcf8<a href=\"https:\/\/twitter.com\/surajev?ref_src=twsrc%5Etfw\">@surajev<\/a> <a href=\"https:\/\/twitter.com\/IrynaVoichuk?ref_src=twsrc%5Etfw\">@IrynaVoichuk<\/a> <a href=\"https:\/\/twitter.com\/HorbachKristina?ref_src=twsrc%5Etfw\">@HorbachKristina<\/a> \ud83d\ude4f\ud83c\udde9\ud83c\uddea\ud83e\udef6\ud83c\uddfa\ud83c\udde6\ud83e\udef6\ud83c\uddea\ud83c\uddfa <a href=\"https:\/\/t.co\/zWMZ2aKQPC\">https:\/\/t.co\/zWMZ2aKQPC<\/a> <a href=\"https:\/\/t.co\/qMfgDqmFMi\">pic.twitter.com\/qMfgDqmFMi<\/a><\/p>&mdash; \ud83d\udc99\ud83d\udc9b Tamara (@Tamrico2022) <a href=\"https:\/\/twitter.com\/Tamrico2022\/status\/1656071658879295489?ref_src=twsrc%5Etfw\">May 9, 2023<\/a><\/blockquote><script async src=\"https:\/\/platform.twitter.com\/widgets.js\" charset=\"utf-8\"><\/script>\n<\/div><\/figure>\n\n\n\n<p class=\"wp-block-paragraph\">Die Transportkosten nach M\u00fcnchen werden von der litauischen Botschaft \u00fcbernommen. Alle in M\u00fcnchen anfallenden Kosten und Spesen \u00fcbernimmt der Verein &#8220;Fellas4Europe&#8221;, der auch zu Spenden f\u00fcr die Aktion aufruft. Wer die Aktion finanziell unterst\u00fctzen m\u00f6chte, kann dies \u00fcber das Paypal-Konto des Vereins mit dem Verwendungszweck &#8220;Ambulanz&#8221; tun. <br><\/p>\n\n\n<div class=\"vlp-link-container vlp-template-default wp-block-visual-link-preview-link\">\n\t<a href=\"https:\/\/ralupo.me\/mahnmal-fuer-russische-kriegsverbrechen-in-muenchen\/\" class=\"vlp-link\" title=\"Mahnmal f\u00fcr russische Kriegsverbrechen in M\u00fcnchen\" rel=\"nofollow\" target=\"_blank\"><\/a>\t\t<div class=\"vlp-link-image-container\">\n\t\t<div class=\"vlp-link-image\">\n\t\t\t<img decoding=\"async\" src=\"https:\/\/i0.wp.com\/ralupo.me\/wp-content\/uploads\/2023\/05\/IMG_7861-scaled.jpeg?fit=1200%2C900&amp;ssl=1\" style=\"max-width: 150px; max-height: 150px\" \/>\t\t<\/div>\n\t<\/div>\n\t\t<div class=\"vlp-link-text-container\">\n\t\t\t\t<div class=\"vlp-link-title\">\n\t\t\tMahnmal f\u00fcr russische Kriegsverbrechen in M\u00fcnchen\t\t<\/div>\n\t\t\t\t\t\t<div class=\"vlp-link-summary\">\n\t\t\t\u201cDieser Krankenwagen steht symbolisch f\u00fcr die russischen Kriegsverbrechen und deshalb haben wir ihn nach M\u00fcnchen geholt\u201d, sagt Irma Petraityte-Luksiene, Mitinitiatorin von der litauisch\u2026\t\t<\/div>\n\t\t\t<\/div>\n<\/div>\n\n\n\n<p class=\"wp-block-paragraph\">Alle Spenden, die \u00fcber die anfallenden Kosten der Aktion hinausgehen, werden an die Initiative <a href=\"https:\/\/en.plast.org.ua\">&#8220;Plast \u2013 National Scout Organization of Ukraine&#8221;<\/a>  weitergeleitet, die damit einen neuen Rettungswagen kaufen wird. <\/p>\n\n\n<div class=\"vlp-link-container vlp-template-default wp-block-visual-link-preview-link\">\n\t<a href=\"https:\/\/fellas4eu.org\" class=\"vlp-link\" title=\"Fellas for Europe E.V. \u2013 NAFO \u2013 SLAVA UKRAINII\" rel=\"nofollow\" target=\"_blank\"><\/a>\t\t<div class=\"vlp-link-image-container\">\n\t\t<div class=\"vlp-link-image\">\n\t\t\t<img data-recalc-dims=\"1\" decoding=\"async\" src=\"https:\/\/i0.wp.com\/fellas4eu.org\/wp-content\/uploads\/2023\/04\/Website_Header_Multi.jpg?ssl=1\" style=\"max-width: 150px; max-height: 150px\" \/>\t\t<\/div>\n\t<\/div>\n\t\t<div class=\"vlp-link-text-container\">\n\t\t\t\t<div class=\"vlp-link-title\">\n\t\t\tFellas for Europe E.V. \u2013 NAFO \u2013 SLAVA UKRAINII\t\t<\/div>\n\t\t\t\t\t<\/div>\n<\/div>\n\n\n\n<p class=\"wp-block-paragraph\">Offizielle Organisatorinnen sind die Ukraine-Aktivistinnen Valentyna De Maar, die zweiw\u00f6chentlich im Zentrum M\u00fcnchens Demonstrationen und Veranstaltungen durchf\u00fchrt, Irma Petraityte-Luksiene sowie Tamara Okhrimenko. Unterst\u00fctzt wird die Aktion bisher von der Litauischen Gemeinschaft in Deutschland e.V., vom Litauischen Kulturinstitut (LKI), vom humanit\u00e4r in der Ukraine t\u00e4tigen Verein Fellas for Europe e.V., von Pulse of Europe e.V., Europa-Union M\u00fcnchen e.V., PLAST ukrainischer Pfadfinderbund in Berlin e.V., von der bekannten Historikerin mit Schwerpunkt Osteuropa Dr. Franziska Davies, von Mariia Kovalchuk, M.A. sowie zahlreichen anderen B\u00fcrgern.<\/p>\n","protected":false},"excerpt":{"rendered":"<p>In M\u00fcnchen wird am 20.05.2023 sowie vom 22. bis 27.05.2023 ein zerst\u00f6rter Rettungswagen des Zentralkrankenhauses von Dergachiai in der Ukraine zu sehen sein. Der Krankenwagen wurde zu Beginn des russischen Gro\u00dfangriffs am 24. Februar letzten Jahres zur Evakuierung von Zivilisten aus dem Gro\u00dfraum Charkiw und den umliegenden D\u00f6rfern und Gemeinden eingesetzt. Es war das einzige Fahrzeug mit Allradantrieb, das auch bei schlechtem Wetter in entlegene D\u00f6rfer fahren konnte. Das Fahrzeug wurde von den russischen Angreifern gezielt beschossen und der Fahrer schwer verletzt.<\/p>\n","protected":false},"author":1,"featured_media":9952,"comment_status":"open","ping_status":"open","sticky":false,"template":"","format":"standard","meta":{"_crdt_document":"","advanced_seo_description":"","jetpack_seo_html_title":"","jetpack_seo_noindex":false,"_EventAllDay":false,"_EventTimezone":"","_EventStartDate":"","_EventEndDate":"","_EventStartDateUTC":"","_EventEndDateUTC":"","_EventShowMap":false,"_EventShowMapLink":false,"_EventURL":"","_EventCost":"","_EventCostDescription":"","_EventCurrencySymbol":"","_EventCurrencyCode":"","_EventCurrencyPosition":"","_EventDateTimeSeparator":"","_EventTimeRangeSeparator":"","_EventOrganizerID":[],"_EventVenueID":[],"_OrganizerEmail":"","_OrganizerPhone":"","_OrganizerWebsite":"","_VenueAddress":"","_VenueCity":"","_VenueCountry":"","_VenueProvince":"","_VenueState":"","_VenueZip":"","_VenuePhone":"","_VenueURL":"","_VenueStateProvince":"","_VenueLat":"","_VenueLng":"","_VenueShowMap":false,"_VenueShowMapLink":false,"jetpack_post_was_ever_published":false,"_jetpack_newsletter_access":"","_jetpack_dont_email_post_to_subs":false,"_jetpack_newsletter_tier_id":0,"_jetpack_memberships_contains_paywalled_content":false,"_jetpack_memberships_contains_paid_content":false,"footnotes":""},"categories":[778],"tags":[779,436,25],"class_list":["post-9863","post","type-post","status-publish","format-standard","has-post-thumbnail","hentry","category-fellas4eu","tag-fellas","tag-krieg","tag-ukraine"],"jetpack_featured_media_url":"https:\/\/i0.wp.com\/ralupo.me\/wp-content\/uploads\/2023\/05\/IMG_7861-scaled.jpeg?fit=2560%2C1920&ssl=1","jetpack_sharing_enabled":true,"jetpack-related-posts":[{"id":10160,"url":"https:\/\/ralupo.me\/en\/archive\/10160","url_meta":{"origin":9863,"position":0},"title":"Presseank\u00fcndigung: Zerschossener ukrainischer Rettungswagen vor dem Bundestag in Berlin","author":"Lupo","date":"21. June 2023","format":false,"excerpt":"[:de]Am Mittwoch, dem 5.7.2023 besichtigt die Pr\u00e4sidentin des Deutschen Bundestages, B\u00e4rbel Bas MdB, einen von russischen Truppen zerschossenen ukrainischen Rettungswagen. Zu der Aktion haben sich auch zahlreiche Mitglieder des Deutschen Bundestags, darunter Michael Roth (SPD) und Florian Hahn (CSU) angek\u00fcndigt, die diese Aktion unterst\u00fctzen.[:]","rel":"","context":"In &quot;Europa&quot;","block_context":{"text":"Europa","link":"https:\/\/ralupo.me\/en\/archive\/category\/europa"},"img":{"alt_text":"","src":"https:\/\/i0.wp.com\/ralupo.me\/wp-content\/uploads\/2023\/05\/IMG_7861-scaled.jpeg?fit=1200%2C900&ssl=1&resize=350%2C200","width":350,"height":200,"srcset":"https:\/\/i0.wp.com\/ralupo.me\/wp-content\/uploads\/2023\/05\/IMG_7861-scaled.jpeg?fit=1200%2C900&ssl=1&resize=350%2C200 1x, https:\/\/i0.wp.com\/ralupo.me\/wp-content\/uploads\/2023\/05\/IMG_7861-scaled.jpeg?fit=1200%2C900&ssl=1&resize=525%2C300 1.5x, https:\/\/i0.wp.com\/ralupo.me\/wp-content\/uploads\/2023\/05\/IMG_7861-scaled.jpeg?fit=1200%2C900&ssl=1&resize=700%2C400 2x, https:\/\/i0.wp.com\/ralupo.me\/wp-content\/uploads\/2023\/05\/IMG_7861-scaled.jpeg?fit=1200%2C900&ssl=1&resize=1050%2C600 3x"},"classes":[]},{"id":10324,"url":"https:\/\/ralupo.me\/en\/archive\/10324","url_meta":{"origin":9863,"position":1},"title":"Die &#8220;Barwinka&#8221; in Hamburg","author":"Lupo","date":"16. July 2023","format":false,"excerpt":"[:de]Der kleine Krankenwagen aus der Ukraine - \"Barwinka\" - war am Wochenende 14.\/15. Juli in Hamburg zu Gast. Die Aktion wurde vom Verein Fellas4Europe und der Hamburger ukrainischen Initiative Vilni DE_UA gemeinsam organisiert. Als am 24. Februar 2022 die Russen die Vollinvasion gegen die Ukraine begannen, geh\u00f6rte die Region Charkiw\u2026","rel":"","context":"In &quot;Politik&quot;","block_context":{"text":"Politik","link":"https:\/\/ralupo.me\/en\/archive\/category\/politik"},"img":{"alt_text":"","src":"https:\/\/i0.wp.com\/ralupo.me\/wp-content\/uploads\/2023\/07\/d8ef5078-b0a9-47d9-98a4-14059b0f9b58.jpeg?fit=1200%2C900&ssl=1&resize=350%2C200","width":350,"height":200,"srcset":"https:\/\/i0.wp.com\/ralupo.me\/wp-content\/uploads\/2023\/07\/d8ef5078-b0a9-47d9-98a4-14059b0f9b58.jpeg?fit=1200%2C900&ssl=1&resize=350%2C200 1x, https:\/\/i0.wp.com\/ralupo.me\/wp-content\/uploads\/2023\/07\/d8ef5078-b0a9-47d9-98a4-14059b0f9b58.jpeg?fit=1200%2C900&ssl=1&resize=525%2C300 1.5x, https:\/\/i0.wp.com\/ralupo.me\/wp-content\/uploads\/2023\/07\/d8ef5078-b0a9-47d9-98a4-14059b0f9b58.jpeg?fit=1200%2C900&ssl=1&resize=700%2C400 2x, https:\/\/i0.wp.com\/ralupo.me\/wp-content\/uploads\/2023\/07\/d8ef5078-b0a9-47d9-98a4-14059b0f9b58.jpeg?fit=1200%2C900&ssl=1&resize=1050%2C600 3x"},"classes":[]},{"id":10536,"url":"https:\/\/ralupo.me\/en\/archive\/10536","url_meta":{"origin":9863,"position":2},"title":"Zerschossener ukrainischer Krankenwagen soll bundesweit ausgestellt werden","author":"Lupo","date":"25. August 2023","format":false,"excerpt":"[:de]Der von russischen Truppen unter Beschuss genommene ukrainische Krankenwagen aus Derhatschi (Oblast Kharkiv) soll nun im Rahmen einer Tour bundesweit ausgestellt werden. Zusammen mit \u00f6rtlichen deutsch-ukrainischen und litauischen Vereinen und Aktivisten und dem Verein \"Fellas4Europe\" konnte das Fahrzeug bereits in M\u00fcnchen, Berlin und Hamburg gezeigt werden.[:]","rel":"","context":"In &quot;Europa&quot;","block_context":{"text":"Europa","link":"https:\/\/ralupo.me\/en\/archive\/category\/europa"},"img":{"alt_text":"","src":"https:\/\/i0.wp.com\/ralupo.me\/wp-content\/uploads\/2023\/07\/IMG_0210-scaled.jpeg?fit=1200%2C900&ssl=1&resize=350%2C200","width":350,"height":200,"srcset":"https:\/\/i0.wp.com\/ralupo.me\/wp-content\/uploads\/2023\/07\/IMG_0210-scaled.jpeg?fit=1200%2C900&ssl=1&resize=350%2C200 1x, https:\/\/i0.wp.com\/ralupo.me\/wp-content\/uploads\/2023\/07\/IMG_0210-scaled.jpeg?fit=1200%2C900&ssl=1&resize=525%2C300 1.5x, https:\/\/i0.wp.com\/ralupo.me\/wp-content\/uploads\/2023\/07\/IMG_0210-scaled.jpeg?fit=1200%2C900&ssl=1&resize=700%2C400 2x, https:\/\/i0.wp.com\/ralupo.me\/wp-content\/uploads\/2023\/07\/IMG_0210-scaled.jpeg?fit=1200%2C900&ssl=1&resize=1050%2C600 3x"},"classes":[]},{"id":10710,"url":"https:\/\/ralupo.me\/en\/archive\/10710","url_meta":{"origin":9863,"position":3},"title":"\u201eEin durchl\u00f6chertes Kastenbrot auf dem Karolinenplatz\u201c","author":"Lupo","date":"28. September 2023","format":false,"excerpt":"[:de]Am kommenden Samstag, den 30.9.23 findet die 84.Demonstration auf dem Karolinenplatz statt und und gemeinsam mit dem in Gr\u00fcndung befindlichen \u201eUkrainischen Verein Darmstadt (UKRAIDA)\u201c l\u00e4dt das B\u00fcndnis alle B\u00fcrgerinnen und B\u00fcrger zur Besichtigung eines ukrainischen Krankenwagens ein.\u00a0 Dieser Krankenwagen wurde in Derhatschi (N\u00e4he Charkiw) zur Evakuierung kranker und alter Menschen\u2026","rel":"","context":"In &quot;Veranstaltungen&quot;","block_context":{"text":"Veranstaltungen","link":"https:\/\/ralupo.me\/en\/archive\/category\/veranstaltungen"},"img":{"alt_text":"","src":"https:\/\/i0.wp.com\/ralupo.me\/wp-content\/uploads\/2023\/09\/IMG_2679-scaled.jpeg?fit=1200%2C900&ssl=1&resize=350%2C200","width":350,"height":200,"srcset":"https:\/\/i0.wp.com\/ralupo.me\/wp-content\/uploads\/2023\/09\/IMG_2679-scaled.jpeg?fit=1200%2C900&ssl=1&resize=350%2C200 1x, https:\/\/i0.wp.com\/ralupo.me\/wp-content\/uploads\/2023\/09\/IMG_2679-scaled.jpeg?fit=1200%2C900&ssl=1&resize=525%2C300 1.5x, https:\/\/i0.wp.com\/ralupo.me\/wp-content\/uploads\/2023\/09\/IMG_2679-scaled.jpeg?fit=1200%2C900&ssl=1&resize=700%2C400 2x, https:\/\/i0.wp.com\/ralupo.me\/wp-content\/uploads\/2023\/09\/IMG_2679-scaled.jpeg?fit=1200%2C900&ssl=1&resize=1050%2C600 3x"},"classes":[]},{"id":9976,"url":"https:\/\/ralupo.me\/en\/archive\/9976","url_meta":{"origin":9863,"position":4},"title":"Mahnmal russischer Kriegsverbrechen in M\u00fcnchen ausgestellt","author":"Lupo","date":"21. May 2023","format":false,"excerpt":"[:de]\"Dieser Krankenwagen steht symbolisch f\u00fcr die russischen Kriegsverbrechen und deshalb haben wir ihn nach M\u00fcnchen geholt\", sagt Irma Petraityte-Luksiene, Mitinitiatorin von der litauischen Gemeinde in M\u00fcnchen. Und Tamara Okhrimenko erg\u00e4nzt in ihrer Rede: \"So sieht der Krieg aus, f\u00fcr Kinder, f\u00fcr M\u00fctter, f\u00fcr \u00e4ltere Menschen\". Der Krankenwagen geh\u00f6rt zum Zentralkrankenhaus\u2026","rel":"","context":"In &quot;Teilnehmende Beobachtung&quot;","block_context":{"text":"Teilnehmende Beobachtung","link":"https:\/\/ralupo.me\/en\/archive\/category\/teilnehmende-beobachtung"},"img":{"alt_text":"","src":"https:\/\/i0.wp.com\/ralupo.me\/wp-content\/uploads\/2023\/05\/IMG_7861-scaled.jpeg?fit=1200%2C900&ssl=1&resize=350%2C200","width":350,"height":200,"srcset":"https:\/\/i0.wp.com\/ralupo.me\/wp-content\/uploads\/2023\/05\/IMG_7861-scaled.jpeg?fit=1200%2C900&ssl=1&resize=350%2C200 1x, https:\/\/i0.wp.com\/ralupo.me\/wp-content\/uploads\/2023\/05\/IMG_7861-scaled.jpeg?fit=1200%2C900&ssl=1&resize=525%2C300 1.5x, https:\/\/i0.wp.com\/ralupo.me\/wp-content\/uploads\/2023\/05\/IMG_7861-scaled.jpeg?fit=1200%2C900&ssl=1&resize=700%2C400 2x, https:\/\/i0.wp.com\/ralupo.me\/wp-content\/uploads\/2023\/05\/IMG_7861-scaled.jpeg?fit=1200%2C900&ssl=1&resize=1050%2C600 3x"},"classes":[]},{"id":13129,"url":"https:\/\/ralupo.me\/en\/archive\/13129","url_meta":{"origin":9863,"position":5},"title":"&#8220;Barwinka&#8221; geht auch 2024 wieder auf Tour","author":"Lupo","date":"8. January 2024","format":false,"excerpt":"[:de] \"Barwinka\", der kleine ukrainische Krankenwagen aus Derhatschi, geht auch 2024 wieder auf Tour. Bereits im vergangenen Jahr war der von russischen Truppen beschossene Krankenwagen in fast 30 St\u00e4dten in Deutschland und in Br\u00fcssel zu sehen. Ank\u00fcndigung: Barwinka kommt wieder nach M\u00fcnchen, 12.-18. Februar 24 F\u00fcr die 2024 aufgelegte Tour\u2026","rel":"","context":"In &quot;Ukraine&quot;","block_context":{"text":"Ukraine","link":"https:\/\/ralupo.me\/en\/archive\/category\/ukraine"},"img":{"alt_text":"","src":"https:\/\/i0.wp.com\/ralupo.me\/wp-content\/uploads\/2023\/07\/d8ef5078-b0a9-47d9-98a4-14059b0f9b58.jpeg?fit=1200%2C900&ssl=1&resize=350%2C200","width":350,"height":200,"srcset":"https:\/\/i0.wp.com\/ralupo.me\/wp-content\/uploads\/2023\/07\/d8ef5078-b0a9-47d9-98a4-14059b0f9b58.jpeg?fit=1200%2C900&ssl=1&resize=350%2C200 1x, https:\/\/i0.wp.com\/ralupo.me\/wp-content\/uploads\/2023\/07\/d8ef5078-b0a9-47d9-98a4-14059b0f9b58.jpeg?fit=1200%2C900&ssl=1&resize=525%2C300 1.5x, https:\/\/i0.wp.com\/ralupo.me\/wp-content\/uploads\/2023\/07\/d8ef5078-b0a9-47d9-98a4-14059b0f9b58.jpeg?fit=1200%2C900&ssl=1&resize=700%2C400 2x, https:\/\/i0.wp.com\/ralupo.me\/wp-content\/uploads\/2023\/07\/d8ef5078-b0a9-47d9-98a4-14059b0f9b58.jpeg?fit=1200%2C900&ssl=1&resize=1050%2C600 3x"},"classes":[]}],"jetpack_shortlink":"https:\/\/wp.me\/pcanHs-2z5","_links":{"self":[{"href":"https:\/\/ralupo.me\/en\/wp-json\/wp\/v2\/posts\/9863","targetHints":{"allow":["GET"]}}],"collection":[{"href":"https:\/\/ralupo.me\/en\/wp-json\/wp\/v2\/posts"}],"about":[{"href":"https:\/\/ralupo.me\/en\/wp-json\/wp\/v2\/types\/post"}],"author":[{"embeddable":true,"href":"https:\/\/ralupo.me\/en\/wp-json\/wp\/v2\/users\/1"}],"replies":[{"embeddable":true,"href":"https:\/\/ralupo.me\/en\/wp-json\/wp\/v2\/comments?post=9863"}],"version-history":[{"count":6,"href":"https:\/\/ralupo.me\/en\/wp-json\/wp\/v2\/posts\/9863\/revisions"}],"predecessor-version":[{"id":10021,"href":"https:\/\/ralupo.me\/en\/wp-json\/wp\/v2\/posts\/9863\/revisions\/10021"}],"wp:featuredmedia":[{"embeddable":true,"href":"https:\/\/ralupo.me\/en\/wp-json\/wp\/v2\/media\/9952"}],"wp:attachment":[{"href":"https:\/\/ralupo.me\/en\/wp-json\/wp\/v2\/media?parent=9863"}],"wp:term":[{"taxonomy":"category","embeddable":true,"href":"https:\/\/ralupo.me\/en\/wp-json\/wp\/v2\/categories?post=9863"},{"taxonomy":"post_tag","embeddable":true,"href":"https:\/\/ralupo.me\/en\/wp-json\/wp\/v2\/tags?post=9863"}],"curies":[{"name":"wp","href":"https:\/\/api.w.org\/{rel}","templated":true}]}}