{"id":9553,"date":"2023-02-08T14:40:59","date_gmt":"2023-02-08T13:40:59","guid":{"rendered":"https:\/\/ralupo.me\/?p=9553"},"modified":"2023-02-08T14:51:01","modified_gmt":"2023-02-08T13:51:01","slug":"ukrainische-fluechtlinge-haben-anspruch-auf-fiktionsbescheinigung","status":"publish","type":"post","link":"https:\/\/ralupo.me\/en\/archive\/9553","title":{"rendered":"Ukrainische Fl\u00fcchtlinge haben Anspruch auf Fiktionsbescheinigung"},"content":{"rendered":"<span class=\"span-reading-time rt-reading-time\" style=\"display: block;\"><span class=\"rt-label rt-prefix\">Lesedauer<\/span> <span class=\"rt-time\"> &lt; 1<\/span> <span class=\"rt-label rt-postfix\">Minute<\/span><\/span>\n<p class=\"wp-block-paragraph\">In einem Verfahren am Verwaltungsgerichtshof (VGH) Mannheim, hatte dieser nach zwischenzeitlicher Erledigung der Streitsache noch \u00fcber die Kosten zu entscheiden. In der Kostenentscheidung hat der VGH festgestellt, dass Fl\u00fcchtlinge aus der Ukraine, die sich bis zum 24.02.2022 dort aufgehalten haben, einen Anspruch darauf haben, dass ihnen eine Fiktionsbescheinigung erteilt wird. Daher muss die Beklagte die Kosten tragen.<\/p>\n\n\n\n<blockquote class=\"wp-block-quote is-layout-flow wp-block-quote-is-layout-flow\">\n<p class=\"wp-block-paragraph\">Denn den Antragstellerinnen war die begehrte Bescheinigung \u00fcber die Fiktion des erlaubten Aufenthalts und der erlaubten Erwerbst\u00e4tigkeit nach \u00a7 81 Abs. 5, Abs. 5a i. V. mit Abs. 3 AufenthG wohl im Anschluss an die Stellung ihrer Antr\u00e4ge auf Erlass von Aufenthaltserlaubnissen nach \u00a7 24 AufenthG zu erteilen. Insbesondere hielten sich die Antragstellerinnen im Zeitpunkt der Antragstellung unter Zugrundelegung ihres glaubhaften Vorbringens bei summarischer Pr\u00fcfung gem\u00e4\u00df \u00a7 2 Abs. 1 UkraineAufenth\u00dcV vom 07.03.2022 (BAnz AT 08.03.2022 V 1, i. d. F. des Art. 1 VO v. 26.4.2022, BAnz AT 03.05.2022 V 1) erlaubt im Bundesgebiet auf. Denn die genannte Vorschrift setzt f\u00fcr einen erlaubten Aufenthalt lediglich voraus, dass sich der bzw. die unter Geltung dieser Verordnung in das Bundesgebiet eingereiste Ausl\u00e4nder bzw. Ausl\u00e4nderin (bei dem bzw. der es sich nicht um einen ukrainischen Staatsangeh\u00f6rigen bzw. um eine ukrainische Staatsangeh\u00f6rige handeln muss) am 24.02.2022 in der Ukraine aufgehalten hat. Das Vorliegen dieser Voraussetzung haben die Antragstellerinnen bereits im Rahmen der Antragstellung beim Verwaltungsgericht dargetan.<\/p>\n<\/blockquote>\n\n\n\n<p class=\"wp-block-paragraph\">(gefunden <a href=\"https:\/\/www.asyl.net\/rsdb\/m30820\">bei Asyl.net<\/a>)<\/p>\n\n\n\n<p class=\"wp-block-paragraph\"> <\/p>\n","protected":false},"excerpt":{"rendered":"<p>In einem Verfahren am Verwaltungsgerichtshof (VGH) Mannheim, hatte dieser nach zwischenzeitlicher Erledigung der Streitsache noch \u00fcber die Kosten zu entscheiden. In der Kostenentscheidung hat der VGH festgestellt, dass Fl\u00fcchtlinge aus der Ukraine, die sich bis zum 24.02.2022 dort aufgehalten haben, einen Anspruch darauf haben, dass ihnen eine Fiktionsbescheinigung erteilt wird. Daher muss die Beklagte die Kosten tragen.<\/p>\n","protected":false},"author":1,"featured_media":5453,"comment_status":"open","ping_status":"open","sticky":false,"template":"","format":"standard","meta":{"_crdt_document":"","advanced_seo_description":"","jetpack_seo_html_title":"","jetpack_seo_noindex":false,"_EventAllDay":false,"_EventTimezone":"","_EventStartDate":"","_EventEndDate":"","_EventStartDateUTC":"","_EventEndDateUTC":"","_EventShowMap":false,"_EventShowMapLink":false,"_EventURL":"","_EventCost":"","_EventCostDescription":"","_EventCurrencySymbol":"","_EventCurrencyCode":"","_EventCurrencyPosition":"","_EventDateTimeSeparator":"","_EventTimeRangeSeparator":"","_EventOrganizerID":[],"_EventVenueID":[],"_OrganizerEmail":"","_OrganizerPhone":"","_OrganizerWebsite":"","_VenueAddress":"","_VenueCity":"","_VenueCountry":"","_VenueProvince":"","_VenueState":"","_VenueZip":"","_VenuePhone":"","_VenueURL":"","_VenueStateProvince":"","_VenueLat":"","_VenueLng":"","_VenueShowMap":false,"_VenueShowMapLink":false,"jetpack_post_was_ever_published":false,"_jetpack_newsletter_access":"","_jetpack_dont_email_post_to_subs":false,"_jetpack_newsletter_tier_id":0,"_jetpack_memberships_contains_paywalled_content":false,"_jetpack_memberships_contains_paid_content":false,"footnotes":""},"categories":[724,692],"tags":[642,609,25],"class_list":["post-9553","post","type-post","status-publish","format-standard","has-post-thumbnail","hentry","category-europa","category-ukraine","tag-fluechtlinge","tag-deutschland","tag-ukraine"],"jetpack_featured_media_url":"https:\/\/i0.wp.com\/ralupo.me\/wp-content\/uploads\/2022\/06\/EC6A4F72-582E-451E-ADBA-FDF3A8EEF958-scaled.jpeg?fit=2560%2C1920&ssl=1","jetpack_sharing_enabled":true,"jetpack-related-posts":[{"id":5498,"url":"https:\/\/ralupo.me\/en\/archive\/5498","url_meta":{"origin":9553,"position":0},"title":"Fakenews: Kein fr\u00fcherer Rentenbeginn f\u00fcr Fl\u00fcchtlinge aus der Ukraine","author":"Lupo","date":"15. June 2022","format":false,"excerpt":"[:de] In den sozialen Netzwerken kursieren Falschbehauptungen \u00fcber Sozialleistungen f\u00fcr ukrainische Fl\u00fcchtlinge. Wer die streut und warum kann sich jeder selbst denken. Eine dieser Falschmeldungen: Ukrainische Fl\u00fcchtlinge bek\u00e4men in Deutschland fr\u00fcher Rente als andere. Das stimmt aber gar nicht, wie die Deutsche Rentenversicherung klarstellt. Tats\u00e4chlich ist das Gegenteil der Fall.\u2026","rel":"","context":"In &quot;Politik&quot;","block_context":{"text":"Politik","link":"https:\/\/ralupo.me\/en\/archive\/category\/politik"},"img":{"alt_text":"","src":"https:\/\/i0.wp.com\/ralupo.me\/wp-content\/uploads\/2022\/06\/9F6FBA9C-9EA6-4C28-BB3E-EBA7ADA7869E.jpeg?fit=1200%2C901&ssl=1&resize=350%2C200","width":350,"height":200,"srcset":"https:\/\/i0.wp.com\/ralupo.me\/wp-content\/uploads\/2022\/06\/9F6FBA9C-9EA6-4C28-BB3E-EBA7ADA7869E.jpeg?fit=1200%2C901&ssl=1&resize=350%2C200 1x, https:\/\/i0.wp.com\/ralupo.me\/wp-content\/uploads\/2022\/06\/9F6FBA9C-9EA6-4C28-BB3E-EBA7ADA7869E.jpeg?fit=1200%2C901&ssl=1&resize=525%2C300 1.5x, https:\/\/i0.wp.com\/ralupo.me\/wp-content\/uploads\/2022\/06\/9F6FBA9C-9EA6-4C28-BB3E-EBA7ADA7869E.jpeg?fit=1200%2C901&ssl=1&resize=700%2C400 2x, https:\/\/i0.wp.com\/ralupo.me\/wp-content\/uploads\/2022\/06\/9F6FBA9C-9EA6-4C28-BB3E-EBA7ADA7869E.jpeg?fit=1200%2C901&ssl=1&resize=1050%2C600 3x"},"classes":[]},{"id":5233,"url":"https:\/\/ralupo.me\/en\/archive\/5233","url_meta":{"origin":9553,"position":1},"title":"Ab 24. Mai 2022 k\u00f6nnen Hryvnia-Banknoten in Euro getauscht werden","author":"Lupo","date":"23. May 2022","format":false,"excerpt":"[:de] Ab dem 24 Mai 2022 k\u00f6nnen ukrainische Kriegsfl\u00fcchtlinge Banknoten ihrer heimischen Hrywnja in EURO umtauschen. Das teilte Bundesfinanzministerium heute mit. Demnach haben das Bundesministerium der Finanzen und die Deutsche Bundesbank eine Vereinbarung mit der Nationalbank der Ukraine \u00fcber ein Umtauschvolumen von zun\u00e4chst 1,5 Mrd. Hryvnia unterzeichnet. Die Vereinbarung ist\u2026","rel":"","context":"In &quot;Ukraine&quot;","block_context":{"text":"Ukraine","link":"https:\/\/ralupo.me\/en\/archive\/category\/ukraine"},"img":{"alt_text":"","src":"https:\/\/i0.wp.com\/ralupo.me\/wp-content\/uploads\/2022\/05\/C01880DE-5CF6-4CE1-A933-F631713022E5-scaled.jpeg?fit=1200%2C900&ssl=1&resize=350%2C200","width":350,"height":200,"srcset":"https:\/\/i0.wp.com\/ralupo.me\/wp-content\/uploads\/2022\/05\/C01880DE-5CF6-4CE1-A933-F631713022E5-scaled.jpeg?fit=1200%2C900&ssl=1&resize=350%2C200 1x, https:\/\/i0.wp.com\/ralupo.me\/wp-content\/uploads\/2022\/05\/C01880DE-5CF6-4CE1-A933-F631713022E5-scaled.jpeg?fit=1200%2C900&ssl=1&resize=525%2C300 1.5x, https:\/\/i0.wp.com\/ralupo.me\/wp-content\/uploads\/2022\/05\/C01880DE-5CF6-4CE1-A933-F631713022E5-scaled.jpeg?fit=1200%2C900&ssl=1&resize=700%2C400 2x, https:\/\/i0.wp.com\/ralupo.me\/wp-content\/uploads\/2022\/05\/C01880DE-5CF6-4CE1-A933-F631713022E5-scaled.jpeg?fit=1200%2C900&ssl=1&resize=1050%2C600 3x"},"classes":[]},{"id":4068,"url":"https:\/\/ralupo.me\/en\/archive\/4068","url_meta":{"origin":9553,"position":2},"title":"EU Kampagne sammelt 10,1 Milliarden Euro f\u00fcr ukrainische Fl\u00fcchtlinge","author":"Lupo","date":"10. April 2022","format":false,"excerpt":"[:de] Im Rahmen der weltweiten Spendenaktion \"Stand Up for Ukraine\" wurden 9,1 Mrd. EUR f\u00fcr Menschen gesammelt, die vor der russischen Invasion in der Ukraine und im Ausland fliehen, darunter 1 Mrd. EUR von der Europ\u00e4ischen Kommission. Dar\u00fcber hinaus hat die Europ\u00e4ische Bank f\u00fcr Wiederaufbau und Entwicklung ein zus\u00e4tzliches Darlehen\u2026","rel":"","context":"In &quot;Ukraine&quot;","block_context":{"text":"Ukraine","link":"https:\/\/ralupo.me\/en\/archive\/category\/ukraine"},"img":{"alt_text":"","src":"https:\/\/i0.wp.com\/ralupo.me\/wp-content\/uploads\/2022\/04\/P057241-277396-scaled.jpg?fit=1200%2C800&ssl=1&resize=350%2C200","width":350,"height":200,"srcset":"https:\/\/i0.wp.com\/ralupo.me\/wp-content\/uploads\/2022\/04\/P057241-277396-scaled.jpg?fit=1200%2C800&ssl=1&resize=350%2C200 1x, https:\/\/i0.wp.com\/ralupo.me\/wp-content\/uploads\/2022\/04\/P057241-277396-scaled.jpg?fit=1200%2C800&ssl=1&resize=525%2C300 1.5x, https:\/\/i0.wp.com\/ralupo.me\/wp-content\/uploads\/2022\/04\/P057241-277396-scaled.jpg?fit=1200%2C800&ssl=1&resize=700%2C400 2x, https:\/\/i0.wp.com\/ralupo.me\/wp-content\/uploads\/2022\/04\/P057241-277396-scaled.jpg?fit=1200%2C800&ssl=1&resize=1050%2C600 3x"},"classes":[]},{"id":10778,"url":"https:\/\/ralupo.me\/en\/archive\/10778","url_meta":{"origin":9553,"position":3},"title":"Deutsch-Ukrainisches Filmprojekt in M\u00fcnchen: \u201cMy Heavy Weapon\u201c","author":"Lupo","date":"19. October 2023","format":false,"excerpt":"[:de]W\u00e4hrend der russische Krieg in der Ukraine tobt, wird in M\u00fcnchen ein ukrainischer Spielfilm, n\u00e4mlich das Drama \u201eMy Heavy Weapon\u201c, gedreht. Dieses ehrenamtliche Filmprojekt der ukrainischen Regisseurin Daria Onyshchenko basiert auf wahren Geschichten von ukrainischen Fl\u00fcchtlingen und Aktivisten in M\u00fcnchen. Das Filmteam selbst besteht ebenfalls aus ukrainischen und deutschen Aktivisten\u2026","rel":"","context":"In &quot;Ukraine&quot;","block_context":{"text":"Ukraine","link":"https:\/\/ralupo.me\/en\/archive\/category\/ukraine"},"img":{"alt_text":"","src":"https:\/\/i0.wp.com\/ralupo.me\/wp-content\/uploads\/2023\/10\/IMG_4410_jpg-1-scaled.jpeg?fit=1200%2C900&ssl=1&resize=350%2C200","width":350,"height":200,"srcset":"https:\/\/i0.wp.com\/ralupo.me\/wp-content\/uploads\/2023\/10\/IMG_4410_jpg-1-scaled.jpeg?fit=1200%2C900&ssl=1&resize=350%2C200 1x, https:\/\/i0.wp.com\/ralupo.me\/wp-content\/uploads\/2023\/10\/IMG_4410_jpg-1-scaled.jpeg?fit=1200%2C900&ssl=1&resize=525%2C300 1.5x, https:\/\/i0.wp.com\/ralupo.me\/wp-content\/uploads\/2023\/10\/IMG_4410_jpg-1-scaled.jpeg?fit=1200%2C900&ssl=1&resize=700%2C400 2x, https:\/\/i0.wp.com\/ralupo.me\/wp-content\/uploads\/2023\/10\/IMG_4410_jpg-1-scaled.jpeg?fit=1200%2C900&ssl=1&resize=1050%2C600 3x"},"classes":[]},{"id":3824,"url":"https:\/\/ralupo.me\/en\/archive\/3824","url_meta":{"origin":9553,"position":4},"title":"Teddys als Symbol f\u00fcr 135 get\u00f6tete Kinder in der Ukraine","author":"Lupo","date":"27. March 2022","format":false,"excerpt":"[:de] Mit 135 Teddyb\u00e4ren auf dem K\u00f6lner Roncalliplatz hat der Verein Blau-Gelbes-Kreuz auf die seit dem 24. Februar 2022 durch den russischen Angriffskrieg get\u00f6teten Kinder in der Ukraine aufmerksam gemacht. Jeder der B\u00e4ren trug einen Namen und den Todestag eines Kindes. Die Vereinsvorsitzende Linda Mai sagte zu Beginn \"Heute ist\u2026","rel":"","context":"In &quot;Ukraine&quot;","block_context":{"text":"Ukraine","link":"https:\/\/ralupo.me\/en\/archive\/category\/ukraine"},"img":{"alt_text":"","src":"https:\/\/i0.wp.com\/ralupo.me\/wp-content\/uploads\/2022\/03\/CF283F99-EB71-4950-A8C6-41E2A7BBD484-scaled.jpeg?fit=1200%2C900&ssl=1&resize=350%2C200","width":350,"height":200,"srcset":"https:\/\/i0.wp.com\/ralupo.me\/wp-content\/uploads\/2022\/03\/CF283F99-EB71-4950-A8C6-41E2A7BBD484-scaled.jpeg?fit=1200%2C900&ssl=1&resize=350%2C200 1x, https:\/\/i0.wp.com\/ralupo.me\/wp-content\/uploads\/2022\/03\/CF283F99-EB71-4950-A8C6-41E2A7BBD484-scaled.jpeg?fit=1200%2C900&ssl=1&resize=525%2C300 1.5x, https:\/\/i0.wp.com\/ralupo.me\/wp-content\/uploads\/2022\/03\/CF283F99-EB71-4950-A8C6-41E2A7BBD484-scaled.jpeg?fit=1200%2C900&ssl=1&resize=700%2C400 2x, https:\/\/i0.wp.com\/ralupo.me\/wp-content\/uploads\/2022\/03\/CF283F99-EB71-4950-A8C6-41E2A7BBD484-scaled.jpeg?fit=1200%2C900&ssl=1&resize=1050%2C600 3x"},"classes":[]},{"id":5616,"url":"https:\/\/ralupo.me\/en\/archive\/5616","url_meta":{"origin":9553,"position":5},"title":"&#8220;Krieg in der Ukraine im \u00f6ffentlichen Bewusstsein halten&#8221;","author":"Lupo","date":"1. July 2022","format":false,"excerpt":"[:de] Unter dem Motto \"Nicht Nachlassen. Solidarit\u00e4t mit der Ukraine\" haben die Jugendorganisationen Jusos, Junge Liberale, Junge Union und die Jungen Europ\u00e4er zu einer Kundgebung am Mannheimer Paradeplatz aufgerufen. Mehrere Hundert Menschen, darunter viele Fl\u00fcchtlinge aus der Ukraine, sind dem Aufruf gefolgt. \"Wir sind hier, weil in der Ukraine Krieg\u2026","rel":"","context":"In &quot;Ukraine&quot;","block_context":{"text":"Ukraine","link":"https:\/\/ralupo.me\/en\/archive\/category\/ukraine"},"img":{"alt_text":"","src":"https:\/\/i0.wp.com\/ralupo.me\/wp-content\/uploads\/2022\/07\/87E92AD0-A644-4D9F-A16A-72F0C8C3863F-scaled.jpeg?fit=1200%2C900&ssl=1&resize=350%2C200","width":350,"height":200,"srcset":"https:\/\/i0.wp.com\/ralupo.me\/wp-content\/uploads\/2022\/07\/87E92AD0-A644-4D9F-A16A-72F0C8C3863F-scaled.jpeg?fit=1200%2C900&ssl=1&resize=350%2C200 1x, https:\/\/i0.wp.com\/ralupo.me\/wp-content\/uploads\/2022\/07\/87E92AD0-A644-4D9F-A16A-72F0C8C3863F-scaled.jpeg?fit=1200%2C900&ssl=1&resize=525%2C300 1.5x, https:\/\/i0.wp.com\/ralupo.me\/wp-content\/uploads\/2022\/07\/87E92AD0-A644-4D9F-A16A-72F0C8C3863F-scaled.jpeg?fit=1200%2C900&ssl=1&resize=700%2C400 2x, https:\/\/i0.wp.com\/ralupo.me\/wp-content\/uploads\/2022\/07\/87E92AD0-A644-4D9F-A16A-72F0C8C3863F-scaled.jpeg?fit=1200%2C900&ssl=1&resize=1050%2C600 3x"},"classes":[]}],"jetpack_shortlink":"https:\/\/wp.me\/pcanHs-2u5","_links":{"self":[{"href":"https:\/\/ralupo.me\/en\/wp-json\/wp\/v2\/posts\/9553","targetHints":{"allow":["GET"]}}],"collection":[{"href":"https:\/\/ralupo.me\/en\/wp-json\/wp\/v2\/posts"}],"about":[{"href":"https:\/\/ralupo.me\/en\/wp-json\/wp\/v2\/types\/post"}],"author":[{"embeddable":true,"href":"https:\/\/ralupo.me\/en\/wp-json\/wp\/v2\/users\/1"}],"replies":[{"embeddable":true,"href":"https:\/\/ralupo.me\/en\/wp-json\/wp\/v2\/comments?post=9553"}],"version-history":[{"count":0,"href":"https:\/\/ralupo.me\/en\/wp-json\/wp\/v2\/posts\/9553\/revisions"}],"wp:featuredmedia":[{"embeddable":true,"href":"https:\/\/ralupo.me\/en\/wp-json\/wp\/v2\/media\/5453"}],"wp:attachment":[{"href":"https:\/\/ralupo.me\/en\/wp-json\/wp\/v2\/media?parent=9553"}],"wp:term":[{"taxonomy":"category","embeddable":true,"href":"https:\/\/ralupo.me\/en\/wp-json\/wp\/v2\/categories?post=9553"},{"taxonomy":"post_tag","embeddable":true,"href":"https:\/\/ralupo.me\/en\/wp-json\/wp\/v2\/tags?post=9553"}],"curies":[{"name":"wp","href":"https:\/\/api.w.org\/{rel}","templated":true}]}}