{"id":9412,"date":"2022-12-31T18:17:07","date_gmt":"2022-12-31T17:17:07","guid":{"rendered":"https:\/\/ralupo.me\/?p=9412"},"modified":"2024-03-03T21:12:28","modified_gmt":"2024-03-03T20:12:28","slug":"talli","status":"publish","type":"post","link":"https:\/\/ralupo.me\/en\/archive\/9412","title":{"rendered":"Silvester in Tallinn, Estland"},"content":{"rendered":"<span class=\"span-reading-time rt-reading-time\" style=\"display: block;\"><span class=\"rt-label rt-prefix\">Lesedauer<\/span> <span class=\"rt-time\"> 3<\/span> <span class=\"rt-label rt-postfix\">Minuten<\/span><\/span>\n\n<div class=\"wp-block-columns jetpack-paywall-simple is-layout-flex wp-container-core-columns-is-layout-5fb07882 wp-block-columns-is-layout-flex\" style=\"display: inline-block; width: 90%\">\n    \n    <div class=\"wp-block-column is-layout-flow wp-block-column-is-layout-flow\" style=\"background-color: #F6F7F7; padding: 32px; 24px;\">\n        \n        <h2 class=\"has-text-align-center wp-block-heading\" style=\"margin: 0 0 12px; font-weight: 600;\">Subscribe to keep reading<\/h2>\n        \n        \n        <p class=\"has-text-align-center wp-block-paragraph\"\n           style=\"text-align: center;\n                  color: #50575E;\n                  font-weight: 400;\n                  font-size: 16px;\n                  font-family: 'SF Pro Text', sans-serif;\n                  line-height: 28.8px;\">\n        Become a paid subscriber to get access to the rest of this post and other exclusive content.\n        <\/p>\n        \n        \n        <div class=\"wp-block-buttons is-layout-flex wp-block-buttons-is-layout-flex\" style=\"text-align: center;\">\n            \n            <div class=\"wp-block-button\" style=\"display: inline-block; margin: 10px 0; border-style: none; padding: 0;\">\n                <a href=\"https:\/\/ralupo.me\/en\/?post_type=post&#038;p=9412\" class=\"wp-block-button__link wp-element-button\"\n                   data-wpcom-track data-tracks-link-desc=\"paywall-email-click\"\n                   style=\"display: inline-block;\n                          padding: 12px 15px;\n                          background-color: #3858e9;\n                          color: #FFFFFF;\n                          text-decoration: none;\n                          border-radius: 5px;\n                          font-family: 'SF Pro Display', sans-serif;\n                          font-weight: 500;\n                          font-size: 16px;\n                          text-align: center;\">Subscribe<\/a>\n            <\/div>\n            \n        <\/div>\n        \n    <\/div>\n    \n<\/div>\n\n","protected":false},"excerpt":{"rendered":"<p>Tallinn ist die gr\u00f6\u00dfte Stadt Estlands und hat knapp 500.000 Einwohner. Sie liegt etwa 80km s\u00fcdlich von Helsinki am finnischen Meerbusen der Ostsee. ie Stadtgr\u00fcndung geht zur\u00fcck ins 11. Jahrhundert, als eine h\u00f6lzerne Burg auf dem heutigen Domberg errichtet wurde und der Hafen Tallinns angelegt wurde. Bis 1918, zur Gr\u00fcndung der von Russland unabh\u00e4ngigen Estnischen Republik hie\u00df die heutige Hauptstadt Estlands Reval.<\/p>\n","protected":false},"author":1,"featured_media":9416,"comment_status":"open","ping_status":"open","sticky":false,"template":"","format":"standard","meta":{"_crdt_document":"","advanced_seo_description":"","jetpack_seo_html_title":"","jetpack_seo_noindex":false,"_EventAllDay":false,"_EventTimezone":"","_EventStartDate":"","_EventEndDate":"","_EventStartDateUTC":"","_EventEndDateUTC":"","_EventShowMap":false,"_EventShowMapLink":false,"_EventURL":"","_EventCost":"","_EventCostDescription":"","_EventCurrencySymbol":"","_EventCurrencyCode":"","_EventCurrencyPosition":"","_EventDateTimeSeparator":"","_EventTimeRangeSeparator":"","_EventOrganizerID":[],"_EventVenueID":[],"_OrganizerEmail":"","_OrganizerPhone":"","_OrganizerWebsite":"","_VenueAddress":"","_VenueCity":"","_VenueCountry":"","_VenueProvince":"","_VenueState":"","_VenueZip":"","_VenuePhone":"","_VenueURL":"","_VenueStateProvince":"","_VenueLat":"","_VenueLng":"","_VenueShowMap":false,"_VenueShowMapLink":false,"jetpack_post_was_ever_published":false,"_jetpack_newsletter_access":"subscribers","_jetpack_dont_email_post_to_subs":false,"_jetpack_newsletter_tier_id":0,"_jetpack_memberships_contains_paywalled_content":false,"_jetpack_memberships_contains_paid_content":false,"footnotes":""},"categories":[724,21],"tags":[639,745,615,535],"class_list":["post-9412","post","type-post","status-publish","format-standard","has-post-thumbnail","hentry","category-europa","category-travel","tag-baltikum","tag-estland","tag-osteuropa","tag-travel"],"jetpack_featured_media_url":"https:\/\/i0.wp.com\/ralupo.me\/wp-content\/uploads\/2022\/12\/1B5BF86E-B906-4F78-8272-96B67D12BAE5-scaled.jpeg?fit=2560%2C1920&ssl=1","jetpack_sharing_enabled":true,"jetpack-related-posts":[{"id":9998,"url":"https:\/\/ralupo.me\/en\/archive\/9998","url_meta":{"origin":9412,"position":0},"title":"An der Au\u00dfengrenze: Narva","author":"Lupo","date":"28. May 2023","format":false,"excerpt":"[:de]Die Grenze zwischen Narva, auf estnischer Seite, und dem russischen Ivangorod, markiert eine historisch bedeutende Trennlinie zwischen Estland und Russland. Die Grenze erstreckt sich hier entlang des Flusses Narva, der eine nat\u00fcrliche Grenze zwischen den beiden L\u00e4ndern bildet.[:]","rel":"","context":"In &quot;Teilnehmende Beobachtung&quot;","block_context":{"text":"Teilnehmende Beobachtung","link":"https:\/\/ralupo.me\/en\/archive\/category\/teilnehmende-beobachtung"},"img":{"alt_text":"","src":"https:\/\/i0.wp.com\/ralupo.me\/wp-content\/uploads\/2023\/05\/IMG_8300-scaled.jpeg?fit=1200%2C900&ssl=1&resize=350%2C200","width":350,"height":200,"srcset":"https:\/\/i0.wp.com\/ralupo.me\/wp-content\/uploads\/2023\/05\/IMG_8300-scaled.jpeg?fit=1200%2C900&ssl=1&resize=350%2C200 1x, https:\/\/i0.wp.com\/ralupo.me\/wp-content\/uploads\/2023\/05\/IMG_8300-scaled.jpeg?fit=1200%2C900&ssl=1&resize=525%2C300 1.5x, https:\/\/i0.wp.com\/ralupo.me\/wp-content\/uploads\/2023\/05\/IMG_8300-scaled.jpeg?fit=1200%2C900&ssl=1&resize=700%2C400 2x, https:\/\/i0.wp.com\/ralupo.me\/wp-content\/uploads\/2023\/05\/IMG_8300-scaled.jpeg?fit=1200%2C900&ssl=1&resize=1050%2C600 3x"},"classes":[]},{"id":8908,"url":"https:\/\/ralupo.me\/en\/archive\/8908","url_meta":{"origin":9412,"position":1},"title":"Estland schr\u00e4nkt Vergabe von Schengen-Visa f\u00fcr russische Touristen ein.","author":"Lupo","date":"12. August 2022","format":false,"excerpt":"[:de] Die Regierung von Estland hat die Vergabe von Schengen-Visa f\u00fcr russische Staatsb\u00fcrger eingeschr\u00e4nkt. Das gab die Regierung in Tallinn am Freitag Nachmittag bekannt. Seit Tagen wird in der EU \u00fcber Einreisebeschr\u00e4nkungen, insbesondere f\u00fcr russische Touristen diskutiert. \u201eWir haben einen enormen Anstieg der Zahl der russischen B\u00fcrger gesehen, die nach\u2026","rel":"","context":"In &quot;Europa&quot;","block_context":{"text":"Europa","link":"https:\/\/ralupo.me\/en\/archive\/category\/europa"},"img":{"alt_text":"","src":"https:\/\/i0.wp.com\/ralupo.me\/wp-content\/uploads\/2022\/06\/F875DE9E-7676-4356-914E-145352D59EA3-scaled.jpeg?fit=1200%2C900&ssl=1&resize=350%2C200","width":350,"height":200,"srcset":"https:\/\/i0.wp.com\/ralupo.me\/wp-content\/uploads\/2022\/06\/F875DE9E-7676-4356-914E-145352D59EA3-scaled.jpeg?fit=1200%2C900&ssl=1&resize=350%2C200 1x, https:\/\/i0.wp.com\/ralupo.me\/wp-content\/uploads\/2022\/06\/F875DE9E-7676-4356-914E-145352D59EA3-scaled.jpeg?fit=1200%2C900&ssl=1&resize=525%2C300 1.5x, https:\/\/i0.wp.com\/ralupo.me\/wp-content\/uploads\/2022\/06\/F875DE9E-7676-4356-914E-145352D59EA3-scaled.jpeg?fit=1200%2C900&ssl=1&resize=700%2C400 2x, https:\/\/i0.wp.com\/ralupo.me\/wp-content\/uploads\/2022\/06\/F875DE9E-7676-4356-914E-145352D59EA3-scaled.jpeg?fit=1200%2C900&ssl=1&resize=1050%2C600 3x"},"classes":[]},{"id":9440,"url":"https:\/\/ralupo.me\/en\/archive\/9440","url_meta":{"origin":9412,"position":2},"title":"Radisson Blu Collection: Tallinn","author":"Lupo","date":"1. January 2023","format":false,"excerpt":"[:de]Als ich 2015 das letzte Mal hier war, hie\u00df es noch Radisson Blu Sky. Das Hotel ist in einem der h\u00f6chsten Hochh\u00e4user der Stadt untergebracht. Nun hat man es renoviert und in die Reihe der Collection-H\u00e4user aufgenommen[:]","rel":"","context":"In &quot;Travel&quot;","block_context":{"text":"Travel","link":"https:\/\/ralupo.me\/en\/archive\/category\/travel"},"img":{"alt_text":"","src":"https:\/\/i0.wp.com\/ralupo.me\/wp-content\/uploads\/2023\/01\/4FD69B03-69E5-474C-9B53-0DCACFB00DB3-scaled.jpeg?fit=1200%2C900&ssl=1&resize=350%2C200","width":350,"height":200,"srcset":"https:\/\/i0.wp.com\/ralupo.me\/wp-content\/uploads\/2023\/01\/4FD69B03-69E5-474C-9B53-0DCACFB00DB3-scaled.jpeg?fit=1200%2C900&ssl=1&resize=350%2C200 1x, https:\/\/i0.wp.com\/ralupo.me\/wp-content\/uploads\/2023\/01\/4FD69B03-69E5-474C-9B53-0DCACFB00DB3-scaled.jpeg?fit=1200%2C900&ssl=1&resize=525%2C300 1.5x, https:\/\/i0.wp.com\/ralupo.me\/wp-content\/uploads\/2023\/01\/4FD69B03-69E5-474C-9B53-0DCACFB00DB3-scaled.jpeg?fit=1200%2C900&ssl=1&resize=700%2C400 2x, https:\/\/i0.wp.com\/ralupo.me\/wp-content\/uploads\/2023\/01\/4FD69B03-69E5-474C-9B53-0DCACFB00DB3-scaled.jpeg?fit=1200%2C900&ssl=1&resize=1050%2C600 3x"},"classes":[]},{"id":10330,"url":"https:\/\/ralupo.me\/en\/archive\/10330","url_meta":{"origin":9412,"position":3},"title":"Die Meme-Krieger treffen sich in Vilnius zur NAFO Summit","author":"Lupo","date":"16. July 2023","format":false,"excerpt":"[:de]In der litauischen Hauptstadt Vilnius haben sich wenige Tage vor dem gro\u00dfen NATO-Gipfel die Mitglieder der NAFO zu einer ersten \"NAFO-Summit\" getroffen. Etwa 150 Mitglieder waren dem Aufruf des sogenannten \"Headquarter\" und des litauischen Pr\u00e4sidenten gefolgt und aus aller Welt, vornehmlich aus Europa und den USA und Kanada angereist.[:]","rel":"","context":"In &quot;Europa&quot;","block_context":{"text":"Europa","link":"https:\/\/ralupo.me\/en\/archive\/category\/europa"},"img":{"alt_text":"","src":"https:\/\/i0.wp.com\/ralupo.me\/wp-content\/uploads\/2023\/07\/IMG_0773-scaled.jpeg?fit=1200%2C900&ssl=1&resize=350%2C200","width":350,"height":200,"srcset":"https:\/\/i0.wp.com\/ralupo.me\/wp-content\/uploads\/2023\/07\/IMG_0773-scaled.jpeg?fit=1200%2C900&ssl=1&resize=350%2C200 1x, https:\/\/i0.wp.com\/ralupo.me\/wp-content\/uploads\/2023\/07\/IMG_0773-scaled.jpeg?fit=1200%2C900&ssl=1&resize=525%2C300 1.5x, https:\/\/i0.wp.com\/ralupo.me\/wp-content\/uploads\/2023\/07\/IMG_0773-scaled.jpeg?fit=1200%2C900&ssl=1&resize=700%2C400 2x, https:\/\/i0.wp.com\/ralupo.me\/wp-content\/uploads\/2023\/07\/IMG_0773-scaled.jpeg?fit=1200%2C900&ssl=1&resize=1050%2C600 3x"},"classes":[]},{"id":13001,"url":"https:\/\/ralupo.me\/en\/archive\/13001","url_meta":{"origin":9412,"position":4},"title":"Silvester in Moldau","author":"Lupo","date":"31. December 2023","format":false,"excerpt":"[:de] Letztes Jahr Silvester in Tallinn, dieses Jahr ging es in die Hauptstadt der Republik Moldau: Nach Chisinau. In der Republik Moldau, die \u00fcbrigens nichts mit dem gleichnamigen Fluss zu tun hat, leben circa 2,7 Millionen Menschen. Das kleine Land in Osteuropa grenzt an Rum\u00e4nien im Westen und die Ukraine\u2026","rel":"","context":"In &quot;Eastbound&quot;","block_context":{"text":"Eastbound","link":"https:\/\/ralupo.me\/en\/archive\/category\/eastbound"},"img":{"alt_text":"","src":"https:\/\/i0.wp.com\/ralupo.me\/wp-content\/uploads\/2023\/12\/IMG_7524-2.jpeg?fit=1200%2C900&ssl=1&resize=350%2C200","width":350,"height":200,"srcset":"https:\/\/i0.wp.com\/ralupo.me\/wp-content\/uploads\/2023\/12\/IMG_7524-2.jpeg?fit=1200%2C900&ssl=1&resize=350%2C200 1x, https:\/\/i0.wp.com\/ralupo.me\/wp-content\/uploads\/2023\/12\/IMG_7524-2.jpeg?fit=1200%2C900&ssl=1&resize=525%2C300 1.5x, https:\/\/i0.wp.com\/ralupo.me\/wp-content\/uploads\/2023\/12\/IMG_7524-2.jpeg?fit=1200%2C900&ssl=1&resize=700%2C400 2x, https:\/\/i0.wp.com\/ralupo.me\/wp-content\/uploads\/2023\/12\/IMG_7524-2.jpeg?fit=1200%2C900&ssl=1&resize=1050%2C600 3x"},"classes":[]},{"id":10810,"url":"https:\/\/ralupo.me\/en\/archive\/10810","url_meta":{"origin":9412,"position":5},"title":"&#8220;Vom Trauma einen unabh\u00e4ngigen Staat zu haben und ihn nicht zu haben&#8221;","author":"Lupo","date":"5. November 2023","format":false,"excerpt":"[:de]Ob man die durchgehende Psychopathologisierung gro\u00dfer Teile des europ\u00e4ischen Kontinents nun f\u00fcr \u00fcberzeugend h\u00e4lt oder nicht, werfen die Autoren mit ihrem Essay und dem Konzept der \u201ePosttraumatischen Souver\u00e4nit\u00e4t\u201c jedoch ein dringlich notwendiges Licht auf das Befinden unserer osteurop\u00e4ischen Nachbarn, deren Stimme in den vergangenen drei\u00dfig Jahren viel zu oft nicht\u2026","rel":"","context":"In &quot;Politik&quot;","block_context":{"text":"Politik","link":"https:\/\/ralupo.me\/en\/archive\/category\/politik"},"img":{"alt_text":"","src":"https:\/\/i0.wp.com\/ralupo.me\/wp-content\/uploads\/2023\/11\/IMG_3624-scaled.jpg?resize=350%2C200&ssl=1","width":350,"height":200,"srcset":"https:\/\/i0.wp.com\/ralupo.me\/wp-content\/uploads\/2023\/11\/IMG_3624-scaled.jpg?resize=350%2C200&ssl=1 1x, https:\/\/i0.wp.com\/ralupo.me\/wp-content\/uploads\/2023\/11\/IMG_3624-scaled.jpg?resize=525%2C300&ssl=1 1.5x, https:\/\/i0.wp.com\/ralupo.me\/wp-content\/uploads\/2023\/11\/IMG_3624-scaled.jpg?resize=700%2C400&ssl=1 2x, https:\/\/i0.wp.com\/ralupo.me\/wp-content\/uploads\/2023\/11\/IMG_3624-scaled.jpg?resize=1050%2C600&ssl=1 3x, https:\/\/i0.wp.com\/ralupo.me\/wp-content\/uploads\/2023\/11\/IMG_3624-scaled.jpg?resize=1400%2C800&ssl=1 4x"},"classes":[]}],"jetpack_shortlink":"https:\/\/wp.me\/scanHs-talli","_links":{"self":[{"href":"https:\/\/ralupo.me\/en\/wp-json\/wp\/v2\/posts\/9412","targetHints":{"allow":["GET"]}}],"collection":[{"href":"https:\/\/ralupo.me\/en\/wp-json\/wp\/v2\/posts"}],"about":[{"href":"https:\/\/ralupo.me\/en\/wp-json\/wp\/v2\/types\/post"}],"author":[{"embeddable":true,"href":"https:\/\/ralupo.me\/en\/wp-json\/wp\/v2\/users\/1"}],"replies":[{"embeddable":true,"href":"https:\/\/ralupo.me\/en\/wp-json\/wp\/v2\/comments?post=9412"}],"version-history":[{"count":2,"href":"https:\/\/ralupo.me\/en\/wp-json\/wp\/v2\/posts\/9412\/revisions"}],"predecessor-version":[{"id":13773,"href":"https:\/\/ralupo.me\/en\/wp-json\/wp\/v2\/posts\/9412\/revisions\/13773"}],"wp:featuredmedia":[{"embeddable":true,"href":"https:\/\/ralupo.me\/en\/wp-json\/wp\/v2\/media\/9416"}],"wp:attachment":[{"href":"https:\/\/ralupo.me\/en\/wp-json\/wp\/v2\/media?parent=9412"}],"wp:term":[{"taxonomy":"category","embeddable":true,"href":"https:\/\/ralupo.me\/en\/wp-json\/wp\/v2\/categories?post=9412"},{"taxonomy":"post_tag","embeddable":true,"href":"https:\/\/ralupo.me\/en\/wp-json\/wp\/v2\/tags?post=9412"}],"curies":[{"name":"wp","href":"https:\/\/api.w.org\/{rel}","templated":true}]}}