{"id":9370,"date":"2022-12-11T17:07:03","date_gmt":"2022-12-11T16:07:03","guid":{"rendered":"https:\/\/ralupo.me\/?p=9370"},"modified":"2022-12-11T18:10:45","modified_gmt":"2022-12-11T17:10:45","slug":"ploetzlich-und-unerwartet","status":"publish","type":"post","link":"https:\/\/ralupo.me\/en\/archive\/9370","title":{"rendered":"Pl\u00f6tzlich und unerwartet"},"content":{"rendered":"<span class=\"span-reading-time rt-reading-time\" style=\"display: block;\"><span class=\"rt-label rt-prefix\">Lesedauer<\/span> <span class=\"rt-time\"> 2<\/span> <span class=\"rt-label rt-postfix\">Minuten<\/span><\/span>\n<h5 class=\"wp-block-heading\">In seinem Newsletter<a rel=\"noreferrer noopener\" href=\"https:\/\/steadyhq.com\/de\/nminkmar\/posts\/a48c333a-04de-43a1-993d-e890c8071542\" target=\"_blank\"> &#8220;Der siebte Tag&#8221;<\/a> blickt der Journalist <em>Nils Ninkmar<\/em> zum Jahresende zur\u00fcck auf das vergangene Jahr, in dem der \u00dcberfall Russlands auf die Ukraine Deutschland aus seiner verblendeten Selbstgewissheit herausgerissen hat. <\/h5>\n\n\n\n<p class=\"wp-block-paragraph\">Es ist noch gar nicht so lange her, da <\/p>\n\n\n\n<blockquote class=\"wp-block-quote is-layout-flow wp-block-quote-is-layout-flow\">\n<p class=\"wp-block-paragraph\">galten&nbsp;<em>Nordstream 2<\/em>&nbsp;als sinnvolles Projekt, Putin als Staatsmann und Berlin war der unangefochtene politische und wirtschaftliche &nbsp;Mittelpunkt Europas.&nbsp;<br><\/p>\n<\/blockquote>\n\n\n\n<p class=\"wp-block-paragraph\">Diese Gewissheiten sind am 24. Februar 2022 als jahrelanger Selbstbetrug enttarnt. Nat\u00fcrlich war Nordstream 2 niemals ein &#8220;rein privatwirtschaftliches Projekt&#8221; und nat\u00fcrlich setzt Putin sein Gas und seine Energie als Waffe ein.<\/p>\n\n\n\n<blockquote class=\"wp-block-quote is-layout-flow wp-block-quote-is-layout-flow\">\n<p class=\"wp-block-paragraph\">&#8230; siehe da, Putin und seiner Clique waren das Geld, die Handelsbeziehungen und der Respekt der Anderen weniger wert als ihre Ideologie. Darauf war aber niemand vorbereitet<\/p>\n<\/blockquote>\n\n\n\n<p class=\"wp-block-paragraph\">Dass niemand darauf vorbereitet war, ist das wirklich Emp\u00f6rende. Denn Putin hat aus seiner Verachtung f\u00fcr die ukrainische Staatlichkeit und sein imperialistisches Verlangen keinen Hehl gemacht. Sp\u00e4testens seit er sein hobbyhistorisches Essay &#8220;<em><strong>Zur historischen Einheit von Russen und Ukrainern<\/strong><\/em>&#8221; ver\u00f6ffentlich hat, lagen die Karten auf dem Tisch. Und vor den Gefahren, die Nordstream 2 barg, haben Osteuropa-Experten und allen voran unsere osteurop\u00e4ischen Nachbarn, gewarnt. Man h\u00e4tte nur mal hinh\u00f6ren m\u00fcssen. Stattdessen haben Kevin K\u00fchnert, Olaf Scholz und wie sie alle hie\u00dfen bis zuletzt den Selbstbetrug aufrecht erhalten. <\/p>\n\n\n<div class=\"vlp-link-container vlp-template-default wp-block-visual-link-preview-link\">\n\t<a href=\"https:\/\/ralupo.me\/kevin-fordert-frieden\/\" class=\"vlp-link\" title=\"Kevin fordert Frieden\" rel=\"nofollow\" target=\"_blank\"><\/a>\t\t<div class=\"vlp-link-image-container\">\n\t\t<div class=\"vlp-link-image\">\n\t\t\t<img data-recalc-dims=\"1\" decoding=\"async\" src=\"https:\/\/i0.wp.com\/ralupo.me\/wp-content\/uploads\/2022\/01\/img_0294-scaled.jpg?ssl=1\" style=\"max-width: 150px; max-height: 150px\" \/>\t\t<\/div>\n\t<\/div>\n\t\t<div class=\"vlp-link-text-container\">\n\t\t\t\t<div class=\"vlp-link-title\">\n\t\t\tKevin fordert Frieden\t\t<\/div>\n\t\t\t\t\t\t<div class=\"vlp-link-summary\">\n\t\t\tDer SPD-Generalsekret\u00e4r Kevin K\u00fchnert hat sich in einem Interview mit der Agentur Reuters f\u00fcr ein Ende der Diskussion um die umstrittene Gaspipeline \u201cNordstr\t\t<\/div>\n\t\t\t<\/div>\n<\/div>\n\n\n\n<p class=\"wp-block-paragraph\">Wobei sich bei Olaf Scholz, der im Sommer pl\u00f6tzlich kundtat \u201eIch war mir immer sicher, dass er das tun w\u00fcrde\u201c die Frage stellt, welche Konsequenzen er daraus gezogen hat, war er doch im letzten Kabinett Vizekanzler und jetzt Bundeskanzler. <\/p>\n\n\n<div class=\"vlp-link-container vlp-template-default wp-block-visual-link-preview-link\">\n\t<a href=\"https:\/\/www.welt.de\/politik\/deutschland\/article241555437\/Scholz-ueber-Putin-Die-nutzt-der-russische-Praesident-als-Waffe-Ich-war-mir-immer-sicher-dass-er-das-tun-wuerde.html\" class=\"vlp-link\" title=\"Scholz \u00fcber Putin: \u201eDie nutzt der russische Pr\u00e4sident als Waffe. Ich war mir immer sicher, dass er das tun w\u00fcrde\u201c - WELT\" rel=\"nofollow\" target=\"_blank\"><\/a>\t\t<div class=\"vlp-link-image-container\">\n\t\t<div class=\"vlp-link-image\">\n\t\t\t<img data-recalc-dims=\"1\" decoding=\"async\" src=\"https:\/\/i0.wp.com\/img.welt.de\/img\/wirtschaft\/mobile241549095\/8161352577-ci16x9-w1200\/13-Deutscher-Maschinenbaugipfel.jpg?ssl=1\" style=\"max-width: 150px; max-height: 150px\" \/>\t\t<\/div>\n\t<\/div>\n\t\t<div class=\"vlp-link-text-container\">\n\t\t\t\t<div class=\"vlp-link-title\">\n\t\t\tScholz \u00fcber Putin: \u201eDie nutzt der russische Pr\u00e4sident als Waffe. Ich war mir immer sicher, dass er das tun w\u00fcrde\u201c &#8211; WELT\t\t<\/div>\n\t\t\t\t\t\t<div class=\"vlp-link-summary\">\n\t\t\tOlaf Scholz will Russlands Erpressungen mit Gas vorausgesehen haben \u2013 \u201eals die Allermeisten das nicht f\u00fcr wahrscheinlich gehalten haben\u201c, sagte er. Allerdings verteidigte der Bundeskanzler zur gleichen Zeit die Pipeline Nord Stream 2.\t\t<\/div>\n\t\t\t<\/div>\n<\/div>\n\n\n\n<p class=\"wp-block-paragraph\">Das kommende Jahr sollte Gelegenheit geben, das Versagen der Verantwortlichen aufzuarbeiten. Und es w\u00e4re an der Zeit, dass die Bundesregierung endlich wieder als Gestalter auftritt, denn als Verwalter des Status quo den Ereignissen hinterherzurennen. <\/p>\n","protected":false},"excerpt":{"rendered":"<p>Das kommende Jahr sollte Gelegenheit geben, das Versagen der Verantwortlichen aufzuarbeiten. Und es w\u00e4re an der Zeit, dass die Bundesregierung endlich wieder als Gestalter auftritt, denn als Verwalter des Status quo den Ereignissen hinterherzurennen.<\/p>\n","protected":false},"author":1,"featured_media":8818,"comment_status":"open","ping_status":"open","sticky":false,"template":"","format":"standard","meta":{"_crdt_document":"","advanced_seo_description":"","jetpack_seo_html_title":"","jetpack_seo_noindex":false,"_EventAllDay":false,"_EventTimezone":"","_EventStartDate":"","_EventEndDate":"","_EventStartDateUTC":"","_EventEndDateUTC":"","_EventShowMap":false,"_EventShowMapLink":false,"_EventURL":"","_EventCost":"","_EventCostDescription":"","_EventCurrencySymbol":"","_EventCurrencyCode":"","_EventCurrencyPosition":"","_EventDateTimeSeparator":"","_EventTimeRangeSeparator":"","_EventOrganizerID":[],"_EventVenueID":[],"_OrganizerEmail":"","_OrganizerPhone":"","_OrganizerWebsite":"","_VenueAddress":"","_VenueCity":"","_VenueCountry":"","_VenueProvince":"","_VenueState":"","_VenueZip":"","_VenuePhone":"","_VenueURL":"","_VenueStateProvince":"","_VenueLat":"","_VenueLng":"","_VenueShowMap":false,"_VenueShowMapLink":false,"jetpack_post_was_ever_published":false,"_jetpack_newsletter_access":"","_jetpack_dont_email_post_to_subs":false,"_jetpack_newsletter_tier_id":0,"_jetpack_memberships_contains_paywalled_content":false,"_jetpack_memberships_contains_paid_content":false,"footnotes":""},"categories":[724,693],"tags":[436,315,25],"class_list":["post-9370","post","type-post","status-publish","format-standard","has-post-thumbnail","hentry","category-europa","category-politik","tag-krieg","tag-politik","tag-ukraine"],"jetpack_featured_media_url":"https:\/\/i0.wp.com\/ralupo.me\/wp-content\/uploads\/2022\/07\/2FA83BFE-4312-4CA9-BBF9-46769F6AB75C-scaled.jpeg?fit=2560%2C1920&ssl=1","jetpack_sharing_enabled":true,"jetpack-related-posts":[{"id":323,"url":"https:\/\/ralupo.me\/en\/archive\/323","url_meta":{"origin":9370,"position":0},"title":"&#8220;Crimea is Ukraine&#8221;","author":"Lupo","date":"31. July 2020","format":false,"excerpt":"[:de] Die Botschaft der Ukraine\u00a0\ud83c\uddfa\ud83c\udde6\u00a0hat auf Facebook einen Kampagnentag unter dem Hashtag\u00a0#CrimeaIsUkraine\u00a0promotet, den ich gerne unterst\u00fctze. So soll an die Annexion der Halbinsel Krim vor sechs Jahren erinnert werden. https:\/\/www.facebook.com\/UkrBotschaftBerlin\/posts\/3212612282159506 So gerne ich auch nach Russland reise - aber die Vorg\u00e4nge auf der Krim im Jahre 2014 waren in der\u2026","rel":"","context":"In &quot;Ukraine&quot;","block_context":{"text":"Ukraine","link":"https:\/\/ralupo.me\/en\/archive\/category\/ukraine"},"img":{"alt_text":"","src":"https:\/\/i0.wp.com\/ralupo.me\/wp-content\/uploads\/2020\/07\/ABFB963B-B71B-411A-A300-AD2367071131.jpeg?fit=1200%2C675&ssl=1&resize=350%2C200","width":350,"height":200,"srcset":"https:\/\/i0.wp.com\/ralupo.me\/wp-content\/uploads\/2020\/07\/ABFB963B-B71B-411A-A300-AD2367071131.jpeg?fit=1200%2C675&ssl=1&resize=350%2C200 1x, https:\/\/i0.wp.com\/ralupo.me\/wp-content\/uploads\/2020\/07\/ABFB963B-B71B-411A-A300-AD2367071131.jpeg?fit=1200%2C675&ssl=1&resize=525%2C300 1.5x, https:\/\/i0.wp.com\/ralupo.me\/wp-content\/uploads\/2020\/07\/ABFB963B-B71B-411A-A300-AD2367071131.jpeg?fit=1200%2C675&ssl=1&resize=700%2C400 2x, https:\/\/i0.wp.com\/ralupo.me\/wp-content\/uploads\/2020\/07\/ABFB963B-B71B-411A-A300-AD2367071131.jpeg?fit=1200%2C675&ssl=1&resize=1050%2C600 3x"},"classes":[]},{"id":13734,"url":"https:\/\/ralupo.me\/en\/archive\/13734","url_meta":{"origin":9370,"position":1},"title":"\u201eEs gibt bei uns immer noch Politiker die glauben, man k\u00f6nnte das B\u00f6se bes\u00e4nftigen\u201c","author":"Lupo","date":"25. February 2024","format":false,"excerpt":"[:de] Zum zweiten Jahrestag des russischen Gro\u00dfangriffs sind weltweit Zehntausende Menschen auf die Stra\u00dfen gegangen, um gegen die russische Aggression gegen das Nachbarland zu demonstrieren und an die Kriegsverbrechen zu erinnern. In Deutschland gab es u.a. in Hamburg, D\u00fcsseldorf, K\u00f6ln, Mainz, Frankfurt, Dresden und M\u00fcnchen Gro\u00dfkundgebungen. Putin zur Verantwortung ziehen\u2026","rel":"","context":"In &quot;Politik&quot;","block_context":{"text":"Politik","link":"https:\/\/ralupo.me\/en\/archive\/category\/politik"},"img":{"alt_text":"","src":"https:\/\/i0.wp.com\/ralupo.me\/wp-content\/uploads\/2024\/02\/IMG_9910-scaled.jpeg?fit=1200%2C900&ssl=1&resize=350%2C200","width":350,"height":200,"srcset":"https:\/\/i0.wp.com\/ralupo.me\/wp-content\/uploads\/2024\/02\/IMG_9910-scaled.jpeg?fit=1200%2C900&ssl=1&resize=350%2C200 1x, https:\/\/i0.wp.com\/ralupo.me\/wp-content\/uploads\/2024\/02\/IMG_9910-scaled.jpeg?fit=1200%2C900&ssl=1&resize=525%2C300 1.5x, https:\/\/i0.wp.com\/ralupo.me\/wp-content\/uploads\/2024\/02\/IMG_9910-scaled.jpeg?fit=1200%2C900&ssl=1&resize=700%2C400 2x, https:\/\/i0.wp.com\/ralupo.me\/wp-content\/uploads\/2024\/02\/IMG_9910-scaled.jpeg?fit=1200%2C900&ssl=1&resize=1050%2C600 3x"},"classes":[]},{"id":2904,"url":"https:\/\/ralupo.me\/en\/archive\/2904","url_meta":{"origin":9370,"position":2},"title":"30 Jahre diplomatische Beziehungen","author":"Lupo","date":"17. January 2022","format":false,"excerpt":"Es w\u00e4re eine passende Gelegenheit gewesen: Am 17. Januar 1992 nahmen die Bundesrepublik und die unabh\u00e4ngig gewordenen Ukraine diplomatische Beziehungen auf. https:\/\/twitter.com\/MFA_Ukraine\/status\/1483102725911064586?s=20 Zum 30. Jahrestag weilte heute die deutsche Au\u00dfenministerin in Kyiv zu Gast, mitten in einer der gr\u00f6\u00dften europ\u00e4ischen sicherheitspolitischen Krise seit dem zweiten Weltkrieg. Im Vorfeld des Besuchs\u2026","rel":"","context":"In &quot;Eastbound&quot;","block_context":{"text":"Eastbound","link":"https:\/\/ralupo.me\/en\/archive\/category\/eastbound"},"img":{"alt_text":"","src":"https:\/\/i0.wp.com\/ralupo.me\/wp-content\/uploads\/2020\/08\/img_4864-scaled.jpg?fit=1200%2C900&ssl=1&resize=350%2C200","width":350,"height":200,"srcset":"https:\/\/i0.wp.com\/ralupo.me\/wp-content\/uploads\/2020\/08\/img_4864-scaled.jpg?fit=1200%2C900&ssl=1&resize=350%2C200 1x, https:\/\/i0.wp.com\/ralupo.me\/wp-content\/uploads\/2020\/08\/img_4864-scaled.jpg?fit=1200%2C900&ssl=1&resize=525%2C300 1.5x, https:\/\/i0.wp.com\/ralupo.me\/wp-content\/uploads\/2020\/08\/img_4864-scaled.jpg?fit=1200%2C900&ssl=1&resize=700%2C400 2x, https:\/\/i0.wp.com\/ralupo.me\/wp-content\/uploads\/2020\/08\/img_4864-scaled.jpg?fit=1200%2C900&ssl=1&resize=1050%2C600 3x"},"classes":[]},{"id":15054,"url":"https:\/\/ralupo.me\/en\/archive\/15054","url_meta":{"origin":9370,"position":3},"title":"Alexandr Osipian: Der Donbass, 1991\u20132014","author":"Lupo","date":"3. August 2025","format":false,"excerpt":"[:de] Alexandr Osipian beleuchtet in einem umfangreichen und detaillierten Aufsatz in der Zeitschrift Osteuropa die komplexen gesellschaftlichen und politischen Entwicklungen im ukrainischen Donbass zwischen der Unabh\u00e4ngigkeit 1991 und dem bewaffneten Aufstand 2014. Dabei zeichnet er nach, wie aus einer stolzen sowjetischen Industrieregion ein Schauplatz separatistischer Gewalt werden konnte. Zerbrochene Identit\u00e4t\u2026","rel":"","context":"In &quot;Ukraine&quot;","block_context":{"text":"Ukraine","link":"https:\/\/ralupo.me\/en\/archive\/category\/ukraine"},"img":{"alt_text":"","src":"https:\/\/i0.wp.com\/ralupo.me\/wp-content\/uploads\/2024\/01\/IMG_8474_jpg-scaled.jpeg?fit=1200%2C900&ssl=1&resize=350%2C200","width":350,"height":200,"srcset":"https:\/\/i0.wp.com\/ralupo.me\/wp-content\/uploads\/2024\/01\/IMG_8474_jpg-scaled.jpeg?fit=1200%2C900&ssl=1&resize=350%2C200 1x, https:\/\/i0.wp.com\/ralupo.me\/wp-content\/uploads\/2024\/01\/IMG_8474_jpg-scaled.jpeg?fit=1200%2C900&ssl=1&resize=525%2C300 1.5x, https:\/\/i0.wp.com\/ralupo.me\/wp-content\/uploads\/2024\/01\/IMG_8474_jpg-scaled.jpeg?fit=1200%2C900&ssl=1&resize=700%2C400 2x, https:\/\/i0.wp.com\/ralupo.me\/wp-content\/uploads\/2024\/01\/IMG_8474_jpg-scaled.jpeg?fit=1200%2C900&ssl=1&resize=1050%2C600 3x"},"classes":[]},{"id":1545,"url":"https:\/\/ralupo.me\/en\/archive\/1545","url_meta":{"origin":9370,"position":4},"title":"Richtiges Gedenken","author":"Lupo","date":"18. June 2021","format":false,"excerpt":"Zum 80. Jahrestag des \u00dcberfalls auf die Sowjetunion wird in einer Gedenkveranstaltung erinnert. Der ukrainische Botschafter fehlt.","rel":"","context":"In &quot;Teilnehmende Beobachtung&quot;","block_context":{"text":"Teilnehmende Beobachtung","link":"https:\/\/ralupo.me\/en\/archive\/category\/teilnehmende-beobachtung"},"img":{"alt_text":"","src":"https:\/\/i0.wp.com\/ralupo.me\/wp-content\/uploads\/2021\/06\/img_0601-scaled.jpg?fit=1200%2C900&ssl=1&resize=350%2C200","width":350,"height":200,"srcset":"https:\/\/i0.wp.com\/ralupo.me\/wp-content\/uploads\/2021\/06\/img_0601-scaled.jpg?fit=1200%2C900&ssl=1&resize=350%2C200 1x, https:\/\/i0.wp.com\/ralupo.me\/wp-content\/uploads\/2021\/06\/img_0601-scaled.jpg?fit=1200%2C900&ssl=1&resize=525%2C300 1.5x, https:\/\/i0.wp.com\/ralupo.me\/wp-content\/uploads\/2021\/06\/img_0601-scaled.jpg?fit=1200%2C900&ssl=1&resize=700%2C400 2x, https:\/\/i0.wp.com\/ralupo.me\/wp-content\/uploads\/2021\/06\/img_0601-scaled.jpg?fit=1200%2C900&ssl=1&resize=1050%2C600 3x"},"classes":[]},{"id":14311,"url":"https:\/\/ralupo.me\/en\/archive\/14311","url_meta":{"origin":9370,"position":5},"title":"Aufruf zum \u201eTag der deutschen Einheit &#038; Tag der Ukrainischen Verteidiger &#8211; Gemeinsam Frieden in Europa&#8221;","author":"Lupo","date":"27. September 2024","format":false,"excerpt":"[:de] Vereine und Aktivisten aus dem Raum M\u00fcnchen, darunter Fellas for Europe e.V., M\u00fcnchen hilft Ukraine e.V. und das Ukrainische Kulturelle Integrationsprojekt SVOl laden am 03.10.2024 ab 15 Uhr auf dem M\u00fcnchener Marienplatz zu der Veranstaltung \"Tag der deutschen Einheit & Tag der Ukrainischen Verteidiger - Gemeinsam Frieden in Europa\"\u2026","rel":"","context":"In &quot;Fellas4EU&quot;","block_context":{"text":"Fellas4EU","link":"https:\/\/ralupo.me\/en\/archive\/category\/fellas4eu"},"img":{"alt_text":"","src":"https:\/\/i0.wp.com\/ralupo.me\/wp-content\/uploads\/2024\/02\/IMG_9535-scaled.jpeg?fit=1200%2C900&ssl=1&resize=350%2C200","width":350,"height":200,"srcset":"https:\/\/i0.wp.com\/ralupo.me\/wp-content\/uploads\/2024\/02\/IMG_9535-scaled.jpeg?fit=1200%2C900&ssl=1&resize=350%2C200 1x, https:\/\/i0.wp.com\/ralupo.me\/wp-content\/uploads\/2024\/02\/IMG_9535-scaled.jpeg?fit=1200%2C900&ssl=1&resize=525%2C300 1.5x, https:\/\/i0.wp.com\/ralupo.me\/wp-content\/uploads\/2024\/02\/IMG_9535-scaled.jpeg?fit=1200%2C900&ssl=1&resize=700%2C400 2x, https:\/\/i0.wp.com\/ralupo.me\/wp-content\/uploads\/2024\/02\/IMG_9535-scaled.jpeg?fit=1200%2C900&ssl=1&resize=1050%2C600 3x"},"classes":[]}],"jetpack_shortlink":"https:\/\/wp.me\/pcanHs-2r8","_links":{"self":[{"href":"https:\/\/ralupo.me\/en\/wp-json\/wp\/v2\/posts\/9370","targetHints":{"allow":["GET"]}}],"collection":[{"href":"https:\/\/ralupo.me\/en\/wp-json\/wp\/v2\/posts"}],"about":[{"href":"https:\/\/ralupo.me\/en\/wp-json\/wp\/v2\/types\/post"}],"author":[{"embeddable":true,"href":"https:\/\/ralupo.me\/en\/wp-json\/wp\/v2\/users\/1"}],"replies":[{"embeddable":true,"href":"https:\/\/ralupo.me\/en\/wp-json\/wp\/v2\/comments?post=9370"}],"version-history":[{"count":0,"href":"https:\/\/ralupo.me\/en\/wp-json\/wp\/v2\/posts\/9370\/revisions"}],"wp:featuredmedia":[{"embeddable":true,"href":"https:\/\/ralupo.me\/en\/wp-json\/wp\/v2\/media\/8818"}],"wp:attachment":[{"href":"https:\/\/ralupo.me\/en\/wp-json\/wp\/v2\/media?parent=9370"}],"wp:term":[{"taxonomy":"category","embeddable":true,"href":"https:\/\/ralupo.me\/en\/wp-json\/wp\/v2\/categories?post=9370"},{"taxonomy":"post_tag","embeddable":true,"href":"https:\/\/ralupo.me\/en\/wp-json\/wp\/v2\/tags?post=9370"}],"curies":[{"name":"wp","href":"https:\/\/api.w.org\/{rel}","templated":true}]}}