{"id":707,"date":"2020-08-19T15:19:30","date_gmt":"2020-08-19T15:19:30","guid":{"rendered":"https:\/\/ralupo.me\/?p=707"},"modified":"2024-01-26T19:35:44","modified_gmt":"2024-01-26T18:35:44","slug":"eu-erkennt-wahlergebnis-in-belarus-nicht-an","status":"publish","type":"post","link":"https:\/\/ralupo.me\/en\/archive\/707","title":{"rendered":"EU erkennt Wahlergebnis in Belarus nicht an."},"content":{"rendered":"<span class=\"span-reading-time rt-reading-time\" style=\"display: block;\"><span class=\"rt-label rt-prefix\">Lesedauer<\/span> <span class=\"rt-time\"> 2<\/span> <span class=\"rt-label rt-postfix\">Minuten<\/span><\/span>\n<p class=\"wp-block-paragraph\"><strong>Die EU erkennt das Ergebnis der Pr\u00e4sidentschaftswahlen in Belarus nicht an, da die Wahlen weder frei noch fair waren, so das Ergebnis is der Videokonferenz vom heutigen Mittwoch. (vgl. auch die&nbsp;<\/strong>Schlussfolgerungen zum Sondergipfel<strong>)<\/strong><strong>. Ferner will die EU zus\u00e4tzliche 53 Mio. Euro f\u00fcr die Menschen in Belarus mobilisieren. Eine Million davon f\u00fcr Zivilgesellschaft und unabh\u00e4ngige Medien zwei Mio. Euro f\u00fcr die Opfer von Repression und Gewalt und 50 Mio. Euro f\u00fcr die St\u00e4rkung des Gesundheitssektors in der Corona-Pandemie.<\/strong><\/p>\n\n\n\n<p class=\"wp-block-paragraph\">\u201eDie Menschen von Belarus wollen Ver\u00e4nderung. Und sie wollen sie jetzt. Sie fordern die Freilassung aller unrechtm\u00e4\u00dfig Inhaftierten und die strafrechtliche Verfolgung der Verantwortlichen f\u00fcr die Polizeibrutalit\u00e4t. Sie wollen Demokratie und neue Pr\u00e4sidentschaftswahlen. Die EU steht an der Seite des belarussischen Volkes\u201c, so Kommissionspr\u00e4sidentin von der Leyen bei einer gemeinsamen Pressekonferenz mit EU-Ratspr\u00e4sident Charles Michel im Anschluss an die Videotagung.<\/p>\n\n\n\n<blockquote class=\"wp-block-quote has-text-align-left is-style-large is-layout-flow wp-block-quote-is-layout-flow\"><p>\u201eWir sind beeindruckt vom Mut des Volkes von Belarus. Wir werden all diejenigen mit Sanktionen belegen, die f\u00fcr Gewalt, Repressionen und die F\u00e4lschung der Wahlergebnisse verantwortlich sind.\u201c<\/p><cite>EU-Kommissionspr\u00e4sidentin von der Leyen <\/cite><\/blockquote>\n\n\n\n<p class=\"wp-block-paragraph\">Die Staats- und Regierungschefs waren sich bei ihrer Videotagung einig dar\u00fcber, dass zielgerichtete Sanktionen gegen Personen verh\u00e4ngt werden sollten, die f\u00fcr Gewalt und Wahlmanipulation verantwortlich sind, ohne das belarussische Volk als Ganzes zu bestrafen. Die Arbeit an entsprechenden Listen wurde aufgenommen und wird nach gr\u00fcndlicher Pr\u00fcfung sobald wie m\u00f6glich verabschiedet.<\/p>\n\n\n\n<p class=\"wp-block-paragraph\">Ursula von der Leyen machte weiter klar, wie wichtig die Unterst\u00fctzung der EU f\u00fcr die Bev\u00f6lkerung in Belarus ist: \u201eEs ist nun wichtiger denn je auch f\u00fcr das belarussische Volk da zu sein und Gelder umzuprogrammieren; weg von den Beh\u00f6rden hin zu zivilgesellschaftlichen und schutzbed\u00fcrftigen Gruppen.\u201c<\/p>\n\n\n\n<p class=\"wp-block-paragraph\">Weiter betonte die Kommissionspr\u00e4sidentin wie wichtig es sei, die Kommunikation mit den belarussischen Beh\u00f6rden offen zu halten, um weitere Gewalt zu verhindern und den Dialog zwischen Regierung und Opposition zu f\u00f6rdern. Die EU unterst\u00fctzt hierbei die Rolle der OSZE, die Kommunikationswege innerhalb Belarus er\u00f6ffnen k\u00f6nnte.<\/p>\n\n\n\n<p class=\"wp-block-paragraph\"><strong>Die Schlussfolgerungen des Rates sind auf den&nbsp;Seiten des Rates&nbsp;abrufbar.<\/strong><\/p>\n\n\n\n<hr class=\"wp-block-separator\"\/>\n\n\n\n<p class=\"wp-block-paragraph\">Am Morgen hatte die Pr\u00e4sidentschaftskandidaten der Opposition in einer Videobotschaft an die EU Regierungschefs appelliert, die Wahlen nicht anzuerkennen. <\/p>\n\n\n\n<figure class=\"wp-block-embed-youtube wp-block-embed is-type-video is-provider-youtube wp-embed-aspect-16-9 wp-has-aspect-ratio\"><div class=\"wp-block-embed__wrapper\">\n<iframe title=\"Address to European Council | \u041e\u0431\u0440\u0430\u0449\u0435\u043d\u0438\u0435 \u043a \u0415\u0432\u0440\u043e\u043f\u0435\u0439\u0441\u043a\u043e\u043c\u0443 \u0441\u043e\u0432\u0435\u0442\u0443\" width=\"500\" height=\"281\" src=\"https:\/\/www.youtube.com\/embed\/M-SWGYQZN1g?feature=oembed\" frameborder=\"0\" allow=\"accelerometer; autoplay; clipboard-write; encrypted-media; gyroscope; picture-in-picture; web-share\" referrerpolicy=\"strict-origin-when-cross-origin\" allowfullscreen><\/iframe>\n<\/div><\/figure>\n\n\n\n<div class=\"wp-block-uagb-blockquote uagb-blockquote__outer-wrap uagb-block-cd071db8\"><div class=\"uagb-blockquote__wrap uagb-blockquote__skin-border uagb-blockquote__with-tweet uagb-blockquote__tweet-style-classic uagb-blockquote__tweet-icon_text uagb-blockquote__stack-img-none\"><blockquote class=\"uagb-blockquote\"><div class=\"uagb-blockquote__content-wrap\"><div class=\"uagb-blockquote__content\">I call on you not to recognize these fraudulent elections. Mr. Lukashenko has lost all legitimacy in the eyes of our nation and the world. In order to facilitate a peaceful transition of power in my country, I have initiated the National Coordination Council of Belarus. It will lead the process of peaceful transition of power via dialogue.<\/div><footer><div class=\"uagb-blockquote__author-wrap uagb-blockquote__author-at-left\"><cite class=\"uagb-blockquote__author\">Svetlana Tichanovskaya Appeal to the European Council<\/cite><\/div><a href=\"\/\" class=\"uagb-blockquote__tweet-button\" target=\"_blank\" rel=\"noopener noreferrer\"><svg width=\"20\" height=\"20\" viewbox=\"0 0 512 512\"><path d=\"M459.37 151.716c.325 4.548.325 9.097.325 13.645 0 138.72-105.583 298.558-298.558 298.558-59.452 0-114.68-17.219-161.137-47.106 8.447.974 16.568 1.299 25.34 1.299 49.055 0 94.213-16.568 130.274-44.832-46.132-.975-84.792-31.188-98.112-72.772 6.498.974 12.995 1.624 19.818 1.624 9.421 0 18.843-1.3 27.614-3.573-48.081-9.747-84.143-51.98-84.143-102.985v-1.299c13.969 7.797 30.214 12.67 47.431 13.319-28.264-18.843-46.781-51.005-46.781-87.391 0-19.492 5.197-37.36 14.294-52.954 51.655 63.675 129.3 105.258 216.365 109.807-1.624-7.797-2.599-15.918-2.599-24.04 0-57.828 46.782-104.934 104.934-104.934 30.213 0 57.502 12.67 76.67 33.137 23.715-4.548 46.456-13.32 66.599-25.34-7.798 24.366-24.366 44.833-46.132 57.827 21.117-2.273 41.584-8.122 60.426-16.243-14.292 20.791-32.161 39.308-52.628 54.253z\"><\/path><\/svg><span class=\"uagb-blockquote__tweet-label\">Tweet<\/span><\/a><\/footer><\/div><\/blockquote><\/div><\/div>\n","protected":false},"excerpt":{"rendered":"<p>Die EU erkennt das Ergebnis der Pr\u00e4sidentschaftswahlen in Belarus nicht an, da die Wahlen weder frei noch fair waren, so das Ergebnis is der Videokonferenz vom heutigen Mittwoch. (vgl. auch [&hellip;]<\/p>\n","protected":false},"author":1,"featured_media":686,"comment_status":"open","ping_status":"open","sticky":false,"template":"","format":"standard","meta":{"_crdt_document":"","advanced_seo_description":"","jetpack_seo_html_title":"","jetpack_seo_noindex":false,"_EventAllDay":false,"_EventTimezone":"","_EventStartDate":"","_EventEndDate":"","_EventStartDateUTC":"","_EventEndDateUTC":"","_EventShowMap":false,"_EventShowMapLink":false,"_EventURL":"","_EventCost":"","_EventCostDescription":"","_EventCurrencySymbol":"","_EventCurrencyCode":"","_EventCurrencyPosition":"","_EventDateTimeSeparator":"","_EventTimeRangeSeparator":"","_EventOrganizerID":[],"_EventVenueID":[],"_OrganizerEmail":"","_OrganizerPhone":"","_OrganizerWebsite":"","_VenueAddress":"","_VenueCity":"","_VenueCountry":"","_VenueProvince":"","_VenueState":"","_VenueZip":"","_VenuePhone":"","_VenueURL":"","_VenueStateProvince":"","_VenueLat":"","_VenueLng":"","_VenueShowMap":false,"_VenueShowMapLink":false,"jetpack_post_was_ever_published":false,"_jetpack_newsletter_access":"","_jetpack_dont_email_post_to_subs":false,"_jetpack_newsletter_tier_id":0,"_jetpack_memberships_contains_paywalled_content":false,"_jetpack_memberships_contains_paid_content":false,"footnotes":""},"categories":[12],"tags":[322,384,324,408],"class_list":["post-707","post","type-post","status-publish","format-standard","has-post-thumbnail","hentry","category-teilnehmende-beobachtung","tag-belarus","tag-eu","tag-minsk","tag-wah"],"jetpack_featured_media_url":"https:\/\/i0.wp.com\/ralupo.me\/wp-content\/uploads\/2020\/08\/img_0807-scaled.jpg?fit=2560%2C1920&ssl=1","jetpack_sharing_enabled":true,"jetpack-related-posts":[{"id":684,"url":"https:\/\/ralupo.me\/en\/archive\/684","url_meta":{"origin":707,"position":0},"title":"Belarus: Kann sich Lukaschenka noch halten?","author":"Lupo","date":"16. August 2020","format":false,"excerpt":"[:de] +++Update (16:49 OEZ). Aktuell ist in sozialen Medien die Rede von bis zu 150.000 Menschen, die sich friedlich in Minsk versammelt haben, um f\u00fcr freie Wahlen und gegen Polizeigewalt zu demonstrieren. +++ Minsk, you are magnificent!\ud83e\udd0d\u2764\ufe0f\ud83e\udd0d#\u041b\u0443\u043a\u0430\u0448\u0435\u043d\u043a\u043e\u0423\u0445\u043e\u0434\u0438 #LukashenkoGoAway#Belarus pic.twitter.com\/YsRoQjwjyd\u2014 NEXTA (@nexta_tv) August 16, 2020 In Belarus stehen f\u00fcr heute wieder\u2026","rel":"","context":"In &quot;Eastbound&quot;","block_context":{"text":"Eastbound","link":"https:\/\/ralupo.me\/en\/archive\/category\/eastbound"},"img":{"alt_text":"","src":"https:\/\/i0.wp.com\/ralupo.me\/wp-content\/uploads\/2020\/08\/img_5982.jpg?fit=1200%2C799&ssl=1&resize=350%2C200","width":350,"height":200,"srcset":"https:\/\/i0.wp.com\/ralupo.me\/wp-content\/uploads\/2020\/08\/img_5982.jpg?fit=1200%2C799&ssl=1&resize=350%2C200 1x, https:\/\/i0.wp.com\/ralupo.me\/wp-content\/uploads\/2020\/08\/img_5982.jpg?fit=1200%2C799&ssl=1&resize=525%2C300 1.5x, https:\/\/i0.wp.com\/ralupo.me\/wp-content\/uploads\/2020\/08\/img_5982.jpg?fit=1200%2C799&ssl=1&resize=700%2C400 2x, https:\/\/i0.wp.com\/ralupo.me\/wp-content\/uploads\/2020\/08\/img_5982.jpg?fit=1200%2C799&ssl=1&resize=1050%2C600 3x"},"classes":[]},{"id":2402,"url":"https:\/\/ralupo.me\/en\/archive\/2402","url_meta":{"origin":707,"position":1},"title":"Maria Kalesnikava, Swetlana Tichanowskaja und Veronica Tsepkalo erhalten den Karlspreis 2022","author":"Lupo","date":"22. May 2021","format":false,"excerpt":"[:de] Der internationale Karlspreis zu Aachen geht an die belarussischen Oppositionspolitikerinnen Maria Kalesnikava, Swetlana Tichanowskaja und Veronica Tsepkalo. Mit der Auszeichnung wird ihr mutiger und ermutigender Einsatz auch f\u00fcr Freiheit, Demokratie und f\u00fcr die Aufrechterhaltung der Menschenrechte ausgezeichnet Maria Kalesnikava wurde wegen ihrer Opposition gegen das Regime zu elf Jahren\u2026","rel":"","context":"In &quot;Eastbound&quot;","block_context":{"text":"Eastbound","link":"https:\/\/ralupo.me\/en\/archive\/category\/eastbound"},"img":{"alt_text":"","src":"https:\/\/i0.wp.com\/ralupo.me\/wp-content\/uploads\/2020\/08\/img_8622-scaled.jpg?fit=1200%2C900&ssl=1&resize=350%2C200","width":350,"height":200,"srcset":"https:\/\/i0.wp.com\/ralupo.me\/wp-content\/uploads\/2020\/08\/img_8622-scaled.jpg?fit=1200%2C900&ssl=1&resize=350%2C200 1x, https:\/\/i0.wp.com\/ralupo.me\/wp-content\/uploads\/2020\/08\/img_8622-scaled.jpg?fit=1200%2C900&ssl=1&resize=525%2C300 1.5x, https:\/\/i0.wp.com\/ralupo.me\/wp-content\/uploads\/2020\/08\/img_8622-scaled.jpg?fit=1200%2C900&ssl=1&resize=700%2C400 2x, https:\/\/i0.wp.com\/ralupo.me\/wp-content\/uploads\/2020\/08\/img_8622-scaled.jpg?fit=1200%2C900&ssl=1&resize=1050%2C600 3x"},"classes":[]},{"id":3202,"url":"https:\/\/ralupo.me\/en\/archive\/3202","url_meta":{"origin":707,"position":2},"title":"Zahl politischer Gefangener in Belarus auf Rekordhoch","author":"Lupo","date":"3. February 2022","format":false,"excerpt":"Seit den Protesten gegen das gef\u00e4lschte Wahlergebnis vom August 2020 gehen die Beh\u00f6rden massiv gegen die Zivilbev\u00f6lkerung vor. Die Zahl politischer Gefangener hat ein neues Rekordhoch erreicht. Nach Auskunft der Menschenrechtsorganisation Vjasna befanden sich am 3. Februar 2022 mittlerweile 1.036 politische Gefangene in Haft in belarussischen Gef\u00e4ngnissen. Political prisoners in\u2026","rel":"","context":"In &quot;Eastbound&quot;","block_context":{"text":"Eastbound","link":"https:\/\/ralupo.me\/en\/archive\/category\/eastbound"},"img":{"alt_text":"","src":"https:\/\/i0.wp.com\/ralupo.me\/wp-content\/uploads\/2022\/02\/img_4248-scaled.jpg?fit=1200%2C900&ssl=1&resize=350%2C200","width":350,"height":200,"srcset":"https:\/\/i0.wp.com\/ralupo.me\/wp-content\/uploads\/2022\/02\/img_4248-scaled.jpg?fit=1200%2C900&ssl=1&resize=350%2C200 1x, https:\/\/i0.wp.com\/ralupo.me\/wp-content\/uploads\/2022\/02\/img_4248-scaled.jpg?fit=1200%2C900&ssl=1&resize=525%2C300 1.5x, https:\/\/i0.wp.com\/ralupo.me\/wp-content\/uploads\/2022\/02\/img_4248-scaled.jpg?fit=1200%2C900&ssl=1&resize=700%2C400 2x, https:\/\/i0.wp.com\/ralupo.me\/wp-content\/uploads\/2022\/02\/img_4248-scaled.jpg?fit=1200%2C900&ssl=1&resize=1050%2C600 3x"},"classes":[]},{"id":14587,"url":"https:\/\/ralupo.me\/en\/archive\/14587","url_meta":{"origin":707,"position":3},"title":"Keine OSCE-Beobachter zur Pr\u00e4sidentenwahl in Belarus","author":"Lupo","date":"9. January 2025","format":false,"excerpt":"[:de] Die Entscheidung der belarussischen Beh\u00f6rden, keine OSZE-Teilnehmerstaaten zur Beobachtung der Pr\u00e4sidentschaftswahl am 26. Januar einzuladen, wird vom B\u00fcro f\u00fcr Demokratische Institutionen und Menschenrechte der OSZE (ODIHR) sowie der Parlamentarischen Versammlung der OSZE (OSZE PA) in einer heutigen Erkl\u00e4rung bedauert. Diese Entscheidung verhindere eine unparteiische und unabh\u00e4ngige Bewertung des Wahlprozesses.\u2026","rel":"","context":"In &quot;Politik&quot;","block_context":{"text":"Politik","link":"https:\/\/ralupo.me\/en\/archive\/category\/politik"},"img":{"alt_text":"","src":"https:\/\/i0.wp.com\/ralupo.me\/wp-content\/uploads\/2022\/03\/0F1B988F-C17F-4D05-9EC8-2D9F557332DD-scaled.jpeg?fit=1200%2C900&ssl=1&resize=350%2C200","width":350,"height":200,"srcset":"https:\/\/i0.wp.com\/ralupo.me\/wp-content\/uploads\/2022\/03\/0F1B988F-C17F-4D05-9EC8-2D9F557332DD-scaled.jpeg?fit=1200%2C900&ssl=1&resize=350%2C200 1x, https:\/\/i0.wp.com\/ralupo.me\/wp-content\/uploads\/2022\/03\/0F1B988F-C17F-4D05-9EC8-2D9F557332DD-scaled.jpeg?fit=1200%2C900&ssl=1&resize=525%2C300 1.5x, https:\/\/i0.wp.com\/ralupo.me\/wp-content\/uploads\/2022\/03\/0F1B988F-C17F-4D05-9EC8-2D9F557332DD-scaled.jpeg?fit=1200%2C900&ssl=1&resize=700%2C400 2x, https:\/\/i0.wp.com\/ralupo.me\/wp-content\/uploads\/2022\/03\/0F1B988F-C17F-4D05-9EC8-2D9F557332DD-scaled.jpeg?fit=1200%2C900&ssl=1&resize=1050%2C600 3x"},"classes":[]},{"id":528,"url":"https:\/\/ralupo.me\/en\/archive\/528","url_meta":{"origin":707,"position":4},"title":"Meanwhile in Belarus","author":"Lupo","date":"9. August 2020","format":false,"excerpt":"[:de] Die Bilanz des Tages Lukashenko wurde nun offiziell zum Sieger erkl\u00e4rt, er soll mehr als 80% der Stimmen erhalten haben. Es gibt massive Wahlf\u00e4lschungsvorw\u00fcrfe. Im ganzen Land gab es am Abend und in der Nacht Proteste, in Minsk setzte die Polizei, Wasserwerfer, Tr\u00e4nengas und Gummigeschosse ein, die Rede ist\u2026","rel":"","context":"In &quot;Politik&quot;","block_context":{"text":"Politik","link":"https:\/\/ralupo.me\/en\/archive\/category\/politik"},"img":{"alt_text":"","src":"https:\/\/i0.wp.com\/ralupo.me\/wp-content\/uploads\/2020\/08\/img_8140-scaled.jpg?fit=1200%2C900&ssl=1&resize=350%2C200","width":350,"height":200,"srcset":"https:\/\/i0.wp.com\/ralupo.me\/wp-content\/uploads\/2020\/08\/img_8140-scaled.jpg?fit=1200%2C900&ssl=1&resize=350%2C200 1x, https:\/\/i0.wp.com\/ralupo.me\/wp-content\/uploads\/2020\/08\/img_8140-scaled.jpg?fit=1200%2C900&ssl=1&resize=525%2C300 1.5x, https:\/\/i0.wp.com\/ralupo.me\/wp-content\/uploads\/2020\/08\/img_8140-scaled.jpg?fit=1200%2C900&ssl=1&resize=700%2C400 2x, https:\/\/i0.wp.com\/ralupo.me\/wp-content\/uploads\/2020\/08\/img_8140-scaled.jpg?fit=1200%2C900&ssl=1&resize=1050%2C600 3x"},"classes":[]},{"id":263,"url":"https:\/\/ralupo.me\/en\/archive\/263","url_meta":{"origin":707,"position":5},"title":"Tristesse in der Sonnenstadt","author":"Lupo","date":"29. July 2020","format":false,"excerpt":"[:de] \u26a0\ufe0f \u00dcberblick \u00fcber die Ereignisse des Wahltags gibt es \u27a1\ufe0f hier Artur Klina\u016d schreibt \u00fcber die belarussische Hauptstadt Minsk, sie sei die \"Sonnenstadt der Tr\u00e4ume\". Eine Stadt f\u00fcr Utopia, entworfen von den Sowjets als Verwirklichung der kommunistischen Utopie. Eine ideale Stadt f\u00fcr eine ideale Gesellschaft. Wer schonmal in Minsk\u2026","rel":"","context":"In &quot;Politik&quot;","block_context":{"text":"Politik","link":"https:\/\/ralupo.me\/en\/archive\/category\/politik"},"img":{"alt_text":"","src":"https:\/\/i0.wp.com\/ralupo.me\/wp-content\/uploads\/2020\/07\/img_8082-1-scaled.jpg?fit=1200%2C900&ssl=1&resize=350%2C200","width":350,"height":200,"srcset":"https:\/\/i0.wp.com\/ralupo.me\/wp-content\/uploads\/2020\/07\/img_8082-1-scaled.jpg?fit=1200%2C900&ssl=1&resize=350%2C200 1x, https:\/\/i0.wp.com\/ralupo.me\/wp-content\/uploads\/2020\/07\/img_8082-1-scaled.jpg?fit=1200%2C900&ssl=1&resize=525%2C300 1.5x, https:\/\/i0.wp.com\/ralupo.me\/wp-content\/uploads\/2020\/07\/img_8082-1-scaled.jpg?fit=1200%2C900&ssl=1&resize=700%2C400 2x, https:\/\/i0.wp.com\/ralupo.me\/wp-content\/uploads\/2020\/07\/img_8082-1-scaled.jpg?fit=1200%2C900&ssl=1&resize=1050%2C600 3x"},"classes":[]}],"jetpack_shortlink":"https:\/\/wp.me\/pcanHs-bp","_links":{"self":[{"href":"https:\/\/ralupo.me\/en\/wp-json\/wp\/v2\/posts\/707","targetHints":{"allow":["GET"]}}],"collection":[{"href":"https:\/\/ralupo.me\/en\/wp-json\/wp\/v2\/posts"}],"about":[{"href":"https:\/\/ralupo.me\/en\/wp-json\/wp\/v2\/types\/post"}],"author":[{"embeddable":true,"href":"https:\/\/ralupo.me\/en\/wp-json\/wp\/v2\/users\/1"}],"replies":[{"embeddable":true,"href":"https:\/\/ralupo.me\/en\/wp-json\/wp\/v2\/comments?post=707"}],"version-history":[{"count":2,"href":"https:\/\/ralupo.me\/en\/wp-json\/wp\/v2\/posts\/707\/revisions"}],"predecessor-version":[{"id":13448,"href":"https:\/\/ralupo.me\/en\/wp-json\/wp\/v2\/posts\/707\/revisions\/13448"}],"wp:featuredmedia":[{"embeddable":true,"href":"https:\/\/ralupo.me\/en\/wp-json\/wp\/v2\/media\/686"}],"wp:attachment":[{"href":"https:\/\/ralupo.me\/en\/wp-json\/wp\/v2\/media?parent=707"}],"wp:term":[{"taxonomy":"category","embeddable":true,"href":"https:\/\/ralupo.me\/en\/wp-json\/wp\/v2\/categories?post=707"},{"taxonomy":"post_tag","embeddable":true,"href":"https:\/\/ralupo.me\/en\/wp-json\/wp\/v2\/tags?post=707"}],"curies":[{"name":"wp","href":"https:\/\/api.w.org\/{rel}","templated":true}]}}