{"id":5585,"date":"2022-06-26T11:43:37","date_gmt":"2022-06-26T09:43:37","guid":{"rendered":"https:\/\/ralupo.me\/?p=5585"},"modified":"2022-06-26T19:23:50","modified_gmt":"2022-06-26T17:23:50","slug":"europaweite-aktion-fuer-die-freilassung-der-verteidiger-von-mariupol","status":"publish","type":"post","link":"https:\/\/ralupo.me\/en\/archive\/5585","title":{"rendered":"Europaweite Aktion f\u00fcr die Freilassung der Verteidiger von Mariupol"},"content":{"rendered":"<span class=\"span-reading-time rt-reading-time\" style=\"display: block;\"><span class=\"rt-label rt-prefix\">Lesedauer<\/span> <span class=\"rt-time\"> 4<\/span> <span class=\"rt-label rt-postfix\">Minuten<\/span><\/span>\n<p class=\"eplus-wrapper wp-block-paragraph\">Im Rahmen der europaweiten Aktion \u201e<em>Azovstal &#8211; Free Mariupol Defenders<\/em>\u201c wurde am Wochenende auf verschiedenen Kundgebung an die in russischer Gefangenschaft befindlichen Soldaten aus dem Azov-Stahlwerk Mariupol erinnert und deren Freilassung gefordert. Insgesamt knapp 2.500 ukrainische Soldaten befinden sich seit Ende Mai in russischer Gefangenschaft, nachdem sich die letzten K\u00e4mpfer in dem Stahlwerk in Mariupol ergeben hatten. Auf Russland m\u00fcsse nunmehr gr\u00f6\u00dftm\u00f6glicher diplomatischer Druck ausge\u00fcbt werden, damit die Kriegsgefangenen freik\u00e4men.<\/p>\n\n\n\n<figure class=\"wp-block-image size-large eplus-wrapper\"><img data-recalc-dims=\"1\" fetchpriority=\"high\" decoding=\"async\" width=\"1024\" height=\"768\" data-attachment-id=\"5574\" data-permalink=\"https:\/\/ralupo.me\/en\/e2a5ae02-715c-4197-aa6b-3f7d9f772ffe\" data-orig-file=\"https:\/\/i0.wp.com\/ralupo.me\/wp-content\/uploads\/2022\/06\/E2A5AE02-715C-4197-AA6B-3F7D9F772FFE-scaled.jpeg?fit=2560%2C1920&amp;ssl=1\" data-orig-size=\"2560,1920\" data-comments-opened=\"1\" data-image-meta=\"{&quot;aperture&quot;:&quot;0&quot;,&quot;credit&quot;:&quot;&quot;,&quot;camera&quot;:&quot;&quot;,&quot;caption&quot;:&quot;&quot;,&quot;created_timestamp&quot;:&quot;0&quot;,&quot;copyright&quot;:&quot;&quot;,&quot;focal_length&quot;:&quot;0&quot;,&quot;iso&quot;:&quot;0&quot;,&quot;shutter_speed&quot;:&quot;0&quot;,&quot;title&quot;:&quot;&quot;,&quot;orientation&quot;:&quot;0&quot;}\" data-image-title=\"E2A5AE02-715C-4197-AA6B-3F7D9F772FFE\" data-image-description=\"\" data-image-caption=\"\" data-medium-file=\"https:\/\/i0.wp.com\/ralupo.me\/wp-content\/uploads\/2022\/06\/E2A5AE02-715C-4197-AA6B-3F7D9F772FFE-scaled.jpeg?fit=300%2C225&amp;ssl=1\" data-large-file=\"https:\/\/i0.wp.com\/ralupo.me\/wp-content\/uploads\/2022\/06\/E2A5AE02-715C-4197-AA6B-3F7D9F772FFE-scaled.jpeg?fit=1024%2C768&amp;ssl=1\" src=\"https:\/\/i0.wp.com\/ralupo.me\/wp-content\/uploads\/2022\/06\/E2A5AE02-715C-4197-AA6B-3F7D9F772FFE.jpeg?resize=1024%2C768&#038;ssl=1\" alt=\"\" class=\"wp-image-5574\" srcset=\"https:\/\/i0.wp.com\/ralupo.me\/wp-content\/uploads\/2022\/06\/E2A5AE02-715C-4197-AA6B-3F7D9F772FFE-scaled.jpeg?resize=1024%2C768&amp;ssl=1 1024w, https:\/\/i0.wp.com\/ralupo.me\/wp-content\/uploads\/2022\/06\/E2A5AE02-715C-4197-AA6B-3F7D9F772FFE-scaled.jpeg?resize=600%2C450&amp;ssl=1 600w, https:\/\/i0.wp.com\/ralupo.me\/wp-content\/uploads\/2022\/06\/E2A5AE02-715C-4197-AA6B-3F7D9F772FFE-scaled.jpeg?resize=300%2C225&amp;ssl=1 300w, https:\/\/i0.wp.com\/ralupo.me\/wp-content\/uploads\/2022\/06\/E2A5AE02-715C-4197-AA6B-3F7D9F772FFE-scaled.jpeg?resize=768%2C576&amp;ssl=1 768w, https:\/\/i0.wp.com\/ralupo.me\/wp-content\/uploads\/2022\/06\/E2A5AE02-715C-4197-AA6B-3F7D9F772FFE-scaled.jpeg?resize=1536%2C1152&amp;ssl=1 1536w, https:\/\/i0.wp.com\/ralupo.me\/wp-content\/uploads\/2022\/06\/E2A5AE02-715C-4197-AA6B-3F7D9F772FFE-scaled.jpeg?resize=2048%2C1536&amp;ssl=1 2048w, https:\/\/i0.wp.com\/ralupo.me\/wp-content\/uploads\/2022\/06\/E2A5AE02-715C-4197-AA6B-3F7D9F772FFE-scaled.jpeg?resize=200%2C150&amp;ssl=1 200w, https:\/\/i0.wp.com\/ralupo.me\/wp-content\/uploads\/2022\/06\/E2A5AE02-715C-4197-AA6B-3F7D9F772FFE-scaled.jpeg?resize=260%2C195&amp;ssl=1 260w, https:\/\/i0.wp.com\/ralupo.me\/wp-content\/uploads\/2022\/06\/E2A5AE02-715C-4197-AA6B-3F7D9F772FFE-scaled.jpeg?resize=380%2C285&amp;ssl=1 380w, https:\/\/i0.wp.com\/ralupo.me\/wp-content\/uploads\/2022\/06\/E2A5AE02-715C-4197-AA6B-3F7D9F772FFE-scaled.jpeg?resize=800%2C600&amp;ssl=1 800w, https:\/\/i0.wp.com\/ralupo.me\/wp-content\/uploads\/2022\/06\/E2A5AE02-715C-4197-AA6B-3F7D9F772FFE-scaled.jpeg?resize=1160%2C870&amp;ssl=1 1160w, https:\/\/i0.wp.com\/ralupo.me\/wp-content\/uploads\/2022\/06\/E2A5AE02-715C-4197-AA6B-3F7D9F772FFE-scaled.jpeg?resize=400%2C300&amp;ssl=1 400w, https:\/\/i0.wp.com\/ralupo.me\/wp-content\/uploads\/2022\/06\/E2A5AE02-715C-4197-AA6B-3F7D9F772FFE-scaled.jpeg?resize=520%2C390&amp;ssl=1 520w, https:\/\/i0.wp.com\/ralupo.me\/wp-content\/uploads\/2022\/06\/E2A5AE02-715C-4197-AA6B-3F7D9F772FFE-scaled.jpeg?resize=760%2C570&amp;ssl=1 760w, https:\/\/i0.wp.com\/ralupo.me\/wp-content\/uploads\/2022\/06\/E2A5AE02-715C-4197-AA6B-3F7D9F772FFE-scaled.jpeg?resize=1600%2C1200&amp;ssl=1 1600w\" sizes=\"(max-width: 1000px) 100vw, 1000px\" \/><\/figure>\n\n\n\n<p class=\"eplus-wrapper wp-block-paragraph\">Das Stahlwerk von Mariupol, Asovstal,, in dem auch zahllose Zivilisten Zuflucht gefunden hatten, war der bis zuletzt erbittert umk\u00e4mpfte Ort in der strategisch wichtigen Stadt Mariupol am Asowschen Meer. Die Stadt ist mittlerweile weitestgehend zerst\u00f6rt und steht unter russischer Besatzung. <\/p>\n\n\n\n<figure class=\"wp-embed-aspect-16-9 wp-has-aspect-ratio wp-block-embed is-type-video is-provider-youtube wp-block-embed-youtube eplus-wrapper\"><div class=\"wp-block-embed__wrapper\">\n<iframe title=\"Asovstal Free Mariupol Defenders  Rally Frankfurt\/M\" width=\"500\" height=\"281\" src=\"https:\/\/www.youtube.com\/embed\/0uoadXVtFHE?feature=oembed\" frameborder=\"0\" allow=\"accelerometer; autoplay; clipboard-write; encrypted-media; gyroscope; picture-in-picture; web-share\" referrerpolicy=\"strict-origin-when-cross-origin\" allowfullscreen><\/iframe>\n<\/div><\/figure>\n\n\n\n<p class=\"eplus-wrapper wp-block-paragraph\">Eine bis zuletzt erhoffte Rettungsoperation von ukrainischer Seite war ausgeblieben. Kiew hofft nun auf einen Gefangenenaustausch. Die Gefangenen befinden sich nach offiziellen Angaben nun in besetzten Teil des Donbas. Ihnen droht nun ein &#8220;internationales Tribunal&#8221;. Aus Moskau war auch zu h\u00f6ren, dass ihnen die Todesstrafe drohen k\u00f6nne. <\/p>\n\n\n\n<figure class=\"wp-block-image size-large eplus-wrapper\"><img data-recalc-dims=\"1\" decoding=\"async\" width=\"1024\" height=\"768\" data-attachment-id=\"5572\" data-permalink=\"https:\/\/ralupo.me\/en\/192c50f3-fee9-41a9-ae4a-27793cfe146c\" data-orig-file=\"https:\/\/i0.wp.com\/ralupo.me\/wp-content\/uploads\/2022\/06\/192C50F3-FEE9-41A9-AE4A-27793CFE146C-scaled.jpeg?fit=2560%2C1920&amp;ssl=1\" data-orig-size=\"2560,1920\" data-comments-opened=\"1\" data-image-meta=\"{&quot;aperture&quot;:&quot;0&quot;,&quot;credit&quot;:&quot;&quot;,&quot;camera&quot;:&quot;&quot;,&quot;caption&quot;:&quot;&quot;,&quot;created_timestamp&quot;:&quot;0&quot;,&quot;copyright&quot;:&quot;&quot;,&quot;focal_length&quot;:&quot;0&quot;,&quot;iso&quot;:&quot;0&quot;,&quot;shutter_speed&quot;:&quot;0&quot;,&quot;title&quot;:&quot;&quot;,&quot;orientation&quot;:&quot;0&quot;}\" data-image-title=\"192C50F3-FEE9-41A9-AE4A-27793CFE146C\" data-image-description=\"\" data-image-caption=\"\" data-medium-file=\"https:\/\/i0.wp.com\/ralupo.me\/wp-content\/uploads\/2022\/06\/192C50F3-FEE9-41A9-AE4A-27793CFE146C-scaled.jpeg?fit=300%2C225&amp;ssl=1\" data-large-file=\"https:\/\/i0.wp.com\/ralupo.me\/wp-content\/uploads\/2022\/06\/192C50F3-FEE9-41A9-AE4A-27793CFE146C-scaled.jpeg?fit=1024%2C768&amp;ssl=1\" src=\"https:\/\/i0.wp.com\/ralupo.me\/wp-content\/uploads\/2022\/06\/192C50F3-FEE9-41A9-AE4A-27793CFE146C.jpeg?resize=1024%2C768&#038;ssl=1\" alt=\"\" class=\"wp-image-5572\" srcset=\"https:\/\/i0.wp.com\/ralupo.me\/wp-content\/uploads\/2022\/06\/192C50F3-FEE9-41A9-AE4A-27793CFE146C-scaled.jpeg?resize=1024%2C768&amp;ssl=1 1024w, https:\/\/i0.wp.com\/ralupo.me\/wp-content\/uploads\/2022\/06\/192C50F3-FEE9-41A9-AE4A-27793CFE146C-scaled.jpeg?resize=600%2C450&amp;ssl=1 600w, https:\/\/i0.wp.com\/ralupo.me\/wp-content\/uploads\/2022\/06\/192C50F3-FEE9-41A9-AE4A-27793CFE146C-scaled.jpeg?resize=300%2C225&amp;ssl=1 300w, https:\/\/i0.wp.com\/ralupo.me\/wp-content\/uploads\/2022\/06\/192C50F3-FEE9-41A9-AE4A-27793CFE146C-scaled.jpeg?resize=768%2C576&amp;ssl=1 768w, https:\/\/i0.wp.com\/ralupo.me\/wp-content\/uploads\/2022\/06\/192C50F3-FEE9-41A9-AE4A-27793CFE146C-scaled.jpeg?resize=1536%2C1152&amp;ssl=1 1536w, https:\/\/i0.wp.com\/ralupo.me\/wp-content\/uploads\/2022\/06\/192C50F3-FEE9-41A9-AE4A-27793CFE146C-scaled.jpeg?resize=2048%2C1536&amp;ssl=1 2048w, https:\/\/i0.wp.com\/ralupo.me\/wp-content\/uploads\/2022\/06\/192C50F3-FEE9-41A9-AE4A-27793CFE146C-scaled.jpeg?resize=200%2C150&amp;ssl=1 200w, https:\/\/i0.wp.com\/ralupo.me\/wp-content\/uploads\/2022\/06\/192C50F3-FEE9-41A9-AE4A-27793CFE146C-scaled.jpeg?resize=260%2C195&amp;ssl=1 260w, https:\/\/i0.wp.com\/ralupo.me\/wp-content\/uploads\/2022\/06\/192C50F3-FEE9-41A9-AE4A-27793CFE146C-scaled.jpeg?resize=380%2C285&amp;ssl=1 380w, https:\/\/i0.wp.com\/ralupo.me\/wp-content\/uploads\/2022\/06\/192C50F3-FEE9-41A9-AE4A-27793CFE146C-scaled.jpeg?resize=800%2C600&amp;ssl=1 800w, https:\/\/i0.wp.com\/ralupo.me\/wp-content\/uploads\/2022\/06\/192C50F3-FEE9-41A9-AE4A-27793CFE146C-scaled.jpeg?resize=1160%2C870&amp;ssl=1 1160w, https:\/\/i0.wp.com\/ralupo.me\/wp-content\/uploads\/2022\/06\/192C50F3-FEE9-41A9-AE4A-27793CFE146C-scaled.jpeg?resize=400%2C300&amp;ssl=1 400w, https:\/\/i0.wp.com\/ralupo.me\/wp-content\/uploads\/2022\/06\/192C50F3-FEE9-41A9-AE4A-27793CFE146C-scaled.jpeg?resize=520%2C390&amp;ssl=1 520w, https:\/\/i0.wp.com\/ralupo.me\/wp-content\/uploads\/2022\/06\/192C50F3-FEE9-41A9-AE4A-27793CFE146C-scaled.jpeg?resize=760%2C570&amp;ssl=1 760w, https:\/\/i0.wp.com\/ralupo.me\/wp-content\/uploads\/2022\/06\/192C50F3-FEE9-41A9-AE4A-27793CFE146C-scaled.jpeg?resize=1600%2C1200&amp;ssl=1 1600w\" sizes=\"(max-width: 1000px) 100vw, 1000px\" \/><\/figure>\n\n\n\n<p class=\"eplus-wrapper wp-block-paragraph\">In Frankfurt versammelten sich am Samstag Abend an der Hauptwache knapp 1.000 Menschen, um an die Soldaten aus dem Azov-Stahlwerk zu erinnern. Sie forderten den Zugang des Internationalen Roten Kreuzes zu den Gefangenen und die Einhaltung der Genfer Konvention zum Umgang mit Kriegsgefangenen. Aufgerufen hatte der Verein &#8220;Respektive Ukraine&#8221;.<\/p>\n\n\n\n<figure class=\"wp-block-image size-large eplus-wrapper\"><img data-recalc-dims=\"1\" decoding=\"async\" width=\"1024\" height=\"768\" data-attachment-id=\"5584\" data-permalink=\"https:\/\/ralupo.me\/en\/0eff0e5b-a780-418e-ac56-80fc4005219b\" data-orig-file=\"https:\/\/i0.wp.com\/ralupo.me\/wp-content\/uploads\/2022\/06\/0EFF0E5B-A780-418E-AC56-80FC4005219B-scaled.jpeg?fit=2560%2C1920&amp;ssl=1\" data-orig-size=\"2560,1920\" data-comments-opened=\"1\" data-image-meta=\"{&quot;aperture&quot;:&quot;0&quot;,&quot;credit&quot;:&quot;&quot;,&quot;camera&quot;:&quot;&quot;,&quot;caption&quot;:&quot;&quot;,&quot;created_timestamp&quot;:&quot;0&quot;,&quot;copyright&quot;:&quot;&quot;,&quot;focal_length&quot;:&quot;0&quot;,&quot;iso&quot;:&quot;0&quot;,&quot;shutter_speed&quot;:&quot;0&quot;,&quot;title&quot;:&quot;&quot;,&quot;orientation&quot;:&quot;0&quot;}\" data-image-title=\"0EFF0E5B-A780-418E-AC56-80FC4005219B\" data-image-description=\"\" data-image-caption=\"\" data-medium-file=\"https:\/\/i0.wp.com\/ralupo.me\/wp-content\/uploads\/2022\/06\/0EFF0E5B-A780-418E-AC56-80FC4005219B-scaled.jpeg?fit=300%2C225&amp;ssl=1\" data-large-file=\"https:\/\/i0.wp.com\/ralupo.me\/wp-content\/uploads\/2022\/06\/0EFF0E5B-A780-418E-AC56-80FC4005219B-scaled.jpeg?fit=1024%2C768&amp;ssl=1\" src=\"https:\/\/i0.wp.com\/ralupo.me\/wp-content\/uploads\/2022\/06\/0EFF0E5B-A780-418E-AC56-80FC4005219B.jpeg?resize=1024%2C768&#038;ssl=1\" alt=\"\" class=\"wp-image-5584\" srcset=\"https:\/\/i0.wp.com\/ralupo.me\/wp-content\/uploads\/2022\/06\/0EFF0E5B-A780-418E-AC56-80FC4005219B-scaled.jpeg?resize=1024%2C768&amp;ssl=1 1024w, https:\/\/i0.wp.com\/ralupo.me\/wp-content\/uploads\/2022\/06\/0EFF0E5B-A780-418E-AC56-80FC4005219B-scaled.jpeg?resize=600%2C450&amp;ssl=1 600w, https:\/\/i0.wp.com\/ralupo.me\/wp-content\/uploads\/2022\/06\/0EFF0E5B-A780-418E-AC56-80FC4005219B-scaled.jpeg?resize=300%2C225&amp;ssl=1 300w, https:\/\/i0.wp.com\/ralupo.me\/wp-content\/uploads\/2022\/06\/0EFF0E5B-A780-418E-AC56-80FC4005219B-scaled.jpeg?resize=768%2C576&amp;ssl=1 768w, https:\/\/i0.wp.com\/ralupo.me\/wp-content\/uploads\/2022\/06\/0EFF0E5B-A780-418E-AC56-80FC4005219B-scaled.jpeg?resize=1536%2C1152&amp;ssl=1 1536w, https:\/\/i0.wp.com\/ralupo.me\/wp-content\/uploads\/2022\/06\/0EFF0E5B-A780-418E-AC56-80FC4005219B-scaled.jpeg?resize=2048%2C1536&amp;ssl=1 2048w, https:\/\/i0.wp.com\/ralupo.me\/wp-content\/uploads\/2022\/06\/0EFF0E5B-A780-418E-AC56-80FC4005219B-scaled.jpeg?resize=200%2C150&amp;ssl=1 200w, https:\/\/i0.wp.com\/ralupo.me\/wp-content\/uploads\/2022\/06\/0EFF0E5B-A780-418E-AC56-80FC4005219B-scaled.jpeg?resize=260%2C195&amp;ssl=1 260w, https:\/\/i0.wp.com\/ralupo.me\/wp-content\/uploads\/2022\/06\/0EFF0E5B-A780-418E-AC56-80FC4005219B-scaled.jpeg?resize=380%2C285&amp;ssl=1 380w, https:\/\/i0.wp.com\/ralupo.me\/wp-content\/uploads\/2022\/06\/0EFF0E5B-A780-418E-AC56-80FC4005219B-scaled.jpeg?resize=800%2C600&amp;ssl=1 800w, https:\/\/i0.wp.com\/ralupo.me\/wp-content\/uploads\/2022\/06\/0EFF0E5B-A780-418E-AC56-80FC4005219B-scaled.jpeg?resize=1160%2C870&amp;ssl=1 1160w, https:\/\/i0.wp.com\/ralupo.me\/wp-content\/uploads\/2022\/06\/0EFF0E5B-A780-418E-AC56-80FC4005219B-scaled.jpeg?resize=400%2C300&amp;ssl=1 400w, https:\/\/i0.wp.com\/ralupo.me\/wp-content\/uploads\/2022\/06\/0EFF0E5B-A780-418E-AC56-80FC4005219B-scaled.jpeg?resize=520%2C390&amp;ssl=1 520w, https:\/\/i0.wp.com\/ralupo.me\/wp-content\/uploads\/2022\/06\/0EFF0E5B-A780-418E-AC56-80FC4005219B-scaled.jpeg?resize=760%2C570&amp;ssl=1 760w, https:\/\/i0.wp.com\/ralupo.me\/wp-content\/uploads\/2022\/06\/0EFF0E5B-A780-418E-AC56-80FC4005219B-scaled.jpeg?resize=1600%2C1200&amp;ssl=1 1600w\" sizes=\"(max-width: 1000px) 100vw, 1000px\" \/><\/figure>\n\n\n\n<p class=\"eplus-wrapper wp-block-paragraph\">Scharf wurden die mittlerweile ergangenen Todesurteile gegen den 28-j\u00e4hrigen <em>Aiden Aslin <\/em>und den 48-j\u00e4hrige <em>Shaun Pinnerm<\/em> beides Briten, und den 21-j\u00e4hrige Marokkaner <em>Ibrahim Saadun<\/em> kritisiert und deren Freilassung verlangt. Die drei ausl\u00e4ndischen K\u00e4mpfer wurden im Donbas gefangen genommen und von dem &#8220;Obersten Gericht&#8221; der von Russland kontrollierten sogenannten &#8220;Volksrepublik Donbas&#8221;<a href=\"https:\/\/www.nzz.ch\/international\/ukraine-krieg-todesurteile-gegen-auslaendische-kaempfer-im-donbass-ld.1688150\" target=\"_blank\" rel=\"noreferrer noopener\"> zum Tode verurteilt.<\/a> Russland sieht sie als S\u00f6ldner an, denen der Status von Kriegsgefangenen nicht zukomme.<\/p>\n\n\n\n<figure class=\"wp-block-image size-large eplus-wrapper\"><img data-recalc-dims=\"1\" loading=\"lazy\" decoding=\"async\" width=\"1024\" height=\"768\" data-attachment-id=\"5580\" data-permalink=\"https:\/\/ralupo.me\/en\/05edf192-1f95-4b2c-b3e9-b140d860b5ac\" data-orig-file=\"https:\/\/i0.wp.com\/ralupo.me\/wp-content\/uploads\/2022\/06\/05EDF192-1F95-4B2C-B3E9-B140D860B5AC-scaled.jpeg?fit=2560%2C1920&amp;ssl=1\" data-orig-size=\"2560,1920\" data-comments-opened=\"1\" data-image-meta=\"{&quot;aperture&quot;:&quot;0&quot;,&quot;credit&quot;:&quot;&quot;,&quot;camera&quot;:&quot;&quot;,&quot;caption&quot;:&quot;&quot;,&quot;created_timestamp&quot;:&quot;0&quot;,&quot;copyright&quot;:&quot;&quot;,&quot;focal_length&quot;:&quot;0&quot;,&quot;iso&quot;:&quot;0&quot;,&quot;shutter_speed&quot;:&quot;0&quot;,&quot;title&quot;:&quot;&quot;,&quot;orientation&quot;:&quot;0&quot;}\" data-image-title=\"05EDF192-1F95-4B2C-B3E9-B140D860B5AC\" data-image-description=\"\" data-image-caption=\"\" data-medium-file=\"https:\/\/i0.wp.com\/ralupo.me\/wp-content\/uploads\/2022\/06\/05EDF192-1F95-4B2C-B3E9-B140D860B5AC-scaled.jpeg?fit=300%2C225&amp;ssl=1\" data-large-file=\"https:\/\/i0.wp.com\/ralupo.me\/wp-content\/uploads\/2022\/06\/05EDF192-1F95-4B2C-B3E9-B140D860B5AC-scaled.jpeg?fit=1024%2C768&amp;ssl=1\" src=\"https:\/\/i0.wp.com\/ralupo.me\/wp-content\/uploads\/2022\/06\/05EDF192-1F95-4B2C-B3E9-B140D860B5AC.jpeg?resize=1024%2C768&#038;ssl=1\" alt=\"\" class=\"wp-image-5580\" srcset=\"https:\/\/i0.wp.com\/ralupo.me\/wp-content\/uploads\/2022\/06\/05EDF192-1F95-4B2C-B3E9-B140D860B5AC-scaled.jpeg?resize=1024%2C768&amp;ssl=1 1024w, https:\/\/i0.wp.com\/ralupo.me\/wp-content\/uploads\/2022\/06\/05EDF192-1F95-4B2C-B3E9-B140D860B5AC-scaled.jpeg?resize=600%2C450&amp;ssl=1 600w, https:\/\/i0.wp.com\/ralupo.me\/wp-content\/uploads\/2022\/06\/05EDF192-1F95-4B2C-B3E9-B140D860B5AC-scaled.jpeg?resize=300%2C225&amp;ssl=1 300w, https:\/\/i0.wp.com\/ralupo.me\/wp-content\/uploads\/2022\/06\/05EDF192-1F95-4B2C-B3E9-B140D860B5AC-scaled.jpeg?resize=768%2C576&amp;ssl=1 768w, https:\/\/i0.wp.com\/ralupo.me\/wp-content\/uploads\/2022\/06\/05EDF192-1F95-4B2C-B3E9-B140D860B5AC-scaled.jpeg?resize=1536%2C1152&amp;ssl=1 1536w, https:\/\/i0.wp.com\/ralupo.me\/wp-content\/uploads\/2022\/06\/05EDF192-1F95-4B2C-B3E9-B140D860B5AC-scaled.jpeg?resize=2048%2C1536&amp;ssl=1 2048w, https:\/\/i0.wp.com\/ralupo.me\/wp-content\/uploads\/2022\/06\/05EDF192-1F95-4B2C-B3E9-B140D860B5AC-scaled.jpeg?resize=200%2C150&amp;ssl=1 200w, https:\/\/i0.wp.com\/ralupo.me\/wp-content\/uploads\/2022\/06\/05EDF192-1F95-4B2C-B3E9-B140D860B5AC-scaled.jpeg?resize=260%2C195&amp;ssl=1 260w, https:\/\/i0.wp.com\/ralupo.me\/wp-content\/uploads\/2022\/06\/05EDF192-1F95-4B2C-B3E9-B140D860B5AC-scaled.jpeg?resize=380%2C285&amp;ssl=1 380w, https:\/\/i0.wp.com\/ralupo.me\/wp-content\/uploads\/2022\/06\/05EDF192-1F95-4B2C-B3E9-B140D860B5AC-scaled.jpeg?resize=800%2C600&amp;ssl=1 800w, https:\/\/i0.wp.com\/ralupo.me\/wp-content\/uploads\/2022\/06\/05EDF192-1F95-4B2C-B3E9-B140D860B5AC-scaled.jpeg?resize=1160%2C870&amp;ssl=1 1160w, https:\/\/i0.wp.com\/ralupo.me\/wp-content\/uploads\/2022\/06\/05EDF192-1F95-4B2C-B3E9-B140D860B5AC-scaled.jpeg?resize=400%2C300&amp;ssl=1 400w, https:\/\/i0.wp.com\/ralupo.me\/wp-content\/uploads\/2022\/06\/05EDF192-1F95-4B2C-B3E9-B140D860B5AC-scaled.jpeg?resize=520%2C390&amp;ssl=1 520w, https:\/\/i0.wp.com\/ralupo.me\/wp-content\/uploads\/2022\/06\/05EDF192-1F95-4B2C-B3E9-B140D860B5AC-scaled.jpeg?resize=760%2C570&amp;ssl=1 760w, https:\/\/i0.wp.com\/ralupo.me\/wp-content\/uploads\/2022\/06\/05EDF192-1F95-4B2C-B3E9-B140D860B5AC-scaled.jpeg?resize=1600%2C1200&amp;ssl=1 1600w\" sizes=\"(max-width: 1000px) 100vw, 1000px\" \/><\/figure>\n\n\n\n<p class=\"eplus-wrapper wp-block-paragraph\">Das Azov-Regiment ist wegen seiner Bez\u00fcge zum Rechtsextremismus lange Zeit in der Kritik gewesen. Die Gruppierung gr\u00fcndete sich als Frewilligenbatallion nach der Krim-Annexion durch Russland und war ma\u00dfgeblich an der Befreiung der Stadt Mariupol in 2014 beteiligt. Tats\u00e4chlich gab es anf\u00e4nglich auch Beteiligung von Rechtsextremisten. &nbsp;So geh\u00f6rte zu den Gr\u00fcndern des Bataillons der bekannte Rechtsextremist Andrij Bilezkyj.&nbsp;Auch die unter Neonazis als Symbol verwendete Wolfsangel sorgte f\u00fcr Aufsehen. Der Extremist Bilezkyi schied jedoch schon wenige Monate sp\u00e4ter aus dem Regiment wieder aus. <\/p>\n\n\n\n<figure class=\"wp-block-image size-large eplus-wrapper\"><img data-recalc-dims=\"1\" loading=\"lazy\" decoding=\"async\" width=\"1024\" height=\"768\" data-attachment-id=\"5578\" data-permalink=\"https:\/\/ralupo.me\/en\/84c763b4-7979-43ac-b522-142573155271\" data-orig-file=\"https:\/\/i0.wp.com\/ralupo.me\/wp-content\/uploads\/2022\/06\/84C763B4-7979-43AC-B522-142573155271-scaled.jpeg?fit=2560%2C1920&amp;ssl=1\" data-orig-size=\"2560,1920\" data-comments-opened=\"1\" data-image-meta=\"{&quot;aperture&quot;:&quot;0&quot;,&quot;credit&quot;:&quot;&quot;,&quot;camera&quot;:&quot;&quot;,&quot;caption&quot;:&quot;&quot;,&quot;created_timestamp&quot;:&quot;0&quot;,&quot;copyright&quot;:&quot;&quot;,&quot;focal_length&quot;:&quot;0&quot;,&quot;iso&quot;:&quot;0&quot;,&quot;shutter_speed&quot;:&quot;0&quot;,&quot;title&quot;:&quot;&quot;,&quot;orientation&quot;:&quot;0&quot;}\" data-image-title=\"84C763B4-7979-43AC-B522-142573155271\" data-image-description=\"\" data-image-caption=\"\" data-medium-file=\"https:\/\/i0.wp.com\/ralupo.me\/wp-content\/uploads\/2022\/06\/84C763B4-7979-43AC-B522-142573155271-scaled.jpeg?fit=300%2C225&amp;ssl=1\" data-large-file=\"https:\/\/i0.wp.com\/ralupo.me\/wp-content\/uploads\/2022\/06\/84C763B4-7979-43AC-B522-142573155271-scaled.jpeg?fit=1024%2C768&amp;ssl=1\" src=\"https:\/\/i0.wp.com\/ralupo.me\/wp-content\/uploads\/2022\/06\/84C763B4-7979-43AC-B522-142573155271.jpeg?resize=1024%2C768&#038;ssl=1\" alt=\"\" class=\"wp-image-5578\" srcset=\"https:\/\/i0.wp.com\/ralupo.me\/wp-content\/uploads\/2022\/06\/84C763B4-7979-43AC-B522-142573155271-scaled.jpeg?resize=1024%2C768&amp;ssl=1 1024w, https:\/\/i0.wp.com\/ralupo.me\/wp-content\/uploads\/2022\/06\/84C763B4-7979-43AC-B522-142573155271-scaled.jpeg?resize=600%2C450&amp;ssl=1 600w, https:\/\/i0.wp.com\/ralupo.me\/wp-content\/uploads\/2022\/06\/84C763B4-7979-43AC-B522-142573155271-scaled.jpeg?resize=300%2C225&amp;ssl=1 300w, https:\/\/i0.wp.com\/ralupo.me\/wp-content\/uploads\/2022\/06\/84C763B4-7979-43AC-B522-142573155271-scaled.jpeg?resize=768%2C576&amp;ssl=1 768w, https:\/\/i0.wp.com\/ralupo.me\/wp-content\/uploads\/2022\/06\/84C763B4-7979-43AC-B522-142573155271-scaled.jpeg?resize=1536%2C1152&amp;ssl=1 1536w, https:\/\/i0.wp.com\/ralupo.me\/wp-content\/uploads\/2022\/06\/84C763B4-7979-43AC-B522-142573155271-scaled.jpeg?resize=2048%2C1536&amp;ssl=1 2048w, https:\/\/i0.wp.com\/ralupo.me\/wp-content\/uploads\/2022\/06\/84C763B4-7979-43AC-B522-142573155271-scaled.jpeg?resize=200%2C150&amp;ssl=1 200w, https:\/\/i0.wp.com\/ralupo.me\/wp-content\/uploads\/2022\/06\/84C763B4-7979-43AC-B522-142573155271-scaled.jpeg?resize=260%2C195&amp;ssl=1 260w, https:\/\/i0.wp.com\/ralupo.me\/wp-content\/uploads\/2022\/06\/84C763B4-7979-43AC-B522-142573155271-scaled.jpeg?resize=380%2C285&amp;ssl=1 380w, https:\/\/i0.wp.com\/ralupo.me\/wp-content\/uploads\/2022\/06\/84C763B4-7979-43AC-B522-142573155271-scaled.jpeg?resize=800%2C600&amp;ssl=1 800w, https:\/\/i0.wp.com\/ralupo.me\/wp-content\/uploads\/2022\/06\/84C763B4-7979-43AC-B522-142573155271-scaled.jpeg?resize=1160%2C870&amp;ssl=1 1160w, https:\/\/i0.wp.com\/ralupo.me\/wp-content\/uploads\/2022\/06\/84C763B4-7979-43AC-B522-142573155271-scaled.jpeg?resize=400%2C300&amp;ssl=1 400w, https:\/\/i0.wp.com\/ralupo.me\/wp-content\/uploads\/2022\/06\/84C763B4-7979-43AC-B522-142573155271-scaled.jpeg?resize=520%2C390&amp;ssl=1 520w, https:\/\/i0.wp.com\/ralupo.me\/wp-content\/uploads\/2022\/06\/84C763B4-7979-43AC-B522-142573155271-scaled.jpeg?resize=760%2C570&amp;ssl=1 760w, https:\/\/i0.wp.com\/ralupo.me\/wp-content\/uploads\/2022\/06\/84C763B4-7979-43AC-B522-142573155271-scaled.jpeg?resize=1600%2C1200&amp;ssl=1 1600w\" sizes=\"(max-width: 1000px) 100vw, 1000px\" \/><\/figure>\n\n\n\n<p class=\"eplus-wrapper wp-block-paragraph\">In den vergangenen Jahren hatte sich die Gruppe jedoch zunehmend entideologisiert und wurde in die regul\u00e4ren Verteidigungskr\u00e4fte der Ukraine eingegliedert und stand auch unter deren Aufsicht. <\/p>\n\n\n<div class=\"vlp-link-container vlp-template-default wp-block-visual-link-preview-link\">\n\t<a href=\"https:\/\/english.nv.ua\/nation\/wounded-azovstal-defender-tells-the-story-of-his-evacuation-ukraine-military-news-50252464.html#\" class=\"vlp-link\" title=\"Surviving Azovstal defender shares his story about the last days of Mariupol\" rel=\"nofollow\" target=\"_blank\"><\/a>\t\t<div class=\"vlp-link-image-container\">\n\t\t<div class=\"vlp-link-image\">\n\t\t\t<img decoding=\"async\" src=\"https:\/\/images.weserv.nl\/?url=https:\/\/static.nv.ua\/shared\/system\/Article\/posters\/002\/529\/258\/original\/90d57e9f5ada1344f659e3807bc0b941.jpg?q=85&amp;stamp=20220626185155&amp;q=75&amp;stamp=4.59\" style=\"max-width: 150px; max-height: 150px\" \/>\t\t<\/div>\n\t<\/div>\n\t\t<div class=\"vlp-link-text-container\">\n\t\t\t\t<div class=\"vlp-link-title\">\n\t\t\tSurviving Azovstal defender shares his story about the last days of Mariupol\t\t<\/div>\n\t\t\t\t\t\t<div class=\"vlp-link-summary\">\n\t\t\tMolfar faced the beginning of the full-scale war against Russia as a combatant with Ukraine\u2019s Azov Battalion, which is a part of the National Guard.\t\t<\/div>\n\t\t\t<\/div>\n<\/div>\n\n\n\n<p class=\"eplus-wrapper wp-block-paragraph\">Das Asow-Regiment wurde letztlich Teil der Nationalgarde und dem Innenministerium unterstellt. Neben dem Asow-Regiment gibt es auch dessen politischen Arm, die Asow-Bewegung. Diese offen rechtsextreme Partei mit dem Namen &#8220;National Corps&#8221; kam bei den letzten Wahlen in 2019 auf gerade einmal 2 % und scheiterte damit an der f\u00fcnf Prozenth\u00fcrde.<\/p>\n\n\n\n<figure class=\"wp-block-image size-large eplus-wrapper\"><img data-recalc-dims=\"1\" loading=\"lazy\" decoding=\"async\" width=\"1024\" height=\"768\" data-attachment-id=\"5583\" data-permalink=\"https:\/\/ralupo.me\/en\/811e2ea5-66a2-4e4e-ac67-65347f2abc64\" data-orig-file=\"https:\/\/i0.wp.com\/ralupo.me\/wp-content\/uploads\/2022\/06\/811E2EA5-66A2-4E4E-AC67-65347F2ABC64-scaled.jpeg?fit=2560%2C1920&amp;ssl=1\" data-orig-size=\"2560,1920\" data-comments-opened=\"1\" data-image-meta=\"{&quot;aperture&quot;:&quot;0&quot;,&quot;credit&quot;:&quot;&quot;,&quot;camera&quot;:&quot;&quot;,&quot;caption&quot;:&quot;&quot;,&quot;created_timestamp&quot;:&quot;0&quot;,&quot;copyright&quot;:&quot;&quot;,&quot;focal_length&quot;:&quot;0&quot;,&quot;iso&quot;:&quot;0&quot;,&quot;shutter_speed&quot;:&quot;0&quot;,&quot;title&quot;:&quot;&quot;,&quot;orientation&quot;:&quot;0&quot;}\" data-image-title=\"811E2EA5-66A2-4E4E-AC67-65347F2ABC64\" data-image-description=\"\" data-image-caption=\"\" data-medium-file=\"https:\/\/i0.wp.com\/ralupo.me\/wp-content\/uploads\/2022\/06\/811E2EA5-66A2-4E4E-AC67-65347F2ABC64-scaled.jpeg?fit=300%2C225&amp;ssl=1\" data-large-file=\"https:\/\/i0.wp.com\/ralupo.me\/wp-content\/uploads\/2022\/06\/811E2EA5-66A2-4E4E-AC67-65347F2ABC64-scaled.jpeg?fit=1024%2C768&amp;ssl=1\" src=\"https:\/\/i0.wp.com\/ralupo.me\/wp-content\/uploads\/2022\/06\/811E2EA5-66A2-4E4E-AC67-65347F2ABC64.jpeg?resize=1024%2C768&#038;ssl=1\" alt=\"\" class=\"wp-image-5583\" srcset=\"https:\/\/i0.wp.com\/ralupo.me\/wp-content\/uploads\/2022\/06\/811E2EA5-66A2-4E4E-AC67-65347F2ABC64-scaled.jpeg?resize=1024%2C768&amp;ssl=1 1024w, https:\/\/i0.wp.com\/ralupo.me\/wp-content\/uploads\/2022\/06\/811E2EA5-66A2-4E4E-AC67-65347F2ABC64-scaled.jpeg?resize=600%2C450&amp;ssl=1 600w, https:\/\/i0.wp.com\/ralupo.me\/wp-content\/uploads\/2022\/06\/811E2EA5-66A2-4E4E-AC67-65347F2ABC64-scaled.jpeg?resize=300%2C225&amp;ssl=1 300w, https:\/\/i0.wp.com\/ralupo.me\/wp-content\/uploads\/2022\/06\/811E2EA5-66A2-4E4E-AC67-65347F2ABC64-scaled.jpeg?resize=768%2C576&amp;ssl=1 768w, https:\/\/i0.wp.com\/ralupo.me\/wp-content\/uploads\/2022\/06\/811E2EA5-66A2-4E4E-AC67-65347F2ABC64-scaled.jpeg?resize=1536%2C1152&amp;ssl=1 1536w, https:\/\/i0.wp.com\/ralupo.me\/wp-content\/uploads\/2022\/06\/811E2EA5-66A2-4E4E-AC67-65347F2ABC64-scaled.jpeg?resize=2048%2C1536&amp;ssl=1 2048w, https:\/\/i0.wp.com\/ralupo.me\/wp-content\/uploads\/2022\/06\/811E2EA5-66A2-4E4E-AC67-65347F2ABC64-scaled.jpeg?resize=200%2C150&amp;ssl=1 200w, https:\/\/i0.wp.com\/ralupo.me\/wp-content\/uploads\/2022\/06\/811E2EA5-66A2-4E4E-AC67-65347F2ABC64-scaled.jpeg?resize=260%2C195&amp;ssl=1 260w, https:\/\/i0.wp.com\/ralupo.me\/wp-content\/uploads\/2022\/06\/811E2EA5-66A2-4E4E-AC67-65347F2ABC64-scaled.jpeg?resize=380%2C285&amp;ssl=1 380w, https:\/\/i0.wp.com\/ralupo.me\/wp-content\/uploads\/2022\/06\/811E2EA5-66A2-4E4E-AC67-65347F2ABC64-scaled.jpeg?resize=800%2C600&amp;ssl=1 800w, https:\/\/i0.wp.com\/ralupo.me\/wp-content\/uploads\/2022\/06\/811E2EA5-66A2-4E4E-AC67-65347F2ABC64-scaled.jpeg?resize=1160%2C870&amp;ssl=1 1160w, https:\/\/i0.wp.com\/ralupo.me\/wp-content\/uploads\/2022\/06\/811E2EA5-66A2-4E4E-AC67-65347F2ABC64-scaled.jpeg?resize=400%2C300&amp;ssl=1 400w, https:\/\/i0.wp.com\/ralupo.me\/wp-content\/uploads\/2022\/06\/811E2EA5-66A2-4E4E-AC67-65347F2ABC64-scaled.jpeg?resize=520%2C390&amp;ssl=1 520w, https:\/\/i0.wp.com\/ralupo.me\/wp-content\/uploads\/2022\/06\/811E2EA5-66A2-4E4E-AC67-65347F2ABC64-scaled.jpeg?resize=760%2C570&amp;ssl=1 760w, https:\/\/i0.wp.com\/ralupo.me\/wp-content\/uploads\/2022\/06\/811E2EA5-66A2-4E4E-AC67-65347F2ABC64-scaled.jpeg?resize=1600%2C1200&amp;ssl=1 1600w\" sizes=\"(max-width: 1000px) 100vw, 1000px\" \/><\/figure>\n\n\n\n<p class=\"eplus-wrapper wp-block-paragraph\">Da das Azov-Regiment h\u00e4ufig von der russischen Propaganda angef\u00fchrt, wonach in der Ukraine Neonazis herrschten, von denen die Bev\u00f6lkerung befreit werden m\u00fcsse, lohnt sich ein genauerer Blick auf die Gruppierung.  <\/p>\n\n\n<div class=\"vlp-link-container vlp-template-default wp-block-visual-link-preview-link\">\n\t<a href=\"https:\/\/www.br.de\/nachrichten\/deutschland-welt\/asow-regiment-ukrainische-helden-oder-extremisten,T2nKOyA\" class=\"vlp-link\" title=\"Asow-Regiment: Ukrainische Helden oder Extremisten?\" rel=\"nofollow\" target=\"_blank\"><\/a>\t\t<div class=\"vlp-link-image-container\">\n\t\t<div class=\"vlp-link-image\">\n\t\t\t<img data-recalc-dims=\"1\" decoding=\"async\" src=\"https:\/\/i0.wp.com\/img.br.de\/3443a0da-83c9-4b05-832c-8d87568f3654.jpeg?ssl=1\" style=\"max-width: 150px; max-height: 150px\" \/>\t\t<\/div>\n\t<\/div>\n\t\t<div class=\"vlp-link-text-container\">\n\t\t\t\t<div class=\"vlp-link-title\">\n\t\t\tAsow-Regiment: Ukrainische Helden oder Extremisten?\t\t<\/div>\n\t\t\t\t\t\t<div class=\"vlp-link-summary\">\n\t\t\tAuf TikTok verbreiten sich Videos, in denen das ukrainische Asow-Regiment gefeiert wird. Russland sieht das als Beleg f\u00fcr Rechtsextreme im Milit\u00e4r. Helden oder Nazis: Wer ist Asow &#8211; und welche Kontakte gibt es nach Deutschland? Ein #Faktenfuchs\t\t<\/div>\n\t\t\t<\/div>\n<\/div>\n\n\n<div class=\"vlp-link-container vlp-template-default wp-block-visual-link-preview-link\">\n\t<a href=\"https:\/\/www.deutschlandfunk.de\/asow-regiment-stepan-bandera-ukraine-100.html\" class=\"vlp-link\" title=\"Asow-Regiment, Stepan Bandera &amp; Co - Rechtsextremisten in der Ukraine und ihr Einfluss im Land\" rel=\"nofollow\" target=\"_blank\"><\/a>\t\t<div class=\"vlp-link-image-container\">\n\t\t<div class=\"vlp-link-image\">\n\t\t\t<img data-recalc-dims=\"1\" decoding=\"async\" src=\"https:\/\/i0.wp.com\/assets.deutschlandfunk.de\/26a84f13-4447-4f2e-89f0-1e87590dc6f6\/original.jpg?ssl=1\" style=\"max-width: 150px; max-height: 150px\" \/>\t\t<\/div>\n\t<\/div>\n\t\t<div class=\"vlp-link-text-container\">\n\t\t\t\t<div class=\"vlp-link-title\">\n\t\t\tAsow-Regiment, Stepan Bandera &amp; Co &#8211; Rechtsextremisten in der Ukraine und ihr Einfluss im Land\t\t<\/div>\n\t\t\t\t\t\t<div class=\"vlp-link-summary\">\n\t\t\tImmer wieder wird \u00fcber das ber\u00fcchtigte Asow-Regiment oder den einstigen Partisanenf\u00fchrer Stepan Bandera und dessen Anh\u00e4nger berichtet. Auch in der Ukraine gibt es rechtsextremistische Gruppierungen. \u00dcber deren Bedeutung gibt es jedoch unterschiedliche Ansichten. Kreml-Chef Putin begr\u00fcndete den Angri\u2026\t\t<\/div>\n\t\t\t<\/div>\n<\/div>\n","protected":false},"excerpt":{"rendered":"<p>Im Rahmen der europaweiten Aktion \u201eAzovstal &#8211; Free Mariupol Defenders\u201c wurde am Wochenende auf verschiedenen Kundgebung an die in russischer Gefangenschaft befindlichen Soldaten aus dem Azov-Stahlwerk Mariupol erinnert und deren [&hellip;]<\/p>\n","protected":false},"author":1,"featured_media":5571,"comment_status":"open","ping_status":"open","sticky":false,"template":"","format":"standard","meta":{"_crdt_document":"","advanced_seo_description":"","jetpack_seo_html_title":"","jetpack_seo_noindex":false,"_EventAllDay":false,"_EventTimezone":"","_EventStartDate":"","_EventEndDate":"","_EventStartDateUTC":"","_EventEndDateUTC":"","_EventShowMap":false,"_EventShowMapLink":false,"_EventURL":"","_EventCost":"","_EventCostDescription":"","_EventCurrencySymbol":"","_EventCurrencyCode":"","_EventCurrencyPosition":"","_EventDateTimeSeparator":"","_EventTimeRangeSeparator":"","_EventOrganizerID":[],"_EventVenueID":[],"_OrganizerEmail":"","_OrganizerPhone":"","_OrganizerWebsite":"","_VenueAddress":"","_VenueCity":"","_VenueCountry":"","_VenueProvince":"","_VenueState":"","_VenueZip":"","_VenuePhone":"","_VenueURL":"","_VenueStateProvince":"","_VenueLat":"","_VenueLng":"","_VenueShowMap":false,"_VenueShowMapLink":false,"jetpack_post_was_ever_published":false,"_jetpack_newsletter_access":"","_jetpack_dont_email_post_to_subs":false,"_jetpack_newsletter_tier_id":0,"_jetpack_memberships_contains_paywalled_content":false,"_jetpack_memberships_contains_paid_content":false,"footnotes":""},"categories":[692],"tags":[436,315,333,25],"class_list":["post-5585","post","type-post","status-publish","format-standard","has-post-thumbnail","hentry","category-ukraine","tag-krieg","tag-politik","tag-russland","tag-ukraine"],"jetpack_featured_media_url":"https:\/\/i0.wp.com\/ralupo.me\/wp-content\/uploads\/2022\/06\/C9F1C794-9866-49D9-BB23-9801CEBD8C0B-scaled.jpeg?fit=2560%2C1920&ssl=1","jetpack_sharing_enabled":true,"jetpack-related-posts":[{"id":14154,"url":"https:\/\/ralupo.me\/en\/archive\/14154","url_meta":{"origin":5585,"position":0},"title":"\u201eRussian captivity kills\u201c","author":"Lupo","date":"29. July 2024","format":false,"excerpt":"[:de] In Berlin haben am Sonntag Nachmittag mehrere hundert Menschen an das Massaker von Olenivka und an die Menschen in russischer Kriegsgefangenschaft erinnert. Aktuell befinden sich etwa 28.000 Personen in russischer Gefangenschaft, davon 14.000 Zivilisten, die ohne Zugang zu rechtlicher Vertretung, ohne rechtsstaatliches Verfahren und unter grausamer Folter festgehalten werden.\u2026","rel":"","context":"In &quot;Politik&quot;","block_context":{"text":"Politik","link":"https:\/\/ralupo.me\/en\/archive\/category\/politik"},"img":{"alt_text":"","src":"https:\/\/i0.wp.com\/ralupo.me\/wp-content\/uploads\/2024\/07\/IMG_4361_jpg-1-scaled.jpeg?fit=1200%2C900&ssl=1&resize=350%2C200","width":350,"height":200,"srcset":"https:\/\/i0.wp.com\/ralupo.me\/wp-content\/uploads\/2024\/07\/IMG_4361_jpg-1-scaled.jpeg?fit=1200%2C900&ssl=1&resize=350%2C200 1x, https:\/\/i0.wp.com\/ralupo.me\/wp-content\/uploads\/2024\/07\/IMG_4361_jpg-1-scaled.jpeg?fit=1200%2C900&ssl=1&resize=525%2C300 1.5x, https:\/\/i0.wp.com\/ralupo.me\/wp-content\/uploads\/2024\/07\/IMG_4361_jpg-1-scaled.jpeg?fit=1200%2C900&ssl=1&resize=700%2C400 2x, https:\/\/i0.wp.com\/ralupo.me\/wp-content\/uploads\/2024\/07\/IMG_4361_jpg-1-scaled.jpeg?fit=1200%2C900&ssl=1&resize=1050%2C600 3x"},"classes":[]},{"id":5121,"url":"https:\/\/ralupo.me\/en\/archive\/5121","url_meta":{"origin":5585,"position":1},"title":"Protestzug gegen russischen Angriffskrieg","author":"Lupo","date":"16. May 2022","format":false,"excerpt":"[:de] In Mainz haben am Sonntag Nachmittag mehrere hundert Teilnehmer gegen den russischen Angriffskrieg gegen die Ukraine demonstriert. Aufgerufen hatte der Ukrainische Verein in Mainz. Die Teilnehmer sammelten sich am Hauptbahnhof und zogen \u00fcber den M\u00fcnster- und Schillerplatz zur zentralen Kundgebung am Gutenbergplatz. https:\/\/youtu.be\/tNvm9XWBfp0 Begleitet wurden sie dabei durch das\u2026","rel":"","context":"In &quot;Politik&quot;","block_context":{"text":"Politik","link":"https:\/\/ralupo.me\/en\/archive\/category\/politik"},"img":{"alt_text":"","src":"https:\/\/i0.wp.com\/ralupo.me\/wp-content\/uploads\/2022\/05\/48E5B3DD-61E3-4DFB-8E56-DF78A4AC9AD3-scaled.jpeg?fit=1200%2C900&ssl=1&resize=350%2C200","width":350,"height":200,"srcset":"https:\/\/i0.wp.com\/ralupo.me\/wp-content\/uploads\/2022\/05\/48E5B3DD-61E3-4DFB-8E56-DF78A4AC9AD3-scaled.jpeg?fit=1200%2C900&ssl=1&resize=350%2C200 1x, https:\/\/i0.wp.com\/ralupo.me\/wp-content\/uploads\/2022\/05\/48E5B3DD-61E3-4DFB-8E56-DF78A4AC9AD3-scaled.jpeg?fit=1200%2C900&ssl=1&resize=525%2C300 1.5x, https:\/\/i0.wp.com\/ralupo.me\/wp-content\/uploads\/2022\/05\/48E5B3DD-61E3-4DFB-8E56-DF78A4AC9AD3-scaled.jpeg?fit=1200%2C900&ssl=1&resize=700%2C400 2x, https:\/\/i0.wp.com\/ralupo.me\/wp-content\/uploads\/2022\/05\/48E5B3DD-61E3-4DFB-8E56-DF78A4AC9AD3-scaled.jpeg?fit=1200%2C900&ssl=1&resize=1050%2C600 3x"},"classes":[]},{"id":5101,"url":"https:\/\/ralupo.me\/en\/archive\/5101","url_meta":{"origin":5585,"position":2},"title":"Ukraine gewinnt den ESC: Signal europ\u00e4ischer Solidarit\u00e4t","author":"Lupo","date":"15. May 2022","format":false,"excerpt":"[:de] Die ukrainische Band \u201eKalush Orchestra\u201c hat in der Nacht den Eurovision 2022 in Turin mit ihrem Lied \u201eStephania\u201c f\u00fcr die Ukraine gewonnen. Dabei konnten sie auf die starke Unterst\u00fctzung der Zuschauer setzen, die sie mit durchschnittlich 11,3 Punkten bewerteten. Der diesj\u00e4hrige Eurovision Song Contest war damit politischer als viele\u2026","rel":"","context":"In &quot;Eastbound&quot;","block_context":{"text":"Eastbound","link":"https:\/\/ralupo.me\/en\/archive\/category\/eastbound"},"img":{"alt_text":"","src":"https:\/\/i0.wp.com\/ralupo.me\/wp-content\/uploads\/2022\/05\/FSwQbPEWAAYuaLX.jpeg?fit=1200%2C767&ssl=1&resize=350%2C200","width":350,"height":200,"srcset":"https:\/\/i0.wp.com\/ralupo.me\/wp-content\/uploads\/2022\/05\/FSwQbPEWAAYuaLX.jpeg?fit=1200%2C767&ssl=1&resize=350%2C200 1x, https:\/\/i0.wp.com\/ralupo.me\/wp-content\/uploads\/2022\/05\/FSwQbPEWAAYuaLX.jpeg?fit=1200%2C767&ssl=1&resize=525%2C300 1.5x, https:\/\/i0.wp.com\/ralupo.me\/wp-content\/uploads\/2022\/05\/FSwQbPEWAAYuaLX.jpeg?fit=1200%2C767&ssl=1&resize=700%2C400 2x, https:\/\/i0.wp.com\/ralupo.me\/wp-content\/uploads\/2022\/05\/FSwQbPEWAAYuaLX.jpeg?fit=1200%2C767&ssl=1&resize=1050%2C600 3x"},"classes":[]},{"id":14452,"url":"https:\/\/ralupo.me\/en\/archive\/14452","url_meta":{"origin":5585,"position":3},"title":"Russische Soldaten als Opfer des russischen Imperialismus? Eine Wutmeldung","author":"Lupo","date":"16. October 2024","format":false,"excerpt":"[:de] Am 24. Februar 2022 hat Russland die Ukraine gro\u00dffl\u00e4chig angegriffen und den seit 2014 k\u00f6chelnden Krieg im Donbas auf das ganze Land ausgedehnt. Kurz darauf hat Bundeskanzler Olaf Scholz eine Zeitenwende ausgerufen. Wenn der Bundeskanzler im Bundestag heute, bald 1000 Tage nach dem 24. Februar 2022 meint, die get\u00f6teten\u2026","rel":"","context":"In &quot;Politik&quot;","block_context":{"text":"Politik","link":"https:\/\/ralupo.me\/en\/archive\/category\/politik"},"img":{"alt_text":"","src":"https:\/\/i0.wp.com\/ralupo.me\/wp-content\/uploads\/2024\/03\/IMG_0634_jpg-scaled.jpeg?fit=1200%2C900&ssl=1&resize=350%2C200","width":350,"height":200,"srcset":"https:\/\/i0.wp.com\/ralupo.me\/wp-content\/uploads\/2024\/03\/IMG_0634_jpg-scaled.jpeg?fit=1200%2C900&ssl=1&resize=350%2C200 1x, https:\/\/i0.wp.com\/ralupo.me\/wp-content\/uploads\/2024\/03\/IMG_0634_jpg-scaled.jpeg?fit=1200%2C900&ssl=1&resize=525%2C300 1.5x, https:\/\/i0.wp.com\/ralupo.me\/wp-content\/uploads\/2024\/03\/IMG_0634_jpg-scaled.jpeg?fit=1200%2C900&ssl=1&resize=700%2C400 2x, https:\/\/i0.wp.com\/ralupo.me\/wp-content\/uploads\/2024\/03\/IMG_0634_jpg-scaled.jpeg?fit=1200%2C900&ssl=1&resize=1050%2C600 3x"},"classes":[]},{"id":14148,"url":"https:\/\/ralupo.me\/en\/archive\/14148","url_meta":{"origin":5585,"position":4},"title":"Aufgelesen: Lupos Lesewoche #15","author":"Lupo","date":"28. July 2024","format":false,"excerpt":"[:de] Die deutsche Osteuropa-Historikerin Franziska Davies hat mit dem Kyiv Independent \u00fcber die historischen Beziehungen zwischen Deutschland und Russland, deutsche Missverst\u00e4ndnisse \u00fcber die Ukraine und ihren Nationalismus sowie den anhaltenden Einfluss des Zweiten Weltkriegs auf die deutsche Osteuropapolitik gesprochen. Die Ukraine war f\u00fcr die Deutschen bis zum vollst\u00e4ndigen Einmarsch Moskaus\u2026","rel":"","context":"In &quot;Aufgelesen&quot;","block_context":{"text":"Aufgelesen","link":"https:\/\/ralupo.me\/en\/archive\/category\/aufgelesen"},"img":{"alt_text":"","src":"https:\/\/i0.wp.com\/ralupo.me\/wp-content\/uploads\/2024\/07\/IMG_4281-scaled.jpeg?fit=1200%2C900&ssl=1&resize=350%2C200","width":350,"height":200,"srcset":"https:\/\/i0.wp.com\/ralupo.me\/wp-content\/uploads\/2024\/07\/IMG_4281-scaled.jpeg?fit=1200%2C900&ssl=1&resize=350%2C200 1x, https:\/\/i0.wp.com\/ralupo.me\/wp-content\/uploads\/2024\/07\/IMG_4281-scaled.jpeg?fit=1200%2C900&ssl=1&resize=525%2C300 1.5x, https:\/\/i0.wp.com\/ralupo.me\/wp-content\/uploads\/2024\/07\/IMG_4281-scaled.jpeg?fit=1200%2C900&ssl=1&resize=700%2C400 2x, https:\/\/i0.wp.com\/ralupo.me\/wp-content\/uploads\/2024\/07\/IMG_4281-scaled.jpeg?fit=1200%2C900&ssl=1&resize=1050%2C600 3x"},"classes":[]},{"id":13499,"url":"https:\/\/ralupo.me\/en\/archive\/13499","url_meta":{"origin":5585,"position":5},"title":"Aufgelesen: Lupos Lesewoche #4","author":"Lupo","date":"31. January 2024","format":false,"excerpt":"[:de] Mariupol \u2022 Das ZDF hat mit einem haarstr\u00e4ubenden Report aus der von Russland zerst\u00f6rten und besetzten ukrainischen Stadt Mariupol wieder mal geh\u00f6rig daneben gegriffen. Berichtet hat \u00fcbrigens der Korrespondenz aus Moskau \ud83e\udd21. https:\/\/twitter.com\/krista__marija\/status\/1752303681783881747?s=46&t=GKIvhh9r6UWBvQbV97UQ_g Zum Thema sei das ausf\u00fchrliche Gutachten \u201eV\u00f6lkermord in Mariupol\u02bcRusslands Kriegsf\u00fchrung in der Ukraine\u201c von Otto Luchterhand\u2026","rel":"","context":"In &quot;Aufgelesen&quot;","block_context":{"text":"Aufgelesen","link":"https:\/\/ralupo.me\/en\/archive\/category\/aufgelesen"},"img":{"alt_text":"","src":"https:\/\/i0.wp.com\/ralupo.me\/wp-content\/uploads\/2024\/02\/IMG_7829-scaled.jpeg?fit=1200%2C900&ssl=1&resize=350%2C200","width":350,"height":200,"srcset":"https:\/\/i0.wp.com\/ralupo.me\/wp-content\/uploads\/2024\/02\/IMG_7829-scaled.jpeg?fit=1200%2C900&ssl=1&resize=350%2C200 1x, https:\/\/i0.wp.com\/ralupo.me\/wp-content\/uploads\/2024\/02\/IMG_7829-scaled.jpeg?fit=1200%2C900&ssl=1&resize=525%2C300 1.5x, https:\/\/i0.wp.com\/ralupo.me\/wp-content\/uploads\/2024\/02\/IMG_7829-scaled.jpeg?fit=1200%2C900&ssl=1&resize=700%2C400 2x, https:\/\/i0.wp.com\/ralupo.me\/wp-content\/uploads\/2024\/02\/IMG_7829-scaled.jpeg?fit=1200%2C900&ssl=1&resize=1050%2C600 3x"},"classes":[]}],"jetpack_shortlink":"https:\/\/wp.me\/pcanHs-1s5","_links":{"self":[{"href":"https:\/\/ralupo.me\/en\/wp-json\/wp\/v2\/posts\/5585","targetHints":{"allow":["GET"]}}],"collection":[{"href":"https:\/\/ralupo.me\/en\/wp-json\/wp\/v2\/posts"}],"about":[{"href":"https:\/\/ralupo.me\/en\/wp-json\/wp\/v2\/types\/post"}],"author":[{"embeddable":true,"href":"https:\/\/ralupo.me\/en\/wp-json\/wp\/v2\/users\/1"}],"replies":[{"embeddable":true,"href":"https:\/\/ralupo.me\/en\/wp-json\/wp\/v2\/comments?post=5585"}],"version-history":[{"count":0,"href":"https:\/\/ralupo.me\/en\/wp-json\/wp\/v2\/posts\/5585\/revisions"}],"wp:featuredmedia":[{"embeddable":true,"href":"https:\/\/ralupo.me\/en\/wp-json\/wp\/v2\/media\/5571"}],"wp:attachment":[{"href":"https:\/\/ralupo.me\/en\/wp-json\/wp\/v2\/media?parent=5585"}],"wp:term":[{"taxonomy":"category","embeddable":true,"href":"https:\/\/ralupo.me\/en\/wp-json\/wp\/v2\/categories?post=5585"},{"taxonomy":"post_tag","embeddable":true,"href":"https:\/\/ralupo.me\/en\/wp-json\/wp\/v2\/tags?post=5585"}],"curies":[{"name":"wp","href":"https:\/\/api.w.org\/{rel}","templated":true}]}}