{"id":5553,"date":"2022-06-19T12:16:46","date_gmt":"2022-06-19T10:16:46","guid":{"rendered":"https:\/\/ralupo.me\/?p=5553"},"modified":"2022-06-19T21:38:22","modified_gmt":"2022-06-19T19:38:22","slug":"keine-transit-gueterzuege-nach-kaliningrad-mehr-durch-litauen","status":"publish","type":"post","link":"https:\/\/ralupo.me\/en\/archive\/5553","title":{"rendered":"Keine Transit-G\u00fcterz\u00fcge nach Kaliningrad mehr durch Litauen"},"content":{"rendered":"<span class=\"span-reading-time rt-reading-time\" style=\"display: block;\"><span class=\"rt-label rt-prefix\">Lesedauer<\/span> <span class=\"rt-time\"> &lt; 1<\/span> <span class=\"rt-label rt-postfix\">Minute<\/span><\/span>\n<p class=\"eplus-wrapper wp-block-paragraph\">Die litauischen Beh\u00f6rden erlauben keine Transit-G\u00fcterz\u00fcge in die russische Exklave Kaliningrad mehr durch litauisches Staatsgebiet. Die Ma\u00dfnahme war am Samstag in Kraft getreten und beruht auf den wegen des Angriffs auf die Ukraine verh\u00e4ngten Sanktionen der EU. <\/p>\n\n\n\n<p class=\"eplus-wrapper wp-block-paragraph\">Bislang wurde ein Gro\u00dfteil des G\u00fcterverkehrs \u00fcber die Schiene durch Litauen abgewickelt. Die EU-Sanktionsliste umfasst insbesondere Kohle, Metalle, Baumaterialien und fortschrittliche Technologie. Das entspricht etwa 50% der G\u00fcter, die Kaliningrad importiert. <\/p>\n\n\n\n<figure class=\"wp-block-image size-large is-resized eplus-wrapper\"><img data-recalc-dims=\"1\" fetchpriority=\"high\" decoding=\"async\" data-attachment-id=\"5556\" data-permalink=\"https:\/\/ralupo.me\/en\/archive\/5553\/a2cfc58b-2598-4eab-a415-13de551a12d7\" data-orig-file=\"https:\/\/i0.wp.com\/ralupo.me\/wp-content\/uploads\/2022\/06\/A2CFC58B-2598-4EAB-A415-13DE551A12D7.jpeg?fit=2560%2C1710&amp;ssl=1\" data-orig-size=\"2560,1710\" data-comments-opened=\"1\" data-image-meta=\"{&quot;aperture&quot;:&quot;6.4&quot;,&quot;credit&quot;:&quot;LUPO&quot;,&quot;camera&quot;:&quot;X-T20&quot;,&quot;caption&quot;:&quot;&quot;,&quot;created_timestamp&quot;:&quot;1503312832&quot;,&quot;copyright&quot;:&quot;LUPO&quot;,&quot;focal_length&quot;:&quot;16&quot;,&quot;iso&quot;:&quot;400&quot;,&quot;shutter_speed&quot;:&quot;0.0071428571428571&quot;,&quot;title&quot;:&quot;&quot;,&quot;orientation&quot;:&quot;0&quot;}\" data-image-title=\"A2CFC58B-2598-4EAB-A415-13DE551A12D7\" data-image-description=\"\" data-image-caption=\"\" data-medium-file=\"https:\/\/i0.wp.com\/ralupo.me\/wp-content\/uploads\/2022\/06\/A2CFC58B-2598-4EAB-A415-13DE551A12D7.jpeg?fit=300%2C200&amp;ssl=1\" data-large-file=\"https:\/\/i0.wp.com\/ralupo.me\/wp-content\/uploads\/2022\/06\/A2CFC58B-2598-4EAB-A415-13DE551A12D7.jpeg?fit=1024%2C684&amp;ssl=1\" src=\"https:\/\/i0.wp.com\/ralupo.me\/wp-content\/uploads\/2022\/06\/A2CFC58B-2598-4EAB-A415-13DE551A12D7.jpeg?resize=374%2C249&#038;ssl=1\" alt=\"\" class=\"wp-image-5556\" width=\"374\" height=\"249\" srcset=\"https:\/\/i0.wp.com\/ralupo.me\/wp-content\/uploads\/2022\/06\/A2CFC58B-2598-4EAB-A415-13DE551A12D7.jpeg?resize=1024%2C684&amp;ssl=1 1024w, https:\/\/i0.wp.com\/ralupo.me\/wp-content\/uploads\/2022\/06\/A2CFC58B-2598-4EAB-A415-13DE551A12D7.jpeg?resize=600%2C401&amp;ssl=1 600w, https:\/\/i0.wp.com\/ralupo.me\/wp-content\/uploads\/2022\/06\/A2CFC58B-2598-4EAB-A415-13DE551A12D7.jpeg?resize=300%2C200&amp;ssl=1 300w, https:\/\/i0.wp.com\/ralupo.me\/wp-content\/uploads\/2022\/06\/A2CFC58B-2598-4EAB-A415-13DE551A12D7.jpeg?resize=768%2C513&amp;ssl=1 768w, https:\/\/i0.wp.com\/ralupo.me\/wp-content\/uploads\/2022\/06\/A2CFC58B-2598-4EAB-A415-13DE551A12D7.jpeg?resize=1536%2C1026&amp;ssl=1 1536w, https:\/\/i0.wp.com\/ralupo.me\/wp-content\/uploads\/2022\/06\/A2CFC58B-2598-4EAB-A415-13DE551A12D7.jpeg?resize=2048%2C1368&amp;ssl=1 2048w, https:\/\/i0.wp.com\/ralupo.me\/wp-content\/uploads\/2022\/06\/A2CFC58B-2598-4EAB-A415-13DE551A12D7.jpeg?resize=380%2C254&amp;ssl=1 380w, https:\/\/i0.wp.com\/ralupo.me\/wp-content\/uploads\/2022\/06\/A2CFC58B-2598-4EAB-A415-13DE551A12D7.jpeg?resize=800%2C534&amp;ssl=1 800w, https:\/\/i0.wp.com\/ralupo.me\/wp-content\/uploads\/2022\/06\/A2CFC58B-2598-4EAB-A415-13DE551A12D7.jpeg?resize=1160%2C775&amp;ssl=1 1160w, https:\/\/i0.wp.com\/ralupo.me\/wp-content\/uploads\/2022\/06\/A2CFC58B-2598-4EAB-A415-13DE551A12D7.jpeg?resize=760%2C508&amp;ssl=1 760w, https:\/\/i0.wp.com\/ralupo.me\/wp-content\/uploads\/2022\/06\/A2CFC58B-2598-4EAB-A415-13DE551A12D7.jpeg?resize=1600%2C1069&amp;ssl=1 1600w\" sizes=\"(max-width: 374px) 100vw, 374px\" \/><figcaption>G\u00fcterverkehr in Russland (Symbolbild)<\/figcaption><\/figure>\n\n\n\n<p class=\"eplus-wrapper wp-block-paragraph\">Litauen wartet nach Angaben aus dem litauischen Au\u00dfenministerium auf eine Klarstellung der EU-Kommission zur Anwendung europ\u00e4ischer Sanktionen auf den G\u00fcterverkehr in Kaliningrad.<\/p>\n\n\n<div class=\"vlp-link-container vlp-template-default wp-block-visual-link-preview-link\">\n\t<a href=\"https:\/\/bahnblogstelle.com\/183758\/litauens-bahntransit-beschraenkungen-nach-kaliningrad-sorgen-fuer-veraergerung-in-moskau\/\" class=\"vlp-link\" title=\"Litauens Bahntransit-Beschr\u00e4nkungen nach Kaliningrad sorgen f\u00fcr Ver\u00e4rgerung in Moskau | Bahnblogstelle\" rel=\"nofollow\" target=\"_blank\"><\/a>\t\t<div class=\"vlp-link-image-container\">\n\t\t<div class=\"vlp-link-image\">\n\t\t\t<img data-recalc-dims=\"1\" decoding=\"async\" src=\"https:\/\/i0.wp.com\/bahnblogstelle.com\/wp-content\/uploads\/2022\/06\/kaliningrad-gueterbahnhof__c__imago-agefotostock.jpg?ssl=1\" style=\"max-width: 150px; max-height: 150px\" \/>\t\t<\/div>\n\t<\/div>\n\t\t<div class=\"vlp-link-text-container\">\n\t\t\t\t<div class=\"vlp-link-title\">\n\t\t\tLitauens Bahntransit-Beschr\u00e4nkungen nach Kaliningrad sorgen f\u00fcr Ver\u00e4rgerung in Moskau | Bahnblogstelle\t\t<\/div>\n\t\t\t\t\t\t<div class=\"vlp-link-summary\">\n\t\t\tDie politische F\u00fchrung in Moskau hat ver\u00e4rgert auf Litauens Beschr\u00e4nkungen des Bahntransits zwischen der zu Russland geh\u00f6renden Ostsee-Exklave Kaliningrad und dem russischen Kernland reagiert.\t\t<\/div>\n\t\t\t<\/div>\n<\/div>\n\n\n\n<p class=\"eplus-wrapper wp-block-paragraph\">Die russischen Beh\u00f6rden in Kaliningrad warnten indes vor Panikk\u00e4ufen, der G\u00fcterverkehr werde nunmehr auf den Seeweg umgestellt. Zwei Schiffe aus Sankt Petersburg seien bereits unterwegs.<\/p>\n","protected":false},"excerpt":{"rendered":"<p>Die litauischen Beh\u00f6rden erlauben keine Transit-G\u00fcterz\u00fcge in die russische Exklave Kaliningrad mehr durch litauisches Staatsgebiet. Die Ma\u00dfnahme war am Samstag in Kraft getreten und beruht auf den wegen des Angriffs [&hellip;]<\/p>\n","protected":false},"author":1,"featured_media":5555,"comment_status":"open","ping_status":"open","sticky":false,"template":"","format":"standard","meta":{"_crdt_document":"","advanced_seo_description":"","jetpack_seo_html_title":"","jetpack_seo_noindex":false,"_EventAllDay":false,"_EventTimezone":"","_EventStartDate":"","_EventEndDate":"","_EventStartDateUTC":"","_EventEndDateUTC":"","_EventShowMap":false,"_EventShowMapLink":false,"_EventURL":"","_EventCost":"","_EventCostDescription":"","_EventCurrencySymbol":"","_EventCurrencyCode":"","_EventCurrencyPosition":"","_EventDateTimeSeparator":"","_EventTimeRangeSeparator":"","_EventOrganizerID":[],"_EventVenueID":[],"_OrganizerEmail":"","_OrganizerPhone":"","_OrganizerWebsite":"","_VenueAddress":"","_VenueCity":"","_VenueCountry":"","_VenueProvince":"","_VenueState":"","_VenueZip":"","_VenuePhone":"","_VenueURL":"","_VenueStateProvince":"","_VenueLat":"","_VenueLng":"","_VenueShowMap":false,"_VenueShowMapLink":false,"jetpack_post_was_ever_published":false,"_jetpack_newsletter_access":"","_jetpack_dont_email_post_to_subs":false,"_jetpack_newsletter_tier_id":0,"_jetpack_memberships_contains_paywalled_content":false,"_jetpack_memberships_contains_paid_content":false,"footnotes":""},"categories":[724],"tags":[384,436,333,407],"class_list":["post-5553","post","type-post","status-publish","format-standard","has-post-thumbnail","hentry","category-europa","tag-eu","tag-krieg","tag-russland","tag-sanktionen"],"jetpack_featured_media_url":"https:\/\/i0.wp.com\/ralupo.me\/wp-content\/uploads\/2022\/06\/FA246834-304C-431A-B1A7-1727778BF2E2.jpeg?fit=2048%2C1536&ssl=1","jetpack_sharing_enabled":true,"jetpack-related-posts":[{"id":641,"url":"https:\/\/ralupo.me\/en\/archive\/641","url_meta":{"origin":5553,"position":0},"title":"\u201eIsolation is not a way for any nation\u2019s prosperity and development\u201c","author":"Lupo","date":"13. August 2020","format":false,"excerpt":"[:en] Call for action on Belarus by the Presidents of Lithuania, Estonia, Latvia and Poland Four Presidents issued a joint statement calling upon the President of Belarus to de-escalate the situation and terminate the use of force against people immediately, urgently release all detained protesters and immediately initiate a dialogue\u2026","rel":"","context":"In &quot;Eastbound&quot;","block_context":{"text":"Eastbound","link":"https:\/\/ralupo.me\/en\/archive\/category\/eastbound"},"img":{"alt_text":"","src":"https:\/\/i0.wp.com\/ralupo.me\/wp-content\/uploads\/2020\/08\/img_0810-scaled.jpg?fit=1200%2C900&ssl=1&resize=350%2C200","width":350,"height":200,"srcset":"https:\/\/i0.wp.com\/ralupo.me\/wp-content\/uploads\/2020\/08\/img_0810-scaled.jpg?fit=1200%2C900&ssl=1&resize=350%2C200 1x, https:\/\/i0.wp.com\/ralupo.me\/wp-content\/uploads\/2020\/08\/img_0810-scaled.jpg?fit=1200%2C900&ssl=1&resize=525%2C300 1.5x, https:\/\/i0.wp.com\/ralupo.me\/wp-content\/uploads\/2020\/08\/img_0810-scaled.jpg?fit=1200%2C900&ssl=1&resize=700%2C400 2x, https:\/\/i0.wp.com\/ralupo.me\/wp-content\/uploads\/2020\/08\/img_0810-scaled.jpg?fit=1200%2C900&ssl=1&resize=1050%2C600 3x"},"classes":[]},{"id":323,"url":"https:\/\/ralupo.me\/en\/archive\/323","url_meta":{"origin":5553,"position":1},"title":"&#8220;Crimea is Ukraine&#8221;","author":"Lupo","date":"31. July 2020","format":false,"excerpt":"[:de] Die Botschaft der Ukraine\u00a0\ud83c\uddfa\ud83c\udde6\u00a0hat auf Facebook einen Kampagnentag unter dem Hashtag\u00a0#CrimeaIsUkraine\u00a0promotet, den ich gerne unterst\u00fctze. So soll an die Annexion der Halbinsel Krim vor sechs Jahren erinnert werden. https:\/\/www.facebook.com\/UkrBotschaftBerlin\/posts\/3212612282159506 So gerne ich auch nach Russland reise - aber die Vorg\u00e4nge auf der Krim im Jahre 2014 waren in der\u2026","rel":"","context":"In &quot;Ukraine&quot;","block_context":{"text":"Ukraine","link":"https:\/\/ralupo.me\/en\/archive\/category\/ukraine"},"img":{"alt_text":"","src":"https:\/\/i0.wp.com\/ralupo.me\/wp-content\/uploads\/2020\/07\/ABFB963B-B71B-411A-A300-AD2367071131.jpeg?fit=1200%2C675&ssl=1&resize=350%2C200","width":350,"height":200,"srcset":"https:\/\/i0.wp.com\/ralupo.me\/wp-content\/uploads\/2020\/07\/ABFB963B-B71B-411A-A300-AD2367071131.jpeg?fit=1200%2C675&ssl=1&resize=350%2C200 1x, https:\/\/i0.wp.com\/ralupo.me\/wp-content\/uploads\/2020\/07\/ABFB963B-B71B-411A-A300-AD2367071131.jpeg?fit=1200%2C675&ssl=1&resize=525%2C300 1.5x, https:\/\/i0.wp.com\/ralupo.me\/wp-content\/uploads\/2020\/07\/ABFB963B-B71B-411A-A300-AD2367071131.jpeg?fit=1200%2C675&ssl=1&resize=700%2C400 2x, https:\/\/i0.wp.com\/ralupo.me\/wp-content\/uploads\/2020\/07\/ABFB963B-B71B-411A-A300-AD2367071131.jpeg?fit=1200%2C675&ssl=1&resize=1050%2C600 3x"},"classes":[]},{"id":5322,"url":"https:\/\/ralupo.me\/en\/archive\/5322","url_meta":{"origin":5553,"position":2},"title":"Neue Wendung: T\u00fcrkei \u00fcbergibt Bayraktar-Drohne an Litauen kostenlos","author":"Lupo","date":"2. June 2022","format":false,"excerpt":"[:de] Neue Wendung in der au\u00dfergew\u00f6hnlichen litauischen Spendenaktion. Innert drei Tagen haben die B\u00fcrger des 2,8 Millionen Einwohner starken EU-Landes Litauen den Betrag von fast sechs Millionen Euro gespendet, um mit diesem Geld eine t\u00fcrkische Bayraktar-Drohne zu kaufen, um sie der Ukraine zu schenken. Gestern vermeldete der litauische Verteidigungsminister, dass\u2026","rel":"","context":"In &quot;Ukraine&quot;","block_context":{"text":"Ukraine","link":"https:\/\/ralupo.me\/en\/archive\/category\/ukraine"},"img":{"alt_text":"","src":"https:\/\/i0.wp.com\/ralupo.me\/wp-content\/uploads\/2022\/05\/img_8221.jpg?fit=1200%2C1200&ssl=1&resize=350%2C200","width":350,"height":200,"srcset":"https:\/\/i0.wp.com\/ralupo.me\/wp-content\/uploads\/2022\/05\/img_8221.jpg?fit=1200%2C1200&ssl=1&resize=350%2C200 1x, https:\/\/i0.wp.com\/ralupo.me\/wp-content\/uploads\/2022\/05\/img_8221.jpg?fit=1200%2C1200&ssl=1&resize=525%2C300 1.5x, https:\/\/i0.wp.com\/ralupo.me\/wp-content\/uploads\/2022\/05\/img_8221.jpg?fit=1200%2C1200&ssl=1&resize=700%2C400 2x, https:\/\/i0.wp.com\/ralupo.me\/wp-content\/uploads\/2022\/05\/img_8221.jpg?fit=1200%2C1200&ssl=1&resize=1050%2C600 3x"},"classes":[]},{"id":684,"url":"https:\/\/ralupo.me\/en\/archive\/684","url_meta":{"origin":5553,"position":3},"title":"Belarus: Kann sich Lukaschenka noch halten?","author":"Lupo","date":"16. August 2020","format":false,"excerpt":"[:de] +++Update (16:49 OEZ). Aktuell ist in sozialen Medien die Rede von bis zu 150.000 Menschen, die sich friedlich in Minsk versammelt haben, um f\u00fcr freie Wahlen und gegen Polizeigewalt zu demonstrieren. +++ Minsk, you are magnificent!\ud83e\udd0d\u2764\ufe0f\ud83e\udd0d#\u041b\u0443\u043a\u0430\u0448\u0435\u043d\u043a\u043e\u0423\u0445\u043e\u0434\u0438 #LukashenkoGoAway#Belarus pic.twitter.com\/YsRoQjwjyd\u2014 NEXTA (@nexta_tv) August 16, 2020 In Belarus stehen f\u00fcr heute wieder\u2026","rel":"","context":"In &quot;Eastbound&quot;","block_context":{"text":"Eastbound","link":"https:\/\/ralupo.me\/en\/archive\/category\/eastbound"},"img":{"alt_text":"","src":"https:\/\/i0.wp.com\/ralupo.me\/wp-content\/uploads\/2020\/08\/img_5982.jpg?fit=1200%2C799&ssl=1&resize=350%2C200","width":350,"height":200,"srcset":"https:\/\/i0.wp.com\/ralupo.me\/wp-content\/uploads\/2020\/08\/img_5982.jpg?fit=1200%2C799&ssl=1&resize=350%2C200 1x, https:\/\/i0.wp.com\/ralupo.me\/wp-content\/uploads\/2020\/08\/img_5982.jpg?fit=1200%2C799&ssl=1&resize=525%2C300 1.5x, https:\/\/i0.wp.com\/ralupo.me\/wp-content\/uploads\/2020\/08\/img_5982.jpg?fit=1200%2C799&ssl=1&resize=700%2C400 2x, https:\/\/i0.wp.com\/ralupo.me\/wp-content\/uploads\/2020\/08\/img_5982.jpg?fit=1200%2C799&ssl=1&resize=1050%2C600 3x"},"classes":[]},{"id":5287,"url":"https:\/\/ralupo.me\/en\/archive\/5287","url_meta":{"origin":5553,"position":4},"title":"Buy a Bayraktar","author":"Lupo","date":"29. May 2022","format":false,"excerpt":"[:de][:]","rel":"","context":"In &quot;Ukraine&quot;","block_context":{"text":"Ukraine","link":"https:\/\/ralupo.me\/en\/archive\/category\/ukraine"},"img":{"alt_text":"","src":"https:\/\/i0.wp.com\/ralupo.me\/wp-content\/uploads\/2022\/05\/img_8221.jpg?fit=1200%2C1200&ssl=1&resize=350%2C200","width":350,"height":200,"srcset":"https:\/\/i0.wp.com\/ralupo.me\/wp-content\/uploads\/2022\/05\/img_8221.jpg?fit=1200%2C1200&ssl=1&resize=350%2C200 1x, https:\/\/i0.wp.com\/ralupo.me\/wp-content\/uploads\/2022\/05\/img_8221.jpg?fit=1200%2C1200&ssl=1&resize=525%2C300 1.5x, https:\/\/i0.wp.com\/ralupo.me\/wp-content\/uploads\/2022\/05\/img_8221.jpg?fit=1200%2C1200&ssl=1&resize=700%2C400 2x, https:\/\/i0.wp.com\/ralupo.me\/wp-content\/uploads\/2022\/05\/img_8221.jpg?fit=1200%2C1200&ssl=1&resize=1050%2C600 3x"},"classes":[]},{"id":707,"url":"https:\/\/ralupo.me\/en\/archive\/707","url_meta":{"origin":5553,"position":5},"title":"EU erkennt Wahlergebnis in Belarus nicht an.","author":"Lupo","date":"19. August 2020","format":false,"excerpt":"[:de] Die EU erkennt das Ergebnis der Pr\u00e4sidentschaftswahlen in Belarus nicht an, da die Wahlen weder frei noch fair waren, so das Ergebnis is der Videokonferenz vom heutigen Mittwoch. (vgl. auch die\u00a0Schlussfolgerungen zum Sondergipfel). Ferner will die EU zus\u00e4tzliche 53 Mio. Euro f\u00fcr die Menschen in Belarus mobilisieren. Eine Million\u2026","rel":"","context":"In &quot;Teilnehmende Beobachtung&quot;","block_context":{"text":"Teilnehmende Beobachtung","link":"https:\/\/ralupo.me\/en\/archive\/category\/teilnehmende-beobachtung"},"img":{"alt_text":"","src":"https:\/\/i0.wp.com\/ralupo.me\/wp-content\/uploads\/2020\/08\/img_0807-scaled.jpg?fit=1200%2C900&ssl=1&resize=350%2C200","width":350,"height":200,"srcset":"https:\/\/i0.wp.com\/ralupo.me\/wp-content\/uploads\/2020\/08\/img_0807-scaled.jpg?fit=1200%2C900&ssl=1&resize=350%2C200 1x, https:\/\/i0.wp.com\/ralupo.me\/wp-content\/uploads\/2020\/08\/img_0807-scaled.jpg?fit=1200%2C900&ssl=1&resize=525%2C300 1.5x, https:\/\/i0.wp.com\/ralupo.me\/wp-content\/uploads\/2020\/08\/img_0807-scaled.jpg?fit=1200%2C900&ssl=1&resize=700%2C400 2x, https:\/\/i0.wp.com\/ralupo.me\/wp-content\/uploads\/2020\/08\/img_0807-scaled.jpg?fit=1200%2C900&ssl=1&resize=1050%2C600 3x"},"classes":[]}],"jetpack_shortlink":"https:\/\/wp.me\/pcanHs-1rz","_links":{"self":[{"href":"https:\/\/ralupo.me\/en\/wp-json\/wp\/v2\/posts\/5553","targetHints":{"allow":["GET"]}}],"collection":[{"href":"https:\/\/ralupo.me\/en\/wp-json\/wp\/v2\/posts"}],"about":[{"href":"https:\/\/ralupo.me\/en\/wp-json\/wp\/v2\/types\/post"}],"author":[{"embeddable":true,"href":"https:\/\/ralupo.me\/en\/wp-json\/wp\/v2\/users\/1"}],"replies":[{"embeddable":true,"href":"https:\/\/ralupo.me\/en\/wp-json\/wp\/v2\/comments?post=5553"}],"version-history":[{"count":0,"href":"https:\/\/ralupo.me\/en\/wp-json\/wp\/v2\/posts\/5553\/revisions"}],"wp:featuredmedia":[{"embeddable":true,"href":"https:\/\/ralupo.me\/en\/wp-json\/wp\/v2\/media\/5555"}],"wp:attachment":[{"href":"https:\/\/ralupo.me\/en\/wp-json\/wp\/v2\/media?parent=5553"}],"wp:term":[{"taxonomy":"category","embeddable":true,"href":"https:\/\/ralupo.me\/en\/wp-json\/wp\/v2\/categories?post=5553"},{"taxonomy":"post_tag","embeddable":true,"href":"https:\/\/ralupo.me\/en\/wp-json\/wp\/v2\/tags?post=5553"}],"curies":[{"name":"wp","href":"https:\/\/api.w.org\/{rel}","templated":true}]}}