{"id":5517,"date":"2022-06-17T15:44:51","date_gmt":"2022-06-17T13:44:51","guid":{"rendered":"https:\/\/ralupo.me\/?p=5517"},"modified":"2022-06-17T23:05:35","modified_gmt":"2022-06-17T21:05:35","slug":"kommission-befuerwortet-kandidatenstatus-fuer-ukraine-und-moldau","status":"publish","type":"post","link":"https:\/\/ralupo.me\/en\/archive\/5517","title":{"rendered":"Kommission bef\u00fcrwortet Kandidatenstatus f\u00fcr Ukraine und Moldau"},"content":{"rendered":"<span class=\"span-reading-time rt-reading-time\" style=\"display: block;\"><span class=\"rt-label rt-prefix\">Lesedauer<\/span> <span class=\"rt-time\"> 2<\/span> <span class=\"rt-label rt-postfix\">Minuten<\/span><\/span><\/p>\n\n\n<p class=\"eplus-wrapper wp-block-paragraph\">Die Europ\u00e4ische Kommission hat heute ihre Stellungnahmen zu den Antr\u00e4gen Antrag der Ukraine, Georgiens und der Republik Moldau auf Beitritt zur EU vorgelegt. Die heutigen Stellungnahmen st\u00fctzen sich auf die Bewertung der Kommission anhand der drei vom Europ\u00e4ischen Rat vereinbarten Kriterienkataloge f\u00fcr den EU-Beitritt: <\/p>\n\n\n\n<ul class=\"eplus-wrapper wp-block-list\"><li><strong>politische Kriterien, <\/strong><\/li><li><strong>wirtschaftliche Kriterien und <\/strong><\/li><li><strong>F\u00e4higkeit eines Landes, die aus der EU-Mitgliedschaft erwachsenden Verpflichtungen<\/strong> (EU-Besitzstand) <\/li><\/ul>\n\n\n\n<p class=\"eplus-wrapper wp-block-paragraph\">zu erf\u00fcllen. Die Stellungnahmen ber\u00fccksichtigen auch die Bem\u00fchungen der Ukraine, Moldaus und Georgiens bei der Erf\u00fcllung ihrer Verpflichtungen aus den Assoziierungsabkommen und den zugeh\u00f6rigen vertieften und umfassenden Freihandelszonen, die einen wesentlichen Teil des EU-Besitzstands abdecken.<\/p>\n\n\n\n<p class=\"eplus-wrapper wp-block-paragraph\">Die Europ\u00e4ische Kommission ist zu dem Ergebnis gekommen, dass die <strong>Ukraine<\/strong> bei der Erreichung der institutionellen Stabilit\u00e4t, die Garant f\u00fcr Demokratie, Rechtsstaatlichkeit, die Menschenrechte sowie f\u00fcr die Achtung und den Schutz von Minderheiten ist, <strong>insgesamt weit fortgeschritten ist<\/strong>, weiterhin eine solide makro\u00f6konomische Bilanz aufweist, dank makro\u00f6konomischer und finanzieller Stabilit\u00e4t eine <strong>bemerkenswerte Widerstandsf\u00e4higkeit unter Beweis gestellt hat<\/strong>, jedoch die ehrgeizigen strukturellen <strong>Wirtschaftsreformen weiter vorantreiben muss<\/strong>. Sie hat in vielen Bereichen schrittweise eine Ann\u00e4herung an wesentliche Teile des EU-Besitzstands erreicht.  <\/p>\n\n\n\n<p class=\"eplus-wrapper wp-block-paragraph\">Auf dieser Grundlage empfiehlt die Kommission, dass der <strong>Ukraine die Perspektive einer Mitgliedschaft in der Europ\u00e4ischen Union er\u00f6ffnet wird<\/strong>. Das Land sollte den Status eines Beitrittskandidaten erhalten, auch wenn in einer Reihe von Bereichen noch Ma\u00dfnahmen ergriffen werden m\u00fcssen.<\/p>\n\n\n\n<p class=\"eplus-wrapper wp-block-paragraph\"><strong> <\/strong>In Bezug auf <strong>Moldau<\/strong> kommt die Europ\u00e4ische Kommission zu dem Schluss, dass das Land \u00fcber eine solide Grundlage verf\u00fcgt, um die institutionelle Stabilit\u00e4t zu erreichen, die Garant f\u00fcr Demokratie, Rechtsstaatlichkeit, Menschenrechte sowie die Achtung und den Schutz von Minderheiten ist. Ferner wird die makro\u00f6konomische Politik als hinreichend solide beurteilt und es wurden Fortschritte bei der St\u00e4rkung des Finanzsektors und der Rahmenbedingungen f\u00fcr Unternehmen verzeichnet, jedoch m\u00fcssen noch zentrale Wirtschaftsreformen durchgef\u00fchrt werden. Das Land hat eine solide Basis f\u00fcr eine weitere Angleichung an den EU-Besitzstand geschaffen. Auf dieser Grundlage empfiehlt die Kommission, dass Moldau die Perspektive einer Mitgliedschaft in der Europ\u00e4ischen Union er\u00f6ffnet wird, auch wenn in einer Reihe von Bereichen noch Ma\u00dfnahmen ergriffen werden m\u00fcssen.<\/p>\n\n\n\n<p class=\"eplus-wrapper wp-block-paragraph\">EU-Kommissionspr\u00e4sidentin Ursula von der Leyen erkl\u00e4rte dazu:<\/p>\n\n\n\n<blockquote class=\"wp-block-quote eplus-wrapper is-layout-flow wp-block-quote-is-layout-flow\"><p>Die Stellungnahmen der Kommission stellen einen Meilenstein in unseren Beziehungen dar. Es ist wirklich ein historischer Tag f\u00fcr die Bev\u00f6lkerung der Ukraine, Moldaus und Georgiens.<strong> <\/strong>Wir bekr\u00e4ftigen, dass diese L\u00e4nder zu gegebener Zeit zur Europ\u00e4ischen Union geh\u00f6ren werden. F\u00fcr die n\u00e4chsten Schritte sind nun unsere Mitgliedstaaten zust\u00e4ndig.<\/p><\/blockquote>\n\n\n\n<p class=\"eplus-wrapper wp-block-paragraph\">Auf der Grundlage der Stellungnahmen der Europ\u00e4ischen Kommission m\u00fcssen die EU-Mitgliedstaaten nun einstimmig \u00fcber die n\u00e4chsten Schritte entscheiden.<\/p>\n\n\n\n<h3 class=\"wp-block-heading\">Wie \u00e4u\u00dfern sich die Mitgliedsstaaten? Wer unterst\u00fctzt die Ukraine?<\/h3>\n\n\n\n<p class=\"wp-block-paragraph\">Schweden \ud83c\uddf8\ud83c\uddea &#8211; \u2705<\/p>\n\n\n\n<p class=\"wp-block-paragraph\">Finnland \ud83c\uddeb\ud83c\uddee &#8211; <\/p>\n\n\n\n<p class=\"wp-block-paragraph\">D\u00e4nemark \ud83c\udde9\ud83c\uddf0- \u2705<\/p>\n\n\n\n<p class=\"wp-block-paragraph\">Niederlande \ud83c\uddf3\ud83c\uddf1 &#8211; \u2705<\/p>\n\n\n\n<p class=\"wp-block-paragraph\">Deutschland \ud83c\udde9\ud83c\uddea &#8211; \u2705 &#8211; <a href=\"https:\/\/ralupo.me\/deutschland-unterstuetzt-eu-kandidatenstatus-fuer-ukraine-und-moldau\/\">Erkl\u00e4rung<\/a><\/p>\n\n\n\n<p class=\"wp-block-paragraph\">Frankreich \ud83c\uddeb\ud83c\uddf7 &#8211; \u2705<\/p>\n\n\n\n<p class=\"wp-block-paragraph\">Italien \ud83c\uddee\ud83c\uddf9 &#8211; \u2705<\/p>\n\n\n\n<p class=\"wp-block-paragraph\">Polen \ud83c\uddf5\ud83c\uddf1 &#8211; \u2705 &#8211; <a href=\"https:\/\/ralupo.me\/open-letter-by-presidents-in-support-of-ukraines-swift-candidacy-to-the-european-union\/\">Offener Brief<\/a><\/p>\n\n\n\n<p class=\"wp-block-paragraph\">Estland \ud83c\uddea\ud83c\uddea &#8211; \u2705- <a href=\"https:\/\/ralupo.me\/open-letter-by-presidents-in-support-of-ukraines-swift-candidacy-to-the-european-union\/\">Offener Brief<\/a><\/p>\n\n\n\n<p class=\"wp-block-paragraph\">Lettland \ud83c\uddf1\ud83c\uddfb &#8211; \u2705 &#8211; <a href=\"https:\/\/ralupo.me\/open-letter-by-presidents-in-support-of-ukraines-swift-candidacy-to-the-european-union\/\">Offener Brief<\/a><\/p>\n\n\n\n<p class=\"wp-block-paragraph\">Litauen \ud83c\uddf1\ud83c\uddf9 &#8211; \u2705 &#8211; <a href=\"https:\/\/ralupo.me\/open-letter-by-presidents-in-support-of-ukraines-swift-candidacy-to-the-european-union\/\">Offener Brief<\/a><\/p>\n\n\n\n<p class=\"wp-block-paragraph\">Ungarn \ud83c\udded\ud83c\uddfa &#8211; <\/p>\n\n\n\n<p class=\"wp-block-paragraph\">Tschechien \ud83c\udde8\ud83c\uddff &#8211; \u2705 &#8211; <a href=\"https:\/\/ralupo.me\/open-letter-by-presidents-in-support-of-ukraines-swift-candidacy-to-the-european-union\/\">Offener Brief<\/a><\/p>\n\n\n\n<p class=\"wp-block-paragraph\">Slowakei \ud83c\uddf8\ud83c\uddf0 &#8211; \u2705 &#8211; <a href=\"https:\/\/ralupo.me\/open-letter-by-presidents-in-support-of-ukraines-swift-candidacy-to-the-european-union\/\">Offener Brief<\/a><\/p>\n\n\n\n<p class=\"wp-block-paragraph\">Rum\u00e4nien \ud83c\uddf7\ud83c\uddf4 &#8211; \u2705 &#8211; <a href=\"https:\/\/ralupo.me\/open-letter-by-presidents-in-support-of-ukraines-swift-candidacy-to-the-european-union\/\">Offener Brief<\/a><\/p>\n\n\n\n<p class=\"wp-block-paragraph\">Bulgarien \ud83c\udde7\ud83c\uddec &#8211; \u2705 &#8211; <a href=\"https:\/\/ralupo.me\/open-letter-by-presidents-in-support-of-ukraines-swift-candidacy-to-the-european-union\/\">Offener Brief<\/a><\/p>\n\n\n\n<p class=\"wp-block-paragraph\">Griechenland \ud83c\uddec\ud83c\uddf7 &#8211; <\/p>\n\n\n\n<p class=\"wp-block-paragraph\">Zypern \ud83c\udde8\ud83c\uddfe &#8211; <\/p>\n\n\n\n<p class=\"wp-block-paragraph\">Malta \ud83c\uddf2\ud83c\uddf9 &#8211; <\/p>\n\n\n\n<p class=\"wp-block-paragraph\">Spanien \ud83c\uddea\ud83c\uddf8 &#8211; <\/p>\n\n\n\n<p class=\"wp-block-paragraph\">Portugal \ud83c\uddf5\ud83c\uddf9 &#8211; <\/p>\n\n\n\n<p class=\"wp-block-paragraph\">Irland \ud83c\uddee\ud83c\uddea &#8211; \u2705<\/p>\n\n\n\n<p class=\"wp-block-paragraph\">Luxemburg \ud83c\uddf1\ud83c\uddfa- <\/p>\n\n\n\n<p class=\"wp-block-paragraph\">Belgien \ud83c\udde7\ud83c\uddea &#8211; <\/p>\n\n\n\n<p class=\"wp-block-paragraph\">\u00d6sterreich \ud83c\udde6\ud83c\uddf9 &#8211; \ud83e\uddd0<\/p>\n\n\n\n<p class=\"wp-block-paragraph\">Kroatien \ud83c\udded\ud83c\uddf7 &#8211; \u2705 <a rel=\"noreferrer noopener\" href=\"https:\/\/www.euractiv.de\/section\/eu-aussenpolitik\/news\/kroatischer-premier-unterstuetzt-eu-beitrittsgesuch-der-ukraine\/\" target=\"_blank\">Meldung<\/a><\/p>\n\n\n\n<p class=\"wp-block-paragraph\">Slowenien \ud83c\uddf8\ud83c\uddee &#8211; \u2705 <a href=\"https:\/\/ralupo.me\/open-letter-by-presidents-in-support-of-ukraines-swift-candidacy-to-the-european-union\/\">Offener Brief<\/a><\/p>\n\n\n<p><\/p>\n<p>","protected":false},"excerpt":{"rendered":"<p>Die Europ\u00e4ische Kommission hat heute ihre Stellungnahmen zu den Antr\u00e4gen Antrag der Ukraine, Georgiens und der Republik Moldau auf Beitritt zur EU vorgelegt. Die heutigen Stellungnahmen st\u00fctzen sich auf die [&hellip;]<\/p>\n","protected":false},"author":1,"featured_media":5357,"comment_status":"open","ping_status":"open","sticky":false,"template":"","format":"standard","meta":{"_crdt_document":"","advanced_seo_description":"","jetpack_seo_html_title":"","jetpack_seo_noindex":false,"_EventAllDay":false,"_EventTimezone":"","_EventStartDate":"","_EventEndDate":"","_EventStartDateUTC":"","_EventEndDateUTC":"","_EventShowMap":false,"_EventShowMapLink":false,"_EventURL":"","_EventCost":"","_EventCostDescription":"","_EventCurrencySymbol":"","_EventCurrencyCode":"","_EventCurrencyPosition":"","_EventDateTimeSeparator":"","_EventTimeRangeSeparator":"","_EventOrganizerID":[],"_EventVenueID":[],"_OrganizerEmail":"","_OrganizerPhone":"","_OrganizerWebsite":"","_VenueAddress":"","_VenueCity":"","_VenueCountry":"","_VenueProvince":"","_VenueState":"","_VenueZip":"","_VenuePhone":"","_VenueURL":"","_VenueStateProvince":"","_VenueLat":"","_VenueLng":"","_VenueShowMap":false,"_VenueShowMapLink":false,"jetpack_post_was_ever_published":false,"_jetpack_newsletter_access":"","_jetpack_dont_email_post_to_subs":false,"_jetpack_newsletter_tier_id":0,"_jetpack_memberships_contains_paywalled_content":false,"_jetpack_memberships_contains_paid_content":false,"footnotes":""},"categories":[724],"tags":[384,580,416,25],"class_list":["post-5517","post","type-post","status-publish","format-standard","has-post-thumbnail","hentry","category-europa","tag-eu","tag-europa","tag-moldau","tag-ukraine"],"jetpack_featured_media_url":"https:\/\/i0.wp.com\/ralupo.me\/wp-content\/uploads\/2022\/06\/BEF05B06-2C6C-4E2C-86F7-A3084F3CCD3B.jpeg?fit=2038%2C1170&ssl=1","jetpack_sharing_enabled":true,"jetpack-related-posts":[{"id":5507,"url":"https:\/\/ralupo.me\/en\/archive\/5507","url_meta":{"origin":5517,"position":0},"title":"Scholz: Deutschland unterst\u00fctzt EU-Kandidatenstatus f\u00fcr Ukraine und Moldau","author":"Lupo","date":"16. June 2022","format":false,"excerpt":"[:de] Die Bundesregierung ist daf\u00fcr, der Ukraine und der Republik Moldau den EU-Kandidatenstatus zuzusprechen. Das hat Bundeskanzler Olaf Scholz (SPD) anl\u00e4sslich seines lange erwarteten Besuchs in Kyiv erkl\u00e4rt. Schlolz war zusammen mit Frankreichs Pr\u00e4sident Macron, Italiens Premier Draghi und Rum\u00e4niens Pr\u00e4sident Johanis zu Gespr\u00e4chen mit dem ukrainischen Pr\u00e4sidenten Selenskij nach\u2026","rel":"","context":"In &quot;Europa&quot;","block_context":{"text":"Europa","link":"https:\/\/ralupo.me\/en\/archive\/category\/europa"},"img":{"alt_text":"","src":"https:\/\/i0.wp.com\/ralupo.me\/wp-content\/uploads\/2022\/06\/F875DE9E-7676-4356-914E-145352D59EA3-scaled.jpeg?fit=1200%2C900&ssl=1&resize=350%2C200","width":350,"height":200,"srcset":"https:\/\/i0.wp.com\/ralupo.me\/wp-content\/uploads\/2022\/06\/F875DE9E-7676-4356-914E-145352D59EA3-scaled.jpeg?fit=1200%2C900&ssl=1&resize=350%2C200 1x, https:\/\/i0.wp.com\/ralupo.me\/wp-content\/uploads\/2022\/06\/F875DE9E-7676-4356-914E-145352D59EA3-scaled.jpeg?fit=1200%2C900&ssl=1&resize=525%2C300 1.5x, https:\/\/i0.wp.com\/ralupo.me\/wp-content\/uploads\/2022\/06\/F875DE9E-7676-4356-914E-145352D59EA3-scaled.jpeg?fit=1200%2C900&ssl=1&resize=700%2C400 2x, https:\/\/i0.wp.com\/ralupo.me\/wp-content\/uploads\/2022\/06\/F875DE9E-7676-4356-914E-145352D59EA3-scaled.jpeg?fit=1200%2C900&ssl=1&resize=1050%2C600 3x"},"classes":[]},{"id":5465,"url":"https:\/\/ralupo.me\/en\/archive\/5465","url_meta":{"origin":5517,"position":1},"title":"Liveblog: EUkraine now","author":"Lupo","date":"12. June 2022","format":"video","excerpt":"[:de] Gro\u00dfe Ereignisse werfen ihre Schatten voraus. Am 17.06.2022 will die EU-Kommission ihre Stellungnahme zum Beitrittsantrag der Ukraine abgeben, Ende des Monats wollen die Staats- und Regierungschefs beraten und abstimmen. Wohlgemerkt: Es geht jetzt nicht um einen direkten EU-Beitritt, schon gar nicht per Express, sondern \"nur\" um dem Kandidatenstatus f\u00fcr\u2026","rel":"","context":"In &quot;Europa&quot;","block_context":{"text":"Europa","link":"https:\/\/ralupo.me\/en\/archive\/category\/europa"},"img":{"alt_text":"","src":"https:\/\/i0.wp.com\/ralupo.me\/wp-content\/uploads\/2022\/06\/2090CE8E-F029-4532-825A-EBED63E804CD.jpeg?fit=1200%2C683&ssl=1&resize=350%2C200","width":350,"height":200,"srcset":"https:\/\/i0.wp.com\/ralupo.me\/wp-content\/uploads\/2022\/06\/2090CE8E-F029-4532-825A-EBED63E804CD.jpeg?fit=1200%2C683&ssl=1&resize=350%2C200 1x, https:\/\/i0.wp.com\/ralupo.me\/wp-content\/uploads\/2022\/06\/2090CE8E-F029-4532-825A-EBED63E804CD.jpeg?fit=1200%2C683&ssl=1&resize=525%2C300 1.5x, https:\/\/i0.wp.com\/ralupo.me\/wp-content\/uploads\/2022\/06\/2090CE8E-F029-4532-825A-EBED63E804CD.jpeg?fit=1200%2C683&ssl=1&resize=700%2C400 2x, https:\/\/i0.wp.com\/ralupo.me\/wp-content\/uploads\/2022\/06\/2090CE8E-F029-4532-825A-EBED63E804CD.jpeg?fit=1200%2C683&ssl=1&resize=1050%2C600 3x"},"classes":[]},{"id":5458,"url":"https:\/\/ralupo.me\/en\/archive\/5458","url_meta":{"origin":5517,"position":2},"title":"&#8220;Ukraine ist Europa&#8221;","author":"Lupo","date":"12. June 2022","format":false,"excerpt":"[:de] Ende dieser Woche wird die EU-Kommission ihre Stellungnahme zum Beitrittsgesuch der Ukraine zur EU vorlegen, Ende des Monats wollen die Staats- und Regierungschefs der EU beraten. Unter dem Motto \"Frieden in Europa sichern - Ukraine in die EU und NATO aufnehmen\" haben am Samstag Mittag in der K\u00f6lner Innenstadt\u2026","rel":"","context":"In &quot;Ukraine&quot;","block_context":{"text":"Ukraine","link":"https:\/\/ralupo.me\/en\/archive\/category\/ukraine"},"img":{"alt_text":"","src":"https:\/\/i0.wp.com\/ralupo.me\/wp-content\/uploads\/2022\/06\/F1070AB0-49F0-41E1-8F94-24EA8975F55A-scaled.jpeg?fit=1200%2C900&ssl=1&resize=350%2C200","width":350,"height":200,"srcset":"https:\/\/i0.wp.com\/ralupo.me\/wp-content\/uploads\/2022\/06\/F1070AB0-49F0-41E1-8F94-24EA8975F55A-scaled.jpeg?fit=1200%2C900&ssl=1&resize=350%2C200 1x, https:\/\/i0.wp.com\/ralupo.me\/wp-content\/uploads\/2022\/06\/F1070AB0-49F0-41E1-8F94-24EA8975F55A-scaled.jpeg?fit=1200%2C900&ssl=1&resize=525%2C300 1.5x, https:\/\/i0.wp.com\/ralupo.me\/wp-content\/uploads\/2022\/06\/F1070AB0-49F0-41E1-8F94-24EA8975F55A-scaled.jpeg?fit=1200%2C900&ssl=1&resize=700%2C400 2x, https:\/\/i0.wp.com\/ralupo.me\/wp-content\/uploads\/2022\/06\/F1070AB0-49F0-41E1-8F94-24EA8975F55A-scaled.jpeg?fit=1200%2C900&ssl=1&resize=1050%2C600 3x"},"classes":[]},{"id":14266,"url":"https:\/\/ralupo.me\/en\/archive\/14266","url_meta":{"origin":5517,"position":3},"title":"Russlands hybrider Krieg um Moldau","author":"Lupo","date":"31. August 2024","format":false,"excerpt":"[:de] F\u00fcr den 20. Oktober 2024 stehen in der Republik Moldau Pr\u00e4sidentschaftswahlen an, die amtierende Pr\u00e4sidentin Maia Sandu tritt zur Wiederwahl an. Gleichzeitig hat die pro-europ\u00e4ische Pr\u00e4sidentin auch ein Referendum angesetzt: Moldaus Weg in die Europ\u00e4ische Union soll Verfassungsrang bekommen. Das Land hat zusammen mit der Ukraine Beitrittsgespr\u00e4che begonnen. In\u2026","rel":"","context":"In &quot;Europa&quot;","block_context":{"text":"Europa","link":"https:\/\/ralupo.me\/en\/archive\/category\/europa"},"img":{"alt_text":"","src":"https:\/\/i0.wp.com\/ralupo.me\/wp-content\/uploads\/2023\/12\/IMG_7513-scaled.jpeg?fit=1200%2C900&ssl=1&resize=350%2C200","width":350,"height":200,"srcset":"https:\/\/i0.wp.com\/ralupo.me\/wp-content\/uploads\/2023\/12\/IMG_7513-scaled.jpeg?fit=1200%2C900&ssl=1&resize=350%2C200 1x, https:\/\/i0.wp.com\/ralupo.me\/wp-content\/uploads\/2023\/12\/IMG_7513-scaled.jpeg?fit=1200%2C900&ssl=1&resize=525%2C300 1.5x, https:\/\/i0.wp.com\/ralupo.me\/wp-content\/uploads\/2023\/12\/IMG_7513-scaled.jpeg?fit=1200%2C900&ssl=1&resize=700%2C400 2x, https:\/\/i0.wp.com\/ralupo.me\/wp-content\/uploads\/2023\/12\/IMG_7513-scaled.jpeg?fit=1200%2C900&ssl=1&resize=1050%2C600 3x"},"classes":[]},{"id":4068,"url":"https:\/\/ralupo.me\/en\/archive\/4068","url_meta":{"origin":5517,"position":4},"title":"EU Kampagne sammelt 10,1 Milliarden Euro f\u00fcr ukrainische Fl\u00fcchtlinge","author":"Lupo","date":"10. April 2022","format":false,"excerpt":"[:de] Im Rahmen der weltweiten Spendenaktion \"Stand Up for Ukraine\" wurden 9,1 Mrd. EUR f\u00fcr Menschen gesammelt, die vor der russischen Invasion in der Ukraine und im Ausland fliehen, darunter 1 Mrd. EUR von der Europ\u00e4ischen Kommission. Dar\u00fcber hinaus hat die Europ\u00e4ische Bank f\u00fcr Wiederaufbau und Entwicklung ein zus\u00e4tzliches Darlehen\u2026","rel":"","context":"In &quot;Ukraine&quot;","block_context":{"text":"Ukraine","link":"https:\/\/ralupo.me\/en\/archive\/category\/ukraine"},"img":{"alt_text":"","src":"https:\/\/i0.wp.com\/ralupo.me\/wp-content\/uploads\/2022\/04\/P057241-277396-scaled.jpg?fit=1200%2C800&ssl=1&resize=350%2C200","width":350,"height":200,"srcset":"https:\/\/i0.wp.com\/ralupo.me\/wp-content\/uploads\/2022\/04\/P057241-277396-scaled.jpg?fit=1200%2C800&ssl=1&resize=350%2C200 1x, https:\/\/i0.wp.com\/ralupo.me\/wp-content\/uploads\/2022\/04\/P057241-277396-scaled.jpg?fit=1200%2C800&ssl=1&resize=525%2C300 1.5x, https:\/\/i0.wp.com\/ralupo.me\/wp-content\/uploads\/2022\/04\/P057241-277396-scaled.jpg?fit=1200%2C800&ssl=1&resize=700%2C400 2x, https:\/\/i0.wp.com\/ralupo.me\/wp-content\/uploads\/2022\/04\/P057241-277396-scaled.jpg?fit=1200%2C800&ssl=1&resize=1050%2C600 3x"},"classes":[]},{"id":12798,"url":"https:\/\/ralupo.me\/en\/archive\/12798","url_meta":{"origin":5517,"position":5},"title":"Moldaus Pr\u00e4sidentin will Referendum \u00fcber EU-Beitritt","author":"Lupo","date":"26. December 2023","format":false,"excerpt":"[:de]Die moldauische Pr\u00e4sidentin Maia Sandu hat an Weihnachten in einer Ansprache angek\u00fcndigt, f\u00fcr eine weitere Amtszeit zu kandidieren. Ferner will sie das moldauische Parlament zu bitten, ein Referendum abzuhalten: Die B\u00fcrger sollen \u00fcber den Beitritt Moldaus zur Europ\u00e4ischen Union abstimmen k\u00f6nnen. Sandu ist seit drei Jahren im Amt.[:]","rel":"","context":"In &quot;Europa&quot;","block_context":{"text":"Europa","link":"https:\/\/ralupo.me\/en\/archive\/category\/europa"},"img":{"alt_text":"","src":"https:\/\/i0.wp.com\/ralupo.me\/wp-content\/uploads\/2020\/08\/img_7850-scaled.jpg?fit=1200%2C900&ssl=1&resize=350%2C200","width":350,"height":200,"srcset":"https:\/\/i0.wp.com\/ralupo.me\/wp-content\/uploads\/2020\/08\/img_7850-scaled.jpg?fit=1200%2C900&ssl=1&resize=350%2C200 1x, https:\/\/i0.wp.com\/ralupo.me\/wp-content\/uploads\/2020\/08\/img_7850-scaled.jpg?fit=1200%2C900&ssl=1&resize=525%2C300 1.5x, https:\/\/i0.wp.com\/ralupo.me\/wp-content\/uploads\/2020\/08\/img_7850-scaled.jpg?fit=1200%2C900&ssl=1&resize=700%2C400 2x, https:\/\/i0.wp.com\/ralupo.me\/wp-content\/uploads\/2020\/08\/img_7850-scaled.jpg?fit=1200%2C900&ssl=1&resize=1050%2C600 3x"},"classes":[]}],"jetpack_shortlink":"https:\/\/wp.me\/pcanHs-1qZ","_links":{"self":[{"href":"https:\/\/ralupo.me\/en\/wp-json\/wp\/v2\/posts\/5517","targetHints":{"allow":["GET"]}}],"collection":[{"href":"https:\/\/ralupo.me\/en\/wp-json\/wp\/v2\/posts"}],"about":[{"href":"https:\/\/ralupo.me\/en\/wp-json\/wp\/v2\/types\/post"}],"author":[{"embeddable":true,"href":"https:\/\/ralupo.me\/en\/wp-json\/wp\/v2\/users\/1"}],"replies":[{"embeddable":true,"href":"https:\/\/ralupo.me\/en\/wp-json\/wp\/v2\/comments?post=5517"}],"version-history":[{"count":0,"href":"https:\/\/ralupo.me\/en\/wp-json\/wp\/v2\/posts\/5517\/revisions"}],"wp:featuredmedia":[{"embeddable":true,"href":"https:\/\/ralupo.me\/en\/wp-json\/wp\/v2\/media\/5357"}],"wp:attachment":[{"href":"https:\/\/ralupo.me\/en\/wp-json\/wp\/v2\/media?parent=5517"}],"wp:term":[{"taxonomy":"category","embeddable":true,"href":"https:\/\/ralupo.me\/en\/wp-json\/wp\/v2\/categories?post=5517"},{"taxonomy":"post_tag","embeddable":true,"href":"https:\/\/ralupo.me\/en\/wp-json\/wp\/v2\/tags?post=5517"}],"curies":[{"name":"wp","href":"https:\/\/api.w.org\/{rel}","templated":true}]}}