{"id":5515,"date":"2022-06-17T11:03:40","date_gmt":"2022-06-17T09:03:40","guid":{"rendered":"https:\/\/ralupo.me\/?p=5515"},"modified":"2022-06-17T11:03:44","modified_gmt":"2022-06-17T09:03:44","slug":"coca-cola-verlaesst-russischen-markt","status":"publish","type":"post","link":"https:\/\/ralupo.me\/en\/archive\/5515","title":{"rendered":"Coca Cola verl\u00e4sst russischen Markt"},"content":{"rendered":"<span class=\"span-reading-time rt-reading-time\" style=\"display: block;\"><span class=\"rt-label rt-prefix\">Lesedauer<\/span> <span class=\"rt-time\"> &lt; 1<\/span> <span class=\"rt-label rt-postfix\">Minute<\/span><\/span>\n<p class=\"eplus-wrapper wp-block-paragraph\">Die Coca Cola Company hatte bereits kurz nach dem russischen Angriff auf die Ukraine ihre Marktt\u00e4tigkeit unterbrochen (\u201esuspended\u201c) und die Solidarit\u00e4t mit der Ukraine und ihrer Bev\u00f6lkerung bekundet. Man wolle die weitere Entwicklung beobachten.<\/p>\n\n\n\n<figure class=\"wp-block-embed is-type-rich is-provider-twitter wp-block-embed-twitter eplus-wrapper\"><div class=\"wp-block-embed__wrapper\">\n<blockquote class=\"twitter-tweet\" data-width=\"500\" data-dnt=\"true\"><p lang=\"en\" dir=\"ltr\">\u26a1\ufe0fCoca-Cola to leave Russian market. <br><br>The company said in a statement it is depleting its stock in the country and will stop the production and sale of Coca-Cola or other brands of the company in Russia.<\/p>&mdash; The Kyiv Independent (@KyivIndependent) <a href=\"https:\/\/twitter.com\/KyivIndependent\/status\/1537502876263751680?ref_src=twsrc%5Etfw\">June 16, 2022<\/a><\/blockquote><script async src=\"https:\/\/platform.twitter.com\/widgets.js\" charset=\"utf-8\"><\/script>\n<\/div><\/figure>\n\n\n\n<p class=\"eplus-wrapper wp-block-paragraph\">Nun hat man offenbar genug gesehen und die Entscheidung getroffen, den russischen Markt g\u00e4nzlich zu verlassen. Die Nachrichtenseite \u201eThe Kyiv Independent\u201c hatte dar\u00fcber berichtet. Die Lagerbest\u00e4nde w\u00fcrden nun geleert, die Produktion und der Verkauf von Coca Cola und anderer Marken sei eingestellt worden.<\/p>\n","protected":false},"excerpt":{"rendered":"<p>Die Coca Cola Company hatte bereits kurz nach dem russischen Angriff auf die Ukraine ihre Marktt\u00e4tigkeit unterbrochen (\u201esuspended\u201c) und die Solidarit\u00e4t mit der Ukraine und ihrer Bev\u00f6lkerung bekundet. Man wolle [&hellip;]<\/p>\n","protected":false},"author":1,"featured_media":5513,"comment_status":"open","ping_status":"open","sticky":false,"template":"","format":"standard","meta":{"_crdt_document":"","advanced_seo_description":"","jetpack_seo_html_title":"","jetpack_seo_noindex":false,"_EventAllDay":false,"_EventTimezone":"","_EventStartDate":"","_EventEndDate":"","_EventStartDateUTC":"","_EventEndDateUTC":"","_EventShowMap":false,"_EventShowMapLink":false,"_EventURL":"","_EventCost":"","_EventCostDescription":"","_EventCurrencySymbol":"","_EventCurrencyCode":"","_EventCurrencyPosition":"","_EventDateTimeSeparator":"","_EventTimeRangeSeparator":"","_EventOrganizerID":[],"_EventVenueID":[],"_OrganizerEmail":"","_OrganizerPhone":"","_OrganizerWebsite":"","_VenueAddress":"","_VenueCity":"","_VenueCountry":"","_VenueProvince":"","_VenueState":"","_VenueZip":"","_VenuePhone":"","_VenueURL":"","_VenueStateProvince":"","_VenueLat":"","_VenueLng":"","_VenueShowMap":false,"_VenueShowMapLink":false,"jetpack_post_was_ever_published":false,"_jetpack_newsletter_access":"","_jetpack_dont_email_post_to_subs":false,"_jetpack_newsletter_tier_id":0,"_jetpack_memberships_contains_paywalled_content":false,"_jetpack_memberships_contains_paid_content":false,"footnotes":""},"categories":[693],"tags":[732,333,407],"class_list":["post-5515","post","type-post","status-publish","format-standard","has-post-thumbnail","hentry","category-politik","tag-coca-cola","tag-russland","tag-sanktionen"],"jetpack_featured_media_url":"https:\/\/i0.wp.com\/ralupo.me\/wp-content\/uploads\/2022\/06\/348A3F89-BA69-4867-8BDA-978076ED636A-scaled.jpeg?fit=2560%2C1920&ssl=1","jetpack_sharing_enabled":true,"jetpack-related-posts":[{"id":8882,"url":"https:\/\/ralupo.me\/en\/archive\/8882","url_meta":{"origin":5515,"position":0},"title":"Mahnung an 358 get\u00f6tete Kinder in der Ukraine","author":"Lupo","date":"31. July 2022","format":false,"excerpt":"[:de] Seit f\u00fcnf Monaten dauert der russische Angriffskrieg gegen die Ukraine jetzt an. Bis dato hat er 358 Kinder das Leben gekostet. Um an das Leid der Kleinsten zu erinnern und den Krieg im Bewusstsein der Bev\u00f6lkerung zu halten, hatte der Verein Blau-Gelbes Kreuz in K\u00f6ln zu einer besonderen Kundgebung\u2026","rel":"","context":"In &quot;Ukraine&quot;","block_context":{"text":"Ukraine","link":"https:\/\/ralupo.me\/en\/archive\/category\/ukraine"},"img":{"alt_text":"","src":"https:\/\/i0.wp.com\/ralupo.me\/wp-content\/uploads\/2022\/07\/0648758F-F3DE-4E71-BE1C-C102EC216A86-scaled.jpeg?fit=1200%2C900&ssl=1&resize=350%2C200","width":350,"height":200,"srcset":"https:\/\/i0.wp.com\/ralupo.me\/wp-content\/uploads\/2022\/07\/0648758F-F3DE-4E71-BE1C-C102EC216A86-scaled.jpeg?fit=1200%2C900&ssl=1&resize=350%2C200 1x, https:\/\/i0.wp.com\/ralupo.me\/wp-content\/uploads\/2022\/07\/0648758F-F3DE-4E71-BE1C-C102EC216A86-scaled.jpeg?fit=1200%2C900&ssl=1&resize=525%2C300 1.5x, https:\/\/i0.wp.com\/ralupo.me\/wp-content\/uploads\/2022\/07\/0648758F-F3DE-4E71-BE1C-C102EC216A86-scaled.jpeg?fit=1200%2C900&ssl=1&resize=700%2C400 2x, https:\/\/i0.wp.com\/ralupo.me\/wp-content\/uploads\/2022\/07\/0648758F-F3DE-4E71-BE1C-C102EC216A86-scaled.jpeg?fit=1200%2C900&ssl=1&resize=1050%2C600 3x"},"classes":[]},{"id":5091,"url":"https:\/\/ralupo.me\/en\/archive\/5091","url_meta":{"origin":5515,"position":1},"title":"&#8220;Nie wieder&#8221;?","author":"Lupo","date":"9. May 2022","format":false,"excerpt":"[:de] W\u00e4hrend man sich in Berlin um den Umgang mit ukrainischen Fahnen an den Kriegsdenkm\u00e4lern streitet und eine kommunikative Bauchlandung hinlegte, tauchten tausende Menschen die K\u00f6lner Innenstadt am Sonntag in blau und gelb, um mit einem \"Marsch der V\u00f6lker\" gegen den russischen Krieg in der Ukraine zu demonstrieren. Kundgebung auf\u2026","rel":"","context":"In &quot;Veranstaltungen&quot;","block_context":{"text":"Veranstaltungen","link":"https:\/\/ralupo.me\/en\/archive\/category\/veranstaltungen"},"img":{"alt_text":"","src":"https:\/\/i0.wp.com\/ralupo.me\/wp-content\/uploads\/2022\/05\/62E074F3-9CBB-4DC4-8E2A-FB8DB4D91E3E-scaled.jpeg?fit=1200%2C900&ssl=1&resize=350%2C200","width":350,"height":200,"srcset":"https:\/\/i0.wp.com\/ralupo.me\/wp-content\/uploads\/2022\/05\/62E074F3-9CBB-4DC4-8E2A-FB8DB4D91E3E-scaled.jpeg?fit=1200%2C900&ssl=1&resize=350%2C200 1x, https:\/\/i0.wp.com\/ralupo.me\/wp-content\/uploads\/2022\/05\/62E074F3-9CBB-4DC4-8E2A-FB8DB4D91E3E-scaled.jpeg?fit=1200%2C900&ssl=1&resize=525%2C300 1.5x, https:\/\/i0.wp.com\/ralupo.me\/wp-content\/uploads\/2022\/05\/62E074F3-9CBB-4DC4-8E2A-FB8DB4D91E3E-scaled.jpeg?fit=1200%2C900&ssl=1&resize=700%2C400 2x, https:\/\/i0.wp.com\/ralupo.me\/wp-content\/uploads\/2022\/05\/62E074F3-9CBB-4DC4-8E2A-FB8DB4D91E3E-scaled.jpeg?fit=1200%2C900&ssl=1&resize=1050%2C600 3x"},"classes":[]},{"id":3557,"url":"https:\/\/ralupo.me\/en\/archive\/3557","url_meta":{"origin":5515,"position":2},"title":"Europas 11. September","author":"Lupo","date":"24. February 2022","format":false,"excerpt":"[:de] Der 24. Februar 2022 ist Europas 11. September. Der russische Pr\u00e4sident hat die unabh\u00e4ngige Ukraine angegriffen und nimmt das Land auch von Belarus aus in die Zange. Aus dem S\u00fcden werden alleine 20 Tote Zivilisten aus der Region Odessa gemeldet. Am Abend fanden in ganz Europa Solidarit\u00e4tskundgebungen statt. Teile\u2026","rel":"","context":"In &quot;Politik&quot;","block_context":{"text":"Politik","link":"https:\/\/ralupo.me\/en\/archive\/category\/politik"},"img":{"alt_text":"","src":"https:\/\/i0.wp.com\/ralupo.me\/wp-content\/uploads\/2022\/02\/F48436E5-B7B3-4271-8385-2DE82F7093F8-scaled.jpeg?fit=1200%2C900&ssl=1&resize=350%2C200","width":350,"height":200,"srcset":"https:\/\/i0.wp.com\/ralupo.me\/wp-content\/uploads\/2022\/02\/F48436E5-B7B3-4271-8385-2DE82F7093F8-scaled.jpeg?fit=1200%2C900&ssl=1&resize=350%2C200 1x, https:\/\/i0.wp.com\/ralupo.me\/wp-content\/uploads\/2022\/02\/F48436E5-B7B3-4271-8385-2DE82F7093F8-scaled.jpeg?fit=1200%2C900&ssl=1&resize=525%2C300 1.5x, https:\/\/i0.wp.com\/ralupo.me\/wp-content\/uploads\/2022\/02\/F48436E5-B7B3-4271-8385-2DE82F7093F8-scaled.jpeg?fit=1200%2C900&ssl=1&resize=700%2C400 2x, https:\/\/i0.wp.com\/ralupo.me\/wp-content\/uploads\/2022\/02\/F48436E5-B7B3-4271-8385-2DE82F7093F8-scaled.jpeg?fit=1200%2C900&ssl=1&resize=1050%2C600 3x"},"classes":[]},{"id":3891,"url":"https:\/\/ralupo.me\/en\/archive\/3891","url_meta":{"origin":5515,"position":3},"title":"Stille Performance f\u00fcr zivile Opfer","author":"Lupo","date":"2. April 2022","format":false,"excerpt":"[:de] Mit einer stillen Performance unter dem Titel \u201eSave Ukraine!\u201c haben mehr als 500 Menschen am Samstag Nachmittag auf dem Rathausmarkt in Hamburg auf die zahlreichen zivilen Opfer des Krieges in der Ukraine aufmerksam gemacht. Neben einer mit roter Farbe getr\u00e4nkten ukrainischen Fahne auf dem Boden lagen zahlreiche Spielsachen, Teddys,\u2026","rel":"","context":"In &quot;Ukraine&quot;","block_context":{"text":"Ukraine","link":"https:\/\/ralupo.me\/en\/archive\/category\/ukraine"},"img":{"alt_text":"","src":"https:\/\/i0.wp.com\/ralupo.me\/wp-content\/uploads\/2022\/04\/529A64AA-8A10-4D13-B5BD-C48C846C2902-scaled.jpeg?fit=1200%2C900&ssl=1&resize=350%2C200","width":350,"height":200,"srcset":"https:\/\/i0.wp.com\/ralupo.me\/wp-content\/uploads\/2022\/04\/529A64AA-8A10-4D13-B5BD-C48C846C2902-scaled.jpeg?fit=1200%2C900&ssl=1&resize=350%2C200 1x, https:\/\/i0.wp.com\/ralupo.me\/wp-content\/uploads\/2022\/04\/529A64AA-8A10-4D13-B5BD-C48C846C2902-scaled.jpeg?fit=1200%2C900&ssl=1&resize=525%2C300 1.5x, https:\/\/i0.wp.com\/ralupo.me\/wp-content\/uploads\/2022\/04\/529A64AA-8A10-4D13-B5BD-C48C846C2902-scaled.jpeg?fit=1200%2C900&ssl=1&resize=700%2C400 2x, https:\/\/i0.wp.com\/ralupo.me\/wp-content\/uploads\/2022\/04\/529A64AA-8A10-4D13-B5BD-C48C846C2902-scaled.jpeg?fit=1200%2C900&ssl=1&resize=1050%2C600 3x"},"classes":[]},{"id":10203,"url":"https:\/\/ralupo.me\/en\/archive\/10203","url_meta":{"origin":5515,"position":4},"title":"Ukrainische Schriftstellerin Victoria Amelina stirbt nach russischem Raketenangriff auf Kramatorsk","author":"Lupo","date":"3. July 2023","format":false,"excerpt":"[:de]Die ukrainische Schriftstellerin Victoria Amelina ist tot. Nach Mitteilung des ukrainischen Schriftstellerverbandes PEN erlag sie bereits am 01. Juli 2023 ihren schweren Verletzungen, die sie nach dem russischen Raketenangriff auf eine Pizzeria in Kramatorsk in der vergangenen Woche erlitten hat.[:]","rel":"","context":"In &quot;Ukraine&quot;","block_context":{"text":"Ukraine","link":"https:\/\/ralupo.me\/en\/archive\/category\/ukraine"},"img":{"alt_text":"","src":"https:\/\/i0.wp.com\/ralupo.me\/wp-content\/uploads\/2023\/07\/IMG_0142.jpg?fit=801%2C1200&ssl=1&resize=350%2C200","width":350,"height":200,"srcset":"https:\/\/i0.wp.com\/ralupo.me\/wp-content\/uploads\/2023\/07\/IMG_0142.jpg?fit=801%2C1200&ssl=1&resize=350%2C200 1x, https:\/\/i0.wp.com\/ralupo.me\/wp-content\/uploads\/2023\/07\/IMG_0142.jpg?fit=801%2C1200&ssl=1&resize=525%2C300 1.5x, https:\/\/i0.wp.com\/ralupo.me\/wp-content\/uploads\/2023\/07\/IMG_0142.jpg?fit=801%2C1200&ssl=1&resize=700%2C400 2x"},"classes":[]},{"id":10499,"url":"https:\/\/ralupo.me\/en\/archive\/10499","url_meta":{"origin":5515,"position":5},"title":"Zweiter Ukrainetag &#8211; ohne russischem Autokorso","author":"Lupo","date":"22. August 2023","format":false,"excerpt":"[:de]Bei deutlich \u00fcber 30 Grad im Schatten fand am vergangenen Sonntag in K\u00f6ln der zweite Ukraine-Tag, ausgerichtet vom deutsch-ukrainischen Verein \"Blau-Gelben Kreuz\", in K\u00f6ln statt. Der Ukraine-Tag ist ein gro\u00dfes ukrainisches Kulturfestival bei dem sich Kulturschaffende und Vereine aus ganz Nordrhein-Westfalen (und dar\u00fcber hinaus) pr\u00e4sentieren. Auch der Verein Fellas4Europe e.V.\u2026","rel":"","context":"In &quot;Politik&quot;","block_context":{"text":"Politik","link":"https:\/\/ralupo.me\/en\/archive\/category\/politik"},"img":{"alt_text":"","src":"https:\/\/i0.wp.com\/ralupo.me\/wp-content\/uploads\/2023\/08\/IMG_2410.jpeg?fit=1179%2C649&ssl=1&resize=350%2C200","width":350,"height":200,"srcset":"https:\/\/i0.wp.com\/ralupo.me\/wp-content\/uploads\/2023\/08\/IMG_2410.jpeg?fit=1179%2C649&ssl=1&resize=350%2C200 1x, https:\/\/i0.wp.com\/ralupo.me\/wp-content\/uploads\/2023\/08\/IMG_2410.jpeg?fit=1179%2C649&ssl=1&resize=525%2C300 1.5x, https:\/\/i0.wp.com\/ralupo.me\/wp-content\/uploads\/2023\/08\/IMG_2410.jpeg?fit=1179%2C649&ssl=1&resize=700%2C400 2x, https:\/\/i0.wp.com\/ralupo.me\/wp-content\/uploads\/2023\/08\/IMG_2410.jpeg?fit=1179%2C649&ssl=1&resize=1050%2C600 3x"},"classes":[]}],"jetpack_shortlink":"https:\/\/wp.me\/pcanHs-1qX","_links":{"self":[{"href":"https:\/\/ralupo.me\/en\/wp-json\/wp\/v2\/posts\/5515","targetHints":{"allow":["GET"]}}],"collection":[{"href":"https:\/\/ralupo.me\/en\/wp-json\/wp\/v2\/posts"}],"about":[{"href":"https:\/\/ralupo.me\/en\/wp-json\/wp\/v2\/types\/post"}],"author":[{"embeddable":true,"href":"https:\/\/ralupo.me\/en\/wp-json\/wp\/v2\/users\/1"}],"replies":[{"embeddable":true,"href":"https:\/\/ralupo.me\/en\/wp-json\/wp\/v2\/comments?post=5515"}],"version-history":[{"count":0,"href":"https:\/\/ralupo.me\/en\/wp-json\/wp\/v2\/posts\/5515\/revisions"}],"wp:featuredmedia":[{"embeddable":true,"href":"https:\/\/ralupo.me\/en\/wp-json\/wp\/v2\/media\/5513"}],"wp:attachment":[{"href":"https:\/\/ralupo.me\/en\/wp-json\/wp\/v2\/media?parent=5515"}],"wp:term":[{"taxonomy":"category","embeddable":true,"href":"https:\/\/ralupo.me\/en\/wp-json\/wp\/v2\/categories?post=5515"},{"taxonomy":"post_tag","embeddable":true,"href":"https:\/\/ralupo.me\/en\/wp-json\/wp\/v2\/tags?post=5515"}],"curies":[{"name":"wp","href":"https:\/\/api.w.org\/{rel}","templated":true}]}}