{"id":5465,"date":"2022-06-12T11:29:16","date_gmt":"2022-06-12T09:29:16","guid":{"rendered":"https:\/\/ralupo.me\/?p=5465"},"modified":"2022-11-19T14:12:32","modified_gmt":"2022-11-19T13:12:32","slug":"liveblog-eukraine-now","status":"publish","type":"post","link":"https:\/\/ralupo.me\/en\/archive\/5465","title":{"rendered":"Liveblog: EUkraine now"},"content":{"rendered":"<span class=\"span-reading-time rt-reading-time\" style=\"display: block;\"><span class=\"rt-label rt-prefix\">Lesedauer<\/span> <span class=\"rt-time\"> &lt; 1<\/span> <span class=\"rt-label rt-postfix\">Minute<\/span><\/span>\n<p class=\"eplus-wrapper wp-block-paragraph\">Gro\u00dfe Ereignisse werfen ihre Schatten voraus. Am 17.06.2022 will die EU-Kommission ihre Stellungnahme zum Beitrittsantrag der Ukraine abgeben, Ende des Monats wollen die Staats- und Regierungschefs beraten und abstimmen. Wohlgemerkt: Es geht jetzt nicht um einen direkten EU-Beitritt, schon gar nicht per Express, sondern &#8220;nur&#8221; um dem Kandidatenstatus f\u00fcr die Ukraine. <br><\/p>\n\n\n\n<figure class=\"wp-block-image size-large eplus-wrapper\"><img data-recalc-dims=\"1\" fetchpriority=\"high\" decoding=\"async\" width=\"1024\" height=\"768\" data-attachment-id=\"5446\" data-permalink=\"https:\/\/ralupo.me\/en\/baa8b548-9f04-45dc-baf9-62fd41b79e64\" data-orig-file=\"https:\/\/i0.wp.com\/ralupo.me\/wp-content\/uploads\/2022\/06\/BAA8B548-9F04-45DC-BAF9-62FD41B79E64-scaled.jpeg?fit=2560%2C1920&amp;ssl=1\" data-orig-size=\"2560,1920\" data-comments-opened=\"1\" data-image-meta=\"{&quot;aperture&quot;:&quot;0&quot;,&quot;credit&quot;:&quot;&quot;,&quot;camera&quot;:&quot;&quot;,&quot;caption&quot;:&quot;&quot;,&quot;created_timestamp&quot;:&quot;0&quot;,&quot;copyright&quot;:&quot;&quot;,&quot;focal_length&quot;:&quot;0&quot;,&quot;iso&quot;:&quot;0&quot;,&quot;shutter_speed&quot;:&quot;0&quot;,&quot;title&quot;:&quot;&quot;,&quot;orientation&quot;:&quot;0&quot;}\" data-image-title=\"BAA8B548-9F04-45DC-BAF9-62FD41B79E64\" data-image-description=\"\" data-image-caption=\"\" data-medium-file=\"https:\/\/i0.wp.com\/ralupo.me\/wp-content\/uploads\/2022\/06\/BAA8B548-9F04-45DC-BAF9-62FD41B79E64-scaled.jpeg?fit=300%2C225&amp;ssl=1\" data-large-file=\"https:\/\/i0.wp.com\/ralupo.me\/wp-content\/uploads\/2022\/06\/BAA8B548-9F04-45DC-BAF9-62FD41B79E64-scaled.jpeg?fit=1024%2C768&amp;ssl=1\" src=\"https:\/\/i0.wp.com\/ralupo.me\/wp-content\/uploads\/2022\/06\/BAA8B548-9F04-45DC-BAF9-62FD41B79E64.jpeg?resize=1024%2C768&#038;ssl=1\" alt=\"\" class=\"wp-image-5446\" srcset=\"https:\/\/i0.wp.com\/ralupo.me\/wp-content\/uploads\/2022\/06\/BAA8B548-9F04-45DC-BAF9-62FD41B79E64-scaled.jpeg?resize=1024%2C768&amp;ssl=1 1024w, https:\/\/i0.wp.com\/ralupo.me\/wp-content\/uploads\/2022\/06\/BAA8B548-9F04-45DC-BAF9-62FD41B79E64-scaled.jpeg?resize=600%2C450&amp;ssl=1 600w, https:\/\/i0.wp.com\/ralupo.me\/wp-content\/uploads\/2022\/06\/BAA8B548-9F04-45DC-BAF9-62FD41B79E64-scaled.jpeg?resize=300%2C225&amp;ssl=1 300w, https:\/\/i0.wp.com\/ralupo.me\/wp-content\/uploads\/2022\/06\/BAA8B548-9F04-45DC-BAF9-62FD41B79E64-scaled.jpeg?resize=768%2C576&amp;ssl=1 768w, https:\/\/i0.wp.com\/ralupo.me\/wp-content\/uploads\/2022\/06\/BAA8B548-9F04-45DC-BAF9-62FD41B79E64-scaled.jpeg?resize=1536%2C1152&amp;ssl=1 1536w, https:\/\/i0.wp.com\/ralupo.me\/wp-content\/uploads\/2022\/06\/BAA8B548-9F04-45DC-BAF9-62FD41B79E64-scaled.jpeg?resize=2048%2C1536&amp;ssl=1 2048w, https:\/\/i0.wp.com\/ralupo.me\/wp-content\/uploads\/2022\/06\/BAA8B548-9F04-45DC-BAF9-62FD41B79E64-scaled.jpeg?resize=200%2C150&amp;ssl=1 200w, https:\/\/i0.wp.com\/ralupo.me\/wp-content\/uploads\/2022\/06\/BAA8B548-9F04-45DC-BAF9-62FD41B79E64-scaled.jpeg?resize=260%2C195&amp;ssl=1 260w, https:\/\/i0.wp.com\/ralupo.me\/wp-content\/uploads\/2022\/06\/BAA8B548-9F04-45DC-BAF9-62FD41B79E64-scaled.jpeg?resize=380%2C285&amp;ssl=1 380w, https:\/\/i0.wp.com\/ralupo.me\/wp-content\/uploads\/2022\/06\/BAA8B548-9F04-45DC-BAF9-62FD41B79E64-scaled.jpeg?resize=800%2C600&amp;ssl=1 800w, https:\/\/i0.wp.com\/ralupo.me\/wp-content\/uploads\/2022\/06\/BAA8B548-9F04-45DC-BAF9-62FD41B79E64-scaled.jpeg?resize=1160%2C870&amp;ssl=1 1160w, https:\/\/i0.wp.com\/ralupo.me\/wp-content\/uploads\/2022\/06\/BAA8B548-9F04-45DC-BAF9-62FD41B79E64-scaled.jpeg?resize=400%2C300&amp;ssl=1 400w, https:\/\/i0.wp.com\/ralupo.me\/wp-content\/uploads\/2022\/06\/BAA8B548-9F04-45DC-BAF9-62FD41B79E64-scaled.jpeg?resize=520%2C390&amp;ssl=1 520w, https:\/\/i0.wp.com\/ralupo.me\/wp-content\/uploads\/2022\/06\/BAA8B548-9F04-45DC-BAF9-62FD41B79E64-scaled.jpeg?resize=760%2C570&amp;ssl=1 760w, https:\/\/i0.wp.com\/ralupo.me\/wp-content\/uploads\/2022\/06\/BAA8B548-9F04-45DC-BAF9-62FD41B79E64-scaled.jpeg?resize=1600%2C1200&amp;ssl=1 1600w\" sizes=\"(max-width: 1000px) 100vw, 1000px\" \/><\/figure>\n\n\n\n<p class=\"eplus-wrapper wp-block-paragraph\">Denn auch die Ukraine wird noch einige Hausaufgaben machen m\u00fcssen. Warum es dennoch gute Gr\u00fcnde f\u00fcr eine engere Anbindung des Landes an die Europ\u00e4ische Union und den Kandidatenstatus gibt, dazu ein kleines Live-Blog, in denen ich wichtige Beitr\u00e4ge der letzten Tage und jene, die noch kommen, zusammenfasse.<\/p>\n\n\n\n<div class=\"wp-block-cgb-block-liveblog24-live-blogging-tool\"><div id=\"LB24_LIVE_CONTENT\" data-eid=\"3071835916664752803\"><\/div><script src=\"https:\/\/v.24liveblog.com\/24.js\"><\/script><\/div>\n","protected":false},"excerpt":{"rendered":"<p>Gro\u00dfe Ereignisse werfen ihre Schatten voraus. Am 17.06.2022 will die EU-Kommission ihre Stellungnahme zum Beitrittsantrag der Ukraine abgeben, Ende des Monats wollen die Staats- und Regierungschefs beraten und abstimmen. Wohlgemerkt: [&hellip;]<\/p>\n","protected":false},"author":1,"featured_media":5512,"comment_status":"open","ping_status":"open","sticky":false,"template":"","format":"video","meta":{"_crdt_document":"","advanced_seo_description":"","jetpack_seo_html_title":"","jetpack_seo_noindex":false,"_EventAllDay":false,"_EventTimezone":"","_EventStartDate":"","_EventEndDate":"","_EventStartDateUTC":"","_EventEndDateUTC":"","_EventShowMap":false,"_EventShowMapLink":false,"_EventURL":"","_EventCost":"","_EventCostDescription":"","_EventCurrencySymbol":"","_EventCurrencyCode":"","_EventCurrencyPosition":"","_EventDateTimeSeparator":"","_EventTimeRangeSeparator":"","_EventOrganizerID":[],"_EventVenueID":[0],"_OrganizerEmail":"","_OrganizerPhone":"","_OrganizerWebsite":"","_VenueAddress":"","_VenueCity":"","_VenueCountry":"","_VenueProvince":"","_VenueState":"","_VenueZip":"","_VenuePhone":"","_VenueURL":"","_VenueStateProvince":"","_VenueLat":"","_VenueLng":"","_VenueShowMap":false,"_VenueShowMapLink":false,"jetpack_post_was_ever_published":false,"_jetpack_newsletter_access":"","_jetpack_dont_email_post_to_subs":false,"_jetpack_newsletter_tier_id":0,"_jetpack_memberships_contains_paywalled_content":false,"_jetpack_memberships_contains_paid_content":false,"footnotes":""},"categories":[724,621],"tags":[714,580,25],"class_list":["post-5465","post","type-post","status-publish","format-video","has-post-thumbnail","hentry","category-europa","category-live-blog","tag-beitritt","tag-europa","tag-ukraine","post_format-post-format-video"],"jetpack_featured_media_url":"https:\/\/i0.wp.com\/ralupo.me\/wp-content\/uploads\/2022\/06\/2090CE8E-F029-4532-825A-EBED63E804CD.jpeg?fit=2057%2C1170&ssl=1","jetpack_sharing_enabled":true,"jetpack-related-posts":[{"id":5458,"url":"https:\/\/ralupo.me\/en\/archive\/5458","url_meta":{"origin":5465,"position":0},"title":"&#8220;Ukraine ist Europa&#8221;","author":"Lupo","date":"12. June 2022","format":false,"excerpt":"[:de] Ende dieser Woche wird die EU-Kommission ihre Stellungnahme zum Beitrittsgesuch der Ukraine zur EU vorlegen, Ende des Monats wollen die Staats- und Regierungschefs der EU beraten. Unter dem Motto \"Frieden in Europa sichern - Ukraine in die EU und NATO aufnehmen\" haben am Samstag Mittag in der K\u00f6lner Innenstadt\u2026","rel":"","context":"In &quot;Ukraine&quot;","block_context":{"text":"Ukraine","link":"https:\/\/ralupo.me\/en\/archive\/category\/ukraine"},"img":{"alt_text":"","src":"https:\/\/i0.wp.com\/ralupo.me\/wp-content\/uploads\/2022\/06\/F1070AB0-49F0-41E1-8F94-24EA8975F55A-scaled.jpeg?fit=1200%2C900&ssl=1&resize=350%2C200","width":350,"height":200,"srcset":"https:\/\/i0.wp.com\/ralupo.me\/wp-content\/uploads\/2022\/06\/F1070AB0-49F0-41E1-8F94-24EA8975F55A-scaled.jpeg?fit=1200%2C900&ssl=1&resize=350%2C200 1x, https:\/\/i0.wp.com\/ralupo.me\/wp-content\/uploads\/2022\/06\/F1070AB0-49F0-41E1-8F94-24EA8975F55A-scaled.jpeg?fit=1200%2C900&ssl=1&resize=525%2C300 1.5x, https:\/\/i0.wp.com\/ralupo.me\/wp-content\/uploads\/2022\/06\/F1070AB0-49F0-41E1-8F94-24EA8975F55A-scaled.jpeg?fit=1200%2C900&ssl=1&resize=700%2C400 2x, https:\/\/i0.wp.com\/ralupo.me\/wp-content\/uploads\/2022\/06\/F1070AB0-49F0-41E1-8F94-24EA8975F55A-scaled.jpeg?fit=1200%2C900&ssl=1&resize=1050%2C600 3x"},"classes":[]},{"id":5507,"url":"https:\/\/ralupo.me\/en\/archive\/5507","url_meta":{"origin":5465,"position":1},"title":"Scholz: Deutschland unterst\u00fctzt EU-Kandidatenstatus f\u00fcr Ukraine und Moldau","author":"Lupo","date":"16. June 2022","format":false,"excerpt":"[:de] Die Bundesregierung ist daf\u00fcr, der Ukraine und der Republik Moldau den EU-Kandidatenstatus zuzusprechen. Das hat Bundeskanzler Olaf Scholz (SPD) anl\u00e4sslich seines lange erwarteten Besuchs in Kyiv erkl\u00e4rt. Schlolz war zusammen mit Frankreichs Pr\u00e4sident Macron, Italiens Premier Draghi und Rum\u00e4niens Pr\u00e4sident Johanis zu Gespr\u00e4chen mit dem ukrainischen Pr\u00e4sidenten Selenskij nach\u2026","rel":"","context":"In &quot;Europa&quot;","block_context":{"text":"Europa","link":"https:\/\/ralupo.me\/en\/archive\/category\/europa"},"img":{"alt_text":"","src":"https:\/\/i0.wp.com\/ralupo.me\/wp-content\/uploads\/2022\/06\/F875DE9E-7676-4356-914E-145352D59EA3-scaled.jpeg?fit=1200%2C900&ssl=1&resize=350%2C200","width":350,"height":200,"srcset":"https:\/\/i0.wp.com\/ralupo.me\/wp-content\/uploads\/2022\/06\/F875DE9E-7676-4356-914E-145352D59EA3-scaled.jpeg?fit=1200%2C900&ssl=1&resize=350%2C200 1x, https:\/\/i0.wp.com\/ralupo.me\/wp-content\/uploads\/2022\/06\/F875DE9E-7676-4356-914E-145352D59EA3-scaled.jpeg?fit=1200%2C900&ssl=1&resize=525%2C300 1.5x, https:\/\/i0.wp.com\/ralupo.me\/wp-content\/uploads\/2022\/06\/F875DE9E-7676-4356-914E-145352D59EA3-scaled.jpeg?fit=1200%2C900&ssl=1&resize=700%2C400 2x, https:\/\/i0.wp.com\/ralupo.me\/wp-content\/uploads\/2022\/06\/F875DE9E-7676-4356-914E-145352D59EA3-scaled.jpeg?fit=1200%2C900&ssl=1&resize=1050%2C600 3x"},"classes":[]},{"id":5274,"url":"https:\/\/ralupo.me\/en\/archive\/5274","url_meta":{"origin":5465,"position":2},"title":"Kandidatenstatus: EUkraine now!","author":"Lupo","date":"28. May 2022","format":false,"excerpt":"[:de] In vielen europ\u00e4ischen Hauptst\u00e4dten startete am Samstag die Kampagne #EUkraine now, mit der f\u00fcr einen EU-Kandidatenstatus f\u00fcr die Ukraine getrommelt werden soll. In Berlin versammelten sich am Vorabend einer angek\u00fcndigten Gro\u00dfdemonstration mehrere hundert Menschen vor dem Bundeskanzleramt im Berliner Regierungsviertel. Sie forderten, der Ukraine den Weg in die EU\u2026","rel":"","context":"In &quot;Politik&quot;","block_context":{"text":"Politik","link":"https:\/\/ralupo.me\/en\/archive\/category\/politik"},"img":{"alt_text":"","src":"https:\/\/i0.wp.com\/ralupo.me\/wp-content\/uploads\/2022\/05\/FA579241-DE15-4AE5-8D6F-A89D086CC450-scaled.jpeg?fit=1200%2C900&ssl=1&resize=350%2C200","width":350,"height":200,"srcset":"https:\/\/i0.wp.com\/ralupo.me\/wp-content\/uploads\/2022\/05\/FA579241-DE15-4AE5-8D6F-A89D086CC450-scaled.jpeg?fit=1200%2C900&ssl=1&resize=350%2C200 1x, https:\/\/i0.wp.com\/ralupo.me\/wp-content\/uploads\/2022\/05\/FA579241-DE15-4AE5-8D6F-A89D086CC450-scaled.jpeg?fit=1200%2C900&ssl=1&resize=525%2C300 1.5x, https:\/\/i0.wp.com\/ralupo.me\/wp-content\/uploads\/2022\/05\/FA579241-DE15-4AE5-8D6F-A89D086CC450-scaled.jpeg?fit=1200%2C900&ssl=1&resize=700%2C400 2x, https:\/\/i0.wp.com\/ralupo.me\/wp-content\/uploads\/2022\/05\/FA579241-DE15-4AE5-8D6F-A89D086CC450-scaled.jpeg?fit=1200%2C900&ssl=1&resize=1050%2C600 3x"},"classes":[]},{"id":5517,"url":"https:\/\/ralupo.me\/en\/archive\/5517","url_meta":{"origin":5465,"position":3},"title":"Kommission bef\u00fcrwortet Kandidatenstatus f\u00fcr Ukraine und Moldau","author":"Lupo","date":"17. June 2022","format":false,"excerpt":"[:de] Die Europ\u00e4ische Kommission hat heute ihre Stellungnahmen zu den Antr\u00e4gen Antrag der Ukraine, Georgiens und der Republik Moldau auf Beitritt zur EU vorgelegt. Die heutigen Stellungnahmen st\u00fctzen sich auf die Bewertung der Kommission anhand der drei vom Europ\u00e4ischen Rat vereinbarten Kriterienkataloge f\u00fcr den EU-Beitritt: politische Kriterien, wirtschaftliche Kriterien und\u2026","rel":"","context":"In &quot;Europa&quot;","block_context":{"text":"Europa","link":"https:\/\/ralupo.me\/en\/archive\/category\/europa"},"img":{"alt_text":"","src":"https:\/\/i0.wp.com\/ralupo.me\/wp-content\/uploads\/2022\/06\/BEF05B06-2C6C-4E2C-86F7-A3084F3CCD3B.jpeg?fit=1200%2C689&ssl=1&resize=350%2C200","width":350,"height":200,"srcset":"https:\/\/i0.wp.com\/ralupo.me\/wp-content\/uploads\/2022\/06\/BEF05B06-2C6C-4E2C-86F7-A3084F3CCD3B.jpeg?fit=1200%2C689&ssl=1&resize=350%2C200 1x, https:\/\/i0.wp.com\/ralupo.me\/wp-content\/uploads\/2022\/06\/BEF05B06-2C6C-4E2C-86F7-A3084F3CCD3B.jpeg?fit=1200%2C689&ssl=1&resize=525%2C300 1.5x, https:\/\/i0.wp.com\/ralupo.me\/wp-content\/uploads\/2022\/06\/BEF05B06-2C6C-4E2C-86F7-A3084F3CCD3B.jpeg?fit=1200%2C689&ssl=1&resize=700%2C400 2x, https:\/\/i0.wp.com\/ralupo.me\/wp-content\/uploads\/2022\/06\/BEF05B06-2C6C-4E2C-86F7-A3084F3CCD3B.jpeg?fit=1200%2C689&ssl=1&resize=1050%2C600 3x"},"classes":[]},{"id":14266,"url":"https:\/\/ralupo.me\/en\/archive\/14266","url_meta":{"origin":5465,"position":4},"title":"Russlands hybrider Krieg um Moldau","author":"Lupo","date":"31. August 2024","format":false,"excerpt":"[:de] F\u00fcr den 20. Oktober 2024 stehen in der Republik Moldau Pr\u00e4sidentschaftswahlen an, die amtierende Pr\u00e4sidentin Maia Sandu tritt zur Wiederwahl an. Gleichzeitig hat die pro-europ\u00e4ische Pr\u00e4sidentin auch ein Referendum angesetzt: Moldaus Weg in die Europ\u00e4ische Union soll Verfassungsrang bekommen. Das Land hat zusammen mit der Ukraine Beitrittsgespr\u00e4che begonnen. In\u2026","rel":"","context":"In &quot;Europa&quot;","block_context":{"text":"Europa","link":"https:\/\/ralupo.me\/en\/archive\/category\/europa"},"img":{"alt_text":"","src":"https:\/\/i0.wp.com\/ralupo.me\/wp-content\/uploads\/2023\/12\/IMG_7513-scaled.jpeg?fit=1200%2C900&ssl=1&resize=350%2C200","width":350,"height":200,"srcset":"https:\/\/i0.wp.com\/ralupo.me\/wp-content\/uploads\/2023\/12\/IMG_7513-scaled.jpeg?fit=1200%2C900&ssl=1&resize=350%2C200 1x, https:\/\/i0.wp.com\/ralupo.me\/wp-content\/uploads\/2023\/12\/IMG_7513-scaled.jpeg?fit=1200%2C900&ssl=1&resize=525%2C300 1.5x, https:\/\/i0.wp.com\/ralupo.me\/wp-content\/uploads\/2023\/12\/IMG_7513-scaled.jpeg?fit=1200%2C900&ssl=1&resize=700%2C400 2x, https:\/\/i0.wp.com\/ralupo.me\/wp-content\/uploads\/2023\/12\/IMG_7513-scaled.jpeg?fit=1200%2C900&ssl=1&resize=1050%2C600 3x"},"classes":[]},{"id":12798,"url":"https:\/\/ralupo.me\/en\/archive\/12798","url_meta":{"origin":5465,"position":5},"title":"Moldaus Pr\u00e4sidentin will Referendum \u00fcber EU-Beitritt","author":"Lupo","date":"26. December 2023","format":false,"excerpt":"[:de]Die moldauische Pr\u00e4sidentin Maia Sandu hat an Weihnachten in einer Ansprache angek\u00fcndigt, f\u00fcr eine weitere Amtszeit zu kandidieren. Ferner will sie das moldauische Parlament zu bitten, ein Referendum abzuhalten: Die B\u00fcrger sollen \u00fcber den Beitritt Moldaus zur Europ\u00e4ischen Union abstimmen k\u00f6nnen. Sandu ist seit drei Jahren im Amt.[:]","rel":"","context":"In &quot;Europa&quot;","block_context":{"text":"Europa","link":"https:\/\/ralupo.me\/en\/archive\/category\/europa"},"img":{"alt_text":"","src":"https:\/\/i0.wp.com\/ralupo.me\/wp-content\/uploads\/2020\/08\/img_7850-scaled.jpg?fit=1200%2C900&ssl=1&resize=350%2C200","width":350,"height":200,"srcset":"https:\/\/i0.wp.com\/ralupo.me\/wp-content\/uploads\/2020\/08\/img_7850-scaled.jpg?fit=1200%2C900&ssl=1&resize=350%2C200 1x, https:\/\/i0.wp.com\/ralupo.me\/wp-content\/uploads\/2020\/08\/img_7850-scaled.jpg?fit=1200%2C900&ssl=1&resize=525%2C300 1.5x, https:\/\/i0.wp.com\/ralupo.me\/wp-content\/uploads\/2020\/08\/img_7850-scaled.jpg?fit=1200%2C900&ssl=1&resize=700%2C400 2x, https:\/\/i0.wp.com\/ralupo.me\/wp-content\/uploads\/2020\/08\/img_7850-scaled.jpg?fit=1200%2C900&ssl=1&resize=1050%2C600 3x"},"classes":[]}],"jetpack_shortlink":"https:\/\/wp.me\/pcanHs-1q9","_links":{"self":[{"href":"https:\/\/ralupo.me\/en\/wp-json\/wp\/v2\/posts\/5465","targetHints":{"allow":["GET"]}}],"collection":[{"href":"https:\/\/ralupo.me\/en\/wp-json\/wp\/v2\/posts"}],"about":[{"href":"https:\/\/ralupo.me\/en\/wp-json\/wp\/v2\/types\/post"}],"author":[{"embeddable":true,"href":"https:\/\/ralupo.me\/en\/wp-json\/wp\/v2\/users\/1"}],"replies":[{"embeddable":true,"href":"https:\/\/ralupo.me\/en\/wp-json\/wp\/v2\/comments?post=5465"}],"version-history":[{"count":0,"href":"https:\/\/ralupo.me\/en\/wp-json\/wp\/v2\/posts\/5465\/revisions"}],"wp:featuredmedia":[{"embeddable":true,"href":"https:\/\/ralupo.me\/en\/wp-json\/wp\/v2\/media\/5512"}],"wp:attachment":[{"href":"https:\/\/ralupo.me\/en\/wp-json\/wp\/v2\/media?parent=5465"}],"wp:term":[{"taxonomy":"category","embeddable":true,"href":"https:\/\/ralupo.me\/en\/wp-json\/wp\/v2\/categories?post=5465"},{"taxonomy":"post_tag","embeddable":true,"href":"https:\/\/ralupo.me\/en\/wp-json\/wp\/v2\/tags?post=5465"}],"curies":[{"name":"wp","href":"https:\/\/api.w.org\/{rel}","templated":true}]}}