{"id":5051,"date":"2022-05-07T12:32:09","date_gmt":"2022-05-07T10:32:09","guid":{"rendered":"https:\/\/ralupo.me\/?p=5051"},"modified":"2022-05-07T17:18:30","modified_gmt":"2022-05-07T15:18:30","slug":"kommunikatives-desaster-natuerlich-sind-ukrainische-fahnen-in-berlin-erlaubt","status":"publish","type":"post","link":"https:\/\/ralupo.me\/en\/archive\/5051","title":{"rendered":"Kommunikatives Desaster: Nat\u00fcrlich sind ukrainische Fahnen in Berlin erlaubt"},"content":{"rendered":"<span class=\"span-reading-time rt-reading-time\" style=\"display: block;\"><span class=\"rt-label rt-prefix\">Lesedauer<\/span> <span class=\"rt-time\"> 2<\/span> <span class=\"rt-label rt-postfix\">Minuten<\/span><\/span>\n<p class=\"eplus-wrapper wp-block-paragraph\">Die verk\u00fcrzte Wiedergabe einer Allgemeinverf\u00fcgung der Polizei in Berlin hat f\u00fcr gro\u00dfe Aufregung in den sozialen Medien gef\u00fchrt: Ukrainische Fahnen seien \u00fcber den 08. und 09. Mai anl\u00e4sslich der Feierlichkeiten zum Ende des 2. Weltkrieges in Berlin verboten worden und d\u00fcrften nicht gezeigt werden. Alleine: Es stimmt nicht. Auch die Polizei in Berlin und der Innensenator sah sich nunmehr zu einer Klarstellung veranlasst:<\/p>\n\n\n\n<figure class=\"wp-block-embed aligncenter is-type-rich is-provider-twitter wp-block-embed-twitter eplus-wrapper\"><div class=\"wp-block-embed__wrapper\">\n<blockquote class=\"twitter-tweet\" data-width=\"500\" data-dnt=\"true\"><p lang=\"de\" dir=\"ltr\">Weil das Thema im Netz diskutiert wird:<br><br>Das Tragen von ukrainischen Fahnen im \u00f6ffentlichen Raum ist am 8. und 9. Mai grunds\u00e4tzlich\u00a0erlaubt.\u00a0<br>Die im Amtsblatt ver\u00f6ffentlichte Regelung betrifft ausschlie\u00dflich die darin angef\u00fchrten Mahnmale und Gedenkorte.<a href=\"https:\/\/twitter.com\/hashtag\/b0805?src=hash&amp;ref_src=twsrc%5Etfw\">#b0805<\/a> <a href=\"https:\/\/twitter.com\/hashtag\/b0905?src=hash&amp;ref_src=twsrc%5Etfw\">#b0905<\/a><br>^tsm<\/p>&mdash; Polizei Berlin (@polizeiberlin) <a href=\"https:\/\/twitter.com\/polizeiberlin\/status\/1522708807515840514?ref_src=twsrc%5Etfw\">May 6, 2022<\/a><\/blockquote><script async src=\"https:\/\/platform.twitter.com\/widgets.js\" charset=\"utf-8\"><\/script>\n<\/div><\/figure>\n\n\n\n<p class=\"eplus-wrapper wp-block-paragraph\">Ukrainische Fahnen d\u00fcrfen demnach in ganz Berlin offen getragen und gezeigt werden. Lediglich an bestimmten Gedenkst\u00e4tten ist <strong>das Tragen von Fahnen mit russischen oder ukrainischem Bezug<\/strong> &#8211; demnach auch der russischen Nationalflagge &#8211; verboten. Ausgenommen sind Diplomaten.<\/p>\n\n\n\n<p class=\"eplus-wrapper wp-block-paragraph\">Die Berliner Polizeipr\u00e4sidentin erkl\u00e4rte hierzu: <\/p>\n\n\n\n<blockquote class=\"wp-block-quote eplus-wrapper is-layout-flow wp-block-quote-is-layout-flow\"><p>\u201eUnser Einsatzkonzept ist im Kern auf zwei Ziele gerichtet. Wir sch\u00fctzen das w\u00fcrdevolle Gedenken an 15 Gedenkst\u00e4tten und Mahnmalen durch umfassende Regelungen, die jede Auseinandersetzung an diesen Orten verhindern sollen. Gleichzeitig gehen wir gegen jede Form der Unterst\u00fctzung, Billigung, Verherrlichung oder gar Glorifizierung des Angriffskrieges Russlands auf die Ukraine insbesondere in Versammlungen vor. Wir arbeiten hierzu mit umfassenden Auflagen. Eine Instrumentalisierung des Gedenkens zu diesen Zwecken werden wir nicht akzeptieren.\u201c<\/p><\/blockquote>\n\n\n\n<p class=\"eplus-wrapper wp-block-paragraph\">Tatsache ist aber auch, dass das Tragen von russischen Kriegszeichen, sowie Symbolen, die den Angriffskrieg verherrlichen und billigen, in der gesamten Stadt verboten sind und ggf auch als Straftaten verfolgt werden.Verboten wurde im \u00dcbrigen auch das Tragen der sowjetischen Fahne der UdSSR.<\/p>\n\n\n<div class=\"vlp-link-container vlp-template-default wp-block-visual-link-preview-link\">\n\t<a href=\"https:\/\/www.berlin.de\/sen\/inneres\/presse\/pressemitteilungen\/2022\/pressemitteilung.1203798.php\" class=\"vlp-link\" title=\"8.\/9. Mai: Welche Regeln wo gelten - Berlin.de\" rel=\"nofollow\" target=\"_blank\"><\/a>\t\t<div class=\"vlp-link-image-container\">\n\t\t<div class=\"vlp-link-image\">\n\t\t\t<img decoding=\"async\" src=\"https:\/\/www.berlin.de\/i9f\/r1\/images\/logo_berlin_m_srgb.svg\" style=\"max-width: 150px; max-height: 150px\" \/>\t\t<\/div>\n\t<\/div>\n\t\t<div class=\"vlp-link-text-container\">\n\t\t\t\t<div class=\"vlp-link-title\">\n\t\t\t8.\/9. Mai: Welche Regeln wo gelten &#8211; Berlin.de\t\t<\/div>\n\t\t\t\t\t\t<div class=\"vlp-link-summary\">\n\t\t\tUkrainische Flaggen sind auch am 8. und 9. Mai in Berlin erlaubt. Die gestern von der Polizei Berlin erlassene Allgemeinverf\u00fcgung bezieht sich nur auf 15 ausgew\u00e4hlte Gedenkorte in Berlin, an denen durch diese Regeln ein w\u00fcrdevolles, friedliches Gedenken an den 8. und 9. Mai 1945 erm\u00f6glicht werden so\u2026\t\t<\/div>\n\t\t\t<\/div>\n<\/div>\n\n\n\n<p class=\"eplus-wrapper wp-block-paragraph\">Die Polizei erwartet am Wochenende mehr als 50 Veranstaltungen zum Weltkriegsende. Das Verwaltungsgericht Berlin hatte einschr\u00e4nkende Auflagen f\u00fcr die Durchf\u00fchrung pro-russischer Demonstrationen als zul\u00e4ssig befunden.<\/p>\n\n\n\n<p class=\"eplus-wrapper wp-block-paragraph\"><\/p>\n\n\n\n<p class=\"eplus-wrapper wp-block-paragraph\"><\/p>\n","protected":false},"excerpt":{"rendered":"<p>Die verk\u00fcrzte Wiedergabe einer Allgemeinverf\u00fcgung der Polizei in Berlin hat f\u00fcr gro\u00dfe Aufregung in den sozialen Medien gef\u00fchrt: Ukrainische Fahnen seien \u00fcber den 08. und 09. Mai anl\u00e4sslich der Feierlichkeiten [&hellip;]<\/p>\n","protected":false},"author":1,"featured_media":3344,"comment_status":"open","ping_status":"open","sticky":false,"template":"","format":"standard","meta":{"_crdt_document":"","advanced_seo_description":"","jetpack_seo_html_title":"","jetpack_seo_noindex":false,"_EventAllDay":false,"_EventTimezone":"","_EventStartDate":"","_EventEndDate":"","_EventStartDateUTC":"","_EventEndDateUTC":"","_EventShowMap":false,"_EventShowMapLink":false,"_EventURL":"","_EventCost":"","_EventCostDescription":"","_EventCurrencySymbol":"","_EventCurrencyCode":"","_EventCurrencyPosition":"","_EventDateTimeSeparator":"","_EventTimeRangeSeparator":"","_EventOrganizerID":[],"_EventVenueID":[],"_OrganizerEmail":"","_OrganizerPhone":"","_OrganizerWebsite":"","_VenueAddress":"","_VenueCity":"","_VenueCountry":"","_VenueProvince":"","_VenueState":"","_VenueZip":"","_VenuePhone":"","_VenueURL":"","_VenueStateProvince":"","_VenueLat":"","_VenueLng":"","_VenueShowMap":false,"_VenueShowMapLink":false,"jetpack_post_was_ever_published":false,"_jetpack_newsletter_access":"","_jetpack_dont_email_post_to_subs":false,"_jetpack_newsletter_tier_id":0,"_jetpack_memberships_contains_paywalled_content":false,"_jetpack_memberships_contains_paid_content":false,"footnotes":""},"categories":[693],"tags":[354,37,25],"class_list":["post-5051","post","type-post","status-publish","format-standard","has-post-thumbnail","hentry","category-politik","tag-berlin","tag-polizei","tag-ukraine"],"jetpack_featured_media_url":"https:\/\/i0.wp.com\/ralupo.me\/wp-content\/uploads\/2022\/02\/3724BB5C-A28F-46E2-AB64-0E5FAC9EB2C3-scaled.jpeg?fit=2560%2C1920&ssl=1","jetpack_sharing_enabled":true,"jetpack-related-posts":[{"id":9822,"url":"https:\/\/ralupo.me\/en\/archive\/9822","url_meta":{"origin":5051,"position":0},"title":"Erfolgreicher Protest gegen Berliner Flaggenverbot zum 8. Mai","author":"Lupo","date":"5. May 2023","format":false,"excerpt":"[:de]Der Berliner Verein \u201eVitsche\u201c geht gerichtlich gegen die Allgemeinverf\u00fcgung der Berliner Polizeipr\u00e4sidentin Frau Dr. Slowik vor, die anl\u00e4sdlich des 08. Mai eine erneute Allgemeinverf\u00fcgung erlassen hat, die das \u00f6ffentliche Zeigen von ukrainischen Flaggen und Symbolen an Gedenkorten am 8. und 9. Mai verbietet. Das teilte Vitsche am Nachmittag des 05.\u2026","rel":"","context":"In &quot;Politik&quot;","block_context":{"text":"Politik","link":"https:\/\/ralupo.me\/en\/archive\/category\/politik"},"img":{"alt_text":"","src":"https:\/\/i0.wp.com\/ralupo.me\/wp-content\/uploads\/2022\/09\/EA03953C-66C7-4D15-8335-983981265214-scaled.jpeg?fit=1200%2C900&ssl=1&resize=350%2C200","width":350,"height":200,"srcset":"https:\/\/i0.wp.com\/ralupo.me\/wp-content\/uploads\/2022\/09\/EA03953C-66C7-4D15-8335-983981265214-scaled.jpeg?fit=1200%2C900&ssl=1&resize=350%2C200 1x, https:\/\/i0.wp.com\/ralupo.me\/wp-content\/uploads\/2022\/09\/EA03953C-66C7-4D15-8335-983981265214-scaled.jpeg?fit=1200%2C900&ssl=1&resize=525%2C300 1.5x, https:\/\/i0.wp.com\/ralupo.me\/wp-content\/uploads\/2022\/09\/EA03953C-66C7-4D15-8335-983981265214-scaled.jpeg?fit=1200%2C900&ssl=1&resize=700%2C400 2x, https:\/\/i0.wp.com\/ralupo.me\/wp-content\/uploads\/2022\/09\/EA03953C-66C7-4D15-8335-983981265214-scaled.jpeg?fit=1200%2C900&ssl=1&resize=1050%2C600 3x"},"classes":[]},{"id":10673,"url":"https:\/\/ralupo.me\/en\/archive\/10673","url_meta":{"origin":5051,"position":1},"title":"Kognitive Dissonanz","author":"Lupo","date":"17. September 2023","format":false,"excerpt":"[:de]Vielleicht ist es mit dieser kognitiven Dissonanz zu erkl\u00e4ren, dass irgendjemand in der Berliner Staatsoper auf die Idee kam, das Opernhaus anl\u00e4sslich des Auftritts der umstrittenen russischen S\u00e4ngerin mit ukrainischen Fahnen zu dekorieren. So wurde die ukrainische Fahne auf dem Dach des Opernhauses gehisst, zudem wurde ein Banner in ukrainischen\u2026","rel":"","context":"In &quot;Europa&quot;","block_context":{"text":"Europa","link":"https:\/\/ralupo.me\/en\/archive\/category\/europa"},"img":{"alt_text":"","src":"https:\/\/i0.wp.com\/ralupo.me\/wp-content\/uploads\/2023\/09\/IMG_3403-scaled.jpeg?fit=1200%2C900&ssl=1&resize=350%2C200","width":350,"height":200,"srcset":"https:\/\/i0.wp.com\/ralupo.me\/wp-content\/uploads\/2023\/09\/IMG_3403-scaled.jpeg?fit=1200%2C900&ssl=1&resize=350%2C200 1x, https:\/\/i0.wp.com\/ralupo.me\/wp-content\/uploads\/2023\/09\/IMG_3403-scaled.jpeg?fit=1200%2C900&ssl=1&resize=525%2C300 1.5x, https:\/\/i0.wp.com\/ralupo.me\/wp-content\/uploads\/2023\/09\/IMG_3403-scaled.jpeg?fit=1200%2C900&ssl=1&resize=700%2C400 2x, https:\/\/i0.wp.com\/ralupo.me\/wp-content\/uploads\/2023\/09\/IMG_3403-scaled.jpeg?fit=1200%2C900&ssl=1&resize=1050%2C600 3x"},"classes":[]},{"id":5091,"url":"https:\/\/ralupo.me\/en\/archive\/5091","url_meta":{"origin":5051,"position":2},"title":"&#8220;Nie wieder&#8221;?","author":"Lupo","date":"9. May 2022","format":false,"excerpt":"[:de] W\u00e4hrend man sich in Berlin um den Umgang mit ukrainischen Fahnen an den Kriegsdenkm\u00e4lern streitet und eine kommunikative Bauchlandung hinlegte, tauchten tausende Menschen die K\u00f6lner Innenstadt am Sonntag in blau und gelb, um mit einem \"Marsch der V\u00f6lker\" gegen den russischen Krieg in der Ukraine zu demonstrieren. Kundgebung auf\u2026","rel":"","context":"In &quot;Veranstaltungen&quot;","block_context":{"text":"Veranstaltungen","link":"https:\/\/ralupo.me\/en\/archive\/category\/veranstaltungen"},"img":{"alt_text":"","src":"https:\/\/i0.wp.com\/ralupo.me\/wp-content\/uploads\/2022\/05\/62E074F3-9CBB-4DC4-8E2A-FB8DB4D91E3E-scaled.jpeg?fit=1200%2C900&ssl=1&resize=350%2C200","width":350,"height":200,"srcset":"https:\/\/i0.wp.com\/ralupo.me\/wp-content\/uploads\/2022\/05\/62E074F3-9CBB-4DC4-8E2A-FB8DB4D91E3E-scaled.jpeg?fit=1200%2C900&ssl=1&resize=350%2C200 1x, https:\/\/i0.wp.com\/ralupo.me\/wp-content\/uploads\/2022\/05\/62E074F3-9CBB-4DC4-8E2A-FB8DB4D91E3E-scaled.jpeg?fit=1200%2C900&ssl=1&resize=525%2C300 1.5x, https:\/\/i0.wp.com\/ralupo.me\/wp-content\/uploads\/2022\/05\/62E074F3-9CBB-4DC4-8E2A-FB8DB4D91E3E-scaled.jpeg?fit=1200%2C900&ssl=1&resize=700%2C400 2x, https:\/\/i0.wp.com\/ralupo.me\/wp-content\/uploads\/2022\/05\/62E074F3-9CBB-4DC4-8E2A-FB8DB4D91E3E-scaled.jpeg?fit=1200%2C900&ssl=1&resize=1050%2C600 3x"},"classes":[]},{"id":13105,"url":"https:\/\/ralupo.me\/en\/archive\/13105","url_meta":{"origin":5051,"position":3},"title":"Berlin: Space Meduza Bar","author":"Lupo","date":"7. January 2024","format":false,"excerpt":"[:de] Von der \"Space Meduza Bar\" hatte ich schon geh\u00f6rt. Nicht zuletzt durch das gelungene Event des Staatstheaters Mainz mit dem Titel \"Kyiv Mule - ein Bar-Abend voller hochprozentiger Gespr\u00e4che und Geschichten\", als die Barkeeperin Diana Kiprach\u00a0von der Space Meduza Bar ukrainische Cocktails servierte. Da dieses Wochenende ein blau-gelbes Arbeitswochenende\u2026","rel":"","context":"In &quot;Teilnehmende Beobachtung&quot;","block_context":{"text":"Teilnehmende Beobachtung","link":"https:\/\/ralupo.me\/en\/archive\/category\/teilnehmende-beobachtung"},"img":{"alt_text":"","src":"https:\/\/i0.wp.com\/ralupo.me\/wp-content\/uploads\/2024\/01\/IMG_7721-scaled.jpeg?fit=1200%2C900&ssl=1&resize=350%2C200","width":350,"height":200,"srcset":"https:\/\/i0.wp.com\/ralupo.me\/wp-content\/uploads\/2024\/01\/IMG_7721-scaled.jpeg?fit=1200%2C900&ssl=1&resize=350%2C200 1x, https:\/\/i0.wp.com\/ralupo.me\/wp-content\/uploads\/2024\/01\/IMG_7721-scaled.jpeg?fit=1200%2C900&ssl=1&resize=525%2C300 1.5x, https:\/\/i0.wp.com\/ralupo.me\/wp-content\/uploads\/2024\/01\/IMG_7721-scaled.jpeg?fit=1200%2C900&ssl=1&resize=700%2C400 2x, https:\/\/i0.wp.com\/ralupo.me\/wp-content\/uploads\/2024\/01\/IMG_7721-scaled.jpeg?fit=1200%2C900&ssl=1&resize=1050%2C600 3x"},"classes":[]},{"id":14831,"url":"https:\/\/ralupo.me\/en\/archive\/14831","url_meta":{"origin":5051,"position":4},"title":"Der 9. Mai \u2013 Vom Gedenken zur russischen Machtdemonstration","author":"Lupo","date":"4. May 2025","format":false,"excerpt":"[:de] Am 9. Mai feiert Russland den \u201eTag des Sieges\u201c \u2013 den milit\u00e4rischen Triumph der Sowjetunion \u00fcber Nazi-Deutschland im Jahr 1945. In Moskau und anderen St\u00e4dten der ehemaligen Sowjetunion wird der Tag traditionell mit aufw\u00e4ndigen Milit\u00e4rparaden und Gedenkveranstaltungen begangen. Doch was einst als kollektives Erinnern an das Ende des Zweiten\u2026","rel":"","context":"In &quot;Europa&quot;","block_context":{"text":"Europa","link":"https:\/\/ralupo.me\/en\/archive\/category\/europa"},"img":{"alt_text":"","src":"https:\/\/i0.wp.com\/ralupo.me\/wp-content\/uploads\/2024\/05\/IMG_1977-scaled.jpeg?fit=1200%2C900&ssl=1&resize=350%2C200","width":350,"height":200,"srcset":"https:\/\/i0.wp.com\/ralupo.me\/wp-content\/uploads\/2024\/05\/IMG_1977-scaled.jpeg?fit=1200%2C900&ssl=1&resize=350%2C200 1x, https:\/\/i0.wp.com\/ralupo.me\/wp-content\/uploads\/2024\/05\/IMG_1977-scaled.jpeg?fit=1200%2C900&ssl=1&resize=525%2C300 1.5x, https:\/\/i0.wp.com\/ralupo.me\/wp-content\/uploads\/2024\/05\/IMG_1977-scaled.jpeg?fit=1200%2C900&ssl=1&resize=700%2C400 2x, https:\/\/i0.wp.com\/ralupo.me\/wp-content\/uploads\/2024\/05\/IMG_1977-scaled.jpeg?fit=1200%2C900&ssl=1&resize=1050%2C600 3x"},"classes":[]},{"id":13967,"url":"https:\/\/ralupo.me\/en\/archive\/13967","url_meta":{"origin":5051,"position":5},"title":"Erneut Proteste gegen Netrebko Auftritt in Wiesbaden","author":"Lupo","date":"5. May 2024","format":false,"excerpt":"[:de] Fast auf den Tag genau vor einem Jahr war die russische Operns\u00e4ngerin Anna Netrebko nach dem russischen Angriff auf die Ukraine erstmals wieder in Deutschland aufgetreten. Der Auftritt traf auf herbe Kritik und Protest. Auch bei ihrem zweiten Auftritt im Rahmen der \"Mai Festspiele\" in Wiesbaden am Samstag kam\u2026","rel":"","context":"In &quot;Politik&quot;","block_context":{"text":"Politik","link":"https:\/\/ralupo.me\/en\/archive\/category\/politik"},"img":{"alt_text":"","src":"https:\/\/i0.wp.com\/ralupo.me\/wp-content\/uploads\/2024\/05\/IMG_1697_jpg-scaled.jpg?fit=1200%2C900&ssl=1&resize=350%2C200","width":350,"height":200,"srcset":"https:\/\/i0.wp.com\/ralupo.me\/wp-content\/uploads\/2024\/05\/IMG_1697_jpg-scaled.jpg?fit=1200%2C900&ssl=1&resize=350%2C200 1x, https:\/\/i0.wp.com\/ralupo.me\/wp-content\/uploads\/2024\/05\/IMG_1697_jpg-scaled.jpg?fit=1200%2C900&ssl=1&resize=525%2C300 1.5x, https:\/\/i0.wp.com\/ralupo.me\/wp-content\/uploads\/2024\/05\/IMG_1697_jpg-scaled.jpg?fit=1200%2C900&ssl=1&resize=700%2C400 2x, https:\/\/i0.wp.com\/ralupo.me\/wp-content\/uploads\/2024\/05\/IMG_1697_jpg-scaled.jpg?fit=1200%2C900&ssl=1&resize=1050%2C600 3x"},"classes":[]}],"jetpack_shortlink":"https:\/\/wp.me\/pcanHs-1jt","_links":{"self":[{"href":"https:\/\/ralupo.me\/en\/wp-json\/wp\/v2\/posts\/5051","targetHints":{"allow":["GET"]}}],"collection":[{"href":"https:\/\/ralupo.me\/en\/wp-json\/wp\/v2\/posts"}],"about":[{"href":"https:\/\/ralupo.me\/en\/wp-json\/wp\/v2\/types\/post"}],"author":[{"embeddable":true,"href":"https:\/\/ralupo.me\/en\/wp-json\/wp\/v2\/users\/1"}],"replies":[{"embeddable":true,"href":"https:\/\/ralupo.me\/en\/wp-json\/wp\/v2\/comments?post=5051"}],"version-history":[{"count":0,"href":"https:\/\/ralupo.me\/en\/wp-json\/wp\/v2\/posts\/5051\/revisions"}],"wp:featuredmedia":[{"embeddable":true,"href":"https:\/\/ralupo.me\/en\/wp-json\/wp\/v2\/media\/3344"}],"wp:attachment":[{"href":"https:\/\/ralupo.me\/en\/wp-json\/wp\/v2\/media?parent=5051"}],"wp:term":[{"taxonomy":"category","embeddable":true,"href":"https:\/\/ralupo.me\/en\/wp-json\/wp\/v2\/categories?post=5051"},{"taxonomy":"post_tag","embeddable":true,"href":"https:\/\/ralupo.me\/en\/wp-json\/wp\/v2\/tags?post=5051"}],"curies":[{"name":"wp","href":"https:\/\/api.w.org\/{rel}","templated":true}]}}