{"id":4977,"date":"2022-04-27T21:44:21","date_gmt":"2022-04-27T19:44:21","guid":{"rendered":"https:\/\/ralupo.me\/?p=4977"},"modified":"2022-04-30T09:52:23","modified_gmt":"2022-04-30T07:52:23","slug":"denkmal-demontiert-keine-brueder-mehr","status":"publish","type":"post","link":"https:\/\/ralupo.me\/en\/archive\/4977","title":{"rendered":"Denkmal demontiert: Keine Br\u00fcder mehr"},"content":{"rendered":"<span class=\"span-reading-time rt-reading-time\" style=\"display: block;\"><span class=\"rt-label rt-prefix\">Lesedauer<\/span> <span class=\"rt-time\"> &lt; 1<\/span> <span class=\"rt-label rt-postfix\">Minute<\/span><\/span><p><\/p>\n\n\n<p class=\"wp-block-paragraph\">In Kyiv wurde gestern mit der Demontage des Denkmals der V\u00f6lkerfreundschaft begonnen. In Vorbereitung der 1.500 Jahrfeier Kyivs wurden drei Denkm\u00e4ler an die Freundschaft zwischen den \u201eBruderv\u00f6lkern\u201c der Ukraine und Russlands noch zu Sowjetzeiten zwischen 1978 und 1982 errichtet.<\/p>\n\n\n\n<p class=\"wp-block-paragraph\"><\/p>\n\n\n\n<figure class=\"wp-block-image size-large\"><img data-recalc-dims=\"1\" fetchpriority=\"high\" decoding=\"async\" width=\"1024\" height=\"768\" data-attachment-id=\"4980\" data-permalink=\"https:\/\/ralupo.me\/en\/archive\/4977\/aec33856-7612-4eef-9566-3270e75eeb45\" data-orig-file=\"https:\/\/i0.wp.com\/ralupo.me\/wp-content\/uploads\/2022\/04\/AEC33856-7612-4EEF-9566-3270E75EEB45-scaled.jpeg?fit=2560%2C1920&amp;ssl=1\" data-orig-size=\"2560,1920\" data-comments-opened=\"1\" data-image-meta=\"{&quot;aperture&quot;:&quot;0&quot;,&quot;credit&quot;:&quot;&quot;,&quot;camera&quot;:&quot;&quot;,&quot;caption&quot;:&quot;&quot;,&quot;created_timestamp&quot;:&quot;0&quot;,&quot;copyright&quot;:&quot;&quot;,&quot;focal_length&quot;:&quot;0&quot;,&quot;iso&quot;:&quot;0&quot;,&quot;shutter_speed&quot;:&quot;0&quot;,&quot;title&quot;:&quot;&quot;,&quot;orientation&quot;:&quot;0&quot;}\" data-image-title=\"AEC33856-7612-4EEF-9566-3270E75EEB45\" data-image-description=\"\" data-image-caption=\"\" data-medium-file=\"https:\/\/i0.wp.com\/ralupo.me\/wp-content\/uploads\/2022\/04\/AEC33856-7612-4EEF-9566-3270E75EEB45-scaled.jpeg?fit=300%2C225&amp;ssl=1\" data-large-file=\"https:\/\/i0.wp.com\/ralupo.me\/wp-content\/uploads\/2022\/04\/AEC33856-7612-4EEF-9566-3270E75EEB45-scaled.jpeg?fit=1024%2C768&amp;ssl=1\" src=\"https:\/\/i0.wp.com\/ralupo.me\/wp-content\/uploads\/2022\/04\/AEC33856-7612-4EEF-9566-3270E75EEB45.jpeg?resize=1024%2C768&#038;ssl=1\" alt=\"\" class=\"wp-image-4980\" srcset=\"https:\/\/i0.wp.com\/ralupo.me\/wp-content\/uploads\/2022\/04\/AEC33856-7612-4EEF-9566-3270E75EEB45-scaled.jpeg?resize=1024%2C768&amp;ssl=1 1024w, https:\/\/i0.wp.com\/ralupo.me\/wp-content\/uploads\/2022\/04\/AEC33856-7612-4EEF-9566-3270E75EEB45-scaled.jpeg?resize=600%2C450&amp;ssl=1 600w, https:\/\/i0.wp.com\/ralupo.me\/wp-content\/uploads\/2022\/04\/AEC33856-7612-4EEF-9566-3270E75EEB45-scaled.jpeg?resize=300%2C225&amp;ssl=1 300w, https:\/\/i0.wp.com\/ralupo.me\/wp-content\/uploads\/2022\/04\/AEC33856-7612-4EEF-9566-3270E75EEB45-scaled.jpeg?resize=768%2C576&amp;ssl=1 768w, https:\/\/i0.wp.com\/ralupo.me\/wp-content\/uploads\/2022\/04\/AEC33856-7612-4EEF-9566-3270E75EEB45-scaled.jpeg?resize=1536%2C1152&amp;ssl=1 1536w, https:\/\/i0.wp.com\/ralupo.me\/wp-content\/uploads\/2022\/04\/AEC33856-7612-4EEF-9566-3270E75EEB45-scaled.jpeg?resize=2048%2C1536&amp;ssl=1 2048w, https:\/\/i0.wp.com\/ralupo.me\/wp-content\/uploads\/2022\/04\/AEC33856-7612-4EEF-9566-3270E75EEB45-scaled.jpeg?resize=200%2C150&amp;ssl=1 200w, https:\/\/i0.wp.com\/ralupo.me\/wp-content\/uploads\/2022\/04\/AEC33856-7612-4EEF-9566-3270E75EEB45-scaled.jpeg?resize=260%2C195&amp;ssl=1 260w, https:\/\/i0.wp.com\/ralupo.me\/wp-content\/uploads\/2022\/04\/AEC33856-7612-4EEF-9566-3270E75EEB45-scaled.jpeg?resize=380%2C285&amp;ssl=1 380w, https:\/\/i0.wp.com\/ralupo.me\/wp-content\/uploads\/2022\/04\/AEC33856-7612-4EEF-9566-3270E75EEB45-scaled.jpeg?resize=800%2C600&amp;ssl=1 800w, https:\/\/i0.wp.com\/ralupo.me\/wp-content\/uploads\/2022\/04\/AEC33856-7612-4EEF-9566-3270E75EEB45-scaled.jpeg?resize=1160%2C870&amp;ssl=1 1160w, https:\/\/i0.wp.com\/ralupo.me\/wp-content\/uploads\/2022\/04\/AEC33856-7612-4EEF-9566-3270E75EEB45-scaled.jpeg?resize=400%2C300&amp;ssl=1 400w, https:\/\/i0.wp.com\/ralupo.me\/wp-content\/uploads\/2022\/04\/AEC33856-7612-4EEF-9566-3270E75EEB45-scaled.jpeg?resize=520%2C390&amp;ssl=1 520w, https:\/\/i0.wp.com\/ralupo.me\/wp-content\/uploads\/2022\/04\/AEC33856-7612-4EEF-9566-3270E75EEB45-scaled.jpeg?resize=760%2C570&amp;ssl=1 760w, https:\/\/i0.wp.com\/ralupo.me\/wp-content\/uploads\/2022\/04\/AEC33856-7612-4EEF-9566-3270E75EEB45-scaled.jpeg?resize=1600%2C1200&amp;ssl=1 1600w\" sizes=\"(max-width: 1000px) 100vw, 1000px\" \/><figcaption>Demontiertes Freundschaftsdenkmal<\/figcaption><\/figure>\n\n\n\n<p class=\"wp-block-paragraph\">Am Auff\u00e4lligsten ist dabei ein Bogen aus Titan, der den Platz \u00fcberspannt und einen Regenbogen symbolisieren soll. Allerdings hat dieser seit einigen Jahren einen aufgeklebten Riss, der 2018 als Reaktion auf die Krimannektion und den Krieg im Donbas hinzugef\u00fcgt wurde.<\/p>\n\n\n\n<p class=\"wp-block-paragraph\"><\/p>\n\n\n\n<figure class=\"wp-block-embed is-type-rich is-provider-twitter wp-block-embed-twitter\"><div class=\"wp-block-embed__wrapper\">\n<blockquote class=\"twitter-tweet\" data-width=\"500\" data-dnt=\"true\"><p lang=\"en\" dir=\"ltr\">You don&#39;t kill your brother. <br>You don&#39;t rape your sister. <br>You don&#39;t destroy your friend&#39;s country. <br>That&#39;s why today we dismantled this monument once created as a sign of friendship between Ukraine and Russia.<a href=\"https:\/\/twitter.com\/hashtag\/FreeUkraine?src=hash&amp;ref_src=twsrc%5Etfw\">#FreeUkraine<\/a> <a href=\"https:\/\/twitter.com\/hashtag\/WeAreAllUkrainians?src=hash&amp;ref_src=twsrc%5Etfw\">#WeAreAllUkrainians<\/a> <a href=\"https:\/\/twitter.com\/hashtag\/StandWithUkraine?src=hash&amp;ref_src=twsrc%5Etfw\">#StandWithUkraine<\/a> <a href=\"https:\/\/twitter.com\/hashtag\/StopTheWar?src=hash&amp;ref_src=twsrc%5Etfw\">#StopTheWar<\/a> <a href=\"https:\/\/t.co\/HQI0W9XNS8\">pic.twitter.com\/HQI0W9XNS8<\/a><\/p>&mdash; Klitschko (@Klitschko) <a href=\"https:\/\/twitter.com\/Klitschko\/status\/1519008421500043266?ref_src=twsrc%5Etfw\">April 26, 2022<\/a><\/blockquote><script async src=\"https:\/\/platform.twitter.com\/widgets.js\" charset=\"utf-8\"><\/script>\n<\/div><\/figure>\n\n\n\n<p class=\"wp-block-paragraph\">Hinzu kommt noch ein Denkmal aus Granit und eine Bronze-Skulptur, die einen russischen und ukrainischen Arbeiter symbolisieren. <\/p>\n\n\n\n<figure class=\"wp-block-image size-large\"><img data-recalc-dims=\"1\" decoding=\"async\" width=\"1024\" height=\"768\" data-attachment-id=\"4985\" data-permalink=\"https:\/\/ralupo.me\/en\/archive\/4977\/76545efb-313e-465c-8d49-05b8441a4005\" data-orig-file=\"https:\/\/i0.wp.com\/ralupo.me\/wp-content\/uploads\/2022\/04\/76545EFB-313E-465C-8D49-05B8441A4005-scaled.jpeg?fit=2560%2C1920&amp;ssl=1\" data-orig-size=\"2560,1920\" data-comments-opened=\"1\" data-image-meta=\"{&quot;aperture&quot;:&quot;0&quot;,&quot;credit&quot;:&quot;&quot;,&quot;camera&quot;:&quot;&quot;,&quot;caption&quot;:&quot;&quot;,&quot;created_timestamp&quot;:&quot;0&quot;,&quot;copyright&quot;:&quot;&quot;,&quot;focal_length&quot;:&quot;0&quot;,&quot;iso&quot;:&quot;0&quot;,&quot;shutter_speed&quot;:&quot;0&quot;,&quot;title&quot;:&quot;&quot;,&quot;orientation&quot;:&quot;0&quot;}\" data-image-title=\"76545EFB-313E-465C-8D49-05B8441A4005\" data-image-description=\"\" data-image-caption=\"\" data-medium-file=\"https:\/\/i0.wp.com\/ralupo.me\/wp-content\/uploads\/2022\/04\/76545EFB-313E-465C-8D49-05B8441A4005-scaled.jpeg?fit=300%2C225&amp;ssl=1\" data-large-file=\"https:\/\/i0.wp.com\/ralupo.me\/wp-content\/uploads\/2022\/04\/76545EFB-313E-465C-8D49-05B8441A4005-scaled.jpeg?fit=1024%2C768&amp;ssl=1\" src=\"https:\/\/i0.wp.com\/ralupo.me\/wp-content\/uploads\/2022\/04\/76545EFB-313E-465C-8D49-05B8441A4005.jpeg?resize=1024%2C768&#038;ssl=1\" alt=\"\" class=\"wp-image-4985\" srcset=\"https:\/\/i0.wp.com\/ralupo.me\/wp-content\/uploads\/2022\/04\/76545EFB-313E-465C-8D49-05B8441A4005-scaled.jpeg?resize=1024%2C768&amp;ssl=1 1024w, https:\/\/i0.wp.com\/ralupo.me\/wp-content\/uploads\/2022\/04\/76545EFB-313E-465C-8D49-05B8441A4005-scaled.jpeg?resize=600%2C450&amp;ssl=1 600w, https:\/\/i0.wp.com\/ralupo.me\/wp-content\/uploads\/2022\/04\/76545EFB-313E-465C-8D49-05B8441A4005-scaled.jpeg?resize=300%2C225&amp;ssl=1 300w, https:\/\/i0.wp.com\/ralupo.me\/wp-content\/uploads\/2022\/04\/76545EFB-313E-465C-8D49-05B8441A4005-scaled.jpeg?resize=768%2C576&amp;ssl=1 768w, https:\/\/i0.wp.com\/ralupo.me\/wp-content\/uploads\/2022\/04\/76545EFB-313E-465C-8D49-05B8441A4005-scaled.jpeg?resize=1536%2C1152&amp;ssl=1 1536w, https:\/\/i0.wp.com\/ralupo.me\/wp-content\/uploads\/2022\/04\/76545EFB-313E-465C-8D49-05B8441A4005-scaled.jpeg?resize=2048%2C1536&amp;ssl=1 2048w, https:\/\/i0.wp.com\/ralupo.me\/wp-content\/uploads\/2022\/04\/76545EFB-313E-465C-8D49-05B8441A4005-scaled.jpeg?resize=200%2C150&amp;ssl=1 200w, https:\/\/i0.wp.com\/ralupo.me\/wp-content\/uploads\/2022\/04\/76545EFB-313E-465C-8D49-05B8441A4005-scaled.jpeg?resize=260%2C195&amp;ssl=1 260w, https:\/\/i0.wp.com\/ralupo.me\/wp-content\/uploads\/2022\/04\/76545EFB-313E-465C-8D49-05B8441A4005-scaled.jpeg?resize=380%2C285&amp;ssl=1 380w, https:\/\/i0.wp.com\/ralupo.me\/wp-content\/uploads\/2022\/04\/76545EFB-313E-465C-8D49-05B8441A4005-scaled.jpeg?resize=800%2C600&amp;ssl=1 800w, https:\/\/i0.wp.com\/ralupo.me\/wp-content\/uploads\/2022\/04\/76545EFB-313E-465C-8D49-05B8441A4005-scaled.jpeg?resize=1160%2C870&amp;ssl=1 1160w, https:\/\/i0.wp.com\/ralupo.me\/wp-content\/uploads\/2022\/04\/76545EFB-313E-465C-8D49-05B8441A4005-scaled.jpeg?resize=400%2C300&amp;ssl=1 400w, https:\/\/i0.wp.com\/ralupo.me\/wp-content\/uploads\/2022\/04\/76545EFB-313E-465C-8D49-05B8441A4005-scaled.jpeg?resize=520%2C390&amp;ssl=1 520w, https:\/\/i0.wp.com\/ralupo.me\/wp-content\/uploads\/2022\/04\/76545EFB-313E-465C-8D49-05B8441A4005-scaled.jpeg?resize=760%2C570&amp;ssl=1 760w, https:\/\/i0.wp.com\/ralupo.me\/wp-content\/uploads\/2022\/04\/76545EFB-313E-465C-8D49-05B8441A4005-scaled.jpeg?resize=1600%2C1200&amp;ssl=1 1600w\" sizes=\"(max-width: 1000px) 100vw, 1000px\" \/><\/figure>\n\n\n\n<p class=\"wp-block-paragraph\">Nach Mitteilung des Kyiver B\u00fcrgermeister Vitali Klitschko wurde die Bronzeskulptur mittlerweile vollst\u00e4ndig abgebaut und abtransportiert.Die Demontage ist eine direkte Antwort auf den russischen Krieg gegen die Ukraine und die ver\u00fcbten Kriegsverbrechen.<\/p>\n\n\n\n<p class=\"wp-block-paragraph\"><\/p>\n\n\n\n<figure class=\"wp-block-embed is-type-video is-provider-youtube wp-block-embed-youtube wp-embed-aspect-16-9 wp-has-aspect-ratio\"><div class=\"wp-block-embed__wrapper\">\n<iframe title=\"Discovering Kyiv  Friendship Arche\" width=\"500\" height=\"281\" src=\"https:\/\/www.youtube.com\/embed\/A8uKar0XM1w?feature=oembed\" frameborder=\"0\" allow=\"accelerometer; autoplay; clipboard-write; encrypted-media; gyroscope; picture-in-picture; web-share\" referrerpolicy=\"strict-origin-when-cross-origin\" allowfullscreen><\/iframe>\n<\/div><\/figure>\n\n\n<p><\/p>","protected":false},"excerpt":{"rendered":"<p>In Kyiv wurde gestern mit der Demontage des Denkmals der V\u00f6lkerfreundschaft begonnen. In Vorbereitung der 1.500 Jahrfeier Kyivs wurden drei Denkm\u00e4ler an die Freundschaft zwischen den \u201eBruderv\u00f6lkern\u201c der Ukraine und [&hellip;]<\/p>\n","protected":false},"author":1,"featured_media":4979,"comment_status":"open","ping_status":"open","sticky":false,"template":"","format":"standard","meta":{"_crdt_document":"","advanced_seo_description":"","jetpack_seo_html_title":"","jetpack_seo_noindex":false,"_EventAllDay":false,"_EventTimezone":"","_EventStartDate":"","_EventEndDate":"","_EventStartDateUTC":"","_EventEndDateUTC":"","_EventShowMap":false,"_EventShowMapLink":false,"_EventURL":"","_EventCost":"","_EventCostDescription":"","_EventCurrencySymbol":"","_EventCurrencyCode":"","_EventCurrencyPosition":"","_EventDateTimeSeparator":"","_EventTimeRangeSeparator":"","_EventOrganizerID":[],"_EventVenueID":[],"_OrganizerEmail":"","_OrganizerPhone":"","_OrganizerWebsite":"","_VenueAddress":"","_VenueCity":"","_VenueCountry":"","_VenueProvince":"","_VenueState":"","_VenueZip":"","_VenuePhone":"","_VenueURL":"","_VenueStateProvince":"","_VenueLat":"","_VenueLng":"","_VenueShowMap":false,"_VenueShowMapLink":false,"jetpack_post_was_ever_published":false,"_jetpack_newsletter_access":"","_jetpack_dont_email_post_to_subs":false,"_jetpack_newsletter_tier_id":0,"_jetpack_memberships_contains_paywalled_content":false,"_jetpack_memberships_contains_paid_content":false,"footnotes":""},"categories":[692],"tags":[700,436,437,333,25],"class_list":["post-4977","post","type-post","status-publish","format-standard","has-post-thumbnail","hentry","category-ukraine","tag-denkmal","tag-krieg","tag-kyiv","tag-russland","tag-ukraine"],"jetpack_featured_media_url":"https:\/\/i0.wp.com\/ralupo.me\/wp-content\/uploads\/2022\/04\/808DFD28-9131-4693-A499-B305F675728B-scaled.jpeg?fit=2560%2C1920&ssl=1","jetpack_sharing_enabled":true,"jetpack-related-posts":[{"id":1463,"url":"https:\/\/ralupo.me\/en\/archive\/1463","url_meta":{"origin":4977,"position":0},"title":"Kyiv entdecken: St. Andreas Kirche","author":"Lupo","date":"24. April 2021","format":false,"excerpt":"[:de]Die St. Andreas Kirche (Ukr. \u0410\u043d\u0434\u0440\u0456\u0457\u0432\u0441\u044c\u043a\u0430 \u0446\u0435\u0440\u043a\u0432\u0430) thront hoch \u00fcber dem Stadtteil Podil. Zeit, ihr endlich mal einen Besuch abzustatten.[:]","rel":"","context":"In &quot;Eastbound&quot;","block_context":{"text":"Eastbound","link":"https:\/\/ralupo.me\/en\/archive\/category\/eastbound"},"img":{"alt_text":"","src":"https:\/\/i0.wp.com\/ralupo.me\/wp-content\/uploads\/2021\/04\/img_9623-scaled.jpg?fit=1200%2C900&ssl=1&resize=350%2C200","width":350,"height":200,"srcset":"https:\/\/i0.wp.com\/ralupo.me\/wp-content\/uploads\/2021\/04\/img_9623-scaled.jpg?fit=1200%2C900&ssl=1&resize=350%2C200 1x, https:\/\/i0.wp.com\/ralupo.me\/wp-content\/uploads\/2021\/04\/img_9623-scaled.jpg?fit=1200%2C900&ssl=1&resize=525%2C300 1.5x, https:\/\/i0.wp.com\/ralupo.me\/wp-content\/uploads\/2021\/04\/img_9623-scaled.jpg?fit=1200%2C900&ssl=1&resize=700%2C400 2x, https:\/\/i0.wp.com\/ralupo.me\/wp-content\/uploads\/2021\/04\/img_9623-scaled.jpg?fit=1200%2C900&ssl=1&resize=1050%2C600 3x"},"classes":[]},{"id":5393,"url":"https:\/\/ralupo.me\/en\/archive\/5393","url_meta":{"origin":4977,"position":1},"title":"Kyiv k\u00fcndigt St\u00e4dtefreundschaft mit Minsk","author":"Lupo","date":"10. June 2022","format":false,"excerpt":"[:de][:]","rel":"","context":"In &quot;Eastbound&quot;","block_context":{"text":"Eastbound","link":"https:\/\/ralupo.me\/en\/archive\/category\/eastbound"},"img":{"alt_text":"","src":"https:\/\/i0.wp.com\/ralupo.me\/wp-content\/uploads\/2021\/12\/img_6316.jpg?fit=1200%2C675&ssl=1&resize=350%2C200","width":350,"height":200,"srcset":"https:\/\/i0.wp.com\/ralupo.me\/wp-content\/uploads\/2021\/12\/img_6316.jpg?fit=1200%2C675&ssl=1&resize=350%2C200 1x, https:\/\/i0.wp.com\/ralupo.me\/wp-content\/uploads\/2021\/12\/img_6316.jpg?fit=1200%2C675&ssl=1&resize=525%2C300 1.5x, https:\/\/i0.wp.com\/ralupo.me\/wp-content\/uploads\/2021\/12\/img_6316.jpg?fit=1200%2C675&ssl=1&resize=700%2C400 2x, https:\/\/i0.wp.com\/ralupo.me\/wp-content\/uploads\/2021\/12\/img_6316.jpg?fit=1200%2C675&ssl=1&resize=1050%2C600 3x"},"classes":[]},{"id":5091,"url":"https:\/\/ralupo.me\/en\/archive\/5091","url_meta":{"origin":4977,"position":2},"title":"&#8220;Nie wieder&#8221;?","author":"Lupo","date":"9. May 2022","format":false,"excerpt":"[:de] W\u00e4hrend man sich in Berlin um den Umgang mit ukrainischen Fahnen an den Kriegsdenkm\u00e4lern streitet und eine kommunikative Bauchlandung hinlegte, tauchten tausende Menschen die K\u00f6lner Innenstadt am Sonntag in blau und gelb, um mit einem \"Marsch der V\u00f6lker\" gegen den russischen Krieg in der Ukraine zu demonstrieren. Kundgebung auf\u2026","rel":"","context":"In &quot;Veranstaltungen&quot;","block_context":{"text":"Veranstaltungen","link":"https:\/\/ralupo.me\/en\/archive\/category\/veranstaltungen"},"img":{"alt_text":"","src":"https:\/\/i0.wp.com\/ralupo.me\/wp-content\/uploads\/2022\/05\/62E074F3-9CBB-4DC4-8E2A-FB8DB4D91E3E-scaled.jpeg?fit=1200%2C900&ssl=1&resize=350%2C200","width":350,"height":200,"srcset":"https:\/\/i0.wp.com\/ralupo.me\/wp-content\/uploads\/2022\/05\/62E074F3-9CBB-4DC4-8E2A-FB8DB4D91E3E-scaled.jpeg?fit=1200%2C900&ssl=1&resize=350%2C200 1x, https:\/\/i0.wp.com\/ralupo.me\/wp-content\/uploads\/2022\/05\/62E074F3-9CBB-4DC4-8E2A-FB8DB4D91E3E-scaled.jpeg?fit=1200%2C900&ssl=1&resize=525%2C300 1.5x, https:\/\/i0.wp.com\/ralupo.me\/wp-content\/uploads\/2022\/05\/62E074F3-9CBB-4DC4-8E2A-FB8DB4D91E3E-scaled.jpeg?fit=1200%2C900&ssl=1&resize=700%2C400 2x, https:\/\/i0.wp.com\/ralupo.me\/wp-content\/uploads\/2022\/05\/62E074F3-9CBB-4DC4-8E2A-FB8DB4D91E3E-scaled.jpeg?fit=1200%2C900&ssl=1&resize=1050%2C600 3x"},"classes":[]},{"id":10140,"url":"https:\/\/ralupo.me\/en\/archive\/10140","url_meta":{"origin":4977,"position":3},"title":"Lviv: Die Stadt der L\u00f6wen","author":"Lupo","date":"17. June 2023","format":false,"excerpt":"[:de]Der K\u00f6nig von Galizien und Lodomerien Danylo ist Vater der Stadt. Er gr\u00fcndete Lemberg im Jahre 1256 und gab der Stadt den Namen seines Sohnes Lew. Von dieser Zeit gilt der Tierk\u00f6nig der L\u00f6we, also Lew auf Ukrainisch, als ein Symbol der Stadt. Es gibt in Lemberg insgesamt mehr als\u2026","rel":"","context":"In &quot;Ukraine&quot;","block_context":{"text":"Ukraine","link":"https:\/\/ralupo.me\/en\/archive\/category\/ukraine"},"img":{"alt_text":"","src":"https:\/\/i0.wp.com\/ralupo.me\/wp-content\/uploads\/2023\/06\/IMG_8925-scaled.jpeg?fit=1200%2C900&ssl=1&resize=350%2C200","width":350,"height":200,"srcset":"https:\/\/i0.wp.com\/ralupo.me\/wp-content\/uploads\/2023\/06\/IMG_8925-scaled.jpeg?fit=1200%2C900&ssl=1&resize=350%2C200 1x, https:\/\/i0.wp.com\/ralupo.me\/wp-content\/uploads\/2023\/06\/IMG_8925-scaled.jpeg?fit=1200%2C900&ssl=1&resize=525%2C300 1.5x, https:\/\/i0.wp.com\/ralupo.me\/wp-content\/uploads\/2023\/06\/IMG_8925-scaled.jpeg?fit=1200%2C900&ssl=1&resize=700%2C400 2x, https:\/\/i0.wp.com\/ralupo.me\/wp-content\/uploads\/2023\/06\/IMG_8925-scaled.jpeg?fit=1200%2C900&ssl=1&resize=1050%2C600 3x"},"classes":[]},{"id":8958,"url":"https:\/\/ralupo.me\/en\/archive\/8958","url_meta":{"origin":4977,"position":4},"title":"Des Batka friedlicher Himmel","author":"Lupo","date":"27. August 2022","format":false,"excerpt":"[:de] Unter den Gl\u00fcckwunschtelegrammen, die am 24 August anl\u00e4sslich des ukrainischen Unabh\u00e4ngigkeitstags in Kyiv eingingen, sorgten die Gl\u00fcckw\u00fcnsche aus dem direkten Nachbarland f\u00fcr Stirnrunzeln, Hohn und Spott. Der Pr\u00e4sident der Republik Belarus Alexander Lukashenko,, dessen Wahl in vielen L\u00e4ndern nicht anerkannt wird, schickte dem Nachbarn die besten W\u00fcnsche, einen \u201efriedlichen\u2026","rel":"","context":"In &quot;Politik&quot;","block_context":{"text":"Politik","link":"https:\/\/ralupo.me\/en\/archive\/category\/politik"},"img":{"alt_text":"","src":"https:\/\/i0.wp.com\/ralupo.me\/wp-content\/uploads\/2022\/05\/64AF1804-B65B-44AF-81E3-D69F4ABA5DB1-scaled.jpeg?fit=1200%2C900&ssl=1&resize=350%2C200","width":350,"height":200,"srcset":"https:\/\/i0.wp.com\/ralupo.me\/wp-content\/uploads\/2022\/05\/64AF1804-B65B-44AF-81E3-D69F4ABA5DB1-scaled.jpeg?fit=1200%2C900&ssl=1&resize=350%2C200 1x, https:\/\/i0.wp.com\/ralupo.me\/wp-content\/uploads\/2022\/05\/64AF1804-B65B-44AF-81E3-D69F4ABA5DB1-scaled.jpeg?fit=1200%2C900&ssl=1&resize=525%2C300 1.5x, https:\/\/i0.wp.com\/ralupo.me\/wp-content\/uploads\/2022\/05\/64AF1804-B65B-44AF-81E3-D69F4ABA5DB1-scaled.jpeg?fit=1200%2C900&ssl=1&resize=700%2C400 2x, https:\/\/i0.wp.com\/ralupo.me\/wp-content\/uploads\/2022\/05\/64AF1804-B65B-44AF-81E3-D69F4ABA5DB1-scaled.jpeg?fit=1200%2C900&ssl=1&resize=1050%2C600 3x"},"classes":[]},{"id":684,"url":"https:\/\/ralupo.me\/en\/archive\/684","url_meta":{"origin":4977,"position":5},"title":"Belarus: Kann sich Lukaschenka noch halten?","author":"Lupo","date":"16. August 2020","format":false,"excerpt":"[:de] +++Update (16:49 OEZ). Aktuell ist in sozialen Medien die Rede von bis zu 150.000 Menschen, die sich friedlich in Minsk versammelt haben, um f\u00fcr freie Wahlen und gegen Polizeigewalt zu demonstrieren. +++ Minsk, you are magnificent!\ud83e\udd0d\u2764\ufe0f\ud83e\udd0d#\u041b\u0443\u043a\u0430\u0448\u0435\u043d\u043a\u043e\u0423\u0445\u043e\u0434\u0438 #LukashenkoGoAway#Belarus pic.twitter.com\/YsRoQjwjyd\u2014 NEXTA (@nexta_tv) August 16, 2020 In Belarus stehen f\u00fcr heute wieder\u2026","rel":"","context":"In &quot;Eastbound&quot;","block_context":{"text":"Eastbound","link":"https:\/\/ralupo.me\/en\/archive\/category\/eastbound"},"img":{"alt_text":"","src":"https:\/\/i0.wp.com\/ralupo.me\/wp-content\/uploads\/2020\/08\/img_5982.jpg?fit=1200%2C799&ssl=1&resize=350%2C200","width":350,"height":200,"srcset":"https:\/\/i0.wp.com\/ralupo.me\/wp-content\/uploads\/2020\/08\/img_5982.jpg?fit=1200%2C799&ssl=1&resize=350%2C200 1x, https:\/\/i0.wp.com\/ralupo.me\/wp-content\/uploads\/2020\/08\/img_5982.jpg?fit=1200%2C799&ssl=1&resize=525%2C300 1.5x, https:\/\/i0.wp.com\/ralupo.me\/wp-content\/uploads\/2020\/08\/img_5982.jpg?fit=1200%2C799&ssl=1&resize=700%2C400 2x, https:\/\/i0.wp.com\/ralupo.me\/wp-content\/uploads\/2020\/08\/img_5982.jpg?fit=1200%2C799&ssl=1&resize=1050%2C600 3x"},"classes":[]}],"jetpack_shortlink":"https:\/\/wp.me\/pcanHs-1ih","_links":{"self":[{"href":"https:\/\/ralupo.me\/en\/wp-json\/wp\/v2\/posts\/4977","targetHints":{"allow":["GET"]}}],"collection":[{"href":"https:\/\/ralupo.me\/en\/wp-json\/wp\/v2\/posts"}],"about":[{"href":"https:\/\/ralupo.me\/en\/wp-json\/wp\/v2\/types\/post"}],"author":[{"embeddable":true,"href":"https:\/\/ralupo.me\/en\/wp-json\/wp\/v2\/users\/1"}],"replies":[{"embeddable":true,"href":"https:\/\/ralupo.me\/en\/wp-json\/wp\/v2\/comments?post=4977"}],"version-history":[{"count":0,"href":"https:\/\/ralupo.me\/en\/wp-json\/wp\/v2\/posts\/4977\/revisions"}],"wp:featuredmedia":[{"embeddable":true,"href":"https:\/\/ralupo.me\/en\/wp-json\/wp\/v2\/media\/4979"}],"wp:attachment":[{"href":"https:\/\/ralupo.me\/en\/wp-json\/wp\/v2\/media?parent=4977"}],"wp:term":[{"taxonomy":"category","embeddable":true,"href":"https:\/\/ralupo.me\/en\/wp-json\/wp\/v2\/categories?post=4977"},{"taxonomy":"post_tag","embeddable":true,"href":"https:\/\/ralupo.me\/en\/wp-json\/wp\/v2\/tags?post=4977"}],"curies":[{"name":"wp","href":"https:\/\/api.w.org\/{rel}","templated":true}]}}