{"id":4068,"date":"2022-04-10T10:54:34","date_gmt":"2022-04-10T08:54:34","guid":{"rendered":"https:\/\/ralupo.me\/?p=4068"},"modified":"2022-05-07T18:01:09","modified_gmt":"2022-05-07T16:01:09","slug":"eu-kampagne-sammelt-101-milliarden-euro-fuer-ukrainische-fluechtlinge","status":"publish","type":"post","link":"https:\/\/ralupo.me\/en\/archive\/4068","title":{"rendered":"EU Kampagne sammelt 10,1 Milliarden Euro f\u00fcr ukrainische Fl\u00fcchtlinge"},"content":{"rendered":"<span class=\"span-reading-time rt-reading-time\" style=\"display: block;\"><span class=\"rt-label rt-prefix\">Lesedauer<\/span> <span class=\"rt-time\"> 2<\/span> <span class=\"rt-label rt-postfix\">Minuten<\/span><\/span><p><\/p>\n\n\n<p class=\"eplus-wrapper wp-block-paragraph\">Im Rahmen der weltweiten Spendenaktion <em>&#8220;Stand Up for Ukraine<\/em>&#8221; wurden 9,1 Mrd. EUR f\u00fcr Menschen gesammelt, die vor der russischen Invasion in der Ukraine und im Ausland fliehen, darunter 1 Mrd. EUR von der Europ\u00e4ischen Kommission. Dar\u00fcber hinaus hat die Europ\u00e4ische Bank f\u00fcr Wiederaufbau und Entwicklung ein zus\u00e4tzliches Darlehen in H\u00f6he von 1 Mrd. EUR angek\u00fcndigt, um den Bedarf der durch die Invasion vertriebenen Menschen zu decken.<\/p>\n\n\n\n<p class=\"eplus-wrapper wp-block-paragraph\">Die Pr\u00e4sidentin der EU-Kommission, Ursula von der Leyen, bekr\u00e4ftigte die weitere Unterst\u00fctzung und Solidarit\u00e4t der EU mit der Ukraine.<\/p>\n\n\n\n<blockquote class=\"eplus-wrapper wp-block-quote is-layout-flow wp-block-quote-is-layout-flow\"><p>Die Solidarit\u00e4t von L\u00e4ndern, Unternehmen und Menschen auf der ganzen Welt bietet etwas Licht in dieser dunklen Stunde. Die Kampagne &#8220;Stand Up For Ukraine&#8221; hat 9,1 Milliarden Euro f\u00fcr Menschen gesammelt, die vor Bomben innerhalb und au\u00dferhalb der Ukraine fliehen, und die EBWE hat eine weitere Milliarde zugesagt. Und es wird noch mehr kommen. Wir werden weiterhin Unterst\u00fctzung leisten. Und wenn die Bomben aufgeh\u00f6rt haben zu fallen, werden wir den Menschen in der Ukraine helfen, ihr Land wieder aufzubauen. Wir werden uns weiterhin f\u00fcr die Ukraine einsetzen.<\/p><cite>Ursula von der Leyen, Pr\u00e4sidentin der EU-Kommission<\/cite><\/blockquote>\n\n\n\n<p class=\"eplus-wrapper wp-block-paragraph\">Die Online-Veranstaltung &#8220;Stand Up For Ukraine&#8221; bildet den Abschluss einer breit angelegten Social-Media-Kampagne, die von der Europ\u00e4ischen Kommission und der Regierung in Kanada am Samstag, den 26. M\u00e4rz, in Zusammenarbeit mit Global Citizen gestartet wurde.<\/p>\n\n\n\n<figure class=\"is-style-default eplus-wrapper wp-block-image size-full\"><img data-recalc-dims=\"1\" fetchpriority=\"high\" decoding=\"async\" width=\"960\" height=\"422\" data-attachment-id=\"3937\" data-permalink=\"https:\/\/ralupo.me\/en\/277357050_341534614678341_5662670985957150899_n-2\" data-orig-file=\"https:\/\/i0.wp.com\/ralupo.me\/wp-content\/uploads\/2022\/04\/277357050_341534614678341_5662670985957150899_n-2.jpg?fit=960%2C422&amp;ssl=1\" data-orig-size=\"960,422\" data-comments-opened=\"1\" data-image-meta=\"{&quot;aperture&quot;:&quot;0&quot;,&quot;credit&quot;:&quot;&quot;,&quot;camera&quot;:&quot;&quot;,&quot;caption&quot;:&quot;&quot;,&quot;created_timestamp&quot;:&quot;0&quot;,&quot;copyright&quot;:&quot;&quot;,&quot;focal_length&quot;:&quot;0&quot;,&quot;iso&quot;:&quot;0&quot;,&quot;shutter_speed&quot;:&quot;0&quot;,&quot;title&quot;:&quot;&quot;,&quot;orientation&quot;:&quot;0&quot;}\" data-image-title=\"277357050_341534614678341_5662670985957150899_n-2\" data-image-description=\"\" data-image-caption=\"\" data-medium-file=\"https:\/\/i0.wp.com\/ralupo.me\/wp-content\/uploads\/2022\/04\/277357050_341534614678341_5662670985957150899_n-2.jpg?fit=300%2C132&amp;ssl=1\" data-large-file=\"https:\/\/i0.wp.com\/ralupo.me\/wp-content\/uploads\/2022\/04\/277357050_341534614678341_5662670985957150899_n-2.jpg?fit=960%2C422&amp;ssl=1\" src=\"https:\/\/i0.wp.com\/ralupo.me\/wp-content\/uploads\/2022\/04\/277357050_341534614678341_5662670985957150899_n-2.jpg?resize=960%2C422&#038;ssl=1\" alt=\"\" class=\"wp-image-3937\" srcset=\"https:\/\/i0.wp.com\/ralupo.me\/wp-content\/uploads\/2022\/04\/277357050_341534614678341_5662670985957150899_n-2.jpg?w=960&amp;ssl=1 960w, https:\/\/i0.wp.com\/ralupo.me\/wp-content\/uploads\/2022\/04\/277357050_341534614678341_5662670985957150899_n-2.jpg?resize=600%2C264&amp;ssl=1 600w, https:\/\/i0.wp.com\/ralupo.me\/wp-content\/uploads\/2022\/04\/277357050_341534614678341_5662670985957150899_n-2.jpg?resize=300%2C132&amp;ssl=1 300w, https:\/\/i0.wp.com\/ralupo.me\/wp-content\/uploads\/2022\/04\/277357050_341534614678341_5662670985957150899_n-2.jpg?resize=768%2C338&amp;ssl=1 768w, https:\/\/i0.wp.com\/ralupo.me\/wp-content\/uploads\/2022\/04\/277357050_341534614678341_5662670985957150899_n-2.jpg?resize=150%2C66&amp;ssl=1 150w\" sizes=\"(max-width: 960px) 100vw, 960px\" \/><\/figure>\n\n\n\n<p class=\"eplus-wrapper wp-block-paragraph\">Die Kampagne folgt einem Aufruf des ukrainischen Pr\u00e4sidenten Volodymyr Zelenskyy zur Unterst\u00fctzung. Ziel der Kampagne ist es, Finanzmittel und andere Formen der Unterst\u00fctzung zu sammeln, um die Bed\u00fcrfnisse der Menschen zu befriedigen, die vor der Invasion innerhalb und au\u00dferhalb der Ukraine fliehen.<\/p>\n\n\n\n<p class=\"eplus-wrapper wp-block-paragraph\">Die EU-Kommissionspr\u00e4sidentin hatte am Freitag, 08. April 2022, den ukrainischen Pr\u00e4sidenten Selenskij in Kyiv pers\u00f6nlich getroffen und mit ihm die weiteren Schritte f\u00fcr einen EU-Beitritt der Ukraine besprochen.<\/p>\n\n\n\n<p class=\"eplus-wrapper wp-block-paragraph\"><\/p>\n\n\n<div class=\"vlp-link-container vlp-template-default wp-block-visual-link-preview-link\">\n\t<a href=\"https:\/\/stand-up-for-ukraine.ec.europa.eu\/stand-ukraine-global-campaign-mobilise-support-refugees-during\/about_en\" class=\"vlp-link\" title=\"About\" rel=\"nofollow\" target=\"_blank\"><\/a>\t\t<div class=\"vlp-link-text-container\">\n\t\t\t\t<div class=\"vlp-link-title\">\n\t\t\tAbout\t\t<\/div>\n\t\t\t\t\t\t<div class=\"vlp-link-summary\">\n\t\t\tAbout the pledging event\t\t<\/div>\n\t\t\t<\/div>\n<\/div>\n\n\n<p><\/p>","protected":false},"excerpt":{"rendered":"<p>Im Rahmen der weltweiten Spendenaktion &#8220;Stand Up for Ukraine&#8221; wurden 9,1 Mrd. EUR f\u00fcr Menschen gesammelt, die vor der russischen Invasion in der Ukraine und im Ausland fliehen, darunter 1 [&hellip;]<\/p>\n","protected":false},"author":1,"featured_media":4070,"comment_status":"open","ping_status":"open","sticky":false,"template":"","format":"standard","meta":{"_crdt_document":"","advanced_seo_description":"","jetpack_seo_html_title":"","jetpack_seo_noindex":false,"_EventAllDay":false,"_EventTimezone":"","_EventStartDate":"","_EventEndDate":"","_EventStartDateUTC":"","_EventEndDateUTC":"","_EventShowMap":false,"_EventShowMapLink":false,"_EventURL":"","_EventCost":"","_EventCostDescription":"","_EventCurrencySymbol":"","_EventCurrencyCode":"","_EventCurrencyPosition":"","_EventDateTimeSeparator":"","_EventTimeRangeSeparator":"","_EventOrganizerID":[],"_EventVenueID":[0],"_OrganizerEmail":"","_OrganizerPhone":"","_OrganizerWebsite":"","_VenueAddress":"","_VenueCity":"","_VenueCountry":"","_VenueProvince":"","_VenueState":"","_VenueZip":"","_VenuePhone":"","_VenueURL":"","_VenueStateProvince":"","_VenueLat":"","_VenueLng":"","_VenueShowMap":false,"_VenueShowMapLink":false,"jetpack_post_was_ever_published":false,"_jetpack_newsletter_access":"","_jetpack_dont_email_post_to_subs":false,"_jetpack_newsletter_tier_id":0,"_jetpack_memberships_contains_paywalled_content":false,"_jetpack_memberships_contains_paid_content":false,"footnotes":""},"categories":[692],"tags":[642,384,580,25],"class_list":["post-4068","post","type-post","status-publish","format-standard","has-post-thumbnail","hentry","category-ukraine","tag-fluechtlinge","tag-eu","tag-europa","tag-ukraine"],"jetpack_featured_media_url":"https:\/\/i0.wp.com\/ralupo.me\/wp-content\/uploads\/2022\/04\/P057241-277396-scaled.jpg?fit=2560%2C1707&ssl=1","jetpack_sharing_enabled":true,"jetpack-related-posts":[{"id":5233,"url":"https:\/\/ralupo.me\/en\/archive\/5233","url_meta":{"origin":4068,"position":0},"title":"Ab 24. Mai 2022 k\u00f6nnen Hryvnia-Banknoten in Euro getauscht werden","author":"Lupo","date":"23. May 2022","format":false,"excerpt":"[:de] Ab dem 24 Mai 2022 k\u00f6nnen ukrainische Kriegsfl\u00fcchtlinge Banknoten ihrer heimischen Hrywnja in EURO umtauschen. Das teilte Bundesfinanzministerium heute mit. Demnach haben das Bundesministerium der Finanzen und die Deutsche Bundesbank eine Vereinbarung mit der Nationalbank der Ukraine \u00fcber ein Umtauschvolumen von zun\u00e4chst 1,5 Mrd. Hryvnia unterzeichnet. Die Vereinbarung ist\u2026","rel":"","context":"In &quot;Ukraine&quot;","block_context":{"text":"Ukraine","link":"https:\/\/ralupo.me\/en\/archive\/category\/ukraine"},"img":{"alt_text":"","src":"https:\/\/i0.wp.com\/ralupo.me\/wp-content\/uploads\/2022\/05\/C01880DE-5CF6-4CE1-A933-F631713022E5-scaled.jpeg?fit=1200%2C900&ssl=1&resize=350%2C200","width":350,"height":200,"srcset":"https:\/\/i0.wp.com\/ralupo.me\/wp-content\/uploads\/2022\/05\/C01880DE-5CF6-4CE1-A933-F631713022E5-scaled.jpeg?fit=1200%2C900&ssl=1&resize=350%2C200 1x, https:\/\/i0.wp.com\/ralupo.me\/wp-content\/uploads\/2022\/05\/C01880DE-5CF6-4CE1-A933-F631713022E5-scaled.jpeg?fit=1200%2C900&ssl=1&resize=525%2C300 1.5x, https:\/\/i0.wp.com\/ralupo.me\/wp-content\/uploads\/2022\/05\/C01880DE-5CF6-4CE1-A933-F631713022E5-scaled.jpeg?fit=1200%2C900&ssl=1&resize=700%2C400 2x, https:\/\/i0.wp.com\/ralupo.me\/wp-content\/uploads\/2022\/05\/C01880DE-5CF6-4CE1-A933-F631713022E5-scaled.jpeg?fit=1200%2C900&ssl=1&resize=1050%2C600 3x"},"classes":[]},{"id":5458,"url":"https:\/\/ralupo.me\/en\/archive\/5458","url_meta":{"origin":4068,"position":1},"title":"&#8220;Ukraine ist Europa&#8221;","author":"Lupo","date":"12. June 2022","format":false,"excerpt":"[:de] Ende dieser Woche wird die EU-Kommission ihre Stellungnahme zum Beitrittsgesuch der Ukraine zur EU vorlegen, Ende des Monats wollen die Staats- und Regierungschefs der EU beraten. Unter dem Motto \"Frieden in Europa sichern - Ukraine in die EU und NATO aufnehmen\" haben am Samstag Mittag in der K\u00f6lner Innenstadt\u2026","rel":"","context":"In &quot;Ukraine&quot;","block_context":{"text":"Ukraine","link":"https:\/\/ralupo.me\/en\/archive\/category\/ukraine"},"img":{"alt_text":"","src":"https:\/\/i0.wp.com\/ralupo.me\/wp-content\/uploads\/2022\/06\/F1070AB0-49F0-41E1-8F94-24EA8975F55A-scaled.jpeg?fit=1200%2C900&ssl=1&resize=350%2C200","width":350,"height":200,"srcset":"https:\/\/i0.wp.com\/ralupo.me\/wp-content\/uploads\/2022\/06\/F1070AB0-49F0-41E1-8F94-24EA8975F55A-scaled.jpeg?fit=1200%2C900&ssl=1&resize=350%2C200 1x, https:\/\/i0.wp.com\/ralupo.me\/wp-content\/uploads\/2022\/06\/F1070AB0-49F0-41E1-8F94-24EA8975F55A-scaled.jpeg?fit=1200%2C900&ssl=1&resize=525%2C300 1.5x, https:\/\/i0.wp.com\/ralupo.me\/wp-content\/uploads\/2022\/06\/F1070AB0-49F0-41E1-8F94-24EA8975F55A-scaled.jpeg?fit=1200%2C900&ssl=1&resize=700%2C400 2x, https:\/\/i0.wp.com\/ralupo.me\/wp-content\/uploads\/2022\/06\/F1070AB0-49F0-41E1-8F94-24EA8975F55A-scaled.jpeg?fit=1200%2C900&ssl=1&resize=1050%2C600 3x"},"classes":[]},{"id":5498,"url":"https:\/\/ralupo.me\/en\/archive\/5498","url_meta":{"origin":4068,"position":2},"title":"Fakenews: Kein fr\u00fcherer Rentenbeginn f\u00fcr Fl\u00fcchtlinge aus der Ukraine","author":"Lupo","date":"15. June 2022","format":false,"excerpt":"[:de] In den sozialen Netzwerken kursieren Falschbehauptungen \u00fcber Sozialleistungen f\u00fcr ukrainische Fl\u00fcchtlinge. Wer die streut und warum kann sich jeder selbst denken. Eine dieser Falschmeldungen: Ukrainische Fl\u00fcchtlinge bek\u00e4men in Deutschland fr\u00fcher Rente als andere. Das stimmt aber gar nicht, wie die Deutsche Rentenversicherung klarstellt. Tats\u00e4chlich ist das Gegenteil der Fall.\u2026","rel":"","context":"In &quot;Politik&quot;","block_context":{"text":"Politik","link":"https:\/\/ralupo.me\/en\/archive\/category\/politik"},"img":{"alt_text":"","src":"https:\/\/i0.wp.com\/ralupo.me\/wp-content\/uploads\/2022\/06\/9F6FBA9C-9EA6-4C28-BB3E-EBA7ADA7869E.jpeg?fit=1200%2C901&ssl=1&resize=350%2C200","width":350,"height":200,"srcset":"https:\/\/i0.wp.com\/ralupo.me\/wp-content\/uploads\/2022\/06\/9F6FBA9C-9EA6-4C28-BB3E-EBA7ADA7869E.jpeg?fit=1200%2C901&ssl=1&resize=350%2C200 1x, https:\/\/i0.wp.com\/ralupo.me\/wp-content\/uploads\/2022\/06\/9F6FBA9C-9EA6-4C28-BB3E-EBA7ADA7869E.jpeg?fit=1200%2C901&ssl=1&resize=525%2C300 1.5x, https:\/\/i0.wp.com\/ralupo.me\/wp-content\/uploads\/2022\/06\/9F6FBA9C-9EA6-4C28-BB3E-EBA7ADA7869E.jpeg?fit=1200%2C901&ssl=1&resize=700%2C400 2x, https:\/\/i0.wp.com\/ralupo.me\/wp-content\/uploads\/2022\/06\/9F6FBA9C-9EA6-4C28-BB3E-EBA7ADA7869E.jpeg?fit=1200%2C901&ssl=1&resize=1050%2C600 3x"},"classes":[]},{"id":5517,"url":"https:\/\/ralupo.me\/en\/archive\/5517","url_meta":{"origin":4068,"position":3},"title":"Kommission bef\u00fcrwortet Kandidatenstatus f\u00fcr Ukraine und Moldau","author":"Lupo","date":"17. June 2022","format":false,"excerpt":"[:de] Die Europ\u00e4ische Kommission hat heute ihre Stellungnahmen zu den Antr\u00e4gen Antrag der Ukraine, Georgiens und der Republik Moldau auf Beitritt zur EU vorgelegt. Die heutigen Stellungnahmen st\u00fctzen sich auf die Bewertung der Kommission anhand der drei vom Europ\u00e4ischen Rat vereinbarten Kriterienkataloge f\u00fcr den EU-Beitritt: politische Kriterien, wirtschaftliche Kriterien und\u2026","rel":"","context":"In &quot;Europa&quot;","block_context":{"text":"Europa","link":"https:\/\/ralupo.me\/en\/archive\/category\/europa"},"img":{"alt_text":"","src":"https:\/\/i0.wp.com\/ralupo.me\/wp-content\/uploads\/2022\/06\/BEF05B06-2C6C-4E2C-86F7-A3084F3CCD3B.jpeg?fit=1200%2C689&ssl=1&resize=350%2C200","width":350,"height":200,"srcset":"https:\/\/i0.wp.com\/ralupo.me\/wp-content\/uploads\/2022\/06\/BEF05B06-2C6C-4E2C-86F7-A3084F3CCD3B.jpeg?fit=1200%2C689&ssl=1&resize=350%2C200 1x, https:\/\/i0.wp.com\/ralupo.me\/wp-content\/uploads\/2022\/06\/BEF05B06-2C6C-4E2C-86F7-A3084F3CCD3B.jpeg?fit=1200%2C689&ssl=1&resize=525%2C300 1.5x, https:\/\/i0.wp.com\/ralupo.me\/wp-content\/uploads\/2022\/06\/BEF05B06-2C6C-4E2C-86F7-A3084F3CCD3B.jpeg?fit=1200%2C689&ssl=1&resize=700%2C400 2x, https:\/\/i0.wp.com\/ralupo.me\/wp-content\/uploads\/2022\/06\/BEF05B06-2C6C-4E2C-86F7-A3084F3CCD3B.jpeg?fit=1200%2C689&ssl=1&resize=1050%2C600 3x"},"classes":[]},{"id":10874,"url":"https:\/\/ralupo.me\/en\/archive\/10874","url_meta":{"origin":4068,"position":4},"title":"Insolvenzverfahren \u00fcber Ukraine International Airlines er\u00f6ffnet","author":"Lupo","date":"24. November 2023","format":false,"excerpt":"[:de]Die gr\u00f6\u00dfte ukrainische Fluglinie \u201eUkraine International Airlines\u201c (ukr \u041c\u0410\u0423) ist insolvent. Das berichtet das Online Medium \u201eThe Kyiv Independent\u201c. Seit Beginn der gro\u00df angelegten russischen Invasion ist der Luftraum \u00fcber der Ukraine f\u00fcr die zivile Luftfahrt gesperrt. Mit einem Teil der Flotte konnte UIA noch im Wege des Wet-Lease f\u00fcr\u2026","rel":"","context":"In &quot;Europa&quot;","block_context":{"text":"Europa","link":"https:\/\/ralupo.me\/en\/archive\/category\/europa"},"img":{"alt_text":"","src":"https:\/\/i0.wp.com\/ralupo.me\/wp-content\/uploads\/2020\/09\/img_1912-scaled.jpg?fit=1200%2C900&ssl=1&resize=350%2C200","width":350,"height":200,"srcset":"https:\/\/i0.wp.com\/ralupo.me\/wp-content\/uploads\/2020\/09\/img_1912-scaled.jpg?fit=1200%2C900&ssl=1&resize=350%2C200 1x, https:\/\/i0.wp.com\/ralupo.me\/wp-content\/uploads\/2020\/09\/img_1912-scaled.jpg?fit=1200%2C900&ssl=1&resize=525%2C300 1.5x, https:\/\/i0.wp.com\/ralupo.me\/wp-content\/uploads\/2020\/09\/img_1912-scaled.jpg?fit=1200%2C900&ssl=1&resize=700%2C400 2x, https:\/\/i0.wp.com\/ralupo.me\/wp-content\/uploads\/2020\/09\/img_1912-scaled.jpg?fit=1200%2C900&ssl=1&resize=1050%2C600 3x"},"classes":[]},{"id":10778,"url":"https:\/\/ralupo.me\/en\/archive\/10778","url_meta":{"origin":4068,"position":5},"title":"Deutsch-Ukrainisches Filmprojekt in M\u00fcnchen: \u201cMy Heavy Weapon\u201c","author":"Lupo","date":"19. October 2023","format":false,"excerpt":"[:de]W\u00e4hrend der russische Krieg in der Ukraine tobt, wird in M\u00fcnchen ein ukrainischer Spielfilm, n\u00e4mlich das Drama \u201eMy Heavy Weapon\u201c, gedreht. Dieses ehrenamtliche Filmprojekt der ukrainischen Regisseurin Daria Onyshchenko basiert auf wahren Geschichten von ukrainischen Fl\u00fcchtlingen und Aktivisten in M\u00fcnchen. Das Filmteam selbst besteht ebenfalls aus ukrainischen und deutschen Aktivisten\u2026","rel":"","context":"In &quot;Ukraine&quot;","block_context":{"text":"Ukraine","link":"https:\/\/ralupo.me\/en\/archive\/category\/ukraine"},"img":{"alt_text":"","src":"https:\/\/i0.wp.com\/ralupo.me\/wp-content\/uploads\/2023\/10\/IMG_4410_jpg-1-scaled.jpeg?fit=1200%2C900&ssl=1&resize=350%2C200","width":350,"height":200,"srcset":"https:\/\/i0.wp.com\/ralupo.me\/wp-content\/uploads\/2023\/10\/IMG_4410_jpg-1-scaled.jpeg?fit=1200%2C900&ssl=1&resize=350%2C200 1x, https:\/\/i0.wp.com\/ralupo.me\/wp-content\/uploads\/2023\/10\/IMG_4410_jpg-1-scaled.jpeg?fit=1200%2C900&ssl=1&resize=525%2C300 1.5x, https:\/\/i0.wp.com\/ralupo.me\/wp-content\/uploads\/2023\/10\/IMG_4410_jpg-1-scaled.jpeg?fit=1200%2C900&ssl=1&resize=700%2C400 2x, https:\/\/i0.wp.com\/ralupo.me\/wp-content\/uploads\/2023\/10\/IMG_4410_jpg-1-scaled.jpeg?fit=1200%2C900&ssl=1&resize=1050%2C600 3x"},"classes":[]}],"jetpack_shortlink":"https:\/\/wp.me\/pcanHs-13C","_links":{"self":[{"href":"https:\/\/ralupo.me\/en\/wp-json\/wp\/v2\/posts\/4068","targetHints":{"allow":["GET"]}}],"collection":[{"href":"https:\/\/ralupo.me\/en\/wp-json\/wp\/v2\/posts"}],"about":[{"href":"https:\/\/ralupo.me\/en\/wp-json\/wp\/v2\/types\/post"}],"author":[{"embeddable":true,"href":"https:\/\/ralupo.me\/en\/wp-json\/wp\/v2\/users\/1"}],"replies":[{"embeddable":true,"href":"https:\/\/ralupo.me\/en\/wp-json\/wp\/v2\/comments?post=4068"}],"version-history":[{"count":0,"href":"https:\/\/ralupo.me\/en\/wp-json\/wp\/v2\/posts\/4068\/revisions"}],"wp:featuredmedia":[{"embeddable":true,"href":"https:\/\/ralupo.me\/en\/wp-json\/wp\/v2\/media\/4070"}],"wp:attachment":[{"href":"https:\/\/ralupo.me\/en\/wp-json\/wp\/v2\/media?parent=4068"}],"wp:term":[{"taxonomy":"category","embeddable":true,"href":"https:\/\/ralupo.me\/en\/wp-json\/wp\/v2\/categories?post=4068"},{"taxonomy":"post_tag","embeddable":true,"href":"https:\/\/ralupo.me\/en\/wp-json\/wp\/v2\/tags?post=4068"}],"curies":[{"name":"wp","href":"https:\/\/api.w.org\/{rel}","templated":true}]}}