{"id":3767,"date":"2022-03-20T17:44:05","date_gmt":"2022-03-20T16:44:05","guid":{"rendered":"https:\/\/ralupo.me\/?p=3767"},"modified":"2022-04-24T20:47:04","modified_gmt":"2022-04-24T18:47:04","slug":"wenn-russland-den-krieg-gewinnt-dann-wird-es-hochgefaehrlich","status":"publish","type":"post","link":"https:\/\/ralupo.me\/en\/archive\/3767","title":{"rendered":"\u201eWenn Russland den Krieg gewinnt, dann wird es hochgef\u00e4hrlich\u201c"},"content":{"rendered":"<span class=\"span-reading-time rt-reading-time\" style=\"display: block;\"><span class=\"rt-label rt-prefix\">Lesedauer<\/span> <span class=\"rt-time\"> 3<\/span> <span class=\"rt-label rt-postfix\">Minuten<\/span><\/span><\/p>\n\n\n<p class=\"wp-block-paragraph\">Auf dem Twitter-Account von Andreas Umland, Osteuropa-Experte und Forscher, habe ich die Ank\u00fcndigung einer spannend klingenden Veranstaltung in der Deutschen Oper in Berlin am vergangenen Wochenende entdeckt. Also spontan die Fl\u00fcge klar gemacht und am Freitag Abend in der deutschen Hauptstadt gelandet. Wenige Tage vor der Premiere von Verdis Oper &#8220;Les V\u00eapres Siciliennes&#8221; gab es eine Sonderveranstaltung im Rahmen der Reihe &#8220;Aus dem Hinterhalt: Macht der Kunst&#8221; in der Tischlerei der Oper, diesmal unter dem Titel &#8220;Aus dem Hinterhalt: Macht dem Frieden&#8221;.<\/p>\n\n\n\n<p class=\"wp-block-paragraph\">Die Veranstaltung war ganz dem Ukraine-Krieg gewidmet und fast vollst\u00e4ndig ausverkauft, zudem wurde sie ins Netz gestreamt. Den musikalischen Rahmen boten live das Ensemble Pol\u00fdnushka, das volkst\u00fcmliche Lieder aus dem S\u00fcden Russlands und der Ukraine darbot. <\/p>\n\n\n\n<figure class=\"wp-block-image size-large\"><img data-recalc-dims=\"1\" fetchpriority=\"high\" decoding=\"async\" width=\"1024\" height=\"497\" data-attachment-id=\"3769\" data-permalink=\"https:\/\/ralupo.me\/en\/img_5757-jpg\" data-orig-file=\"https:\/\/i0.wp.com\/ralupo.me\/wp-content\/uploads\/2022\/03\/img_5757.jpg?fit=2000%2C971&amp;ssl=1\" data-orig-size=\"2000,971\" data-comments-opened=\"1\" data-image-meta=\"{&quot;aperture&quot;:&quot;0&quot;,&quot;credit&quot;:&quot;&quot;,&quot;camera&quot;:&quot;&quot;,&quot;caption&quot;:&quot;&quot;,&quot;created_timestamp&quot;:&quot;0&quot;,&quot;copyright&quot;:&quot;&quot;,&quot;focal_length&quot;:&quot;0&quot;,&quot;iso&quot;:&quot;0&quot;,&quot;shutter_speed&quot;:&quot;0&quot;,&quot;title&quot;:&quot;&quot;,&quot;orientation&quot;:&quot;1&quot;}\" data-image-title=\"img_5757.jpg\" data-image-description=\"\" data-image-caption=\"\" data-medium-file=\"https:\/\/i0.wp.com\/ralupo.me\/wp-content\/uploads\/2022\/03\/img_5757.jpg?fit=300%2C146&amp;ssl=1\" data-large-file=\"https:\/\/i0.wp.com\/ralupo.me\/wp-content\/uploads\/2022\/03\/img_5757.jpg?fit=1024%2C497&amp;ssl=1\" src=\"https:\/\/i0.wp.com\/ralupo.me\/wp-content\/uploads\/2022\/03\/img_5757.jpg?resize=1024%2C497&#038;ssl=1\" alt=\"\" class=\"wp-image-3769\" srcset=\"https:\/\/i0.wp.com\/ralupo.me\/wp-content\/uploads\/2022\/03\/img_5757.jpg?resize=1024%2C497&amp;ssl=1 1024w, https:\/\/i0.wp.com\/ralupo.me\/wp-content\/uploads\/2022\/03\/img_5757.jpg?resize=600%2C291&amp;ssl=1 600w, https:\/\/i0.wp.com\/ralupo.me\/wp-content\/uploads\/2022\/03\/img_5757.jpg?resize=300%2C146&amp;ssl=1 300w, https:\/\/i0.wp.com\/ralupo.me\/wp-content\/uploads\/2022\/03\/img_5757.jpg?resize=768%2C373&amp;ssl=1 768w, https:\/\/i0.wp.com\/ralupo.me\/wp-content\/uploads\/2022\/03\/img_5757.jpg?resize=1536%2C746&amp;ssl=1 1536w, https:\/\/i0.wp.com\/ralupo.me\/wp-content\/uploads\/2022\/03\/img_5757.jpg?resize=1200%2C583&amp;ssl=1 1200w, https:\/\/i0.wp.com\/ralupo.me\/wp-content\/uploads\/2022\/03\/img_5757.jpg?resize=150%2C73&amp;ssl=1 150w, https:\/\/i0.wp.com\/ralupo.me\/wp-content\/uploads\/2022\/03\/img_5757.jpg?resize=1320%2C641&amp;ssl=1 1320w, https:\/\/i0.wp.com\/ralupo.me\/wp-content\/uploads\/2022\/03\/img_5757.jpg?w=2000&amp;ssl=1 2000w\" sizes=\"(max-width: 1000px) 100vw, 1000px\" \/><\/figure>\n\n\n\n<p class=\"wp-block-paragraph\">Der aus Kiew stammende Tenor Valentyn Dytiuk sang zwei Arien aus der anstehenden Premiere von LES V\u00caPRES SICILIENNES. In einem pers\u00f6nlichen Statement zum Kriegsgeschehen in seiner Heimat, sagte er, es sei viel L\u00fcge im Spiel. Aber Die Ukraine werde gewinnen, denn die Wahrheit ist auf unserer Seite. <\/p>\n\n\n\n<figure class=\"wp-block-image size-large\"><img data-recalc-dims=\"1\" decoding=\"async\" width=\"1024\" height=\"768\" data-attachment-id=\"3771\" data-permalink=\"https:\/\/ralupo.me\/en\/img_5789-jpg\" data-orig-file=\"https:\/\/i0.wp.com\/ralupo.me\/wp-content\/uploads\/2022\/03\/img_5789-scaled.jpg?fit=2560%2C1920&amp;ssl=1\" data-orig-size=\"2560,1920\" data-comments-opened=\"1\" data-image-meta=\"{&quot;aperture&quot;:&quot;0&quot;,&quot;credit&quot;:&quot;&quot;,&quot;camera&quot;:&quot;&quot;,&quot;caption&quot;:&quot;&quot;,&quot;created_timestamp&quot;:&quot;0&quot;,&quot;copyright&quot;:&quot;&quot;,&quot;focal_length&quot;:&quot;0&quot;,&quot;iso&quot;:&quot;0&quot;,&quot;shutter_speed&quot;:&quot;0&quot;,&quot;title&quot;:&quot;&quot;,&quot;orientation&quot;:&quot;0&quot;}\" data-image-title=\"img_5789.jpg\" data-image-description=\"\" data-image-caption=\"\" data-medium-file=\"https:\/\/i0.wp.com\/ralupo.me\/wp-content\/uploads\/2022\/03\/img_5789-scaled.jpg?fit=300%2C225&amp;ssl=1\" data-large-file=\"https:\/\/i0.wp.com\/ralupo.me\/wp-content\/uploads\/2022\/03\/img_5789-scaled.jpg?fit=1024%2C768&amp;ssl=1\" src=\"https:\/\/i0.wp.com\/ralupo.me\/wp-content\/uploads\/2022\/03\/img_5789.jpg?resize=1024%2C768&#038;ssl=1\" alt=\"\" class=\"wp-image-3771\" srcset=\"https:\/\/i0.wp.com\/ralupo.me\/wp-content\/uploads\/2022\/03\/img_5789-scaled.jpg?resize=1024%2C768&amp;ssl=1 1024w, https:\/\/i0.wp.com\/ralupo.me\/wp-content\/uploads\/2022\/03\/img_5789-scaled.jpg?resize=600%2C450&amp;ssl=1 600w, https:\/\/i0.wp.com\/ralupo.me\/wp-content\/uploads\/2022\/03\/img_5789-scaled.jpg?resize=300%2C225&amp;ssl=1 300w, https:\/\/i0.wp.com\/ralupo.me\/wp-content\/uploads\/2022\/03\/img_5789-scaled.jpg?resize=768%2C576&amp;ssl=1 768w, https:\/\/i0.wp.com\/ralupo.me\/wp-content\/uploads\/2022\/03\/img_5789-scaled.jpg?resize=1536%2C1152&amp;ssl=1 1536w, https:\/\/i0.wp.com\/ralupo.me\/wp-content\/uploads\/2022\/03\/img_5789-scaled.jpg?resize=2048%2C1536&amp;ssl=1 2048w, https:\/\/i0.wp.com\/ralupo.me\/wp-content\/uploads\/2022\/03\/img_5789-scaled.jpg?resize=1200%2C900&amp;ssl=1 1200w, https:\/\/i0.wp.com\/ralupo.me\/wp-content\/uploads\/2022\/03\/img_5789-scaled.jpg?resize=150%2C113&amp;ssl=1 150w, https:\/\/i0.wp.com\/ralupo.me\/wp-content\/uploads\/2022\/03\/img_5789-scaled.jpg?resize=1320%2C990&amp;ssl=1 1320w\" sizes=\"(max-width: 1000px) 100vw, 1000px\" \/><\/figure>\n\n\n\n<p class=\"wp-block-paragraph\">Auf dem Podium diskutierten Sabine Fischer und Andreas Umland, moderiert vom Leiter der Zeitschrift &#8220;Osteuropa&#8221;, Andreas Weichsel. Auch die Zeitschrift &#8220;Osteuropa&#8221; hat die Veranstaltung mitunterst\u00fctzt. Alle drei analysierten den Krieg und seine Folgen, die Motive und Ziele Putins. Einigkeit bestand darin, dass man die Ukraine nun aktiv mit Waffenlieferungen versorgen m\u00fcsse und auch einen Boykott von russischem Gas und \u00d6l anstreben m\u00fcsse. Die Zeit sei knapp, die Sanktionen wirkten zwar bereits, aber bis sie ihr volles Potential entfalten k\u00f6nnten, k\u00f6nnte es f\u00fcr die Ukraine zu sp\u00e4t sein. Und Sabine Fischer wurde deutlich: &#8220;Wenn Russland den Krieg gewinnt, dann wird es hochgef\u00e4hrlich&#8221;. Auch f\u00fcr uns. <\/p>\n\n\n\n<figure class=\"wp-block-image size-large\"><img data-recalc-dims=\"1\" decoding=\"async\" width=\"1024\" height=\"473\" data-attachment-id=\"3780\" data-permalink=\"https:\/\/ralupo.me\/en\/793f484d-e98f-4840-b568-fb7ef57667ab\" data-orig-file=\"https:\/\/i0.wp.com\/ralupo.me\/wp-content\/uploads\/2022\/03\/793F484D-E98F-4840-B568-FB7EF57667AB.png?fit=2532%2C1170&amp;ssl=1\" data-orig-size=\"2532,1170\" data-comments-opened=\"1\" data-image-meta=\"{&quot;aperture&quot;:&quot;0&quot;,&quot;credit&quot;:&quot;&quot;,&quot;camera&quot;:&quot;&quot;,&quot;caption&quot;:&quot;&quot;,&quot;created_timestamp&quot;:&quot;0&quot;,&quot;copyright&quot;:&quot;&quot;,&quot;focal_length&quot;:&quot;0&quot;,&quot;iso&quot;:&quot;0&quot;,&quot;shutter_speed&quot;:&quot;0&quot;,&quot;title&quot;:&quot;&quot;,&quot;orientation&quot;:&quot;0&quot;}\" data-image-title=\"793F484D-E98F-4840-B568-FB7EF57667AB\" data-image-description=\"\" data-image-caption=\"\" data-medium-file=\"https:\/\/i0.wp.com\/ralupo.me\/wp-content\/uploads\/2022\/03\/793F484D-E98F-4840-B568-FB7EF57667AB.png?fit=300%2C139&amp;ssl=1\" data-large-file=\"https:\/\/i0.wp.com\/ralupo.me\/wp-content\/uploads\/2022\/03\/793F484D-E98F-4840-B568-FB7EF57667AB.png?fit=1024%2C473&amp;ssl=1\" src=\"https:\/\/i0.wp.com\/ralupo.me\/wp-content\/uploads\/2022\/03\/793F484D-E98F-4840-B568-FB7EF57667AB.png?resize=1024%2C473&#038;ssl=1\" alt=\"\" class=\"wp-image-3780\" srcset=\"https:\/\/i0.wp.com\/ralupo.me\/wp-content\/uploads\/2022\/03\/793F484D-E98F-4840-B568-FB7EF57667AB.png?resize=1024%2C473&amp;ssl=1 1024w, https:\/\/i0.wp.com\/ralupo.me\/wp-content\/uploads\/2022\/03\/793F484D-E98F-4840-B568-FB7EF57667AB.png?resize=600%2C277&amp;ssl=1 600w, https:\/\/i0.wp.com\/ralupo.me\/wp-content\/uploads\/2022\/03\/793F484D-E98F-4840-B568-FB7EF57667AB.png?resize=300%2C139&amp;ssl=1 300w, https:\/\/i0.wp.com\/ralupo.me\/wp-content\/uploads\/2022\/03\/793F484D-E98F-4840-B568-FB7EF57667AB.png?resize=768%2C355&amp;ssl=1 768w, https:\/\/i0.wp.com\/ralupo.me\/wp-content\/uploads\/2022\/03\/793F484D-E98F-4840-B568-FB7EF57667AB.png?resize=1536%2C710&amp;ssl=1 1536w, https:\/\/i0.wp.com\/ralupo.me\/wp-content\/uploads\/2022\/03\/793F484D-E98F-4840-B568-FB7EF57667AB.png?resize=2048%2C946&amp;ssl=1 2048w, https:\/\/i0.wp.com\/ralupo.me\/wp-content\/uploads\/2022\/03\/793F484D-E98F-4840-B568-FB7EF57667AB.png?resize=1200%2C555&amp;ssl=1 1200w, https:\/\/i0.wp.com\/ralupo.me\/wp-content\/uploads\/2022\/03\/793F484D-E98F-4840-B568-FB7EF57667AB.png?resize=150%2C69&amp;ssl=1 150w, https:\/\/i0.wp.com\/ralupo.me\/wp-content\/uploads\/2022\/03\/793F484D-E98F-4840-B568-FB7EF57667AB.png?resize=1320%2C610&amp;ssl=1 1320w\" sizes=\"(max-width: 1000px) 100vw, 1000px\" \/><\/figure>\n\n\n<div class=\"vlp-link-container vlp-template-default wp-block-visual-link-preview-link\">\n\t<a href=\"https:\/\/deutscheoperberlin.de\/de_DE\/calendar\/aus-dem-hinterhalt-macht-dem-frieden.16955864\" class=\"vlp-link\" title=\"Deutsche Oper Berlin\" rel=\"nofollow\" target=\"_blank\"><\/a>\t\t<div class=\"vlp-link-image-container\">\n\t\t<div class=\"vlp-link-image\">\n\t\t\t<img decoding=\"async\" src=\"https:\/\/imgtoolkit.culturebase.org\/?color=535353&amp;quality=9&amp;ar_method=rescaleIn&amp;ar_ratio=1.33&amp;format=jpg&amp;file=https%3A%2F%2Fimg.culturebase.org%2Fd%2Fd%2F8%2F7%2F2%2Fpic_1647260561_dd8724b7acff976d5d75080d3ff272f0.jpeg&amp;do=rescaleIn&amp;width=1235&amp;height=600\" style=\"max-width: 150px; max-height: 150px\" \/>\t\t<\/div>\n\t<\/div>\n\t\t<div class=\"vlp-link-text-container\">\n\t\t\t\t<div class=\"vlp-link-title\">\n\t\t\tDeutsche Oper Berlin\t\t<\/div>\n\t\t\t\t\t\t<div class=\"vlp-link-summary\">\n\t\t\tLate-Night-Veranstaltung zur gro\u00dfen Oper: LES V\u00caPRES SICILIENNES \u2013 Aus gegebenem Anlass zum Krieg in der Ukraine\t\t<\/div>\n\t\t\t<\/div>\n<\/div>\n\n\n\n<p class=\"wp-block-paragraph\">Zu Beginn der Veranstaltung wurde ein neues Musikvideo von Serhij Zhadan und seiner Band eingespielt. Zhadan ist ein aus dem Donbas stammender bekannter ukrainischer Autor und Musiker, der jetzt in Kharkiv lebt. Das Video wurde vor wenigen Tagen in Dnipro aufgenommen.<\/p>\n\n\n\n<figure class=\"wp-block-embed is-type-video is-provider-youtube wp-block-embed-youtube wp-embed-aspect-16-9 wp-has-aspect-ratio\"><div class=\"wp-block-embed__wrapper\">\n<iframe title=\"\u0416\u0430\u0434\u0430\u043d \u0456 \u0421\u043e\u0431\u0430\u043a\u0438 \u0442\u0430 \u0412\u0435\u0440\u0442\u0435\u043f \u2013 \u0414\u0456\u0442\u0438 (\u041e\u0444\u0456\u0446\u0456\u0439\u043d\u0435 \u0432\u0456\u0434\u0435\u043e)\" width=\"500\" height=\"281\" src=\"https:\/\/www.youtube.com\/embed\/ha1FX-fPqGk?feature=oembed\" frameborder=\"0\" allow=\"accelerometer; autoplay; clipboard-write; encrypted-media; gyroscope; picture-in-picture; web-share\" referrerpolicy=\"strict-origin-when-cross-origin\" allowfullscreen><\/iframe>\n<\/div><figcaption>Neues Musikvideo von Zhadan und Band.<\/figcaption><\/figure>\n\n\n\n<p class=\"wp-block-paragraph\">Der Text ist klar und mutig (Auszug):<\/p>\n\n\n\n<p class=\"wp-block-paragraph\">\u0417\u0433\u0430\u0434\u0430\u0439 \u0432\u0441\u0456\u0445 \u0442\u0438\u0445, \u043a\u043e\u043c\u0443 \u043d\u0438\u043d\u0456 \u0442\u044f\u0436\u043a\u043e,<br \/>\u0434\u043b\u044f \u043a\u043e\u0433\u043e \u0447\u0430\u0441 \u0437\u0443\u043f\u0438\u043d\u0438\u0432\u0441\u044f, \u044f\u043a \u0441\u0435\u0440\u0446\u0435.<br \/>\u0417\u0440\u043e\u0431\u0438 \u043f\u0435\u0440\u0435\u0434 \u0432\u0438\u0445\u043e\u0434\u043e\u043c \u043e\u0441\u0442\u0430\u043d\u043d\u044e \u0437\u0430\u0442\u044f\u0436\u043a\u0443.<br \/>\u0422\u043e\u0431\u0456 \u0442\u0435\u043f\u0435\u0440 \u0437\u0430\u0432\u0436\u0434\u0438 \u043d\u043e\u0441\u0438\u0442\u0438 \u0443\u0441\u0435 \u0446\u0435:<\/p>\n\n\n\n<p class=\"wp-block-paragraph\">\u0446\u044e \u043b\u044e\u0442\u044c \u0437\u0438\u043c\u0438 \u0439 \u0431\u0435\u0440\u0435\u0437\u043d\u0435\u0432\u0456 \u0440\u0456\u043a\u0438,<br \/>\u0446\u044e \u0434\u0430\u0432\u043d\u044e \u043f\u043e\u0442\u0440\u0435\u0431\u0443 \u043b\u0438\u0448\u0430\u0442\u0438\u0441\u044c \u043b\u044e\u0434\u0438\u043d\u043e\u044e.<br \/>\u041c\u0438 \u0437\u0430\u043f\u0430\u043c\u044f\u0442\u0430\u0454\u043c\u043e \u0432\u0441\u0435 \u0446\u0435 \u043d\u0430\u0432\u0456\u043a\u0438.<br \/>\u041d\u0430\u043c \u0434\u0430\u043b\u0456 \u0436\u0438\u0442\u0438 \u0446\u0456\u0454\u044e \u043a\u0440\u0430\u0457\u043d\u043e\u044e.<\/p>\n\n\n\n<p class=\"wp-block-paragraph\"><em>Remember all those who are having a hard time now, <br \/>for whom time has stopped like a heart. <br \/>Make one last puff before leaving. <br \/>You should always wear all this now: <br \/>this fury of winter and March rivers, <br \/>this long-standing need to remain human. <br \/>We will remember all this forever. <br \/>We continue to live in this country.<\/em><\/p>\n\n\n\n<figure class=\"wp-block-image size-medium\"><a href=\"https:\/\/www.buymeacoffee.com\/Ralupo\"><img data-recalc-dims=\"1\" loading=\"lazy\" decoding=\"async\" width=\"300\" height=\"137\" data-attachment-id=\"4009\" data-permalink=\"https:\/\/ralupo.me\/en\/bild-3-jpg\" data-orig-file=\"https:\/\/i0.wp.com\/ralupo.me\/wp-content\/uploads\/2022\/04\/bild-3.jpg?fit=2030%2C924&amp;ssl=1\" data-orig-size=\"2030,924\" data-comments-opened=\"1\" data-image-meta=\"{&quot;aperture&quot;:&quot;0&quot;,&quot;credit&quot;:&quot;&quot;,&quot;camera&quot;:&quot;&quot;,&quot;caption&quot;:&quot;&quot;,&quot;created_timestamp&quot;:&quot;0&quot;,&quot;copyright&quot;:&quot;&quot;,&quot;focal_length&quot;:&quot;0&quot;,&quot;iso&quot;:&quot;0&quot;,&quot;shutter_speed&quot;:&quot;0&quot;,&quot;title&quot;:&quot;&quot;,&quot;orientation&quot;:&quot;1&quot;}\" data-image-title=\"bild-3.jpg\" data-image-description=\"\" data-image-caption=\"\" data-medium-file=\"https:\/\/i0.wp.com\/ralupo.me\/wp-content\/uploads\/2022\/04\/bild-3.jpg?fit=300%2C137&amp;ssl=1\" data-large-file=\"https:\/\/i0.wp.com\/ralupo.me\/wp-content\/uploads\/2022\/04\/bild-3.jpg?fit=1024%2C466&amp;ssl=1\" src=\"https:\/\/i0.wp.com\/ralupo.me\/wp-content\/uploads\/2022\/04\/bild-3.jpg?resize=300%2C137&#038;ssl=1\" alt=\"\" class=\"wp-image-4009\" srcset=\"https:\/\/i0.wp.com\/ralupo.me\/wp-content\/uploads\/2022\/04\/bild-3.jpg?resize=300%2C137&amp;ssl=1 300w, https:\/\/i0.wp.com\/ralupo.me\/wp-content\/uploads\/2022\/04\/bild-3.jpg?resize=600%2C273&amp;ssl=1 600w, https:\/\/i0.wp.com\/ralupo.me\/wp-content\/uploads\/2022\/04\/bild-3.jpg?resize=1024%2C466&amp;ssl=1 1024w, https:\/\/i0.wp.com\/ralupo.me\/wp-content\/uploads\/2022\/04\/bild-3.jpg?resize=768%2C350&amp;ssl=1 768w, https:\/\/i0.wp.com\/ralupo.me\/wp-content\/uploads\/2022\/04\/bild-3.jpg?resize=1536%2C699&amp;ssl=1 1536w, https:\/\/i0.wp.com\/ralupo.me\/wp-content\/uploads\/2022\/04\/bild-3.jpg?resize=1200%2C546&amp;ssl=1 1200w, https:\/\/i0.wp.com\/ralupo.me\/wp-content\/uploads\/2022\/04\/bild-3.jpg?resize=150%2C68&amp;ssl=1 150w, https:\/\/i0.wp.com\/ralupo.me\/wp-content\/uploads\/2022\/04\/bild-3.jpg?resize=1320%2C601&amp;ssl=1 1320w, https:\/\/i0.wp.com\/ralupo.me\/wp-content\/uploads\/2022\/04\/bild-3.jpg?w=2030&amp;ssl=1 2030w\" sizes=\"(max-width: 300px) 100vw, 300px\" \/><\/a><\/figure>\n\n\n<p><\/p>\n<p>","protected":false},"excerpt":{"rendered":"<p>Auf dem Twitter-Account von Andreas Umland, Osteuropa-Experte und Forscher, habe ich die Ank\u00fcndigung einer spannend klingenden Veranstaltung in der Deutschen Oper in Berlin am vergangenen Wochenende entdeckt. Also spontan die [&hellip;]<\/p>\n","protected":false},"author":1,"featured_media":3771,"comment_status":"open","ping_status":"open","sticky":false,"template":"","format":"standard","meta":{"_crdt_document":"","advanced_seo_description":"","jetpack_seo_html_title":"","jetpack_seo_noindex":false,"_EventAllDay":false,"_EventTimezone":"","_EventStartDate":"","_EventEndDate":"","_EventStartDateUTC":"","_EventEndDateUTC":"","_EventShowMap":false,"_EventShowMapLink":false,"_EventURL":"","_EventCost":"","_EventCostDescription":"","_EventCurrencySymbol":"","_EventCurrencyCode":"","_EventCurrencyPosition":"","_EventDateTimeSeparator":"","_EventTimeRangeSeparator":"","_EventOrganizerID":[],"_EventVenueID":[],"_OrganizerEmail":"","_OrganizerPhone":"","_OrganizerWebsite":"","_VenueAddress":"","_VenueCity":"","_VenueCountry":"","_VenueProvince":"","_VenueState":"","_VenueZip":"","_VenuePhone":"","_VenueURL":"","_VenueStateProvince":"","_VenueLat":"","_VenueLng":"","_VenueShowMap":false,"_VenueShowMapLink":false,"jetpack_post_was_ever_published":false,"_jetpack_newsletter_access":"","_jetpack_dont_email_post_to_subs":false,"_jetpack_newsletter_tier_id":0,"_jetpack_memberships_contains_paywalled_content":false,"_jetpack_memberships_contains_paid_content":false,"footnotes":""},"categories":[693],"tags":[636,637,354,333,25],"class_list":["post-3767","post","type-post","status-publish","format-standard","has-post-thumbnail","hentry","category-politik","tag-deutsche-oper","tag-podiumsdiskussion","tag-berlin","tag-russland","tag-ukraine"],"jetpack_featured_media_url":"https:\/\/i0.wp.com\/ralupo.me\/wp-content\/uploads\/2022\/03\/img_5789-scaled.jpg?fit=2560%2C1920&ssl=1","jetpack_sharing_enabled":true,"jetpack-related-posts":[{"id":9043,"url":"https:\/\/ralupo.me\/en\/archive\/9043","url_meta":{"origin":3767,"position":0},"title":"Erster &#8220;Ukraine-Tag&#8221; in K\u00f6ln","author":"Lupo","date":"25. September 2022","format":false,"excerpt":"[:de] Der Veranstaltungsort \"Schokoladenmuseum\" verhei\u00dft schon Leckeres. Der Verein \"Blau-Gelbes Kreuz\" hat an diesem Sonntag dort den ersten \"Ukraine-Tag\" in K\u00f6ln ausgerichtet. Das Kulturfest unter anderem\u00a0mit ukrainischer Kultur, Tanz, Musik, kulinarischen K\u00f6stlichkeiten, Bastel-, Schminkaktionen, einem Talentwettbewerb f\u00fcr Kinder, einer Solidarit\u00e4tsparade und einem gemischten Konzert deutsch-ukrainischer K\u00fcnstler lockte zahlreiche Besucher in\u2026","rel":"","context":"In &quot;Ukraine&quot;","block_context":{"text":"Ukraine","link":"https:\/\/ralupo.me\/en\/archive\/category\/ukraine"},"img":{"alt_text":"","src":"https:\/\/i0.wp.com\/ralupo.me\/wp-content\/uploads\/2022\/09\/AEF622F6-D8BA-4876-92DD-F7BAA76EF451-scaled.jpeg?fit=1200%2C900&ssl=1&resize=350%2C200","width":350,"height":200,"srcset":"https:\/\/i0.wp.com\/ralupo.me\/wp-content\/uploads\/2022\/09\/AEF622F6-D8BA-4876-92DD-F7BAA76EF451-scaled.jpeg?fit=1200%2C900&ssl=1&resize=350%2C200 1x, https:\/\/i0.wp.com\/ralupo.me\/wp-content\/uploads\/2022\/09\/AEF622F6-D8BA-4876-92DD-F7BAA76EF451-scaled.jpeg?fit=1200%2C900&ssl=1&resize=525%2C300 1.5x, https:\/\/i0.wp.com\/ralupo.me\/wp-content\/uploads\/2022\/09\/AEF622F6-D8BA-4876-92DD-F7BAA76EF451-scaled.jpeg?fit=1200%2C900&ssl=1&resize=700%2C400 2x, https:\/\/i0.wp.com\/ralupo.me\/wp-content\/uploads\/2022\/09\/AEF622F6-D8BA-4876-92DD-F7BAA76EF451-scaled.jpeg?fit=1200%2C900&ssl=1&resize=1050%2C600 3x"},"classes":[]},{"id":1545,"url":"https:\/\/ralupo.me\/en\/archive\/1545","url_meta":{"origin":3767,"position":1},"title":"Richtiges Gedenken","author":"Lupo","date":"18. June 2021","format":false,"excerpt":"Zum 80. Jahrestag des \u00dcberfalls auf die Sowjetunion wird in einer Gedenkveranstaltung erinnert. Der ukrainische Botschafter fehlt.","rel":"","context":"In &quot;Teilnehmende Beobachtung&quot;","block_context":{"text":"Teilnehmende Beobachtung","link":"https:\/\/ralupo.me\/en\/archive\/category\/teilnehmende-beobachtung"},"img":{"alt_text":"","src":"https:\/\/i0.wp.com\/ralupo.me\/wp-content\/uploads\/2021\/06\/img_0601-scaled.jpg?fit=1200%2C900&ssl=1&resize=350%2C200","width":350,"height":200,"srcset":"https:\/\/i0.wp.com\/ralupo.me\/wp-content\/uploads\/2021\/06\/img_0601-scaled.jpg?fit=1200%2C900&ssl=1&resize=350%2C200 1x, https:\/\/i0.wp.com\/ralupo.me\/wp-content\/uploads\/2021\/06\/img_0601-scaled.jpg?fit=1200%2C900&ssl=1&resize=525%2C300 1.5x, https:\/\/i0.wp.com\/ralupo.me\/wp-content\/uploads\/2021\/06\/img_0601-scaled.jpg?fit=1200%2C900&ssl=1&resize=700%2C400 2x, https:\/\/i0.wp.com\/ralupo.me\/wp-content\/uploads\/2021\/06\/img_0601-scaled.jpg?fit=1200%2C900&ssl=1&resize=1050%2C600 3x"},"classes":[]},{"id":15145,"url":"https:\/\/ralupo.me\/en\/archive\/15145","url_meta":{"origin":3767,"position":2},"title":"\u201eNein, wir sind nicht neutral\u201c \u2013 Solidarit\u00e4tsabend f\u00fcr die Ukraine beim Internationalen Literaturfestival Berlin","author":"Lupo","date":"21. September 2025","format":false,"excerpt":"[:de] Im Rahmen des 25. Internationalen Literaturfestivals luden PEN Berlin, PEN Ukraine und das Ukrainische Institut zu einem Solidarit\u00e4tsabend in das Haus der Berliner Festspiele. Gewidmet war die Veranstaltung der ukrainischen Schriftstellerin Wiktorija Amelina, die 2023 bei einem russischen Raketenangriff auf eine Pizzeria in Dnipro get\u00f6tet wurde. Ihre Texte wurden\u2026","rel":"","context":"In &quot;Ukraine&quot;","block_context":{"text":"Ukraine","link":"https:\/\/ralupo.me\/en\/archive\/category\/ukraine"},"img":{"alt_text":"","src":"https:\/\/i0.wp.com\/ralupo.me\/wp-content\/uploads\/2025\/09\/DO01011563_20250919-222854-scaled.jpeg?fit=1200%2C900&ssl=1&resize=350%2C200","width":350,"height":200,"srcset":"https:\/\/i0.wp.com\/ralupo.me\/wp-content\/uploads\/2025\/09\/DO01011563_20250919-222854-scaled.jpeg?fit=1200%2C900&ssl=1&resize=350%2C200 1x, https:\/\/i0.wp.com\/ralupo.me\/wp-content\/uploads\/2025\/09\/DO01011563_20250919-222854-scaled.jpeg?fit=1200%2C900&ssl=1&resize=525%2C300 1.5x, https:\/\/i0.wp.com\/ralupo.me\/wp-content\/uploads\/2025\/09\/DO01011563_20250919-222854-scaled.jpeg?fit=1200%2C900&ssl=1&resize=700%2C400 2x, https:\/\/i0.wp.com\/ralupo.me\/wp-content\/uploads\/2025\/09\/DO01011563_20250919-222854-scaled.jpeg?fit=1200%2C900&ssl=1&resize=1050%2C600 3x"},"classes":[]},{"id":4031,"url":"https:\/\/ralupo.me\/en\/archive\/4031","url_meta":{"origin":3767,"position":3},"title":"\u201eBild der Geschmacklosigkeit\u201c","author":"Lupo","date":"8. April 2022","format":false,"excerpt":"[:de][:]","rel":"","context":"In &quot;Politik&quot;","block_context":{"text":"Politik","link":"https:\/\/ralupo.me\/en\/archive\/category\/politik"},"img":{"alt_text":"","src":"https:\/\/i0.wp.com\/ralupo.me\/wp-content\/uploads\/2022\/04\/img_7440.jpg?fit=593%2C445&ssl=1&resize=350%2C200","width":350,"height":200,"srcset":"https:\/\/i0.wp.com\/ralupo.me\/wp-content\/uploads\/2022\/04\/img_7440.jpg?fit=593%2C445&ssl=1&resize=350%2C200 1x, https:\/\/i0.wp.com\/ralupo.me\/wp-content\/uploads\/2022\/04\/img_7440.jpg?fit=593%2C445&ssl=1&resize=525%2C300 1.5x"},"classes":[]},{"id":9829,"url":"https:\/\/ralupo.me\/en\/archive\/9829","url_meta":{"origin":3767,"position":4},"title":"Protest vor Netrebko-Auftritt: #Nonetrebko in Wiesbaden","author":"Lupo","date":"6. May 2023","format":false,"excerpt":"[:de]Am Freitag Abend haben mehr als 400 Menschen gegen den Auftritt der russischen Operns\u00e4ngerin Anna Nebtrebko in Wiesbaden protestiert. Nebtrebko tritt dort in der Verdi-Oper \"Nabucco\" als Abigaille auf. Schon im Vorfeld schlug das Engagement von Netrebko im Rahmen der Wiesbadener Mai-Festspiele hohe Wellen.[:]","rel":"","context":"In &quot;Politik&quot;","block_context":{"text":"Politik","link":"https:\/\/ralupo.me\/en\/archive\/category\/politik"},"img":{"alt_text":"","src":"https:\/\/i0.wp.com\/ralupo.me\/wp-content\/uploads\/2023\/05\/IMG_7161-scaled.jpeg?fit=1200%2C900&ssl=1&resize=350%2C200","width":350,"height":200,"srcset":"https:\/\/i0.wp.com\/ralupo.me\/wp-content\/uploads\/2023\/05\/IMG_7161-scaled.jpeg?fit=1200%2C900&ssl=1&resize=350%2C200 1x, https:\/\/i0.wp.com\/ralupo.me\/wp-content\/uploads\/2023\/05\/IMG_7161-scaled.jpeg?fit=1200%2C900&ssl=1&resize=525%2C300 1.5x, https:\/\/i0.wp.com\/ralupo.me\/wp-content\/uploads\/2023\/05\/IMG_7161-scaled.jpeg?fit=1200%2C900&ssl=1&resize=700%2C400 2x, https:\/\/i0.wp.com\/ralupo.me\/wp-content\/uploads\/2023\/05\/IMG_7161-scaled.jpeg?fit=1200%2C900&ssl=1&resize=1050%2C600 3x"},"classes":[]},{"id":15215,"url":"https:\/\/ralupo.me\/en\/archive\/15215","url_meta":{"origin":3767,"position":5},"title":"Aufgelesen: Lupos Leseliste #22","author":"Lupo","date":"19. October 2025","format":false,"excerpt":"[:de] In Frankfurt am Mai wurde am gestrigen Samstag Karl Schl\u00f6gel der Friedenspreis des deutschen Buchhandels verliehen. Die Laudatio bei der Veranstaltung in der Frankfurter Paulskirche hielt die aus der Ukraine stammende Autorin und Publizistin Katja Petrowskaja. Sie erinnerte in ihrer Rede an den Moment, als Karl Schl\u00f6gel in der\u2026","rel":"","context":"In &quot;Aufgelesen&quot;","block_context":{"text":"Aufgelesen","link":"https:\/\/ralupo.me\/en\/archive\/category\/aufgelesen"},"img":{"alt_text":"","src":"","width":0,"height":0},"classes":[]}],"jetpack_shortlink":"https:\/\/wp.me\/pcanHs-YL","_links":{"self":[{"href":"https:\/\/ralupo.me\/en\/wp-json\/wp\/v2\/posts\/3767","targetHints":{"allow":["GET"]}}],"collection":[{"href":"https:\/\/ralupo.me\/en\/wp-json\/wp\/v2\/posts"}],"about":[{"href":"https:\/\/ralupo.me\/en\/wp-json\/wp\/v2\/types\/post"}],"author":[{"embeddable":true,"href":"https:\/\/ralupo.me\/en\/wp-json\/wp\/v2\/users\/1"}],"replies":[{"embeddable":true,"href":"https:\/\/ralupo.me\/en\/wp-json\/wp\/v2\/comments?post=3767"}],"version-history":[{"count":0,"href":"https:\/\/ralupo.me\/en\/wp-json\/wp\/v2\/posts\/3767\/revisions"}],"wp:featuredmedia":[{"embeddable":true,"href":"https:\/\/ralupo.me\/en\/wp-json\/wp\/v2\/media\/3771"}],"wp:attachment":[{"href":"https:\/\/ralupo.me\/en\/wp-json\/wp\/v2\/media?parent=3767"}],"wp:term":[{"taxonomy":"category","embeddable":true,"href":"https:\/\/ralupo.me\/en\/wp-json\/wp\/v2\/categories?post=3767"},{"taxonomy":"post_tag","embeddable":true,"href":"https:\/\/ralupo.me\/en\/wp-json\/wp\/v2\/tags?post=3767"}],"curies":[{"name":"wp","href":"https:\/\/api.w.org\/{rel}","templated":true}]}}