{"id":374,"date":"2020-08-02T19:08:10","date_gmt":"2020-08-02T19:08:10","guid":{"rendered":"https:\/\/ralupo.me\/?p=374"},"modified":"2020-08-02T19:54:24","modified_gmt":"2020-08-02T19:54:24","slug":"grenzenlos-dumm","status":"publish","type":"post","link":"https:\/\/ralupo.me\/en\/archive\/374","title":{"rendered":"Grenzenlos dumm"},"content":{"rendered":"<span class=\"span-reading-time rt-reading-time\" style=\"display: block;\"><span class=\"rt-label rt-prefix\">Lesedauer<\/span> <span class=\"rt-time\"> &lt; 1<\/span> <span class=\"rt-label rt-postfix\">Minute<\/span><\/span>\n<hr class=\"wp-block-separator\"\/>\n\n\n\n<p class=\"wp-block-paragraph\">Gewidmet den 15.000 #Covidioten, die gestern durch Berlin gelaufen sind. Das Zitat stammt \u00fcbrigens von Konrad Adenauer.<\/p>\n\n\n\n<p class=\"wp-block-paragraph\">Der gro\u00dfe bayerische Philosoph Meister Eder sagt es so:<\/p>\n\n\n\n<figure class=\"wp-block-embed-facebook wp-block-embed is-type-rich is-provider-facebook\"><div class=\"wp-block-embed__wrapper\">\n<div class=\"fb-post\" data-href=\"https:\/\/www.facebook.com\/bayerischer.rundfunk\/posts\/3837604089589963\" data-width=\"552\" style=\"background-color: #fff; display: inline-block;\"><\/div>\n<\/div><\/figure>\n","protected":false},"excerpt":{"rendered":"<p>Gewidmet den 15.000 #Covidioten, die gestern durch Berlin gelaufen sind. Das Zitat stammt \u00fcbrigens von Konrad Adenauer. Der gro\u00dfe bayerische Philosoph Meister Eder sagt es so:<\/p>\n","protected":false},"author":1,"featured_media":373,"comment_status":"open","ping_status":"open","sticky":false,"template":"","format":"image","meta":{"_crdt_document":"","advanced_seo_description":"","jetpack_seo_html_title":"","jetpack_seo_noindex":false,"_EventAllDay":false,"_EventTimezone":"","_EventStartDate":"","_EventEndDate":"","_EventStartDateUTC":"","_EventEndDateUTC":"","_EventShowMap":false,"_EventShowMapLink":false,"_EventURL":"","_EventCost":"","_EventCostDescription":"","_EventCurrencySymbol":"","_EventCurrencyCode":"","_EventCurrencyPosition":"","_EventDateTimeSeparator":"","_EventTimeRangeSeparator":"","_EventOrganizerID":[],"_EventVenueID":[],"_OrganizerEmail":"","_OrganizerPhone":"","_OrganizerWebsite":"","_VenueAddress":"","_VenueCity":"","_VenueCountry":"","_VenueProvince":"","_VenueState":"","_VenueZip":"","_VenuePhone":"","_VenueURL":"","_VenueStateProvince":"","_VenueLat":"","_VenueLng":"","_VenueShowMap":false,"_VenueShowMapLink":false,"jetpack_post_was_ever_published":false,"_jetpack_newsletter_access":"","_jetpack_dont_email_post_to_subs":false,"_jetpack_newsletter_tier_id":0,"_jetpack_memberships_contains_paywalled_content":false,"_jetpack_memberships_contains_paid_content":false,"footnotes":""},"categories":[4,12],"tags":[354,40,30,10],"class_list":["post-374","post","type-post","status-publish","format-image","has-post-thumbnail","hentry","category-quarantaene","category-teilnehmende-beobachtung","tag-berlin","tag-buerger","tag-clown","tag-corona","post_format-post-format-image"],"jetpack_featured_media_url":"https:\/\/i0.wp.com\/ralupo.me\/wp-content\/uploads\/2020\/08\/img_5688.jpg?fit=1536%2C2048&ssl=1","jetpack_sharing_enabled":true,"jetpack-related-posts":[{"id":5051,"url":"https:\/\/ralupo.me\/en\/archive\/5051","url_meta":{"origin":374,"position":0},"title":"Kommunikatives Desaster: Nat\u00fcrlich sind ukrainische Fahnen in Berlin erlaubt","author":"Lupo","date":"7. May 2022","format":false,"excerpt":"[:de] Die verk\u00fcrzte Wiedergabe einer Allgemeinverf\u00fcgung der Polizei in Berlin hat f\u00fcr gro\u00dfe Aufregung in den sozialen Medien gef\u00fchrt: Ukrainische Fahnen seien \u00fcber den 08. und 09. Mai anl\u00e4sslich der Feierlichkeiten zum Ende des 2. Weltkrieges in Berlin verboten worden und d\u00fcrften nicht gezeigt werden. Alleine: Es stimmt nicht. Auch\u2026","rel":"","context":"In &quot;Politik&quot;","block_context":{"text":"Politik","link":"https:\/\/ralupo.me\/en\/archive\/category\/politik"},"img":{"alt_text":"","src":"https:\/\/i0.wp.com\/ralupo.me\/wp-content\/uploads\/2022\/02\/3724BB5C-A28F-46E2-AB64-0E5FAC9EB2C3-scaled.jpeg?fit=1200%2C900&ssl=1&resize=350%2C200","width":350,"height":200,"srcset":"https:\/\/i0.wp.com\/ralupo.me\/wp-content\/uploads\/2022\/02\/3724BB5C-A28F-46E2-AB64-0E5FAC9EB2C3-scaled.jpeg?fit=1200%2C900&ssl=1&resize=350%2C200 1x, https:\/\/i0.wp.com\/ralupo.me\/wp-content\/uploads\/2022\/02\/3724BB5C-A28F-46E2-AB64-0E5FAC9EB2C3-scaled.jpeg?fit=1200%2C900&ssl=1&resize=525%2C300 1.5x, https:\/\/i0.wp.com\/ralupo.me\/wp-content\/uploads\/2022\/02\/3724BB5C-A28F-46E2-AB64-0E5FAC9EB2C3-scaled.jpeg?fit=1200%2C900&ssl=1&resize=700%2C400 2x, https:\/\/i0.wp.com\/ralupo.me\/wp-content\/uploads\/2022\/02\/3724BB5C-A28F-46E2-AB64-0E5FAC9EB2C3-scaled.jpeg?fit=1200%2C900&ssl=1&resize=1050%2C600 3x"},"classes":[]},{"id":10621,"url":"https:\/\/ralupo.me\/en\/archive\/10621","url_meta":{"origin":374,"position":1},"title":"OFFENER BRIEF: Keine B\u00fchne f\u00fcr Anna Netrebko!","author":"Lupo","date":"11. September 2023","format":false,"excerpt":"[:de]Zusammen mit 38 Organisationen und \u00fcber hundert Professor*innen, Expert*innen und Unterst\u00fctzenden aus unterschiedlichen L\u00e4ndern, darunter hochkar\u00e4tige Stimmen wie Michael Beckerman, Franziska Davies, Moritz Eggert,\u00a0 Eugene Finkel, Oleksandra Matviichuk und Timothy Snyder, richten sich Vitsche e.V. und die B\u00fcrgerinitiative INFRA direkt an den Regierenden B\u00fcrgermeister Berlins Kai Wegner, an Senator Joe\u2026","rel":"","context":"In &quot;Europa&quot;","block_context":{"text":"Europa","link":"https:\/\/ralupo.me\/en\/archive\/category\/europa"},"img":{"alt_text":"","src":"https:\/\/i0.wp.com\/ralupo.me\/wp-content\/uploads\/2023\/07\/IMG_1272_jpg-scaled.jpeg?fit=1200%2C900&ssl=1&resize=350%2C200","width":350,"height":200,"srcset":"https:\/\/i0.wp.com\/ralupo.me\/wp-content\/uploads\/2023\/07\/IMG_1272_jpg-scaled.jpeg?fit=1200%2C900&ssl=1&resize=350%2C200 1x, https:\/\/i0.wp.com\/ralupo.me\/wp-content\/uploads\/2023\/07\/IMG_1272_jpg-scaled.jpeg?fit=1200%2C900&ssl=1&resize=525%2C300 1.5x, https:\/\/i0.wp.com\/ralupo.me\/wp-content\/uploads\/2023\/07\/IMG_1272_jpg-scaled.jpeg?fit=1200%2C900&ssl=1&resize=700%2C400 2x, https:\/\/i0.wp.com\/ralupo.me\/wp-content\/uploads\/2023\/07\/IMG_1272_jpg-scaled.jpeg?fit=1200%2C900&ssl=1&resize=1050%2C600 3x"},"classes":[]},{"id":9822,"url":"https:\/\/ralupo.me\/en\/archive\/9822","url_meta":{"origin":374,"position":2},"title":"Erfolgreicher Protest gegen Berliner Flaggenverbot zum 8. Mai","author":"Lupo","date":"5. May 2023","format":false,"excerpt":"[:de]Der Berliner Verein \u201eVitsche\u201c geht gerichtlich gegen die Allgemeinverf\u00fcgung der Berliner Polizeipr\u00e4sidentin Frau Dr. Slowik vor, die anl\u00e4sdlich des 08. Mai eine erneute Allgemeinverf\u00fcgung erlassen hat, die das \u00f6ffentliche Zeigen von ukrainischen Flaggen und Symbolen an Gedenkorten am 8. und 9. Mai verbietet. Das teilte Vitsche am Nachmittag des 05.\u2026","rel":"","context":"In &quot;Politik&quot;","block_context":{"text":"Politik","link":"https:\/\/ralupo.me\/en\/archive\/category\/politik"},"img":{"alt_text":"","src":"https:\/\/i0.wp.com\/ralupo.me\/wp-content\/uploads\/2022\/09\/EA03953C-66C7-4D15-8335-983981265214-scaled.jpeg?fit=1200%2C900&ssl=1&resize=350%2C200","width":350,"height":200,"srcset":"https:\/\/i0.wp.com\/ralupo.me\/wp-content\/uploads\/2022\/09\/EA03953C-66C7-4D15-8335-983981265214-scaled.jpeg?fit=1200%2C900&ssl=1&resize=350%2C200 1x, https:\/\/i0.wp.com\/ralupo.me\/wp-content\/uploads\/2022\/09\/EA03953C-66C7-4D15-8335-983981265214-scaled.jpeg?fit=1200%2C900&ssl=1&resize=525%2C300 1.5x, https:\/\/i0.wp.com\/ralupo.me\/wp-content\/uploads\/2022\/09\/EA03953C-66C7-4D15-8335-983981265214-scaled.jpeg?fit=1200%2C900&ssl=1&resize=700%2C400 2x, https:\/\/i0.wp.com\/ralupo.me\/wp-content\/uploads\/2022\/09\/EA03953C-66C7-4D15-8335-983981265214-scaled.jpeg?fit=1200%2C900&ssl=1&resize=1050%2C600 3x"},"classes":[]},{"id":14771,"url":"https:\/\/ralupo.me\/en\/archive\/14771","url_meta":{"origin":374,"position":3},"title":"Von Odesa nach Berlin: Gem\u00e4ldegalerie zeigt europ\u00e4ische Malerei des 16. bis 19. Jahrhunderts","author":"Lupo","date":"18. April 2025","format":false,"excerpt":"[:de] \"Von Odesa nach Berlin\" hei\u00dft die au\u00dfergew\u00f6hnliche Ausstellung, die in der Berliner Gem\u00e4ldegalerie derzeit zu sehen sind: Alleine 60 Werke aus dem Museum f\u00fcr Westliche und \u00d6stliche Kunst in Odesa werden in Berlin pr\u00e4sentiert \u2013 eine Sammlung aus der ber\u00fchmten s\u00fcdukrainischen Hafenstadt am Schwarzen Meer, die seit 2022 durch\u2026","rel":"","context":"In &quot;Europa&quot;","block_context":{"text":"Europa","link":"https:\/\/ralupo.me\/en\/archive\/category\/europa"},"img":{"alt_text":"","src":"https:\/\/i0.wp.com\/ralupo.me\/wp-content\/uploads\/2025\/04\/DO01002391-scaled.jpeg?fit=1200%2C900&ssl=1&resize=350%2C200","width":350,"height":200,"srcset":"https:\/\/i0.wp.com\/ralupo.me\/wp-content\/uploads\/2025\/04\/DO01002391-scaled.jpeg?fit=1200%2C900&ssl=1&resize=350%2C200 1x, https:\/\/i0.wp.com\/ralupo.me\/wp-content\/uploads\/2025\/04\/DO01002391-scaled.jpeg?fit=1200%2C900&ssl=1&resize=525%2C300 1.5x, https:\/\/i0.wp.com\/ralupo.me\/wp-content\/uploads\/2025\/04\/DO01002391-scaled.jpeg?fit=1200%2C900&ssl=1&resize=700%2C400 2x, https:\/\/i0.wp.com\/ralupo.me\/wp-content\/uploads\/2025\/04\/DO01002391-scaled.jpeg?fit=1200%2C900&ssl=1&resize=1050%2C600 3x"},"classes":[]},{"id":10673,"url":"https:\/\/ralupo.me\/en\/archive\/10673","url_meta":{"origin":374,"position":4},"title":"Kognitive Dissonanz","author":"Lupo","date":"17. September 2023","format":false,"excerpt":"[:de]Vielleicht ist es mit dieser kognitiven Dissonanz zu erkl\u00e4ren, dass irgendjemand in der Berliner Staatsoper auf die Idee kam, das Opernhaus anl\u00e4sslich des Auftritts der umstrittenen russischen S\u00e4ngerin mit ukrainischen Fahnen zu dekorieren. So wurde die ukrainische Fahne auf dem Dach des Opernhauses gehisst, zudem wurde ein Banner in ukrainischen\u2026","rel":"","context":"In &quot;Europa&quot;","block_context":{"text":"Europa","link":"https:\/\/ralupo.me\/en\/archive\/category\/europa"},"img":{"alt_text":"","src":"https:\/\/i0.wp.com\/ralupo.me\/wp-content\/uploads\/2023\/09\/IMG_3403-scaled.jpeg?fit=1200%2C900&ssl=1&resize=350%2C200","width":350,"height":200,"srcset":"https:\/\/i0.wp.com\/ralupo.me\/wp-content\/uploads\/2023\/09\/IMG_3403-scaled.jpeg?fit=1200%2C900&ssl=1&resize=350%2C200 1x, https:\/\/i0.wp.com\/ralupo.me\/wp-content\/uploads\/2023\/09\/IMG_3403-scaled.jpeg?fit=1200%2C900&ssl=1&resize=525%2C300 1.5x, https:\/\/i0.wp.com\/ralupo.me\/wp-content\/uploads\/2023\/09\/IMG_3403-scaled.jpeg?fit=1200%2C900&ssl=1&resize=700%2C400 2x, https:\/\/i0.wp.com\/ralupo.me\/wp-content\/uploads\/2023\/09\/IMG_3403-scaled.jpeg?fit=1200%2C900&ssl=1&resize=1050%2C600 3x"},"classes":[]},{"id":13105,"url":"https:\/\/ralupo.me\/en\/archive\/13105","url_meta":{"origin":374,"position":5},"title":"Berlin: Space Meduza Bar","author":"Lupo","date":"7. January 2024","format":false,"excerpt":"[:de] Von der \"Space Meduza Bar\" hatte ich schon geh\u00f6rt. Nicht zuletzt durch das gelungene Event des Staatstheaters Mainz mit dem Titel \"Kyiv Mule - ein Bar-Abend voller hochprozentiger Gespr\u00e4che und Geschichten\", als die Barkeeperin Diana Kiprach\u00a0von der Space Meduza Bar ukrainische Cocktails servierte. Da dieses Wochenende ein blau-gelbes Arbeitswochenende\u2026","rel":"","context":"In &quot;Teilnehmende Beobachtung&quot;","block_context":{"text":"Teilnehmende Beobachtung","link":"https:\/\/ralupo.me\/en\/archive\/category\/teilnehmende-beobachtung"},"img":{"alt_text":"","src":"https:\/\/i0.wp.com\/ralupo.me\/wp-content\/uploads\/2024\/01\/IMG_7721-scaled.jpeg?fit=1200%2C900&ssl=1&resize=350%2C200","width":350,"height":200,"srcset":"https:\/\/i0.wp.com\/ralupo.me\/wp-content\/uploads\/2024\/01\/IMG_7721-scaled.jpeg?fit=1200%2C900&ssl=1&resize=350%2C200 1x, https:\/\/i0.wp.com\/ralupo.me\/wp-content\/uploads\/2024\/01\/IMG_7721-scaled.jpeg?fit=1200%2C900&ssl=1&resize=525%2C300 1.5x, https:\/\/i0.wp.com\/ralupo.me\/wp-content\/uploads\/2024\/01\/IMG_7721-scaled.jpeg?fit=1200%2C900&ssl=1&resize=700%2C400 2x, https:\/\/i0.wp.com\/ralupo.me\/wp-content\/uploads\/2024\/01\/IMG_7721-scaled.jpeg?fit=1200%2C900&ssl=1&resize=1050%2C600 3x"},"classes":[]}],"jetpack_shortlink":"https:\/\/wp.me\/pcanHs-62","_links":{"self":[{"href":"https:\/\/ralupo.me\/en\/wp-json\/wp\/v2\/posts\/374","targetHints":{"allow":["GET"]}}],"collection":[{"href":"https:\/\/ralupo.me\/en\/wp-json\/wp\/v2\/posts"}],"about":[{"href":"https:\/\/ralupo.me\/en\/wp-json\/wp\/v2\/types\/post"}],"author":[{"embeddable":true,"href":"https:\/\/ralupo.me\/en\/wp-json\/wp\/v2\/users\/1"}],"replies":[{"embeddable":true,"href":"https:\/\/ralupo.me\/en\/wp-json\/wp\/v2\/comments?post=374"}],"version-history":[{"count":0,"href":"https:\/\/ralupo.me\/en\/wp-json\/wp\/v2\/posts\/374\/revisions"}],"wp:featuredmedia":[{"embeddable":true,"href":"https:\/\/ralupo.me\/en\/wp-json\/wp\/v2\/media\/373"}],"wp:attachment":[{"href":"https:\/\/ralupo.me\/en\/wp-json\/wp\/v2\/media?parent=374"}],"wp:term":[{"taxonomy":"category","embeddable":true,"href":"https:\/\/ralupo.me\/en\/wp-json\/wp\/v2\/categories?post=374"},{"taxonomy":"post_tag","embeddable":true,"href":"https:\/\/ralupo.me\/en\/wp-json\/wp\/v2\/tags?post=374"}],"curies":[{"name":"wp","href":"https:\/\/api.w.org\/{rel}","templated":true}]}}