{"id":3673,"date":"2022-03-05T22:41:01","date_gmt":"2022-03-05T21:41:01","guid":{"rendered":"https:\/\/ralupo.me\/?p=3673&#038;preview=true&#038;preview_id=3673"},"modified":"2023-12-27T19:44:03","modified_gmt":"2023-12-27T18:44:03","slug":"putin-wird-als-kriegsverbrecher-in-die-geschichte-eingehen","status":"publish","type":"post","link":"https:\/\/ralupo.me\/en\/archive\/3673","title":{"rendered":"\u201ePutin wird als Kriegsverbrecher in die Geschichte eingehen\u201c"},"content":{"rendered":"<span class=\"span-reading-time rt-reading-time\" style=\"display: block;\"><span class=\"rt-label rt-prefix\">Lesedauer<\/span> <span class=\"rt-time\"> 2<\/span> <span class=\"rt-label rt-postfix\">Minuten<\/span><\/span><\/p>\n\n\n<p class=\"eplus-wrapper wp-block-paragraph\">Mehr als tausend Menschen haben am Nachmittag in der \u00f6sterreichischen Hauptstadt Wien auf dem \u201ePlatz der Menschenrechte\u201c ein sofortiges Ende des Krieges in der Ukraine gefordert. Zu der Kundgebung hatte die Organisation \u201eVienna goes Europe\u201c aufgerufen. Die Veranstaltung begann zun\u00e4chst mit einer Schweigeminute f\u00fcr die Toten des Krieges.<\/p>\n\n\n\n<figure class=\"wp-block-image size-large eplus-wrapper\"><img data-recalc-dims=\"1\" fetchpriority=\"high\" decoding=\"async\" width=\"1024\" height=\"768\" data-attachment-id=\"3669\" data-permalink=\"https:\/\/ralupo.me\/en\/img_5427-jpg\" data-orig-file=\"https:\/\/i0.wp.com\/ralupo.me\/wp-content\/uploads\/2022\/03\/img_5427-scaled.jpg?fit=2560%2C1920&amp;ssl=1\" data-orig-size=\"2560,1920\" data-comments-opened=\"1\" data-image-meta=\"{&quot;aperture&quot;:&quot;0&quot;,&quot;credit&quot;:&quot;&quot;,&quot;camera&quot;:&quot;&quot;,&quot;caption&quot;:&quot;&quot;,&quot;created_timestamp&quot;:&quot;0&quot;,&quot;copyright&quot;:&quot;&quot;,&quot;focal_length&quot;:&quot;0&quot;,&quot;iso&quot;:&quot;0&quot;,&quot;shutter_speed&quot;:&quot;0&quot;,&quot;title&quot;:&quot;&quot;,&quot;orientation&quot;:&quot;0&quot;}\" data-image-title=\"img_5427.jpg\" data-image-description=\"\" data-image-caption=\"\" data-medium-file=\"https:\/\/i0.wp.com\/ralupo.me\/wp-content\/uploads\/2022\/03\/img_5427-scaled.jpg?fit=300%2C225&amp;ssl=1\" data-large-file=\"https:\/\/i0.wp.com\/ralupo.me\/wp-content\/uploads\/2022\/03\/img_5427-scaled.jpg?fit=1024%2C768&amp;ssl=1\" src=\"https:\/\/i0.wp.com\/ralupo.me\/wp-content\/uploads\/2022\/03\/img_5427.jpg?resize=1024%2C768&#038;ssl=1\" alt=\"\" class=\"wp-image-3669\" srcset=\"https:\/\/i0.wp.com\/ralupo.me\/wp-content\/uploads\/2022\/03\/img_5427-scaled.jpg?resize=1024%2C768&amp;ssl=1 1024w, https:\/\/i0.wp.com\/ralupo.me\/wp-content\/uploads\/2022\/03\/img_5427-scaled.jpg?resize=600%2C450&amp;ssl=1 600w, https:\/\/i0.wp.com\/ralupo.me\/wp-content\/uploads\/2022\/03\/img_5427-scaled.jpg?resize=300%2C225&amp;ssl=1 300w, https:\/\/i0.wp.com\/ralupo.me\/wp-content\/uploads\/2022\/03\/img_5427-scaled.jpg?resize=768%2C576&amp;ssl=1 768w, https:\/\/i0.wp.com\/ralupo.me\/wp-content\/uploads\/2022\/03\/img_5427-scaled.jpg?resize=1536%2C1152&amp;ssl=1 1536w, https:\/\/i0.wp.com\/ralupo.me\/wp-content\/uploads\/2022\/03\/img_5427-scaled.jpg?resize=2048%2C1536&amp;ssl=1 2048w, https:\/\/i0.wp.com\/ralupo.me\/wp-content\/uploads\/2022\/03\/img_5427-scaled.jpg?resize=1200%2C900&amp;ssl=1 1200w, https:\/\/i0.wp.com\/ralupo.me\/wp-content\/uploads\/2022\/03\/img_5427-scaled.jpg?resize=150%2C113&amp;ssl=1 150w, https:\/\/i0.wp.com\/ralupo.me\/wp-content\/uploads\/2022\/03\/img_5427-scaled.jpg?resize=1320%2C990&amp;ssl=1 1320w\" sizes=\"(max-width: 1000px) 100vw, 1000px\" \/><\/figure>\n\n\n\n<p class=\"eplus-wrapper wp-block-paragraph\">Die Redner erinnerten daran, dass die russische Aggression gegen die Ukraine und die Ukrainer bereits seit 2014 andauere und im jetzigen Angriff ihren vorl\u00e4ufigen H\u00f6hepunkt gefunden habe. Der Westen habe Putin viel zu lange zu geschaut. Sie forderten neben den bereits bestehenden Sanktionen auch einen Boykott von russischem Erd\u00f6l und Erdgas.<\/p>\n\n\n\n<figure class=\"wp-block-image size-large eplus-wrapper\"><img data-recalc-dims=\"1\" decoding=\"async\" width=\"1024\" height=\"768\" data-attachment-id=\"3670\" data-permalink=\"https:\/\/ralupo.me\/en\/img_5464_jpg-jpg\" data-orig-file=\"https:\/\/i0.wp.com\/ralupo.me\/wp-content\/uploads\/2022\/03\/img_5464_jpg-scaled.jpg?fit=2560%2C1920&amp;ssl=1\" data-orig-size=\"2560,1920\" data-comments-opened=\"1\" data-image-meta=\"{&quot;aperture&quot;:&quot;0&quot;,&quot;credit&quot;:&quot;&quot;,&quot;camera&quot;:&quot;&quot;,&quot;caption&quot;:&quot;&quot;,&quot;created_timestamp&quot;:&quot;0&quot;,&quot;copyright&quot;:&quot;&quot;,&quot;focal_length&quot;:&quot;0&quot;,&quot;iso&quot;:&quot;0&quot;,&quot;shutter_speed&quot;:&quot;0&quot;,&quot;title&quot;:&quot;&quot;,&quot;orientation&quot;:&quot;0&quot;}\" data-image-title=\"img_5464_jpg.jpg\" data-image-description=\"\" data-image-caption=\"\" data-medium-file=\"https:\/\/i0.wp.com\/ralupo.me\/wp-content\/uploads\/2022\/03\/img_5464_jpg-scaled.jpg?fit=300%2C225&amp;ssl=1\" data-large-file=\"https:\/\/i0.wp.com\/ralupo.me\/wp-content\/uploads\/2022\/03\/img_5464_jpg-scaled.jpg?fit=1024%2C768&amp;ssl=1\" src=\"https:\/\/i0.wp.com\/ralupo.me\/wp-content\/uploads\/2022\/03\/img_5464_jpg.jpg?resize=1024%2C768&#038;ssl=1\" alt=\"\" class=\"wp-image-3670\" srcset=\"https:\/\/i0.wp.com\/ralupo.me\/wp-content\/uploads\/2022\/03\/img_5464_jpg-scaled.jpg?resize=1024%2C768&amp;ssl=1 1024w, https:\/\/i0.wp.com\/ralupo.me\/wp-content\/uploads\/2022\/03\/img_5464_jpg-scaled.jpg?resize=600%2C450&amp;ssl=1 600w, https:\/\/i0.wp.com\/ralupo.me\/wp-content\/uploads\/2022\/03\/img_5464_jpg-scaled.jpg?resize=300%2C225&amp;ssl=1 300w, https:\/\/i0.wp.com\/ralupo.me\/wp-content\/uploads\/2022\/03\/img_5464_jpg-scaled.jpg?resize=768%2C576&amp;ssl=1 768w, https:\/\/i0.wp.com\/ralupo.me\/wp-content\/uploads\/2022\/03\/img_5464_jpg-scaled.jpg?resize=1536%2C1152&amp;ssl=1 1536w, https:\/\/i0.wp.com\/ralupo.me\/wp-content\/uploads\/2022\/03\/img_5464_jpg-scaled.jpg?resize=2048%2C1536&amp;ssl=1 2048w, https:\/\/i0.wp.com\/ralupo.me\/wp-content\/uploads\/2022\/03\/img_5464_jpg-scaled.jpg?resize=1200%2C900&amp;ssl=1 1200w, https:\/\/i0.wp.com\/ralupo.me\/wp-content\/uploads\/2022\/03\/img_5464_jpg-scaled.jpg?resize=150%2C113&amp;ssl=1 150w, https:\/\/i0.wp.com\/ralupo.me\/wp-content\/uploads\/2022\/03\/img_5464_jpg-scaled.jpg?resize=1320%2C990&amp;ssl=1 1320w\" sizes=\"(max-width: 1000px) 100vw, 1000px\" \/><\/figure>\n\n\n\n<p class=\"eplus-wrapper wp-block-paragraph\">Die fr\u00fchere Moskau-Korrespondentin des ORF Susanne Scholl sagte, Putin wolle als Gr\u00fcnder eines neuen gro\u00dfen russischen Reiches in die Geschichte eingehen, stattdessen wird er als Kriegsverbrecher in die Geschichte eingehen. Sie erinnerte auch an die zunehmende Repression in Russland gegen die Zivilbev\u00f6lkerung, Aufl\u00f6sung der Menschenrechtsorganisation \u201eMemorial\u201c sowie die Schlie\u00dfung des Radiosenders \u201eEcho Moskwy\u201c und des Fernsehsenders \u201eDoschd\u201c.<\/p>\n\n\n\n<figure class=\"wp-block-image size-large eplus-wrapper\"><img data-recalc-dims=\"1\" decoding=\"async\" width=\"1024\" height=\"768\" data-attachment-id=\"3671\" data-permalink=\"https:\/\/ralupo.me\/en\/img_5470_jpg-jpg\" data-orig-file=\"https:\/\/i0.wp.com\/ralupo.me\/wp-content\/uploads\/2022\/03\/img_5470_jpg-scaled.jpg?fit=2560%2C1920&amp;ssl=1\" data-orig-size=\"2560,1920\" data-comments-opened=\"1\" data-image-meta=\"{&quot;aperture&quot;:&quot;0&quot;,&quot;credit&quot;:&quot;&quot;,&quot;camera&quot;:&quot;&quot;,&quot;caption&quot;:&quot;&quot;,&quot;created_timestamp&quot;:&quot;0&quot;,&quot;copyright&quot;:&quot;&quot;,&quot;focal_length&quot;:&quot;0&quot;,&quot;iso&quot;:&quot;0&quot;,&quot;shutter_speed&quot;:&quot;0&quot;,&quot;title&quot;:&quot;&quot;,&quot;orientation&quot;:&quot;0&quot;}\" data-image-title=\"img_5470_jpg.jpg\" data-image-description=\"\" data-image-caption=\"\" data-medium-file=\"https:\/\/i0.wp.com\/ralupo.me\/wp-content\/uploads\/2022\/03\/img_5470_jpg-scaled.jpg?fit=300%2C225&amp;ssl=1\" data-large-file=\"https:\/\/i0.wp.com\/ralupo.me\/wp-content\/uploads\/2022\/03\/img_5470_jpg-scaled.jpg?fit=1024%2C768&amp;ssl=1\" src=\"https:\/\/i0.wp.com\/ralupo.me\/wp-content\/uploads\/2022\/03\/img_5470_jpg.jpg?resize=1024%2C768&#038;ssl=1\" alt=\"\" class=\"wp-image-3671\" srcset=\"https:\/\/i0.wp.com\/ralupo.me\/wp-content\/uploads\/2022\/03\/img_5470_jpg-scaled.jpg?resize=1024%2C768&amp;ssl=1 1024w, https:\/\/i0.wp.com\/ralupo.me\/wp-content\/uploads\/2022\/03\/img_5470_jpg-scaled.jpg?resize=600%2C450&amp;ssl=1 600w, https:\/\/i0.wp.com\/ralupo.me\/wp-content\/uploads\/2022\/03\/img_5470_jpg-scaled.jpg?resize=300%2C225&amp;ssl=1 300w, https:\/\/i0.wp.com\/ralupo.me\/wp-content\/uploads\/2022\/03\/img_5470_jpg-scaled.jpg?resize=768%2C576&amp;ssl=1 768w, https:\/\/i0.wp.com\/ralupo.me\/wp-content\/uploads\/2022\/03\/img_5470_jpg-scaled.jpg?resize=1536%2C1152&amp;ssl=1 1536w, https:\/\/i0.wp.com\/ralupo.me\/wp-content\/uploads\/2022\/03\/img_5470_jpg-scaled.jpg?resize=2048%2C1536&amp;ssl=1 2048w, https:\/\/i0.wp.com\/ralupo.me\/wp-content\/uploads\/2022\/03\/img_5470_jpg-scaled.jpg?resize=1200%2C900&amp;ssl=1 1200w, https:\/\/i0.wp.com\/ralupo.me\/wp-content\/uploads\/2022\/03\/img_5470_jpg-scaled.jpg?resize=150%2C113&amp;ssl=1 150w, https:\/\/i0.wp.com\/ralupo.me\/wp-content\/uploads\/2022\/03\/img_5470_jpg-scaled.jpg?resize=1320%2C990&amp;ssl=1 1320w\" sizes=\"(max-width: 1000px) 100vw, 1000px\" \/><\/figure>\n\n\n\n<p class=\"eplus-wrapper wp-block-paragraph\">Die in Wien lebende Kulturproduzentin Oleksandra Sajenko berichtete \u00fcber ihre pers\u00f6nliche Situation seit Kriegsbeginn:  \u201eAm Tag nach Kriegsbeginn ist mein Gatte in unsere Heimatstadt Charkiw zur\u00fcckgekehrt, um sie gemeinsam mit seinen Freunden zu verteidigen\u201c. Die Erwartung Putins, die Ukraine in zwei bis drei Tagen einzunehmen, habe sich nicht erf\u00fcllt, jeder ukrainische B\u00fcrger sei zum K\u00e4mpfer geworden.<\/p>\n\n\n\n<figure class=\"wp-block-embed is-type-video is-provider-vimeo wp-block-embed-vimeo wp-embed-aspect-16-9 wp-has-aspect-ratio\"><div class=\"wp-block-embed__wrapper\">\n<iframe title=\"202203-07-0\" src=\"https:\/\/player.vimeo.com\/video\/685514496?dnt=1&amp;app_id=122963\" width=\"500\" height=\"281\" frameborder=\"0\" allow=\"autoplay; fullscreen; picture-in-picture; clipboard-write\"><\/iframe>\n<\/div><\/figure>\n\n\n\n<p class=\"eplus-wrapper wp-block-paragraph\">Die Veranstalter riefen zu Geschlossenheit auf und baten um Spenden f\u00fcr Notleidende in der Ukraine.<\/p>\n\n\n<div class=\"vlp-link-container vlp-template-default wp-block-visual-link-preview-link\">\n\t<a href=\"https:\/\/wien.orf.at\/stories\/3146129\/\" class=\"vlp-link\" title=\"Ukraine-Krieg: Demo und Hilfskonvois\" rel=\"nofollow\" target=\"_blank\"><\/a>\t\t<div class=\"vlp-link-image-container\">\n\t\t<div class=\"vlp-link-image\">\n\t\t\t<img decoding=\"async\" src=\"https:\/\/ibs.orf.at\/wie?image=https%3A%2F%2Foekastatic.orf.at%2Fmims%2F2022%2F10%2F69%2Fcrops%2Fw%3D1200%2Ch%3D627%2Cq%3D75%2F1264962_master_451269_meldungsliste9_7.jpg%3Fs%3D80190efa14b51239ab084cdf71244ee5966c1cb0\" style=\"max-width: 150px; max-height: 150px\" \/>\t\t<\/div>\n\t<\/div>\n\t\t<div class=\"vlp-link-text-container\">\n\t\t\t\t<div class=\"vlp-link-title\">\n\t\t\tUkraine-Krieg: Demo und Hilfskonvois\t\t<\/div>\n\t\t\t\t\t\t<div class=\"vlp-link-summary\">\n\t\t\tRund 1.000 Personen haben sich am Samstagnachmittag nach Polizeiangaben vor dem Museumsquartier versammelt, um erneut gegen den Krieg in der Ukraine zu protestieren. Am Heldenplatz lief gleichzeitig eine gro\u00dfe Sammelaktion \u2013 ein Konvoi wurde mit Spenden beladen.\t\t<\/div>\n\t\t\t<\/div>\n<\/div>\n\n\n<div class=\"vlp-link-container vlp-template-default wp-block-visual-link-preview-link\">\n\t<a href=\"https:\/\/www.krone.at\/2646310\" class=\"vlp-link\" title=\"Ukraine-Krieg \u201eist \u00dcberfall auf europ\u00e4ische Werte\u201c\" rel=\"nofollow\" target=\"_blank\"><\/a>\t\t<div class=\"vlp-link-image-container\">\n\t\t<div class=\"vlp-link-image\">\n\t\t\t<img data-recalc-dims=\"1\" decoding=\"async\" src=\"https:\/\/i0.wp.com\/imgl.krone.at\/scaled\/2646329\/v9f2ef3\/og_image.jpg?ssl=1\" style=\"max-width: 150px; max-height: 150px\" \/>\t\t<\/div>\n\t<\/div>\n\t\t<div class=\"vlp-link-text-container\">\n\t\t\t\t<div class=\"vlp-link-title\">\n\t\t\tUkraine-Krieg \u201eist \u00dcberfall auf europ\u00e4ische Werte\u201c\t\t<\/div>\n\t\t\t\t\t\t<div class=\"vlp-link-summary\">\n\t\t\tEinmal mehr haben Demonstranten am Samstagnachmittag in Wien Solidarit\u00e4t mit der Ukraine gezeigt. Etwa 1000 Protestteilnehmer &#8211; laut Sch\u00e4tzungen der &#8230;\t\t<\/div>\n\t\t\t<\/div>\n<\/div>\n<br\/><br\/><div class=\"geolocation-plain\" id=\"geolocation3673\">Posted from Wien, Spittelberg, \u00d6sterreich.<\/div>","protected":false},"excerpt":{"rendered":"<p>Mehr als tausend Menschen haben am Nachmittag in der \u00f6sterreichischen Hauptstadt Wien auf dem \u201ePlatz der Menschenrechte\u201c ein sofortiges Ende des Krieges in der Ukraine gefordert. Zu der Kundgebung hatte [&hellip;]<\/p>\n","protected":false},"author":1,"featured_media":3675,"comment_status":"open","ping_status":"open","sticky":false,"template":"","format":"standard","meta":{"_crdt_document":"","advanced_seo_description":"","jetpack_seo_html_title":"","jetpack_seo_noindex":false,"_EventAllDay":false,"_EventTimezone":"","_EventStartDate":"","_EventEndDate":"","_EventStartDateUTC":"","_EventEndDateUTC":"","_EventShowMap":false,"_EventShowMapLink":false,"_EventURL":"","_EventCost":"","_EventCostDescription":"","_EventCurrencySymbol":"","_EventCurrencyCode":"","_EventCurrencyPosition":"","_EventDateTimeSeparator":"","_EventTimeRangeSeparator":"","_EventOrganizerID":[],"_EventVenueID":[],"_OrganizerEmail":"","_OrganizerPhone":"","_OrganizerWebsite":"","_VenueAddress":"","_VenueCity":"","_VenueCountry":"","_VenueProvince":"","_VenueState":"","_VenueZip":"","_VenuePhone":"","_VenueURL":"","_VenueStateProvince":"","_VenueLat":"","_VenueLng":"","_VenueShowMap":false,"_VenueShowMapLink":false,"jetpack_post_was_ever_published":false,"_jetpack_newsletter_access":"","_jetpack_dont_email_post_to_subs":false,"_jetpack_newsletter_tier_id":0,"_jetpack_memberships_contains_paywalled_content":false,"_jetpack_memberships_contains_paid_content":false,"footnotes":""},"categories":[692,694],"tags":[625,632,631,607,25],"class_list":["post-3673","post","type-post","status-publish","format-standard","has-post-thumbnail","hentry","category-ukraine","category-veranstaltungen","tag-angriff","tag-oesterreich","tag-wien","tag-kundgebung","tag-ukraine"],"jetpack_featured_media_url":"https:\/\/i0.wp.com\/ralupo.me\/wp-content\/uploads\/2022\/03\/19CC2367-24D8-499E-9DB0-14CBF932FE2B-scaled.jpeg?fit=2560%2C1920&ssl=1","jetpack_sharing_enabled":true,"jetpack-related-posts":[{"id":5616,"url":"https:\/\/ralupo.me\/en\/archive\/5616","url_meta":{"origin":3673,"position":0},"title":"&#8220;Krieg in der Ukraine im \u00f6ffentlichen Bewusstsein halten&#8221;","author":"Lupo","date":"1. July 2022","format":false,"excerpt":"[:de] Unter dem Motto \"Nicht Nachlassen. Solidarit\u00e4t mit der Ukraine\" haben die Jugendorganisationen Jusos, Junge Liberale, Junge Union und die Jungen Europ\u00e4er zu einer Kundgebung am Mannheimer Paradeplatz aufgerufen. Mehrere Hundert Menschen, darunter viele Fl\u00fcchtlinge aus der Ukraine, sind dem Aufruf gefolgt. \"Wir sind hier, weil in der Ukraine Krieg\u2026","rel":"","context":"In &quot;Ukraine&quot;","block_context":{"text":"Ukraine","link":"https:\/\/ralupo.me\/en\/archive\/category\/ukraine"},"img":{"alt_text":"","src":"https:\/\/i0.wp.com\/ralupo.me\/wp-content\/uploads\/2022\/07\/87E92AD0-A644-4D9F-A16A-72F0C8C3863F-scaled.jpeg?fit=1200%2C900&ssl=1&resize=350%2C200","width":350,"height":200,"srcset":"https:\/\/i0.wp.com\/ralupo.me\/wp-content\/uploads\/2022\/07\/87E92AD0-A644-4D9F-A16A-72F0C8C3863F-scaled.jpeg?fit=1200%2C900&ssl=1&resize=350%2C200 1x, https:\/\/i0.wp.com\/ralupo.me\/wp-content\/uploads\/2022\/07\/87E92AD0-A644-4D9F-A16A-72F0C8C3863F-scaled.jpeg?fit=1200%2C900&ssl=1&resize=525%2C300 1.5x, https:\/\/i0.wp.com\/ralupo.me\/wp-content\/uploads\/2022\/07\/87E92AD0-A644-4D9F-A16A-72F0C8C3863F-scaled.jpeg?fit=1200%2C900&ssl=1&resize=700%2C400 2x, https:\/\/i0.wp.com\/ralupo.me\/wp-content\/uploads\/2022\/07\/87E92AD0-A644-4D9F-A16A-72F0C8C3863F-scaled.jpeg?fit=1200%2C900&ssl=1&resize=1050%2C600 3x"},"classes":[]},{"id":3573,"url":"https:\/\/ralupo.me\/en\/archive\/3573","url_meta":{"origin":3673,"position":1},"title":"Angriff auf die Ukraine","author":"Lupo","date":"25. February 2022","format":false,"excerpt":"[:de] Am Tag 2 der Invasion Russlands in die Ukraine versuche ich die Entwicklungen in einem Live-Blog zusammenzufassen. Dazu auch Hinweise und Tips, wo und wie man helfen und sich engagieren kann. Zudem auch Hinweise auf Kundgebungen und Veranstaltungen rund um den Krieg Putins gegen die Ukraine. [:]","rel":"","context":"In &quot;Live Blog&quot;","block_context":{"text":"Live Blog","link":"https:\/\/ralupo.me\/en\/archive\/category\/live-blog"},"img":{"alt_text":"","src":"https:\/\/i0.wp.com\/ralupo.me\/wp-content\/uploads\/2022\/02\/088F7567-DEEB-4A03-A9D5-7B99A9047E3A-scaled.jpeg?fit=1200%2C900&ssl=1&resize=350%2C200","width":350,"height":200,"srcset":"https:\/\/i0.wp.com\/ralupo.me\/wp-content\/uploads\/2022\/02\/088F7567-DEEB-4A03-A9D5-7B99A9047E3A-scaled.jpeg?fit=1200%2C900&ssl=1&resize=350%2C200 1x, https:\/\/i0.wp.com\/ralupo.me\/wp-content\/uploads\/2022\/02\/088F7567-DEEB-4A03-A9D5-7B99A9047E3A-scaled.jpeg?fit=1200%2C900&ssl=1&resize=525%2C300 1.5x, https:\/\/i0.wp.com\/ralupo.me\/wp-content\/uploads\/2022\/02\/088F7567-DEEB-4A03-A9D5-7B99A9047E3A-scaled.jpeg?fit=1200%2C900&ssl=1&resize=700%2C400 2x, https:\/\/i0.wp.com\/ralupo.me\/wp-content\/uploads\/2022\/02\/088F7567-DEEB-4A03-A9D5-7B99A9047E3A-scaled.jpeg?fit=1200%2C900&ssl=1&resize=1050%2C600 3x"},"classes":[]},{"id":10370,"url":"https:\/\/ralupo.me\/en\/archive\/10370","url_meta":{"origin":3673,"position":2},"title":"#Nonetrebko auch in Baden-Baden","author":"Lupo","date":"23. July 2023","format":false,"excerpt":"[:de]Wie bereits im Mai in Wiesbaden war auch diesmal der Auftritt der russischen S\u00e4ngerin Anna Netrebko in Baden-Baden von Protesten begleitet. Hunderte Menschen folgten dem Aufruf der Initiative \u201eInformation Front Activists\u201c und versammelten sich am Freitagabend vor dem Festspielhaus in Baden-Baden, wo der Auftritt der S\u00e4ngerin stattfinden sollte.[:]","rel":"","context":"In &quot;Politik&quot;","block_context":{"text":"Politik","link":"https:\/\/ralupo.me\/en\/archive\/category\/politik"},"img":{"alt_text":"","src":"https:\/\/i0.wp.com\/ralupo.me\/wp-content\/uploads\/2023\/07\/IMG_1290_jpg-scaled.jpeg?fit=1200%2C900&ssl=1&resize=350%2C200","width":350,"height":200,"srcset":"https:\/\/i0.wp.com\/ralupo.me\/wp-content\/uploads\/2023\/07\/IMG_1290_jpg-scaled.jpeg?fit=1200%2C900&ssl=1&resize=350%2C200 1x, https:\/\/i0.wp.com\/ralupo.me\/wp-content\/uploads\/2023\/07\/IMG_1290_jpg-scaled.jpeg?fit=1200%2C900&ssl=1&resize=525%2C300 1.5x, https:\/\/i0.wp.com\/ralupo.me\/wp-content\/uploads\/2023\/07\/IMG_1290_jpg-scaled.jpeg?fit=1200%2C900&ssl=1&resize=700%2C400 2x, https:\/\/i0.wp.com\/ralupo.me\/wp-content\/uploads\/2023\/07\/IMG_1290_jpg-scaled.jpeg?fit=1200%2C900&ssl=1&resize=1050%2C600 3x"},"classes":[]},{"id":4036,"url":"https:\/\/ralupo.me\/en\/archive\/4036","url_meta":{"origin":3673,"position":3},"title":"Kerzen f\u00fcr die Kriegstoten","author":"Lupo","date":"9. April 2022","format":false,"excerpt":"[:de] Mit 1500 Grablichter haben in der K\u00f6lner Innenstadt mehr als Tausend Menschen an die Opfer erinnert, die bei dem russischen \u00dcberfall auf die Ukraine bislang get\u00f6tet wurden. Zu der Veranstaltung \"Butscha: Genozid an den Ukrainern. Nie wieder\" hatte der Verein \"Blau Gelbes Kreuz\" aus K\u00f6ln aufgerufen. Die Kundgebung, zu\u2026","rel":"","context":"In &quot;Ukraine&quot;","block_context":{"text":"Ukraine","link":"https:\/\/ralupo.me\/en\/archive\/category\/ukraine"},"img":{"alt_text":"","src":"https:\/\/i0.wp.com\/ralupo.me\/wp-content\/uploads\/2022\/04\/8C87933F-8513-4C26-855A-3C93F65A3974-scaled.jpeg?fit=1200%2C900&ssl=1&resize=350%2C200","width":350,"height":200,"srcset":"https:\/\/i0.wp.com\/ralupo.me\/wp-content\/uploads\/2022\/04\/8C87933F-8513-4C26-855A-3C93F65A3974-scaled.jpeg?fit=1200%2C900&ssl=1&resize=350%2C200 1x, https:\/\/i0.wp.com\/ralupo.me\/wp-content\/uploads\/2022\/04\/8C87933F-8513-4C26-855A-3C93F65A3974-scaled.jpeg?fit=1200%2C900&ssl=1&resize=525%2C300 1.5x, https:\/\/i0.wp.com\/ralupo.me\/wp-content\/uploads\/2022\/04\/8C87933F-8513-4C26-855A-3C93F65A3974-scaled.jpeg?fit=1200%2C900&ssl=1&resize=700%2C400 2x, https:\/\/i0.wp.com\/ralupo.me\/wp-content\/uploads\/2022\/04\/8C87933F-8513-4C26-855A-3C93F65A3974-scaled.jpeg?fit=1200%2C900&ssl=1&resize=1050%2C600 3x"},"classes":[]},{"id":13734,"url":"https:\/\/ralupo.me\/en\/archive\/13734","url_meta":{"origin":3673,"position":4},"title":"\u201eEs gibt bei uns immer noch Politiker die glauben, man k\u00f6nnte das B\u00f6se bes\u00e4nftigen\u201c","author":"Lupo","date":"25. February 2024","format":false,"excerpt":"[:de] Zum zweiten Jahrestag des russischen Gro\u00dfangriffs sind weltweit Zehntausende Menschen auf die Stra\u00dfen gegangen, um gegen die russische Aggression gegen das Nachbarland zu demonstrieren und an die Kriegsverbrechen zu erinnern. In Deutschland gab es u.a. in Hamburg, D\u00fcsseldorf, K\u00f6ln, Mainz, Frankfurt, Dresden und M\u00fcnchen Gro\u00dfkundgebungen. Putin zur Verantwortung ziehen\u2026","rel":"","context":"In &quot;Politik&quot;","block_context":{"text":"Politik","link":"https:\/\/ralupo.me\/en\/archive\/category\/politik"},"img":{"alt_text":"","src":"https:\/\/i0.wp.com\/ralupo.me\/wp-content\/uploads\/2024\/02\/IMG_9910-scaled.jpeg?fit=1200%2C900&ssl=1&resize=350%2C200","width":350,"height":200,"srcset":"https:\/\/i0.wp.com\/ralupo.me\/wp-content\/uploads\/2024\/02\/IMG_9910-scaled.jpeg?fit=1200%2C900&ssl=1&resize=350%2C200 1x, https:\/\/i0.wp.com\/ralupo.me\/wp-content\/uploads\/2024\/02\/IMG_9910-scaled.jpeg?fit=1200%2C900&ssl=1&resize=525%2C300 1.5x, https:\/\/i0.wp.com\/ralupo.me\/wp-content\/uploads\/2024\/02\/IMG_9910-scaled.jpeg?fit=1200%2C900&ssl=1&resize=700%2C400 2x, https:\/\/i0.wp.com\/ralupo.me\/wp-content\/uploads\/2024\/02\/IMG_9910-scaled.jpeg?fit=1200%2C900&ssl=1&resize=1050%2C600 3x"},"classes":[]},{"id":14504,"url":"https:\/\/ralupo.me\/en\/archive\/14504","url_meta":{"origin":3673,"position":5},"title":"1000 Tage Resilienz","author":"Lupo","date":"20. November 2024","format":false,"excerpt":"[:de] Am 1.000. Tag nach dem russischen Gro\u00df-Angriff auf die gesamte Ukraine versammelten sich in K\u00f6ln am Dienstag Abend mehrere hundert Menschen, um ihre Solidarit\u00e4t mit dem angegriffenen Land zu zeigen. Die Kundgebung richtete sich auch an die Bundesregierung mit der Forderung, die Unterst\u00fctzung f\u00fcr die Ukraine erheblich zu verst\u00e4rken.\u2026","rel":"","context":"In &quot;Politik&quot;","block_context":{"text":"Politik","link":"https:\/\/ralupo.me\/en\/archive\/category\/politik"},"img":{"alt_text":"","src":"https:\/\/i0.wp.com\/ralupo.me\/wp-content\/uploads\/2024\/11\/IMG_7276_jpg-scaled.jpg?fit=1200%2C900&ssl=1&resize=350%2C200","width":350,"height":200,"srcset":"https:\/\/i0.wp.com\/ralupo.me\/wp-content\/uploads\/2024\/11\/IMG_7276_jpg-scaled.jpg?fit=1200%2C900&ssl=1&resize=350%2C200 1x, https:\/\/i0.wp.com\/ralupo.me\/wp-content\/uploads\/2024\/11\/IMG_7276_jpg-scaled.jpg?fit=1200%2C900&ssl=1&resize=525%2C300 1.5x, https:\/\/i0.wp.com\/ralupo.me\/wp-content\/uploads\/2024\/11\/IMG_7276_jpg-scaled.jpg?fit=1200%2C900&ssl=1&resize=700%2C400 2x, https:\/\/i0.wp.com\/ralupo.me\/wp-content\/uploads\/2024\/11\/IMG_7276_jpg-scaled.jpg?fit=1200%2C900&ssl=1&resize=1050%2C600 3x"},"classes":[]}],"jetpack_shortlink":"https:\/\/wp.me\/pcanHs-Xf","_links":{"self":[{"href":"https:\/\/ralupo.me\/en\/wp-json\/wp\/v2\/posts\/3673","targetHints":{"allow":["GET"]}}],"collection":[{"href":"https:\/\/ralupo.me\/en\/wp-json\/wp\/v2\/posts"}],"about":[{"href":"https:\/\/ralupo.me\/en\/wp-json\/wp\/v2\/types\/post"}],"author":[{"embeddable":true,"href":"https:\/\/ralupo.me\/en\/wp-json\/wp\/v2\/users\/1"}],"replies":[{"embeddable":true,"href":"https:\/\/ralupo.me\/en\/wp-json\/wp\/v2\/comments?post=3673"}],"version-history":[{"count":1,"href":"https:\/\/ralupo.me\/en\/wp-json\/wp\/v2\/posts\/3673\/revisions"}],"predecessor-version":[{"id":12940,"href":"https:\/\/ralupo.me\/en\/wp-json\/wp\/v2\/posts\/3673\/revisions\/12940"}],"wp:featuredmedia":[{"embeddable":true,"href":"https:\/\/ralupo.me\/en\/wp-json\/wp\/v2\/media\/3675"}],"wp:attachment":[{"href":"https:\/\/ralupo.me\/en\/wp-json\/wp\/v2\/media?parent=3673"}],"wp:term":[{"taxonomy":"category","embeddable":true,"href":"https:\/\/ralupo.me\/en\/wp-json\/wp\/v2\/categories?post=3673"},{"taxonomy":"post_tag","embeddable":true,"href":"https:\/\/ralupo.me\/en\/wp-json\/wp\/v2\/tags?post=3673"}],"curies":[{"name":"wp","href":"https:\/\/api.w.org\/{rel}","templated":true}]}}