{"id":3667,"date":"2022-03-08T13:26:47","date_gmt":"2022-03-08T12:26:47","guid":{"rendered":"https:\/\/ralupo.me\/?p=3667&#038;preview=true&#038;preview_id=3667"},"modified":"2022-04-24T17:26:35","modified_gmt":"2022-04-24T15:26:35","slug":"zeitenwende","status":"publish","type":"post","link":"https:\/\/ralupo.me\/en\/archive\/3667","title":{"rendered":"Zeitenwende"},"content":{"rendered":"<span class=\"span-reading-time rt-reading-time\" style=\"display: block;\"><span class=\"rt-label rt-prefix\">Lesedauer<\/span> <span class=\"rt-time\"> &lt; 1<\/span> <span class=\"rt-label rt-postfix\">Minute<\/span><\/span><p><\/p>\n\n\n<p class=\"wp-block-paragraph\">Seit Olaf Scholz nach dem \u00dcberfall Russlands auf die Ukraine am 24. Februar 2022 von einer &#8220;Zeitenwende&#8221; gesprochen hat, geistert das Wort durch die Medien. Der Politikwissenschaftler Herfried M\u00fcnkler hat es aufgegriffen und von einem <a href=\"https:\/\/ralupo.me\/bruch-in-der-zeit\/\">&#8220;Bruch in der Zeit&#8221; <\/a>gesprochen, einem Bruch, der die Zeit in ein &#8220;davor&#8221; und ein &#8220;danach&#8221; teilt. Die Dinge werden auf den Kopf gestellt. Was das konkret bedeutet, kann man heute in der taz nachlesen.<\/p>\n\n\n\n<figure class=\"wp-block-pullquote\" style=\"border-style:none;border-width:0px\"><blockquote><p>Linke Politik wird da nur einen konstruktiven Einfluss haben k\u00f6nnen \u2013 auch im Sinne, dass das Milit\u00e4rische nicht \u00fcberhandnimmt \u2013, wenn sie sich von \u00fcberkommenen Denkmustern verabschiedet und sich n\u00fcchtern dieser neuen Welt stellt.<\/p><cite>taz vom 08.03.2022<\/cite><\/blockquote><\/figure>\n\n\n\n<p class=\"wp-block-paragraph\">Vielleicht liest das auch mal der Ralf Stegner, der immer noch der Meinung ist, seit 30 Jahren alles richtig gemacht zu haben. Von Gerhard Schr\u00f6der wollen wir nicht mehr reden.<\/p>\n\n\n<div class=\"vlp-link-container vlp-template-default wp-block-visual-link-preview-link\">\n\t<a href=\"https:\/\/taz.de\/Linke-und-der-Ukrainekrieg\/!5834130\/\" class=\"vlp-link\" title=\"Linke und der Ukrainekrieg: Die Nato-war-schuld-Linken\" rel=\"nofollow\" target=\"_blank\"><\/a>\t\t<div class=\"vlp-link-image-container\">\n\t\t<div class=\"vlp-link-image\">\n\t\t\t<img data-recalc-dims=\"1\" decoding=\"async\" src=\"https:\/\/i0.wp.com\/taz.de\/picture\/5432718\/948\/29666520-1.jpeg?ssl=1\" style=\"max-width: 150px; max-height: 150px\" \/>\t\t<\/div>\n\t<\/div>\n\t\t<div class=\"vlp-link-text-container\">\n\t\t\t\t<div class=\"vlp-link-title\">\n\t\t\tLinke und der Ukrainekrieg: Die Nato-war-schuld-Linken\t\t<\/div>\n\t\t\t\t\t\t<div class=\"vlp-link-summary\">\n\t\t\tEinige Linke stecken noch immer in alten Denkmustern fest. Statt zu Putin auf Abstand zu gehen, beschuldigen sie weiter die USA und die Nato.\t\t<\/div>\n\t\t\t<\/div>\n<\/div>\n\n\n<p><\/p>","protected":false},"excerpt":{"rendered":"<p>Seit Olaf Scholz nach dem \u00dcberfall Russlands auf die Ukraine am 24. Februar 2022 von einer &#8220;Zeitenwende&#8221; gesprochen hat, geistert das Wort durch die Medien. Der Politikwissenschaftler Herfried M\u00fcnkler hat [&hellip;]<\/p>\n","protected":false},"author":1,"featured_media":3694,"comment_status":"open","ping_status":"open","sticky":false,"template":"","format":"standard","meta":{"_crdt_document":"","advanced_seo_description":"","jetpack_seo_html_title":"","jetpack_seo_noindex":false,"_EventAllDay":false,"_EventTimezone":"","_EventStartDate":"","_EventEndDate":"","_EventStartDateUTC":"","_EventEndDateUTC":"","_EventShowMap":false,"_EventShowMapLink":false,"_EventURL":"","_EventCost":"","_EventCostDescription":"","_EventCurrencySymbol":"","_EventCurrencyCode":"","_EventCurrencyPosition":"","_EventDateTimeSeparator":"","_EventTimeRangeSeparator":"","_EventOrganizerID":[],"_EventVenueID":[],"_OrganizerEmail":"","_OrganizerPhone":"","_OrganizerWebsite":"","_VenueAddress":"","_VenueCity":"","_VenueCountry":"","_VenueProvince":"","_VenueState":"","_VenueZip":"","_VenuePhone":"","_VenueURL":"","_VenueStateProvince":"","_VenueLat":"","_VenueLng":"","_VenueShowMap":false,"_VenueShowMapLink":false,"jetpack_post_was_ever_published":false,"_jetpack_newsletter_access":"","_jetpack_dont_email_post_to_subs":false,"_jetpack_newsletter_tier_id":0,"_jetpack_memberships_contains_paywalled_content":false,"_jetpack_memberships_contains_paid_content":false,"footnotes":""},"categories":[693],"tags":[583,315,595,333],"class_list":["post-3667","post","type-post","status-publish","format-standard","has-post-thumbnail","hentry","category-politik","tag-moskau","tag-politik","tag-presse","tag-russland"],"jetpack_featured_media_url":"https:\/\/i0.wp.com\/ralupo.me\/wp-content\/uploads\/2022\/03\/F499EE00-59A3-49FE-9088-B809F2BC74E6-scaled.jpeg?fit=2560%2C1920&ssl=1","jetpack_sharing_enabled":true,"jetpack-related-posts":[{"id":14263,"url":"https:\/\/ralupo.me\/en\/archive\/14263","url_meta":{"origin":3667,"position":0},"title":"Zeitenwende abgewendet","author":"Lupo","date":"31. August 2024","format":false,"excerpt":"[:de] Die von Bundeskanzler Olaf Scholz (SPD) ausgerufene Zeitenwende ist gescheitert. \u00a0Ein zweij\u00e4hriges DGAP-Projekt kommt zu dem Schluss, dass die von Bundeskanzler Olaf Scholz ausgerufene Zeitenwende keine politische St\u00e4rke mehr tr\u00e4gt und als Nutzungsbegriff aufgegeben werden sollte. Deutschland hat sich unvorbereitet auf gro\u00dfe (geo-)politische und (geo-)\u00f6konomische Herausforderungen eingelassen und den\u2026","rel":"","context":"In &quot;Europa&quot;","block_context":{"text":"Europa","link":"https:\/\/ralupo.me\/en\/archive\/category\/europa"},"img":{"alt_text":"","src":"https:\/\/i0.wp.com\/ralupo.me\/wp-content\/uploads\/2023\/01\/6856FA42-6078-48A6-A388-714FA98D4F72-scaled.jpeg?fit=1200%2C900&ssl=1&resize=350%2C200","width":350,"height":200,"srcset":"https:\/\/i0.wp.com\/ralupo.me\/wp-content\/uploads\/2023\/01\/6856FA42-6078-48A6-A388-714FA98D4F72-scaled.jpeg?fit=1200%2C900&ssl=1&resize=350%2C200 1x, https:\/\/i0.wp.com\/ralupo.me\/wp-content\/uploads\/2023\/01\/6856FA42-6078-48A6-A388-714FA98D4F72-scaled.jpeg?fit=1200%2C900&ssl=1&resize=525%2C300 1.5x, https:\/\/i0.wp.com\/ralupo.me\/wp-content\/uploads\/2023\/01\/6856FA42-6078-48A6-A388-714FA98D4F72-scaled.jpeg?fit=1200%2C900&ssl=1&resize=700%2C400 2x, https:\/\/i0.wp.com\/ralupo.me\/wp-content\/uploads\/2023\/01\/6856FA42-6078-48A6-A388-714FA98D4F72-scaled.jpeg?fit=1200%2C900&ssl=1&resize=1050%2C600 3x"},"classes":[]},{"id":3685,"url":"https:\/\/ralupo.me\/en\/archive\/3685","url_meta":{"origin":3667,"position":1},"title":"\u201eBruch in der Zeit\u201c","author":"Lupo","date":"8. March 2022","format":false,"excerpt":"[:de] Unter dem Titel \u201cKrieg in Europa - Und was er f\u00fcr uns bedeutet\u201c hatte die \u201cStiftung Demokratie Saarland\u201c gestern den renommierten Politkwissenschaftler Professor Herfried M\u00fcnkler online zu Gast. M\u00fcnkler gab eine kurze Zusammenfassung \u00fcber die Zusammenh\u00e4nge des gegenw\u00e4rtigen Krieges Russlands gegen die Ukraine, er\u00f6rterte vor diesem Hintergrund den von\u2026","rel":"","context":"In &quot;Politik&quot;","block_context":{"text":"Politik","link":"https:\/\/ralupo.me\/en\/archive\/category\/politik"},"img":{"alt_text":"","src":"https:\/\/i0.wp.com\/ralupo.me\/wp-content\/uploads\/2022\/03\/img_5540-scaled.jpg?fit=1200%2C900&ssl=1&resize=350%2C200","width":350,"height":200,"srcset":"https:\/\/i0.wp.com\/ralupo.me\/wp-content\/uploads\/2022\/03\/img_5540-scaled.jpg?fit=1200%2C900&ssl=1&resize=350%2C200 1x, https:\/\/i0.wp.com\/ralupo.me\/wp-content\/uploads\/2022\/03\/img_5540-scaled.jpg?fit=1200%2C900&ssl=1&resize=525%2C300 1.5x, https:\/\/i0.wp.com\/ralupo.me\/wp-content\/uploads\/2022\/03\/img_5540-scaled.jpg?fit=1200%2C900&ssl=1&resize=700%2C400 2x, https:\/\/i0.wp.com\/ralupo.me\/wp-content\/uploads\/2022\/03\/img_5540-scaled.jpg?fit=1200%2C900&ssl=1&resize=1050%2C600 3x"},"classes":[]},{"id":13758,"url":"https:\/\/ralupo.me\/en\/archive\/13758","url_meta":{"origin":3667,"position":2},"title":"Aufgelesen: Lupos Leseliste #6&#038;7","author":"Lupo","date":"2. March 2024","format":false,"excerpt":"[:de] Einiges ist passiert die letzten Tage: Sicherheitskonferenz in M\u00fcnchen, wo die NAFO zu Gast war, der 2. Jahrestag des russischen Gro\u00dfangriffs auf die Ukraine, an den weltweit Zehntausende erinnert haben. Wenig Zeit zu schreiben, daf\u00fcr ist mehr auf der Leseliste aufgelaufen. * Am gestrigen Freitag wurde in Moskau der\u2026","rel":"","context":"In &quot;Aufgelesen&quot;","block_context":{"text":"Aufgelesen","link":"https:\/\/ralupo.me\/en\/archive\/category\/aufgelesen"},"img":{"alt_text":"","src":"https:\/\/i0.wp.com\/ralupo.me\/wp-content\/uploads\/2024\/02\/IMG_0051-scaled.jpeg?fit=1200%2C900&ssl=1&resize=350%2C200","width":350,"height":200,"srcset":"https:\/\/i0.wp.com\/ralupo.me\/wp-content\/uploads\/2024\/02\/IMG_0051-scaled.jpeg?fit=1200%2C900&ssl=1&resize=350%2C200 1x, https:\/\/i0.wp.com\/ralupo.me\/wp-content\/uploads\/2024\/02\/IMG_0051-scaled.jpeg?fit=1200%2C900&ssl=1&resize=525%2C300 1.5x, https:\/\/i0.wp.com\/ralupo.me\/wp-content\/uploads\/2024\/02\/IMG_0051-scaled.jpeg?fit=1200%2C900&ssl=1&resize=700%2C400 2x, https:\/\/i0.wp.com\/ralupo.me\/wp-content\/uploads\/2024\/02\/IMG_0051-scaled.jpeg?fit=1200%2C900&ssl=1&resize=1050%2C600 3x"},"classes":[]},{"id":13990,"url":"https:\/\/ralupo.me\/en\/archive\/13990","url_meta":{"origin":3667,"position":3},"title":"Aufgelesen: Lupos Lesewoche #10","author":"Lupo","date":"19. May 2024","format":false,"excerpt":"[:de] Nachdem die Pfingsttage erk\u00e4ltungsbedingt ruhiger ausgefallen waren als geplant, fand sich etwas Zeit f\u00fcr eine Leseliste mit den Ereignissen der letzten Tage und Wochen. * Es ist zu wenig! | Dieser Tage r\u00fchmt sich der \"Friedenskanzler\", was Deutschland (und er) alles f\u00fcr die Ukraine tue. Dabei r\u00fccken Experten die\u2026","rel":"","context":"In &quot;Aufgelesen&quot;","block_context":{"text":"Aufgelesen","link":"https:\/\/ralupo.me\/en\/archive\/category\/aufgelesen"},"img":{"alt_text":"","src":"https:\/\/i0.wp.com\/ralupo.me\/wp-content\/uploads\/2024\/05\/IMG_2101-scaled.jpeg?fit=1200%2C900&ssl=1&resize=350%2C200","width":350,"height":200,"srcset":"https:\/\/i0.wp.com\/ralupo.me\/wp-content\/uploads\/2024\/05\/IMG_2101-scaled.jpeg?fit=1200%2C900&ssl=1&resize=350%2C200 1x, https:\/\/i0.wp.com\/ralupo.me\/wp-content\/uploads\/2024\/05\/IMG_2101-scaled.jpeg?fit=1200%2C900&ssl=1&resize=525%2C300 1.5x, https:\/\/i0.wp.com\/ralupo.me\/wp-content\/uploads\/2024\/05\/IMG_2101-scaled.jpeg?fit=1200%2C900&ssl=1&resize=700%2C400 2x, https:\/\/i0.wp.com\/ralupo.me\/wp-content\/uploads\/2024\/05\/IMG_2101-scaled.jpeg?fit=1200%2C900&ssl=1&resize=1050%2C600 3x"},"classes":[]},{"id":3839,"url":"https:\/\/ralupo.me\/en\/archive\/3839","url_meta":{"origin":3667,"position":4},"title":"Olafs Nachbarn","author":"Lupo","date":"28. March 2022","format":false,"excerpt":"[:de] Es klingt wie eine Petitesse, aber es ist ein Symptom daf\u00fcr, dass die Bundesregierung den Ernst der Lage und die von ihr proklamierte \"Zeitenwende\" immer noch nicht begriffen oder verinnerlicht hat. Olaf Scholz hat in der TV-Talkshow \"Anne Will\" dar\u00fcber sinniert, dass Deutschland sich einen Raketenschutzschirm anschaffen k\u00f6nnte, im\u2026","rel":"","context":"In &quot;Politik&quot;","block_context":{"text":"Politik","link":"https:\/\/ralupo.me\/en\/archive\/category\/politik"},"img":{"alt_text":"","src":"https:\/\/i0.wp.com\/ralupo.me\/wp-content\/uploads\/2022\/01\/img_5873-scaled.jpg?fit=1200%2C900&ssl=1&resize=350%2C200","width":350,"height":200,"srcset":"https:\/\/i0.wp.com\/ralupo.me\/wp-content\/uploads\/2022\/01\/img_5873-scaled.jpg?fit=1200%2C900&ssl=1&resize=350%2C200 1x, https:\/\/i0.wp.com\/ralupo.me\/wp-content\/uploads\/2022\/01\/img_5873-scaled.jpg?fit=1200%2C900&ssl=1&resize=525%2C300 1.5x, https:\/\/i0.wp.com\/ralupo.me\/wp-content\/uploads\/2022\/01\/img_5873-scaled.jpg?fit=1200%2C900&ssl=1&resize=700%2C400 2x, https:\/\/i0.wp.com\/ralupo.me\/wp-content\/uploads\/2022\/01\/img_5873-scaled.jpg?fit=1200%2C900&ssl=1&resize=1050%2C600 3x"},"classes":[]},{"id":14893,"url":"https:\/\/ralupo.me\/en\/archive\/14893","url_meta":{"origin":3667,"position":5},"title":"Keine Zeit f\u00fcr Russlandromantik","author":"Lupo","date":"18. May 2025","format":false,"excerpt":"[:de] In einem, wie ich finde, bemerkenswerten Beitrag warnt Anna Schiller im Newsletter \"Der andere Blick\" f\u00fcr die NZZ vor einem Wiedererstarken deutscher Russlandromantik. Einerseits hat Kanzler Friedrich Merz gleich zu Beginn seiner Amtszeit die klare au\u00dfenpolitische Botschaft gesendet, dass Deutschland fest an der Seite der Ukraine steht \u2013 politisch,\u2026","rel":"","context":"In &quot;Politik&quot;","block_context":{"text":"Politik","link":"https:\/\/ralupo.me\/en\/archive\/category\/politik"},"img":{"alt_text":"","src":"https:\/\/i0.wp.com\/ralupo.me\/wp-content\/uploads\/2025\/05\/IMG_2759-scaled.jpg?fit=1200%2C900&ssl=1&resize=350%2C200","width":350,"height":200,"srcset":"https:\/\/i0.wp.com\/ralupo.me\/wp-content\/uploads\/2025\/05\/IMG_2759-scaled.jpg?fit=1200%2C900&ssl=1&resize=350%2C200 1x, https:\/\/i0.wp.com\/ralupo.me\/wp-content\/uploads\/2025\/05\/IMG_2759-scaled.jpg?fit=1200%2C900&ssl=1&resize=525%2C300 1.5x, https:\/\/i0.wp.com\/ralupo.me\/wp-content\/uploads\/2025\/05\/IMG_2759-scaled.jpg?fit=1200%2C900&ssl=1&resize=700%2C400 2x, https:\/\/i0.wp.com\/ralupo.me\/wp-content\/uploads\/2025\/05\/IMG_2759-scaled.jpg?fit=1200%2C900&ssl=1&resize=1050%2C600 3x"},"classes":[]}],"jetpack_shortlink":"https:\/\/wp.me\/pcanHs-X9","_links":{"self":[{"href":"https:\/\/ralupo.me\/en\/wp-json\/wp\/v2\/posts\/3667","targetHints":{"allow":["GET"]}}],"collection":[{"href":"https:\/\/ralupo.me\/en\/wp-json\/wp\/v2\/posts"}],"about":[{"href":"https:\/\/ralupo.me\/en\/wp-json\/wp\/v2\/types\/post"}],"author":[{"embeddable":true,"href":"https:\/\/ralupo.me\/en\/wp-json\/wp\/v2\/users\/1"}],"replies":[{"embeddable":true,"href":"https:\/\/ralupo.me\/en\/wp-json\/wp\/v2\/comments?post=3667"}],"version-history":[{"count":0,"href":"https:\/\/ralupo.me\/en\/wp-json\/wp\/v2\/posts\/3667\/revisions"}],"wp:featuredmedia":[{"embeddable":true,"href":"https:\/\/ralupo.me\/en\/wp-json\/wp\/v2\/media\/3694"}],"wp:attachment":[{"href":"https:\/\/ralupo.me\/en\/wp-json\/wp\/v2\/media?parent=3667"}],"wp:term":[{"taxonomy":"category","embeddable":true,"href":"https:\/\/ralupo.me\/en\/wp-json\/wp\/v2\/categories?post=3667"},{"taxonomy":"post_tag","embeddable":true,"href":"https:\/\/ralupo.me\/en\/wp-json\/wp\/v2\/tags?post=3667"}],"curies":[{"name":"wp","href":"https:\/\/api.w.org\/{rel}","templated":true}]}}