{"id":3578,"date":"2022-02-27T10:13:07","date_gmt":"2022-02-27T09:13:07","guid":{"rendered":"https:\/\/ralupo.me\/?p=3578&#038;preview=true&#038;preview_id=3578"},"modified":"2022-06-10T22:52:14","modified_gmt":"2022-06-10T20:52:14","slug":"zukunft-und-die-sicherheit-der-ukraine-und-europa-sind-in-gefahr","status":"publish","type":"post","link":"https:\/\/ralupo.me\/en\/archive\/3578","title":{"rendered":"\u201eNicht reagieren, sondern agieren!\u201c"},"content":{"rendered":"<span class=\"span-reading-time rt-reading-time\" style=\"display: block;\"><span class=\"rt-label rt-prefix\">Lesedauer<\/span> <span class=\"rt-time\"> 2<\/span> <span class=\"rt-label rt-postfix\">Minuten<\/span><\/span><p><\/p>\n\n\n<h4 class=\"eplus-wrapper wp-block-heading\"><strong>Die Zukunft und die Sicherheit der Ukraine und Europa sind in  Gefahr &#8211; nicht reagieren, sondern agieren! Offener Appell der Dachverband der ukrainischen Organisationen, Der Zentralrat der Litauischen Gemeinschaft in Deutschland e.V.<\/strong>, <strong>der Georgische Verein in Deutschland e.V. appellieren an die deutsche Bundesregierung:<\/strong><\/h4>\n\n\n\n<p class=\"eplus-wrapper wp-block-paragraph\">\ufffcSehr geehrter Herr Bundespr\u00e4sident,<br>Sehr geehrter Herr Bundeskanzler,<br>Sehr geehrte Frau Pr\u00e4sidentin des Deutschen Bundestages,<br>Sehr geehrte Vizepr\u00e4sidentinnen und Vizepr\u00e4sidenten des Deutschen Bundestages,<br>Sehr geehrte Bundesministern,<br>Sehr geehrte Fraktionsvorsitzenden,<\/p>\n\n\n\n<p class=\"eplus-wrapper wp-block-paragraph\">wir \u2013 der Zentralrat der Litauischen Gemeinschaft in Deutschland e.V., der Georgische Verein in Deutschland e.V. und der Dachverband der Ukrainischen Organisationen in Deutschland e.V. \u2013 verurteilen entschieden die aggressiven Handlungen der Russischen F\u00f6deration, die am 24.02.2022 der Ukraine einen offenen Krieg erkl\u00e4rt hat.<\/p>\n\n\n\n<p class=\"eplus-wrapper wp-block-paragraph\">Die Zukunft und die Sicherheit der Ukraine, aber auch von ganz Europa sind in Gefahr. Die Grundwerte von Freiheit, Demokratie, der Menschenrechte und die Achtung internationaler Abkommen m\u00fcssen vehement verteidigt werden.<\/p>\n\n\n\n<p class=\"eplus-wrapper wp-block-paragraph\">Wir verurteilen diesen eklatanten Bruch des V\u00f6lkerrechts und die Verletzung aller internationalen Normen durch den Kreml auf das Sch\u00e4rfste.<\/p>\n\n\n\n<p class=\"eplus-wrapper wp-block-paragraph\">Die russischen Streitkr\u00e4fte beschie\u00dfen friedliche St\u00e4dte, bringen Tod und Leid in die Ukraine und somit auch auf den europ\u00e4ischen Kontinent mit der Absicht, die Ukraine zu unterwerfen und ein neues russisches Imperium zu errichten.&nbsp; Diese kriminelle Invasion und die fortgesetzte Bombardierung der Ukraine ist ein Angriff nicht nur auf die Freiheit der Ukraine, sondern auch auf die Demokratie und Freiheit in Europa und auf die westliche, wertebasierte Weltordnung. Sie ist au\u00dferdem ein Angriff auf das Recht eines freien souver\u00e4nen und unabh\u00e4ngigen europ\u00e4ischen Volkes, seine Zukunft zu w\u00e4hlen.<\/p>\n\n\n\n<p class=\"eplus-wrapper wp-block-paragraph\">Die ukrainischen Fahnen auf unterschiedlichen bundesweit wichtigen Geb\u00e4uden k\u00f6nnen den Aggressor leider nicht aufhalten. Wir sehen, dass die heutige Politik der deutschen Regierung zur Unterst\u00fctzung der ukrainischen B\u00fcrgergesellschaft nicht ausreichend ist. Die Ukraine braucht Ihre sofortige, entschiedene und wirksame Handlung um den Krieg zu stoppen und tausende Leben zu retten.<\/p>\n\n\n\n<p class=\"eplus-wrapper wp-block-paragraph\">Immer \u00f6fter h\u00f6rt man in den Medien, dass sich Deutschland prim\u00e4r darauf fokussiert, Fl\u00fcchtlinge aufzunehmen. Es kann aber nicht ausschlie\u00dflich darum gehen, sich auf Fl\u00fcchtlingswellen vorzubereiten, vielmehr muss das M\u00f6glichste getan werden, um Freiheit, Souver\u00e4nit\u00e4t und die territoriale Integrit\u00e4t der Ukraine zu sch\u00fctzen und damit den europ\u00e4ischen Frieden und die Stabilit\u00e4t zu garantieren.<\/p>\n\n\n\n<p class=\"eplus-wrapper wp-block-paragraph\">Die Ukraine verteidigt sich mit allen zur Verf\u00fcgung stehenden Mitteln und leistet erbitterten Widerstand. Daher fordern wir:<\/p>\n\n\n\n<ul class=\"eplus-wrapper wp-block-list\"><li><strong>Die sofortige Einrichtung einer Flugverbotszone \u00fcber der Ukraine, damit die russischen Kampfjets neutralisiert werden;<\/strong><\/li><li><strong>Die sofortige Lieferung der notwendigen Verteidigungswaffen und milit\u00e4rischer Ausr\u00fcstung.<\/strong><\/li><\/ul>\n\n\n\n<p class=\"eplus-wrapper wp-block-paragraph\">Au\u00dferdem fordern wir die deutsche Bundesregierung auf harte Sanktionen einzuleiten:<\/p>\n\n\n\n<ul class=\"eplus-wrapper wp-block-list\"><li><strong>Ausschluss der Russischen F\u00f6deration aus dem SWIFT-System;<\/strong><\/li><li><strong>Sperrung von Verm\u00f6genswerten, Einf\u00fchrung von Reiseverboten, die sofortige Abschiebung der Kreml-Oligarchen, Beamten und deren Familienangeh\u00f6rigen aus der EU.<\/strong><\/li><\/ul>\n\n\n\n<p class=\"eplus-wrapper wp-block-paragraph\">Das Ziel des russischen Angriffskriegs liegt offen \u2013 die Vernichtung der Staatlichkeit der Ukraine und damit verbunden die Beseitigung der aktiven Zivilgesellschaft, die f\u00fcr eine freie und demokratische Ukraine steht. Im Falle der Okkupation der Ukraine, ist damit zu rechnen, dass Gruppen von Personen isoliert und ermordet werden und eine ethnische S\u00e4uberung \u2013 ein tats\u00e4chlicher Genozid am ukrainischen Volk &#8211; (welches Putin in seiner Rede als \u201enicht-existierendes\u201c Volk bezeichnet) stattfindet. Massive Verfolgung, Verhaftung und Hinrichtung der ukrainischen Eliten sind keine abstrakten Gedankenspiele.<\/p>\n\n\n\n<p class=\"eplus-wrapper wp-block-paragraph\">Die Zeit f\u00fcr zur\u00fcckhaltendes Taktieren und Toleranz ist vorbei. Deutschland und die Bundesregierung k\u00f6nnen sich ihrer Verantwortung f\u00fcr die Konsequenzen des russischen Angriffskrieges nicht entziehen. Die Folgen Ihres Z\u00f6gerns und der Unterlassung von Hilfeleistung werden Sie mit ihrem Gewissen verantworten m\u00fcssen.<\/p>\n\n\n\n<p class=\"eplus-wrapper wp-block-paragraph\"><strong>Es muss sichergestellt werden, dass das ukrainische Volk ihre Freiheit und die demokratische Zukunft weiterentwickeln kann.<\/strong><\/p>\n\n\n\n<p class=\"eplus-wrapper wp-block-paragraph\"><strong>Handeln Sie verantwortungsvoll! <\/strong><\/p>\n\n\n\n<p class=\"eplus-wrapper wp-block-paragraph\"><strong>Handeln Sie jetzt!<\/strong><\/p>\n\n\n\n<p class=\"eplus-wrapper wp-block-paragraph\"><em>Der Zentralrat der Litauischen Gemeinschaft in Deutschland e.V.<\/em><\/p>\n\n\n\n<p class=\"eplus-wrapper wp-block-paragraph\"><em>Der Georgische Verein in Deutschland e.V.<\/em><\/p>\n\n\n\n<p class=\"eplus-wrapper wp-block-paragraph\"><em>Der Dachverband der Ukrainischen Organisationen in Deutschland e.V.<\/em><\/p>\n\n\n<p><\/p>","protected":false},"excerpt":{"rendered":"<p>Die Zukunft und die Sicherheit der Ukraine und Europa sind in Gefahr &#8211; nicht reagieren, sondern agieren! Offener Appell der Dachverband der ukrainischen Organisationen, Der Zentralrat der Litauischen Gemeinschaft in [&hellip;]<\/p>\n","protected":false},"author":1,"featured_media":3577,"comment_status":"open","ping_status":"open","sticky":false,"template":"","format":"standard","meta":{"_crdt_document":"","advanced_seo_description":"","jetpack_seo_html_title":"","jetpack_seo_noindex":false,"_EventAllDay":false,"_EventTimezone":"","_EventStartDate":"","_EventEndDate":"","_EventStartDateUTC":"","_EventEndDateUTC":"","_EventShowMap":false,"_EventShowMapLink":false,"_EventURL":"","_EventCost":"","_EventCostDescription":"","_EventCurrencySymbol":"","_EventCurrencyCode":"","_EventCurrencyPosition":"","_EventDateTimeSeparator":"","_EventTimeRangeSeparator":"","_EventOrganizerID":[],"_EventVenueID":[],"_OrganizerEmail":"","_OrganizerPhone":"","_OrganizerWebsite":"","_VenueAddress":"","_VenueCity":"","_VenueCountry":"","_VenueProvince":"","_VenueState":"","_VenueZip":"","_VenuePhone":"","_VenueURL":"","_VenueStateProvince":"","_VenueLat":"","_VenueLng":"","_VenueShowMap":false,"_VenueShowMapLink":false,"jetpack_post_was_ever_published":false,"_jetpack_newsletter_access":"","_jetpack_dont_email_post_to_subs":false,"_jetpack_newsletter_tier_id":0,"_jetpack_memberships_contains_paywalled_content":false,"_jetpack_memberships_contains_paid_content":false,"footnotes":""},"categories":[692,368],"tags":[625,622,624,25],"class_list":["post-3578","post","type-post","status-publish","format-standard","has-post-thumbnail","hentry","category-ukraine","category-aufgelesen","tag-angriff","tag-aussenpolitik","tag-bundeskanzler","tag-ukraine"],"jetpack_featured_media_url":"https:\/\/i0.wp.com\/ralupo.me\/wp-content\/uploads\/2022\/02\/img_5060_jpg-scaled.jpg?fit=2560%2C1920&ssl=1","jetpack_sharing_enabled":true,"jetpack-related-posts":[{"id":10160,"url":"https:\/\/ralupo.me\/en\/archive\/10160","url_meta":{"origin":3578,"position":0},"title":"Presseank\u00fcndigung: Zerschossener ukrainischer Rettungswagen vor dem Bundestag in Berlin","author":"Lupo","date":"21. June 2023","format":false,"excerpt":"[:de]Am Mittwoch, dem 5.7.2023 besichtigt die Pr\u00e4sidentin des Deutschen Bundestages, B\u00e4rbel Bas MdB, einen von russischen Truppen zerschossenen ukrainischen Rettungswagen. Zu der Aktion haben sich auch zahlreiche Mitglieder des Deutschen Bundestags, darunter Michael Roth (SPD) und Florian Hahn (CSU) angek\u00fcndigt, die diese Aktion unterst\u00fctzen.[:]","rel":"","context":"In &quot;Europa&quot;","block_context":{"text":"Europa","link":"https:\/\/ralupo.me\/en\/archive\/category\/europa"},"img":{"alt_text":"","src":"https:\/\/i0.wp.com\/ralupo.me\/wp-content\/uploads\/2023\/05\/IMG_7861-scaled.jpeg?fit=1200%2C900&ssl=1&resize=350%2C200","width":350,"height":200,"srcset":"https:\/\/i0.wp.com\/ralupo.me\/wp-content\/uploads\/2023\/05\/IMG_7861-scaled.jpeg?fit=1200%2C900&ssl=1&resize=350%2C200 1x, https:\/\/i0.wp.com\/ralupo.me\/wp-content\/uploads\/2023\/05\/IMG_7861-scaled.jpeg?fit=1200%2C900&ssl=1&resize=525%2C300 1.5x, https:\/\/i0.wp.com\/ralupo.me\/wp-content\/uploads\/2023\/05\/IMG_7861-scaled.jpeg?fit=1200%2C900&ssl=1&resize=700%2C400 2x, https:\/\/i0.wp.com\/ralupo.me\/wp-content\/uploads\/2023\/05\/IMG_7861-scaled.jpeg?fit=1200%2C900&ssl=1&resize=1050%2C600 3x"},"classes":[]},{"id":10914,"url":"https:\/\/ralupo.me\/en\/archive\/10914","url_meta":{"origin":3578,"position":1},"title":"Es ist nicht mehr viel Zeit &#8211; Dringlicher Appell an Olaf Scholz","author":"Lupo","date":"8. December 2023","format":false,"excerpt":"[:de]Ein breites B\u00fcndnis von Privatpersonen aus Politik, Wirtschaft, Wissenschaft und deutsch-ukrainischen Aktivistengruppen hat sich im Vorfeld des SPD-Bundesparteitages mit einem dringlichen Appell im Berliner Tagesspiegel an Bundeskanzler Olaf Scholz gewandt. Der SPD-Bundesparteitag findet an diesem Wochenende in Berlin statt.[:]","rel":"","context":"In &quot;Europa&quot;","block_context":{"text":"Europa","link":"https:\/\/ralupo.me\/en\/archive\/category\/europa"},"img":{"alt_text":"","src":"https:\/\/i0.wp.com\/ralupo.me\/wp-content\/uploads\/2023\/10\/IMG_4387_jpg-1-scaled.jpeg?fit=1200%2C900&ssl=1&resize=350%2C200","width":350,"height":200,"srcset":"https:\/\/i0.wp.com\/ralupo.me\/wp-content\/uploads\/2023\/10\/IMG_4387_jpg-1-scaled.jpeg?fit=1200%2C900&ssl=1&resize=350%2C200 1x, https:\/\/i0.wp.com\/ralupo.me\/wp-content\/uploads\/2023\/10\/IMG_4387_jpg-1-scaled.jpeg?fit=1200%2C900&ssl=1&resize=525%2C300 1.5x, https:\/\/i0.wp.com\/ralupo.me\/wp-content\/uploads\/2023\/10\/IMG_4387_jpg-1-scaled.jpeg?fit=1200%2C900&ssl=1&resize=700%2C400 2x, https:\/\/i0.wp.com\/ralupo.me\/wp-content\/uploads\/2023\/10\/IMG_4387_jpg-1-scaled.jpeg?fit=1200%2C900&ssl=1&resize=1050%2C600 3x"},"classes":[]},{"id":13257,"url":"https:\/\/ralupo.me\/en\/archive\/13257","url_meta":{"origin":3578,"position":2},"title":"Taurus-Lieferung f\u00fcr die Ukraine wieder Thema im Bundestag","author":"Lupo","date":"17. January 2024","format":false,"excerpt":"[:de] Der Fraktionsvorsitzender der CDU\/CSU-Fraktion im Bundestag, Friedrich Merz, kritisiert die Weigerung des Bundeskanzlers, die Ukraine mit Marschflugk\u00f6rpern vom Typ Taurus zu beliefern. Die Lage der Ukraine verschlechtere sich zunehmend. Ihre Armee k\u00e4mpfe ohne Aussicht, die russischen Truppen zur\u00fcckzudr\u00e4ngen, sagte Merz. Die Taurus-Raketen k\u00f6nnten einen Beitrag dazu leisten, die Ukraine\u2026","rel":"","context":"In &quot;Politik&quot;","block_context":{"text":"Politik","link":"https:\/\/ralupo.me\/en\/archive\/category\/politik"},"img":{"alt_text":"","src":"https:\/\/i0.wp.com\/ralupo.me\/wp-content\/uploads\/2024\/01\/IMG_8173-scaled.jpeg?fit=1200%2C900&ssl=1&resize=350%2C200","width":350,"height":200,"srcset":"https:\/\/i0.wp.com\/ralupo.me\/wp-content\/uploads\/2024\/01\/IMG_8173-scaled.jpeg?fit=1200%2C900&ssl=1&resize=350%2C200 1x, https:\/\/i0.wp.com\/ralupo.me\/wp-content\/uploads\/2024\/01\/IMG_8173-scaled.jpeg?fit=1200%2C900&ssl=1&resize=525%2C300 1.5x, https:\/\/i0.wp.com\/ralupo.me\/wp-content\/uploads\/2024\/01\/IMG_8173-scaled.jpeg?fit=1200%2C900&ssl=1&resize=700%2C400 2x, https:\/\/i0.wp.com\/ralupo.me\/wp-content\/uploads\/2024\/01\/IMG_8173-scaled.jpeg?fit=1200%2C900&ssl=1&resize=1050%2C600 3x"},"classes":[]},{"id":14596,"url":"https:\/\/ralupo.me\/en\/archive\/14596","url_meta":{"origin":3578,"position":3},"title":"Bundestagskandidaten sprechen in Stuttgart \u00fcber Ukraine-Hilfe","author":"Lupo","date":"26. January 2025","format":false,"excerpt":"[:de] Die Initiative \"Ukraine-Demo in Stuttgart\" hatte am Samstag Mittag die Bundestagskandidaten der demokratischen Parteien zu ihrer Kundgebung auf den Stuttgarter Schlossplatz eingeladen, damit sie die Programme ihrer Parteien f\u00fcr die kommende Bundestagswahl vorstellen. Einhellig wurde von allen die Notwendigkeit betont, der Ukraine in ihrem Verteidigungskampf zu helfen. Mehrere hundert\u2026","rel":"","context":"In &quot;Politik&quot;","block_context":{"text":"Politik","link":"https:\/\/ralupo.me\/en\/archive\/category\/politik"},"img":{"alt_text":"","src":"https:\/\/i0.wp.com\/ralupo.me\/wp-content\/uploads\/2025\/01\/IMG_8836_jpg-scaled.jpeg?fit=1200%2C900&ssl=1&resize=350%2C200","width":350,"height":200,"srcset":"https:\/\/i0.wp.com\/ralupo.me\/wp-content\/uploads\/2025\/01\/IMG_8836_jpg-scaled.jpeg?fit=1200%2C900&ssl=1&resize=350%2C200 1x, https:\/\/i0.wp.com\/ralupo.me\/wp-content\/uploads\/2025\/01\/IMG_8836_jpg-scaled.jpeg?fit=1200%2C900&ssl=1&resize=525%2C300 1.5x, https:\/\/i0.wp.com\/ralupo.me\/wp-content\/uploads\/2025\/01\/IMG_8836_jpg-scaled.jpeg?fit=1200%2C900&ssl=1&resize=700%2C400 2x, https:\/\/i0.wp.com\/ralupo.me\/wp-content\/uploads\/2025\/01\/IMG_8836_jpg-scaled.jpeg?fit=1200%2C900&ssl=1&resize=1050%2C600 3x"},"classes":[]},{"id":5482,"url":"https:\/\/ralupo.me\/en\/archive\/5482","url_meta":{"origin":3578,"position":4},"title":"Deutsche spenden \u00fcber 631 Millionen EUR f\u00fcr die Ukraine","author":"Lupo","date":"13. June 2022","format":false,"excerpt":"[:de] Seit Beginn des russischen Angriffskrieges auf die Ukraine haben die Bundesb\u00fcrger mehr als 631 Millionen Euro f\u00fcr die Ukraine gespendet.\u00a0Dies ergab eine Umfrage des Deutschen Zentralinstituts f\u00fcr soziale Fragen (DZI) mit Antworten von 67 Hilfswerken und B\u00fcndnissen. Hinzu kommt weiterhin auch eine gro\u00dfe Hilfsbereitschaft, die sich in vielf\u00e4ltigem ehrenamtlichem\u2026","rel":"","context":"In &quot;Ukraine&quot;","block_context":{"text":"Ukraine","link":"https:\/\/ralupo.me\/en\/archive\/category\/ukraine"},"img":{"alt_text":"","src":"https:\/\/i0.wp.com\/ralupo.me\/wp-content\/uploads\/2022\/06\/7BD73E9F-1082-41F4-BE3B-9CD729896FB6-scaled.jpeg?fit=1200%2C900&ssl=1&resize=350%2C200","width":350,"height":200,"srcset":"https:\/\/i0.wp.com\/ralupo.me\/wp-content\/uploads\/2022\/06\/7BD73E9F-1082-41F4-BE3B-9CD729896FB6-scaled.jpeg?fit=1200%2C900&ssl=1&resize=350%2C200 1x, https:\/\/i0.wp.com\/ralupo.me\/wp-content\/uploads\/2022\/06\/7BD73E9F-1082-41F4-BE3B-9CD729896FB6-scaled.jpeg?fit=1200%2C900&ssl=1&resize=525%2C300 1.5x, https:\/\/i0.wp.com\/ralupo.me\/wp-content\/uploads\/2022\/06\/7BD73E9F-1082-41F4-BE3B-9CD729896FB6-scaled.jpeg?fit=1200%2C900&ssl=1&resize=700%2C400 2x, https:\/\/i0.wp.com\/ralupo.me\/wp-content\/uploads\/2022\/06\/7BD73E9F-1082-41F4-BE3B-9CD729896FB6-scaled.jpeg?fit=1200%2C900&ssl=1&resize=1050%2C600 3x"},"classes":[]},{"id":9497,"url":"https:\/\/ralupo.me\/en\/archive\/9497","url_meta":{"origin":3578,"position":5},"title":"Unionsfraktion fordert Bundesregierung zu Leopard-Lieferung auf","author":"Lupo","date":"19. January 2023","format":false,"excerpt":"[:de]Mit gro\u00dfem Opfermut, bewundernswertem Durchhaltewillen und gro\u00dfem milit\u00e4rischen Geschick ist es der Ukraine gelungen, die russischen Angriffe abzuwehren und in Teilen zur\u00fcck- zuschlagen und den russischen Angreifern horrende Verluste beizubringen. Die Ukraine ist bis heute unbesiegt und hat eine reelle Chance, ihren und damit den europ\u00e4ischen Freiheitskampf zu gewinnen. Doch\u2026","rel":"","context":"In &quot;Politik&quot;","block_context":{"text":"Politik","link":"https:\/\/ralupo.me\/en\/archive\/category\/politik"},"img":{"alt_text":"","src":"https:\/\/i0.wp.com\/ralupo.me\/wp-content\/uploads\/2023\/01\/43A82EB4-14C6-412D-A29F-4F98B33CAC71.jpeg?fit=1200%2C900&ssl=1&resize=350%2C200","width":350,"height":200,"srcset":"https:\/\/i0.wp.com\/ralupo.me\/wp-content\/uploads\/2023\/01\/43A82EB4-14C6-412D-A29F-4F98B33CAC71.jpeg?fit=1200%2C900&ssl=1&resize=350%2C200 1x, https:\/\/i0.wp.com\/ralupo.me\/wp-content\/uploads\/2023\/01\/43A82EB4-14C6-412D-A29F-4F98B33CAC71.jpeg?fit=1200%2C900&ssl=1&resize=525%2C300 1.5x, https:\/\/i0.wp.com\/ralupo.me\/wp-content\/uploads\/2023\/01\/43A82EB4-14C6-412D-A29F-4F98B33CAC71.jpeg?fit=1200%2C900&ssl=1&resize=700%2C400 2x, https:\/\/i0.wp.com\/ralupo.me\/wp-content\/uploads\/2023\/01\/43A82EB4-14C6-412D-A29F-4F98B33CAC71.jpeg?fit=1200%2C900&ssl=1&resize=1050%2C600 3x"},"classes":[]}],"jetpack_shortlink":"https:\/\/wp.me\/pcanHs-VI","_links":{"self":[{"href":"https:\/\/ralupo.me\/en\/wp-json\/wp\/v2\/posts\/3578","targetHints":{"allow":["GET"]}}],"collection":[{"href":"https:\/\/ralupo.me\/en\/wp-json\/wp\/v2\/posts"}],"about":[{"href":"https:\/\/ralupo.me\/en\/wp-json\/wp\/v2\/types\/post"}],"author":[{"embeddable":true,"href":"https:\/\/ralupo.me\/en\/wp-json\/wp\/v2\/users\/1"}],"replies":[{"embeddable":true,"href":"https:\/\/ralupo.me\/en\/wp-json\/wp\/v2\/comments?post=3578"}],"version-history":[{"count":0,"href":"https:\/\/ralupo.me\/en\/wp-json\/wp\/v2\/posts\/3578\/revisions"}],"wp:featuredmedia":[{"embeddable":true,"href":"https:\/\/ralupo.me\/en\/wp-json\/wp\/v2\/media\/3577"}],"wp:attachment":[{"href":"https:\/\/ralupo.me\/en\/wp-json\/wp\/v2\/media?parent=3578"}],"wp:term":[{"taxonomy":"category","embeddable":true,"href":"https:\/\/ralupo.me\/en\/wp-json\/wp\/v2\/categories?post=3578"},{"taxonomy":"post_tag","embeddable":true,"href":"https:\/\/ralupo.me\/en\/wp-json\/wp\/v2\/tags?post=3578"}],"curies":[{"name":"wp","href":"https:\/\/api.w.org\/{rel}","templated":true}]}}