{"id":3511,"date":"2022-02-21T19:36:54","date_gmt":"2022-02-21T18:36:54","guid":{"rendered":"https:\/\/ralupo.me\/?p=3511"},"modified":"2022-04-24T20:49:09","modified_gmt":"2022-04-24T18:49:09","slug":"streng-nach-drehbuch","status":"publish","type":"post","link":"https:\/\/ralupo.me\/en\/archive\/3511","title":{"rendered":"Streng nach Drehbuch"},"content":{"rendered":"<span class=\"span-reading-time rt-reading-time\" style=\"display: block;\"><span class=\"rt-label rt-prefix\">Lesedauer<\/span> <span class=\"rt-time\"> 2<\/span> <span class=\"rt-label rt-postfix\">Minuten<\/span><\/span><\/p>\n\n\n<p class=\"wp-block-paragraph\">Es kommt, wie es kommen mu\u00df. Russland erkennt die &#8220;Volksrepubliken&#8221; im ukrainischen Donbas als souver\u00e4ne Staaten an. Es kommt dem sicher &#8220;notgedrungen&#8221; nach, nachdem der Konflikt dort in den letzten Tagen &#8220;eskaliert&#8221; ist. Wahrscheinlich werden sich jetzt russische Truppen auf den Weg machen und ihre Kollegen, die dort schon mehr oder weniger offiziell k\u00e4mpfeb, unterst\u00fctzen. Es ist das selbe Szenario, das sich schon in Georgien abgespielt hat. <\/p>\n\n\n\n<p class=\"wp-block-paragraph\">Die Feuerwehr l\u00f6scht jetzt den Brand, den sie selbst gelegt hat. Und keiner kann sagen, dass das unerwartet kommt.<\/p>\n\n\n\n<p class=\"wp-block-paragraph\">Jetzt wird es noch darum gehen, in welchen Grenzen Russland den Donbas anerkennt, wahrscheinlich wird es auch die ukrainische Stadt Mariupol treffen, die von Russland &#8220;befreit&#8221; wird.<\/p>\n\n\n\n<p class=\"wp-block-paragraph\">Die Rede Putins am heutigen Abend kann auch niemand \u00fcberrascht haben. Denn Putin hat seine Sicht der Dinge \u00fcber die Ukraine schon im <a rel=\"noreferrer noopener\" href=\"https:\/\/zeitschrift-osteuropa.de\/hefte\/2021\/7\/ueber-die-historische-einheit-der-russen-und-der-ukrainer\/\" target=\"_blank\">letzten Sommer online<\/a> gestellt. Die Zeitschrift Osteuropa hat es sogar \u00fcbersetzt. Offenbar hat es in Berlin niemand gelesen.<\/p>\n\n\n\n<p class=\"wp-block-paragraph\">Insbesondere die deutsche Russlandspolitik steht vor einem Desaster. Es ist eine Blamage f\u00fcr Olaf Scholz und die ganze SPD. Das gebetsm\u00fchlenartig wiederholte Mantra nach Wandel durch Dialog ist ad absurdum gef\u00fchrt worden. Appeasement war und ist der falsche Weg im Umgang mit dem Kreml. Putin hatte nie vor zu verhandeln, sondern hat seinen Plan eiskalt durchgezogen. Und eines ist auch klar: Es ging nie um einen NATO Beitritt der Ukraine.<\/p>\n\n\n\n<p class=\"wp-block-paragraph\">Den Ukrainern wird man jetzt erz\u00e4hlen, dass es am Ende ja doch nicht so schlimm gekommen ist, wie bef\u00fcrchtet. Die Gebiete waren ja eh schon &#8220;verloren&#8221;. <\/p>\n\n\n\n<p class=\"wp-block-paragraph\">Wenn der Westen sich nicht vollends l\u00e4cherlich machen will, dann m\u00fcssen jetzt ernste Sanktionen verh\u00e4ngt werden. Allen voran das Aus f\u00fcr Nordsteam2. Denn mit solchen Leuten wie im Kreml, kann man in Europa keine Gesch\u00e4fte machen, wenn man unsere &#8220;Werte&#8221; noch halbwegs Ernst nimmt.<\/p>\n\n\n\n<p class=\"wp-block-paragraph\">Und Belarus? Das hat sich der Kreml auch so ganz nebenbei einverleibt. Drehbuch f\u00fcr Teil 2 folgt.<\/p>\n\n\n<p>","protected":false},"excerpt":{"rendered":"<p>Es kommt, wie es kommen mu\u00df. Russland erkennt die &#8220;Volksrepubliken&#8221; im ukrainischen Donbas als souver\u00e4ne Staaten an. Es kommt dem sicher &#8220;notgedrungen&#8221; nach, nachdem der Konflikt dort in den letzten [&hellip;]<\/p>\n","protected":false},"author":1,"featured_media":3516,"comment_status":"open","ping_status":"open","sticky":false,"template":"","format":"standard","meta":{"_crdt_document":"","advanced_seo_description":"","jetpack_seo_html_title":"","jetpack_seo_noindex":false,"_EventAllDay":false,"_EventTimezone":"","_EventStartDate":"","_EventEndDate":"","_EventStartDateUTC":"","_EventEndDateUTC":"","_EventShowMap":false,"_EventShowMapLink":false,"_EventURL":"","_EventCost":"","_EventCostDescription":"","_EventCurrencySymbol":"","_EventCurrencyCode":"","_EventCurrencyPosition":"","_EventDateTimeSeparator":"","_EventTimeRangeSeparator":"","_EventOrganizerID":[],"_EventVenueID":[],"_OrganizerEmail":"","_OrganizerPhone":"","_OrganizerWebsite":"","_VenueAddress":"","_VenueCity":"","_VenueCountry":"","_VenueProvince":"","_VenueState":"","_VenueZip":"","_VenuePhone":"","_VenueURL":"","_VenueStateProvince":"","_VenueLat":"","_VenueLng":"","_VenueShowMap":false,"_VenueShowMapLink":false,"jetpack_post_was_ever_published":false,"_jetpack_newsletter_access":"","_jetpack_dont_email_post_to_subs":false,"_jetpack_newsletter_tier_id":0,"_jetpack_memberships_contains_paywalled_content":false,"_jetpack_memberships_contains_paid_content":false,"footnotes":""},"categories":[693,692],"tags":[315,333,25],"class_list":["post-3511","post","type-post","status-publish","format-standard","has-post-thumbnail","hentry","category-politik","category-ukraine","tag-politik","tag-russland","tag-ukraine"],"jetpack_featured_media_url":"https:\/\/i0.wp.com\/ralupo.me\/wp-content\/uploads\/2022\/02\/B6ED8946-A9A0-4BCA-8922-320EC49CA284-scaled.jpeg?fit=2560%2C1920&ssl=1","jetpack_sharing_enabled":true,"jetpack-related-posts":[{"id":3413,"url":"https:\/\/ralupo.me\/en\/archive\/3413","url_meta":{"origin":3511,"position":0},"title":"Die Dinge beim Namen nennen","author":"Lupo","date":"18. February 2022","format":false,"excerpt":"[:en] Die deutsche Au\u00dfenministerin Annalena Baerbock (Gr\u00fcne) hat auf der M\u00fcnchner Sicherheitskonferenz, die an diesem Freitag begonnen hat, den russischen Aufmarsch als \"inakzeptable Drohung\" bezeichnet. Sie betonte zugleich, dass der Truppenaufmarsch nicht nur eine Drohung gegen\u00fcber der Ukraine sei, sondern auch uns alle bedrohe. Diese Krise ist deswegen keine Ukrainekrise.\u2026","rel":"","context":"In &quot;Politik&quot;","block_context":{"text":"Politik","link":"https:\/\/ralupo.me\/en\/archive\/category\/politik"},"img":{"alt_text":"","src":"https:\/\/i0.wp.com\/ralupo.me\/wp-content\/uploads\/2022\/02\/img_6689.jpg?fit=1200%2C900&ssl=1&resize=350%2C200","width":350,"height":200,"srcset":"https:\/\/i0.wp.com\/ralupo.me\/wp-content\/uploads\/2022\/02\/img_6689.jpg?fit=1200%2C900&ssl=1&resize=350%2C200 1x, https:\/\/i0.wp.com\/ralupo.me\/wp-content\/uploads\/2022\/02\/img_6689.jpg?fit=1200%2C900&ssl=1&resize=525%2C300 1.5x, https:\/\/i0.wp.com\/ralupo.me\/wp-content\/uploads\/2022\/02\/img_6689.jpg?fit=1200%2C900&ssl=1&resize=700%2C400 2x, https:\/\/i0.wp.com\/ralupo.me\/wp-content\/uploads\/2022\/02\/img_6689.jpg?fit=1200%2C900&ssl=1&resize=1050%2C600 3x"},"classes":[]},{"id":3222,"url":"https:\/\/ralupo.me\/en\/archive\/3222","url_meta":{"origin":3511,"position":1},"title":"Stegner erkl\u00e4rt die Welt","author":"Lupo","date":"4. February 2022","format":false,"excerpt":"Das Elend der SPD in der Russland-Krise hat Ralf Stegner auf seinem Twitter-Account vor aller Augen aufgef\u00fchrt. Das linke SPD-Urgestein, das die SPD in Schleswig-Holstein mehrfach an den Rande des Erfolgs gef\u00fchrt hat, ist f\u00fcr den Wahlkreis Pinneberg in den Bundestag eingezogen und hat in letzter Zeit mit irritierenden Tweets\u2026","rel":"","context":"In &quot;Eastbound&quot;","block_context":{"text":"Eastbound","link":"https:\/\/ralupo.me\/en\/archive\/category\/eastbound"},"img":{"alt_text":"","src":"https:\/\/i0.wp.com\/ralupo.me\/wp-content\/uploads\/2020\/07\/img_5576.jpg?fit=1200%2C900&ssl=1&resize=350%2C200","width":350,"height":200,"srcset":"https:\/\/i0.wp.com\/ralupo.me\/wp-content\/uploads\/2020\/07\/img_5576.jpg?fit=1200%2C900&ssl=1&resize=350%2C200 1x, https:\/\/i0.wp.com\/ralupo.me\/wp-content\/uploads\/2020\/07\/img_5576.jpg?fit=1200%2C900&ssl=1&resize=525%2C300 1.5x, https:\/\/i0.wp.com\/ralupo.me\/wp-content\/uploads\/2020\/07\/img_5576.jpg?fit=1200%2C900&ssl=1&resize=700%2C400 2x, https:\/\/i0.wp.com\/ralupo.me\/wp-content\/uploads\/2020\/07\/img_5576.jpg?fit=1200%2C900&ssl=1&resize=1050%2C600 3x"},"classes":[]},{"id":3294,"url":"https:\/\/ralupo.me\/en\/archive\/3294","url_meta":{"origin":3511,"position":2},"title":"Jederzeit","author":"Lupo","date":"12. February 2022","format":false,"excerpt":"[:de] Nun also auch Deutschland: Die Bundesregierung reagiert und hat eine Reisewarnung f\u00fcr die Ukraine ausgesprochen. Das Botschaftspersonal wird reduziert, Familienangeh\u00f6rige nach Hause geschickt, das Konsulat in Dnipro wird geschlossen und nach Lviv verlegt. Die Botschaft in Kyiv soll weiterhin ge\u00f6ffnet bleiben. Erstmal. Bundesb\u00fcrger sollen sich in die Krisenreaktionsliste eintragen.\u2026","rel":"","context":"In &quot;Ukraine&quot;","block_context":{"text":"Ukraine","link":"https:\/\/ralupo.me\/en\/archive\/category\/ukraine"},"img":{"alt_text":"","src":"https:\/\/i0.wp.com\/ralupo.me\/wp-content\/uploads\/2021\/12\/img_2915-scaled.jpg?fit=1200%2C900&ssl=1&resize=350%2C200","width":350,"height":200,"srcset":"https:\/\/i0.wp.com\/ralupo.me\/wp-content\/uploads\/2021\/12\/img_2915-scaled.jpg?fit=1200%2C900&ssl=1&resize=350%2C200 1x, https:\/\/i0.wp.com\/ralupo.me\/wp-content\/uploads\/2021\/12\/img_2915-scaled.jpg?fit=1200%2C900&ssl=1&resize=525%2C300 1.5x, https:\/\/i0.wp.com\/ralupo.me\/wp-content\/uploads\/2021\/12\/img_2915-scaled.jpg?fit=1200%2C900&ssl=1&resize=700%2C400 2x, https:\/\/i0.wp.com\/ralupo.me\/wp-content\/uploads\/2021\/12\/img_2915-scaled.jpg?fit=1200%2C900&ssl=1&resize=1050%2C600 3x"},"classes":[]},{"id":10291,"url":"https:\/\/ralupo.me\/en\/archive\/10291","url_meta":{"origin":3511,"position":3},"title":"Ukraine in NATO: \u201eDeutschland und die Verb\u00fcndeten der Ukraine d\u00fcrfen den Fehler von 2008 nicht wiederholen\u201c","author":"Lupo","date":"10. July 2023","format":false,"excerpt":"[:de]Deutschland und andere Verb\u00fcndete der Ukraine d\u00fcrfen den Fehler von 2008 nicht wiederholen. Fehlende Zusicherung einer NATO-Mitgliedschaft f\u00fcr die Ukraine mit einem klaren Aktionsplan ist eine Einladung an Russland, seinen Krieg gegen die Ukraine fortzusetzen und die Ukraine zu zerst\u00f6ren.[:]","rel":"","context":"In &quot;Europa&quot;","block_context":{"text":"Europa","link":"https:\/\/ralupo.me\/en\/archive\/category\/europa"},"img":{"alt_text":"","src":"https:\/\/i0.wp.com\/ralupo.me\/wp-content\/uploads\/2023\/02\/IMG_5676.jpg?fit=1200%2C900&ssl=1&resize=350%2C200","width":350,"height":200,"srcset":"https:\/\/i0.wp.com\/ralupo.me\/wp-content\/uploads\/2023\/02\/IMG_5676.jpg?fit=1200%2C900&ssl=1&resize=350%2C200 1x, https:\/\/i0.wp.com\/ralupo.me\/wp-content\/uploads\/2023\/02\/IMG_5676.jpg?fit=1200%2C900&ssl=1&resize=525%2C300 1.5x, https:\/\/i0.wp.com\/ralupo.me\/wp-content\/uploads\/2023\/02\/IMG_5676.jpg?fit=1200%2C900&ssl=1&resize=700%2C400 2x, https:\/\/i0.wp.com\/ralupo.me\/wp-content\/uploads\/2023\/02\/IMG_5676.jpg?fit=1200%2C900&ssl=1&resize=1050%2C600 3x"},"classes":[]},{"id":3948,"url":"https:\/\/ralupo.me\/en\/archive\/3948","url_meta":{"origin":3511,"position":4},"title":"Neue T\u00f6ne aus Kasachstan","author":"Lupo","date":"6. April 2022","format":false,"excerpt":"[:de] Gleich zu Beginn des Jahres 2022 geriet die ehemalige Sowjet-Republik Kasachstan in die internationalen Schlagzeilen, als sich der Unmut \u00fcber die wirtschaftliche und politische Lage Bann brach und es landesweit zu Aufst\u00e4nden und Unruhen kam. Dramatische Bilder gab es insbesondere aus der ehemaligen Hauptstadt Almaty, mehrere Regierungsgeb\u00e4ude gingen in\u2026","rel":"","context":"In &quot;Politik&quot;","block_context":{"text":"Politik","link":"https:\/\/ralupo.me\/en\/archive\/category\/politik"},"img":{"alt_text":"","src":"https:\/\/i0.wp.com\/ralupo.me\/wp-content\/uploads\/2020\/08\/img_2282.jpg?fit=1200%2C726&ssl=1&resize=350%2C200","width":350,"height":200,"srcset":"https:\/\/i0.wp.com\/ralupo.me\/wp-content\/uploads\/2020\/08\/img_2282.jpg?fit=1200%2C726&ssl=1&resize=350%2C200 1x, https:\/\/i0.wp.com\/ralupo.me\/wp-content\/uploads\/2020\/08\/img_2282.jpg?fit=1200%2C726&ssl=1&resize=525%2C300 1.5x, https:\/\/i0.wp.com\/ralupo.me\/wp-content\/uploads\/2020\/08\/img_2282.jpg?fit=1200%2C726&ssl=1&resize=700%2C400 2x, https:\/\/i0.wp.com\/ralupo.me\/wp-content\/uploads\/2020\/08\/img_2282.jpg?fit=1200%2C726&ssl=1&resize=1050%2C600 3x"},"classes":[]},{"id":14893,"url":"https:\/\/ralupo.me\/en\/archive\/14893","url_meta":{"origin":3511,"position":5},"title":"Keine Zeit f\u00fcr Russlandromantik","author":"Lupo","date":"18. May 2025","format":false,"excerpt":"[:de] In einem, wie ich finde, bemerkenswerten Beitrag warnt Anna Schiller im Newsletter \"Der andere Blick\" f\u00fcr die NZZ vor einem Wiedererstarken deutscher Russlandromantik. Einerseits hat Kanzler Friedrich Merz gleich zu Beginn seiner Amtszeit die klare au\u00dfenpolitische Botschaft gesendet, dass Deutschland fest an der Seite der Ukraine steht \u2013 politisch,\u2026","rel":"","context":"In &quot;Politik&quot;","block_context":{"text":"Politik","link":"https:\/\/ralupo.me\/en\/archive\/category\/politik"},"img":{"alt_text":"","src":"https:\/\/i0.wp.com\/ralupo.me\/wp-content\/uploads\/2025\/05\/IMG_2759-scaled.jpg?fit=1200%2C900&ssl=1&resize=350%2C200","width":350,"height":200,"srcset":"https:\/\/i0.wp.com\/ralupo.me\/wp-content\/uploads\/2025\/05\/IMG_2759-scaled.jpg?fit=1200%2C900&ssl=1&resize=350%2C200 1x, https:\/\/i0.wp.com\/ralupo.me\/wp-content\/uploads\/2025\/05\/IMG_2759-scaled.jpg?fit=1200%2C900&ssl=1&resize=525%2C300 1.5x, https:\/\/i0.wp.com\/ralupo.me\/wp-content\/uploads\/2025\/05\/IMG_2759-scaled.jpg?fit=1200%2C900&ssl=1&resize=700%2C400 2x, https:\/\/i0.wp.com\/ralupo.me\/wp-content\/uploads\/2025\/05\/IMG_2759-scaled.jpg?fit=1200%2C900&ssl=1&resize=1050%2C600 3x"},"classes":[]}],"jetpack_shortlink":"https:\/\/wp.me\/pcanHs-UD","_links":{"self":[{"href":"https:\/\/ralupo.me\/en\/wp-json\/wp\/v2\/posts\/3511","targetHints":{"allow":["GET"]}}],"collection":[{"href":"https:\/\/ralupo.me\/en\/wp-json\/wp\/v2\/posts"}],"about":[{"href":"https:\/\/ralupo.me\/en\/wp-json\/wp\/v2\/types\/post"}],"author":[{"embeddable":true,"href":"https:\/\/ralupo.me\/en\/wp-json\/wp\/v2\/users\/1"}],"replies":[{"embeddable":true,"href":"https:\/\/ralupo.me\/en\/wp-json\/wp\/v2\/comments?post=3511"}],"version-history":[{"count":0,"href":"https:\/\/ralupo.me\/en\/wp-json\/wp\/v2\/posts\/3511\/revisions"}],"wp:featuredmedia":[{"embeddable":true,"href":"https:\/\/ralupo.me\/en\/wp-json\/wp\/v2\/media\/3516"}],"wp:attachment":[{"href":"https:\/\/ralupo.me\/en\/wp-json\/wp\/v2\/media?parent=3511"}],"wp:term":[{"taxonomy":"category","embeddable":true,"href":"https:\/\/ralupo.me\/en\/wp-json\/wp\/v2\/categories?post=3511"},{"taxonomy":"post_tag","embeddable":true,"href":"https:\/\/ralupo.me\/en\/wp-json\/wp\/v2\/tags?post=3511"}],"curies":[{"name":"wp","href":"https:\/\/api.w.org\/{rel}","templated":true}]}}