{"id":3405,"date":"2022-02-18T09:59:15","date_gmt":"2022-02-18T08:59:15","guid":{"rendered":"https:\/\/ralupo.me\/?p=3405"},"modified":"2022-02-19T02:09:47","modified_gmt":"2022-02-19T01:09:47","slug":"grossbritannien-polen-und-ukraine-vereinbaren-trilaterle-zusammenarbeit","status":"publish","type":"post","link":"https:\/\/ralupo.me\/en\/archive\/3405","title":{"rendered":"Gro\u00dfbritannien, Polen und Ukraine vereinbaren engere trilaterale Zusammenarbeit"},"content":{"rendered":"<span class=\"span-reading-time rt-reading-time\" style=\"display: block;\"><span class=\"rt-label rt-prefix\">Lesedauer<\/span> <span class=\"rt-time\"> &lt; 1<\/span> <span class=\"rt-label rt-postfix\">Minute<\/span><\/span><\/p>\n\n\n<h4 class=\"wp-block-heading\" id=\"gemeinsame-erklarung-der-aussenminister-von-polen-der-ukraine-und-grossbritannien-vom-17-02-2022-im-wortlaut\">Gemeinsame Erkl\u00e4rung der Au\u00dfenminister von Polen, der Ukraine und Gro\u00dfbritannien vom 17.02.2022 im Wortlaut.<\/h4>\n\n\n\n<p class=\"wp-block-paragraph\">Polen, die Ukraine und das Vereinigte K\u00f6nigreich haben tiefe historische Bindungen, die auf gemeinsamen Werten, einem gemeinsamen Engagement f\u00fcr Frieden und Sicherheit und einer gemeinsamen Geschichte des Zusammenstehens gegen Aggressoren, die die Freiheit in Europa bedrohen, beruhen.<\/p>\n\n\n\n<p class=\"wp-block-paragraph\">Wir bekr\u00e4ftigen, dass es jedem europ\u00e4ischen Staat freisteht, seine Sicherheitsvereinbarungen, einschlie\u00dflich B\u00fcndnisvertr\u00e4gen, zu w\u00e4hlen oder zu \u00e4ndern, und dass kein Staat einen Teil Europas als seinen Einflussbereich betrachten kann.<\/p>\n\n\n\n<p class=\"wp-block-paragraph\">Unsere drei Nationen werden ihre gemeinsame Arbeit zur Sicherung der Stabilit\u00e4t und zum Aufbau von Widerstandsf\u00e4higkeit in der Ukraine intensivieren und die Demokratie an der Grenze in Osteuropa st\u00e4rken.<\/p>\n\n\n\n<p class=\"wp-block-paragraph\">Zu diesem Zweck haben wir heute vereinbart, ein trilaterales Memorandum \u00fcber die Zusammenarbeit auszuarbeiten. Dieses Memorandum wird unser Engagement f\u00fcr eine weitere Verst\u00e4rkung der strategischen Zusammenarbeit und des Engagements unserer drei Nationen in Fragen von h\u00f6chster Priorit\u00e4t zur Unterst\u00fctzung der Ukraine zum Ausdruck bringen.<\/p>\n\n\n\n<p class=\"wp-block-paragraph\">Wir werden zusammenarbeiten, um unsere Kooperation voranzutreiben, wozu unter anderem die Koordinierung der Unterst\u00fctzung f\u00fcr die Internationale Krim-Plattform, die Intensivierung unserer Zusammenarbeit in den Bereichen Cybersicherheit und Energiesicherheit sowie die Verst\u00e4rkung der strategischen Kommunikation zur Bek\u00e4mpfung von Desinformation geh\u00f6ren.<\/p>\n\n\n\n<p class=\"wp-block-paragraph\">Polen und das Vereinigte K\u00f6nigreich werden die Ukraine weiterhin unterst\u00fctzen, indem sie angesichts der anhaltenden russischen Aggression geschlossen an der Seite der Ukraine stehen und sich voll und ganz verpflichten, der ukrainischen Nation bei ihren Bem\u00fchungen um die Verteidigung der Souver\u00e4nit\u00e4t, Unabh\u00e4ngigkeit und territorialen Integrit\u00e4t der Ukraine innerhalb ihrer international anerkannten Grenzen beizustehen.<\/p>\n\n\n\n<p class=\"wp-block-paragraph\"><a href=\"https:\/\/www.gov.pl\/web\/diplomacy\/joint-statement-by-the-secretary-of-state-for-foreign-commonwealth-and-development-affairs-of-the-united-kingdom-of-great-britain-and-northern-ireland-minister-of-foreign-affairs-of-poland-and-minister-for-foreign-affairs-of-ukraine\">Quelle<\/a><\/p>\n\n\n<p><\/p>\n<p>","protected":false},"excerpt":{"rendered":"<p>Gemeinsame Erkl\u00e4rung der Au\u00dfenminister von Polen, der Ukraine und Gro\u00dfbritannien vom 17.02.2022 im Wortlaut. Polen, die Ukraine und das Vereinigte K\u00f6nigreich haben tiefe historische Bindungen, die auf gemeinsamen Werten, einem [&hellip;]<\/p>\n","protected":false},"author":1,"featured_media":3404,"comment_status":"open","ping_status":"open","sticky":false,"template":"","format":"standard","meta":{"_crdt_document":"","advanced_seo_description":"","jetpack_seo_html_title":"","jetpack_seo_noindex":false,"_EventAllDay":false,"_EventTimezone":"","_EventStartDate":"","_EventEndDate":"","_EventStartDateUTC":"","_EventEndDateUTC":"","_EventShowMap":false,"_EventShowMapLink":false,"_EventURL":"","_EventCost":"","_EventCostDescription":"","_EventCurrencySymbol":"","_EventCurrencyCode":"","_EventCurrencyPosition":"","_EventDateTimeSeparator":"","_EventTimeRangeSeparator":"","_EventOrganizerID":[],"_EventVenueID":[],"_OrganizerEmail":"","_OrganizerPhone":"","_OrganizerWebsite":"","_VenueAddress":"","_VenueCity":"","_VenueCountry":"","_VenueProvince":"","_VenueState":"","_VenueZip":"","_VenuePhone":"","_VenueURL":"","_VenueStateProvince":"","_VenueLat":"","_VenueLng":"","_VenueShowMap":false,"_VenueShowMapLink":false,"jetpack_post_was_ever_published":false,"_jetpack_newsletter_access":"","_jetpack_dont_email_post_to_subs":false,"_jetpack_newsletter_tier_id":0,"_jetpack_memberships_contains_paywalled_content":false,"_jetpack_memberships_contains_paid_content":false,"footnotes":""},"categories":[12],"tags":[620,473,315,25],"class_list":["post-3405","post","type-post","status-publish","format-standard","has-post-thumbnail","hentry","category-teilnehmende-beobachtung","tag-grossbritannien","tag-polen","tag-politik","tag-ukraine"],"jetpack_featured_media_url":"https:\/\/i0.wp.com\/ralupo.me\/wp-content\/uploads\/2022\/02\/img_2590-scaled.jpg?fit=2560%2C1920&ssl=1","jetpack_sharing_enabled":true,"jetpack-related-posts":[{"id":3251,"url":"https:\/\/ralupo.me\/en\/archive\/3251","url_meta":{"origin":3405,"position":0},"title":"Berliner Erkl\u00e4rung des &#8220;Weimarer Dreieck&#8221;","author":"Lupo","date":"9. February 2022","format":false,"excerpt":"[:de] Am 08. Februar haben sich in Berlin der Pr\u00e4sident Frankreichs, Emmanuel Macron, der Pr\u00e4sident Polens Andrzej Duda und der Bundeskanzler der Bundesrepublik, Olaf Scholz, im Format des \"Weimarer Dreiecks\" getroffen. Thema des Treffens war die russische Bedrohung der Ukraine. Das \"Weimarer Dreieck\" wurde am 28. August 1991 von den\u2026","rel":"","context":"In &quot;Aufgelesen&quot;","block_context":{"text":"Aufgelesen","link":"https:\/\/ralupo.me\/en\/archive\/category\/aufgelesen"},"img":{"alt_text":"","src":"https:\/\/i0.wp.com\/ralupo.me\/wp-content\/uploads\/2022\/02\/312308E5-0F74-4C17-92CE-7FE30FFCE306-scaled.jpeg?fit=1200%2C900&ssl=1&resize=350%2C200","width":350,"height":200,"srcset":"https:\/\/i0.wp.com\/ralupo.me\/wp-content\/uploads\/2022\/02\/312308E5-0F74-4C17-92CE-7FE30FFCE306-scaled.jpeg?fit=1200%2C900&ssl=1&resize=350%2C200 1x, https:\/\/i0.wp.com\/ralupo.me\/wp-content\/uploads\/2022\/02\/312308E5-0F74-4C17-92CE-7FE30FFCE306-scaled.jpeg?fit=1200%2C900&ssl=1&resize=525%2C300 1.5x, https:\/\/i0.wp.com\/ralupo.me\/wp-content\/uploads\/2022\/02\/312308E5-0F74-4C17-92CE-7FE30FFCE306-scaled.jpeg?fit=1200%2C900&ssl=1&resize=700%2C400 2x, https:\/\/i0.wp.com\/ralupo.me\/wp-content\/uploads\/2022\/02\/312308E5-0F74-4C17-92CE-7FE30FFCE306-scaled.jpeg?fit=1200%2C900&ssl=1&resize=1050%2C600 3x"},"classes":[]},{"id":15133,"url":"https:\/\/ralupo.me\/en\/archive\/15133","url_meta":{"origin":3405,"position":1},"title":"Polnische Freiwilligenaktion in Lwiw zum Tag des Friedens: &#8220;Danke sagen&#8221;","author":"Lupo","date":"21. September 2025","format":false,"excerpt":"[:de] Am \"Tag des Friedens\" reisten mehrere Freiwillige aus Polen nach Lwiw in die Ukraine, um den ukrainischen Soldaten f\u00fcr ihren Dienst zu danken. Gemeinsam mit ukrainischen Helferinnen verteilten sie Blumen an verwundete Soldaten in der westukrainischen Stadt. Ein junger Soldat mit mehreren Amputationen konnte die Geste nicht annehmen, doch\u2026","rel":"","context":"In &quot;Europa&quot;","block_context":{"text":"Europa","link":"https:\/\/ralupo.me\/en\/archive\/category\/europa"},"img":{"alt_text":"","src":"https:\/\/i0.wp.com\/ralupo.me\/wp-content\/uploads\/2025\/09\/signal-2025-09-21-122430_007.jpeg?fit=1200%2C900&ssl=1&resize=350%2C200","width":350,"height":200,"srcset":"https:\/\/i0.wp.com\/ralupo.me\/wp-content\/uploads\/2025\/09\/signal-2025-09-21-122430_007.jpeg?fit=1200%2C900&ssl=1&resize=350%2C200 1x, https:\/\/i0.wp.com\/ralupo.me\/wp-content\/uploads\/2025\/09\/signal-2025-09-21-122430_007.jpeg?fit=1200%2C900&ssl=1&resize=525%2C300 1.5x, https:\/\/i0.wp.com\/ralupo.me\/wp-content\/uploads\/2025\/09\/signal-2025-09-21-122430_007.jpeg?fit=1200%2C900&ssl=1&resize=700%2C400 2x, https:\/\/i0.wp.com\/ralupo.me\/wp-content\/uploads\/2025\/09\/signal-2025-09-21-122430_007.jpeg?fit=1200%2C900&ssl=1&resize=1050%2C600 3x"},"classes":[]},{"id":3476,"url":"https:\/\/ralupo.me\/en\/archive\/3476","url_meta":{"origin":3405,"position":2},"title":"Europaweiter Tag der Solidarit\u00e4t","author":"Lupo","date":"19. February 2022","format":false,"excerpt":"[:de] Im Angesicht eines eskalierenden Konflikts und m\u00f6glicherweise bevorstehenden Krieges fand am Samstag europaweit in zahlreichen Innenst\u00e4dten ein \"Tag der Solidarit\u00e4t mit der Ukraine\" statt. In Deutschland gab es unter anderem in Hamburg, Berlin, D\u00fcsseldorf, K\u00f6ln, Frankfurt, Mainz, Heidelberg, M\u00fcnchen, Leipzig und Chemnitz Kundgebungen, auch in Frankreich, Gro\u00dfbritannien, den Niederlanden\u2026","rel":"","context":"In &quot;Ukraine&quot;","block_context":{"text":"Ukraine","link":"https:\/\/ralupo.me\/en\/archive\/category\/ukraine"},"img":{"alt_text":"","src":"https:\/\/i0.wp.com\/ralupo.me\/wp-content\/uploads\/2022\/02\/img_4739-scaled.jpg?fit=1200%2C900&ssl=1&resize=350%2C200","width":350,"height":200,"srcset":"https:\/\/i0.wp.com\/ralupo.me\/wp-content\/uploads\/2022\/02\/img_4739-scaled.jpg?fit=1200%2C900&ssl=1&resize=350%2C200 1x, https:\/\/i0.wp.com\/ralupo.me\/wp-content\/uploads\/2022\/02\/img_4739-scaled.jpg?fit=1200%2C900&ssl=1&resize=525%2C300 1.5x, https:\/\/i0.wp.com\/ralupo.me\/wp-content\/uploads\/2022\/02\/img_4739-scaled.jpg?fit=1200%2C900&ssl=1&resize=700%2C400 2x, https:\/\/i0.wp.com\/ralupo.me\/wp-content\/uploads\/2022\/02\/img_4739-scaled.jpg?fit=1200%2C900&ssl=1&resize=1050%2C600 3x"},"classes":[]},{"id":9925,"url":"https:\/\/ralupo.me\/en\/archive\/9925","url_meta":{"origin":3405,"position":3},"title":"Gemeinsame Erkl\u00e4rung der Ukraine und Deutschlands","author":"Lupo","date":"15. May 2023","format":false,"excerpt":"[:de]Kein Land w\u00fcnscht sich Frieden sehnlicher als die Ukraine. Deutschland unterst\u00fctzt die Initiative der Ukraine f\u00fcr einen gerechten und dauerhaften Frieden im Einklang mit der VN-Charta auf der Grundlage der Souver\u00e4nit\u00e4t und territorialen Unversehrtheit der Ukraine, wie in Pr\u00e4sident Selenskys Friedensformel dargelegt, die Ausgangspunkt f\u00fcr weitere Beratungen ist. Deutschland steht\u2026","rel":"","context":"In &quot;Europa&quot;","block_context":{"text":"Europa","link":"https:\/\/ralupo.me\/en\/archive\/category\/europa"},"img":{"alt_text":"","src":"https:\/\/i0.wp.com\/ralupo.me\/wp-content\/uploads\/2022\/05\/692B2457-1920-4CCA-AFA6-D58A4547C43D-scaled.jpeg?fit=1200%2C900&ssl=1&resize=350%2C200","width":350,"height":200,"srcset":"https:\/\/i0.wp.com\/ralupo.me\/wp-content\/uploads\/2022\/05\/692B2457-1920-4CCA-AFA6-D58A4547C43D-scaled.jpeg?fit=1200%2C900&ssl=1&resize=350%2C200 1x, https:\/\/i0.wp.com\/ralupo.me\/wp-content\/uploads\/2022\/05\/692B2457-1920-4CCA-AFA6-D58A4547C43D-scaled.jpeg?fit=1200%2C900&ssl=1&resize=525%2C300 1.5x, https:\/\/i0.wp.com\/ralupo.me\/wp-content\/uploads\/2022\/05\/692B2457-1920-4CCA-AFA6-D58A4547C43D-scaled.jpeg?fit=1200%2C900&ssl=1&resize=700%2C400 2x, https:\/\/i0.wp.com\/ralupo.me\/wp-content\/uploads\/2022\/05\/692B2457-1920-4CCA-AFA6-D58A4547C43D-scaled.jpeg?fit=1200%2C900&ssl=1&resize=1050%2C600 3x"},"classes":[]},{"id":10810,"url":"https:\/\/ralupo.me\/en\/archive\/10810","url_meta":{"origin":3405,"position":4},"title":"&#8220;Vom Trauma einen unabh\u00e4ngigen Staat zu haben und ihn nicht zu haben&#8221;","author":"Lupo","date":"5. November 2023","format":false,"excerpt":"[:de]Ob man die durchgehende Psychopathologisierung gro\u00dfer Teile des europ\u00e4ischen Kontinents nun f\u00fcr \u00fcberzeugend h\u00e4lt oder nicht, werfen die Autoren mit ihrem Essay und dem Konzept der \u201ePosttraumatischen Souver\u00e4nit\u00e4t\u201c jedoch ein dringlich notwendiges Licht auf das Befinden unserer osteurop\u00e4ischen Nachbarn, deren Stimme in den vergangenen drei\u00dfig Jahren viel zu oft nicht\u2026","rel":"","context":"In &quot;Politik&quot;","block_context":{"text":"Politik","link":"https:\/\/ralupo.me\/en\/archive\/category\/politik"},"img":{"alt_text":"","src":"https:\/\/i0.wp.com\/ralupo.me\/wp-content\/uploads\/2023\/11\/IMG_3624-scaled.jpg?resize=350%2C200&ssl=1","width":350,"height":200,"srcset":"https:\/\/i0.wp.com\/ralupo.me\/wp-content\/uploads\/2023\/11\/IMG_3624-scaled.jpg?resize=350%2C200&ssl=1 1x, https:\/\/i0.wp.com\/ralupo.me\/wp-content\/uploads\/2023\/11\/IMG_3624-scaled.jpg?resize=525%2C300&ssl=1 1.5x, https:\/\/i0.wp.com\/ralupo.me\/wp-content\/uploads\/2023\/11\/IMG_3624-scaled.jpg?resize=700%2C400&ssl=1 2x, https:\/\/i0.wp.com\/ralupo.me\/wp-content\/uploads\/2023\/11\/IMG_3624-scaled.jpg?resize=1050%2C600&ssl=1 3x, https:\/\/i0.wp.com\/ralupo.me\/wp-content\/uploads\/2023\/11\/IMG_3624-scaled.jpg?resize=1400%2C800&ssl=1 4x"},"classes":[]},{"id":14688,"url":"https:\/\/ralupo.me\/en\/archive\/14688","url_meta":{"origin":3405,"position":5},"title":"Wahlaufruf der Deutsch-Ukrainischen Gesellschaft zur Bundestagswahl 2025","author":"Lupo","date":"21. February 2025","format":false,"excerpt":"[:de] Berlin, 21. Februar 2025 \u2013 Zwei Tage vor den Bundestagswahlen und drei Tage vor dem dritten Jahrestag der russischen Vollinvasion der Ukraine steht Europa an einem sicherheitspolitischen Wendepunkt. Die US-Administration f\u00fchrt direkte Verhandlungen mit Russland \u2013 \u00fcber die K\u00f6pfe der Ukrainer:innen und Europ\u00e4er:innen hinweg \u2013, w\u00e4hrend die russischen Kriegsziele\u2026","rel":"","context":"In &quot;Politik&quot;","block_context":{"text":"Politik","link":"https:\/\/ralupo.me\/en\/archive\/category\/politik"},"img":{"alt_text":"","src":"https:\/\/i0.wp.com\/ralupo.me\/wp-content\/uploads\/2025\/02\/IMG_9460-scaled.jpeg?fit=1200%2C900&ssl=1&resize=350%2C200","width":350,"height":200,"srcset":"https:\/\/i0.wp.com\/ralupo.me\/wp-content\/uploads\/2025\/02\/IMG_9460-scaled.jpeg?fit=1200%2C900&ssl=1&resize=350%2C200 1x, https:\/\/i0.wp.com\/ralupo.me\/wp-content\/uploads\/2025\/02\/IMG_9460-scaled.jpeg?fit=1200%2C900&ssl=1&resize=525%2C300 1.5x, https:\/\/i0.wp.com\/ralupo.me\/wp-content\/uploads\/2025\/02\/IMG_9460-scaled.jpeg?fit=1200%2C900&ssl=1&resize=700%2C400 2x, https:\/\/i0.wp.com\/ralupo.me\/wp-content\/uploads\/2025\/02\/IMG_9460-scaled.jpeg?fit=1200%2C900&ssl=1&resize=1050%2C600 3x"},"classes":[]}],"jetpack_shortlink":"https:\/\/wp.me\/pcanHs-SV","_links":{"self":[{"href":"https:\/\/ralupo.me\/en\/wp-json\/wp\/v2\/posts\/3405","targetHints":{"allow":["GET"]}}],"collection":[{"href":"https:\/\/ralupo.me\/en\/wp-json\/wp\/v2\/posts"}],"about":[{"href":"https:\/\/ralupo.me\/en\/wp-json\/wp\/v2\/types\/post"}],"author":[{"embeddable":true,"href":"https:\/\/ralupo.me\/en\/wp-json\/wp\/v2\/users\/1"}],"replies":[{"embeddable":true,"href":"https:\/\/ralupo.me\/en\/wp-json\/wp\/v2\/comments?post=3405"}],"version-history":[{"count":0,"href":"https:\/\/ralupo.me\/en\/wp-json\/wp\/v2\/posts\/3405\/revisions"}],"wp:featuredmedia":[{"embeddable":true,"href":"https:\/\/ralupo.me\/en\/wp-json\/wp\/v2\/media\/3404"}],"wp:attachment":[{"href":"https:\/\/ralupo.me\/en\/wp-json\/wp\/v2\/media?parent=3405"}],"wp:term":[{"taxonomy":"category","embeddable":true,"href":"https:\/\/ralupo.me\/en\/wp-json\/wp\/v2\/categories?post=3405"},{"taxonomy":"post_tag","embeddable":true,"href":"https:\/\/ralupo.me\/en\/wp-json\/wp\/v2\/tags?post=3405"}],"curies":[{"name":"wp","href":"https:\/\/api.w.org\/{rel}","templated":true}]}}