{"id":3251,"date":"2022-02-09T17:14:23","date_gmt":"2022-02-09T16:14:23","guid":{"rendered":"https:\/\/ralupo.me\/?p=3251"},"modified":"2022-02-19T01:25:04","modified_gmt":"2022-02-19T00:25:04","slug":"berliner-erklaerung-des-weimarer-dreieck","status":"publish","type":"post","link":"https:\/\/ralupo.me\/en\/archive\/3251","title":{"rendered":"Berliner Erkl\u00e4rung des &#8220;Weimarer Dreieck&#8221;"},"content":{"rendered":"<span class=\"span-reading-time rt-reading-time\" style=\"display: block;\"><span class=\"rt-label rt-prefix\">Lesedauer<\/span> <span class=\"rt-time\"> 2<\/span> <span class=\"rt-label rt-postfix\">Minuten<\/span><\/span>\n<h5 class=\"eplus-wrapper wp-block-heading\" id=\"am-08-februar-haben-sich-in-berlin-der-prasident-frankreichs-emmanuel-macron-der-prasident-polens-andrzej-duda-und-der-bundeskanzler-der-bundesrepublik-olaf-scholz-im-format-des-weimarer-dreiecks-getroffen-thema-des-treffens-war-die-russische-bedrohung-der-ukraine-das-weimarer-dreieck-wurde-am-28-august-1991-von-den-damaligen-aussenministern-hans-dietrich-genscher-roland-dumas-und-krzysztof-skubiszewski-ins-leben-gerufen-bestreben-war-es-gemeinsame-grundinteressen-fur-die-zukunft-europas-zu-identifizieren-sowie-die-grenzuberschreitende-zusammenarbeit-auszubauen\">Am 08. Februar haben sich in Berlin der Pr\u00e4sident Frankreichs, Emmanuel Macron, der Pr\u00e4sident Polens Andrzej Duda und der Bundeskanzler der Bundesrepublik, Olaf Scholz, im Format des &#8220;Weimarer Dreiecks&#8221; getroffen. Thema des Treffens war die russische Bedrohung der Ukraine.  Das &#8220;Weimarer Dreieck&#8221; wurde am 28. August 1991 von den damaligen Au\u00dfenministern Hans-Dietrich Genscher \ud83c\udde9\ud83c\uddea, Roland Dumas \ud83c\uddeb\ud83c\uddf7 und Krzysztof Skubiszewski \ud83c\uddf5\ud83c\uddf1 ins Leben gerufen.Bestreben war es, gemeinsame Grundinteressen f\u00fcr die Zukunft Europas zu identifizieren sowie die grenz\u00fcberschreitende Zusammenarbeit auszubauen.<\/h5>\n\n\n<div class=\"vlp-link-container vlp-template-default wp-block-visual-link-preview-link\">\n\t<a href=\"https:\/\/www.cicero.de\/aussenpolitik\/ukraine-weimarer-dreieck-polen-russland\" class=\"vlp-link\" title=\"Ukraine-Konflikt - Weimarer Dreieck: Europa r\u00fcckt zusammen\" rel=\"nofollow\" target=\"_blank\"><\/a>\t\t<div class=\"vlp-link-image-container\">\n\t\t<div class=\"vlp-link-image\">\n\t\t\t<img data-recalc-dims=\"1\" decoding=\"async\" src=\"https:\/\/i0.wp.com\/www.cicero.de\/sites\/default\/files\/styles\/cc_980x550\/public\/2022-02\/273588586.jpg?ssl=1\" style=\"max-width: 150px; max-height: 150px\" \/>\t\t<\/div>\n\t<\/div>\n\t\t<div class=\"vlp-link-text-container\">\n\t\t\t\t<div class=\"vlp-link-title\">\n\t\t\tUkraine-Konflikt &#8211; Weimarer Dreieck: Europa r\u00fcckt zusammen\t\t<\/div>\n\t\t\t\t\t\t<div class=\"vlp-link-summary\">\n\t\t\tAm Dienstag trafen in Berlin im Rahmen des Weimarer Dreiecks Bundeskanzler Scholz, Frankreichs Pr\u00e4sident Macron und der polnische Pr\u00e4sident Duda zusammen. Gro\u00dfen Einfluss auf eine L\u00f6sung des Ukraine-Konflikts d\u00fcrfte das Treffen nicht haben. Doch es zeigt, dass die Europ\u00e4er trotz aller Differenzen in\u2026\t\t<\/div>\n\t\t\t<\/div>\n<\/div>\n\n\n\n<hr class=\"wp-block-separator eplus-wrapper\"\/>\n\n\n\n<p class=\"eplus-wrapper wp-block-paragraph\"><strong>Die Erkl\u00e4rung im Wortlaut<\/strong>:<\/p>\n\n\n\n<p class=\"eplus-wrapper wp-block-paragraph\">Der Pr\u00e4sident der Franz\u00f6sischen Republik, der Pr\u00e4sident der Republik Polen und der Bundeskanzler der Bundesrepublik Deutschland sind am 8.&nbsp;Februar 2022 in Berlin zusammengekommen.<\/p>\n\n\n\n<p class=\"eplus-wrapper wp-block-paragraph\">Die Staats- und Regierungschefs des Weimarer Dreiecks unterstrichen dabei ihr gemeinsames Engagement f\u00fcr die europ\u00e4ische und transatlantische Sicherheitsarchitektur. Sie betonten ihr Bekenntnis zu den Grunds\u00e4tzen, die in verschiedenen Dokumenten der Organisation f\u00fcr Sicherheit und Zusammenarbeit in Europa verankert sind.&nbsp;<\/p>\n\n\n\n<p class=\"eplus-wrapper wp-block-paragraph\">Die Staats- und Regierungschefs rufen Russland dazu auf, die Lage an der ukrainischen Grenze zu entsch\u00e4rfen und in einen substanziellen Dialog \u00fcber die Sicherheit auf dem europ\u00e4ischen Kontinent einzutreten. Sie unterstreichen, dass jede weitere milit\u00e4rische Aggression Russlands gegen die Ukraine massive Konsequenzen nach sich ziehen und einen hohen Preis haben wird.<\/p>\n\n\n\n<p class=\"eplus-wrapper wp-block-paragraph\">Frankreich, Polen und Deutschland erkl\u00e4ren ihre Bereitschaft, sich konstruktiv in substanzielle und ergebnisorientierte Gespr\u00e4che \u00fcber Sicherheitsfragen von beiderseitigem Interesse einzubringen. Die drei L\u00e4nder werden sich weiterhin auch gemeinsam mit EU-Partnern und NATO-Verb\u00fcndeten eng abstimmen, um den Frieden und die Stabilit\u00e4t im euro-atlantischen Raum zu gew\u00e4hrleisten.<\/p>\n\n\n\n<p class=\"eplus-wrapper wp-block-paragraph\">Im Einklang mit dem dualen Ansatz der Allianz stimmten die Staats- und Regierungschefs \u00fcberein, dass die Allianz ihre Verteidigungs- und Abschreckungsstrategie fortlaufend \u00fcberpr\u00fcfen muss, mit der Bereitschaft, diese soweit n\u00f6tig an eine weitere Verschlechterung der Sicherheitslage anzupassen, einschlie\u00dflich im Rahmen der NATO-Beistandsinitiative \u201eEnhanced Forward Presence\u201c.<\/p>\n\n\n\n<p class=\"eplus-wrapper wp-block-paragraph\">Die Staats- und Regierungschefs bekundeten ihre gro\u00dfe Sorge angesichts der Massierung russischer Streitkr\u00e4fte innerhalb und au\u00dferhalb der Ukraine; sie bekr\u00e4ftigten ihre Unterst\u00fctzung f\u00fcr die territoriale Unversehrtheit und Souver\u00e4nit\u00e4t der Ukraine und w\u00fcrdigten die fortgesetzte Zur\u00fcckhaltung und den diplomatischen Ansatz der Ukraine. Sie sprechen sich f\u00fcr diplomatische Bem\u00fchungen aus und unterst\u00fctzen das Normandie-Format bei der Erf\u00fcllung der Minsker Vereinbarungen.<\/p>\n\n\n\n<p class=\"eplus-wrapper wp-block-paragraph\">Die Mitglieder des \u201eWeimarer Dreiecks\u201c werden sich weiter gegen\u00fcber allen betroffenen Parteien daf\u00fcr einsetzen, die Sicherheit und Stabilit\u00e4t in der Region und die territoriale Integrit\u00e4t und Souver\u00e4nit\u00e4t der Ukraine aufrechtzuerhalten.<\/p>\n\n\n\n<p class=\"eplus-wrapper wp-block-paragraph\"><\/p>\n\n\n<div class=\"vlp-link-container vlp-template-default wp-block-visual-link-preview-link\">\n\t<a href=\"https:\/\/www.auswaertiges-amt.de\/de\/aussenpolitik\/europa\/zusammenarbeit-staaten\/weimarer-dreieck-node\" class=\"vlp-link\" title=\"\u2018Weimarer Dreieck\u2019: 30 Jahre grenz\u00fcberschreitende Zusammenarbeit zwischen Deutschland, Frankreich und Polen\" rel=\"nofollow\" target=\"_blank\"><\/a>\t\t<div class=\"vlp-link-image-container\">\n\t\t<div class=\"vlp-link-image\">\n\t\t\t<img data-recalc-dims=\"1\" decoding=\"async\" src=\"https:\/\/i0.wp.com\/www.auswaertiges-amt.de\/image\/242518\/16x9\/450\/253\/8b8822760d42ca34340dcd0306ab4422\/sS\/fahnenpol-f-d.jpg?ssl=1\" style=\"max-width: 150px; max-height: 150px\" \/>\t\t<\/div>\n\t<\/div>\n\t\t<div class=\"vlp-link-text-container\">\n\t\t\t\t<div class=\"vlp-link-title\">\n\t\t\t\u2018Weimarer Dreieck\u2019: 30 Jahre grenz\u00fcberschreitende Zusammenarbeit zwischen Deutschland, Frankreich und Polen\t\t<\/div>\n\t\t\t\t\t\t<div class=\"vlp-link-summary\">\n\t\t\tDas \u2019Weimarer Dreieck\u2019bietet Deutschland, Frankreich und Polen ein wichtiges Forum, um sich \u00fcber grenz\u00fcberschreitende und europapolitische Fragen abzustimmen. Neben den Regierungen arbeiten auch die Parlamente und Zivilgesellschaften eng zusammen.\t\t<\/div>\n\t\t\t<\/div>\n<\/div>\n","protected":false},"excerpt":{"rendered":"<p>Am 08. Februar haben sich in Berlin der Pr\u00e4sident Frankreichs, Emmanuel Macron, der Pr\u00e4sident Polens Andrzej Duda und der Bundeskanzler der Bundesrepublik, Olaf Scholz, im Format des &#8220;Weimarer Dreiecks&#8221; getroffen. [&hellip;]<\/p>\n","protected":false},"author":1,"featured_media":3466,"comment_status":"open","ping_status":"open","sticky":false,"template":"","format":"standard","meta":{"_crdt_document":"","advanced_seo_description":"","jetpack_seo_html_title":"","jetpack_seo_noindex":false,"_EventAllDay":false,"_EventTimezone":"","_EventStartDate":"","_EventEndDate":"","_EventStartDateUTC":"","_EventEndDateUTC":"","_EventShowMap":false,"_EventShowMapLink":false,"_EventURL":"","_EventCost":"","_EventCostDescription":"","_EventCurrencySymbol":"","_EventCurrencyCode":"","_EventCurrencyPosition":"","_EventDateTimeSeparator":"","_EventTimeRangeSeparator":"","_EventOrganizerID":[],"_EventVenueID":[],"_OrganizerEmail":"","_OrganizerPhone":"","_OrganizerWebsite":"","_VenueAddress":"","_VenueCity":"","_VenueCountry":"","_VenueProvince":"","_VenueState":"","_VenueZip":"","_VenuePhone":"","_VenueURL":"","_VenueStateProvince":"","_VenueLat":"","_VenueLng":"","_VenueShowMap":false,"_VenueShowMapLink":false,"jetpack_post_was_ever_published":false,"_jetpack_newsletter_access":"","_jetpack_dont_email_post_to_subs":false,"_jetpack_newsletter_tier_id":0,"_jetpack_memberships_contains_paywalled_content":false,"_jetpack_memberships_contains_paid_content":false,"footnotes":""},"categories":[368,12],"tags":[609,611,473,315,25,612],"class_list":["post-3251","post","type-post","status-publish","format-standard","has-post-thumbnail","hentry","category-aufgelesen","category-teilnehmende-beobachtung","tag-deutschland","tag-frankreich","tag-polen","tag-politik","tag-ukraine","tag-weimar"],"jetpack_featured_media_url":"https:\/\/i0.wp.com\/ralupo.me\/wp-content\/uploads\/2022\/02\/312308E5-0F74-4C17-92CE-7FE30FFCE306-scaled.jpeg?fit=2560%2C1920&ssl=1","jetpack_sharing_enabled":true,"jetpack-related-posts":[{"id":3445,"url":"https:\/\/ralupo.me\/en\/archive\/3445","url_meta":{"origin":3251,"position":0},"title":"Fortdauernde Solidarit\u00e4t und Unterst\u00fctzung f\u00fcr die Ukraine","author":"Lupo","date":"18. February 2022","format":false,"excerpt":"[:de][:]","rel":"","context":"In &quot;Ukraine&quot;","block_context":{"text":"Ukraine","link":"https:\/\/ralupo.me\/en\/archive\/category\/ukraine"},"img":{"alt_text":"","src":"https:\/\/i0.wp.com\/ralupo.me\/wp-content\/uploads\/2022\/02\/img_5858-1.jpg?fit=615%2C461&ssl=1&resize=350%2C200","width":350,"height":200,"srcset":"https:\/\/i0.wp.com\/ralupo.me\/wp-content\/uploads\/2022\/02\/img_5858-1.jpg?fit=615%2C461&ssl=1&resize=350%2C200 1x, https:\/\/i0.wp.com\/ralupo.me\/wp-content\/uploads\/2022\/02\/img_5858-1.jpg?fit=615%2C461&ssl=1&resize=525%2C300 1.5x"},"classes":[]},{"id":5507,"url":"https:\/\/ralupo.me\/en\/archive\/5507","url_meta":{"origin":3251,"position":1},"title":"Scholz: Deutschland unterst\u00fctzt EU-Kandidatenstatus f\u00fcr Ukraine und Moldau","author":"Lupo","date":"16. June 2022","format":false,"excerpt":"[:de] Die Bundesregierung ist daf\u00fcr, der Ukraine und der Republik Moldau den EU-Kandidatenstatus zuzusprechen. Das hat Bundeskanzler Olaf Scholz (SPD) anl\u00e4sslich seines lange erwarteten Besuchs in Kyiv erkl\u00e4rt. Schlolz war zusammen mit Frankreichs Pr\u00e4sident Macron, Italiens Premier Draghi und Rum\u00e4niens Pr\u00e4sident Johanis zu Gespr\u00e4chen mit dem ukrainischen Pr\u00e4sidenten Selenskij nach\u2026","rel":"","context":"In &quot;Europa&quot;","block_context":{"text":"Europa","link":"https:\/\/ralupo.me\/en\/archive\/category\/europa"},"img":{"alt_text":"","src":"https:\/\/i0.wp.com\/ralupo.me\/wp-content\/uploads\/2022\/06\/F875DE9E-7676-4356-914E-145352D59EA3-scaled.jpeg?fit=1200%2C900&ssl=1&resize=350%2C200","width":350,"height":200,"srcset":"https:\/\/i0.wp.com\/ralupo.me\/wp-content\/uploads\/2022\/06\/F875DE9E-7676-4356-914E-145352D59EA3-scaled.jpeg?fit=1200%2C900&ssl=1&resize=350%2C200 1x, https:\/\/i0.wp.com\/ralupo.me\/wp-content\/uploads\/2022\/06\/F875DE9E-7676-4356-914E-145352D59EA3-scaled.jpeg?fit=1200%2C900&ssl=1&resize=525%2C300 1.5x, https:\/\/i0.wp.com\/ralupo.me\/wp-content\/uploads\/2022\/06\/F875DE9E-7676-4356-914E-145352D59EA3-scaled.jpeg?fit=1200%2C900&ssl=1&resize=700%2C400 2x, https:\/\/i0.wp.com\/ralupo.me\/wp-content\/uploads\/2022\/06\/F875DE9E-7676-4356-914E-145352D59EA3-scaled.jpeg?fit=1200%2C900&ssl=1&resize=1050%2C600 3x"},"classes":[]},{"id":10914,"url":"https:\/\/ralupo.me\/en\/archive\/10914","url_meta":{"origin":3251,"position":2},"title":"Es ist nicht mehr viel Zeit &#8211; Dringlicher Appell an Olaf Scholz","author":"Lupo","date":"8. December 2023","format":false,"excerpt":"[:de]Ein breites B\u00fcndnis von Privatpersonen aus Politik, Wirtschaft, Wissenschaft und deutsch-ukrainischen Aktivistengruppen hat sich im Vorfeld des SPD-Bundesparteitages mit einem dringlichen Appell im Berliner Tagesspiegel an Bundeskanzler Olaf Scholz gewandt. Der SPD-Bundesparteitag findet an diesem Wochenende in Berlin statt.[:]","rel":"","context":"In &quot;Europa&quot;","block_context":{"text":"Europa","link":"https:\/\/ralupo.me\/en\/archive\/category\/europa"},"img":{"alt_text":"","src":"https:\/\/i0.wp.com\/ralupo.me\/wp-content\/uploads\/2023\/10\/IMG_4387_jpg-1-scaled.jpeg?fit=1200%2C900&ssl=1&resize=350%2C200","width":350,"height":200,"srcset":"https:\/\/i0.wp.com\/ralupo.me\/wp-content\/uploads\/2023\/10\/IMG_4387_jpg-1-scaled.jpeg?fit=1200%2C900&ssl=1&resize=350%2C200 1x, https:\/\/i0.wp.com\/ralupo.me\/wp-content\/uploads\/2023\/10\/IMG_4387_jpg-1-scaled.jpeg?fit=1200%2C900&ssl=1&resize=525%2C300 1.5x, https:\/\/i0.wp.com\/ralupo.me\/wp-content\/uploads\/2023\/10\/IMG_4387_jpg-1-scaled.jpeg?fit=1200%2C900&ssl=1&resize=700%2C400 2x, https:\/\/i0.wp.com\/ralupo.me\/wp-content\/uploads\/2023\/10\/IMG_4387_jpg-1-scaled.jpeg?fit=1200%2C900&ssl=1&resize=1050%2C600 3x"},"classes":[]},{"id":5274,"url":"https:\/\/ralupo.me\/en\/archive\/5274","url_meta":{"origin":3251,"position":3},"title":"Kandidatenstatus: EUkraine now!","author":"Lupo","date":"28. May 2022","format":false,"excerpt":"[:de] In vielen europ\u00e4ischen Hauptst\u00e4dten startete am Samstag die Kampagne #EUkraine now, mit der f\u00fcr einen EU-Kandidatenstatus f\u00fcr die Ukraine getrommelt werden soll. In Berlin versammelten sich am Vorabend einer angek\u00fcndigten Gro\u00dfdemonstration mehrere hundert Menschen vor dem Bundeskanzleramt im Berliner Regierungsviertel. Sie forderten, der Ukraine den Weg in die EU\u2026","rel":"","context":"In &quot;Politik&quot;","block_context":{"text":"Politik","link":"https:\/\/ralupo.me\/en\/archive\/category\/politik"},"img":{"alt_text":"","src":"https:\/\/i0.wp.com\/ralupo.me\/wp-content\/uploads\/2022\/05\/FA579241-DE15-4AE5-8D6F-A89D086CC450-scaled.jpeg?fit=1200%2C900&ssl=1&resize=350%2C200","width":350,"height":200,"srcset":"https:\/\/i0.wp.com\/ralupo.me\/wp-content\/uploads\/2022\/05\/FA579241-DE15-4AE5-8D6F-A89D086CC450-scaled.jpeg?fit=1200%2C900&ssl=1&resize=350%2C200 1x, https:\/\/i0.wp.com\/ralupo.me\/wp-content\/uploads\/2022\/05\/FA579241-DE15-4AE5-8D6F-A89D086CC450-scaled.jpeg?fit=1200%2C900&ssl=1&resize=525%2C300 1.5x, https:\/\/i0.wp.com\/ralupo.me\/wp-content\/uploads\/2022\/05\/FA579241-DE15-4AE5-8D6F-A89D086CC450-scaled.jpeg?fit=1200%2C900&ssl=1&resize=700%2C400 2x, https:\/\/i0.wp.com\/ralupo.me\/wp-content\/uploads\/2022\/05\/FA579241-DE15-4AE5-8D6F-A89D086CC450-scaled.jpeg?fit=1200%2C900&ssl=1&resize=1050%2C600 3x"},"classes":[]},{"id":3334,"url":"https:\/\/ralupo.me\/en\/archive\/3334","url_meta":{"origin":3251,"position":4},"title":"\u201eDanke f\u00fcr die Helme\u201c","author":"Lupo","date":"13. February 2022","format":false,"excerpt":"[:de] Auch an diesem Wochenende gab es wieder bundesweite Solidarit\u00e4tskundgebungen f\u00fcr die Ukraine. Angesichts des eskalierenden Konflikts und einer drohenden erneuten Invasion Russlands in das Land gingen unter anderem in K\u00f6ln, M\u00fcnchen und Berlin wieder Hunderte auf die Stra\u00dfe. In Berlin forderten Redner bei einer Kundgebung unter dem Motto \u201eDanke\u2026","rel":"","context":"In &quot;Veranstaltungen&quot;","block_context":{"text":"Veranstaltungen","link":"https:\/\/ralupo.me\/en\/archive\/category\/veranstaltungen"},"img":{"alt_text":"","src":"https:\/\/i0.wp.com\/ralupo.me\/wp-content\/uploads\/2022\/02\/6CDEBC24-E0E1-4091-9699-5F5F1B62E0E6-scaled.jpeg?fit=1200%2C900&ssl=1&resize=350%2C200","width":350,"height":200,"srcset":"https:\/\/i0.wp.com\/ralupo.me\/wp-content\/uploads\/2022\/02\/6CDEBC24-E0E1-4091-9699-5F5F1B62E0E6-scaled.jpeg?fit=1200%2C900&ssl=1&resize=350%2C200 1x, https:\/\/i0.wp.com\/ralupo.me\/wp-content\/uploads\/2022\/02\/6CDEBC24-E0E1-4091-9699-5F5F1B62E0E6-scaled.jpeg?fit=1200%2C900&ssl=1&resize=525%2C300 1.5x, https:\/\/i0.wp.com\/ralupo.me\/wp-content\/uploads\/2022\/02\/6CDEBC24-E0E1-4091-9699-5F5F1B62E0E6-scaled.jpeg?fit=1200%2C900&ssl=1&resize=700%2C400 2x, https:\/\/i0.wp.com\/ralupo.me\/wp-content\/uploads\/2022\/02\/6CDEBC24-E0E1-4091-9699-5F5F1B62E0E6-scaled.jpeg?fit=1200%2C900&ssl=1&resize=1050%2C600 3x"},"classes":[]},{"id":10822,"url":"https:\/\/ralupo.me\/en\/archive\/10822","url_meta":{"origin":3251,"position":5},"title":"Aufgelesen: Lupos Lesewoche &#8211; 46. KW","author":"Lupo","date":"12. November 2023","format":false,"excerpt":"[:de]Eine Zusammenfassung der lesenswerten Beitr\u00e4ge f\u00fcr die 46. Kalenderwoche. Meine Auswahl.[:]","rel":"","context":"In &quot;Aufgelesen&quot;","block_context":{"text":"Aufgelesen","link":"https:\/\/ralupo.me\/en\/archive\/category\/aufgelesen"},"img":{"alt_text":"","src":"https:\/\/i0.wp.com\/ralupo.me\/wp-content\/uploads\/2023\/11\/IMG_3624-scaled.jpg?fit=1200%2C900&ssl=1&resize=350%2C200","width":350,"height":200,"srcset":"https:\/\/i0.wp.com\/ralupo.me\/wp-content\/uploads\/2023\/11\/IMG_3624-scaled.jpg?fit=1200%2C900&ssl=1&resize=350%2C200 1x, https:\/\/i0.wp.com\/ralupo.me\/wp-content\/uploads\/2023\/11\/IMG_3624-scaled.jpg?fit=1200%2C900&ssl=1&resize=525%2C300 1.5x, https:\/\/i0.wp.com\/ralupo.me\/wp-content\/uploads\/2023\/11\/IMG_3624-scaled.jpg?fit=1200%2C900&ssl=1&resize=700%2C400 2x, https:\/\/i0.wp.com\/ralupo.me\/wp-content\/uploads\/2023\/11\/IMG_3624-scaled.jpg?fit=1200%2C900&ssl=1&resize=1050%2C600 3x"},"classes":[]}],"jetpack_shortlink":"https:\/\/wp.me\/pcanHs-Qr","_links":{"self":[{"href":"https:\/\/ralupo.me\/en\/wp-json\/wp\/v2\/posts\/3251","targetHints":{"allow":["GET"]}}],"collection":[{"href":"https:\/\/ralupo.me\/en\/wp-json\/wp\/v2\/posts"}],"about":[{"href":"https:\/\/ralupo.me\/en\/wp-json\/wp\/v2\/types\/post"}],"author":[{"embeddable":true,"href":"https:\/\/ralupo.me\/en\/wp-json\/wp\/v2\/users\/1"}],"replies":[{"embeddable":true,"href":"https:\/\/ralupo.me\/en\/wp-json\/wp\/v2\/comments?post=3251"}],"version-history":[{"count":0,"href":"https:\/\/ralupo.me\/en\/wp-json\/wp\/v2\/posts\/3251\/revisions"}],"wp:featuredmedia":[{"embeddable":true,"href":"https:\/\/ralupo.me\/en\/wp-json\/wp\/v2\/media\/3466"}],"wp:attachment":[{"href":"https:\/\/ralupo.me\/en\/wp-json\/wp\/v2\/media?parent=3251"}],"wp:term":[{"taxonomy":"category","embeddable":true,"href":"https:\/\/ralupo.me\/en\/wp-json\/wp\/v2\/categories?post=3251"},{"taxonomy":"post_tag","embeddable":true,"href":"https:\/\/ralupo.me\/en\/wp-json\/wp\/v2\/tags?post=3251"}],"curies":[{"name":"wp","href":"https:\/\/api.w.org\/{rel}","templated":true}]}}