{"id":3076,"date":"2022-01-29T16:35:07","date_gmt":"2022-01-29T15:35:07","guid":{"rendered":"https:\/\/ralupo.me\/?p=3076"},"modified":"2022-01-30T22:12:48","modified_gmt":"2022-01-30T21:12:48","slug":"wochenrueckblick","status":"publish","type":"post","link":"https:\/\/ralupo.me\/en\/archive\/3076","title":{"rendered":"Wochenr\u00fcckblick"},"content":{"rendered":"<span class=\"span-reading-time rt-reading-time\" style=\"display: block;\"><span class=\"rt-label rt-prefix\">Lesedauer<\/span> <span class=\"rt-time\"> 3<\/span> <span class=\"rt-label rt-postfix\">Minuten<\/span><\/span>\n<p class=\"has-drop-cap wp-block-paragraph\">Die politische Woche beendet der AfD-Vorsitzende J\u00f6rg Meuthen mit seinem R\u00fccktritt. Wie es in dieser Partei \u00fcblich ist, tritt der Vorsitzende nicht nur zur\u00fcck, sondern gleich ganz aus der Partei aus. \u00dcblicherweise entdecken die jeweiligen Vorsitzenden, Lucke, Petry, Meuthen, gegen Ende ihrer Amtszeit, dass die Partei nach rechts r\u00fccke und den Boden der freiheitlich-demokratischen Grundordnung -teilweise- verlassen habe. Dergleichen hatte man noch Wochen zuvor ausdr\u00fccklich bestritten. J\u00f6rg Meuthen, der bei seiner politischen Positionierung je her eine erstaunliche Flexibilit\u00e4t an den Tag gelegt hat, wollte die AfD als b\u00fcrgerliche Partei wahrgenommen wissen. <\/p>\n\n\n<div class=\"vlp-link-container vlp-template-default wp-block-visual-link-preview-link\">\n\t<a href=\"https:\/\/www.tagesschau.de\/inland\/kommentar-afd-meuthen-101.html\" class=\"vlp-link\" title=\"Kommentar zu Meuthen: Provokateur im Schafspelz\" rel=\"nofollow\" target=\"_blank\"><\/a>\t\t<div class=\"vlp-link-image-container\">\n\t\t<div class=\"vlp-link-image\">\n\t\t\t<img data-recalc-dims=\"1\" decoding=\"async\" src=\"https:\/\/i0.wp.com\/www.tagesschau.de\/multimedia\/bilder\/meuthen-chrupalla-101~_v-original.jpg?ssl=1\" style=\"max-width: 150px; max-height: 150px\" \/>\t\t<\/div>\n\t<\/div>\n\t\t<div class=\"vlp-link-text-container\">\n\t\t\t\t<div class=\"vlp-link-title\">\n\t\t\tKommentar zu Meuthen: Provokateur im Schafspelz\t\t<\/div>\n\t\t\t\t\t\t<div class=\"vlp-link-summary\">\n\t\t\tJ\u00f6rg Meuthen verl\u00e4sst die AfD. Doch seine Begr\u00fcndung ist scheinheilig, meint Lothar Lenz. Denn Meuthen war selbst stets Provokateur, hat Hass und Hetze verbreitet und politisches Kapital aus Ressentiments geschlagen.\t\t<\/div>\n\t\t\t<\/div>\n<\/div>\n\n\n\n<p class=\"wp-block-paragraph\">Das sie das nicht ist und auch nie war, will Meuthen offenbar erst jetzt auch erkannt haben.<\/p>\n\n\n\n<p class=\"has-text-align-center wp-block-paragraph\">+ + +<\/p>\n\n\n\n<p class=\"wp-block-paragraph\">In der Russland-Krise hat die Bundesregierung nach dem letzten desastr\u00f6sen Wochenende einen Befreiungsschlag versucht, der ganz \u00fcberwiegend als Satire verstanden worden war. Insgesamt 5.000 Helme werde man in die Ukraine liefern, w\u00e4hrend selbst kleine L\u00e4nder wie die Tschechische Republik oder die baltischen Staaten Waffenlieferungen versprochen haben. Die USA r\u00fcsten die ukrainische Armee zur Selbstverteidigung massiv auf, auch die Briten unterst\u00fctzen die Ukraine mit Geld und Munition. Die Bundesrepublik muss sich allenthalben Fragen lassen, ob Deutschland angesichts seines Schlingerkurses in der Krise noch ein verl\u00e4sslicher Partner im westlichen Verteidigungsb\u00fcndnis ist. <\/p>\n\n\n\n<p class=\"wp-block-paragraph\">Nach dem verheerenden Echo auf die 5.000-Helme-Aktion (DIE ZEIT: \u201eSchuss nicht geh\u00f6rt?\u201c) scheint sich jedenfalls in Trippelschritten etwas zu bewegen: Der CDU-Vorsitzende Friedrich Merz hat eine neue Russland-Politik angek\u00fcndigt und fordert, auch deutsche Waffen zu liefern. <em>Nordsteam2<\/em> geh\u00f6rt jetzt offiziell auch zum Sanktionenrepertoire und die SPD will sich in einer Klausur zur Russland-Politik neu aufstellen. Zeit wird&#8217;s. <\/p>\n\n\n\n<p class=\"wp-block-paragraph\">Der alternde Ex-Kanzler und Gazprom-Angestellte Gerhard Schr\u00f6der (SPD) l\u00e4sst sich in der vergangenen Woche mit den Worten vernehmen <\/p>\n\n\n\n<figure class=\"wp-block-pullquote\"><blockquote><p>\u201eIch hoffe sehr, dass man endlich auch das S\u00e4belrasseln in der Ukraine wirklich einstellt\u201c. <\/p><cite>Gerhard Schr\u00f6der (SPD), Bundeskanzler a.D.<\/cite><\/blockquote><\/figure>\n\n\n\n<p class=\"wp-block-paragraph\">Im Berliner <em>Tagesspiegel<\/em> vom 26.01.2022 haben Michael Gahler von der CDU, au\u00dfenpolitischer Sprecher der EVP-Fraktion im Europ\u00e4ischen Parlament und Viola von Cramon-Taubadel (Gr\u00fcne), MdEP, einen gemeinsamen Appell ver\u00f6ffentlicht. <\/p>\n\n\n<div class=\"vlp-link-container vlp-template-default wp-block-visual-link-preview-link\">\n\t<a href=\"https:\/\/www.tagesspiegel.de\/politik\/kritik-aus-dem-europaparlament-an-deutscher-ukraine-politik-die-geschichte-gebietet-solidaritaet-mit-den-opfern\/28008594.html?fbclid=IwAR0cL4dgpgjfi41ZcBzDLf9v7VjsN88gWEsoShMdariCh9f1dgxI4Gk7_T4\" class=\"vlp-link\" title=\"Die Geschichte gebietet Solidarit\u00e4t mit den Opfern\" rel=\"nofollow\" target=\"_blank\"><\/a>\t\t<div class=\"vlp-link-image-container\">\n\t\t<div class=\"vlp-link-image\">\n\t\t\t<img data-recalc-dims=\"1\" decoding=\"async\" src=\"https:\/\/i0.wp.com\/www.tagesspiegel.de\/images\/ukrainian-servicemen-take-part-in-anti-aircraft-military-drills-in-volyn-region\/28010854\/1-format530.jpg?ssl=1\" style=\"max-width: 150px; max-height: 150px\" \/>\t\t<\/div>\n\t<\/div>\n\t\t<div class=\"vlp-link-text-container\">\n\t\t\t\t<div class=\"vlp-link-title\">\n\t\t\tDie Geschichte gebietet Solidarit\u00e4t mit den Opfern\t\t<\/div>\n\t\t\t\t\t\t<div class=\"vlp-link-summary\">\n\t\t\tEin schwarz-gr\u00fcner Appell an Berlin, der Ukraine Waffen zur Selbstverteidigung nicht zu verwehren und sich in EU und Nato nicht zu isolieren. Ein Gastbeitrag.\t\t<\/div>\n\t\t\t<\/div>\n<\/div>\n\n\n\n<p class=\"wp-block-paragraph\">&#8220;Gegen\u00fcber unseren Partnern in EU und Nato haben wir Anlass, den Nachweis zu erbringen, dass wir, wenn es um Krieg und Frieden geht, fest im Westen stehen und keine Wanderer zwischen den Welten sind.&#8221;<\/p>\n\n\n\n<p class=\"has-text-align-center wp-block-paragraph\">+ + +<\/p>\n\n\n\n<p class=\"wp-block-paragraph\"><em>Die Zeit<\/em> geht derweil der spannenden Frage nach, wann Olaf Scholz endlich sein Amt antritt.<\/p>\n\n\n\n<p class=\"has-text-align-center wp-block-paragraph\">+ + +<\/p>\n\n\n\n<p class=\"wp-block-paragraph\">Der russische Truppenaufmarsch rund um die Ukraine setzt sich indessen ungehindert fort. Nunmehr sind russische Truppenverb\u00e4nde auch in Belarus angekommen. Apropos: Dort soll die Bev\u00f6lkerung \u00fcber eine neue Verfassung abstimmen, in der eine engere Anbindung an die Russische F\u00f6deration vorgesehen ist. Auch insoweit schaffen die russischen Truppen im Land schon einmal Fakten. Lukaschenko hat in der Ukraine-Frage eine 180-Grad-Wende vollzogen und unterst\u00fctzt nun voll und ganz die Politik des Kremls. Das ist insoweit beachtlich, als er bislang immer eine eigene unabh\u00e4ngige Linie verfolgt hat. Erst nachdem mit Hilfe aus Moskau die Proteste gegen die gef\u00e4lschten Wahlen im Sommer 2020 niedergeschlagen werden und das politische \u00dcberleben mit Geld aus Moskau gesichert war, sprach Lukaschenko im Winter 2021 erstmals von der \u201erussischen Krim\u201c.<\/p>\n\n\n\n<p class=\"has-text-align-center wp-block-paragraph\">+ + +<\/p>\n\n\n\n<p class=\"wp-block-paragraph\">Die Zeitschrift Osteuropa druckt in ihrer aktuellen Ausgabe einen ersch\u00fctternden Bericht der belarussischen Menschenrechtsorganisation <em>Vjasma<\/em> ab. Die belarussischen Beh\u00f6rden zerst\u00f6ren seit Fr\u00fchjahr 2021 konsequent die Strukturen der Zivilgesellschaft. Fast 300 Organisationen sind bereits zwangsaufgel\u00f6st worden. <\/p>\n\n\n<div class=\"vlp-link-container vlp-template-default wp-block-visual-link-preview-link\">\n\t<a href=\"https:\/\/zeitschrift-osteuropa.de\/hefte\/2021\/8-9\/der-willkuer-sind-keine-grenzen-gesetzt\/\" class=\"vlp-link\" title=\"Zeitschrift OSTEUROPA | \u201eDer Willk\u00fcr sind keine Grenzen gesetzt\u201c\" rel=\"nofollow\" target=\"_blank\"><\/a>\t\t<div class=\"vlp-link-image-container\">\n\t\t<div class=\"vlp-link-image\">\n\t\t\t<img data-recalc-dims=\"1\" decoding=\"async\" src=\"https:\/\/i0.wp.com\/zeitschrift-osteuropa.de\/site\/assets\/files\/3495\/en.png?ssl=1\" style=\"max-width: 150px; max-height: 150px\" \/>\t\t<\/div>\n\t<\/div>\n\t\t<div class=\"vlp-link-text-container\">\n\t\t\t\t<div class=\"vlp-link-title\">\n\t\t\tZeitschrift OSTEUROPA | \u201eDer Willk\u00fcr sind keine Grenzen gesetzt\u201c\t\t<\/div>\n\t\t\t\t\t\t<div class=\"vlp-link-summary\">\n\t\t\tOSTEUROPA ist mehr als eine Zeitschrift. Wir analysieren Politik und Kultur, Wirtschaft und Gesellschaft im Osten Europas als Teil der globalisierten Welt. Monat f\u00fcr Monat, seit 1925.\t\t<\/div>\n\t\t\t<\/div>\n<\/div>\n\n\n\n<p class=\"wp-block-paragraph\">Rund 60 aus dem Bereich Bildung und Wissenschaft, knapp 50 aus dem Bereich Kultur und Literatur; 50 Wohlfahrts- und Gesundheitseinrichtungen, \u00fcber 25 Sportclubs, rund 20 Naturund Tierschutzvereine, ebenso viele aus dem Bereich Familie und Jugend. Die Liste, auf der der Belarussische Journalistenverband ebenso steht wie der Handballclub ,,Vitjaz&#8221; aus Minsk, das Belarussische Helsinki-Komitee ebenso wie eine Imkervereinigung, liest sich wie ein Telefonbuch der freien und vielf\u00e4ltigen Gesellschaft. <\/p>\n\n\n\n<p class=\"wp-block-paragraph\">Die Lekt\u00fcre ist ein Requiem, alle diese Organisationen befinden sich in Aufl\u00f6sung &#8211; Zwangsaufl\u00f6sung.<\/p>\n","protected":false},"excerpt":{"rendered":"<p>Die politische Woche beendet der AfD-Vorsitzende J\u00f6rg Meuthen mit seinem R\u00fccktritt. Wie es in dieser Partei \u00fcblich ist, tritt der Vorsitzende nicht nur zur\u00fcck, sondern gleich ganz aus der Partei [&hellip;]<\/p>\n","protected":false},"author":1,"featured_media":3077,"comment_status":"open","ping_status":"open","sticky":false,"template":"","format":"standard","meta":{"_crdt_document":"","advanced_seo_description":"","jetpack_seo_html_title":"","jetpack_seo_noindex":false,"_EventAllDay":false,"_EventTimezone":"","_EventStartDate":"","_EventEndDate":"","_EventStartDateUTC":"","_EventEndDateUTC":"","_EventShowMap":false,"_EventShowMapLink":false,"_EventURL":"","_EventCost":"","_EventCostDescription":"","_EventCurrencySymbol":"","_EventCurrencyCode":"","_EventCurrencyPosition":"","_EventDateTimeSeparator":"","_EventTimeRangeSeparator":"","_EventOrganizerID":[],"_EventVenueID":[],"_OrganizerEmail":"","_OrganizerPhone":"","_OrganizerWebsite":"","_VenueAddress":"","_VenueCity":"","_VenueCountry":"","_VenueProvince":"","_VenueState":"","_VenueZip":"","_VenuePhone":"","_VenueURL":"","_VenueStateProvince":"","_VenueLat":"","_VenueLng":"","_VenueShowMap":false,"_VenueShowMapLink":false,"jetpack_post_was_ever_published":false,"_jetpack_newsletter_access":"","_jetpack_dont_email_post_to_subs":false,"_jetpack_newsletter_tier_id":0,"_jetpack_memberships_contains_paywalled_content":false,"_jetpack_memberships_contains_paid_content":false,"footnotes":""},"categories":[368],"tags":[602,596,17,315,333],"class_list":["post-3076","post","type-post","status-publish","format-standard","has-post-thumbnail","hentry","category-aufgelesen","tag-kanzler","tag-krise","tag-medien","tag-politik","tag-russland"],"jetpack_featured_media_url":"https:\/\/i0.wp.com\/ralupo.me\/wp-content\/uploads\/2022\/01\/img_4034-scaled-e1643470482736.jpg?fit=2560%2C1920&ssl=1","jetpack_sharing_enabled":true,"jetpack-related-posts":[{"id":14999,"url":"https:\/\/ralupo.me\/en\/archive\/14999","url_meta":{"origin":3076,"position":0},"title":"Hongkong: Letzte aktive pro-demokratische Partei gibt auf","author":"Lupo","date":"29. June 2025","format":false,"excerpt":"[:de] Die ehemalige britische Kronkolonie Hongkong hat nun einen weiteren schweren Schlag gegen seine politische Vielfalt hinnehmen m\u00fcssen: Die League of Social Democrats (LSD), die letzte aktive pro-demokratische Partei der Stadt, hat ihre Selbstaufl\u00f6sung bekannt gegeben. Damit endet auch offiziell das Zeitalter parteigebundener Opposition in der einstigen britischen Kronkolonie. Die\u2026","rel":"","context":"In &quot;Politik&quot;","block_context":{"text":"Politik","link":"https:\/\/ralupo.me\/en\/archive\/category\/politik"},"img":{"alt_text":"","src":"https:\/\/i0.wp.com\/ralupo.me\/wp-content\/uploads\/2025\/06\/IMG_1676.jpg?fit=1200%2C900&ssl=1&resize=350%2C200","width":350,"height":200,"srcset":"https:\/\/i0.wp.com\/ralupo.me\/wp-content\/uploads\/2025\/06\/IMG_1676.jpg?fit=1200%2C900&ssl=1&resize=350%2C200 1x, https:\/\/i0.wp.com\/ralupo.me\/wp-content\/uploads\/2025\/06\/IMG_1676.jpg?fit=1200%2C900&ssl=1&resize=525%2C300 1.5x, https:\/\/i0.wp.com\/ralupo.me\/wp-content\/uploads\/2025\/06\/IMG_1676.jpg?fit=1200%2C900&ssl=1&resize=700%2C400 2x, https:\/\/i0.wp.com\/ralupo.me\/wp-content\/uploads\/2025\/06\/IMG_1676.jpg?fit=1200%2C900&ssl=1&resize=1050%2C600 3x"},"classes":[]},{"id":14916,"url":"https:\/\/ralupo.me\/en\/archive\/14916","url_meta":{"origin":3076,"position":1},"title":"Protest gegen Ausschluss: Kritik an Entscheidung, Kiesewetter nicht mehr in PKGr zu entsenden","author":"Lupo","date":"4. June 2025","format":false,"excerpt":"[:de] Nach viereinhalb Jahren im Parlamentarischen Kontrollgremium (PKGr) des Bundestages soll nach Medienberichten die T\u00e4tigkeit von Roderich Kiesewetter dort nun enden. Der CDU-Abgeordnete hatte dort als stellvertretender Vorsitzender ma\u00dfgeblich die Arbeit der Nachrichtendienste begleitet \u2013 stets hinter verschlossenen T\u00fcren, aber mit \u00f6ffentlich klaren Worten. Kiesewetter warnte wiederholt vor der milit\u00e4rischen\u2026","rel":"","context":"In &quot;Politik&quot;","block_context":{"text":"Politik","link":"https:\/\/ralupo.me\/en\/archive\/category\/politik"},"img":{"alt_text":"","src":"https:\/\/i0.wp.com\/ralupo.me\/wp-content\/uploads\/2024\/02\/IMG_9700-scaled.jpeg?fit=1200%2C900&ssl=1&resize=350%2C200","width":350,"height":200,"srcset":"https:\/\/i0.wp.com\/ralupo.me\/wp-content\/uploads\/2024\/02\/IMG_9700-scaled.jpeg?fit=1200%2C900&ssl=1&resize=350%2C200 1x, https:\/\/i0.wp.com\/ralupo.me\/wp-content\/uploads\/2024\/02\/IMG_9700-scaled.jpeg?fit=1200%2C900&ssl=1&resize=525%2C300 1.5x, https:\/\/i0.wp.com\/ralupo.me\/wp-content\/uploads\/2024\/02\/IMG_9700-scaled.jpeg?fit=1200%2C900&ssl=1&resize=700%2C400 2x, https:\/\/i0.wp.com\/ralupo.me\/wp-content\/uploads\/2024\/02\/IMG_9700-scaled.jpeg?fit=1200%2C900&ssl=1&resize=1050%2C600 3x"},"classes":[]},{"id":13412,"url":"https:\/\/ralupo.me\/en\/archive\/13412","url_meta":{"origin":3076,"position":2},"title":"Malta \u00fcbernimmt OSZE Vorsitz","author":"Lupo","date":"25. January 2024","format":false,"excerpt":"[:de] Der amtierende OSZE-Vorsitzende, Maltas Minister f\u00fcr ausw\u00e4rtige und europ\u00e4ische Angelegenheiten und Handel, Ian Borg, hat die Vision des Landes f\u00fcr seinen Vorsitz 2024 auf der heutigen Er\u00f6ffnungssitzung des St\u00e4ndigen Rates der OSZE vorgestellt: \"Das Vertrauen, das uns alle teilnehmenden Staaten in diesen herausfordernden Zeiten entgegen bringen, ist eine Verantwortung,\u2026","rel":"","context":"In &quot;Europa&quot;","block_context":{"text":"Europa","link":"https:\/\/ralupo.me\/en\/archive\/category\/europa"},"img":{"alt_text":"","src":"https:\/\/i0.wp.com\/ralupo.me\/wp-content\/uploads\/2024\/01\/IMG_8697.jpg?fit=1179%2C664&ssl=1&resize=350%2C200","width":350,"height":200,"srcset":"https:\/\/i0.wp.com\/ralupo.me\/wp-content\/uploads\/2024\/01\/IMG_8697.jpg?fit=1179%2C664&ssl=1&resize=350%2C200 1x, https:\/\/i0.wp.com\/ralupo.me\/wp-content\/uploads\/2024\/01\/IMG_8697.jpg?fit=1179%2C664&ssl=1&resize=525%2C300 1.5x, https:\/\/i0.wp.com\/ralupo.me\/wp-content\/uploads\/2024\/01\/IMG_8697.jpg?fit=1179%2C664&ssl=1&resize=700%2C400 2x, https:\/\/i0.wp.com\/ralupo.me\/wp-content\/uploads\/2024\/01\/IMG_8697.jpg?fit=1179%2C664&ssl=1&resize=1050%2C600 3x"},"classes":[]},{"id":9467,"url":"https:\/\/ralupo.me\/en\/archive\/9467","url_meta":{"origin":3076,"position":3},"title":"Wird Deutschland Kriegspartei?","author":"Lupo","date":"9. January 2023","format":false,"excerpt":"[:de]Kriegspartei oder Mitkriegspartei w\u00fcrde Deutschland dann, wenn der russische Pr\u00e4sident es will. Das bedingt, dass die Frage, ob Deutschland Kriegspartei wird, nicht nach Ma\u00dfgabe v\u00f6lkerrechtlicher Bestimmungen entschieden wird, sondern ganz alleine durch eine einsame Entscheidung im Kreml.[:]","rel":"","context":"In &quot;Europa&quot;","block_context":{"text":"Europa","link":"https:\/\/ralupo.me\/en\/archive\/category\/europa"},"img":{"alt_text":"","src":"https:\/\/i0.wp.com\/ralupo.me\/wp-content\/uploads\/2022\/01\/img_2914-scaled.jpg?fit=1200%2C900&ssl=1&resize=350%2C200","width":350,"height":200,"srcset":"https:\/\/i0.wp.com\/ralupo.me\/wp-content\/uploads\/2022\/01\/img_2914-scaled.jpg?fit=1200%2C900&ssl=1&resize=350%2C200 1x, https:\/\/i0.wp.com\/ralupo.me\/wp-content\/uploads\/2022\/01\/img_2914-scaled.jpg?fit=1200%2C900&ssl=1&resize=525%2C300 1.5x, https:\/\/i0.wp.com\/ralupo.me\/wp-content\/uploads\/2022\/01\/img_2914-scaled.jpg?fit=1200%2C900&ssl=1&resize=700%2C400 2x, https:\/\/i0.wp.com\/ralupo.me\/wp-content\/uploads\/2022\/01\/img_2914-scaled.jpg?fit=1200%2C900&ssl=1&resize=1050%2C600 3x"},"classes":[]},{"id":3238,"url":"https:\/\/ralupo.me\/en\/archive\/3238","url_meta":{"origin":3076,"position":4},"title":"Jusos f\u00fcr Absage an Nordstream 2","author":"Lupo","date":"6. February 2022","format":false,"excerpt":"Offenbar kommt bei der SPD etwas in Gang: Nachdem der neue SPD-Chef Klingbeil die SPD-Spitze zur Klausur geladen hat, um \u00fcber die Russland-Politik der Partei zu beraten, kommen nun auch ungewohnte T\u00f6ne aus der Jugendorganisation: Die Juso-Vorsitzende Jessica Rosenthal fordert in einem Interview mit der TAZ, das am Montag erscheint,\u2026","rel":"","context":"In &quot;Eastbound&quot;","block_context":{"text":"Eastbound","link":"https:\/\/ralupo.me\/en\/archive\/category\/eastbound"},"img":{"alt_text":"","src":"https:\/\/i0.wp.com\/ralupo.me\/wp-content\/uploads\/2022\/01\/img_5873-scaled.jpg?fit=1200%2C900&ssl=1&resize=350%2C200","width":350,"height":200,"srcset":"https:\/\/i0.wp.com\/ralupo.me\/wp-content\/uploads\/2022\/01\/img_5873-scaled.jpg?fit=1200%2C900&ssl=1&resize=350%2C200 1x, https:\/\/i0.wp.com\/ralupo.me\/wp-content\/uploads\/2022\/01\/img_5873-scaled.jpg?fit=1200%2C900&ssl=1&resize=525%2C300 1.5x, https:\/\/i0.wp.com\/ralupo.me\/wp-content\/uploads\/2022\/01\/img_5873-scaled.jpg?fit=1200%2C900&ssl=1&resize=700%2C400 2x, https:\/\/i0.wp.com\/ralupo.me\/wp-content\/uploads\/2022\/01\/img_5873-scaled.jpg?fit=1200%2C900&ssl=1&resize=1050%2C600 3x"},"classes":[]},{"id":10914,"url":"https:\/\/ralupo.me\/en\/archive\/10914","url_meta":{"origin":3076,"position":5},"title":"Es ist nicht mehr viel Zeit &#8211; Dringlicher Appell an Olaf Scholz","author":"Lupo","date":"8. December 2023","format":false,"excerpt":"[:de]Ein breites B\u00fcndnis von Privatpersonen aus Politik, Wirtschaft, Wissenschaft und deutsch-ukrainischen Aktivistengruppen hat sich im Vorfeld des SPD-Bundesparteitages mit einem dringlichen Appell im Berliner Tagesspiegel an Bundeskanzler Olaf Scholz gewandt. Der SPD-Bundesparteitag findet an diesem Wochenende in Berlin statt.[:]","rel":"","context":"In &quot;Europa&quot;","block_context":{"text":"Europa","link":"https:\/\/ralupo.me\/en\/archive\/category\/europa"},"img":{"alt_text":"","src":"https:\/\/i0.wp.com\/ralupo.me\/wp-content\/uploads\/2023\/10\/IMG_4387_jpg-1-scaled.jpeg?fit=1200%2C900&ssl=1&resize=350%2C200","width":350,"height":200,"srcset":"https:\/\/i0.wp.com\/ralupo.me\/wp-content\/uploads\/2023\/10\/IMG_4387_jpg-1-scaled.jpeg?fit=1200%2C900&ssl=1&resize=350%2C200 1x, https:\/\/i0.wp.com\/ralupo.me\/wp-content\/uploads\/2023\/10\/IMG_4387_jpg-1-scaled.jpeg?fit=1200%2C900&ssl=1&resize=525%2C300 1.5x, https:\/\/i0.wp.com\/ralupo.me\/wp-content\/uploads\/2023\/10\/IMG_4387_jpg-1-scaled.jpeg?fit=1200%2C900&ssl=1&resize=700%2C400 2x, https:\/\/i0.wp.com\/ralupo.me\/wp-content\/uploads\/2023\/10\/IMG_4387_jpg-1-scaled.jpeg?fit=1200%2C900&ssl=1&resize=1050%2C600 3x"},"classes":[]}],"jetpack_shortlink":"https:\/\/wp.me\/pcanHs-NC","_links":{"self":[{"href":"https:\/\/ralupo.me\/en\/wp-json\/wp\/v2\/posts\/3076","targetHints":{"allow":["GET"]}}],"collection":[{"href":"https:\/\/ralupo.me\/en\/wp-json\/wp\/v2\/posts"}],"about":[{"href":"https:\/\/ralupo.me\/en\/wp-json\/wp\/v2\/types\/post"}],"author":[{"embeddable":true,"href":"https:\/\/ralupo.me\/en\/wp-json\/wp\/v2\/users\/1"}],"replies":[{"embeddable":true,"href":"https:\/\/ralupo.me\/en\/wp-json\/wp\/v2\/comments?post=3076"}],"version-history":[{"count":0,"href":"https:\/\/ralupo.me\/en\/wp-json\/wp\/v2\/posts\/3076\/revisions"}],"wp:featuredmedia":[{"embeddable":true,"href":"https:\/\/ralupo.me\/en\/wp-json\/wp\/v2\/media\/3077"}],"wp:attachment":[{"href":"https:\/\/ralupo.me\/en\/wp-json\/wp\/v2\/media?parent=3076"}],"wp:term":[{"taxonomy":"category","embeddable":true,"href":"https:\/\/ralupo.me\/en\/wp-json\/wp\/v2\/categories?post=3076"},{"taxonomy":"post_tag","embeddable":true,"href":"https:\/\/ralupo.me\/en\/wp-json\/wp\/v2\/tags?post=3076"}],"curies":[{"name":"wp","href":"https:\/\/api.w.org\/{rel}","templated":true}]}}