{"id":3015,"date":"2022-01-26T10:24:57","date_gmt":"2022-01-26T09:24:57","guid":{"rendered":"https:\/\/ralupo.me\/zerstoererischer-als-trump\/"},"modified":"2022-01-26T10:33:32","modified_gmt":"2022-01-26T09:33:32","slug":"zerstoererischer-als-trump","status":"publish","type":"post","link":"https:\/\/ralupo.me\/en\/archive\/3015","title":{"rendered":"Zerst\u00f6rerischer als Trump"},"content":{"rendered":"<span class=\"span-reading-time rt-reading-time\" style=\"display: block;\"><span class=\"rt-label rt-prefix\">Lesedauer<\/span> <span class=\"rt-time\"> &lt; 1<\/span> <span class=\"rt-label rt-postfix\">Minute<\/span><\/span>\n<p class=\"wp-block-paragraph\">Die S\u00fcddeutsche Zeitung kommentiert (leider hinter Bezahlschranke) zur deutschen Haltung im Russland-Konflikt:<\/p>\n\n\n\n<blockquote class=\"wp-block-quote is-layout-flow wp-block-quote-is-layout-flow\"><p>Scholz\u2019s inaction \u201cis damaging the transatlantic relationship more than Trump ever did,\u201d <a href=\"https:\/\/politico.us8.list-manage.com\/track\/click?u=e26c1a1c392386a968d02fdbc&#038;id=76a9cd5864&#038;e=59cf6c64bd\">writes S\u00fcddeutsche Zeitung<\/a>. \u201cWhen the American president does more to prevent a war in Europe than the German chancellor, there is something wrong with German foreign policy.\u201d<\/p><cite>Politico Newsletter vom 26.1.22, Can Scholz lead?<\/cite><\/blockquote>\n\n\n\n<p class=\"wp-block-paragraph\">Nach den deutlichen Worten in <a rel=\"noreferrer noopener\" href=\"https:\/\/www.faz.net\/aktuell\/politik\/inland\/deutschland-und-die-ukraine-krise-unglaubwuerdige-aussenpolitik-17750346.html\" target=\"_blank\">der FAZ<\/a>, dem Handelsblatt nun auch aus M\u00fcnchen lautes Stirnrunzeln \u00fcber Berlin.<\/p>\n","protected":false},"excerpt":{"rendered":"<p>Die S\u00fcddeutsche Zeitung kommentiert (leider hinter Bezahlschranke) zur deutschen Haltung im Russland-Konflikt: Scholz\u2019s inaction \u201cis damaging the transatlantic relationship more than Trump ever did,\u201d writes S\u00fcddeutsche Zeitung. \u201cWhen the American [&hellip;]<\/p>\n","protected":false},"author":1,"featured_media":3014,"comment_status":"open","ping_status":"open","sticky":false,"template":"","format":"standard","meta":{"_crdt_document":"","advanced_seo_description":"","jetpack_seo_html_title":"","jetpack_seo_noindex":false,"_EventAllDay":false,"_EventTimezone":"","_EventStartDate":"","_EventEndDate":"","_EventStartDateUTC":"","_EventEndDateUTC":"","_EventShowMap":false,"_EventShowMapLink":false,"_EventURL":"","_EventCost":"","_EventCostDescription":"","_EventCurrencySymbol":"","_EventCurrencyCode":"","_EventCurrencyPosition":"","_EventDateTimeSeparator":"","_EventTimeRangeSeparator":"","_EventOrganizerID":[],"_EventVenueID":[],"_OrganizerEmail":"","_OrganizerPhone":"","_OrganizerWebsite":"","_VenueAddress":"","_VenueCity":"","_VenueCountry":"","_VenueProvince":"","_VenueState":"","_VenueZip":"","_VenuePhone":"","_VenueURL":"","_VenueStateProvince":"","_VenueLat":"","_VenueLng":"","_VenueShowMap":false,"_VenueShowMapLink":false,"jetpack_post_was_ever_published":false,"_jetpack_newsletter_access":"","_jetpack_dont_email_post_to_subs":false,"_jetpack_newsletter_tier_id":0,"_jetpack_memberships_contains_paywalled_content":false,"_jetpack_memberships_contains_paid_content":false,"footnotes":""},"categories":[368],"tags":[354,384,29,315,380,423,333,25],"class_list":["post-3015","post","type-post","status-publish","format-standard","has-post-thumbnail","hentry","category-aufgelesen","tag-berlin","tag-eu","tag-kiew","tag-politik","tag-protest","tag-putin","tag-russland","tag-ukraine"],"jetpack_featured_media_url":"https:\/\/i0.wp.com\/ralupo.me\/wp-content\/uploads\/2022\/01\/img_1111-scaled.jpg?fit=2560%2C1920&ssl=1","jetpack_sharing_enabled":true,"jetpack-related-posts":[{"id":14855,"url":"https:\/\/ralupo.me\/en\/archive\/14855","url_meta":{"origin":3015,"position":0},"title":"War was? Friedensgespr\u00e4che in Istanbul","author":"Lupo","date":"17. May 2025","format":false,"excerpt":"[:de] In dieser Woche fanden in Istanbul die ersten direkten Friedensgespr\u00e4che zwischen Russland und der Ukraine seit 2022 statt.\u00a0Die Erwartungen waren gering. Unter der Vermittlung der T\u00fcrkei kamen Delegationen beider L\u00e4nder zusammen, um \u00fcber eine m\u00f6gliche Beendigung des langanhaltenden Konflikts zu verhandeln.\u00a0Ein konkretes Ergebnis war die Einigung auf den Austausch\u2026","rel":"","context":"In &quot;Politik&quot;","block_context":{"text":"Politik","link":"https:\/\/ralupo.me\/en\/archive\/category\/politik"},"img":{"alt_text":"","src":"https:\/\/i0.wp.com\/ralupo.me\/wp-content\/uploads\/2025\/04\/IMG_1540-scaled.jpeg?fit=1200%2C900&ssl=1&resize=350%2C200","width":350,"height":200,"srcset":"https:\/\/i0.wp.com\/ralupo.me\/wp-content\/uploads\/2025\/04\/IMG_1540-scaled.jpeg?fit=1200%2C900&ssl=1&resize=350%2C200 1x, https:\/\/i0.wp.com\/ralupo.me\/wp-content\/uploads\/2025\/04\/IMG_1540-scaled.jpeg?fit=1200%2C900&ssl=1&resize=525%2C300 1.5x, https:\/\/i0.wp.com\/ralupo.me\/wp-content\/uploads\/2025\/04\/IMG_1540-scaled.jpeg?fit=1200%2C900&ssl=1&resize=700%2C400 2x, https:\/\/i0.wp.com\/ralupo.me\/wp-content\/uploads\/2025\/04\/IMG_1540-scaled.jpeg?fit=1200%2C900&ssl=1&resize=1050%2C600 3x"},"classes":[]},{"id":2986,"url":"https:\/\/ralupo.me\/en\/archive\/2986","url_meta":{"origin":3015,"position":1},"title":"Bilanz eines Wochenendes","author":"Lupo","date":"24. January 2022","format":false,"excerpt":"In der vergangenen Woche wurde noch der 30. Jahrestag der Aufnahme der deutsch-ukrainischen diplomatischen Beziehungen begangen und die deutsche Au\u00dfenministerin in Kyiv empfangen. Nur wenige Tage sp\u00e4ter wurde die deutsche Botschafterin ins ukrainische Au\u00dfenministerium einbestellt, um das Unverst\u00e4ndnis der ukrainischen Seite \u00fcber die j\u00fcngsten Vorkommnisse entgegenzunehmen. Zwischen Staaten, die erkl\u00e4rterma\u00dfen\u2026","rel":"","context":"In &quot;Aufgelesen&quot;","block_context":{"text":"Aufgelesen","link":"https:\/\/ralupo.me\/en\/archive\/category\/aufgelesen"},"img":{"alt_text":"","src":"https:\/\/i0.wp.com\/ralupo.me\/wp-content\/uploads\/2022\/01\/img_1761.jpg?fit=1092%2C819&ssl=1&resize=350%2C200","width":350,"height":200,"srcset":"https:\/\/i0.wp.com\/ralupo.me\/wp-content\/uploads\/2022\/01\/img_1761.jpg?fit=1092%2C819&ssl=1&resize=350%2C200 1x, https:\/\/i0.wp.com\/ralupo.me\/wp-content\/uploads\/2022\/01\/img_1761.jpg?fit=1092%2C819&ssl=1&resize=525%2C300 1.5x, https:\/\/i0.wp.com\/ralupo.me\/wp-content\/uploads\/2022\/01\/img_1761.jpg?fit=1092%2C819&ssl=1&resize=700%2C400 2x, https:\/\/i0.wp.com\/ralupo.me\/wp-content\/uploads\/2022\/01\/img_1761.jpg?fit=1092%2C819&ssl=1&resize=1050%2C600 3x"},"classes":[]},{"id":1203,"url":"https:\/\/ralupo.me\/en\/archive\/1203","url_meta":{"origin":3015,"position":2},"title":"Nobelpreistr\u00e4gerin Alexijewitsch verl\u00e4sst Belarus","author":"Lupo","date":"28. September 2020","format":false,"excerpt":"Die Literaturnobelpreistr\u00e4gerin Svetlana Alexijewitsch hat Belarus aus Sorge um ihre Sicherheit verlassen. Das melden verschiedene Zeitungen, so auch die FAZ und die S\u00fcddeutsche Zeitung unter Berufung auf Agentur-Angaben. Die belarussischr Oppositionelle habe aus Angst ihr Land mit einer Linienmaschine der Belavia Richtung Berlin verlassen. Ruf aus Belarus: Ich habe mich\u2026","rel":"","context":"In &quot;Teilnehmende Beobachtung&quot;","block_context":{"text":"Teilnehmende Beobachtung","link":"https:\/\/ralupo.me\/en\/archive\/category\/teilnehmende-beobachtung"},"img":{"alt_text":"","src":"https:\/\/i0.wp.com\/ralupo.me\/wp-content\/uploads\/2020\/09\/0CF4274E-290F-4D4F-96B1-230628A8654A-scaled.jpeg?fit=1200%2C900&ssl=1&resize=350%2C200","width":350,"height":200,"srcset":"https:\/\/i0.wp.com\/ralupo.me\/wp-content\/uploads\/2020\/09\/0CF4274E-290F-4D4F-96B1-230628A8654A-scaled.jpeg?fit=1200%2C900&ssl=1&resize=350%2C200 1x, https:\/\/i0.wp.com\/ralupo.me\/wp-content\/uploads\/2020\/09\/0CF4274E-290F-4D4F-96B1-230628A8654A-scaled.jpeg?fit=1200%2C900&ssl=1&resize=525%2C300 1.5x, https:\/\/i0.wp.com\/ralupo.me\/wp-content\/uploads\/2020\/09\/0CF4274E-290F-4D4F-96B1-230628A8654A-scaled.jpeg?fit=1200%2C900&ssl=1&resize=700%2C400 2x, https:\/\/i0.wp.com\/ralupo.me\/wp-content\/uploads\/2020\/09\/0CF4274E-290F-4D4F-96B1-230628A8654A-scaled.jpeg?fit=1200%2C900&ssl=1&resize=1050%2C600 3x"},"classes":[]},{"id":3334,"url":"https:\/\/ralupo.me\/en\/archive\/3334","url_meta":{"origin":3015,"position":3},"title":"\u201eDanke f\u00fcr die Helme\u201c","author":"Lupo","date":"13. February 2022","format":false,"excerpt":"[:de] Auch an diesem Wochenende gab es wieder bundesweite Solidarit\u00e4tskundgebungen f\u00fcr die Ukraine. Angesichts des eskalierenden Konflikts und einer drohenden erneuten Invasion Russlands in das Land gingen unter anderem in K\u00f6ln, M\u00fcnchen und Berlin wieder Hunderte auf die Stra\u00dfe. In Berlin forderten Redner bei einer Kundgebung unter dem Motto \u201eDanke\u2026","rel":"","context":"In &quot;Veranstaltungen&quot;","block_context":{"text":"Veranstaltungen","link":"https:\/\/ralupo.me\/en\/archive\/category\/veranstaltungen"},"img":{"alt_text":"","src":"https:\/\/i0.wp.com\/ralupo.me\/wp-content\/uploads\/2022\/02\/6CDEBC24-E0E1-4091-9699-5F5F1B62E0E6-scaled.jpeg?fit=1200%2C900&ssl=1&resize=350%2C200","width":350,"height":200,"srcset":"https:\/\/i0.wp.com\/ralupo.me\/wp-content\/uploads\/2022\/02\/6CDEBC24-E0E1-4091-9699-5F5F1B62E0E6-scaled.jpeg?fit=1200%2C900&ssl=1&resize=350%2C200 1x, https:\/\/i0.wp.com\/ralupo.me\/wp-content\/uploads\/2022\/02\/6CDEBC24-E0E1-4091-9699-5F5F1B62E0E6-scaled.jpeg?fit=1200%2C900&ssl=1&resize=525%2C300 1.5x, https:\/\/i0.wp.com\/ralupo.me\/wp-content\/uploads\/2022\/02\/6CDEBC24-E0E1-4091-9699-5F5F1B62E0E6-scaled.jpeg?fit=1200%2C900&ssl=1&resize=700%2C400 2x, https:\/\/i0.wp.com\/ralupo.me\/wp-content\/uploads\/2022\/02\/6CDEBC24-E0E1-4091-9699-5F5F1B62E0E6-scaled.jpeg?fit=1200%2C900&ssl=1&resize=1050%2C600 3x"},"classes":[]},{"id":2904,"url":"https:\/\/ralupo.me\/en\/archive\/2904","url_meta":{"origin":3015,"position":4},"title":"30 Jahre diplomatische Beziehungen","author":"Lupo","date":"17. January 2022","format":false,"excerpt":"Es w\u00e4re eine passende Gelegenheit gewesen: Am 17. Januar 1992 nahmen die Bundesrepublik und die unabh\u00e4ngig gewordenen Ukraine diplomatische Beziehungen auf. https:\/\/twitter.com\/MFA_Ukraine\/status\/1483102725911064586?s=20 Zum 30. Jahrestag weilte heute die deutsche Au\u00dfenministerin in Kyiv zu Gast, mitten in einer der gr\u00f6\u00dften europ\u00e4ischen sicherheitspolitischen Krise seit dem zweiten Weltkrieg. Im Vorfeld des Besuchs\u2026","rel":"","context":"In &quot;Eastbound&quot;","block_context":{"text":"Eastbound","link":"https:\/\/ralupo.me\/en\/archive\/category\/eastbound"},"img":{"alt_text":"","src":"https:\/\/i0.wp.com\/ralupo.me\/wp-content\/uploads\/2020\/08\/img_4864-scaled.jpg?fit=1200%2C900&ssl=1&resize=350%2C200","width":350,"height":200,"srcset":"https:\/\/i0.wp.com\/ralupo.me\/wp-content\/uploads\/2020\/08\/img_4864-scaled.jpg?fit=1200%2C900&ssl=1&resize=350%2C200 1x, https:\/\/i0.wp.com\/ralupo.me\/wp-content\/uploads\/2020\/08\/img_4864-scaled.jpg?fit=1200%2C900&ssl=1&resize=525%2C300 1.5x, https:\/\/i0.wp.com\/ralupo.me\/wp-content\/uploads\/2020\/08\/img_4864-scaled.jpg?fit=1200%2C900&ssl=1&resize=700%2C400 2x, https:\/\/i0.wp.com\/ralupo.me\/wp-content\/uploads\/2020\/08\/img_4864-scaled.jpg?fit=1200%2C900&ssl=1&resize=1050%2C600 3x"},"classes":[]},{"id":14563,"url":"https:\/\/ralupo.me\/en\/archive\/14563","url_meta":{"origin":3015,"position":5},"title":"Aufgelesen: Lupos Leseliste #19","author":"Lupo","date":"29. December 2024","format":false,"excerpt":"[:de] Endlich mal wieder Zeit f\u00fcr einen Medienr\u00fcckblick. Es war ja auch einiges los, in den vergangenen Tagen. In Kasachstan ist ein Flugzeug abgest\u00fcrzt, das eigentlich auf dem Weg von Baku nach Grosny war. Dabei wurde das Flugzeug mutma\u00dflich von russischen Flugabwehrgesch\u00fctzen getroffen und mu\u00dfte notlanden. Doch die Notlandung auf\u2026","rel":"","context":"In &quot;Aufgelesen&quot;","block_context":{"text":"Aufgelesen","link":"https:\/\/ralupo.me\/en\/archive\/category\/aufgelesen"},"img":{"alt_text":"","src":"https:\/\/i0.wp.com\/ralupo.me\/wp-content\/uploads\/2024\/12\/IMG_7809_jpg-scaled.jpeg?fit=1200%2C900&ssl=1&resize=350%2C200","width":350,"height":200,"srcset":"https:\/\/i0.wp.com\/ralupo.me\/wp-content\/uploads\/2024\/12\/IMG_7809_jpg-scaled.jpeg?fit=1200%2C900&ssl=1&resize=350%2C200 1x, https:\/\/i0.wp.com\/ralupo.me\/wp-content\/uploads\/2024\/12\/IMG_7809_jpg-scaled.jpeg?fit=1200%2C900&ssl=1&resize=525%2C300 1.5x, https:\/\/i0.wp.com\/ralupo.me\/wp-content\/uploads\/2024\/12\/IMG_7809_jpg-scaled.jpeg?fit=1200%2C900&ssl=1&resize=700%2C400 2x, https:\/\/i0.wp.com\/ralupo.me\/wp-content\/uploads\/2024\/12\/IMG_7809_jpg-scaled.jpeg?fit=1200%2C900&ssl=1&resize=1050%2C600 3x"},"classes":[]}],"jetpack_shortlink":"https:\/\/wp.me\/pcanHs-MD","_links":{"self":[{"href":"https:\/\/ralupo.me\/en\/wp-json\/wp\/v2\/posts\/3015","targetHints":{"allow":["GET"]}}],"collection":[{"href":"https:\/\/ralupo.me\/en\/wp-json\/wp\/v2\/posts"}],"about":[{"href":"https:\/\/ralupo.me\/en\/wp-json\/wp\/v2\/types\/post"}],"author":[{"embeddable":true,"href":"https:\/\/ralupo.me\/en\/wp-json\/wp\/v2\/users\/1"}],"replies":[{"embeddable":true,"href":"https:\/\/ralupo.me\/en\/wp-json\/wp\/v2\/comments?post=3015"}],"version-history":[{"count":0,"href":"https:\/\/ralupo.me\/en\/wp-json\/wp\/v2\/posts\/3015\/revisions"}],"wp:featuredmedia":[{"embeddable":true,"href":"https:\/\/ralupo.me\/en\/wp-json\/wp\/v2\/media\/3014"}],"wp:attachment":[{"href":"https:\/\/ralupo.me\/en\/wp-json\/wp\/v2\/media?parent=3015"}],"wp:term":[{"taxonomy":"category","embeddable":true,"href":"https:\/\/ralupo.me\/en\/wp-json\/wp\/v2\/categories?post=3015"},{"taxonomy":"post_tag","embeddable":true,"href":"https:\/\/ralupo.me\/en\/wp-json\/wp\/v2\/tags?post=3015"}],"curies":[{"name":"wp","href":"https:\/\/api.w.org\/{rel}","templated":true}]}}