{"id":2966,"date":"2022-01-22T17:35:36","date_gmt":"2022-01-22T16:35:36","guid":{"rendered":"https:\/\/ralupo.me\/?p=2966"},"modified":"2022-04-07T18:14:23","modified_gmt":"2022-04-07T16:14:23","slug":"abgesoffen","status":"publish","type":"post","link":"https:\/\/ralupo.me\/en\/archive\/2966","title":{"rendered":"Abgesoffen"},"content":{"rendered":"<span class=\"span-reading-time rt-reading-time\" style=\"display: block;\"><span class=\"rt-label rt-prefix\">Lesedauer<\/span> <span class=\"rt-time\"> 3<\/span> <span class=\"rt-label rt-postfix\">Minuten<\/span><\/span>\n<h5 class=\"wp-block-heading\" id=\"ein-deutscher-admiral-wunscht-sich-putin-als-partner-heisst-die-krim-verloren-und-will-mit-dem-christlichen-russland-gegen-china-kampfen-der-eklat-ist-perfekt\">Ein deutscher Admiral w\u00fcnscht sich Putin als Partner, hei\u00dft die Krim verloren und will mit dem &#8220;christlichen Russland&#8221; gegen China k\u00e4mpfen. Der Eklat ist perfekt. <\/h5>\n\n\n\n<p class=\"wp-block-paragraph\">Der deutsche Vize-Admiral und Chef der deutschen Bundesmarine, Kay Achim Sch\u00f6nbach, hat sich bei einem Auftritt in Indien mit merkw\u00fcrdigen \u00c4u\u00dferungen blamiert. W\u00e4hrend sich die NATO und die EU gegen eine weitere Invasion Russlands in die Ukraine stemmen, deren offenes Ziel die Verschiebung der europ\u00e4ischen Sicherheitsarchitektur ist, w\u00fcnscht sich der bekennende christliche Vize-Admiral &#8220;das christliche Russland als Partner gegen China&#8221;. <\/p>\n\n\n\n<figure class=\"wp-block-embed is-type-rich is-provider-twitter wp-block-embed-twitter\"><div class=\"wp-block-embed__wrapper\">\n<blockquote class=\"twitter-tweet\" data-width=\"500\" data-dnt=\"true\"><p lang=\"en\" dir=\"ltr\">&quot;Does Russia really wants a small tiny strip of Ukraine soil? Or integrate in the country, no this is nonsense..Putin is probably puting pressure, cz he knows he can do it &amp; it splits the EU..but what he really wants is high level respect&quot;, says German Navy Chief in Delhi <a href=\"https:\/\/t.co\/qDeqQp408X\">https:\/\/t.co\/qDeqQp408X<\/a> <a href=\"https:\/\/t.co\/MICZ0O7U78\">pic.twitter.com\/MICZ0O7U78<\/a><\/p>&mdash; Sidhant Sibal (@sidhant) <a href=\"https:\/\/twitter.com\/sidhant\/status\/1484608264142987268?ref_src=twsrc%5Etfw\">January 21, 2022<\/a><\/blockquote><script async src=\"https:\/\/platform.twitter.com\/widgets.js\" charset=\"utf-8\"><\/script>\n<\/div><\/figure>\n\n\n\n<p class=\"wp-block-paragraph\">Der erkl\u00e4rterma\u00dfen &#8220;sehr radikale r\u00f6misch-katholische Christ&#8221; h\u00e4tte gegen China, von dem er die \u201ewahre Bedrohung\u201c auszugehen sieht, gerne ein &#8220;christliches Land wie Russland&#8221; an seiner Seite.Die Krim sei eben weg und wird &#8220;nicht wiederkommen&#8221;. Dass der amtierende Pr\u00e4sident des christlichen Russland ein ehemaliger KP-Kader und Atheist ist, st\u00f6rt ihn nicht weiter. Wie es mit dem christlichen Glauben vereinbar sein soll, wenn ein christliches Land ein anderes christliches Land \u00fcberf\u00e4llt, war auch nicht plausibel zu von ihm zu h\u00f6ren. <\/p>\n\n\n\n<p class=\"wp-block-paragraph\">Dem guten Mann scheint offenbar die Seeluft nicht gut bekommen zu sein, denn weiter wird er zitiert, man m\u00fcsse benennen, was China wirklich tue: N\u00e4mlich Geld an Kriminelle, M\u00f6rder und Diktatoren zu geben&#8221;. Das mag vielleicht sogar stimmen &#8211; aber weshalb ihm das bei Putin, der offenkundig das selbe tut, egal ist, erstaunt dann doch. Erinnert sei an die Auslandsreisen der S\u00f6ldner-Gruppe \u201eWagner\u201c und das Engagement zugunsten erlauchter Herren wie  Lukaschenko in Belarus und Assad in Syrien. <\/p>\n\n\n\n<figure class=\"wp-block-image size-medium\"><a href=\"https:\/\/vm.tiktok.com\/ZMLCN4mXn\/\"><img data-recalc-dims=\"1\" decoding=\"async\" width=\"300\" height=\"137\" data-attachment-id=\"4009\" data-permalink=\"https:\/\/ralupo.me\/en\/bild-3-jpg\" data-orig-file=\"https:\/\/i0.wp.com\/ralupo.me\/wp-content\/uploads\/2022\/04\/bild-3.jpg?fit=2030%2C924&amp;ssl=1\" data-orig-size=\"2030,924\" data-comments-opened=\"1\" data-image-meta=\"{&quot;aperture&quot;:&quot;0&quot;,&quot;credit&quot;:&quot;&quot;,&quot;camera&quot;:&quot;&quot;,&quot;caption&quot;:&quot;&quot;,&quot;created_timestamp&quot;:&quot;0&quot;,&quot;copyright&quot;:&quot;&quot;,&quot;focal_length&quot;:&quot;0&quot;,&quot;iso&quot;:&quot;0&quot;,&quot;shutter_speed&quot;:&quot;0&quot;,&quot;title&quot;:&quot;&quot;,&quot;orientation&quot;:&quot;1&quot;}\" data-image-title=\"bild-3.jpg\" data-image-description=\"\" data-image-caption=\"\" data-medium-file=\"https:\/\/i0.wp.com\/ralupo.me\/wp-content\/uploads\/2022\/04\/bild-3.jpg?fit=300%2C137&amp;ssl=1\" data-large-file=\"https:\/\/i0.wp.com\/ralupo.me\/wp-content\/uploads\/2022\/04\/bild-3.jpg?fit=1024%2C466&amp;ssl=1\" src=\"https:\/\/i0.wp.com\/ralupo.me\/wp-content\/uploads\/2022\/04\/bild-3.jpg?resize=300%2C137&#038;ssl=1\" alt=\"\" class=\"wp-image-4009\" srcset=\"https:\/\/i0.wp.com\/ralupo.me\/wp-content\/uploads\/2022\/04\/bild-3.jpg?resize=300%2C137&amp;ssl=1 300w, https:\/\/i0.wp.com\/ralupo.me\/wp-content\/uploads\/2022\/04\/bild-3.jpg?resize=600%2C273&amp;ssl=1 600w, https:\/\/i0.wp.com\/ralupo.me\/wp-content\/uploads\/2022\/04\/bild-3.jpg?resize=1024%2C466&amp;ssl=1 1024w, https:\/\/i0.wp.com\/ralupo.me\/wp-content\/uploads\/2022\/04\/bild-3.jpg?resize=768%2C350&amp;ssl=1 768w, https:\/\/i0.wp.com\/ralupo.me\/wp-content\/uploads\/2022\/04\/bild-3.jpg?resize=1536%2C699&amp;ssl=1 1536w, https:\/\/i0.wp.com\/ralupo.me\/wp-content\/uploads\/2022\/04\/bild-3.jpg?resize=1200%2C546&amp;ssl=1 1200w, https:\/\/i0.wp.com\/ralupo.me\/wp-content\/uploads\/2022\/04\/bild-3.jpg?resize=150%2C68&amp;ssl=1 150w, https:\/\/i0.wp.com\/ralupo.me\/wp-content\/uploads\/2022\/04\/bild-3.jpg?resize=1320%2C601&amp;ssl=1 1320w, https:\/\/i0.wp.com\/ralupo.me\/wp-content\/uploads\/2022\/04\/bild-3.jpg?w=2030&amp;ssl=1 2030w\" sizes=\"(max-width: 300px) 100vw, 300px\" \/><\/a><\/figure>\n\n\n\n<p class=\"wp-block-paragraph\">Die seltsame Russland- und Putin-Blindheit scheint leider in den F\u00fchrungsetagen der Bundesrepublik ein immer grassierenderes Problem zu sein. Dass Putin Diktatoren wie Lukaschenko in Belarus oder Assat in Syrien aktiv unterst\u00fctzt, scheint dem Marine-Offizier offenbar entgangen zu sein. <\/p>\n\n\n\n<figure class=\"wp-block-embed is-type-rich is-provider-twitter wp-block-embed-twitter\"><div class=\"wp-block-embed__wrapper\">\nhttps:\/\/twitter.com\/chiefdeunavy\/status\/1484873540755152898?s=20\n<\/div><\/figure>\n\n\n\n<p class=\"wp-block-paragraph\">Vom Bendler-Block, dem die \u00c4u\u00dferungen wohl sauer aufgesto\u00dfen sind, wurde der Admiral nun zur\u00fcckgepfiffen und durfte seine \u00c4u\u00dferungen klarstellen. Mittlerweile hat man entschieden: Sch\u00f6nbach muss gehen.<\/p>\n\n\n<div class=\"vlp-link-container vlp-template-default wp-block-visual-link-preview-link\">\n\t<a href=\"https:\/\/www.spiegel.de\/politik\/deutscher-marinechef-kay-achim-schoenbach-muss-gehen-a-454d5539-5d6a-4880-ba23-21ee7e363dc0\" class=\"vlp-link\" title=\"Deutscher Marinechef Kay-Achim Sch\u00f6nbach muss gehen\" rel=\"nofollow\" target=\"_blank\"><\/a>\t\t<div class=\"vlp-link-image-container\">\n\t\t<div class=\"vlp-link-image\">\n\t\t\t<img data-recalc-dims=\"1\" decoding=\"async\" src=\"https:\/\/i0.wp.com\/cdn.prod.www.spiegel.de\/images\/bc536d4f-dd3d-460b-9474-a2bae02ce9c6_w1280_r1.77_fpx35.47_fpy49.98.jpg?ssl=1\" style=\"max-width: 150px; max-height: 150px\" \/>\t\t<\/div>\n\t<\/div>\n\t\t<div class=\"vlp-link-text-container\">\n\t\t\t\t<div class=\"vlp-link-title\">\n\t\t\tDeutscher Marinechef Kay-Achim Sch\u00f6nbach muss gehen\t\t<\/div>\n\t\t\t\t\t\t<div class=\"vlp-link-summary\">\n\t\t\tBei einem Besuch in Indien hatte Marinechef Sch\u00f6nbach irritierende \u00c4u\u00dferungen zum Ukraine-Konflikt gemacht. Nun muss er nach SPIEGEL-Informationen den Hut nehmen.\t\t<\/div>\n\t\t\t<\/div>\n<\/div>\n\n\n\n<p class=\"wp-block-paragraph\">Neben Kritik erh\u00e4lt er \u00fcbrigens in der Presse auch Zustimmung: Von Russia Today. <em>RT-Deutschland<\/em> schreibt: &#8220;Chef der deutschen Marine zeigt Mut zu eigener Meinung&#8221;. Wenn man irgendwo auf der Welt irgendetwas sch\u00e4tzt, dann sind es Milit\u00e4rs, die ihre eigene Meinung mutig kundtun. Die Rote Armee ist da sicher ein Paradebeispiel.<\/p>\n\n\n<div class=\"vlp-link-container vlp-template-default wp-block-visual-link-preview-link\">\n\t<a href=\"https:\/\/www.reuters.com\/world\/german-government-distances-itself-navy-chiefs-comments-putin-2022-01-22\/?taid=61ec49abe941150001c73b7c&amp;utm_campaign=trueAnthem:+Trending+Content&amp;utm_medium=trueAnthem&amp;utm_source=twitter\" class=\"vlp-link\" title=\"Germany distances itself from navy chief\u2019s comments on Putin\" rel=\"nofollow\" target=\"_blank\"><\/a>\t\t<div class=\"vlp-link-image-container\">\n\t\t<div class=\"vlp-link-image\">\n\t\t\t<img data-recalc-dims=\"1\" decoding=\"async\" src=\"https:\/\/i0.wp.com\/www.reuters.com\/resizer\/KhCbwkjJVCzL9ZnvKKN6QAOaZfE%3D\/1200x628\/smart\/filters%3Aquality%2880%29\/cloudfront-us-east-2.images.arcpublishing.com\/reuters\/HDPZUNNXURPFNNU6VJ4PNNPQSI.jpg?ssl=1\" style=\"max-width: 150px; max-height: 150px\" \/>\t\t<\/div>\n\t<\/div>\n\t\t<div class=\"vlp-link-text-container\">\n\t\t\t\t<div class=\"vlp-link-title\">\n\t\t\tGermany distances itself from navy chief\u2019s comments on Putin\t\t<\/div>\n\t\t\t\t\t\t<div class=\"vlp-link-summary\">\n\t\t\tThe German government on Saturday distanced itself from comments made by its navy chief after video footage emerged in which the vice-admiral said Russian President Vladimir Putin deserved respect and that Kyiv would never win back annexed Crimea from Moscow.\t\t<\/div>\n\t\t\t<\/div>\n<\/div>\n\n\n\n<p class=\"wp-block-paragraph\">Man kann nur hoffen, dass diese Peinlichkeit personelle Konsequenzen hat. Zumindest sollte er die n\u00e4chste Zeit das Deck schrubben. Oder direkt bei Putin anheuern. <\/p>\n\n\n\n<p class=\"wp-block-paragraph\"><em>Reuters<\/em> zitiert mittlerweile den ukrainischen Au\u00dfenminister Dmytro Kuleba mit deutlichen Worten:<\/p>\n\n\n\n<blockquote class=\"wp-block-quote is-layout-flow wp-block-quote-is-layout-flow\"><p>&#8220;Ukraine is grateful to Germany for the support it has already provided since 2014, as well as for the diplomatic efforts to resolve the Russian-Ukrainian armed conflict. But Germany&#8217;s current statements are disappointing and run counter to that support and effort\u201c. <\/p><cite>Dmytro Kuleba<\/cite><\/blockquote>\n\n\n\n<hr class=\"wp-block-separator\"\/>\n\n\n\n<p class=\"wp-block-paragraph\"><strong>Die Wortmeldung aus Kyiv l\u00e4sst nicht lange auf sich warten. Damit w\u00e4re dann auch ein diplomatischer Eklat perfekt.<\/strong><\/p>\n\n\n\n<blockquote class=\"wp-block-quote is-layout-flow wp-block-quote-is-layout-flow\"><p>Diesbez\u00fcglich bedarf es einer Kl\u00e4rung seitens der Bundesregierung, wie die Worte des Kommandanten der Marine mit der fortgesetzten Unterst\u00fctzung Deutschlands der Krimplattform korrelieren.Besonders \u00fcberrascht waren wir \u00fcber die Gef\u00fchle von Herrn Shenbakh \u00fcber die Notwendigkeit, den Dialog mit Russland wieder aufzunehmen, w\u00e4hrend die Zahl der Opfer der russischen Aggression bereits 14.000 \u00fcberschritten hat und \u00fcber hundert russische Armee mitgestickt wurden der ukrainische Staat die Grenze, am Donbas weiter t\u00f6ten Menschen aus russischen Kugeln, und die Krim hat sich in ein Ghetto der Menschenrechte und einen bis an die Z\u00e4hne bewaffneten Flugzeugtr\u00e4ger verwandelt, was eine Bedrohung f\u00fcr die gesamte Schwarzmeerregion darstellt. russische Geheimdienste zerst\u00f6ren auf dem Gebiet Deutschlands politische Gegner, f\u00fchren Fehlinformationskampagnen durch und versuchen in innere Angelegenheiten einzugreifen. (&#8230;) Wir fordern von der deutschen Regierung, die \u00c4u\u00dferungen des Inspekteurs der Marine Deutschlands, die die Souver\u00e4nit\u00e4t und territoriale Integrit\u00e4t der Ukraine in Frage stellen und die Bem\u00fchungen um eine Deeskalation der Sicherheitslage in Europa unterlaufen, \u00f6ffentlich zu widerrufen.<\/p><cite>Sprecher des Au\u00dfenministeriums der Ukraine, Oleg Nikolenko<\/cite><\/blockquote>\n","protected":false},"excerpt":{"rendered":"<p>Ein deutscher Admiral w\u00fcnscht sich Putin als Partner, hei\u00dft die Krim verloren und will mit dem &#8220;christlichen Russland&#8221; gegen China k\u00e4mpfen. Der Eklat ist perfekt. Der deutsche Vize-Admiral und Chef [&hellip;]<\/p>\n","protected":false},"author":1,"featured_media":1528,"comment_status":"open","ping_status":"open","sticky":false,"template":"","format":"standard","meta":{"_crdt_document":"","advanced_seo_description":"","jetpack_seo_html_title":"","jetpack_seo_noindex":false,"_EventAllDay":false,"_EventTimezone":"","_EventStartDate":"","_EventEndDate":"","_EventStartDateUTC":"","_EventEndDateUTC":"","_EventShowMap":false,"_EventShowMapLink":false,"_EventURL":"","_EventCost":"","_EventCostDescription":"","_EventCurrencySymbol":"","_EventCurrencyCode":"","_EventCurrencyPosition":"","_EventDateTimeSeparator":"","_EventTimeRangeSeparator":"","_EventOrganizerID":[],"_EventVenueID":[],"_OrganizerEmail":"","_OrganizerPhone":"","_OrganizerWebsite":"","_VenueAddress":"","_VenueCity":"","_VenueCountry":"","_VenueProvince":"","_VenueState":"","_VenueZip":"","_VenuePhone":"","_VenueURL":"","_VenueStateProvince":"","_VenueLat":"","_VenueLng":"","_VenueShowMap":false,"_VenueShowMapLink":false,"jetpack_post_was_ever_published":false,"_jetpack_newsletter_access":"","_jetpack_dont_email_post_to_subs":false,"_jetpack_newsletter_tier_id":0,"_jetpack_memberships_contains_paywalled_content":false,"_jetpack_memberships_contains_paid_content":false,"footnotes":""},"categories":[12],"tags":[315,333,25],"class_list":["post-2966","post","type-post","status-publish","format-standard","has-post-thumbnail","hentry","category-teilnehmende-beobachtung","tag-politik","tag-russland","tag-ukraine"],"jetpack_featured_media_url":"https:\/\/i0.wp.com\/ralupo.me\/wp-content\/uploads\/2021\/06\/955A2357-4C94-4C25-84A6-5E4F26529E3C-scaled.jpeg?fit=2560%2C1440&ssl=1","jetpack_sharing_enabled":true,"jetpack-related-posts":[{"id":2986,"url":"https:\/\/ralupo.me\/en\/archive\/2986","url_meta":{"origin":2966,"position":0},"title":"Bilanz eines Wochenendes","author":"Lupo","date":"24. January 2022","format":false,"excerpt":"In der vergangenen Woche wurde noch der 30. Jahrestag der Aufnahme der deutsch-ukrainischen diplomatischen Beziehungen begangen und die deutsche Au\u00dfenministerin in Kyiv empfangen. Nur wenige Tage sp\u00e4ter wurde die deutsche Botschafterin ins ukrainische Au\u00dfenministerium einbestellt, um das Unverst\u00e4ndnis der ukrainischen Seite \u00fcber die j\u00fcngsten Vorkommnisse entgegenzunehmen. Zwischen Staaten, die erkl\u00e4rterma\u00dfen\u2026","rel":"","context":"In &quot;Aufgelesen&quot;","block_context":{"text":"Aufgelesen","link":"https:\/\/ralupo.me\/en\/archive\/category\/aufgelesen"},"img":{"alt_text":"","src":"https:\/\/i0.wp.com\/ralupo.me\/wp-content\/uploads\/2022\/01\/img_1761.jpg?fit=1092%2C819&ssl=1&resize=350%2C200","width":350,"height":200,"srcset":"https:\/\/i0.wp.com\/ralupo.me\/wp-content\/uploads\/2022\/01\/img_1761.jpg?fit=1092%2C819&ssl=1&resize=350%2C200 1x, https:\/\/i0.wp.com\/ralupo.me\/wp-content\/uploads\/2022\/01\/img_1761.jpg?fit=1092%2C819&ssl=1&resize=525%2C300 1.5x, https:\/\/i0.wp.com\/ralupo.me\/wp-content\/uploads\/2022\/01\/img_1761.jpg?fit=1092%2C819&ssl=1&resize=700%2C400 2x, https:\/\/i0.wp.com\/ralupo.me\/wp-content\/uploads\/2022\/01\/img_1761.jpg?fit=1092%2C819&ssl=1&resize=1050%2C600 3x"},"classes":[]},{"id":14893,"url":"https:\/\/ralupo.me\/en\/archive\/14893","url_meta":{"origin":2966,"position":1},"title":"Keine Zeit f\u00fcr Russlandromantik","author":"Lupo","date":"18. May 2025","format":false,"excerpt":"[:de] In einem, wie ich finde, bemerkenswerten Beitrag warnt Anna Schiller im Newsletter \"Der andere Blick\" f\u00fcr die NZZ vor einem Wiedererstarken deutscher Russlandromantik. Einerseits hat Kanzler Friedrich Merz gleich zu Beginn seiner Amtszeit die klare au\u00dfenpolitische Botschaft gesendet, dass Deutschland fest an der Seite der Ukraine steht \u2013 politisch,\u2026","rel":"","context":"In &quot;Politik&quot;","block_context":{"text":"Politik","link":"https:\/\/ralupo.me\/en\/archive\/category\/politik"},"img":{"alt_text":"","src":"https:\/\/i0.wp.com\/ralupo.me\/wp-content\/uploads\/2025\/05\/IMG_2759-scaled.jpg?fit=1200%2C900&ssl=1&resize=350%2C200","width":350,"height":200,"srcset":"https:\/\/i0.wp.com\/ralupo.me\/wp-content\/uploads\/2025\/05\/IMG_2759-scaled.jpg?fit=1200%2C900&ssl=1&resize=350%2C200 1x, https:\/\/i0.wp.com\/ralupo.me\/wp-content\/uploads\/2025\/05\/IMG_2759-scaled.jpg?fit=1200%2C900&ssl=1&resize=525%2C300 1.5x, https:\/\/i0.wp.com\/ralupo.me\/wp-content\/uploads\/2025\/05\/IMG_2759-scaled.jpg?fit=1200%2C900&ssl=1&resize=700%2C400 2x, https:\/\/i0.wp.com\/ralupo.me\/wp-content\/uploads\/2025\/05\/IMG_2759-scaled.jpg?fit=1200%2C900&ssl=1&resize=1050%2C600 3x"},"classes":[]},{"id":15373,"url":"https:\/\/ralupo.me\/en\/archive\/15373","url_meta":{"origin":2966,"position":2},"title":"&#8220;Land ohne Zukunft&#8221; &#8211; Russland im vierten Kriegsjahr","author":"Lupo","date":"8. February 2026","format":false,"excerpt":"[:de] Der gro\u00dfangelegte \u00dcberfall Russlands j\u00e4hrt sich in wenigen Wochen nun zum vierten Mal. Erst k\u00fcrzlich wurde vermerkt, dass der Krieg Russlands gegen die Ukraine nun schon l\u00e4nger dauert als der sogenannte \u201eGro\u00dfe vaterl\u00e4ndische Krieg\u201c, mit dem der Krieg der UdSSR gegen Nazi-Deutschland bezeichnet wird. Anl\u00e4sslich des anstehenden vierten Jahrestages\u2026","rel":"","context":"In &quot;Politik&quot;","block_context":{"text":"Politik","link":"https:\/\/ralupo.me\/en\/archive\/category\/politik"},"img":{"alt_text":"","src":"https:\/\/i0.wp.com\/ralupo.me\/wp-content\/uploads\/2025\/06\/DSCF8190.jpg?fit=1200%2C802&ssl=1&resize=350%2C200","width":350,"height":200,"srcset":"https:\/\/i0.wp.com\/ralupo.me\/wp-content\/uploads\/2025\/06\/DSCF8190.jpg?fit=1200%2C802&ssl=1&resize=350%2C200 1x, https:\/\/i0.wp.com\/ralupo.me\/wp-content\/uploads\/2025\/06\/DSCF8190.jpg?fit=1200%2C802&ssl=1&resize=525%2C300 1.5x, https:\/\/i0.wp.com\/ralupo.me\/wp-content\/uploads\/2025\/06\/DSCF8190.jpg?fit=1200%2C802&ssl=1&resize=700%2C400 2x, https:\/\/i0.wp.com\/ralupo.me\/wp-content\/uploads\/2025\/06\/DSCF8190.jpg?fit=1200%2C802&ssl=1&resize=1050%2C600 3x"},"classes":[]},{"id":9925,"url":"https:\/\/ralupo.me\/en\/archive\/9925","url_meta":{"origin":2966,"position":3},"title":"Gemeinsame Erkl\u00e4rung der Ukraine und Deutschlands","author":"Lupo","date":"15. May 2023","format":false,"excerpt":"[:de]Kein Land w\u00fcnscht sich Frieden sehnlicher als die Ukraine. Deutschland unterst\u00fctzt die Initiative der Ukraine f\u00fcr einen gerechten und dauerhaften Frieden im Einklang mit der VN-Charta auf der Grundlage der Souver\u00e4nit\u00e4t und territorialen Unversehrtheit der Ukraine, wie in Pr\u00e4sident Selenskys Friedensformel dargelegt, die Ausgangspunkt f\u00fcr weitere Beratungen ist. Deutschland steht\u2026","rel":"","context":"In &quot;Europa&quot;","block_context":{"text":"Europa","link":"https:\/\/ralupo.me\/en\/archive\/category\/europa"},"img":{"alt_text":"","src":"https:\/\/i0.wp.com\/ralupo.me\/wp-content\/uploads\/2022\/05\/692B2457-1920-4CCA-AFA6-D58A4547C43D-scaled.jpeg?fit=1200%2C900&ssl=1&resize=350%2C200","width":350,"height":200,"srcset":"https:\/\/i0.wp.com\/ralupo.me\/wp-content\/uploads\/2022\/05\/692B2457-1920-4CCA-AFA6-D58A4547C43D-scaled.jpeg?fit=1200%2C900&ssl=1&resize=350%2C200 1x, https:\/\/i0.wp.com\/ralupo.me\/wp-content\/uploads\/2022\/05\/692B2457-1920-4CCA-AFA6-D58A4547C43D-scaled.jpeg?fit=1200%2C900&ssl=1&resize=525%2C300 1.5x, https:\/\/i0.wp.com\/ralupo.me\/wp-content\/uploads\/2022\/05\/692B2457-1920-4CCA-AFA6-D58A4547C43D-scaled.jpeg?fit=1200%2C900&ssl=1&resize=700%2C400 2x, https:\/\/i0.wp.com\/ralupo.me\/wp-content\/uploads\/2022\/05\/692B2457-1920-4CCA-AFA6-D58A4547C43D-scaled.jpeg?fit=1200%2C900&ssl=1&resize=1050%2C600 3x"},"classes":[]},{"id":3948,"url":"https:\/\/ralupo.me\/en\/archive\/3948","url_meta":{"origin":2966,"position":4},"title":"Neue T\u00f6ne aus Kasachstan","author":"Lupo","date":"6. April 2022","format":false,"excerpt":"[:de] Gleich zu Beginn des Jahres 2022 geriet die ehemalige Sowjet-Republik Kasachstan in die internationalen Schlagzeilen, als sich der Unmut \u00fcber die wirtschaftliche und politische Lage Bann brach und es landesweit zu Aufst\u00e4nden und Unruhen kam. Dramatische Bilder gab es insbesondere aus der ehemaligen Hauptstadt Almaty, mehrere Regierungsgeb\u00e4ude gingen in\u2026","rel":"","context":"In &quot;Politik&quot;","block_context":{"text":"Politik","link":"https:\/\/ralupo.me\/en\/archive\/category\/politik"},"img":{"alt_text":"","src":"https:\/\/i0.wp.com\/ralupo.me\/wp-content\/uploads\/2020\/08\/img_2282.jpg?fit=1200%2C726&ssl=1&resize=350%2C200","width":350,"height":200,"srcset":"https:\/\/i0.wp.com\/ralupo.me\/wp-content\/uploads\/2020\/08\/img_2282.jpg?fit=1200%2C726&ssl=1&resize=350%2C200 1x, https:\/\/i0.wp.com\/ralupo.me\/wp-content\/uploads\/2020\/08\/img_2282.jpg?fit=1200%2C726&ssl=1&resize=525%2C300 1.5x, https:\/\/i0.wp.com\/ralupo.me\/wp-content\/uploads\/2020\/08\/img_2282.jpg?fit=1200%2C726&ssl=1&resize=700%2C400 2x, https:\/\/i0.wp.com\/ralupo.me\/wp-content\/uploads\/2020\/08\/img_2282.jpg?fit=1200%2C726&ssl=1&resize=1050%2C600 3x"},"classes":[]},{"id":3023,"url":"https:\/\/ralupo.me\/en\/archive\/3023","url_meta":{"origin":2966,"position":5},"title":"F\u00fcnftausend Helme f\u00fcr Kyiv","author":"Lupo","date":"26. January 2022","format":false,"excerpt":"Die Bundesregierung hat ihr Potential, das Ansehen Deutschlands in der Welt zu ramponieren, noch nicht ausgesch\u00f6pft. Zur Abwehr einer russischen Invasion liefert man jetzt 5.000 Helme in die Ukraine. Berlin. Die Bundesregierung hat noch einmal betont, dass man sich international noch nicht genug blamiert und das Maximum an Peinlichkeit, mit\u2026","rel":"","context":"In &quot;Teilnehmende Beobachtung&quot;","block_context":{"text":"Teilnehmende Beobachtung","link":"https:\/\/ralupo.me\/en\/archive\/category\/teilnehmende-beobachtung"},"img":{"alt_text":"","src":"https:\/\/i0.wp.com\/ralupo.me\/wp-content\/uploads\/2022\/01\/img_2914-scaled.jpg?fit=1200%2C900&ssl=1&resize=350%2C200","width":350,"height":200,"srcset":"https:\/\/i0.wp.com\/ralupo.me\/wp-content\/uploads\/2022\/01\/img_2914-scaled.jpg?fit=1200%2C900&ssl=1&resize=350%2C200 1x, https:\/\/i0.wp.com\/ralupo.me\/wp-content\/uploads\/2022\/01\/img_2914-scaled.jpg?fit=1200%2C900&ssl=1&resize=525%2C300 1.5x, https:\/\/i0.wp.com\/ralupo.me\/wp-content\/uploads\/2022\/01\/img_2914-scaled.jpg?fit=1200%2C900&ssl=1&resize=700%2C400 2x, https:\/\/i0.wp.com\/ralupo.me\/wp-content\/uploads\/2022\/01\/img_2914-scaled.jpg?fit=1200%2C900&ssl=1&resize=1050%2C600 3x"},"classes":[]}],"jetpack_shortlink":"https:\/\/wp.me\/pcanHs-LQ","_links":{"self":[{"href":"https:\/\/ralupo.me\/en\/wp-json\/wp\/v2\/posts\/2966","targetHints":{"allow":["GET"]}}],"collection":[{"href":"https:\/\/ralupo.me\/en\/wp-json\/wp\/v2\/posts"}],"about":[{"href":"https:\/\/ralupo.me\/en\/wp-json\/wp\/v2\/types\/post"}],"author":[{"embeddable":true,"href":"https:\/\/ralupo.me\/en\/wp-json\/wp\/v2\/users\/1"}],"replies":[{"embeddable":true,"href":"https:\/\/ralupo.me\/en\/wp-json\/wp\/v2\/comments?post=2966"}],"version-history":[{"count":0,"href":"https:\/\/ralupo.me\/en\/wp-json\/wp\/v2\/posts\/2966\/revisions"}],"wp:featuredmedia":[{"embeddable":true,"href":"https:\/\/ralupo.me\/en\/wp-json\/wp\/v2\/media\/1528"}],"wp:attachment":[{"href":"https:\/\/ralupo.me\/en\/wp-json\/wp\/v2\/media?parent=2966"}],"wp:term":[{"taxonomy":"category","embeddable":true,"href":"https:\/\/ralupo.me\/en\/wp-json\/wp\/v2\/categories?post=2966"},{"taxonomy":"post_tag","embeddable":true,"href":"https:\/\/ralupo.me\/en\/wp-json\/wp\/v2\/tags?post=2966"}],"curies":[{"name":"wp","href":"https:\/\/api.w.org\/{rel}","templated":true}]}}