{"id":2904,"date":"2022-01-17T18:16:56","date_gmt":"2022-01-17T18:16:56","guid":{"rendered":"https:\/\/ralupo.me\/?p=2904"},"modified":"2022-01-18T19:22:50","modified_gmt":"2022-01-18T19:22:50","slug":"30-jahre-diplomatische-beziehungen","status":"publish","type":"post","link":"https:\/\/ralupo.me\/en\/archive\/2904","title":{"rendered":"30 Jahre diplomatische Beziehungen"},"content":{"rendered":"<span class=\"span-reading-time rt-reading-time\" style=\"display: block;\"><span class=\"rt-label rt-prefix\">Lesedauer<\/span> <span class=\"rt-time\"> 3<\/span> <span class=\"rt-label rt-postfix\">Minuten<\/span><\/span>\n<p class=\"wp-block-paragraph\">Es w\u00e4re eine passende Gelegenheit gewesen: Am 17. Januar 1992 nahmen die Bundesrepublik und die unabh\u00e4ngig gewordenen Ukraine diplomatische Beziehungen auf. <\/p>\n\n\n\n<figure class=\"wp-block-embed aligncenter is-type-rich is-provider-twitter wp-block-embed-twitter\"><div class=\"wp-block-embed__wrapper\">\n<blockquote class=\"twitter-tweet\" data-width=\"500\" data-dnt=\"true\"><p lang=\"de\" dir=\"ltr\">Heute feiern die Ukraine und Deutschland den 30. Jahrestag der Wiederherstellung der diplomatischen Beziehungen. Lassen Sie uns gemeinsam dieses symbolische Datum als Ausgangspunkt f\u00fcr eine neue \u00c4ra unserer verst\u00e4rkten Partnerschaft innerhalb der EU und NATO nutzen! <a href=\"https:\/\/t.co\/Qgd116bk82\">pic.twitter.com\/Qgd116bk82<\/a><\/p>&mdash; MFA of Ukraine \ud83c\uddfa\ud83c\udde6 (@MFA_Ukraine) <a href=\"https:\/\/twitter.com\/MFA_Ukraine\/status\/1483102725911064586?ref_src=twsrc%5Etfw\">January 17, 2022<\/a><\/blockquote><script async src=\"https:\/\/platform.twitter.com\/widgets.js\" charset=\"utf-8\"><\/script>\n<\/div><\/figure>\n\n\n\n<p class=\"wp-block-paragraph\">Zum 30. Jahrestag weilte heute die deutsche Au\u00dfenministerin in Kyiv zu Gast, mitten in einer der gr\u00f6\u00dften europ\u00e4ischen sicherheitspolitischen Krise seit dem zweiten Weltkrieg. Im Vorfeld des Besuchs hatte der ukrainische Botschafter in Deutschland nachdr\u00fccklich milit\u00e4rische Unterst\u00fctzung f\u00fcr die Ukraine in Form von Waffenlieferungen gefordert. <\/p>\n\n\n<div class=\"vlp-link-container vlp-template-default wp-block-visual-link-preview-link\">\n\t<a href=\"https:\/\/www.tagesspiegel.de\/politik\/gleiche-verantwortung-wie-fuer-israel-ukrainischer-botschafter-fordert-waffen-von-deutschland\/27960408.html\" class=\"vlp-link\" title=\"Ukrainischer Botschafter fordert Waffen von Deutschland\" rel=\"nofollow\" target=\"_blank\"><\/a>\t\t<div class=\"vlp-link-image-container\">\n\t\t<div class=\"vlp-link-image\">\n\t\t\t<img data-recalc-dims=\"1\" decoding=\"async\" src=\"https:\/\/i0.wp.com\/www.tagesspiegel.de\/images\/ukrainian-armed-forces-hold-drills-near-the-border-of-russian-annexed-crimea-in-southern-ukraine\/27960458\/1-format530.jpg?ssl=1\" style=\"max-width: 150px; max-height: 150px\" \/>\t\t<\/div>\n\t<\/div>\n\t\t<div class=\"vlp-link-text-container\">\n\t\t\t\t<div class=\"vlp-link-title\">\n\t\t\tUkrainischer Botschafter fordert Waffen von Deutschland\t\t<\/div>\n\t\t\t\t\t\t<div class=\"vlp-link-summary\">\n\t\t\tDie Ukraine erwarte \u201emassive milit\u00e4rische Unterst\u00fctzung\u201c aus Deutschland, sagt ihr Botschafter. So k\u00f6nne eine russische Invasion verhindert werden.\t\t<\/div>\n\t\t\t<\/div>\n<\/div>\n\n\n\n<p class=\"wp-block-paragraph\">Doch die gr\u00fcne Au\u00dfenministerin wollte dem Wunsch nicht nachkommen, stattdessen k\u00fcndigte sie ein weiteres Mal an, eine russische Eskalation h\u00e4tte ernste Folgen und immerhin: &#8220;Kein Land hat das Recht, anderen L\u00e4ndern vorzuschreiben, in welche Richtung es gehen und welche B\u00fcndnisse es eingehen darf.&#8221;<\/p>\n\n\n\n<div class=\"wp-block-image\"><figure class=\"alignleft size-large is-resized\"><img data-recalc-dims=\"1\" decoding=\"async\" data-attachment-id=\"2903\" data-permalink=\"https:\/\/ralupo.me\/en\/img_3926\" data-orig-file=\"https:\/\/i0.wp.com\/ralupo.me\/wp-content\/uploads\/2022\/01\/img_3926-scaled.jpg?fit=2560%2C1920&amp;ssl=1\" data-orig-size=\"2560,1920\" data-comments-opened=\"1\" data-image-meta=\"{&quot;aperture&quot;:&quot;0&quot;,&quot;credit&quot;:&quot;&quot;,&quot;camera&quot;:&quot;&quot;,&quot;caption&quot;:&quot;&quot;,&quot;created_timestamp&quot;:&quot;0&quot;,&quot;copyright&quot;:&quot;&quot;,&quot;focal_length&quot;:&quot;0&quot;,&quot;iso&quot;:&quot;0&quot;,&quot;shutter_speed&quot;:&quot;0&quot;,&quot;title&quot;:&quot;&quot;,&quot;orientation&quot;:&quot;0&quot;}\" data-image-title=\"img_3926\" data-image-description=\"\" data-image-caption=\"\" data-medium-file=\"https:\/\/i0.wp.com\/ralupo.me\/wp-content\/uploads\/2022\/01\/img_3926-scaled.jpg?fit=300%2C225&amp;ssl=1\" data-large-file=\"https:\/\/i0.wp.com\/ralupo.me\/wp-content\/uploads\/2022\/01\/img_3926-scaled.jpg?fit=1024%2C768&amp;ssl=1\" src=\"https:\/\/i0.wp.com\/ralupo.me\/wp-content\/uploads\/2022\/01\/img_3926.jpg?resize=256%2C192&#038;ssl=1\" alt=\"\" class=\"wp-image-2903\" width=\"256\" height=\"192\" srcset=\"https:\/\/i0.wp.com\/ralupo.me\/wp-content\/uploads\/2022\/01\/img_3926-scaled.jpg?resize=1024%2C768&amp;ssl=1 1024w, https:\/\/i0.wp.com\/ralupo.me\/wp-content\/uploads\/2022\/01\/img_3926-scaled.jpg?resize=600%2C450&amp;ssl=1 600w, https:\/\/i0.wp.com\/ralupo.me\/wp-content\/uploads\/2022\/01\/img_3926-scaled.jpg?resize=300%2C225&amp;ssl=1 300w, https:\/\/i0.wp.com\/ralupo.me\/wp-content\/uploads\/2022\/01\/img_3926-scaled.jpg?resize=768%2C576&amp;ssl=1 768w, https:\/\/i0.wp.com\/ralupo.me\/wp-content\/uploads\/2022\/01\/img_3926-scaled.jpg?resize=1536%2C1152&amp;ssl=1 1536w, https:\/\/i0.wp.com\/ralupo.me\/wp-content\/uploads\/2022\/01\/img_3926-scaled.jpg?resize=2048%2C1536&amp;ssl=1 2048w, https:\/\/i0.wp.com\/ralupo.me\/wp-content\/uploads\/2022\/01\/img_3926-scaled.jpg?resize=1200%2C900&amp;ssl=1 1200w, https:\/\/i0.wp.com\/ralupo.me\/wp-content\/uploads\/2022\/01\/img_3926-scaled.jpg?resize=150%2C113&amp;ssl=1 150w, https:\/\/i0.wp.com\/ralupo.me\/wp-content\/uploads\/2022\/01\/img_3926-scaled.jpg?resize=1320%2C990&amp;ssl=1 1320w\" sizes=\"(max-width: 256px) 100vw, 256px\" \/><\/figure><\/div>\n\n\n\n<p class=\"wp-block-paragraph\">Zum Jahrestag gibt die deutsche Politik kein gutes Bild ab. Der SPD geht es wohl nur noch darum, die Gasleitung &#8220;Nordstream2&#8221; in Betrieb zu nehmen, eben weil man sie gebaut hat, komme was wolle. Entsprechende Wortmeldungen gab es zuletzt aus der SPD-Spitze. Mit derartigen Wortmeldungen konterkariert man die Front des westlichen B\u00fcndnisses, das ernste wirtschaftliche Sanktionen ank\u00fcndigt.<\/p>\n\n\n\n<p class=\"wp-block-paragraph\">Die CDU hat zwar jetzt, als sie die Regierungsbank verlassen hat, erkannt, dass Waffenlieferungen in die Ukraine durchaus sinnvoll w\u00e4ren.<\/p>\n\n\n\n<figure class=\"wp-block-embed aligncenter is-type-rich is-provider-twitter wp-block-embed-twitter\"><div class=\"wp-block-embed__wrapper\">\n<blockquote class=\"twitter-tweet\" data-width=\"500\" data-dnt=\"true\"><p lang=\"de\" dir=\"ltr\">Die Bedrohung der <a href=\"https:\/\/twitter.com\/hashtag\/Ukraine?src=hash&amp;ref_src=twsrc%5Etfw\">#Ukraine<\/a> durch Russland ist real. Unsere bisherige Ablehnung der Lieferung von Waffen ist von Russland offenbar als Ermutigung zur Fortsetzung von Souver\u00e4nit\u00e4tsverletzungen verstanden worden. Diese Position ist daher nicht mehr haltbar.<br> <a href=\"https:\/\/t.co\/qjuJzoaDbq\">https:\/\/t.co\/qjuJzoaDbq<\/a><\/p>&mdash; Johann Wadephul (@JoWadephul) <a href=\"https:\/\/twitter.com\/JoWadephul\/status\/1482771916654096385?ref_src=twsrc%5Etfw\">January 16, 2022<\/a><\/blockquote><script async src=\"https:\/\/platform.twitter.com\/widgets.js\" charset=\"utf-8\"><\/script>\n<\/div><\/figure>\n\n\n\n<p class=\"wp-block-paragraph\">Jedoch meldet sich der CDU-Vorsitzende mit einer ebenso unpassenden Idee zu Wort, wonach man Russland im Fall der F\u00e4lle jedenfalls nicht aus dem SWIFT-Bankensystem ausschlie\u00dfen solle. Welchen Sinn macht die Sanktionsdrohung, wenn man vorher schon ank\u00fcndigt, was man alles nicht macht? <\/p>\n\n\n\n<p class=\"wp-block-paragraph\">Die <em>S\u00fcddeutsche<\/em> weist zu Recht darauf hin, dass diese deutsche Au\u00dfenpolitik hochgef\u00e4hrlich ist: Sie steigert die Kriegsgefahr. Derartige Wortmeldungen machen eines deutlich: Russland hat nicht wirklich etwas zu bef\u00fcrchten.<\/p>\n\n\n<div class=\"vlp-link-container vlp-template-default wp-block-visual-link-preview-link\">\n\t<a href=\"https:\/\/www.sueddeutsche.de\/meinung\/russland-ukraine-deutschland-krieg-wladimir-putin-annalena-baerbock-1.5509011?reduced=true&amp;utm_source=Twitter&amp;utm_medium=twitterbot&amp;utm_campaign=1.5509011\" class=\"vlp-link\" title=\"Russland-Ukraine-Konflikt: So steigert Deutschland die Kriegsgefahr\" rel=\"nofollow\" target=\"_blank\"><\/a>\t\t<div class=\"vlp-link-image-container\">\n\t\t<div class=\"vlp-link-image\">\n\t\t\t<img decoding=\"async\" src=\"https:\/\/www.sueddeutsche.de\/image\/sz.1.5509041\/1200x675?v=1642418947\" style=\"max-width: 150px; max-height: 150px\" \/>\t\t<\/div>\n\t<\/div>\n\t\t<div class=\"vlp-link-text-container\">\n\t\t\t\t<div class=\"vlp-link-title\">\n\t\t\tRussland-Ukraine-Konflikt: So steigert Deutschland die Kriegsgefahr\t\t<\/div>\n\t\t\t\t\t\t<div class=\"vlp-link-summary\">\n\t\t\tDeutschland wei\u00df derzeit im Umgang mit Russland vor allem, was es nicht will. Die fatale Botschaft: Moskau muss den Westen nicht f\u00fcrchten.\t\t<\/div>\n\t\t\t<\/div>\n<\/div>\n\n\n\n<p class=\"wp-block-paragraph\">Ins <a rel=\"noreferrer noopener\" href=\"https:\/\/www.faz.net\/aktuell\/politik\/inland\/deutsche-russland-politik-hoher-anspruch-nichts-dahinter-17734601.html\" target=\"_blank\">gleiche Horn st\u00f6\u00dft auch Reinhard M\u00fcller in der FAZ<\/a> zur deutschen Russlandpolitik: Hoher Anspruch, keine Durchsetzung. So muss Putin keine Angst vor den Folgen russischer Aggression haben<\/p>\n\n\n\n<p class=\"wp-block-paragraph\">Am Wochenende hatten sich 70 Ost- und Sicherheitsexperten <a rel=\"noreferrer noopener\" href=\"https:\/\/ralupo.me\/formel-von-der-annaeherung-durch-verflechtung-hat-eine-tragikomische-bedeutung-erlangt\/\" target=\"_blank\">in der ZEIT zu Wort gemeldet und ein Umdenken in der deutschen Russlandpolitik und eine h\u00e4rtere Gangart gefordert.<\/a> Die wird es wohl nicht geben.<\/p>\n\n\n\n<p class=\"wp-block-paragraph\">Und so bleiben der Ukraine zum 30. Geburtstag der diplomatischen Beziehungen aus Deutschland nur warme Worte.<\/p>\n\n\n<div class=\"vlp-link-container vlp-template-default wp-block-visual-link-preview-link\">\n\t<a href=\"https:\/\/herzinger.org\/die-ukraine-braucht-defensivwaffen-und-die-aufnahme-in-die-nato\" class=\"vlp-link\" title=\"Die Ukraine braucht Waffen - und die Aufnahme in die Nato! - Herzinger.org\" rel=\"nofollow\" target=\"_blank\"><\/a>\t\t<div class=\"vlp-link-image-container\">\n\t\t<div class=\"vlp-link-image\">\n\t\t\t<img data-recalc-dims=\"1\" decoding=\"async\" src=\"https:\/\/i0.wp.com\/herzinger.org\/wp-content\/uploads\/2021\/06\/IMG_0252.jpg?ssl=1\" style=\"max-width: 150px; max-height: 150px\" \/>\t\t<\/div>\n\t<\/div>\n\t\t<div class=\"vlp-link-text-container\">\n\t\t\t\t<div class=\"vlp-link-title\">\n\t\t\tDie Ukraine braucht Waffen &#8211; und die Aufnahme in die Nato! &#8211; Herzinger.org\t\t<\/div>\n\t\t\t\t\t\t<div class=\"vlp-link-summary\">\n\t\t\tDeutschland weigert sich, der Ukraine Defensivwaffen zu liefern. Das zeigt, wie weit sich Berlin bereits der Eskalationslogik Putins unterworfen hat\t\t<\/div>\n\t\t\t<\/div>\n<\/div>\n","protected":false},"excerpt":{"rendered":"<p>Es w\u00e4re eine passende Gelegenheit gewesen: Am 17. Januar 1992 nahmen die Bundesrepublik und die unabh\u00e4ngig gewordenen Ukraine diplomatische Beziehungen auf. Zum 30. Jahrestag weilte heute die deutsche Au\u00dfenministerin in [&hellip;]<\/p>\n","protected":false},"author":1,"featured_media":714,"comment_status":"open","ping_status":"open","sticky":false,"template":"","format":"standard","meta":{"_crdt_document":"","advanced_seo_description":"","jetpack_seo_html_title":"","jetpack_seo_noindex":false,"_EventAllDay":false,"_EventTimezone":"","_EventStartDate":"","_EventEndDate":"","_EventStartDateUTC":"","_EventEndDateUTC":"","_EventShowMap":false,"_EventShowMapLink":false,"_EventURL":"","_EventCost":"","_EventCostDescription":"","_EventCurrencySymbol":"","_EventCurrencyCode":"","_EventCurrencyPosition":"","_EventDateTimeSeparator":"","_EventTimeRangeSeparator":"","_EventOrganizerID":[],"_EventVenueID":[],"_OrganizerEmail":"","_OrganizerPhone":"","_OrganizerWebsite":"","_VenueAddress":"","_VenueCity":"","_VenueCountry":"","_VenueProvince":"","_VenueState":"","_VenueZip":"","_VenuePhone":"","_VenueURL":"","_VenueStateProvince":"","_VenueLat":"","_VenueLng":"","_VenueShowMap":false,"_VenueShowMapLink":false,"jetpack_post_was_ever_published":false,"_jetpack_newsletter_access":"","_jetpack_dont_email_post_to_subs":false,"_jetpack_newsletter_tier_id":0,"_jetpack_memberships_contains_paywalled_content":false,"_jetpack_memberships_contains_paid_content":false,"footnotes":""},"categories":[327],"tags":[596,315,333,25],"class_list":["post-2904","post","type-post","status-publish","format-standard","has-post-thumbnail","hentry","category-eastbound","tag-krise","tag-politik","tag-russland","tag-ukraine"],"jetpack_featured_media_url":"https:\/\/i0.wp.com\/ralupo.me\/wp-content\/uploads\/2020\/08\/img_4864-scaled.jpg?fit=2560%2C1920&ssl=1","jetpack_sharing_enabled":true,"jetpack-related-posts":[{"id":3294,"url":"https:\/\/ralupo.me\/en\/archive\/3294","url_meta":{"origin":2904,"position":0},"title":"Jederzeit","author":"Lupo","date":"12. February 2022","format":false,"excerpt":"[:de] Nun also auch Deutschland: Die Bundesregierung reagiert und hat eine Reisewarnung f\u00fcr die Ukraine ausgesprochen. Das Botschaftspersonal wird reduziert, Familienangeh\u00f6rige nach Hause geschickt, das Konsulat in Dnipro wird geschlossen und nach Lviv verlegt. Die Botschaft in Kyiv soll weiterhin ge\u00f6ffnet bleiben. Erstmal. Bundesb\u00fcrger sollen sich in die Krisenreaktionsliste eintragen.\u2026","rel":"","context":"In &quot;Ukraine&quot;","block_context":{"text":"Ukraine","link":"https:\/\/ralupo.me\/en\/archive\/category\/ukraine"},"img":{"alt_text":"","src":"https:\/\/i0.wp.com\/ralupo.me\/wp-content\/uploads\/2021\/12\/img_2915-scaled.jpg?fit=1200%2C900&ssl=1&resize=350%2C200","width":350,"height":200,"srcset":"https:\/\/i0.wp.com\/ralupo.me\/wp-content\/uploads\/2021\/12\/img_2915-scaled.jpg?fit=1200%2C900&ssl=1&resize=350%2C200 1x, https:\/\/i0.wp.com\/ralupo.me\/wp-content\/uploads\/2021\/12\/img_2915-scaled.jpg?fit=1200%2C900&ssl=1&resize=525%2C300 1.5x, https:\/\/i0.wp.com\/ralupo.me\/wp-content\/uploads\/2021\/12\/img_2915-scaled.jpg?fit=1200%2C900&ssl=1&resize=700%2C400 2x, https:\/\/i0.wp.com\/ralupo.me\/wp-content\/uploads\/2021\/12\/img_2915-scaled.jpg?fit=1200%2C900&ssl=1&resize=1050%2C600 3x"},"classes":[]},{"id":9587,"url":"https:\/\/ralupo.me\/en\/archive\/9587","url_meta":{"origin":2904,"position":1},"title":"Jahrestage","author":"Lupo","date":"18. February 2023","format":false,"excerpt":"[:de]Ein Jahrestag ist ein guter Zeitpunkt, auf ein Ereignis zur\u00fcckzuschauen und zu reflektieren. Wie wurde das damals wahrgenommen, wie eingesch\u00e4tzt? Und man kann seine Schl\u00fcsse f\u00fcr die Zukunft ziehen. Zum Beispiel, warum man jetzt auf die h\u00f6ren soll, die mit ihrer Einsch\u00e4tzung so eklatant falsch gelegen haben und die uns\u2026","rel":"","context":"In &quot;Europa&quot;","block_context":{"text":"Europa","link":"https:\/\/ralupo.me\/en\/archive\/category\/europa"},"img":{"alt_text":"","src":"https:\/\/i0.wp.com\/ralupo.me\/wp-content\/uploads\/2023\/02\/FuBK-Testbild16.gif?fit=640%2C480&ssl=1&resize=350%2C200","width":350,"height":200,"srcset":"https:\/\/i0.wp.com\/ralupo.me\/wp-content\/uploads\/2023\/02\/FuBK-Testbild16.gif?fit=640%2C480&ssl=1&resize=350%2C200 1x, https:\/\/i0.wp.com\/ralupo.me\/wp-content\/uploads\/2023\/02\/FuBK-Testbild16.gif?fit=640%2C480&ssl=1&resize=525%2C300 1.5x"},"classes":[]},{"id":8958,"url":"https:\/\/ralupo.me\/en\/archive\/8958","url_meta":{"origin":2904,"position":2},"title":"Des Batka friedlicher Himmel","author":"Lupo","date":"27. August 2022","format":false,"excerpt":"[:de] Unter den Gl\u00fcckwunschtelegrammen, die am 24 August anl\u00e4sslich des ukrainischen Unabh\u00e4ngigkeitstags in Kyiv eingingen, sorgten die Gl\u00fcckw\u00fcnsche aus dem direkten Nachbarland f\u00fcr Stirnrunzeln, Hohn und Spott. Der Pr\u00e4sident der Republik Belarus Alexander Lukashenko,, dessen Wahl in vielen L\u00e4ndern nicht anerkannt wird, schickte dem Nachbarn die besten W\u00fcnsche, einen \u201efriedlichen\u2026","rel":"","context":"In &quot;Politik&quot;","block_context":{"text":"Politik","link":"https:\/\/ralupo.me\/en\/archive\/category\/politik"},"img":{"alt_text":"","src":"https:\/\/i0.wp.com\/ralupo.me\/wp-content\/uploads\/2022\/05\/64AF1804-B65B-44AF-81E3-D69F4ABA5DB1-scaled.jpeg?fit=1200%2C900&ssl=1&resize=350%2C200","width":350,"height":200,"srcset":"https:\/\/i0.wp.com\/ralupo.me\/wp-content\/uploads\/2022\/05\/64AF1804-B65B-44AF-81E3-D69F4ABA5DB1-scaled.jpeg?fit=1200%2C900&ssl=1&resize=350%2C200 1x, https:\/\/i0.wp.com\/ralupo.me\/wp-content\/uploads\/2022\/05\/64AF1804-B65B-44AF-81E3-D69F4ABA5DB1-scaled.jpeg?fit=1200%2C900&ssl=1&resize=525%2C300 1.5x, https:\/\/i0.wp.com\/ralupo.me\/wp-content\/uploads\/2022\/05\/64AF1804-B65B-44AF-81E3-D69F4ABA5DB1-scaled.jpeg?fit=1200%2C900&ssl=1&resize=700%2C400 2x, https:\/\/i0.wp.com\/ralupo.me\/wp-content\/uploads\/2022\/05\/64AF1804-B65B-44AF-81E3-D69F4ABA5DB1-scaled.jpeg?fit=1200%2C900&ssl=1&resize=1050%2C600 3x"},"classes":[]},{"id":9182,"url":"https:\/\/ralupo.me\/en\/archive\/9182","url_meta":{"origin":2904,"position":3},"title":"\u201eJetzt ist der\u00a0Moment\u201c","author":"Lupo","date":"20. November 2022","format":false,"excerpt":"[:de]Mehr als 70 Osteuropa-Forscher, Schriftsteller, ehemalige Diplomaten,Politiker und Politikerinnen, Historiker und Sicherheitsexperten haben zur Unterst\u00fctzung der Ukraine in diesem Kriegswinter aufgerufen:[:]","rel":"","context":"In &quot;Europa&quot;","block_context":{"text":"Europa","link":"https:\/\/ralupo.me\/en\/archive\/category\/europa"},"img":{"alt_text":"","src":"https:\/\/i0.wp.com\/ralupo.me\/wp-content\/uploads\/2022\/02\/7C5569D4-E0BE-4C1C-9DE4-7FFD3D2B2E0A-scaled.jpeg?fit=1200%2C900&ssl=1&resize=350%2C200","width":350,"height":200,"srcset":"https:\/\/i0.wp.com\/ralupo.me\/wp-content\/uploads\/2022\/02\/7C5569D4-E0BE-4C1C-9DE4-7FFD3D2B2E0A-scaled.jpeg?fit=1200%2C900&ssl=1&resize=350%2C200 1x, https:\/\/i0.wp.com\/ralupo.me\/wp-content\/uploads\/2022\/02\/7C5569D4-E0BE-4C1C-9DE4-7FFD3D2B2E0A-scaled.jpeg?fit=1200%2C900&ssl=1&resize=525%2C300 1.5x, https:\/\/i0.wp.com\/ralupo.me\/wp-content\/uploads\/2022\/02\/7C5569D4-E0BE-4C1C-9DE4-7FFD3D2B2E0A-scaled.jpeg?fit=1200%2C900&ssl=1&resize=700%2C400 2x, https:\/\/i0.wp.com\/ralupo.me\/wp-content\/uploads\/2022\/02\/7C5569D4-E0BE-4C1C-9DE4-7FFD3D2B2E0A-scaled.jpeg?fit=1200%2C900&ssl=1&resize=1050%2C600 3x"},"classes":[]},{"id":3251,"url":"https:\/\/ralupo.me\/en\/archive\/3251","url_meta":{"origin":2904,"position":4},"title":"Berliner Erkl\u00e4rung des &#8220;Weimarer Dreieck&#8221;","author":"Lupo","date":"9. February 2022","format":false,"excerpt":"[:de] Am 08. Februar haben sich in Berlin der Pr\u00e4sident Frankreichs, Emmanuel Macron, der Pr\u00e4sident Polens Andrzej Duda und der Bundeskanzler der Bundesrepublik, Olaf Scholz, im Format des \"Weimarer Dreiecks\" getroffen. Thema des Treffens war die russische Bedrohung der Ukraine. Das \"Weimarer Dreieck\" wurde am 28. August 1991 von den\u2026","rel":"","context":"In &quot;Aufgelesen&quot;","block_context":{"text":"Aufgelesen","link":"https:\/\/ralupo.me\/en\/archive\/category\/aufgelesen"},"img":{"alt_text":"","src":"https:\/\/i0.wp.com\/ralupo.me\/wp-content\/uploads\/2022\/02\/312308E5-0F74-4C17-92CE-7FE30FFCE306-scaled.jpeg?fit=1200%2C900&ssl=1&resize=350%2C200","width":350,"height":200,"srcset":"https:\/\/i0.wp.com\/ralupo.me\/wp-content\/uploads\/2022\/02\/312308E5-0F74-4C17-92CE-7FE30FFCE306-scaled.jpeg?fit=1200%2C900&ssl=1&resize=350%2C200 1x, https:\/\/i0.wp.com\/ralupo.me\/wp-content\/uploads\/2022\/02\/312308E5-0F74-4C17-92CE-7FE30FFCE306-scaled.jpeg?fit=1200%2C900&ssl=1&resize=525%2C300 1.5x, https:\/\/i0.wp.com\/ralupo.me\/wp-content\/uploads\/2022\/02\/312308E5-0F74-4C17-92CE-7FE30FFCE306-scaled.jpeg?fit=1200%2C900&ssl=1&resize=700%2C400 2x, https:\/\/i0.wp.com\/ralupo.me\/wp-content\/uploads\/2022\/02\/312308E5-0F74-4C17-92CE-7FE30FFCE306-scaled.jpeg?fit=1200%2C900&ssl=1&resize=1050%2C600 3x"},"classes":[]},{"id":2422,"url":"https:\/\/ralupo.me\/en\/archive\/2422","url_meta":{"origin":2904,"position":5},"title":"&#8220;Geschichten aus dem Vorkrieg&#8221;","author":"Lupo","date":"18. December 2021","format":false,"excerpt":"[:de] Die NZZ beleuchtet heute in einem Kommentar von Peter A. Fischer den schwelenden Ukraine-Konflikt, die allrussischen Unionsmythen aus Moskau und die unterschiedliche Entwicklung, die Ukrainer und Russen nach Zerfall der Sowjetunion genommen haben. Die Politik des Westens hingegen, so Fischer, sei in den letzten drei\u00dfig Jahren eine Politik der\u2026","rel":"","context":"In &quot;Eastbound&quot;","block_context":{"text":"Eastbound","link":"https:\/\/ralupo.me\/en\/archive\/category\/eastbound"},"img":{"alt_text":"","src":"https:\/\/i0.wp.com\/ralupo.me\/wp-content\/uploads\/2021\/12\/img_2915-scaled.jpg?fit=1200%2C900&ssl=1&resize=350%2C200","width":350,"height":200,"srcset":"https:\/\/i0.wp.com\/ralupo.me\/wp-content\/uploads\/2021\/12\/img_2915-scaled.jpg?fit=1200%2C900&ssl=1&resize=350%2C200 1x, https:\/\/i0.wp.com\/ralupo.me\/wp-content\/uploads\/2021\/12\/img_2915-scaled.jpg?fit=1200%2C900&ssl=1&resize=525%2C300 1.5x, https:\/\/i0.wp.com\/ralupo.me\/wp-content\/uploads\/2021\/12\/img_2915-scaled.jpg?fit=1200%2C900&ssl=1&resize=700%2C400 2x, https:\/\/i0.wp.com\/ralupo.me\/wp-content\/uploads\/2021\/12\/img_2915-scaled.jpg?fit=1200%2C900&ssl=1&resize=1050%2C600 3x"},"classes":[]}],"jetpack_shortlink":"https:\/\/wp.me\/pcanHs-KQ","_links":{"self":[{"href":"https:\/\/ralupo.me\/en\/wp-json\/wp\/v2\/posts\/2904","targetHints":{"allow":["GET"]}}],"collection":[{"href":"https:\/\/ralupo.me\/en\/wp-json\/wp\/v2\/posts"}],"about":[{"href":"https:\/\/ralupo.me\/en\/wp-json\/wp\/v2\/types\/post"}],"author":[{"embeddable":true,"href":"https:\/\/ralupo.me\/en\/wp-json\/wp\/v2\/users\/1"}],"replies":[{"embeddable":true,"href":"https:\/\/ralupo.me\/en\/wp-json\/wp\/v2\/comments?post=2904"}],"version-history":[{"count":0,"href":"https:\/\/ralupo.me\/en\/wp-json\/wp\/v2\/posts\/2904\/revisions"}],"wp:featuredmedia":[{"embeddable":true,"href":"https:\/\/ralupo.me\/en\/wp-json\/wp\/v2\/media\/714"}],"wp:attachment":[{"href":"https:\/\/ralupo.me\/en\/wp-json\/wp\/v2\/media?parent=2904"}],"wp:term":[{"taxonomy":"category","embeddable":true,"href":"https:\/\/ralupo.me\/en\/wp-json\/wp\/v2\/categories?post=2904"},{"taxonomy":"post_tag","embeddable":true,"href":"https:\/\/ralupo.me\/en\/wp-json\/wp\/v2\/tags?post=2904"}],"curies":[{"name":"wp","href":"https:\/\/api.w.org\/{rel}","templated":true}]}}