{"id":2696,"date":"2022-01-03T11:22:04","date_gmt":"2022-01-03T11:22:04","guid":{"rendered":"https:\/\/ralupo.me\/?p=2696"},"modified":"2022-01-03T11:22:32","modified_gmt":"2022-01-03T11:22:32","slug":"riskante-russische-satire","status":"publish","type":"post","link":"https:\/\/ralupo.me\/en\/archive\/2696","title":{"rendered":"Riskante russische Satire"},"content":{"rendered":"<span class=\"span-reading-time rt-reading-time\" style=\"display: block;\"><span class=\"rt-label rt-prefix\">Lesedauer<\/span> <span class=\"rt-time\"> &lt; 1<\/span> <span class=\"rt-label rt-postfix\">Minute<\/span><\/span>\n<p class=\"wp-block-paragraph\"><em>Friedrich Schmitt<\/em> schreibt in der <a href=\"https:\/\/www.faz.net\/aktuell\/politik\/ausland\/russische-komiker-mit-witz-und-mut-gegen-putin-17699221.html?premium\" target=\"_blank\" rel=\"noreferrer noopener\">FAZ<\/a> \u00fcber die russische YouTube-Gruppe BARAKuda, die mit scharfer Satire \u00fcber die Berichterstattung in den Staatsmedien lustig machen. <\/p>\n\n\n\n<blockquote class=\"wp-block-quote is-layout-flow wp-block-quote-is-layout-flow\"><p>In einer sperrigen Beh\u00f6rdensprache versprechen ihre Beitr\u00e4ge Fortschritt, wo in Wirklichkeit Misere vorherrscht. Naliwkin l\u00f6st Alltagsprobleme, wie sie viele Russen kennen, im Alleingang, und das immer auf absurde Weise.<\/p><cite>FAZ<\/cite><\/blockquote>\n\n\n\n<p class=\"wp-block-paragraph\">So schreitet der fiktive Vorsitzende des \u00f6rtlichen Exekutivkomitees Nalivkin &#8211; dem amtierenden Pr\u00e4sidenten \u00e4u\u00dferlich nicht un\u00e4hnlich &#8211; erfolgreich ein, als eine herrenlose Reisetasche an einer Bushaltestelle f\u00fcr Bombenalarm sorgt. Er l\u00f6st das Problem &#8211; mit einer Panzerfaust.<\/p>\n\n\n\n<figure class=\"wp-block-embed is-type-video is-provider-youtube wp-block-embed-youtube wp-embed-aspect-16-9 wp-has-aspect-ratio\"><div class=\"wp-block-embed__wrapper\">\n<iframe title=\"\u0412\u0438\u0442\u0430\u043b\u0438\u0439 \u041d\u0430\u043b\u0438\u0432\u043a\u0438\u043d \u043f\u0440\u0435\u0434\u043e\u0442\u0432\u0440\u0430\u0442\u0438\u043b \u0442\u0435\u0440\u0430\u043a\u0442\" width=\"500\" height=\"281\" src=\"https:\/\/www.youtube.com\/embed\/DrSPsltdBHI?feature=oembed\" frameborder=\"0\" allow=\"accelerometer; autoplay; clipboard-write; encrypted-media; gyroscope; picture-in-picture; web-share\" referrerpolicy=\"strict-origin-when-cross-origin\" allowfullscreen><\/iframe>\n<\/div><\/figure>\n\n\n\n<p class=\"wp-block-paragraph\">Der Spott kommt an, die Filmchen werden millionenfach angesehen und scheinen die Staatsmacht auch empfindlich zu treffen. Die wurde n\u00e4mlich prompt aktiv:<\/p>\n\n\n\n<blockquote class=\"wp-block-quote is-layout-flow wp-block-quote-is-layout-flow\"><p>Jetzt drohen den Hobbyfilmern f\u00fcnf bis acht Jahre Haft, ihre Ausr\u00fcstung wurde beschlagnahmt, und statt neue Naliwkin-Clips zu drehen, sammeln sie Hilfsgelder, um ihre Anwaltskosten zu decken. \u201eWir verstehen nat\u00fcrlich, dass der Grund, warum sie uns zu Verbrechern erkl\u00e4ren wollen, ein ganz anderer ist\u201c, schrieb das Team auf Instagram. \u201eUnd wir verstehen, dass die Entscheidungen \u00fcber uns bei Weitem nicht in unserer Stadt und Region getroffen werden.<\/p><cite>FAZ<\/cite><\/blockquote>\n\n\n<div class=\"vlp-link-container vlp-template-default wp-block-visual-link-preview-link\">\n\t<a href=\"https:\/\/www.faz.net\/aktuell\/politik\/ausland\/russische-komiker-mit-witz-und-mut-gegen-putin-17699221.html?premium\" class=\"vlp-link\" title=\"Russische Komiker: Mit Witz und Mut gegen Putin\" rel=\"nofollow\" target=\"_blank\"><\/a>\t\t<div class=\"vlp-link-image-container\">\n\t\t<div class=\"vlp-link-image\">\n\t\t\t<img data-recalc-dims=\"1\" decoding=\"async\" src=\"https:\/\/i0.wp.com\/media0.faz.net\/ppmedia\/aktuell\/politik\/ausland\/668984566\/1.7699220\/facebook_teaser_fplus\/der-grosse-autokrat-so.jpg?ssl=1\" style=\"max-width: 150px; max-height: 150px\" \/>\t\t<\/div>\n\t<\/div>\n\t\t<div class=\"vlp-link-text-container\">\n\t\t\t\t<div class=\"vlp-link-title\">\n\t\t\tRussische Komiker: Mit Witz und Mut gegen Putin\t\t<\/div>\n\t\t\t\t\t\t<div class=\"vlp-link-summary\">\n\t\t\tMit bei\u00dfendem Sarkasmus persiflieren russische Komiker Staatswillk\u00fcr, Korruption und die Autorit\u00e4tssehnsucht vieler Russen. Damit riskieren sie viel.\t\t<\/div>\n\t\t\t<\/div>\n<\/div>\n","protected":false},"excerpt":{"rendered":"<p>Friedrich Schmitt schreibt in der FAZ \u00fcber die russische YouTube-Gruppe BARAKuda, die mit scharfer Satire \u00fcber die Berichterstattung in den Staatsmedien lustig machen. In einer sperrigen Beh\u00f6rdensprache versprechen ihre Beitr\u00e4ge [&hellip;]<\/p>\n","protected":false},"author":1,"featured_media":2697,"comment_status":"open","ping_status":"open","sticky":false,"template":"","format":"standard","meta":{"_crdt_document":"","advanced_seo_description":"","jetpack_seo_html_title":"","jetpack_seo_noindex":false,"_EventAllDay":false,"_EventTimezone":"","_EventStartDate":"","_EventEndDate":"","_EventStartDateUTC":"","_EventEndDateUTC":"","_EventShowMap":false,"_EventShowMapLink":false,"_EventURL":"","_EventCost":"","_EventCostDescription":"","_EventCurrencySymbol":"","_EventCurrencyCode":"","_EventCurrencyPosition":"","_EventDateTimeSeparator":"","_EventTimeRangeSeparator":"","_EventOrganizerID":[],"_EventVenueID":[],"_OrganizerEmail":"","_OrganizerPhone":"","_OrganizerWebsite":"","_VenueAddress":"","_VenueCity":"","_VenueCountry":"","_VenueProvince":"","_VenueState":"","_VenueZip":"","_VenuePhone":"","_VenueURL":"","_VenueStateProvince":"","_VenueLat":"","_VenueLng":"","_VenueShowMap":false,"_VenueShowMapLink":false,"jetpack_post_was_ever_published":false,"_jetpack_newsletter_access":"","_jetpack_dont_email_post_to_subs":false,"_jetpack_newsletter_tier_id":0,"_jetpack_memberships_contains_paywalled_content":false,"_jetpack_memberships_contains_paid_content":false,"footnotes":""},"categories":[12],"tags":[17,423,333,591,592],"class_list":["post-2696","post","type-post","status-publish","format-standard","has-post-thumbnail","hentry","category-teilnehmende-beobachtung","tag-medien","tag-putin","tag-russland","tag-satire","tag-youtube"],"jetpack_featured_media_url":"https:\/\/i0.wp.com\/ralupo.me\/wp-content\/uploads\/2022\/01\/img_3807-scaled.jpg?fit=2560%2C1920&ssl=1","jetpack_sharing_enabled":true,"jetpack-related-posts":[{"id":8987,"url":"https:\/\/ralupo.me\/en\/archive\/8987","url_meta":{"origin":2696,"position":0},"title":"\u201eGott wei\u00df, dieser Streit hat sich nicht gelohnt&#8221;","author":"Lupo","date":"11. September 2022","format":false,"excerpt":"[:de] Als am Wochenende die Nachrichtenmeldungen und Bilder der ukrainischen Gegenoffensive in der Oblast Kharkiv \u00fcber die sozialen Medien liefen, richteten sich naturgem\u00e4\u00df viele Blicke in die russische Hauptstadt. Wie reagiert die russische Staatsf\u00fchrung auf das neuerliche Desaster im Nachbarland? Was bedeutet das f\u00fcr Putin? Die Propaganda-Maschine geriet angesichts der\u2026","rel":"","context":"In &quot;Europa&quot;","block_context":{"text":"Europa","link":"https:\/\/ralupo.me\/en\/archive\/category\/europa"},"img":{"alt_text":"","src":"https:\/\/i0.wp.com\/ralupo.me\/wp-content\/uploads\/2020\/08\/img_0810-scaled.jpg?fit=1200%2C900&ssl=1&resize=350%2C200","width":350,"height":200,"srcset":"https:\/\/i0.wp.com\/ralupo.me\/wp-content\/uploads\/2020\/08\/img_0810-scaled.jpg?fit=1200%2C900&ssl=1&resize=350%2C200 1x, https:\/\/i0.wp.com\/ralupo.me\/wp-content\/uploads\/2020\/08\/img_0810-scaled.jpg?fit=1200%2C900&ssl=1&resize=525%2C300 1.5x, https:\/\/i0.wp.com\/ralupo.me\/wp-content\/uploads\/2020\/08\/img_0810-scaled.jpg?fit=1200%2C900&ssl=1&resize=700%2C400 2x, https:\/\/i0.wp.com\/ralupo.me\/wp-content\/uploads\/2020\/08\/img_0810-scaled.jpg?fit=1200%2C900&ssl=1&resize=1050%2C600 3x"},"classes":[]},{"id":15133,"url":"https:\/\/ralupo.me\/en\/archive\/15133","url_meta":{"origin":2696,"position":1},"title":"Polnische Freiwilligenaktion in Lwiw zum Tag des Friedens: &#8220;Danke sagen&#8221;","author":"Lupo","date":"21. September 2025","format":false,"excerpt":"[:de] Am \"Tag des Friedens\" reisten mehrere Freiwillige aus Polen nach Lwiw in die Ukraine, um den ukrainischen Soldaten f\u00fcr ihren Dienst zu danken. Gemeinsam mit ukrainischen Helferinnen verteilten sie Blumen an verwundete Soldaten in der westukrainischen Stadt. Ein junger Soldat mit mehreren Amputationen konnte die Geste nicht annehmen, doch\u2026","rel":"","context":"In &quot;Europa&quot;","block_context":{"text":"Europa","link":"https:\/\/ralupo.me\/en\/archive\/category\/europa"},"img":{"alt_text":"","src":"https:\/\/i0.wp.com\/ralupo.me\/wp-content\/uploads\/2025\/09\/signal-2025-09-21-122430_007.jpeg?fit=1200%2C900&ssl=1&resize=350%2C200","width":350,"height":200,"srcset":"https:\/\/i0.wp.com\/ralupo.me\/wp-content\/uploads\/2025\/09\/signal-2025-09-21-122430_007.jpeg?fit=1200%2C900&ssl=1&resize=350%2C200 1x, https:\/\/i0.wp.com\/ralupo.me\/wp-content\/uploads\/2025\/09\/signal-2025-09-21-122430_007.jpeg?fit=1200%2C900&ssl=1&resize=525%2C300 1.5x, https:\/\/i0.wp.com\/ralupo.me\/wp-content\/uploads\/2025\/09\/signal-2025-09-21-122430_007.jpeg?fit=1200%2C900&ssl=1&resize=700%2C400 2x, https:\/\/i0.wp.com\/ralupo.me\/wp-content\/uploads\/2025\/09\/signal-2025-09-21-122430_007.jpeg?fit=1200%2C900&ssl=1&resize=1050%2C600 3x"},"classes":[]},{"id":3844,"url":"https:\/\/ralupo.me\/en\/archive\/3844","url_meta":{"origin":2696,"position":2},"title":"Das &#8220;verbotene Interview&#8221; &#8211; mit Untertiteln","author":"Lupo","date":"28. March 2022","format":false,"excerpt":"[:de] Der ukrainische Pr\u00e4sident Wolodimir Selenskij hat am Wochenende erstmals seit Kriegsbeginn vier russischen Journalisten ein Interview gegeben und damit in Russland helle Aufregung verursacht. Denn die russische Medienaufsicht und die Generalstaatsanwaltschaft haben angek\u00fcndigt, gegen die Ver\u00f6ffentlichung des Interviews vorgehen zu wollen. Auch den Journalisten wurden Konsequenzen angedroht. Erfolgreich d\u00fcrfte\u2026","rel":"","context":"In &quot;Aufgelesen&quot;","block_context":{"text":"Aufgelesen","link":"https:\/\/ralupo.me\/en\/archive\/category\/aufgelesen"},"img":{"alt_text":"","src":"https:\/\/i0.wp.com\/ralupo.me\/wp-content\/uploads\/2022\/03\/img_6221.jpg?fit=1200%2C901&ssl=1&resize=350%2C200","width":350,"height":200,"srcset":"https:\/\/i0.wp.com\/ralupo.me\/wp-content\/uploads\/2022\/03\/img_6221.jpg?fit=1200%2C901&ssl=1&resize=350%2C200 1x, https:\/\/i0.wp.com\/ralupo.me\/wp-content\/uploads\/2022\/03\/img_6221.jpg?fit=1200%2C901&ssl=1&resize=525%2C300 1.5x, https:\/\/i0.wp.com\/ralupo.me\/wp-content\/uploads\/2022\/03\/img_6221.jpg?fit=1200%2C901&ssl=1&resize=700%2C400 2x, https:\/\/i0.wp.com\/ralupo.me\/wp-content\/uploads\/2022\/03\/img_6221.jpg?fit=1200%2C901&ssl=1&resize=1050%2C600 3x"},"classes":[]},{"id":3685,"url":"https:\/\/ralupo.me\/en\/archive\/3685","url_meta":{"origin":2696,"position":3},"title":"\u201eBruch in der Zeit\u201c","author":"Lupo","date":"8. March 2022","format":false,"excerpt":"[:de] Unter dem Titel \u201cKrieg in Europa - Und was er f\u00fcr uns bedeutet\u201c hatte die \u201cStiftung Demokratie Saarland\u201c gestern den renommierten Politkwissenschaftler Professor Herfried M\u00fcnkler online zu Gast. M\u00fcnkler gab eine kurze Zusammenfassung \u00fcber die Zusammenh\u00e4nge des gegenw\u00e4rtigen Krieges Russlands gegen die Ukraine, er\u00f6rterte vor diesem Hintergrund den von\u2026","rel":"","context":"In &quot;Politik&quot;","block_context":{"text":"Politik","link":"https:\/\/ralupo.me\/en\/archive\/category\/politik"},"img":{"alt_text":"","src":"https:\/\/i0.wp.com\/ralupo.me\/wp-content\/uploads\/2022\/03\/img_5540-scaled.jpg?fit=1200%2C900&ssl=1&resize=350%2C200","width":350,"height":200,"srcset":"https:\/\/i0.wp.com\/ralupo.me\/wp-content\/uploads\/2022\/03\/img_5540-scaled.jpg?fit=1200%2C900&ssl=1&resize=350%2C200 1x, https:\/\/i0.wp.com\/ralupo.me\/wp-content\/uploads\/2022\/03\/img_5540-scaled.jpg?fit=1200%2C900&ssl=1&resize=525%2C300 1.5x, https:\/\/i0.wp.com\/ralupo.me\/wp-content\/uploads\/2022\/03\/img_5540-scaled.jpg?fit=1200%2C900&ssl=1&resize=700%2C400 2x, https:\/\/i0.wp.com\/ralupo.me\/wp-content\/uploads\/2022\/03\/img_5540-scaled.jpg?fit=1200%2C900&ssl=1&resize=1050%2C600 3x"},"classes":[]},{"id":3622,"url":"https:\/\/ralupo.me\/en\/archive\/3622","url_meta":{"origin":2696,"position":4},"title":"Russisches Grounding steht bevor","author":"Lupo","date":"28. February 2022","format":false,"excerpt":"[:de] Was der kleinen ukrainischen Fluglinie \"Ukraine International Airlines\" vor vierzehn Tagen passiert ist, k\u00f6nnte jetzt die russische Luftfahrt treffen - und das um ein vielfaches h\u00e4rter: Leasinggeber in der EU m\u00fcssen ihre Leasingvertr\u00e4ge mit russischen Luftfahrtunternehmen k\u00fcndigen. Nicht wie im Falle der Ukraine International wegen einer m\u00f6glichen Kriegsgefahr -\u2026","rel":"","context":"In &quot;Politik&quot;","block_context":{"text":"Politik","link":"https:\/\/ralupo.me\/en\/archive\/category\/politik"},"img":{"alt_text":"","src":"https:\/\/i0.wp.com\/ralupo.me\/wp-content\/uploads\/2022\/02\/img_6095-scaled.jpg?fit=1200%2C900&ssl=1&resize=350%2C200","width":350,"height":200,"srcset":"https:\/\/i0.wp.com\/ralupo.me\/wp-content\/uploads\/2022\/02\/img_6095-scaled.jpg?fit=1200%2C900&ssl=1&resize=350%2C200 1x, https:\/\/i0.wp.com\/ralupo.me\/wp-content\/uploads\/2022\/02\/img_6095-scaled.jpg?fit=1200%2C900&ssl=1&resize=525%2C300 1.5x, https:\/\/i0.wp.com\/ralupo.me\/wp-content\/uploads\/2022\/02\/img_6095-scaled.jpg?fit=1200%2C900&ssl=1&resize=700%2C400 2x, https:\/\/i0.wp.com\/ralupo.me\/wp-content\/uploads\/2022\/02\/img_6095-scaled.jpg?fit=1200%2C900&ssl=1&resize=1050%2C600 3x"},"classes":[]},{"id":14961,"url":"https:\/\/ralupo.me\/en\/archive\/14961","url_meta":{"origin":2696,"position":5},"title":"Aufgelesen: Lupos Leseliste #20","author":"Lupo","date":"9. June 2025","format":false,"excerpt":"[:de] W\u00e4hrend sich gegen Ende der Pfingstfeiertage das Wetter wieder anschickt, sonnig und warm zu werden, ein paar Artikel der letzten Tage, die ich erw\u00e4hnens- und lesenswert finde. * Christian St\u00f6cker schreibt im SPIEGEL \u00fcber eine laufende Desinformationskampagne des Kreml gegen die moldauische Pr\u00e4sidentin Maia Sandu. Russland versucht in Moldau\u2026","rel":"","context":"In &quot;Aufgelesen&quot;","block_context":{"text":"Aufgelesen","link":"https:\/\/ralupo.me\/en\/archive\/category\/aufgelesen"},"img":{"alt_text":"","src":"https:\/\/i0.wp.com\/ralupo.me\/wp-content\/uploads\/2025\/06\/IMG_5742-scaled.jpg?fit=1200%2C900&ssl=1&resize=350%2C200","width":350,"height":200,"srcset":"https:\/\/i0.wp.com\/ralupo.me\/wp-content\/uploads\/2025\/06\/IMG_5742-scaled.jpg?fit=1200%2C900&ssl=1&resize=350%2C200 1x, https:\/\/i0.wp.com\/ralupo.me\/wp-content\/uploads\/2025\/06\/IMG_5742-scaled.jpg?fit=1200%2C900&ssl=1&resize=525%2C300 1.5x, https:\/\/i0.wp.com\/ralupo.me\/wp-content\/uploads\/2025\/06\/IMG_5742-scaled.jpg?fit=1200%2C900&ssl=1&resize=700%2C400 2x, https:\/\/i0.wp.com\/ralupo.me\/wp-content\/uploads\/2025\/06\/IMG_5742-scaled.jpg?fit=1200%2C900&ssl=1&resize=1050%2C600 3x"},"classes":[]}],"jetpack_shortlink":"https:\/\/wp.me\/pcanHs-Hu","_links":{"self":[{"href":"https:\/\/ralupo.me\/en\/wp-json\/wp\/v2\/posts\/2696","targetHints":{"allow":["GET"]}}],"collection":[{"href":"https:\/\/ralupo.me\/en\/wp-json\/wp\/v2\/posts"}],"about":[{"href":"https:\/\/ralupo.me\/en\/wp-json\/wp\/v2\/types\/post"}],"author":[{"embeddable":true,"href":"https:\/\/ralupo.me\/en\/wp-json\/wp\/v2\/users\/1"}],"replies":[{"embeddable":true,"href":"https:\/\/ralupo.me\/en\/wp-json\/wp\/v2\/comments?post=2696"}],"version-history":[{"count":0,"href":"https:\/\/ralupo.me\/en\/wp-json\/wp\/v2\/posts\/2696\/revisions"}],"wp:featuredmedia":[{"embeddable":true,"href":"https:\/\/ralupo.me\/en\/wp-json\/wp\/v2\/media\/2697"}],"wp:attachment":[{"href":"https:\/\/ralupo.me\/en\/wp-json\/wp\/v2\/media?parent=2696"}],"wp:term":[{"taxonomy":"category","embeddable":true,"href":"https:\/\/ralupo.me\/en\/wp-json\/wp\/v2\/categories?post=2696"},{"taxonomy":"post_tag","embeddable":true,"href":"https:\/\/ralupo.me\/en\/wp-json\/wp\/v2\/tags?post=2696"}],"curies":[{"name":"wp","href":"https:\/\/api.w.org\/{rel}","templated":true}]}}