{"id":2344,"date":"2021-12-07T17:10:03","date_gmt":"2021-12-07T17:10:03","guid":{"rendered":"https:\/\/ralupo.me\/?p=2344"},"modified":"2021-12-08T13:43:19","modified_gmt":"2021-12-08T13:43:19","slug":"staatstheorie-impfpflicht-und-die-freiheit-des-einzelnen","status":"publish","type":"post","link":"https:\/\/ralupo.me\/en\/archive\/2344","title":{"rendered":"Staatstheorie, Impfpflicht und die Freiheit des Einzelnen"},"content":{"rendered":"<span class=\"span-reading-time rt-reading-time\" style=\"display: block;\"><span class=\"rt-label rt-prefix\">Lesedauer<\/span> <span class=\"rt-time\"> &lt; 1<\/span> <span class=\"rt-label rt-postfix\">Minute<\/span><\/span>\n<p class=\"wp-block-paragraph\">Die Covid-19-Pandemie und die Ma\u00dfnahmen zu ihrer Bek\u00e4mpfungen r\u00fccken auch die Staats- und Rechtsphilosophie wieder in den Brennpunkt des Geschehens, wie lassen sich Freiheit des Einzelnen mit dem Wohl der Gemeinschaft in Einklang bringen? Wie l\u00e4sst sich staatliches Handeln legitimieren? Welche Ma\u00dfnahmen lassen sich rechtfertigen und wie verhalten sich diese mit der Freiheit des Individuums?<\/p>\n\n\n\n<p class=\"wp-block-paragraph\">Die NZZ brachte dieser Tage (wieder) einen interessanten Kommentar zur Impfdebatte. Werner Marti nimmt dabei Rekurs auf den britischen Denker John Stuart Mill. Ohne Schutz des Kollektivs k\u00f6nnen auch die Rechte des Individuums nicht mehr garantiert werden. Ger\u00e4t die Gesellschaft in Gefahr, r\u00fcckt deren Wohl an erste Stelle.<\/p>\n\n\n\n<blockquote class=\"wp-block-quote is-layout-flow wp-block-quote-is-layout-flow\"><p>Klar scheint jedenfalls, dass die Pandemie gravierend genug ist, um staatliche Massnahmen zu rechtfertigen. Impfunwillige entscheiden sich gegen die Solidarit\u00e4t mit der Gemeinschaft. Wenn der Staat von einem Impfzwang absieht, darf man umgekehrt auch von ihnen erwarten, dass sie bereit sind, einen gewissen Preis zu zahlen, etwa h\u00e4ufiges Testen oder Nichtzugang zu gewissen Bereichen. Auch wer keinen Milit\u00e4r- oder Zivildienst leisten kann oder will, muss bezahlen.<\/p><cite>Marti, NZZ, F\u00fcr den liberalen Staat ist der Schutz der Gemeinschaft das oberste Prinzip \u2013 auch im Falle von Covid-19<\/cite><\/blockquote>\n\n\n\n<p class=\"wp-block-paragraph\">Zum ganzen Kommentar <a href=\"https:\/\/www.nzz.ch\/zuerich\/meinung\/covid-fuer-den-liberalen-staat-ist-das-gemeinwohl-prioritaer-ld.1656732?mktcid=smch&amp;mktcval=fbpost_2021-11-25&amp;fbclid=IwAR0EVVR9T9ezmO3iQTFWVHLnz8SdWX5Fd-SF7EDVuWGIDBtFhuxTRcag3Co\" target=\"_blank\" rel=\"noreferrer noopener\">geht es hier lang&#8230;<\/a><\/p>\n\n\n\n<div class=\"wp-block-group is-layout-flow wp-block-group-is-layout-flow\"><div class=\"vlp-link-container vlp-template-default wp-block-visual-link-preview-link\">\n\t<a href=\"https:\/\/www.nzz.ch\/zuerich\/meinung\/covid-fuer-den-liberalen-staat-ist-das-gemeinwohl-prioritaer-ld.1656732?mktcid=smch&amp;mktcval=fbpost_2021-11-25&amp;fbclid=IwAR0EVVR9T9ezmO3iQTFWVHLnz8SdWX5Fd-SF7EDVuWGIDBtFhuxTRcag3Co\" class=\"vlp-link\" title=\"Covid: F\u00fcr den liberalen Staat ist das Gemeinwohl priorit\u00e4r\" rel=\"nofollow\" target=\"_blank\"><\/a>\t\t<div class=\"vlp-link-image-container\">\n\t\t<div class=\"vlp-link-image\">\n\t\t\t<img data-recalc-dims=\"1\" decoding=\"async\" src=\"https:\/\/i0.wp.com\/img.nzz.ch\/2021\/10\/15\/93a584b4-9536-459c-838e-64daa57d6176.jpeg?ssl=1\" style=\"max-width: 150px; max-height: 150px\" \/>\t\t<\/div>\n\t<\/div>\n\t\t<div class=\"vlp-link-text-container\">\n\t\t\t\t<div class=\"vlp-link-title\">\n\t\t\tCovid: F\u00fcr den liberalen Staat ist das Gemeinwohl priorit\u00e4r\t\t<\/div>\n\t\t\t\t\t\t<div class=\"vlp-link-summary\">\n\t\t\tDie Freiheit des Individuums ist zentral in der liberalen Staatstheorie. Doch ist die Gesellschaft\u00a0als\u00a0Ganzes in Gefahr, so wird deren Wohl priorit\u00e4r. Denn ohne Schutz des Kollektivs k\u00f6nnen auch die Individualrechte nicht garantiert werden.\t\t<\/div>\n\t\t\t<\/div>\n<\/div>\n<\/div>\n","protected":false},"excerpt":{"rendered":"<p>Die Covid-19-Pandemie und die Ma\u00dfnahmen zu ihrer Bek\u00e4mpfungen r\u00fccken auch die Staats- und Rechtsphilosophie wieder in den Brennpunkt des Geschehens, wie lassen sich Freiheit des Einzelnen mit dem Wohl der [&hellip;]<\/p>\n","protected":false},"author":1,"featured_media":2348,"comment_status":"open","ping_status":"open","sticky":false,"template":"","format":"standard","meta":{"_crdt_document":"","advanced_seo_description":"","jetpack_seo_html_title":"","jetpack_seo_noindex":false,"_EventAllDay":false,"_EventTimezone":"","_EventStartDate":"","_EventEndDate":"","_EventStartDateUTC":"","_EventEndDateUTC":"","_EventShowMap":false,"_EventShowMapLink":false,"_EventURL":"","_EventCost":"","_EventCostDescription":"","_EventCurrencySymbol":"","_EventCurrencyCode":"","_EventCurrencyPosition":"","_EventDateTimeSeparator":"","_EventTimeRangeSeparator":"","_EventOrganizerID":[],"_EventVenueID":[],"_OrganizerEmail":"","_OrganizerPhone":"","_OrganizerWebsite":"","_VenueAddress":"","_VenueCity":"","_VenueCountry":"","_VenueProvince":"","_VenueState":"","_VenueZip":"","_VenuePhone":"","_VenueURL":"","_VenueStateProvince":"","_VenueLat":"","_VenueLng":"","_VenueShowMap":false,"_VenueShowMapLink":false,"jetpack_post_was_ever_published":false,"_jetpack_newsletter_access":"","_jetpack_dont_email_post_to_subs":false,"_jetpack_newsletter_tier_id":0,"_jetpack_memberships_contains_paywalled_content":false,"_jetpack_memberships_contains_paid_content":false,"footnotes":""},"categories":[368],"tags":[10,573,575,574,16],"class_list":["post-2344","post","type-post","status-publish","format-standard","has-post-thumbnail","hentry","category-aufgelesen","tag-corona","tag-covid19","tag-gesellschaft","tag-john-stuart-mill","tag-nzz"],"jetpack_featured_media_url":"https:\/\/i0.wp.com\/ralupo.me\/wp-content\/uploads\/2021\/12\/img_3529-scaled.jpg?fit=2560%2C1920&ssl=1","jetpack_sharing_enabled":true,"jetpack-related-posts":[{"id":13139,"url":"https:\/\/ralupo.me\/en\/archive\/13139","url_meta":{"origin":2344,"position":0},"title":"Aufgelesen: Lupos Lesewoche #1","author":"Lupo","date":"8. January 2024","format":false,"excerpt":"[:de] Seit Beginn der Gro\u00dfinvasionen haben die westlichen Verb\u00fcndeten der Ukraine umfangreiche Sanktionspakete gegen Russland in Vollzug gesetzt. Die Sanktionen wirken nicht, h\u00f6rt man dagegen aus Moskau, die Wirtschaft brummt, die Ma\u00dfnahmen k\u00f6nnten Russland nichts anhaben. Die Realit\u00e4t sieht anders aus: Die Wirtschaftskrise kommt auch beim einfachen B\u00fcrger an. The\u2026","rel":"","context":"In &quot;Aufgelesen&quot;","block_context":{"text":"Aufgelesen","link":"https:\/\/ralupo.me\/en\/archive\/category\/aufgelesen"},"img":{"alt_text":"","src":"https:\/\/i0.wp.com\/ralupo.me\/wp-content\/uploads\/2024\/01\/IMG_7735-scaled.jpeg?fit=1200%2C900&ssl=1&resize=350%2C200","width":350,"height":200,"srcset":"https:\/\/i0.wp.com\/ralupo.me\/wp-content\/uploads\/2024\/01\/IMG_7735-scaled.jpeg?fit=1200%2C900&ssl=1&resize=350%2C200 1x, https:\/\/i0.wp.com\/ralupo.me\/wp-content\/uploads\/2024\/01\/IMG_7735-scaled.jpeg?fit=1200%2C900&ssl=1&resize=525%2C300 1.5x, https:\/\/i0.wp.com\/ralupo.me\/wp-content\/uploads\/2024\/01\/IMG_7735-scaled.jpeg?fit=1200%2C900&ssl=1&resize=700%2C400 2x, https:\/\/i0.wp.com\/ralupo.me\/wp-content\/uploads\/2024\/01\/IMG_7735-scaled.jpeg?fit=1200%2C900&ssl=1&resize=1050%2C600 3x"},"classes":[]},{"id":2882,"url":"https:\/\/ralupo.me\/en\/archive\/2882","url_meta":{"origin":2344,"position":1},"title":"Die Woche. Der R\u00fcckblick.","author":"Lupo","date":"15. January 2022","format":false,"excerpt":"Der Aufmacher der NZZ von letzter Woche hat sich bedauerlicherweise als Ente erwiesen. Die Welt ist leider nicht untergegangen. Omikron: Virusvarianten kommen und gehen, die Hysterie bleibtAuf die Omikron-Welle reagieren die Medien mit d\u00fcsteren Szenarien. Die Politik greift das begierig auf. Die Debatte um die Impfpflicht ist das beste Beispiel\u2026","rel":"","context":"In &quot;Aufgelesen&quot;","block_context":{"text":"Aufgelesen","link":"https:\/\/ralupo.me\/en\/archive\/category\/aufgelesen"},"img":{"alt_text":"","src":"https:\/\/i0.wp.com\/ralupo.me\/wp-content\/uploads\/2022\/01\/img_3842-scaled.jpg?fit=1200%2C900&ssl=1&resize=350%2C200","width":350,"height":200,"srcset":"https:\/\/i0.wp.com\/ralupo.me\/wp-content\/uploads\/2022\/01\/img_3842-scaled.jpg?fit=1200%2C900&ssl=1&resize=350%2C200 1x, https:\/\/i0.wp.com\/ralupo.me\/wp-content\/uploads\/2022\/01\/img_3842-scaled.jpg?fit=1200%2C900&ssl=1&resize=525%2C300 1.5x, https:\/\/i0.wp.com\/ralupo.me\/wp-content\/uploads\/2022\/01\/img_3842-scaled.jpg?fit=1200%2C900&ssl=1&resize=700%2C400 2x, https:\/\/i0.wp.com\/ralupo.me\/wp-content\/uploads\/2022\/01\/img_3842-scaled.jpg?fit=1200%2C900&ssl=1&resize=1050%2C600 3x"},"classes":[]},{"id":15251,"url":"https:\/\/ralupo.me\/en\/archive\/15251","url_meta":{"origin":2344,"position":2},"title":"Presseerkl\u00e4rung der Deutsch-Ukrainischen Gesellschaft (DUG) \u2013 F\u00fcr unsere und eure Freiheit e.V.: Kein Wegducken mehr!","author":"Lupo","date":"23. November 2025","format":false,"excerpt":"[:de] Berlin, 23.11.2025\u00a0\u2013 Der Vorsto\u00df der US-Regierung fordert die Ukraine faktisch auf, ihre Souver\u00e4nit\u00e4t aufzugeben; die Drohung aus Washington, D.C., Kyjiw bei Ablehnung die Unterst\u00fctzung zu entziehen, ist eine Erpressung.\u00a0Europa muss nun endlich F\u00fchrung \u00fcbernehmen: Es muss die finanzielle Unterst\u00fctzung der Ukraine, einschlie\u00dflich des direkten Transfers beschlagnahmter russischer Verm\u00f6genswerte, massiv\u2026","rel":"","context":"In &quot;Europa&quot;","block_context":{"text":"Europa","link":"https:\/\/ralupo.me\/en\/archive\/category\/europa"},"img":{"alt_text":"","src":"https:\/\/i0.wp.com\/ralupo.me\/wp-content\/uploads\/2024\/11\/IMG_7328_jpg-scaled.jpeg?fit=1200%2C900&ssl=1&resize=350%2C200","width":350,"height":200,"srcset":"https:\/\/i0.wp.com\/ralupo.me\/wp-content\/uploads\/2024\/11\/IMG_7328_jpg-scaled.jpeg?fit=1200%2C900&ssl=1&resize=350%2C200 1x, https:\/\/i0.wp.com\/ralupo.me\/wp-content\/uploads\/2024\/11\/IMG_7328_jpg-scaled.jpeg?fit=1200%2C900&ssl=1&resize=525%2C300 1.5x, https:\/\/i0.wp.com\/ralupo.me\/wp-content\/uploads\/2024\/11\/IMG_7328_jpg-scaled.jpeg?fit=1200%2C900&ssl=1&resize=700%2C400 2x, https:\/\/i0.wp.com\/ralupo.me\/wp-content\/uploads\/2024\/11\/IMG_7328_jpg-scaled.jpeg?fit=1200%2C900&ssl=1&resize=1050%2C600 3x"},"classes":[]},{"id":1413,"url":"https:\/\/ralupo.me\/en\/archive\/1413","url_meta":{"origin":2344,"position":3},"title":"Mein Impferlebnis","author":"Lupo","date":"18. March 2021","format":false,"excerpt":"Dann will ich mal mein heutiges Impferlebnis teilen in der Hoffnung, damit ein bisschen zur Beruhigung der allgemeinen Hysterie beitragen zu k\u00f6nnen. Geimpft wird gegen Sars-Covid-19 mit dem Impfstoff \u201eComirnaty\u201c von Biontech\/Pfizer. Erster Durchgang heute, zweite Dosis in vier Wochen. Die Online-Registrierung, mit der ua Vorerkrankungen, sowie Parameter zur Zuordnung\u2026","rel":"","context":"In &quot;Teilnehmende Beobachtung&quot;","block_context":{"text":"Teilnehmende Beobachtung","link":"https:\/\/ralupo.me\/en\/archive\/category\/teilnehmende-beobachtung"},"img":{"alt_text":"","src":"https:\/\/i0.wp.com\/ralupo.me\/wp-content\/uploads\/2021\/03\/img_8870-scaled.jpg?fit=1200%2C900&ssl=1&resize=350%2C200","width":350,"height":200,"srcset":"https:\/\/i0.wp.com\/ralupo.me\/wp-content\/uploads\/2021\/03\/img_8870-scaled.jpg?fit=1200%2C900&ssl=1&resize=350%2C200 1x, https:\/\/i0.wp.com\/ralupo.me\/wp-content\/uploads\/2021\/03\/img_8870-scaled.jpg?fit=1200%2C900&ssl=1&resize=525%2C300 1.5x, https:\/\/i0.wp.com\/ralupo.me\/wp-content\/uploads\/2021\/03\/img_8870-scaled.jpg?fit=1200%2C900&ssl=1&resize=700%2C400 2x, https:\/\/i0.wp.com\/ralupo.me\/wp-content\/uploads\/2021\/03\/img_8870-scaled.jpg?fit=1200%2C900&ssl=1&resize=1050%2C600 3x"},"classes":[]},{"id":15200,"url":"https:\/\/ralupo.me\/en\/archive\/15200","url_meta":{"origin":2344,"position":4},"title":"Georgien: Kommunalwahlen unter repressiven Bedingungen und internationaler Kritik","author":"Lupo","date":"6. October 2025","format":false,"excerpt":"[:de] Am Samstag fanden in Georgien die Kommunalwahlen statt \u2013 inmitten einer Phase massiver Repressionen gegen abweichende Meinungen. Seit Monaten sieht sich das Land mit einer Welle staatlicher Ma\u00dfnahmen konfrontiert, die sich insbesondere gegen unabh\u00e4ngige Medien, die Zivilgesellschaft und die politische Opposition richten. Razzien, die Verabschiedung restriktiver Gesetze, die Inhaftierung\u2026","rel":"","context":"In &quot;Europa&quot;","block_context":{"text":"Europa","link":"https:\/\/ralupo.me\/en\/archive\/category\/europa"},"img":{"alt_text":"","src":"https:\/\/i0.wp.com\/ralupo.me\/wp-content\/uploads\/2024\/12\/IMG_7782_jpg-scaled.jpeg?fit=1200%2C900&ssl=1&resize=350%2C200","width":350,"height":200,"srcset":"https:\/\/i0.wp.com\/ralupo.me\/wp-content\/uploads\/2024\/12\/IMG_7782_jpg-scaled.jpeg?fit=1200%2C900&ssl=1&resize=350%2C200 1x, https:\/\/i0.wp.com\/ralupo.me\/wp-content\/uploads\/2024\/12\/IMG_7782_jpg-scaled.jpeg?fit=1200%2C900&ssl=1&resize=525%2C300 1.5x, https:\/\/i0.wp.com\/ralupo.me\/wp-content\/uploads\/2024\/12\/IMG_7782_jpg-scaled.jpeg?fit=1200%2C900&ssl=1&resize=700%2C400 2x, https:\/\/i0.wp.com\/ralupo.me\/wp-content\/uploads\/2024\/12\/IMG_7782_jpg-scaled.jpeg?fit=1200%2C900&ssl=1&resize=1050%2C600 3x"},"classes":[]},{"id":1396,"url":"https:\/\/ralupo.me\/en\/archive\/1396","url_meta":{"origin":2344,"position":5},"title":"Impfen","author":"Lupo","date":"31. January 2021","format":false,"excerpt":"","rel":"","context":"In &quot;Teilnehmende Beobachtung&quot;","block_context":{"text":"Teilnehmende Beobachtung","link":"https:\/\/ralupo.me\/en\/archive\/category\/teilnehmende-beobachtung"},"img":{"alt_text":"","src":"https:\/\/i0.wp.com\/ralupo.me\/wp-content\/uploads\/2021\/01\/img_7999.jpg?fit=772%2C960&ssl=1&resize=350%2C200","width":350,"height":200,"srcset":"https:\/\/i0.wp.com\/ralupo.me\/wp-content\/uploads\/2021\/01\/img_7999.jpg?fit=772%2C960&ssl=1&resize=350%2C200 1x, https:\/\/i0.wp.com\/ralupo.me\/wp-content\/uploads\/2021\/01\/img_7999.jpg?fit=772%2C960&ssl=1&resize=525%2C300 1.5x, https:\/\/i0.wp.com\/ralupo.me\/wp-content\/uploads\/2021\/01\/img_7999.jpg?fit=772%2C960&ssl=1&resize=700%2C400 2x"},"classes":[]}],"jetpack_shortlink":"https:\/\/wp.me\/pcanHs-BO","_links":{"self":[{"href":"https:\/\/ralupo.me\/en\/wp-json\/wp\/v2\/posts\/2344","targetHints":{"allow":["GET"]}}],"collection":[{"href":"https:\/\/ralupo.me\/en\/wp-json\/wp\/v2\/posts"}],"about":[{"href":"https:\/\/ralupo.me\/en\/wp-json\/wp\/v2\/types\/post"}],"author":[{"embeddable":true,"href":"https:\/\/ralupo.me\/en\/wp-json\/wp\/v2\/users\/1"}],"replies":[{"embeddable":true,"href":"https:\/\/ralupo.me\/en\/wp-json\/wp\/v2\/comments?post=2344"}],"version-history":[{"count":0,"href":"https:\/\/ralupo.me\/en\/wp-json\/wp\/v2\/posts\/2344\/revisions"}],"wp:featuredmedia":[{"embeddable":true,"href":"https:\/\/ralupo.me\/en\/wp-json\/wp\/v2\/media\/2348"}],"wp:attachment":[{"href":"https:\/\/ralupo.me\/en\/wp-json\/wp\/v2\/media?parent=2344"}],"wp:term":[{"taxonomy":"category","embeddable":true,"href":"https:\/\/ralupo.me\/en\/wp-json\/wp\/v2\/categories?post=2344"},{"taxonomy":"post_tag","embeddable":true,"href":"https:\/\/ralupo.me\/en\/wp-json\/wp\/v2\/tags?post=2344"}],"curies":[{"name":"wp","href":"https:\/\/api.w.org\/{rel}","templated":true}]}}