{"id":2170,"date":"2021-11-28T18:47:06","date_gmt":"2021-11-28T18:47:06","guid":{"rendered":"https:\/\/ralupo.me\/?p=2170"},"modified":"2021-12-17T19:09:51","modified_gmt":"2021-12-17T19:09:51","slug":"abwarten-ist-zur-mentalitaet-geworden","status":"publish","type":"post","link":"https:\/\/ralupo.me\/en\/archive\/2170","title":{"rendered":"\u201eAbwarten ist zur Mentalit\u00e4t geworden\u201c"},"content":{"rendered":"<span class=\"span-reading-time rt-reading-time\" style=\"display: block;\"><span class=\"rt-label rt-prefix\">Lesedauer<\/span> <span class=\"rt-time\"> 2<\/span> <span class=\"rt-label rt-postfix\">Minuten<\/span><\/span>\n<p class=\"has-regular-font-size wp-block-paragraph\">Eine interessante Reportage aus der Republik Moldau kommt diese Woche von SPIEGEL-Online. Das kleine Land zwischen Rum\u00e4nien und der Ukraine  sorgte <a href=\"https:\/\/www.nzz.ch\/international\/energiekrise-in-europa-klamme-moldau-und-russisches-powerplay-ld.1652164\" target=\"_blank\" rel=\"noreferrer noopener\">zuletzt mit seinem Streit mit Gazprom f\u00fcr Schlagzeilen<\/a>. <\/p>\n\n\n\n<p class=\"wp-block-paragraph\">Das \u00e4rmste Land Europas ist hin und hergerissen zwischen Ost und West. Der abgespaltene Teil Transnistrien steht unter russischem Einfluss, aus den Pr\u00e4sidentenwahlen ging die proeurop\u00e4ische Kandidatin hervor. <br><\/p>\n\n\n\n<figure class=\"wp-block-image size-full is-resized\" id=\"wp-block-themeisle-blocks-image-28b37832\"><img data-recalc-dims=\"1\" fetchpriority=\"high\" decoding=\"async\" data-attachment-id=\"2187\" data-permalink=\"https:\/\/ralupo.me\/en\/img_8045\" data-orig-file=\"https:\/\/i0.wp.com\/ralupo.me\/wp-content\/uploads\/2021\/11\/img_8045.jpg?fit=786%2C786&amp;ssl=1\" data-orig-size=\"786,786\" data-comments-opened=\"1\" data-image-meta=\"{&quot;aperture&quot;:&quot;0&quot;,&quot;credit&quot;:&quot;&quot;,&quot;camera&quot;:&quot;&quot;,&quot;caption&quot;:&quot;&quot;,&quot;created_timestamp&quot;:&quot;0&quot;,&quot;copyright&quot;:&quot;&quot;,&quot;focal_length&quot;:&quot;0&quot;,&quot;iso&quot;:&quot;0&quot;,&quot;shutter_speed&quot;:&quot;0&quot;,&quot;title&quot;:&quot;&quot;,&quot;orientation&quot;:&quot;0&quot;}\" data-image-title=\"img_8045\" data-image-description=\"\" data-image-caption=\"\" data-medium-file=\"https:\/\/i0.wp.com\/ralupo.me\/wp-content\/uploads\/2021\/11\/img_8045.jpg?fit=300%2C300&amp;ssl=1\" data-large-file=\"https:\/\/i0.wp.com\/ralupo.me\/wp-content\/uploads\/2021\/11\/img_8045.jpg?fit=786%2C786&amp;ssl=1\" src=\"https:\/\/i0.wp.com\/ralupo.me\/wp-content\/uploads\/2021\/11\/img_8045.jpg?resize=590%2C590&#038;ssl=1\" alt=\"\" class=\"wp-image-2187\" width=\"590\" height=\"590\" srcset=\"https:\/\/i0.wp.com\/ralupo.me\/wp-content\/uploads\/2021\/11\/img_8045.jpg?w=786&amp;ssl=1 786w, https:\/\/i0.wp.com\/ralupo.me\/wp-content\/uploads\/2021\/11\/img_8045.jpg?resize=300%2C300&amp;ssl=1 300w, https:\/\/i0.wp.com\/ralupo.me\/wp-content\/uploads\/2021\/11\/img_8045.jpg?resize=100%2C100&amp;ssl=1 100w, https:\/\/i0.wp.com\/ralupo.me\/wp-content\/uploads\/2021\/11\/img_8045.jpg?resize=600%2C600&amp;ssl=1 600w, https:\/\/i0.wp.com\/ralupo.me\/wp-content\/uploads\/2021\/11\/img_8045.jpg?resize=150%2C150&amp;ssl=1 150w, https:\/\/i0.wp.com\/ralupo.me\/wp-content\/uploads\/2021\/11\/img_8045.jpg?resize=768%2C768&amp;ssl=1 768w\" sizes=\"(max-width: 590px) 100vw, 590px\" \/><\/figure>\n\n\n\n<blockquote class=\"wp-block-quote is-layout-flow wp-block-quote-is-layout-flow\"><p>Das Abwarten ist zur Mentalit\u00e4t geworden. In der Pandemie ist das ein t\u00f6dliches Problem.\u00ab Die beiden Journalisten fragten sich auch, ob es einen Weg gibt, die Skepsis der Menschen zu \u00fcberwinden. \u201eDie Geschichte hat die Menschen in Moldau gelehrt, dass sie niemandem trauen k\u00f6nnen. F\u00fcr viele erscheint es sicherer, ein gef\u00e4lschtes Impfzertifikat zu kaufen, anstatt sich mit einem Impfstoff zu sch\u00fctzen. Doch der Preis des Misstrauens ist sehr hoch\u201c.<\/p><\/blockquote>\n\n\n\n<p class=\"wp-block-paragraph\">Die ganze Reportage mit Bildmaterial <a href=\"https:\/\/bit.ly\/3rjsmtu\" target=\"_blank\" rel=\"noreferrer noopener\"> gibt es hier<\/a><\/p>\n\n\n<div class=\"vlp-link-container vlp-template-default wp-block-visual-link-preview-link\">\n\t<a href=\"https:\/\/bit.ly\/3rjsmtu\" class=\"vlp-link\" title=\"Corona in der Republik Moldau: Wo die Skepsis gr\u00f6\u00dfer ist als die Angst\" rel=\"nofollow\" target=\"_blank\"><\/a>\t\t<div class=\"vlp-link-image-container\">\n\t\t<div class=\"vlp-link-image\">\n\t\t\t<img data-recalc-dims=\"1\" decoding=\"async\" src=\"https:\/\/i0.wp.com\/cdn.prod.www.spiegel.de\/images\/88a2d2cf-7515-4fa3-aa3a-15b3b6fd33ff_w1280_r1.77_fpx48_fpy52.jpg?ssl=1\" style=\"max-width: 150px; max-height: 150px\" \/>\t\t<\/div>\n\t<\/div>\n\t\t<div class=\"vlp-link-text-container\">\n\t\t\t\t<div class=\"vlp-link-title\">\n\t\t\tCorona in der Republik Moldau: Wo die Skepsis gr\u00f6\u00dfer ist als die Angst\t\t<\/div>\n\t\t\t\t\t\t<div class=\"vlp-link-summary\">\n\t\t\tDie Republik Moldau gilt als \u00e4rmstes Land Europas. In der Pandemie erhielt sie Impfstoff-Lieferungen aus aller Welt. Doch die B\u00fcrger verzichten. Wie \u00fcberzeugt man ein Volk, das nur im Misstrauen vereint ist?\t\t<\/div>\n\t\t\t<\/div>\n<\/div>\n\n\n<div class=\"vlp-link-container vlp-template-default wp-block-visual-link-preview-link\">\n\t<a href=\"https:\/\/ralupo.me\/en\/archive\/826\" class=\"vlp-link\" title=\"Chi\u0219in\u0103u\"><\/a>\t\t<div class=\"vlp-link-image-container\">\n\t\t<div class=\"vlp-link-image\">\n\t\t\t<img decoding=\"async\" style=\"max-width: 150px;\" width=\"150\" height=\"150\" src=\"https:\/\/i0.wp.com\/ralupo.me\/wp-content\/uploads\/2020\/08\/img_7989.jpg?resize=150%2C150&amp;ssl=1\" class=\"attachment-150x150 size-150x150\" alt=\"\" srcset=\"https:\/\/i0.wp.com\/ralupo.me\/wp-content\/uploads\/2020\/08\/img_7989.jpg?resize=300%2C300&amp;ssl=1 300w, https:\/\/i0.wp.com\/ralupo.me\/wp-content\/uploads\/2020\/08\/img_7989.jpg?resize=100%2C100&amp;ssl=1 100w, https:\/\/i0.wp.com\/ralupo.me\/wp-content\/uploads\/2020\/08\/img_7989.jpg?resize=150%2C150&amp;ssl=1 150w, https:\/\/i0.wp.com\/ralupo.me\/wp-content\/uploads\/2020\/08\/img_7989.jpg?zoom=3&amp;resize=150%2C150&amp;ssl=1 450w\" sizes=\"(max-width: 150px) 100vw, 150px\" data-attachment-id=\"804\" data-permalink=\"https:\/\/ralupo.me\/en\/archive\/4965\/img_7989\" data-orig-file=\"https:\/\/i0.wp.com\/ralupo.me\/wp-content\/uploads\/2020\/08\/img_7989.jpg?fit=2560%2C1920&amp;ssl=1\" data-orig-size=\"2560,1920\" data-comments-opened=\"1\" data-image-meta=\"{&quot;aperture&quot;:&quot;0&quot;,&quot;credit&quot;:&quot;&quot;,&quot;camera&quot;:&quot;&quot;,&quot;caption&quot;:&quot;&quot;,&quot;created_timestamp&quot;:&quot;0&quot;,&quot;copyright&quot;:&quot;&quot;,&quot;focal_length&quot;:&quot;0&quot;,&quot;iso&quot;:&quot;0&quot;,&quot;shutter_speed&quot;:&quot;0&quot;,&quot;title&quot;:&quot;&quot;,&quot;orientation&quot;:&quot;0&quot;}\" data-image-title=\"img_7989\" data-image-description=\"\" data-image-caption=\"\" data-medium-file=\"https:\/\/i0.wp.com\/ralupo.me\/wp-content\/uploads\/2020\/08\/img_7989.jpg?fit=300%2C225&amp;ssl=1\" data-large-file=\"https:\/\/i0.wp.com\/ralupo.me\/wp-content\/uploads\/2020\/08\/img_7989.jpg?fit=1024%2C768&amp;ssl=1\" \/>\t\t<\/div>\n\t<\/div>\n\t\t<div class=\"vlp-link-text-container\">\n\t\t\t\t<div class=\"vlp-link-title\">\n\t\t\tChi\u0219in\u0103u\t\t<\/div>\n\t\t\t\t\t\t<div class=\"vlp-link-summary\">\n\t\t\tWenn man nach der Hauptstadt der Republik Moldau, Chisinau (sprich: Kischinau), googelt, wom\u00f6glich noch zusammen mit Begriffen wie &#8222;Reise&#8220; und&#8220; Reisetipps&#8222;, bekommt man ganz grauenvolle Berichte vorgeschlagen, die sich im Wesentlichen alle dar\u00fcber einig sind, dass man nach Chisinau nicht fahren sollte. \u201eDie Hauptstadt der Republik Moldau (oder wie weniger gut informierte Fu\u00dfballfans noch immer&hellip;\t\t<\/div>\n\t\t\t<\/div>\n<\/div>\n","protected":false},"excerpt":{"rendered":"<p>Eine interessante Reportage aus der Republik Moldau kommt diese Woche von SPIEGEL-Online. Das kleine Land zwischen Rum\u00e4nien und der Ukraine sorgte zuletzt mit seinem Streit mit Gazprom f\u00fcr Schlagzeilen. Das [&hellip;]<\/p>\n","protected":false},"author":1,"featured_media":810,"comment_status":"open","ping_status":"open","sticky":false,"template":"","format":"standard","meta":{"_crdt_document":"","advanced_seo_description":"","jetpack_seo_html_title":"","jetpack_seo_noindex":false,"_EventAllDay":false,"_EventTimezone":"","_EventStartDate":"","_EventEndDate":"","_EventStartDateUTC":"","_EventEndDateUTC":"","_EventShowMap":false,"_EventShowMapLink":false,"_EventURL":"","_EventCost":"","_EventCostDescription":"","_EventCurrencySymbol":"","_EventCurrencyCode":"","_EventCurrencyPosition":"","_EventDateTimeSeparator":"","_EventTimeRangeSeparator":"","_EventOrganizerID":[],"_EventVenueID":[],"_OrganizerEmail":"","_OrganizerPhone":"","_OrganizerWebsite":"","_VenueAddress":"","_VenueCity":"","_VenueCountry":"","_VenueProvince":"","_VenueState":"","_VenueZip":"","_VenuePhone":"","_VenueURL":"","_VenueStateProvince":"","_VenueLat":"","_VenueLng":"","_VenueShowMap":false,"_VenueShowMapLink":false,"jetpack_post_was_ever_published":false,"_jetpack_newsletter_access":"","_jetpack_dont_email_post_to_subs":false,"_jetpack_newsletter_tier_id":0,"_jetpack_memberships_contains_paywalled_content":false,"_jetpack_memberships_contains_paid_content":false,"footnotes":""},"categories":[327],"tags":[10,416],"class_list":["post-2170","post","type-post","status-publish","format-standard","has-post-thumbnail","hentry","category-eastbound","tag-corona","tag-moldau"],"jetpack_featured_media_url":"https:\/\/i0.wp.com\/ralupo.me\/wp-content\/uploads\/2020\/08\/img_7892-2-2-scaled.jpg?fit=2560%2C1920&ssl=1","jetpack_sharing_enabled":true,"jetpack-related-posts":[{"id":13001,"url":"https:\/\/ralupo.me\/en\/archive\/13001","url_meta":{"origin":2170,"position":0},"title":"Silvester in Moldau","author":"Lupo","date":"31. December 2023","format":false,"excerpt":"[:de] Letztes Jahr Silvester in Tallinn, dieses Jahr ging es in die Hauptstadt der Republik Moldau: Nach Chisinau. In der Republik Moldau, die \u00fcbrigens nichts mit dem gleichnamigen Fluss zu tun hat, leben circa 2,7 Millionen Menschen. Das kleine Land in Osteuropa grenzt an Rum\u00e4nien im Westen und die Ukraine\u2026","rel":"","context":"In &quot;Eastbound&quot;","block_context":{"text":"Eastbound","link":"https:\/\/ralupo.me\/en\/archive\/category\/eastbound"},"img":{"alt_text":"","src":"https:\/\/i0.wp.com\/ralupo.me\/wp-content\/uploads\/2023\/12\/IMG_7524-2.jpeg?fit=1200%2C900&ssl=1&resize=350%2C200","width":350,"height":200,"srcset":"https:\/\/i0.wp.com\/ralupo.me\/wp-content\/uploads\/2023\/12\/IMG_7524-2.jpeg?fit=1200%2C900&ssl=1&resize=350%2C200 1x, https:\/\/i0.wp.com\/ralupo.me\/wp-content\/uploads\/2023\/12\/IMG_7524-2.jpeg?fit=1200%2C900&ssl=1&resize=525%2C300 1.5x, https:\/\/i0.wp.com\/ralupo.me\/wp-content\/uploads\/2023\/12\/IMG_7524-2.jpeg?fit=1200%2C900&ssl=1&resize=700%2C400 2x, https:\/\/i0.wp.com\/ralupo.me\/wp-content\/uploads\/2023\/12\/IMG_7524-2.jpeg?fit=1200%2C900&ssl=1&resize=1050%2C600 3x"},"classes":[]},{"id":12798,"url":"https:\/\/ralupo.me\/en\/archive\/12798","url_meta":{"origin":2170,"position":1},"title":"Moldaus Pr\u00e4sidentin will Referendum \u00fcber EU-Beitritt","author":"Lupo","date":"26. December 2023","format":false,"excerpt":"[:de]Die moldauische Pr\u00e4sidentin Maia Sandu hat an Weihnachten in einer Ansprache angek\u00fcndigt, f\u00fcr eine weitere Amtszeit zu kandidieren. Ferner will sie das moldauische Parlament zu bitten, ein Referendum abzuhalten: Die B\u00fcrger sollen \u00fcber den Beitritt Moldaus zur Europ\u00e4ischen Union abstimmen k\u00f6nnen. Sandu ist seit drei Jahren im Amt.[:]","rel":"","context":"In &quot;Europa&quot;","block_context":{"text":"Europa","link":"https:\/\/ralupo.me\/en\/archive\/category\/europa"},"img":{"alt_text":"","src":"https:\/\/i0.wp.com\/ralupo.me\/wp-content\/uploads\/2020\/08\/img_7850-scaled.jpg?fit=1200%2C900&ssl=1&resize=350%2C200","width":350,"height":200,"srcset":"https:\/\/i0.wp.com\/ralupo.me\/wp-content\/uploads\/2020\/08\/img_7850-scaled.jpg?fit=1200%2C900&ssl=1&resize=350%2C200 1x, https:\/\/i0.wp.com\/ralupo.me\/wp-content\/uploads\/2020\/08\/img_7850-scaled.jpg?fit=1200%2C900&ssl=1&resize=525%2C300 1.5x, https:\/\/i0.wp.com\/ralupo.me\/wp-content\/uploads\/2020\/08\/img_7850-scaled.jpg?fit=1200%2C900&ssl=1&resize=700%2C400 2x, https:\/\/i0.wp.com\/ralupo.me\/wp-content\/uploads\/2020\/08\/img_7850-scaled.jpg?fit=1200%2C900&ssl=1&resize=1050%2C600 3x"},"classes":[]},{"id":13746,"url":"https:\/\/ralupo.me\/en\/archive\/13746","url_meta":{"origin":2170,"position":2},"title":"Transnistrien bittet (wieder) um Schutz aus Moskau","author":"Lupo","date":"29. February 2024","format":false,"excerpt":"[:de] Gestern gab es wieder Schlagzeilen \u00fcber einen angeblichen Hilferuf aus der von Moldau abtr\u00fcnnigen Region \"Transnistrien\". Die parlamentarische Versammlung des international nicht anerkannten Staates \"Transnistrien\" bittet in Moskau um Hilfe. Der Staat \"Transnistrien\" ist eine typische Scheinrepublik unter russischem Einfluss. Wirtschaftlich und politisch von Moskau abh\u00e4ngig, politisch \"verwaltet\" von\u2026","rel":"","context":"In &quot;Europa&quot;","block_context":{"text":"Europa","link":"https:\/\/ralupo.me\/en\/archive\/category\/europa"},"img":{"alt_text":"","src":"https:\/\/i0.wp.com\/ralupo.me\/wp-content\/uploads\/2020\/08\/img_7879.jpg?fit=1200%2C900&ssl=1&resize=350%2C200","width":350,"height":200,"srcset":"https:\/\/i0.wp.com\/ralupo.me\/wp-content\/uploads\/2020\/08\/img_7879.jpg?fit=1200%2C900&ssl=1&resize=350%2C200 1x, https:\/\/i0.wp.com\/ralupo.me\/wp-content\/uploads\/2020\/08\/img_7879.jpg?fit=1200%2C900&ssl=1&resize=525%2C300 1.5x, https:\/\/i0.wp.com\/ralupo.me\/wp-content\/uploads\/2020\/08\/img_7879.jpg?fit=1200%2C900&ssl=1&resize=700%2C400 2x, https:\/\/i0.wp.com\/ralupo.me\/wp-content\/uploads\/2020\/08\/img_7879.jpg?fit=1200%2C900&ssl=1&resize=1050%2C600 3x"},"classes":[]},{"id":4965,"url":"https:\/\/ralupo.me\/en\/archive\/4965","url_meta":{"origin":2170,"position":3},"title":"Taut der Konflikt um Transnistrien wieder auf?","author":"Lupo","date":"26. April 2022","format":false,"excerpt":"[:de] Nachdem es gestern suspekte Explosionen in der von der Republik Moldau abtr\u00fcnnigen Region \"Transnistrien\" gegeben hat, bei der zwei Funkt\u00fcrme besch\u00e4digt wurden, haben die Spannungen im lange ruhigen Konflikt um die von Moldau abtr\u00fcnnige Region zugenommen. Wer f\u00fcr die Explosionen verantwortlich ist, ist derzeit unbekannt. Auff\u00e4llig ist dabei, dass\u2026","rel":"","context":"In &quot;Politik&quot;","block_context":{"text":"Politik","link":"https:\/\/ralupo.me\/en\/archive\/category\/politik"},"img":{"alt_text":"","src":"https:\/\/i0.wp.com\/ralupo.me\/wp-content\/uploads\/2022\/04\/IMG_7528-scaled.jpeg?fit=1200%2C900&ssl=1&resize=350%2C200","width":350,"height":200,"srcset":"https:\/\/i0.wp.com\/ralupo.me\/wp-content\/uploads\/2022\/04\/IMG_7528-scaled.jpeg?fit=1200%2C900&ssl=1&resize=350%2C200 1x, https:\/\/i0.wp.com\/ralupo.me\/wp-content\/uploads\/2022\/04\/IMG_7528-scaled.jpeg?fit=1200%2C900&ssl=1&resize=525%2C300 1.5x, https:\/\/i0.wp.com\/ralupo.me\/wp-content\/uploads\/2022\/04\/IMG_7528-scaled.jpeg?fit=1200%2C900&ssl=1&resize=700%2C400 2x, https:\/\/i0.wp.com\/ralupo.me\/wp-content\/uploads\/2022\/04\/IMG_7528-scaled.jpeg?fit=1200%2C900&ssl=1&resize=1050%2C600 3x"},"classes":[]},{"id":10200,"url":"https:\/\/ralupo.me\/en\/archive\/10200","url_meta":{"origin":2170,"position":4},"title":"Moldau zieht sich weiter aus der GUS zur\u00fcck","author":"Lupo","date":"29. June 2023","format":false,"excerpt":"[:de]Die Regierung der kleinen ehemaligen Sowjetrepublik Moldau zieht sich aus einem weiteren Vertrag der Gemeinschaft unabh\u00e4ngiger Staaten (GUS) zur\u00fcck. Es handelt sich um ein am 22. Januar 1993 in Minsk unterzeichnetes Abkommen \u00fcber die Zusammenarbeit auf dem Gebiet der Verh\u00fctung und Beseitigung von Naturkatastrophen und von Menschen verursachten Notf\u00e4llen. Das\u2026","rel":"","context":"In &quot;Europa&quot;","block_context":{"text":"Europa","link":"https:\/\/ralupo.me\/en\/archive\/category\/europa"},"img":{"alt_text":"","src":"https:\/\/i0.wp.com\/ralupo.me\/wp-content\/uploads\/2022\/06\/F875DE9E-7676-4356-914E-145352D59EA3-scaled.jpeg?fit=1200%2C900&ssl=1&resize=350%2C200","width":350,"height":200,"srcset":"https:\/\/i0.wp.com\/ralupo.me\/wp-content\/uploads\/2022\/06\/F875DE9E-7676-4356-914E-145352D59EA3-scaled.jpeg?fit=1200%2C900&ssl=1&resize=350%2C200 1x, https:\/\/i0.wp.com\/ralupo.me\/wp-content\/uploads\/2022\/06\/F875DE9E-7676-4356-914E-145352D59EA3-scaled.jpeg?fit=1200%2C900&ssl=1&resize=525%2C300 1.5x, https:\/\/i0.wp.com\/ralupo.me\/wp-content\/uploads\/2022\/06\/F875DE9E-7676-4356-914E-145352D59EA3-scaled.jpeg?fit=1200%2C900&ssl=1&resize=700%2C400 2x, https:\/\/i0.wp.com\/ralupo.me\/wp-content\/uploads\/2022\/06\/F875DE9E-7676-4356-914E-145352D59EA3-scaled.jpeg?fit=1200%2C900&ssl=1&resize=1050%2C600 3x"},"classes":[]},{"id":14266,"url":"https:\/\/ralupo.me\/en\/archive\/14266","url_meta":{"origin":2170,"position":5},"title":"Russlands hybrider Krieg um Moldau","author":"Lupo","date":"31. August 2024","format":false,"excerpt":"[:de] F\u00fcr den 20. Oktober 2024 stehen in der Republik Moldau Pr\u00e4sidentschaftswahlen an, die amtierende Pr\u00e4sidentin Maia Sandu tritt zur Wiederwahl an. Gleichzeitig hat die pro-europ\u00e4ische Pr\u00e4sidentin auch ein Referendum angesetzt: Moldaus Weg in die Europ\u00e4ische Union soll Verfassungsrang bekommen. Das Land hat zusammen mit der Ukraine Beitrittsgespr\u00e4che begonnen. In\u2026","rel":"","context":"In &quot;Europa&quot;","block_context":{"text":"Europa","link":"https:\/\/ralupo.me\/en\/archive\/category\/europa"},"img":{"alt_text":"","src":"https:\/\/i0.wp.com\/ralupo.me\/wp-content\/uploads\/2023\/12\/IMG_7513-scaled.jpeg?fit=1200%2C900&ssl=1&resize=350%2C200","width":350,"height":200,"srcset":"https:\/\/i0.wp.com\/ralupo.me\/wp-content\/uploads\/2023\/12\/IMG_7513-scaled.jpeg?fit=1200%2C900&ssl=1&resize=350%2C200 1x, https:\/\/i0.wp.com\/ralupo.me\/wp-content\/uploads\/2023\/12\/IMG_7513-scaled.jpeg?fit=1200%2C900&ssl=1&resize=525%2C300 1.5x, https:\/\/i0.wp.com\/ralupo.me\/wp-content\/uploads\/2023\/12\/IMG_7513-scaled.jpeg?fit=1200%2C900&ssl=1&resize=700%2C400 2x, https:\/\/i0.wp.com\/ralupo.me\/wp-content\/uploads\/2023\/12\/IMG_7513-scaled.jpeg?fit=1200%2C900&ssl=1&resize=1050%2C600 3x"},"classes":[]}],"jetpack_shortlink":"https:\/\/wp.me\/pcanHs-z0","_links":{"self":[{"href":"https:\/\/ralupo.me\/en\/wp-json\/wp\/v2\/posts\/2170","targetHints":{"allow":["GET"]}}],"collection":[{"href":"https:\/\/ralupo.me\/en\/wp-json\/wp\/v2\/posts"}],"about":[{"href":"https:\/\/ralupo.me\/en\/wp-json\/wp\/v2\/types\/post"}],"author":[{"embeddable":true,"href":"https:\/\/ralupo.me\/en\/wp-json\/wp\/v2\/users\/1"}],"replies":[{"embeddable":true,"href":"https:\/\/ralupo.me\/en\/wp-json\/wp\/v2\/comments?post=2170"}],"version-history":[{"count":0,"href":"https:\/\/ralupo.me\/en\/wp-json\/wp\/v2\/posts\/2170\/revisions"}],"wp:featuredmedia":[{"embeddable":true,"href":"https:\/\/ralupo.me\/en\/wp-json\/wp\/v2\/media\/810"}],"wp:attachment":[{"href":"https:\/\/ralupo.me\/en\/wp-json\/wp\/v2\/media?parent=2170"}],"wp:term":[{"taxonomy":"category","embeddable":true,"href":"https:\/\/ralupo.me\/en\/wp-json\/wp\/v2\/categories?post=2170"},{"taxonomy":"post_tag","embeddable":true,"href":"https:\/\/ralupo.me\/en\/wp-json\/wp\/v2\/tags?post=2170"}],"curies":[{"name":"wp","href":"https:\/\/api.w.org\/{rel}","templated":true}]}}