{"id":15351,"date":"2026-01-25T13:07:33","date_gmt":"2026-01-25T12:07:33","guid":{"rendered":"https:\/\/ralupo.me\/?p=15351"},"modified":"2026-01-25T13:11:10","modified_gmt":"2026-01-25T12:11:10","slug":"aufgelesen-1-26","status":"publish","type":"post","link":"https:\/\/ralupo.me\/en\/archive\/15351","title":{"rendered":"Aufgelesen 1\/26"},"content":{"rendered":"<span class=\"span-reading-time rt-reading-time\" style=\"display: block;\"><span class=\"rt-label rt-prefix\">Lesedauer<\/span> <span class=\"rt-time\"> 3<\/span> <span class=\"rt-label rt-postfix\">Minuten<\/span><\/span>\n<p class=\"wp-block-paragraph\">W\u00e4hrend die Annexion von Gr\u00f6nland durch den NATO-Partner USA gerade noch abgewendet werden konnte, stellt sich Europa gleich am n\u00e4chsten Tag wieder selbst ein Bein, in dem das EU-Parlament das Mercosur-Abkommen nicht ratifiziert, sondern dem EuGH zur Pr\u00fcfung vorlegt. <a href=\"https:\/\/www.welt.de\/politik\/deutschland\/article697473bbf5499fb954b642aa\/spd-politiker-nicht-das-land-der-barbaren-altkanzler-schroeder-beklagt-daemonisierung-russlands.html\">W\u00e4hrenddessen findet Gehard Schr\u00f6der, dass man Russland &#8220;nicht d\u00e4monisieren&#8221; und als Barbarenstaat wahrnehmen solle<\/a>, w\u00e4hrend jene gerade bei Temperaturen bis -15 Grad der Bev\u00f6lkerung von Kyiv ohne millit\u00e4rischen Nutzen die Heizung-, Strom- und Wasserversorgung wegbomben und Alte und Schwache erfrieren lassen. <\/p>\n\n\n\n<p class=\"has-text-align-center wp-block-paragraph\">**<\/p>\n\n\n\n<p class=\"wp-block-paragraph\"><a href=\"https:\/\/www.faz.net\/aktuell\/politik\/ausland\/die-zweite-zeitenwende-trump-der-zerreisser-des-westens-accg-110824482.html\">Berthold Kohler sieht in seinem Leitartikel &#8220;Der Zerrei\u00dfer&#8221; in der FAS eine zweite Zeitenwende anbrechen. <\/a>Er zeichnet ein dunkles Bild von Donald Trump als US-Pr\u00e4sidenten, der die traditionelle Bindung zwischen Amerika und Europa zerschnitten und damit eine \u201ezweite Zeitenwende\u201c in der internationalen Ordnung ausgel\u00f6st hat. Trump inszeniert sich als einzigartigen, von Gott gesch\u00fctzten F\u00fchrer, der Respekt f\u00fcr Amerika zur\u00fcckgebracht habe, tats\u00e4chlich aber international vor allem Fassungslosigkeit, Entsetzen und Fremdscham ausl\u00f6se. Sein Politikstil ist gepr\u00e4gt von Narzissmus, Drohungen, Beleidigungen, Strafz\u00f6llen und Erpressung gegen\u00fcber Kritikern im Inland wie gegen\u00fcber ausl\u00e4ndischen Regierungen, wodurch er Abkommen und Institutionen, die Amerika angeblich schw\u00e4chten, regelrecht \u201ezers\u00e4gt\u201c. Parallel dazu relativiert Trump russischen Imperialismus, gesteht Wladimir Putin de facto eine Einflusszone zu und bricht mit dem bisherigen amerikanischen Anspruch, H\u00fcter einer regelbasierten Weltordnung zu sein. Sein propagierter \u201eFriedensrat\u201c erscheint eher als B\u00fchne zur Selbstinszenierung und als Affront gegen die Vereinten Nationen denn als ernsthafter Versuch, Ordnung wiederherzustellen. Trump ist in dieser Lesart weniger Ursache als sichtbares Symptom tief sitzender antiliberaler, nationalistischer und isolationistischer Str\u00f6mungen in den USA, die sich schon zuvor aufgebaut hatten und nun in Form einer \u201eMAGA-Lava\u201c ausbrechen.<\/p>\n\n\n<div class=\"vlp-link-container vlp-template-default wp-block-visual-link-preview-link\">\n\t<a href=\"https:\/\/www.faz.net\/aktuell\/politik\/ausland\/die-zweite-zeitenwende-trump-der-zerreisser-des-westens-accg-110824482.html\" class=\"vlp-link\" title=\"Die zweite Zeitenwende: Trump, der Zerrei\u00dfer des Westens\" rel=\"nofollow\" target=\"_blank\"><\/a>\t\t<div class=\"vlp-link-image-container\">\n\t\t<div class=\"vlp-link-image\">\n\t\t\t<img data-recalc-dims=\"1\" decoding=\"async\" src=\"https:\/\/i0.wp.com\/media0.faz.net\/image\/w1200h627\/465746573b43\/w3227h1686x561y1776o\/202601\/0a3a835f-0517-4bb2-b14e-6caf5b4c3f63\/donald-trump-spricht-von.webp?ssl=1\" style=\"max-width: 150px; max-height: 150px\" \/>\t\t<\/div>\n\t<\/div>\n\t\t<div class=\"vlp-link-text-container\">\n\t\t\t\t<div class=\"vlp-link-title\">\n\t\t\tDie zweite Zeitenwende: Trump, der Zerrei\u00dfer des Westens\t\t<\/div>\n\t\t\t\t\t\t<div class=\"vlp-link-summary\">\n\t\t\tDonald Trump hat die Bande Amerikas zu Europa gekappt. Doch die Europ\u00e4er m\u00fcssen nicht auf der Speisekarte der rivalisierenden Gro\u00dfm\u00e4chte landen, wenn sie sich besinnen.\t\t<\/div>\n\t\t\t<\/div>\n<\/div>\n\n\n\n<p class=\"has-text-align-center wp-block-paragraph\">***<\/p>\n\n\n\n<p class=\"wp-block-paragraph\">Die <a href=\"https:\/\/www.faz.net\/aktuell\/feuilleton\/debatten\/atle-staalesen-und-olesia-krivtsova-von-the-barents-observer-ueber-norwegen-und-russland-accg-110824252.html\">FAZ bringt ein lesenswertes Interview mit Atle Staalesen und Olesia Krivtsova, zwei Redakteuren des &#8220;Barents Observer&#8221;<\/a> aus dem Nord-norwegischen Kirkenes, die aus der norwegisch-russischen Polarregion berichten. Nach dem Ende des Kalten Krieges entwickelte sich hier eine umtriebige Modellregion der Zusammenarbeit zwischen Russland und dem Westen. Das ist vorbei. Atle Staalesen beschreibt Kirkenes als Ort, der lange vom \u201eTauwetter\u201c nach dem Kalten Krieg profitierte: kleiner Grenzverkehr, Kontakte \u00fcber die Grenze, ein fast allt\u00e4glicher Umgang mit Russland. Heute dominiert f\u00fcr ihn das Gef\u00fchl, in einer vorgeschobenen Beobachtungsstation der NATO zu leben, in der jede Bewegung auf der anderen Seite der Grenze sicherheitspolitisch aufgeladen ist. Seine zugespitzte Diagnose, dass \u201eniemand Russland mehr vertrauen\u201c werde, zielt auf die Erfahrung, dass selbst enge Kooperation und Vertr\u00e4ge Moskau nicht daran gehindert haben, aggressiv aufzur\u00fcsten. Seine Kollegin ist Russin, von dort geflohen, nachdem ihr Prozesse wegen kritischer \u00c4u\u00dferungen \u00fcber die Kreml-Politik und den Krieg in der Ukraine gemacht wurden. Sie erz\u00e4hlt, wie stark die Politik des Kreml das Leben einfacher Menschen zerst\u00fcckelt: fr\u00fchere Begegnungen, Austausch und gemischte Biografien werden durch Kontrolle, Propaganda und Angst zur\u00fcckgedr\u00e4ngt. Beide Interviewpartner zeichnen die Arktis als neue Krisenregion, in der man in Lappland und Nordnorwegen mit milit\u00e4rischen Bewegungen Russlands rechnet. Die Region ist damit nicht mehr nur Peripherie, sondern Schauplatz, an dem sich NATO-Osterweiterung, russische Aufr\u00fcstung und die Verwundbarkeit arktischer Infrastruktur unmittelbar ber\u00fchren. <\/p>\n\n\n<div class=\"vlp-link-container vlp-template-default wp-block-visual-link-preview-link\">\n\t<a href=\"https:\/\/www.faz.net\/aktuell\/feuilleton\/debatten\/atle-staalesen-und-olesia-krivtsova-von-the-barents-observer-ueber-norwegen-und-russland-accg-110824252.html\" class=\"vlp-link\" title=\"Atle Staalesen und Olesia Krivtsova von \u201eThe Barents Observer\u201c \u00fcber Norwegen und Russland\" rel=\"nofollow\" target=\"_blank\"><\/a>\t\t<div class=\"vlp-link-image-container\">\n\t\t<div class=\"vlp-link-image\">\n\t\t\t<img data-recalc-dims=\"1\" decoding=\"async\" src=\"https:\/\/i0.wp.com\/media0.faz.net\/image\/w1200h627\/b293ab737339\/w3000h1567x0y60o\/012026\/1.10824246\/olesia-krivtsova-l-und-atle.webp?ssl=1\" style=\"max-width: 150px; max-height: 150px\" \/>\t\t<\/div>\n\t<\/div>\n\t\t<div class=\"vlp-link-text-container\">\n\t\t\t\t<div class=\"vlp-link-title\">\n\t\t\tAtle Staalesen und Olesia Krivtsova von \u201eThe Barents Observer\u201c \u00fcber Norwegen und Russland\t\t<\/div>\n\t\t\t\t\t\t<div class=\"vlp-link-summary\">\n\t\t\tDie Arktis wird zur geopolitischen Krisenregion. Gegenw\u00e4rtig rechnet man in Lappland mit milit\u00e4rischen Bewegungen Russlands. Ein Gespr\u00e4ch mit mit Atle Staalesen und Olesia Krivtsova von \u201eThe Barents Observer\u201c in Kirkenes.\t\t<\/div>\n\t\t\t<\/div>\n<\/div>\n\n\n\n<p class=\"wp-block-paragraph\">Staalesen und Krivtsova machen deutlich, dass aus dieser Lage kein rascher Weg zur\u00fcck in die alte Normalit\u00e4t f\u00fchrt \u2013 zu tief sitzt die Erfahrung, dass Vertrauen gegen\u00fcber Putin politisch riskant geworden ist.<\/p>\n\n\n\n<p class=\"wp-block-paragraph\">Meine Eindr\u00fccke aus Kirkenes an der russischen Grenze <a href=\"https:\/\/ralupo.me\/archive\/9231\">gibt es hier.<\/a><\/p>\n\n\n<div class=\"vlp-link-container vlp-template-default wp-block-visual-link-preview-link\">\n\t<a href=\"https:\/\/ralupo.me\/archive\/9231\" class=\"vlp-link\" title=\"Kirkenes\" rel=\"nofollow\" target=\"_blank\"><\/a>\t\t<div class=\"vlp-link-image-container\">\n\t\t<div class=\"vlp-link-image\">\n\t\t\t<img decoding=\"async\" src=\"https:\/\/i0.wp.com\/ralupo.me\/wp-content\/uploads\/2022\/11\/52CE3303-66D3-4A8E-93FE-A0D9D650C477-scaled.jpeg?fit=1200%2C900&amp;ssl=1\" style=\"max-width: 150px; max-height: 150px\" \/>\t\t<\/div>\n\t<\/div>\n\t\t<div class=\"vlp-link-text-container\">\n\t\t\t\t<div class=\"vlp-link-title\">\n\t\t\tKirkenes\t\t<\/div>\n\t\t\t\t\t\t<div class=\"vlp-link-summary\">\n\t\t\tMinus sieben Grad hat es heute morgen, es liegt ein wenig Schnee auf dem gefrorenen Eis und vom Hafen weht ein frischer Meereswind. Es ist kurz nach halb elf am Morgen und es d\u00e4mmert schon wieder. \u2026\t\t<\/div>\n\t\t\t<\/div>\n<\/div>\n","protected":false},"excerpt":{"rendered":"<p>W\u00e4hrend die Annexion von Gr\u00f6nland durch den NATO-Partner USA gerade noch abgewendet werden konnte, stellt sich Europa gleich am n\u00e4chsten Tag wieder selbst ein Bein, in dem das EU-Parlament das [&hellip;]<\/p>\n","protected":false},"author":1,"featured_media":9208,"comment_status":"open","ping_status":"open","sticky":false,"template":"","format":"standard","meta":{"_crdt_document":"","advanced_seo_description":"","jetpack_seo_html_title":"","jetpack_seo_noindex":false,"_EventAllDay":false,"_EventTimezone":"","_EventStartDate":"","_EventEndDate":"","_EventStartDateUTC":"","_EventEndDateUTC":"","_EventShowMap":false,"_EventShowMapLink":false,"_EventURL":"","_EventCost":"","_EventCostDescription":"","_EventCurrencySymbol":"","_EventCurrencyCode":"","_EventCurrencyPosition":"","_EventDateTimeSeparator":"","_EventTimeRangeSeparator":"","_EventOrganizerID":[],"_EventVenueID":[],"_OrganizerEmail":"","_OrganizerPhone":"","_OrganizerWebsite":"","_VenueAddress":"","_VenueCity":"","_VenueCountry":"","_VenueProvince":"","_VenueState":"","_VenueZip":"","_VenuePhone":"","_VenueURL":"","_VenueStateProvince":"","_VenueLat":"","_VenueLng":"","_VenueShowMap":false,"_VenueShowMapLink":false,"jetpack_post_was_ever_published":false,"_jetpack_newsletter_access":"","_jetpack_dont_email_post_to_subs":false,"_jetpack_newsletter_tier_id":0,"_jetpack_memberships_contains_paywalled_content":false,"_jetpack_memberships_contains_paid_content":false,"footnotes":""},"categories":[368],"tags":[823,1144,17,315,333],"class_list":["post-15351","post","type-post","status-publish","format-standard","has-post-thumbnail","hentry","category-aufgelesen","tag-aufgelesen","tag-kirkenes","tag-medien","tag-politik","tag-russland"],"jetpack_featured_media_url":"https:\/\/i0.wp.com\/ralupo.me\/wp-content\/uploads\/2022\/11\/D35008F8-30CD-4457-9EBA-AF5824AD91B4-scaled.jpeg?fit=2560%2C1920&ssl=1","jetpack_sharing_enabled":true,"jetpack-related-posts":[{"id":10770,"url":"https:\/\/ralupo.me\/en\/archive\/10770","url_meta":{"origin":15351,"position":0},"title":"&#8220;Und habe nichts einzuwenden&#8221;","author":"Lupo","date":"15. October 2023","format":false,"excerpt":"[:de]Aber ich denke an Coventry \u2013 und habe nichts einzuwenden gegen die Lehre, da\u00df alles bezahlt werden mu\u00df.[:]","rel":"","context":"In &quot;Aufgelesen&quot;","block_context":{"text":"Aufgelesen","link":"https:\/\/ralupo.me\/en\/archive\/category\/aufgelesen"},"img":{"alt_text":"","src":"https:\/\/i0.wp.com\/ralupo.me\/wp-content\/uploads\/2023\/10\/IMG_4793.jpg?fit=1200%2C900&ssl=1&resize=350%2C200","width":350,"height":200,"srcset":"https:\/\/i0.wp.com\/ralupo.me\/wp-content\/uploads\/2023\/10\/IMG_4793.jpg?fit=1200%2C900&ssl=1&resize=350%2C200 1x, https:\/\/i0.wp.com\/ralupo.me\/wp-content\/uploads\/2023\/10\/IMG_4793.jpg?fit=1200%2C900&ssl=1&resize=525%2C300 1.5x, https:\/\/i0.wp.com\/ralupo.me\/wp-content\/uploads\/2023\/10\/IMG_4793.jpg?fit=1200%2C900&ssl=1&resize=700%2C400 2x, https:\/\/i0.wp.com\/ralupo.me\/wp-content\/uploads\/2023\/10\/IMG_4793.jpg?fit=1200%2C900&ssl=1&resize=1050%2C600 3x"},"classes":[]},{"id":10631,"url":"https:\/\/ralupo.me\/en\/archive\/10631","url_meta":{"origin":15351,"position":1},"title":"Aufgelesen: Lupos Lesewoche","author":"Lupo","date":"14. September 2023","format":false,"excerpt":"[:de]Berlin wird Partnerstadt von Kyiv. Und trotzdem darf Anna Netrebko an der Berliner Staatsoper auftreten. Die FAZ schreibt \u00fcber russischen Kulturimperialismus.[:]","rel":"","context":"In &quot;Aufgelesen&quot;","block_context":{"text":"Aufgelesen","link":"https:\/\/ralupo.me\/en\/archive\/category\/aufgelesen"},"img":{"alt_text":"","src":"https:\/\/i0.wp.com\/ralupo.me\/wp-content\/uploads\/2022\/01\/img_4034-scaled-e1643470482736.jpg?fit=1200%2C900&ssl=1&resize=350%2C200","width":350,"height":200,"srcset":"https:\/\/i0.wp.com\/ralupo.me\/wp-content\/uploads\/2022\/01\/img_4034-scaled-e1643470482736.jpg?fit=1200%2C900&ssl=1&resize=350%2C200 1x, https:\/\/i0.wp.com\/ralupo.me\/wp-content\/uploads\/2022\/01\/img_4034-scaled-e1643470482736.jpg?fit=1200%2C900&ssl=1&resize=525%2C300 1.5x, https:\/\/i0.wp.com\/ralupo.me\/wp-content\/uploads\/2022\/01\/img_4034-scaled-e1643470482736.jpg?fit=1200%2C900&ssl=1&resize=700%2C400 2x, https:\/\/i0.wp.com\/ralupo.me\/wp-content\/uploads\/2022\/01\/img_4034-scaled-e1643470482736.jpg?fit=1200%2C900&ssl=1&resize=1050%2C600 3x"},"classes":[]},{"id":15052,"url":"https:\/\/ralupo.me\/en\/archive\/15052","url_meta":{"origin":15351,"position":2},"title":"Aufgelesen: Lupos Leseliste #21","author":"Lupo","date":"3. August 2025","format":false,"excerpt":"[:de] Vergessen im Schatten der Geschichte \u2013 Der Warschauer Aufstand und die deutsche Erinnerungskultur Am 1.\u202fAugust 1944 erhob sich die polnische Heimatarmee in Warschau gegen die deutsche Besatzung \u2013 ein Akt verzweifelten Mutes, der in einer beispiellosen Trag\u00f6die endete. Innerhalb von 63 Tagen t\u00f6teten deutsche Wehrmachtseinheiten und SS rund 200.000\u2026","rel":"","context":"In &quot;Aufgelesen&quot;","block_context":{"text":"Aufgelesen","link":"https:\/\/ralupo.me\/en\/archive\/category\/aufgelesen"},"img":{"alt_text":"","src":"https:\/\/i0.wp.com\/ralupo.me\/wp-content\/uploads\/2025\/06\/dscf8491.jpg.webp?fit=1200%2C802&ssl=1&resize=350%2C200","width":350,"height":200,"srcset":"https:\/\/i0.wp.com\/ralupo.me\/wp-content\/uploads\/2025\/06\/dscf8491.jpg.webp?fit=1200%2C802&ssl=1&resize=350%2C200 1x, https:\/\/i0.wp.com\/ralupo.me\/wp-content\/uploads\/2025\/06\/dscf8491.jpg.webp?fit=1200%2C802&ssl=1&resize=525%2C300 1.5x, https:\/\/i0.wp.com\/ralupo.me\/wp-content\/uploads\/2025\/06\/dscf8491.jpg.webp?fit=1200%2C802&ssl=1&resize=700%2C400 2x, https:\/\/i0.wp.com\/ralupo.me\/wp-content\/uploads\/2025\/06\/dscf8491.jpg.webp?fit=1200%2C802&ssl=1&resize=1050%2C600 3x"},"classes":[]},{"id":14024,"url":"https:\/\/ralupo.me\/en\/archive\/14024","url_meta":{"origin":15351,"position":3},"title":"Aufgelesen: Lupos Lesewoche #11","author":"Lupo","date":"2. June 2024","format":false,"excerpt":"[:de] W\u00e4hrend sich der v\u00f6llig \u00fcberf\u00fcllte RegionalExpress die an der Nahe entlang schl\u00e4ngelt, verbleibt ein wenig Zeit, die aktuelle Lesewoche zusammenzustellen. * Der Krieg in der Ukraine ist wieder um seine sinnlose Debatte reicher. Ja, die Ukraine darf auch mit westlichen Waffen auf russisches Territorium zur\u00fcckschie\u00dfen, weil und wenn sie\u2026","rel":"","context":"In &quot;Aufgelesen&quot;","block_context":{"text":"Aufgelesen","link":"https:\/\/ralupo.me\/en\/archive\/category\/aufgelesen"},"img":{"alt_text":"","src":"https:\/\/i0.wp.com\/ralupo.me\/wp-content\/uploads\/2024\/05\/IMG_0711-scaled.jpeg?fit=1200%2C900&ssl=1&resize=350%2C200","width":350,"height":200,"srcset":"https:\/\/i0.wp.com\/ralupo.me\/wp-content\/uploads\/2024\/05\/IMG_0711-scaled.jpeg?fit=1200%2C900&ssl=1&resize=350%2C200 1x, https:\/\/i0.wp.com\/ralupo.me\/wp-content\/uploads\/2024\/05\/IMG_0711-scaled.jpeg?fit=1200%2C900&ssl=1&resize=525%2C300 1.5x, https:\/\/i0.wp.com\/ralupo.me\/wp-content\/uploads\/2024\/05\/IMG_0711-scaled.jpeg?fit=1200%2C900&ssl=1&resize=700%2C400 2x, https:\/\/i0.wp.com\/ralupo.me\/wp-content\/uploads\/2024\/05\/IMG_0711-scaled.jpeg?fit=1200%2C900&ssl=1&resize=1050%2C600 3x"},"classes":[]},{"id":13499,"url":"https:\/\/ralupo.me\/en\/archive\/13499","url_meta":{"origin":15351,"position":4},"title":"Aufgelesen: Lupos Lesewoche #4","author":"Lupo","date":"31. January 2024","format":false,"excerpt":"[:de] Mariupol \u2022 Das ZDF hat mit einem haarstr\u00e4ubenden Report aus der von Russland zerst\u00f6rten und besetzten ukrainischen Stadt Mariupol wieder mal geh\u00f6rig daneben gegriffen. Berichtet hat \u00fcbrigens der Korrespondenz aus Moskau \ud83e\udd21. https:\/\/twitter.com\/krista__marija\/status\/1752303681783881747?s=46&t=GKIvhh9r6UWBvQbV97UQ_g Zum Thema sei das ausf\u00fchrliche Gutachten \u201eV\u00f6lkermord in Mariupol\u02bcRusslands Kriegsf\u00fchrung in der Ukraine\u201c von Otto Luchterhand\u2026","rel":"","context":"In &quot;Aufgelesen&quot;","block_context":{"text":"Aufgelesen","link":"https:\/\/ralupo.me\/en\/archive\/category\/aufgelesen"},"img":{"alt_text":"","src":"https:\/\/i0.wp.com\/ralupo.me\/wp-content\/uploads\/2024\/02\/IMG_7829-scaled.jpeg?fit=1200%2C900&ssl=1&resize=350%2C200","width":350,"height":200,"srcset":"https:\/\/i0.wp.com\/ralupo.me\/wp-content\/uploads\/2024\/02\/IMG_7829-scaled.jpeg?fit=1200%2C900&ssl=1&resize=350%2C200 1x, https:\/\/i0.wp.com\/ralupo.me\/wp-content\/uploads\/2024\/02\/IMG_7829-scaled.jpeg?fit=1200%2C900&ssl=1&resize=525%2C300 1.5x, https:\/\/i0.wp.com\/ralupo.me\/wp-content\/uploads\/2024\/02\/IMG_7829-scaled.jpeg?fit=1200%2C900&ssl=1&resize=700%2C400 2x, https:\/\/i0.wp.com\/ralupo.me\/wp-content\/uploads\/2024\/02\/IMG_7829-scaled.jpeg?fit=1200%2C900&ssl=1&resize=1050%2C600 3x"},"classes":[]},{"id":13537,"url":"https:\/\/ralupo.me\/en\/archive\/13537","url_meta":{"origin":15351,"position":5},"title":"Aufgelesen: Lupos Lesewoche #5","author":"Lupo","date":"8. February 2024","format":false,"excerpt":"[:de] Der US-Senat hat die Hilfe f\u00fcr die Ukraine erstmal auf Eis gelegt, an der Front wird die Munition knapp. In Deutschland ist aber erstmal Fasching. * Was tun mit Russlands Milliarden? \u2022 Konrad Schuller kommentiert in der F.A.S. die Debatte, was mit den eingefrorenen russischen Geldern in der EU\u2026","rel":"","context":"In &quot;Aufgelesen&quot;","block_context":{"text":"Aufgelesen","link":"https:\/\/ralupo.me\/en\/archive\/category\/aufgelesen"},"img":{"alt_text":"","src":"https:\/\/i0.wp.com\/ralupo.me\/wp-content\/uploads\/2024\/01\/IMG_8591-scaled.jpeg?fit=1200%2C900&ssl=1&resize=350%2C200","width":350,"height":200,"srcset":"https:\/\/i0.wp.com\/ralupo.me\/wp-content\/uploads\/2024\/01\/IMG_8591-scaled.jpeg?fit=1200%2C900&ssl=1&resize=350%2C200 1x, https:\/\/i0.wp.com\/ralupo.me\/wp-content\/uploads\/2024\/01\/IMG_8591-scaled.jpeg?fit=1200%2C900&ssl=1&resize=525%2C300 1.5x, https:\/\/i0.wp.com\/ralupo.me\/wp-content\/uploads\/2024\/01\/IMG_8591-scaled.jpeg?fit=1200%2C900&ssl=1&resize=700%2C400 2x, https:\/\/i0.wp.com\/ralupo.me\/wp-content\/uploads\/2024\/01\/IMG_8591-scaled.jpeg?fit=1200%2C900&ssl=1&resize=1050%2C600 3x"},"classes":[]}],"jetpack_shortlink":"https:\/\/wp.me\/pcanHs-3ZB","_links":{"self":[{"href":"https:\/\/ralupo.me\/en\/wp-json\/wp\/v2\/posts\/15351","targetHints":{"allow":["GET"]}}],"collection":[{"href":"https:\/\/ralupo.me\/en\/wp-json\/wp\/v2\/posts"}],"about":[{"href":"https:\/\/ralupo.me\/en\/wp-json\/wp\/v2\/types\/post"}],"author":[{"embeddable":true,"href":"https:\/\/ralupo.me\/en\/wp-json\/wp\/v2\/users\/1"}],"replies":[{"embeddable":true,"href":"https:\/\/ralupo.me\/en\/wp-json\/wp\/v2\/comments?post=15351"}],"version-history":[{"count":3,"href":"https:\/\/ralupo.me\/en\/wp-json\/wp\/v2\/posts\/15351\/revisions"}],"predecessor-version":[{"id":15355,"href":"https:\/\/ralupo.me\/en\/wp-json\/wp\/v2\/posts\/15351\/revisions\/15355"}],"wp:featuredmedia":[{"embeddable":true,"href":"https:\/\/ralupo.me\/en\/wp-json\/wp\/v2\/media\/9208"}],"wp:attachment":[{"href":"https:\/\/ralupo.me\/en\/wp-json\/wp\/v2\/media?parent=15351"}],"wp:term":[{"taxonomy":"category","embeddable":true,"href":"https:\/\/ralupo.me\/en\/wp-json\/wp\/v2\/categories?post=15351"},{"taxonomy":"post_tag","embeddable":true,"href":"https:\/\/ralupo.me\/en\/wp-json\/wp\/v2\/tags?post=15351"}],"curies":[{"name":"wp","href":"https:\/\/api.w.org\/{rel}","templated":true}]}}