{"id":14961,"date":"2025-06-09T12:51:22","date_gmt":"2025-06-09T10:51:22","guid":{"rendered":"https:\/\/ralupo.me\/?p=14961"},"modified":"2025-06-09T13:21:43","modified_gmt":"2025-06-09T11:21:43","slug":"a","status":"publish","type":"post","link":"https:\/\/ralupo.me\/en\/archive\/14961","title":{"rendered":"Aufgelesen: Lupos Leseliste #20"},"content":{"rendered":"<span class=\"span-reading-time rt-reading-time\" style=\"display: block;\"><span class=\"rt-label rt-prefix\">Lesedauer<\/span> <span class=\"rt-time\"> 4<\/span> <span class=\"rt-label rt-postfix\">Minuten<\/span><\/span>\n<p class=\"wp-block-paragraph\"><em>W\u00e4hrend sich gegen Ende der Pfingstfeiertage das Wetter wieder anschickt, sonnig und warm zu werden, ein paar Artikel der letzten Tage, die ich erw\u00e4hnens- und lesenswert finde.<\/em><\/p>\n\n\n\n<p class=\"has-text-align-center wp-block-paragraph\">*<\/p>\n\n\n\n<figure class=\"wp-block-image size-large\"><img data-recalc-dims=\"1\" fetchpriority=\"high\" decoding=\"async\" width=\"1024\" height=\"768\" data-attachment-id=\"13008\" data-permalink=\"https:\/\/ralupo.me\/en\/archive\/13001\/img_7417\" data-orig-file=\"https:\/\/i0.wp.com\/ralupo.me\/wp-content\/uploads\/2023\/12\/IMG_7417-scaled.jpeg?fit=2560%2C1920&amp;ssl=1\" data-orig-size=\"2560,1920\" data-comments-opened=\"1\" data-image-meta=\"{&quot;aperture&quot;:&quot;1.8&quot;,&quot;credit&quot;:&quot;&quot;,&quot;camera&quot;:&quot;iPhone 15 Pro&quot;,&quot;caption&quot;:&quot;&quot;,&quot;created_timestamp&quot;:&quot;1703944593&quot;,&quot;copyright&quot;:&quot;\\u00a9 christian wolf&quot;,&quot;focal_length&quot;:&quot;6.86&quot;,&quot;iso&quot;:&quot;200&quot;,&quot;shutter_speed&quot;:&quot;0.014285714285714&quot;,&quot;title&quot;:&quot;&quot;,&quot;orientation&quot;:&quot;0&quot;}\" data-image-title=\"IMG_7417\" data-image-description=\"\" data-image-caption=\"\" data-medium-file=\"https:\/\/i0.wp.com\/ralupo.me\/wp-content\/uploads\/2023\/12\/IMG_7417-scaled.jpeg?fit=300%2C225&amp;ssl=1\" data-large-file=\"https:\/\/i0.wp.com\/ralupo.me\/wp-content\/uploads\/2023\/12\/IMG_7417-scaled.jpeg?fit=1024%2C768&amp;ssl=1\" src=\"https:\/\/i0.wp.com\/ralupo.me\/wp-content\/uploads\/2023\/12\/IMG_7417.jpeg?resize=1024%2C768&#038;ssl=1\" alt=\"\" class=\"wp-image-13008\" srcset=\"https:\/\/i0.wp.com\/ralupo.me\/wp-content\/uploads\/2023\/12\/IMG_7417-scaled.jpeg?resize=1024%2C768&amp;ssl=1 1024w, https:\/\/i0.wp.com\/ralupo.me\/wp-content\/uploads\/2023\/12\/IMG_7417-scaled.jpeg?resize=300%2C225&amp;ssl=1 300w, https:\/\/i0.wp.com\/ralupo.me\/wp-content\/uploads\/2023\/12\/IMG_7417-scaled.jpeg?resize=768%2C576&amp;ssl=1 768w, https:\/\/i0.wp.com\/ralupo.me\/wp-content\/uploads\/2023\/12\/IMG_7417-scaled.jpeg?resize=1536%2C1152&amp;ssl=1 1536w, https:\/\/i0.wp.com\/ralupo.me\/wp-content\/uploads\/2023\/12\/IMG_7417-scaled.jpeg?resize=2048%2C1536&amp;ssl=1 2048w, https:\/\/i0.wp.com\/ralupo.me\/wp-content\/uploads\/2023\/12\/IMG_7417-scaled.jpeg?resize=320%2C240&amp;ssl=1 320w\" sizes=\"(max-width: 1000px) 100vw, 1000px\" \/><\/figure>\n\n\n\n<p class=\"wp-block-paragraph\"><a href=\"https:\/\/www.spiegel.de\/wissenschaft\/mensch\/russland-propaganda-maia-sandu-die-frau-die-der-kreml-gerade-am-meisten-hasst-kolumne-a-0aa37391-b22b-4fbe-bb24-3bae22042b8d\">Christian St\u00f6cker schreibt im SPIEGEL \u00fcber eine laufende Desinformationskampagne des Kreml gegen die moldauische Pr\u00e4sidentin Maia Sandu<\/a>. Russland versucht in Moldau durch Desinformation und Stimmenkauf Einfluss auf Entscheidungsprozesse des EU-Beitrittskandidaten zu nehmen.<\/p>\n\n\n\n<p class=\"wp-block-paragraph\">Die russische Propagandamaschinerie hat sich verst\u00e4rkt auf Maia Sandu, die proeurop\u00e4ische Pr\u00e4sidentin der Republik Moldau, eingeschossen. In gro\u00dfem Stil verbreiten prorussische Netzwerke Desinformation \u00fcber soziale Medien wie TikTok, Telegram und X (ehemals Twitter). Die Kampagne ist Teil eines hybriden Informationskriegs, mit dem der Kreml westliche Demokratien destabilisieren will. Sandu wird in zahlreichen, oft plumpe F\u00e4lschungen beinhaltenden Videos und Artikeln diffamiert. Die Bandbreite reicht von absurden Korruptionsvorw\u00fcrfen \u00fcber angeblichen Kinderhandel bis hin zu gef\u00e4lschten Aussagen westlicher Institutionen. Die Inhalte bedienen sich typischer Stilmittel russischer Propaganda \u2013 gef\u00e4lschte Logos, manipulierte Magazincover und KI-generierte Bilder. Ziel ist es, Vertrauen in demokratische Strukturen zu untergraben und prorussische Narrative zu etablieren.<\/p>\n\n\n<div class=\"vlp-link-container vlp-template-default wp-block-visual-link-preview-link\">\n\t<a href=\"https:\/\/ralupo.me\/archive\/14266\" class=\"vlp-link\" title=\"Russlands hybrider Krieg um Moldau\" rel=\"nofollow\" target=\"_blank\"><\/a>\t\t<div class=\"vlp-link-image-container\">\n\t\t<div class=\"vlp-link-image\">\n\t\t\t<img decoding=\"async\" src=\"https:\/\/i0.wp.com\/ralupo.me\/wp-content\/uploads\/2023\/12\/IMG_7513-scaled.jpeg?fit=1200%2C900&amp;ssl=1\" style=\"max-width: 150px; max-height: 150px\" \/>\t\t<\/div>\n\t<\/div>\n\t\t<div class=\"vlp-link-text-container\">\n\t\t\t\t<div class=\"vlp-link-title\">\n\t\t\tRusslands hybrider Krieg um Moldau\t\t<\/div>\n\t\t\t\t\t\t<div class=\"vlp-link-summary\">\n\t\t\tF\u00fcr den 20. Oktober 2024 stehen in der Republik Moldau Pr\u00e4sidentschaftswahlen an, die amtierende Pr\u00e4sidentin Maia Sandu tritt zur Wiederwahl an. Gleichzeitig hat die pro-europ\u00e4ische Pr\u00e4sidentin auc\u2026\t\t<\/div>\n\t\t\t<\/div>\n<\/div>\n\n\n\n<p class=\"wp-block-paragraph\">Die Kampagne gegen Sandu ist eingebettet in gr\u00f6\u00dfere russische Desinformationskampagnen wie \u201eMatrjoschka\u201c oder \u201eDoppelg\u00e4nger\u201c, die auch westliche Staaten wie Deutschland und Frankreich betreffen. Die EU, unabh\u00e4ngige Forscher und Organisationen wie Microsoft oder Newsguard best\u00e4tigen den propagandistischen Ursprung dieser Inhalte. Besonders brisant ist die zeitliche N\u00e4he zu den anstehenden Parlamentswahlen in Moldau im Herbst 2025, bei denen erneut russische Einflussnahme bef\u00fcrchtet wird.<\/p>\n\n\n<div class=\"vlp-link-container vlp-template-default wp-block-visual-link-preview-link\">\n\t<a href=\"https:\/\/www.spiegel.de\/wissenschaft\/mensch\/russland-propaganda-maia-sandu-die-frau-die-der-kreml-gerade-am-meisten-hasst-kolumne-a-0aa37391-b22b-4fbe-bb24-3bae22042b8d\" class=\"vlp-link\" title=\"Meinung: Russische Propaganda gegen Maia Sandu: Die Frau, die der Kreml gerade am meisten hasst\" rel=\"nofollow\" target=\"_blank\"><\/a>\t\t<div class=\"vlp-link-image-container\">\n\t\t<div class=\"vlp-link-image\">\n\t\t\t<img data-recalc-dims=\"1\" decoding=\"async\" src=\"https:\/\/i0.wp.com\/cdn.prod.www.spiegel.de\/images\/e55f6b0e-fbbc-48e6-b3d9-e862b0187cea_w1200_r1.778_fpx38.33_fpy49.97.jpg?ssl=1\" style=\"max-width: 150px; max-height: 150px\" \/>\t\t<\/div>\n\t<\/div>\n\t\t<div class=\"vlp-link-text-container\">\n\t\t\t\t<div class=\"vlp-link-title\">\n\t\t\tMeinung: Russische Propaganda gegen Maia Sandu: Die Frau, die der Kreml gerade am meisten hasst\t\t<\/div>\n\t\t\t\t\t\t<div class=\"vlp-link-summary\">\n\t\t\tRusslands Propagandanetzwerke pumpen permanent neue Inhalte ins Netz. Sie greifen aktuelle Nachrichten wie den ukrainischen Drohnenschlag auf, vor allem aber haben sie eine hierzulande wenig bekannte Frau im Visier.\t\t<\/div>\n\t\t\t<\/div>\n<\/div>\n\n\n\n<p class=\"wp-block-paragraph\">In diesem Zusammenhang verweise ich auch auf das Buch <em>Pop-Up-Propaganda<\/em> von Irina Rastorgueva, <a href=\"https:\/\/ralupo.me\/archive\/14947\">das ich hier rezensiert habe.<\/a><\/p>\n\n\n\n<p class=\"has-text-align-center wp-block-paragraph\">**<\/p>\n\n\n\n<figure class=\"wp-block-image size-large\"><img data-recalc-dims=\"1\" decoding=\"async\" width=\"1024\" height=\"768\" data-attachment-id=\"14963\" data-permalink=\"https:\/\/ralupo.me\/en\/archive\/14961\/img_5271\" data-orig-file=\"https:\/\/i0.wp.com\/ralupo.me\/wp-content\/uploads\/2025\/06\/IMG_5271.jpg?fit=2048%2C1536&amp;ssl=1\" data-orig-size=\"2048,1536\" data-comments-opened=\"1\" data-image-meta=\"{&quot;aperture&quot;:&quot;3.5&quot;,&quot;credit&quot;:&quot;LUPO&quot;,&quot;camera&quot;:&quot;X-T20&quot;,&quot;caption&quot;:&quot;&quot;,&quot;created_timestamp&quot;:&quot;1532434025&quot;,&quot;copyright&quot;:&quot;LUPO&quot;,&quot;focal_length&quot;:&quot;16&quot;,&quot;iso&quot;:&quot;800&quot;,&quot;shutter_speed&quot;:&quot;0.25&quot;,&quot;title&quot;:&quot;&quot;,&quot;orientation&quot;:&quot;0&quot;}\" data-image-title=\"IMG_5271\" data-image-description=\"\" data-image-caption=\"\" data-medium-file=\"https:\/\/i0.wp.com\/ralupo.me\/wp-content\/uploads\/2025\/06\/IMG_5271.jpg?fit=300%2C225&amp;ssl=1\" data-large-file=\"https:\/\/i0.wp.com\/ralupo.me\/wp-content\/uploads\/2025\/06\/IMG_5271.jpg?fit=1024%2C768&amp;ssl=1\" src=\"https:\/\/i0.wp.com\/ralupo.me\/wp-content\/uploads\/2025\/06\/IMG_5271.jpg?resize=1024%2C768&#038;ssl=1\" alt=\"\" class=\"wp-image-14963\" srcset=\"https:\/\/i0.wp.com\/ralupo.me\/wp-content\/uploads\/2025\/06\/IMG_5271.jpg?resize=1024%2C768&amp;ssl=1 1024w, https:\/\/i0.wp.com\/ralupo.me\/wp-content\/uploads\/2025\/06\/IMG_5271.jpg?resize=300%2C225&amp;ssl=1 300w, https:\/\/i0.wp.com\/ralupo.me\/wp-content\/uploads\/2025\/06\/IMG_5271.jpg?resize=768%2C576&amp;ssl=1 768w, https:\/\/i0.wp.com\/ralupo.me\/wp-content\/uploads\/2025\/06\/IMG_5271.jpg?resize=1536%2C1152&amp;ssl=1 1536w, https:\/\/i0.wp.com\/ralupo.me\/wp-content\/uploads\/2025\/06\/IMG_5271.jpg?w=2048&amp;ssl=1 2048w\" sizes=\"(max-width: 1000px) 100vw, 1000px\" \/><\/figure>\n\n\n\n<p class=\"wp-block-paragraph\"><a href=\"https:\/\/www.nytimes.com\/2025\/05\/08\/opinion\/trump-authoritarianism-democracy.html?searchResultPosition=1\">In der New York Times macht sich Steven Levitsky Sorgen um die amerikanische Demokratie<\/a> und warnt eindringlich vor der schleichenden Aush\u00f6hlung der Demokratie in den USA unter Donald Trump. Autorit\u00e4re Systeme des 21. Jahrhunderts agieren subtiler als klassische Diktaturen: Sie setzen auf die Instrumentalisierung staatlicher Institutionen, um politische Gegner zu bestrafen, anstatt auf offene Gewalt. Dieses System nennt sich kompetitiver Autoritarismus \u2013 formal finden Wahlen statt, doch durch systematische Machtmissbr\u00e4uche ist das Spielfeld massiv zugunsten der Machthabenden verzerrt.<\/p>\n\n\n\n<p class=\"wp-block-paragraph\">Levitsky argumentiert, dass die USA diese Grenze bereits \u00fcberschritten haben. Anhand zahlreicher Beispiele schildert er, wie die Trump-Regierung Justiz, Steuerbeh\u00f6rden und Aufsichtsbeh\u00f6rden gegen Kritiker einsetzt. Medienh\u00e4user, Universit\u00e4ten, Gro\u00dfkanzleien und sogar Parteifreunde werden unter Druck gesetzt \u2013 etwa durch Klagen, Ermittlungen, Budgetk\u00fcrzungen oder Drohungen.<\/p>\n\n\n\n<p class=\"wp-block-paragraph\">Besonders alarmierend ist der wachsende Preis f\u00fcr Opposition: Juristische Risiken, Reputationsverluste, wirtschaftliche Nachteile oder sogar Gewaltandrohungen. Diese Dynamik f\u00fchrt zu Selbstzensur und R\u00fcckzug gesellschaftlicher Akteure \u2013 von Universit\u00e4ten bis hin zu etablierten Medien und Politikern.<\/p>\n\n\n\n<p class=\"wp-block-paragraph\">Levitsky ruft eindringlich dazu auf, sich dieser Entwicklung gemeinsam entgegenzustellen. Nur durch kollektives Handeln k\u00f6nne man dem autorit\u00e4ren Kurs wirksam entgegentreten. Es gebe zwar ermutigende Zeichen des Widerstands \u2013 etwa durch einzelne Universit\u00e4ten, Kanzleien oder B\u00fcrgerbewegungen \u2013 doch ein breites gesellschaftliches B\u00fcndnis sei notwendig, um die Demokratie in den USA zu verteidigen. Die zentrale Botschaft: Autokratie kann nur besiegt werden, wenn man aktiv wird \u2013 nicht von der Seitenlinie aus.<\/p>\n\n\n<div class=\"vlp-link-container vlp-template-default wp-block-visual-link-preview-link\">\n\t<a href=\"https:\/\/www.nytimes.com\/2025\/05\/08\/opinion\/trump-authoritarianism-democracy.html?searchResultPosition=1\" class=\"vlp-link\" title=\"Opinion | How Will We Know When We Have Lost Our Democracy?\" rel=\"nofollow\" target=\"_blank\"><\/a>\t\t<div class=\"vlp-link-image-container\">\n\t\t<div class=\"vlp-link-image\">\n\t\t\t<img data-recalc-dims=\"1\" decoding=\"async\" src=\"https:\/\/i0.wp.com\/static01.nyt.com\/images\/2025\/05\/11\/multimedia\/08levitsky-way-ziblatt-jcqp\/08levitsky-way-ziblatt-jcqp-facebookJumbo.jpg?ssl=1\" style=\"max-width: 150px; max-height: 150px\" \/>\t\t<\/div>\n\t<\/div>\n\t\t<div class=\"vlp-link-text-container\">\n\t\t\t\t<div class=\"vlp-link-title\">\n\t\t\tOpinion | How Will We Know When We Have Lost Our Democracy?\t\t<\/div>\n\t\t\t\t\t\t<div class=\"vlp-link-summary\">\n\t\t\tAnd how exactly can we tell whether America has crossed the line?\t\t<\/div>\n\t\t\t<\/div>\n<\/div>\n\n\n\n<p class=\"has-text-align-center wp-block-paragraph\">***<\/p>\n\n\n\n<figure class=\"wp-block-image size-large\"><img data-recalc-dims=\"1\" decoding=\"async\" width=\"1024\" height=\"768\" data-attachment-id=\"4907\" data-permalink=\"https:\/\/ralupo.me\/en\/755c9fd6-9531-4317-80ef-a1d9b58d3726\" data-orig-file=\"https:\/\/i0.wp.com\/ralupo.me\/wp-content\/uploads\/2022\/04\/755C9FD6-9531-4317-80EF-A1D9B58D3726-scaled.jpeg?fit=2560%2C1920&amp;ssl=1\" data-orig-size=\"2560,1920\" data-comments-opened=\"1\" data-image-meta=\"{&quot;aperture&quot;:&quot;0&quot;,&quot;credit&quot;:&quot;&quot;,&quot;camera&quot;:&quot;&quot;,&quot;caption&quot;:&quot;&quot;,&quot;created_timestamp&quot;:&quot;0&quot;,&quot;copyright&quot;:&quot;&quot;,&quot;focal_length&quot;:&quot;0&quot;,&quot;iso&quot;:&quot;0&quot;,&quot;shutter_speed&quot;:&quot;0&quot;,&quot;title&quot;:&quot;&quot;,&quot;orientation&quot;:&quot;0&quot;}\" data-image-title=\"755C9FD6-9531-4317-80EF-A1D9B58D3726\" data-image-description=\"\" data-image-caption=\"\" data-medium-file=\"https:\/\/i0.wp.com\/ralupo.me\/wp-content\/uploads\/2022\/04\/755C9FD6-9531-4317-80EF-A1D9B58D3726-scaled.jpeg?fit=300%2C225&amp;ssl=1\" data-large-file=\"https:\/\/i0.wp.com\/ralupo.me\/wp-content\/uploads\/2022\/04\/755C9FD6-9531-4317-80EF-A1D9B58D3726-scaled.jpeg?fit=1024%2C768&amp;ssl=1\" src=\"https:\/\/i0.wp.com\/ralupo.me\/wp-content\/uploads\/2022\/04\/755C9FD6-9531-4317-80EF-A1D9B58D3726.jpeg?resize=1024%2C768&#038;ssl=1\" alt=\"\" class=\"wp-image-4907\" srcset=\"https:\/\/i0.wp.com\/ralupo.me\/wp-content\/uploads\/2022\/04\/755C9FD6-9531-4317-80EF-A1D9B58D3726-scaled.jpeg?resize=1024%2C768&amp;ssl=1 1024w, https:\/\/i0.wp.com\/ralupo.me\/wp-content\/uploads\/2022\/04\/755C9FD6-9531-4317-80EF-A1D9B58D3726-scaled.jpeg?resize=600%2C450&amp;ssl=1 600w, https:\/\/i0.wp.com\/ralupo.me\/wp-content\/uploads\/2022\/04\/755C9FD6-9531-4317-80EF-A1D9B58D3726-scaled.jpeg?resize=300%2C225&amp;ssl=1 300w, https:\/\/i0.wp.com\/ralupo.me\/wp-content\/uploads\/2022\/04\/755C9FD6-9531-4317-80EF-A1D9B58D3726-scaled.jpeg?resize=768%2C576&amp;ssl=1 768w, https:\/\/i0.wp.com\/ralupo.me\/wp-content\/uploads\/2022\/04\/755C9FD6-9531-4317-80EF-A1D9B58D3726-scaled.jpeg?resize=1536%2C1152&amp;ssl=1 1536w, https:\/\/i0.wp.com\/ralupo.me\/wp-content\/uploads\/2022\/04\/755C9FD6-9531-4317-80EF-A1D9B58D3726-scaled.jpeg?resize=2048%2C1536&amp;ssl=1 2048w, https:\/\/i0.wp.com\/ralupo.me\/wp-content\/uploads\/2022\/04\/755C9FD6-9531-4317-80EF-A1D9B58D3726-scaled.jpeg?resize=200%2C150&amp;ssl=1 200w, https:\/\/i0.wp.com\/ralupo.me\/wp-content\/uploads\/2022\/04\/755C9FD6-9531-4317-80EF-A1D9B58D3726-scaled.jpeg?resize=260%2C195&amp;ssl=1 260w, https:\/\/i0.wp.com\/ralupo.me\/wp-content\/uploads\/2022\/04\/755C9FD6-9531-4317-80EF-A1D9B58D3726-scaled.jpeg?resize=380%2C285&amp;ssl=1 380w, https:\/\/i0.wp.com\/ralupo.me\/wp-content\/uploads\/2022\/04\/755C9FD6-9531-4317-80EF-A1D9B58D3726-scaled.jpeg?resize=800%2C600&amp;ssl=1 800w, https:\/\/i0.wp.com\/ralupo.me\/wp-content\/uploads\/2022\/04\/755C9FD6-9531-4317-80EF-A1D9B58D3726-scaled.jpeg?resize=1160%2C870&amp;ssl=1 1160w, https:\/\/i0.wp.com\/ralupo.me\/wp-content\/uploads\/2022\/04\/755C9FD6-9531-4317-80EF-A1D9B58D3726-scaled.jpeg?resize=400%2C300&amp;ssl=1 400w, https:\/\/i0.wp.com\/ralupo.me\/wp-content\/uploads\/2022\/04\/755C9FD6-9531-4317-80EF-A1D9B58D3726-scaled.jpeg?resize=520%2C390&amp;ssl=1 520w, https:\/\/i0.wp.com\/ralupo.me\/wp-content\/uploads\/2022\/04\/755C9FD6-9531-4317-80EF-A1D9B58D3726-scaled.jpeg?resize=760%2C570&amp;ssl=1 760w, https:\/\/i0.wp.com\/ralupo.me\/wp-content\/uploads\/2022\/04\/755C9FD6-9531-4317-80EF-A1D9B58D3726-scaled.jpeg?resize=1600%2C1200&amp;ssl=1 1600w\" sizes=\"(max-width: 1000px) 100vw, 1000px\" \/><\/figure>\n\n\n\n<p class=\"wp-block-paragraph\"><a href=\"https:\/\/taz.de\/Buchmesse-in-Kyjiw\/!6089863\/\">Die taz berichtet \u00fcber die Kyiver Buchmesse in der &#8220;Normalit\u00e4t des Krieges&#8221;. <\/a>Trotz \u2013 oder gerade wegen \u2013 des russischen Angriffskriegs erlebt die Ukraine eine neue Bl\u00fcte der Literatur. Das Bed\u00fcrfnis nach B\u00fcchern w\u00e4chst. In Kyjiw sind beliebte Buchcaf\u00e9s wie&nbsp;<em>Sens<\/em>&nbsp;oder&nbsp;<em>Syaivo Knyhy<\/em>, der \u00e4lteste erhaltene Buchladen der Stadt, gut besucht. Die Menschen suchen nicht nur Ablenkung, sondern auch geistige St\u00e4rkung \u2013 und finden sie insbesondere in der Lyrik.<\/p>\n\n\n\n<blockquote class=\"wp-block-quote is-layout-flow wp-block-quote-is-layout-flow\">\n<p class=\"wp-block-paragraph\">&#8220;Weitermachen. Widerstandsgeist demonstrieren. Diese Zeichen gehen auch vom Festival Book Arsenal aus. Zum dritten Mal seit Beginn des russischen Angriffskriegs findet die wichtigste ukrainische Buchmesse nun wieder statt, vier Tage lang. Am Donnerstag jener Woche ist in den Hallen des Kulturkomplexes Mystezkyj Arsenal (\u201eKunstarsenal\u201c) Er\u00f6ffnung.&#8221;<\/p>\n<\/blockquote>\n\n\n\n<p class=\"wp-block-paragraph\">Der Krieg trifft die ukrainische Kulturszene ins Mark \u2013 nicht nur ideell, sondern auch materiell. \u201eWir stehen einem aggressiven Feind gegen\u00fcber, der unsere Identit\u00e4t ausl\u00f6schen will \u2013 unsere Kultur, unsere Geschichte\u201c, warnt Kozlovets. Im Mai 2024 zerst\u00f6rte ein russischer Angriff die Druckerei&nbsp;<em>Factor Druk<\/em>&nbsp;in Charkiw, eine der gr\u00f6\u00dften des Landes. Bereits im Februar 2025 wurde auch die Druckerei des renommierten&nbsp;<em>Ranok Publishing House<\/em>&nbsp;schwer besch\u00e4digt. In beiden F\u00e4llen konnte die Produktion rasch wieder aufgenommen werden \u2013 ein Zeichen von Widerstandskraft.<\/p>\n\n\n\n<p class=\"wp-block-paragraph\">Doch der kulturelle Schaden ist enorm: Laut PEN Ukraine wurden im Krieg bislang \u00fcber 700 Bibliotheken besch\u00e4digt oder v\u00f6llig zerst\u00f6rt. Die Literatur trotzt dem Krieg \u2013 und wird zugleich selbst zur Waffe des kulturellen \u00dcberlebens.<\/p>\n\n\n<div class=\"vlp-link-container vlp-template-default wp-block-visual-link-preview-link\">\n\t<a href=\"https:\/\/taz.de\/Buchmesse-in-Kyjiw\/!6089863\/\" class=\"vlp-link\" title=\"Buchmesse in Kyjiw: Verlangen nach Lesen im Krieg\" rel=\"nofollow\" target=\"_blank\"><\/a>\t\t<div class=\"vlp-link-image-container\">\n\t\t<div class=\"vlp-link-image\">\n\t\t\t<img data-recalc-dims=\"1\" decoding=\"async\" src=\"https:\/\/i0.wp.com\/taz.de\/picture\/7740171\/1200\/Book-Arsenal-Buchmesse-Ukraine-1.jpeg?ssl=1\" style=\"max-width: 150px; max-height: 150px\" \/>\t\t<\/div>\n\t<\/div>\n\t\t<div class=\"vlp-link-text-container\">\n\t\t\t\t<div class=\"vlp-link-title\">\n\t\t\tBuchmesse in Kyjiw: Verlangen nach Lesen im Krieg\t\t<\/div>\n\t\t\t\t\t\t<div class=\"vlp-link-summary\">\n\t\t\tEin Land, das sich nicht besiegen l\u00e4sst, eine Literatur, die widerst\u00e4ndig ist: In Kyjiw fand die derzeit gr\u00f6\u00dfte Buchmesse der Ukraine statt.\t\t<\/div>\n\t\t\t<\/div>\n<\/div>\n<br\/><br\/><div class=\"geolocation-plain\" id=\"geolocation14961\">Posted from Mainz, Altstadt, Deutschland.<\/div>","protected":false},"excerpt":{"rendered":"<p>W\u00e4hrend sich gegen Ende der Pfingstfeiertage das Wetter wieder anschickt, sonnig und warm zu werden, ein paar Artikel der letzten Tage, die ich erw\u00e4hnens- und lesenswert finde. * Christian St\u00f6cker [&hellip;]<\/p>\n","protected":false},"author":1,"featured_media":14964,"comment_status":"open","ping_status":"open","sticky":false,"template":"","format":"standard","meta":{"_crdt_document":"","advanced_seo_description":"","jetpack_seo_html_title":"","jetpack_seo_noindex":false,"_EventAllDay":false,"_EventTimezone":"","_EventStartDate":"","_EventEndDate":"","_EventStartDateUTC":"","_EventEndDateUTC":"","_EventShowMap":false,"_EventShowMapLink":false,"_EventURL":"","_EventCost":"","_EventCostDescription":"","_EventCurrencySymbol":"","_EventCurrencyCode":"","_EventCurrencyPosition":"","_EventDateTimeSeparator":"","_EventTimeRangeSeparator":"","_EventOrganizerID":[],"_EventVenueID":[],"_OrganizerEmail":"","_OrganizerPhone":"","_OrganizerWebsite":"","_VenueAddress":"","_VenueCity":"","_VenueCountry":"","_VenueProvince":"","_VenueState":"","_VenueZip":"","_VenuePhone":"","_VenueURL":"","_VenueStateProvince":"","_VenueLat":"","_VenueLng":"","_VenueShowMap":false,"_VenueShowMapLink":false,"jetpack_post_was_ever_published":false,"_jetpack_newsletter_access":"","_jetpack_dont_email_post_to_subs":false,"_jetpack_newsletter_tier_id":0,"_jetpack_memberships_contains_paywalled_content":false,"_jetpack_memberships_contains_paid_content":false,"footnotes":""},"categories":[368],"tags":[823,812,17],"class_list":["post-14961","post","type-post","status-publish","format-standard","has-post-thumbnail","hentry","category-aufgelesen","tag-aufgelesen","tag-pressespiegel","tag-medien"],"jetpack_featured_media_url":"https:\/\/i0.wp.com\/ralupo.me\/wp-content\/uploads\/2025\/06\/IMG_5742-scaled.jpg?fit=2560%2C1920&ssl=1","jetpack_sharing_enabled":true,"jetpack-related-posts":[{"id":15483,"url":"https:\/\/ralupo.me\/en\/archive\/15483","url_meta":{"origin":14961,"position":0},"title":"Russische Desinformationskampagne in Ungarn benutzt Deutsche Welle","author":"Lupo","date":"2. April 2026","format":false,"excerpt":"[:de] In Ungarn tobt kurz vor den anstehenden Parlamentswahlen am 12. April eine landesweite prorussische Desinformationskampagne, die mit gef\u00e4lschten Videos gegen ukrainische Gefl\u00fcchtete hetzt. Diese Clips, die angeblich von Reuters und der Deutschen Welle (DW) stammen, behaupten, Fl\u00fcchtlinge planten einen Anschlag auf Ministerpr\u00e4sident Viktor Orb\u00e1n \u2013 pure Erfindung ohne jeden\u2026","rel":"","context":"In &quot;Politik&quot;","block_context":{"text":"Politik","link":"https:\/\/ralupo.me\/en\/archive\/category\/politik"},"img":{"alt_text":"","src":"https:\/\/i0.wp.com\/ralupo.me\/wp-content\/uploads\/2026\/04\/IMG_3043-scaled.jpg?fit=1200%2C674&ssl=1&resize=350%2C200","width":350,"height":200,"srcset":"https:\/\/i0.wp.com\/ralupo.me\/wp-content\/uploads\/2026\/04\/IMG_3043-scaled.jpg?fit=1200%2C674&ssl=1&resize=350%2C200 1x, https:\/\/i0.wp.com\/ralupo.me\/wp-content\/uploads\/2026\/04\/IMG_3043-scaled.jpg?fit=1200%2C674&ssl=1&resize=525%2C300 1.5x, https:\/\/i0.wp.com\/ralupo.me\/wp-content\/uploads\/2026\/04\/IMG_3043-scaled.jpg?fit=1200%2C674&ssl=1&resize=700%2C400 2x, https:\/\/i0.wp.com\/ralupo.me\/wp-content\/uploads\/2026\/04\/IMG_3043-scaled.jpg?fit=1200%2C674&ssl=1&resize=1050%2C600 3x"},"classes":[]},{"id":14119,"url":"https:\/\/ralupo.me\/en\/archive\/14119","url_meta":{"origin":14961,"position":1},"title":"Aufgelesen: Lupos Lesewoche #14","author":"Lupo","date":"30. June 2024","format":false,"excerpt":"[:de] Die Kyiv Post widmet der NAFO zu ihrem zweiten Geburtstag einen l\u00e4ngeren Artikel. Es ist schwer, an der Wirksamkeit der NAFO zu zweifeln. Es gibt keine bessere Alternative in der demokratischen Welt als Gegengewicht zur russischen Informationsoffensive im Internet. Vor der Existenz der NAFO konnte ein prominenter Beamter oder\u2026","rel":"","context":"In &quot;Aufgelesen&quot;","block_context":{"text":"Aufgelesen","link":"https:\/\/ralupo.me\/en\/archive\/category\/aufgelesen"},"img":{"alt_text":"","src":"https:\/\/i0.wp.com\/ralupo.me\/wp-content\/uploads\/2024\/02\/IMG_9531-scaled.jpeg?fit=1200%2C900&ssl=1&resize=350%2C200","width":350,"height":200,"srcset":"https:\/\/i0.wp.com\/ralupo.me\/wp-content\/uploads\/2024\/02\/IMG_9531-scaled.jpeg?fit=1200%2C900&ssl=1&resize=350%2C200 1x, https:\/\/i0.wp.com\/ralupo.me\/wp-content\/uploads\/2024\/02\/IMG_9531-scaled.jpeg?fit=1200%2C900&ssl=1&resize=525%2C300 1.5x, https:\/\/i0.wp.com\/ralupo.me\/wp-content\/uploads\/2024\/02\/IMG_9531-scaled.jpeg?fit=1200%2C900&ssl=1&resize=700%2C400 2x, https:\/\/i0.wp.com\/ralupo.me\/wp-content\/uploads\/2024\/02\/IMG_9531-scaled.jpeg?fit=1200%2C900&ssl=1&resize=1050%2C600 3x"},"classes":[]},{"id":14266,"url":"https:\/\/ralupo.me\/en\/archive\/14266","url_meta":{"origin":14961,"position":2},"title":"Russlands hybrider Krieg um Moldau","author":"Lupo","date":"31. August 2024","format":false,"excerpt":"[:de] F\u00fcr den 20. Oktober 2024 stehen in der Republik Moldau Pr\u00e4sidentschaftswahlen an, die amtierende Pr\u00e4sidentin Maia Sandu tritt zur Wiederwahl an. Gleichzeitig hat die pro-europ\u00e4ische Pr\u00e4sidentin auch ein Referendum angesetzt: Moldaus Weg in die Europ\u00e4ische Union soll Verfassungsrang bekommen. Das Land hat zusammen mit der Ukraine Beitrittsgespr\u00e4che begonnen. In\u2026","rel":"","context":"In &quot;Europa&quot;","block_context":{"text":"Europa","link":"https:\/\/ralupo.me\/en\/archive\/category\/europa"},"img":{"alt_text":"","src":"https:\/\/i0.wp.com\/ralupo.me\/wp-content\/uploads\/2023\/12\/IMG_7513-scaled.jpeg?fit=1200%2C900&ssl=1&resize=350%2C200","width":350,"height":200,"srcset":"https:\/\/i0.wp.com\/ralupo.me\/wp-content\/uploads\/2023\/12\/IMG_7513-scaled.jpeg?fit=1200%2C900&ssl=1&resize=350%2C200 1x, https:\/\/i0.wp.com\/ralupo.me\/wp-content\/uploads\/2023\/12\/IMG_7513-scaled.jpeg?fit=1200%2C900&ssl=1&resize=525%2C300 1.5x, https:\/\/i0.wp.com\/ralupo.me\/wp-content\/uploads\/2023\/12\/IMG_7513-scaled.jpeg?fit=1200%2C900&ssl=1&resize=700%2C400 2x, https:\/\/i0.wp.com\/ralupo.me\/wp-content\/uploads\/2023\/12\/IMG_7513-scaled.jpeg?fit=1200%2C900&ssl=1&resize=1050%2C600 3x"},"classes":[]},{"id":15183,"url":"https:\/\/ralupo.me\/en\/archive\/15183","url_meta":{"origin":14961,"position":3},"title":"OSZE beklagt Akte &#8220;beispielloser Einmischung von au\u00dfen&#8221; bei Moldau-Wahl","author":"Lupo","date":"29. September 2025","format":false,"excerpt":"[:de] Die Parlamentswahlen in Moldau am 28. September 2025 haben nach Einsch\u00e4tzung internationaler Beobachter den B\u00fcrgerinnen und B\u00fcrgern eine echte politische Wahl geboten, litten jedoch unter beispielloser Einmischung von au\u00dfen. Vertreter der OSZE, der Parlamentarischen Versammlung des Europarats und des Europ\u00e4ischen Parlaments warnten vor illegaler Parteienfinanzierung, gezielten Cyberangriffen und gro\u00df\u2026","rel":"","context":"In &quot;Europa&quot;","block_context":{"text":"Europa","link":"https:\/\/ralupo.me\/en\/archive\/category\/europa"},"img":{"alt_text":"","src":"https:\/\/i0.wp.com\/ralupo.me\/wp-content\/uploads\/2025\/09\/Bild-scaled.png?fit=1200%2C675&ssl=1&resize=350%2C200","width":350,"height":200,"srcset":"https:\/\/i0.wp.com\/ralupo.me\/wp-content\/uploads\/2025\/09\/Bild-scaled.png?fit=1200%2C675&ssl=1&resize=350%2C200 1x, https:\/\/i0.wp.com\/ralupo.me\/wp-content\/uploads\/2025\/09\/Bild-scaled.png?fit=1200%2C675&ssl=1&resize=525%2C300 1.5x, https:\/\/i0.wp.com\/ralupo.me\/wp-content\/uploads\/2025\/09\/Bild-scaled.png?fit=1200%2C675&ssl=1&resize=700%2C400 2x, https:\/\/i0.wp.com\/ralupo.me\/wp-content\/uploads\/2025\/09\/Bild-scaled.png?fit=1200%2C675&ssl=1&resize=1050%2C600 3x"},"classes":[]},{"id":14039,"url":"https:\/\/ralupo.me\/en\/archive\/14039","url_meta":{"origin":14961,"position":4},"title":"Aufgelesen: Lupos Lesewoche #12","author":"Lupo","date":"9. June 2024","format":false,"excerpt":"[:de] Heute ist Europa-Wahl. Auch wenn die unterirdischen Kampagnen der demokratischen Parteien in Deutschland es kaum vermuten lassen: Es ist eine wichtige Wahl. https:\/\/twitter.com\/soldier_fella\/status\/1799430681145008296?s=46&t=GKIvhh9r6UWBvQbV97UQ_g In Georgien k\u00e4mpfen gerade Menschen unter Einsatz ihrer Gesundheit f\u00fcr ihren Traum, zu diesem Europa dazugeh\u00f6ren zu k\u00f6nnen. Umso befremdlicher ist es f\u00fcr sie zu lesen,\u2026","rel":"","context":"In &quot;Europa&quot;","block_context":{"text":"Europa","link":"https:\/\/ralupo.me\/en\/archive\/category\/europa"},"img":{"alt_text":"","src":"https:\/\/i0.wp.com\/ralupo.me\/wp-content\/uploads\/2024\/06\/930C2530-02E5-4CD2-9DBD-F12C64A3BACD.jpeg?fit=1177%2C1200&ssl=1&resize=350%2C200","width":350,"height":200,"srcset":"https:\/\/i0.wp.com\/ralupo.me\/wp-content\/uploads\/2024\/06\/930C2530-02E5-4CD2-9DBD-F12C64A3BACD.jpeg?fit=1177%2C1200&ssl=1&resize=350%2C200 1x, https:\/\/i0.wp.com\/ralupo.me\/wp-content\/uploads\/2024\/06\/930C2530-02E5-4CD2-9DBD-F12C64A3BACD.jpeg?fit=1177%2C1200&ssl=1&resize=525%2C300 1.5x, https:\/\/i0.wp.com\/ralupo.me\/wp-content\/uploads\/2024\/06\/930C2530-02E5-4CD2-9DBD-F12C64A3BACD.jpeg?fit=1177%2C1200&ssl=1&resize=700%2C400 2x, https:\/\/i0.wp.com\/ralupo.me\/wp-content\/uploads\/2024\/06\/930C2530-02E5-4CD2-9DBD-F12C64A3BACD.jpeg?fit=1177%2C1200&ssl=1&resize=1050%2C600 3x"},"classes":[]},{"id":14109,"url":"https:\/\/ralupo.me\/en\/archive\/14109","url_meta":{"origin":14961,"position":5},"title":"Aufgelesen: Lupos Lesewoche #13","author":"Lupo","date":"23. June 2024","format":false,"excerpt":"[:de] Eine sehr fu\u00dfballgepr\u00e4gte Woche geht zu Ende und daran wird sich wohl auch bis Mitte Juli wenig \u00e4ndern. Die Europameisterschaft hat Deutschland gepackt, an der auch die Nationalmannschaft der Ukraine teilnimmt. Am Montag und Freitag fanden die Vorrundenspiele gegen Rum\u00e4nien in M\u00fcnchen und gegen die Slowakei in D\u00fcsseldorf statt.\u2026","rel":"","context":"In &quot;Aufgelesen&quot;","block_context":{"text":"Aufgelesen","link":"https:\/\/ralupo.me\/en\/archive\/category\/aufgelesen"},"img":{"alt_text":"","src":"https:\/\/i0.wp.com\/ralupo.me\/wp-content\/uploads\/2024\/06\/IMG_3401-scaled.jpeg?fit=1200%2C900&ssl=1&resize=350%2C200","width":350,"height":200,"srcset":"https:\/\/i0.wp.com\/ralupo.me\/wp-content\/uploads\/2024\/06\/IMG_3401-scaled.jpeg?fit=1200%2C900&ssl=1&resize=350%2C200 1x, https:\/\/i0.wp.com\/ralupo.me\/wp-content\/uploads\/2024\/06\/IMG_3401-scaled.jpeg?fit=1200%2C900&ssl=1&resize=525%2C300 1.5x, https:\/\/i0.wp.com\/ralupo.me\/wp-content\/uploads\/2024\/06\/IMG_3401-scaled.jpeg?fit=1200%2C900&ssl=1&resize=700%2C400 2x, https:\/\/i0.wp.com\/ralupo.me\/wp-content\/uploads\/2024\/06\/IMG_3401-scaled.jpeg?fit=1200%2C900&ssl=1&resize=1050%2C600 3x"},"classes":[]}],"jetpack_shortlink":"https:\/\/wp.me\/scanHs-a","_links":{"self":[{"href":"https:\/\/ralupo.me\/en\/wp-json\/wp\/v2\/posts\/14961","targetHints":{"allow":["GET"]}}],"collection":[{"href":"https:\/\/ralupo.me\/en\/wp-json\/wp\/v2\/posts"}],"about":[{"href":"https:\/\/ralupo.me\/en\/wp-json\/wp\/v2\/types\/post"}],"author":[{"embeddable":true,"href":"https:\/\/ralupo.me\/en\/wp-json\/wp\/v2\/users\/1"}],"replies":[{"embeddable":true,"href":"https:\/\/ralupo.me\/en\/wp-json\/wp\/v2\/comments?post=14961"}],"version-history":[{"count":2,"href":"https:\/\/ralupo.me\/en\/wp-json\/wp\/v2\/posts\/14961\/revisions"}],"predecessor-version":[{"id":14967,"href":"https:\/\/ralupo.me\/en\/wp-json\/wp\/v2\/posts\/14961\/revisions\/14967"}],"wp:featuredmedia":[{"embeddable":true,"href":"https:\/\/ralupo.me\/en\/wp-json\/wp\/v2\/media\/14964"}],"wp:attachment":[{"href":"https:\/\/ralupo.me\/en\/wp-json\/wp\/v2\/media?parent=14961"}],"wp:term":[{"taxonomy":"category","embeddable":true,"href":"https:\/\/ralupo.me\/en\/wp-json\/wp\/v2\/categories?post=14961"},{"taxonomy":"post_tag","embeddable":true,"href":"https:\/\/ralupo.me\/en\/wp-json\/wp\/v2\/tags?post=14961"}],"curies":[{"name":"wp","href":"https:\/\/api.w.org\/{rel}","templated":true}]}}