{"id":14813,"date":"2025-04-20T09:30:00","date_gmt":"2025-04-20T07:30:00","guid":{"rendered":"https:\/\/ralupo.me\/?p=14813"},"modified":"2025-04-20T09:20:48","modified_gmt":"2025-04-20T07:20:48","slug":"frieden-mit-russland-oder-verteidigung-europas","status":"publish","type":"post","link":"https:\/\/ralupo.me\/en\/archive\/14813","title":{"rendered":"\u201eFrieden mit Russland oder Verteidigung Europas?\u201c"},"content":{"rendered":"<span class=\"span-reading-time rt-reading-time\" style=\"display: block;\"><span class=\"rt-label rt-prefix\">Lesedauer<\/span> <span class=\"rt-time\"> 2<\/span> <span class=\"rt-label rt-postfix\">Minuten<\/span><\/span>\n<p class=\"wp-block-paragraph\">Jedes Jahr zu Ostern ziehen die Osterm\u00e4rsche durch Deutschland \u2013 urspr\u00fcnglich entstanden in den 1960er Jahren aus Anti-Atom- und Friedensbewegungen.<\/p>\n\n\n\n<figure class=\"wp-block-image\"><img data-recalc-dims=\"1\" fetchpriority=\"high\" decoding=\"async\" width=\"1024\" height=\"768\" data-attachment-id=\"14806\" data-permalink=\"https:\/\/ralupo.me\/en\/img_1540\" data-orig-file=\"https:\/\/i0.wp.com\/ralupo.me\/wp-content\/uploads\/2025\/04\/IMG_1540-scaled.jpeg?fit=2560%2C1920&amp;ssl=1\" data-orig-size=\"2560,1920\" data-comments-opened=\"1\" data-image-meta=\"{&quot;aperture&quot;:&quot;2.8&quot;,&quot;credit&quot;:&quot;&quot;,&quot;camera&quot;:&quot;iPhone 16 Pro&quot;,&quot;caption&quot;:&quot;&quot;,&quot;created_timestamp&quot;:&quot;1745066754&quot;,&quot;copyright&quot;:&quot;&quot;,&quot;focal_length&quot;:&quot;15.659999847383&quot;,&quot;iso&quot;:&quot;64&quot;,&quot;shutter_speed&quot;:&quot;0.01010101010101&quot;,&quot;title&quot;:&quot;&quot;,&quot;orientation&quot;:&quot;1&quot;}\" data-image-title=\"IMG_1540\" data-image-description=\"\" data-image-caption=\"\" data-medium-file=\"https:\/\/i0.wp.com\/ralupo.me\/wp-content\/uploads\/2025\/04\/IMG_1540-scaled.jpeg?fit=300%2C225&amp;ssl=1\" data-large-file=\"https:\/\/i0.wp.com\/ralupo.me\/wp-content\/uploads\/2025\/04\/IMG_1540-scaled.jpeg?fit=1024%2C768&amp;ssl=1\" src=\"https:\/\/i0.wp.com\/ralupo.me\/wp-content\/uploads\/2025\/04\/IMG_1540.jpeg?resize=1024%2C768&#038;ssl=1\" alt=\"\" class=\"wp-image-14806\" srcset=\"https:\/\/i0.wp.com\/ralupo.me\/wp-content\/uploads\/2025\/04\/IMG_1540-scaled.jpeg?resize=1024%2C768&amp;ssl=1 1024w, https:\/\/i0.wp.com\/ralupo.me\/wp-content\/uploads\/2025\/04\/IMG_1540-scaled.jpeg?resize=300%2C225&amp;ssl=1 300w, https:\/\/i0.wp.com\/ralupo.me\/wp-content\/uploads\/2025\/04\/IMG_1540-scaled.jpeg?resize=768%2C576&amp;ssl=1 768w, https:\/\/i0.wp.com\/ralupo.me\/wp-content\/uploads\/2025\/04\/IMG_1540-scaled.jpeg?resize=1536%2C1152&amp;ssl=1 1536w, https:\/\/i0.wp.com\/ralupo.me\/wp-content\/uploads\/2025\/04\/IMG_1540-scaled.jpeg?resize=2048%2C1536&amp;ssl=1 2048w\" sizes=\"(max-width: 1000px) 100vw, 1000px\" \/><\/figure>\n\n\n\n<p class=\"wp-block-paragraph\">Doch seit 2014, und besonders seit Russlands Angriff auf die Ukraine, haben sich viele dieser M\u00e4rsche ver\u00e4ndert: Statt f\u00fcr Gerechtigkeit einzutreten, verbreiten sie zunehmend Narrative, die dem Aggressor n\u00fctzen.<\/p>\n\n\n\n<p class=\"wp-block-paragraph\">In diesem Jahr sind \u00fcber 90 M\u00e4rsche geplant. Ihre Forderungen richten sich nicht gegen die russische Aggression, sondern gegen die Verteidigungsf\u00e4higkeit Europas.<\/p>\n\n\n\n<p class=\"wp-block-paragraph\">\u201eAbr\u00fcstung statt Verteidigung\u201c lautet vielerorts das Motto \u2013 eine gef\u00e4hrliche Illusion in einer Welt, in der Diktaturen Demokratien angreifen. F\u00fcr die Ukraine bedeutet diese Haltung Zerst\u00f6rung, f\u00fcr Europa Wehrlosigkeit.<\/p>\n\n\n\n<figure class=\"wp-block-video\"><video height=\"1080\" style=\"aspect-ratio: 1920 \/ 1080;\" width=\"1920\" autoplay controls loop muted src=\"https:\/\/ralupo.me\/wp-content\/uploads\/2025\/04\/Kopie-von-Kopie-von-Red-Modern-Breaking-News-Youtube-Intro-1.mp4\" playsinline><\/video><\/figure>\n\n\n\n<p class=\"wp-block-paragraph\">Diese Entwicklung trifft auf eine bedrohliche Lage:<\/p>\n\n\n\n<ul class=\"wp-block-list\">\n<li>Die USA schwanken in ihrer Unterst\u00fctzung.<\/li>\n<\/ul>\n\n\n\n<ul class=\"wp-block-list\">\n<li>Russland verhandelt direkt mit Washington. \u201eFrieden um jeden Preis\u201c wird zum dominierenden Narrativ \u2013 auf Kosten ukrainischer Leben und europ\u00e4ischer Sicherheit.<\/li>\n<\/ul>\n\n\n\n<ul class=\"wp-block-list\">\n<li>Ein erzwungener Waffenstillstand w\u00fcrde nur Russlands Eroberungen zementieren und neue Kriege wahrscheinlicher machen.<\/li>\n<\/ul>\n\n\n\n<figure class=\"wp-block-image size-large\"><img data-recalc-dims=\"1\" decoding=\"async\" width=\"1024\" height=\"768\" data-attachment-id=\"14811\" data-permalink=\"https:\/\/ralupo.me\/en\/img_1531\" data-orig-file=\"https:\/\/i0.wp.com\/ralupo.me\/wp-content\/uploads\/2025\/04\/IMG_1531-scaled.jpeg?fit=2560%2C1920&amp;ssl=1\" data-orig-size=\"2560,1920\" data-comments-opened=\"1\" data-image-meta=\"{&quot;aperture&quot;:&quot;2.8&quot;,&quot;credit&quot;:&quot;&quot;,&quot;camera&quot;:&quot;iPhone 16 Pro&quot;,&quot;caption&quot;:&quot;&quot;,&quot;created_timestamp&quot;:&quot;1745066460&quot;,&quot;copyright&quot;:&quot;&quot;,&quot;focal_length&quot;:&quot;15.659999847383&quot;,&quot;iso&quot;:&quot;100&quot;,&quot;shutter_speed&quot;:&quot;0.01010101010101&quot;,&quot;title&quot;:&quot;&quot;,&quot;orientation&quot;:&quot;1&quot;}\" data-image-title=\"IMG_1531\" data-image-description=\"\" data-image-caption=\"\" data-medium-file=\"https:\/\/i0.wp.com\/ralupo.me\/wp-content\/uploads\/2025\/04\/IMG_1531-scaled.jpeg?fit=300%2C225&amp;ssl=1\" data-large-file=\"https:\/\/i0.wp.com\/ralupo.me\/wp-content\/uploads\/2025\/04\/IMG_1531-scaled.jpeg?fit=1024%2C768&amp;ssl=1\" src=\"https:\/\/i0.wp.com\/ralupo.me\/wp-content\/uploads\/2025\/04\/IMG_1531.jpeg?resize=1024%2C768&#038;ssl=1\" alt=\"\" class=\"wp-image-14811\" srcset=\"https:\/\/i0.wp.com\/ralupo.me\/wp-content\/uploads\/2025\/04\/IMG_1531-scaled.jpeg?resize=1024%2C768&amp;ssl=1 1024w, https:\/\/i0.wp.com\/ralupo.me\/wp-content\/uploads\/2025\/04\/IMG_1531-scaled.jpeg?resize=300%2C225&amp;ssl=1 300w, https:\/\/i0.wp.com\/ralupo.me\/wp-content\/uploads\/2025\/04\/IMG_1531-scaled.jpeg?resize=768%2C576&amp;ssl=1 768w, https:\/\/i0.wp.com\/ralupo.me\/wp-content\/uploads\/2025\/04\/IMG_1531-scaled.jpeg?resize=1536%2C1152&amp;ssl=1 1536w, https:\/\/i0.wp.com\/ralupo.me\/wp-content\/uploads\/2025\/04\/IMG_1531-scaled.jpeg?resize=2048%2C1536&amp;ssl=1 2048w\" sizes=\"(max-width: 1000px) 100vw, 1000px\" \/><\/figure>\n\n\n\n<p class=\"wp-block-paragraph\">Teile der deutschen Friedensbewegung verbreiten damit, bewusst oder unbewusst, eine Botschaft, die letztlich nur dem Kreml dient.<\/p>\n\n\n\n<figure class=\"wp-block-image size-large\"><img data-recalc-dims=\"1\" decoding=\"async\" width=\"1024\" height=\"768\" data-attachment-id=\"14804\" data-permalink=\"https:\/\/ralupo.me\/en\/do01002519\" data-orig-file=\"https:\/\/i0.wp.com\/ralupo.me\/wp-content\/uploads\/2025\/04\/DO01002519-scaled.jpeg?fit=2560%2C1920&amp;ssl=1\" data-orig-size=\"2560,1920\" data-comments-opened=\"1\" data-image-meta=\"{&quot;aperture&quot;:&quot;14&quot;,&quot;credit&quot;:&quot;&quot;,&quot;camera&quot;:&quot;LEICA D-Lux 8&quot;,&quot;caption&quot;:&quot;&quot;,&quot;created_timestamp&quot;:&quot;1745063172&quot;,&quot;copyright&quot;:&quot;&quot;,&quot;focal_length&quot;:&quot;25.1&quot;,&quot;iso&quot;:&quot;1600&quot;,&quot;shutter_speed&quot;:&quot;0.02&quot;,&quot;title&quot;:&quot;&quot;,&quot;orientation&quot;:&quot;1&quot;}\" data-image-title=\"DO01002519\" data-image-description=\"\" data-image-caption=\"\" data-medium-file=\"https:\/\/i0.wp.com\/ralupo.me\/wp-content\/uploads\/2025\/04\/DO01002519-scaled.jpeg?fit=300%2C225&amp;ssl=1\" data-large-file=\"https:\/\/i0.wp.com\/ralupo.me\/wp-content\/uploads\/2025\/04\/DO01002519-scaled.jpeg?fit=1024%2C768&amp;ssl=1\" src=\"https:\/\/i0.wp.com\/ralupo.me\/wp-content\/uploads\/2025\/04\/DO01002519.jpeg?resize=1024%2C768&#038;ssl=1\" alt=\"\" class=\"wp-image-14804\" srcset=\"https:\/\/i0.wp.com\/ralupo.me\/wp-content\/uploads\/2025\/04\/DO01002519-scaled.jpeg?resize=1024%2C768&amp;ssl=1 1024w, https:\/\/i0.wp.com\/ralupo.me\/wp-content\/uploads\/2025\/04\/DO01002519-scaled.jpeg?resize=300%2C225&amp;ssl=1 300w, https:\/\/i0.wp.com\/ralupo.me\/wp-content\/uploads\/2025\/04\/DO01002519-scaled.jpeg?resize=768%2C576&amp;ssl=1 768w, https:\/\/i0.wp.com\/ralupo.me\/wp-content\/uploads\/2025\/04\/DO01002519-scaled.jpeg?resize=1536%2C1152&amp;ssl=1 1536w, https:\/\/i0.wp.com\/ralupo.me\/wp-content\/uploads\/2025\/04\/DO01002519-scaled.jpeg?resize=2048%2C1536&amp;ssl=1 2048w\" sizes=\"(max-width: 1000px) 100vw, 1000px\" \/><\/figure>\n\n\n\n<p class=\"wp-block-paragraph\">in Berlin hat Vitsche mit einer performativen Aktion am Rande der zentralen Kundgebung des Berliner Ostermarsch auf die Verbreitung russischer Narrative aufmerksam gemacht: Gegen den Pseudo-Pazifismus der sog. \u201eFriedensbewegung\u201c, die mit ihren Ostermarsch vor allem die Aggressoren unterst\u00fctzt, demonstrierte Vitsche mit einer Aktion, bei der die Teilnehmer zwischen die Verteidigung der Demokratie und Unterwerfung w\u00e4hlen konnten.<\/p>\n","protected":false},"excerpt":{"rendered":"<p>Jedes Jahr zu Ostern ziehen die Osterm\u00e4rsche durch Deutschland \u2013 urspr\u00fcnglich entstanden in den 1960er Jahren aus Anti-Atom- und Friedensbewegungen. Doch seit 2014, und besonders seit Russlands Angriff auf die [&hellip;]<\/p>\n","protected":false},"author":1,"featured_media":14797,"comment_status":"open","ping_status":"open","sticky":false,"template":"","format":"standard","meta":{"_crdt_document":"","advanced_seo_description":"","jetpack_seo_html_title":"","jetpack_seo_noindex":false,"_EventAllDay":false,"_EventTimezone":"","_EventStartDate":"","_EventEndDate":"","_EventStartDateUTC":"","_EventEndDateUTC":"","_EventShowMap":false,"_EventShowMapLink":false,"_EventURL":"","_EventCost":"","_EventCostDescription":"","_EventCurrencySymbol":"","_EventCurrencyCode":"","_EventCurrencyPosition":"","_EventDateTimeSeparator":"","_EventTimeRangeSeparator":"","_EventOrganizerID":[],"_EventVenueID":[],"_OrganizerEmail":"","_OrganizerPhone":"","_OrganizerWebsite":"","_VenueAddress":"","_VenueCity":"","_VenueCountry":"","_VenueProvince":"","_VenueState":"","_VenueZip":"","_VenuePhone":"","_VenueURL":"","_VenueStateProvince":"","_VenueLat":"","_VenueLng":"","_VenueShowMap":false,"_VenueShowMapLink":false,"jetpack_post_was_ever_published":false,"_jetpack_newsletter_access":"","_jetpack_dont_email_post_to_subs":false,"_jetpack_newsletter_tier_id":0,"_jetpack_memberships_contains_paywalled_content":false,"_jetpack_memberships_contains_paid_content":false,"footnotes":""},"categories":[693],"tags":[436,315,25],"class_list":["post-14813","post","type-post","status-publish","format-standard","has-post-thumbnail","hentry","category-politik","tag-krieg","tag-politik","tag-ukraine"],"jetpack_featured_media_url":"https:\/\/i0.wp.com\/ralupo.me\/wp-content\/uploads\/2025\/04\/IMG_1579_jpg-scaled.jpeg?fit=2560%2C1920&ssl=1","jetpack_sharing_enabled":true,"jetpack-related-posts":[{"id":13847,"url":"https:\/\/ralupo.me\/en\/archive\/13847","url_meta":{"origin":14813,"position":0},"title":"&#8220;Wir brauchen eine Friedensbewegung, die auch den Opfern zuh\u00f6rt&#8221;","author":"Lupo","date":"30. March 2024","format":false,"excerpt":"[:de] Mehrere hundert Menschen haben sich heute unter dem Motto \"Frieden muss verteidigt werden\" zu einem \"alternativen Ostermarsch\" zusammengefunden. Aufgerufen hatte die Berliner Aktivistengruppe \"Vitsche\". Mit der Aktion am Karsamstag will man den traditionellen Osterm\u00e4rschen den Spiegel vorhalten. Die Forderungen der Friedensbewegung f\u00fchre n\u00e4mlich letztlich nicht zu Frieden, sondern zur\u2026","rel":"","context":"In &quot;Politik&quot;","block_context":{"text":"Politik","link":"https:\/\/ralupo.me\/en\/archive\/category\/politik"},"img":{"alt_text":"","src":"https:\/\/i0.wp.com\/ralupo.me\/wp-content\/uploads\/2024\/03\/IMG_0651_jpg-scaled.jpeg?fit=1200%2C900&ssl=1&resize=350%2C200","width":350,"height":200,"srcset":"https:\/\/i0.wp.com\/ralupo.me\/wp-content\/uploads\/2024\/03\/IMG_0651_jpg-scaled.jpeg?fit=1200%2C900&ssl=1&resize=350%2C200 1x, https:\/\/i0.wp.com\/ralupo.me\/wp-content\/uploads\/2024\/03\/IMG_0651_jpg-scaled.jpeg?fit=1200%2C900&ssl=1&resize=525%2C300 1.5x, https:\/\/i0.wp.com\/ralupo.me\/wp-content\/uploads\/2024\/03\/IMG_0651_jpg-scaled.jpeg?fit=1200%2C900&ssl=1&resize=700%2C400 2x, https:\/\/i0.wp.com\/ralupo.me\/wp-content\/uploads\/2024\/03\/IMG_0651_jpg-scaled.jpeg?fit=1200%2C900&ssl=1&resize=1050%2C600 3x"},"classes":[]},{"id":13840,"url":"https:\/\/ralupo.me\/en\/archive\/13840","url_meta":{"origin":14813,"position":1},"title":"Vitsche ruft zum &#8220;alternativen Ostermarsch&#8221; auf: Zusammen gegen falschen Pazifismus!","author":"Lupo","date":"28. March 2024","format":false,"excerpt":"[:de] Zum dritten Mal in Folge ruft die Berliner Organisation Vitsche zu einem alternativen Ostermarsch in Berlin auf. Mit der Gegendemonstration an diesem Samstag (30.03) halten soll den traditionellen Ostermarschaktionen der Spiegel vorgehalten werden. Die Osterm\u00e4rsche f\u00fchren nicht zu Frieden, sondern zur Ermutigung des Aggressors. Erst letzte Woche griffen hunderte\u2026","rel":"","context":"In &quot;Veranstaltungen&quot;","block_context":{"text":"Veranstaltungen","link":"https:\/\/ralupo.me\/en\/archive\/category\/veranstaltungen"},"img":{"alt_text":"","src":"https:\/\/i0.wp.com\/ralupo.me\/wp-content\/uploads\/2024\/02\/IMG_9950-scaled.jpeg?fit=1200%2C900&ssl=1&resize=350%2C200","width":350,"height":200,"srcset":"https:\/\/i0.wp.com\/ralupo.me\/wp-content\/uploads\/2024\/02\/IMG_9950-scaled.jpeg?fit=1200%2C900&ssl=1&resize=350%2C200 1x, https:\/\/i0.wp.com\/ralupo.me\/wp-content\/uploads\/2024\/02\/IMG_9950-scaled.jpeg?fit=1200%2C900&ssl=1&resize=525%2C300 1.5x, https:\/\/i0.wp.com\/ralupo.me\/wp-content\/uploads\/2024\/02\/IMG_9950-scaled.jpeg?fit=1200%2C900&ssl=1&resize=700%2C400 2x, https:\/\/i0.wp.com\/ralupo.me\/wp-content\/uploads\/2024\/02\/IMG_9950-scaled.jpeg?fit=1200%2C900&ssl=1&resize=1050%2C600 3x"},"classes":[]},{"id":13892,"url":"https:\/\/ralupo.me\/en\/archive\/13892","url_meta":{"origin":14813,"position":2},"title":"&#8220;Okkupation ist kein Frieden&#8221;","author":"Lupo","date":"2. April 2024","format":false,"excerpt":"[:de] Auch in Hamburg haben am Ostermontag knapp hundert Menschen gegen den dortigen Ostermarsch demonstriert. Auf dem Ostermarsch in Hamburg wurde ein Transparent mit der Forderung \"Frieden mit Russland\" gezeigt. Dies sollte nach dem Willen der pro-ukrainischen Demonstranten nicht unkommentiert bleiben. Zuvor hatten am Karsamstag in Berlin mehrere hundert Menschen\u2026","rel":"","context":"In &quot;Politik&quot;","block_context":{"text":"Politik","link":"https:\/\/ralupo.me\/en\/archive\/category\/politik"},"img":{"alt_text":"","src":"https:\/\/i0.wp.com\/ralupo.me\/wp-content\/uploads\/2024\/04\/IMG_0890_jpg-scaled.jpeg?fit=1200%2C900&ssl=1&resize=350%2C200","width":350,"height":200,"srcset":"https:\/\/i0.wp.com\/ralupo.me\/wp-content\/uploads\/2024\/04\/IMG_0890_jpg-scaled.jpeg?fit=1200%2C900&ssl=1&resize=350%2C200 1x, https:\/\/i0.wp.com\/ralupo.me\/wp-content\/uploads\/2024\/04\/IMG_0890_jpg-scaled.jpeg?fit=1200%2C900&ssl=1&resize=525%2C300 1.5x, https:\/\/i0.wp.com\/ralupo.me\/wp-content\/uploads\/2024\/04\/IMG_0890_jpg-scaled.jpeg?fit=1200%2C900&ssl=1&resize=700%2C400 2x, https:\/\/i0.wp.com\/ralupo.me\/wp-content\/uploads\/2024\/04\/IMG_0890_jpg-scaled.jpeg?fit=1200%2C900&ssl=1&resize=1050%2C600 3x"},"classes":[]},{"id":14732,"url":"https:\/\/ralupo.me\/en\/archive\/14732","url_meta":{"origin":14813,"position":3},"title":"\u201cGegen eine m\u00f6rderische Armee helfen keine T\u00e4ubchen\u201c","author":"Lupo","date":"12. April 2025","format":false,"excerpt":"[:de] In der kommenden Woche werden die Vulg\u00e4rpazifisten deutschlandweit wieder ihre Osterm\u00e4rsche abhalten, vorwiegend russische Narrative verbreiten und f\u00fcr ihren Frieden demonstrieren, einen Zustand, den man bestenfalls noch mit \u201eRuhe im Karton\u201c \u00fcbersetzen kann. Die Betroffenen spielen dabei keine Rolle. Die FAS-Kolumnistin Katja Petrovskaja hat diese Osterm\u00e4rsche in ihrem j\u00fcngst\u2026","rel":"","context":"In &quot;Ukraine&quot;","block_context":{"text":"Ukraine","link":"https:\/\/ralupo.me\/en\/archive\/category\/ukraine"},"img":{"alt_text":"","src":"https:\/\/i0.wp.com\/ralupo.me\/wp-content\/uploads\/2024\/03\/IMG_0705-scaled.jpeg?fit=1200%2C900&ssl=1&resize=350%2C200","width":350,"height":200,"srcset":"https:\/\/i0.wp.com\/ralupo.me\/wp-content\/uploads\/2024\/03\/IMG_0705-scaled.jpeg?fit=1200%2C900&ssl=1&resize=350%2C200 1x, https:\/\/i0.wp.com\/ralupo.me\/wp-content\/uploads\/2024\/03\/IMG_0705-scaled.jpeg?fit=1200%2C900&ssl=1&resize=525%2C300 1.5x, https:\/\/i0.wp.com\/ralupo.me\/wp-content\/uploads\/2024\/03\/IMG_0705-scaled.jpeg?fit=1200%2C900&ssl=1&resize=700%2C400 2x, https:\/\/i0.wp.com\/ralupo.me\/wp-content\/uploads\/2024\/03\/IMG_0705-scaled.jpeg?fit=1200%2C900&ssl=1&resize=1050%2C600 3x"},"classes":[]},{"id":3557,"url":"https:\/\/ralupo.me\/en\/archive\/3557","url_meta":{"origin":14813,"position":4},"title":"Europas 11. September","author":"Lupo","date":"24. February 2022","format":false,"excerpt":"[:de] Der 24. Februar 2022 ist Europas 11. September. Der russische Pr\u00e4sident hat die unabh\u00e4ngige Ukraine angegriffen und nimmt das Land auch von Belarus aus in die Zange. Aus dem S\u00fcden werden alleine 20 Tote Zivilisten aus der Region Odessa gemeldet. Am Abend fanden in ganz Europa Solidarit\u00e4tskundgebungen statt. Teile\u2026","rel":"","context":"In &quot;Politik&quot;","block_context":{"text":"Politik","link":"https:\/\/ralupo.me\/en\/archive\/category\/politik"},"img":{"alt_text":"","src":"https:\/\/i0.wp.com\/ralupo.me\/wp-content\/uploads\/2022\/02\/F48436E5-B7B3-4271-8385-2DE82F7093F8-scaled.jpeg?fit=1200%2C900&ssl=1&resize=350%2C200","width":350,"height":200,"srcset":"https:\/\/i0.wp.com\/ralupo.me\/wp-content\/uploads\/2022\/02\/F48436E5-B7B3-4271-8385-2DE82F7093F8-scaled.jpeg?fit=1200%2C900&ssl=1&resize=350%2C200 1x, https:\/\/i0.wp.com\/ralupo.me\/wp-content\/uploads\/2022\/02\/F48436E5-B7B3-4271-8385-2DE82F7093F8-scaled.jpeg?fit=1200%2C900&ssl=1&resize=525%2C300 1.5x, https:\/\/i0.wp.com\/ralupo.me\/wp-content\/uploads\/2022\/02\/F48436E5-B7B3-4271-8385-2DE82F7093F8-scaled.jpeg?fit=1200%2C900&ssl=1&resize=700%2C400 2x, https:\/\/i0.wp.com\/ralupo.me\/wp-content\/uploads\/2022\/02\/F48436E5-B7B3-4271-8385-2DE82F7093F8-scaled.jpeg?fit=1200%2C900&ssl=1&resize=1050%2C600 3x"},"classes":[]},{"id":14688,"url":"https:\/\/ralupo.me\/en\/archive\/14688","url_meta":{"origin":14813,"position":5},"title":"Wahlaufruf der Deutsch-Ukrainischen Gesellschaft zur Bundestagswahl 2025","author":"Lupo","date":"21. February 2025","format":false,"excerpt":"[:de] Berlin, 21. Februar 2025 \u2013 Zwei Tage vor den Bundestagswahlen und drei Tage vor dem dritten Jahrestag der russischen Vollinvasion der Ukraine steht Europa an einem sicherheitspolitischen Wendepunkt. Die US-Administration f\u00fchrt direkte Verhandlungen mit Russland \u2013 \u00fcber die K\u00f6pfe der Ukrainer:innen und Europ\u00e4er:innen hinweg \u2013, w\u00e4hrend die russischen Kriegsziele\u2026","rel":"","context":"In &quot;Politik&quot;","block_context":{"text":"Politik","link":"https:\/\/ralupo.me\/en\/archive\/category\/politik"},"img":{"alt_text":"","src":"https:\/\/i0.wp.com\/ralupo.me\/wp-content\/uploads\/2025\/02\/IMG_9460-scaled.jpeg?fit=1200%2C900&ssl=1&resize=350%2C200","width":350,"height":200,"srcset":"https:\/\/i0.wp.com\/ralupo.me\/wp-content\/uploads\/2025\/02\/IMG_9460-scaled.jpeg?fit=1200%2C900&ssl=1&resize=350%2C200 1x, https:\/\/i0.wp.com\/ralupo.me\/wp-content\/uploads\/2025\/02\/IMG_9460-scaled.jpeg?fit=1200%2C900&ssl=1&resize=525%2C300 1.5x, https:\/\/i0.wp.com\/ralupo.me\/wp-content\/uploads\/2025\/02\/IMG_9460-scaled.jpeg?fit=1200%2C900&ssl=1&resize=700%2C400 2x, https:\/\/i0.wp.com\/ralupo.me\/wp-content\/uploads\/2025\/02\/IMG_9460-scaled.jpeg?fit=1200%2C900&ssl=1&resize=1050%2C600 3x"},"classes":[]}],"jetpack_shortlink":"https:\/\/wp.me\/pcanHs-3QV","_links":{"self":[{"href":"https:\/\/ralupo.me\/en\/wp-json\/wp\/v2\/posts\/14813","targetHints":{"allow":["GET"]}}],"collection":[{"href":"https:\/\/ralupo.me\/en\/wp-json\/wp\/v2\/posts"}],"about":[{"href":"https:\/\/ralupo.me\/en\/wp-json\/wp\/v2\/types\/post"}],"author":[{"embeddable":true,"href":"https:\/\/ralupo.me\/en\/wp-json\/wp\/v2\/users\/1"}],"replies":[{"embeddable":true,"href":"https:\/\/ralupo.me\/en\/wp-json\/wp\/v2\/comments?post=14813"}],"version-history":[{"count":2,"href":"https:\/\/ralupo.me\/en\/wp-json\/wp\/v2\/posts\/14813\/revisions"}],"predecessor-version":[{"id":14815,"href":"https:\/\/ralupo.me\/en\/wp-json\/wp\/v2\/posts\/14813\/revisions\/14815"}],"wp:featuredmedia":[{"embeddable":true,"href":"https:\/\/ralupo.me\/en\/wp-json\/wp\/v2\/media\/14797"}],"wp:attachment":[{"href":"https:\/\/ralupo.me\/en\/wp-json\/wp\/v2\/media?parent=14813"}],"wp:term":[{"taxonomy":"category","embeddable":true,"href":"https:\/\/ralupo.me\/en\/wp-json\/wp\/v2\/categories?post=14813"},{"taxonomy":"post_tag","embeddable":true,"href":"https:\/\/ralupo.me\/en\/wp-json\/wp\/v2\/tags?post=14813"}],"curies":[{"name":"wp","href":"https:\/\/api.w.org\/{rel}","templated":true}]}}