{"id":14688,"date":"2025-02-21T11:54:41","date_gmt":"2025-02-21T10:54:41","guid":{"rendered":"https:\/\/ralupo.me\/?p=14688"},"modified":"2025-02-21T11:54:50","modified_gmt":"2025-02-21T10:54:50","slug":"wahlaufruf-der-deutsch-ukrainischen-gesellschaft-zur-bundestagswahl-2025","status":"publish","type":"post","link":"https:\/\/ralupo.me\/en\/archive\/14688","title":{"rendered":"Wahlaufruf der Deutsch-Ukrainischen Gesellschaft zur Bundestagswahl 2025"},"content":{"rendered":"<span class=\"span-reading-time rt-reading-time\" style=\"display: block;\"><span class=\"rt-label rt-prefix\">Lesedauer<\/span> <span class=\"rt-time\"> 3<\/span> <span class=\"rt-label rt-postfix\">Minuten<\/span><\/span>\n<p class=\"wp-block-paragraph\">Berlin, 21. Februar 2025 \u2013 Zwei Tage vor den Bundestagswahlen und drei Tage vor dem dritten Jahrestag der russischen Vollinvasion der Ukraine steht Europa an einem sicherheitspolitischen Wendepunkt. Die US-Administration f\u00fchrt direkte Verhandlungen mit Russland \u2013 \u00fcber die K\u00f6pfe der Ukrainer:innen und Europ\u00e4er:innen hinweg \u2013, w\u00e4hrend die russischen Kriegsziele unver\u00e4ndert bleiben. Gleichzeitig greift der Pr\u00e4sident der USA den ukrainischen Pr\u00e4sidenten Wolodymyr Selenskyj scharf an und wiederholt russische Propaganda-Narrative. Durch das erratische Vorgehen der USA bestehen erstmals ernstzunehmende Zweifel am amerikanischen Schutzversprechen f\u00fcr Europa und die NATO.<br><br>Im deutschen Wahlkampf wurden sicherheits- und verteidigungspolitische Fragen sowie die langfristige Unterst\u00fctzung der Ukraine nur oberfl\u00e4chlich behandelt. Trotz aller verbalen Entr\u00fcstung \u00fcber Trumps Aussagen und aller Bekenntnisse zur Unterst\u00fctzung der Ukraine offenbart sich eine bedauerliche Strategielosigkeit Europas. Nach den Wahlen besteht f\u00fcr die neue Bundesregierung ein immenser Handlungsbedarf. Eine rasche Regierungsbildung ist essentiell, damit Deutschland in der sicherheitspolitischen Neuordnung Europas Verantwortung \u00fcbernimmt und die notwendigen Entscheidungen schnell vorantreiben kann.<br><br><strong>Unsere Forderungen an jede k\u00fcnftige deutsche Regierung:<\/strong><\/p>\n\n\n\n<figure class=\"wp-block-image size-large\"><img data-recalc-dims=\"1\" fetchpriority=\"high\" decoding=\"async\" width=\"1024\" height=\"768\" data-attachment-id=\"14649\" data-permalink=\"https:\/\/ralupo.me\/en\/img_9608_jpg\" data-orig-file=\"https:\/\/i0.wp.com\/ralupo.me\/wp-content\/uploads\/2025\/02\/IMG_9608_jpg-scaled.jpeg?fit=2560%2C1920&amp;ssl=1\" data-orig-size=\"2560,1920\" data-comments-opened=\"1\" data-image-meta=\"{&quot;aperture&quot;:&quot;2.8&quot;,&quot;credit&quot;:&quot;&quot;,&quot;camera&quot;:&quot;iPhone 16 Pro&quot;,&quot;caption&quot;:&quot;&quot;,&quot;created_timestamp&quot;:&quot;1739637870&quot;,&quot;copyright&quot;:&quot;\\u00a9 christian wolf&quot;,&quot;focal_length&quot;:&quot;15.659999847383&quot;,&quot;iso&quot;:&quot;100&quot;,&quot;shutter_speed&quot;:&quot;0.01&quot;,&quot;title&quot;:&quot;&quot;,&quot;orientation&quot;:&quot;1&quot;}\" data-image-title=\"IMG_9608_jpg\" data-image-description=\"\" data-image-caption=\"\" data-medium-file=\"https:\/\/i0.wp.com\/ralupo.me\/wp-content\/uploads\/2025\/02\/IMG_9608_jpg-scaled.jpeg?fit=300%2C225&amp;ssl=1\" data-large-file=\"https:\/\/i0.wp.com\/ralupo.me\/wp-content\/uploads\/2025\/02\/IMG_9608_jpg-scaled.jpeg?fit=1024%2C768&amp;ssl=1\" src=\"https:\/\/i0.wp.com\/ralupo.me\/wp-content\/uploads\/2025\/02\/IMG_9608_jpg.jpeg?resize=1024%2C768&#038;ssl=1\" alt=\"\" class=\"wp-image-14649\" srcset=\"https:\/\/i0.wp.com\/ralupo.me\/wp-content\/uploads\/2025\/02\/IMG_9608_jpg-scaled.jpeg?resize=1024%2C768&amp;ssl=1 1024w, https:\/\/i0.wp.com\/ralupo.me\/wp-content\/uploads\/2025\/02\/IMG_9608_jpg-scaled.jpeg?resize=300%2C225&amp;ssl=1 300w, https:\/\/i0.wp.com\/ralupo.me\/wp-content\/uploads\/2025\/02\/IMG_9608_jpg-scaled.jpeg?resize=768%2C576&amp;ssl=1 768w, https:\/\/i0.wp.com\/ralupo.me\/wp-content\/uploads\/2025\/02\/IMG_9608_jpg-scaled.jpeg?resize=1536%2C1152&amp;ssl=1 1536w, https:\/\/i0.wp.com\/ralupo.me\/wp-content\/uploads\/2025\/02\/IMG_9608_jpg-scaled.jpeg?resize=2048%2C1536&amp;ssl=1 2048w\" sizes=\"(max-width: 1000px) 100vw, 1000px\" \/><\/figure>\n\n\n\n<ul class=\"wp-block-list\">\n<li>Kein Minsk 3.0 und keine Wiederholung von M\u00fcnchen 1938 \u2013 Verhandlungen nur mit der Ukraine und Europa:\u00a0Verhandlungen zur ernsten Beendigung des russischen Angriffskrieges und Sicherstellung eines dauerhaften Friedens in Europa erfordern eine starke ukrainische Verhandlungsposition und konkrete Sicherheitsgarantien. Bevor es zu ernsthaften Verhandlungen mit Russland kommen kann, ist eine enge Abstimmung zwischen den USA, Europa und der Ukraine erforderlich. Europa muss daf\u00fcr sorgen, dass nicht \u00fcber die K\u00f6pfe der Ukrainer:innen verhandelt wird und kein fauler Deal wie Minsk 3.0 zustande kommt.<\/li>\n\n\n\n<li>Zus\u00e4tzliche Milit\u00e4rhilfe f\u00fcr die Ukraine: Angesichts der drohenden K\u00fcrzung amerikanischer Hilfen muss Deutschland gemeinsam mit anderen europ\u00e4ischen L\u00e4ndern die Milit\u00e4rhilfe f\u00fcr die Ukraine schnell ausweiten und auf eine langfristige Finanzierungsbasis stellen. 0,25 Prozent des BIPs sollten dabei die Untergrenze sein.<\/li>\n\n\n\n<li>Investitionen in die ukrainische R\u00fcstungsindustrie: Ein wesentliches Ziel der westlichen Unterst\u00fctzung der Ukraine sollte der Ausbau der ukrainischen R\u00fcstungsindustrie sein, deren Kapazit\u00e4ten aufgrund fehlender Finanzierung noch nicht ausgelastet sind. Das \u201eD\u00e4nische Modell\u201d der westfinanzierten Auftr\u00e4ge f\u00fcr ukrainische R\u00fcstungsg\u00fcter gilt es umfassend zu skalieren.<\/li>\n\n\n\n<li>Maximale EU-Sanktionen gegen Russland: Dazu geh\u00f6ren ein vollst\u00e4ndiges Ende von LNG-Importen aus Russland und Ma\u00dfnahmen gegen die russische Schattenflotte.<\/li>\n\n\n\n<li>Beschlagnahmung und Transfer eingefrorener russischer Verm\u00f6genswerte: Angesichts der dramatischen Lage m\u00fcssen die in Europa gelagerten Gelder der Ukraine zur St\u00e4rkung ihrer Verteidigungsf\u00e4higkeit und deren Wiederaufbau \u00fcbergeben werden.<\/li>\n\n\n\n<li>Unterst\u00fctzung des NATO-Beitritts der Ukraine: Deutschland hat einen NATO-Beitritt der Ukraine bisher aktiv blockiert. Dabei stellt die NATO die wohl effektivste und langfristig kosteng\u00fcnstigste Sicherheitsgarantie f\u00fcr die Ukraine dar, die auch einen nachhaltigen Frieden auf dem europ\u00e4ischen Kontinent garantieren k\u00f6nnte. Deutschland sollte sich f\u00fcr den NATO-Beitritt der Ukraine engagieren und konkrete Schritte f\u00fcr eine k\u00fcnftige Mitgliedschaft einleiten.<\/li>\n\n\n\n<li>Nachhaltige Unterst\u00fctzung f\u00fcr eine EU-Mitgliedschaft der Ukraine: Deutschland muss die Ukraine auf ihrem Weg in die EU umfassend unterst\u00fctzen und \u00fcberzeugend f\u00fcr ihre Mitgliedschaft eintreten. Der Fokus sollte auf der Unterst\u00fctzung der Umsetzung von Reformen und der Angleichung an europ\u00e4ische Standards liegen.<\/li>\n\n\n\n<li>F\u00f6rderung der ukrainischen Zivilgesellschaft: Priorit\u00e4t der deutschen Ukraine-Hilfen muss weiterhin die F\u00f6rderung der selbstbewussten ukrainischen Zivilgesellschaft sein. Mit dem m\u00f6glichen Wegfall von USAID f\u00e4llt der gr\u00f6\u00dfte nicht-milit\u00e4rische Unterst\u00fctzer der Ukraine weg. Die vorhandenen deutschen F\u00f6rderinstrumente der Ministerien m\u00fcssen dementsprechend \u00fcberarbeitet und erheblich ausgebaut werden.<\/li>\n\n\n\n<li>Mehr Unterst\u00fctzung f\u00fcr ukrainische Schutzsuchende in Deutschland: Wir begr\u00fc\u00dfen sehr, dass Deutschland gemeinsam mit der Ukraine Unity-Hubs in Deutschland er\u00f6ffnen wird. Dabei sollen Ma\u00dfnahmen zur Integration, zur Arbeitsmarktteilhabe und zu langfristigen Bleibeperspektiven verbessert sowie auch R\u00fcckkehrm\u00f6glichkeiten unterst\u00fctzt werden.<\/li>\n\n\n\n<li>Strafrechtliche Verfolgung und Verurteilung der begangenen Kriegsverbrechen gegen die Ukraine: 156.712 dokumentierte Kriegsverbrechen hat Russland seit dem 24. Februar 2022 bis heute gegen die Ukraine begangen. Gerechtigkeit f\u00fcr diese Verbrechen ist eine zentrale Voraussetzung, um den Kreislauf des unbestraften russischen Terrors zu durchbrechen und aufzuarbeiten.<\/li>\n<\/ul>\n\n\n\n<p class=\"wp-block-paragraph\">Statements der DUG-Pr\u00e4sidentinnen Ljudmyla Melnyk und Franziska Davies:<\/p>\n\n\n\n<blockquote class=\"wp-block-quote is-layout-flow wp-block-quote-is-layout-flow\">\n<p class=\"wp-block-paragraph\">\u201eUnsere europ\u00e4ische Demokratie wird angegriffen. Wir k\u00f6nnen die Verteidigung unserer europ\u00e4ischen Werte nicht auslagern oder nur der Ukraine \u00fcberlassen \u2013 es ist unsere Aufgabe, f\u00fcr den Frieden auf unserem Kontinent zu sorgen. Wer, wenn nicht wir?\u201c <\/p>\n<\/blockquote>\n\n\n\n<p class=\"wp-block-paragraph\">Franziska Davies: <\/p>\n\n\n\n<blockquote class=\"wp-block-quote is-layout-flow wp-block-quote-is-layout-flow\">\n<p class=\"wp-block-paragraph\">\u201eWenn Russland gemeinsam mit Trump-Amerika das Prinzip durchsetzt, dass Gro\u00dfm\u00e4chte auf Kosten kleinerer Staaten ihre Interessen r\u00fccksichtslos verfolgen, steht die internationale Friedensordnung auf dem Spiel. Das w\u00fcrde bedeuten, dass das Recht des St\u00e4rkeren wieder Grenzen verschieben darf \u2013 eine gef\u00e4hrliche Entwicklung f\u00fcr ganz Europa.\u201c <\/p>\n<\/blockquote>\n<br\/><br\/><div class=\"geolocation-plain\" id=\"geolocation14688\">Posted from K\u00f6ln, Altstadt-Nord, Deutschland.<\/div>","protected":false},"excerpt":{"rendered":"<p>Berlin, 21. Februar 2025 \u2013 Zwei Tage vor den Bundestagswahlen und drei Tage vor dem dritten Jahrestag der russischen Vollinvasion der Ukraine steht Europa an einem sicherheitspolitischen Wendepunkt. Die US-Administration [&hellip;]<\/p>\n","protected":false},"author":1,"featured_media":14667,"comment_status":"open","ping_status":"open","sticky":false,"template":"","format":"standard","meta":{"_crdt_document":"","advanced_seo_description":"","jetpack_seo_html_title":"","jetpack_seo_noindex":false,"_EventAllDay":false,"_EventTimezone":"","_EventStartDate":"","_EventEndDate":"","_EventStartDateUTC":"","_EventEndDateUTC":"","_EventShowMap":false,"_EventShowMapLink":false,"_EventURL":"","_EventCost":"","_EventCostDescription":"","_EventCurrencySymbol":"","_EventCurrencyCode":"","_EventCurrencyPosition":"","_EventDateTimeSeparator":"","_EventTimeRangeSeparator":"","_EventOrganizerID":[],"_EventVenueID":[],"_OrganizerEmail":"","_OrganizerPhone":"","_OrganizerWebsite":"","_VenueAddress":"","_VenueCity":"","_VenueCountry":"","_VenueProvince":"","_VenueState":"","_VenueZip":"","_VenuePhone":"","_VenueURL":"","_VenueStateProvince":"","_VenueLat":"","_VenueLng":"","_VenueShowMap":false,"_VenueShowMapLink":false,"jetpack_post_was_ever_published":false,"_jetpack_newsletter_access":"","_jetpack_dont_email_post_to_subs":false,"_jetpack_newsletter_tier_id":0,"_jetpack_memberships_contains_paywalled_content":false,"_jetpack_memberships_contains_paid_content":false,"footnotes":""},"categories":[693],"tags":[1107,315,25,32],"class_list":["post-14688","post","type-post","status-publish","format-standard","has-post-thumbnail","hentry","category-politik","tag-bundestagswahl","tag-politik","tag-ukraine","tag-wahl"],"jetpack_featured_media_url":"https:\/\/i0.wp.com\/ralupo.me\/wp-content\/uploads\/2025\/02\/IMG_9460-scaled.jpeg?fit=2560%2C1920&ssl=1","jetpack_sharing_enabled":true,"jetpack-related-posts":[{"id":14596,"url":"https:\/\/ralupo.me\/en\/archive\/14596","url_meta":{"origin":14688,"position":0},"title":"Bundestagskandidaten sprechen in Stuttgart \u00fcber Ukraine-Hilfe","author":"Lupo","date":"26. January 2025","format":false,"excerpt":"[:de] Die Initiative \"Ukraine-Demo in Stuttgart\" hatte am Samstag Mittag die Bundestagskandidaten der demokratischen Parteien zu ihrer Kundgebung auf den Stuttgarter Schlossplatz eingeladen, damit sie die Programme ihrer Parteien f\u00fcr die kommende Bundestagswahl vorstellen. Einhellig wurde von allen die Notwendigkeit betont, der Ukraine in ihrem Verteidigungskampf zu helfen. Mehrere hundert\u2026","rel":"","context":"In &quot;Politik&quot;","block_context":{"text":"Politik","link":"https:\/\/ralupo.me\/en\/archive\/category\/politik"},"img":{"alt_text":"","src":"https:\/\/i0.wp.com\/ralupo.me\/wp-content\/uploads\/2025\/01\/IMG_8836_jpg-scaled.jpeg?fit=1200%2C900&ssl=1&resize=350%2C200","width":350,"height":200,"srcset":"https:\/\/i0.wp.com\/ralupo.me\/wp-content\/uploads\/2025\/01\/IMG_8836_jpg-scaled.jpeg?fit=1200%2C900&ssl=1&resize=350%2C200 1x, https:\/\/i0.wp.com\/ralupo.me\/wp-content\/uploads\/2025\/01\/IMG_8836_jpg-scaled.jpeg?fit=1200%2C900&ssl=1&resize=525%2C300 1.5x, https:\/\/i0.wp.com\/ralupo.me\/wp-content\/uploads\/2025\/01\/IMG_8836_jpg-scaled.jpeg?fit=1200%2C900&ssl=1&resize=700%2C400 2x, https:\/\/i0.wp.com\/ralupo.me\/wp-content\/uploads\/2025\/01\/IMG_8836_jpg-scaled.jpeg?fit=1200%2C900&ssl=1&resize=1050%2C600 3x"},"classes":[]},{"id":14452,"url":"https:\/\/ralupo.me\/en\/archive\/14452","url_meta":{"origin":14688,"position":1},"title":"Russische Soldaten als Opfer des russischen Imperialismus? Eine Wutmeldung","author":"Lupo","date":"16. October 2024","format":false,"excerpt":"[:de] Am 24. Februar 2022 hat Russland die Ukraine gro\u00dffl\u00e4chig angegriffen und den seit 2014 k\u00f6chelnden Krieg im Donbas auf das ganze Land ausgedehnt. Kurz darauf hat Bundeskanzler Olaf Scholz eine Zeitenwende ausgerufen. Wenn der Bundeskanzler im Bundestag heute, bald 1000 Tage nach dem 24. Februar 2022 meint, die get\u00f6teten\u2026","rel":"","context":"In &quot;Politik&quot;","block_context":{"text":"Politik","link":"https:\/\/ralupo.me\/en\/archive\/category\/politik"},"img":{"alt_text":"","src":"https:\/\/i0.wp.com\/ralupo.me\/wp-content\/uploads\/2024\/03\/IMG_0634_jpg-scaled.jpeg?fit=1200%2C900&ssl=1&resize=350%2C200","width":350,"height":200,"srcset":"https:\/\/i0.wp.com\/ralupo.me\/wp-content\/uploads\/2024\/03\/IMG_0634_jpg-scaled.jpeg?fit=1200%2C900&ssl=1&resize=350%2C200 1x, https:\/\/i0.wp.com\/ralupo.me\/wp-content\/uploads\/2024\/03\/IMG_0634_jpg-scaled.jpeg?fit=1200%2C900&ssl=1&resize=525%2C300 1.5x, https:\/\/i0.wp.com\/ralupo.me\/wp-content\/uploads\/2024\/03\/IMG_0634_jpg-scaled.jpeg?fit=1200%2C900&ssl=1&resize=700%2C400 2x, https:\/\/i0.wp.com\/ralupo.me\/wp-content\/uploads\/2024\/03\/IMG_0634_jpg-scaled.jpeg?fit=1200%2C900&ssl=1&resize=1050%2C600 3x"},"classes":[]},{"id":13812,"url":"https:\/\/ralupo.me\/en\/archive\/13812","url_meta":{"origin":14688,"position":2},"title":"Aufgelesen: Lupos Lesewoche #9","author":"Lupo","date":"17. March 2024","format":false,"excerpt":"[:de] Die Woche der intellektuellen Konkursanmeldungen \u2022 Die vergangene Woche war offenbar die Woche der intellektuellen Konkursanmeldungen. Den Aufschlag hat seine Heiligkeit Papst Franziskus gemacht, in dem er in einem Interview der Ukraine geraten hat, die wei\u00dfe Fahne zu hissen und sich zu ergeben. War dann aber offenbar doch nicht\u2026","rel":"","context":"In &quot;Aufgelesen&quot;","block_context":{"text":"Aufgelesen","link":"https:\/\/ralupo.me\/en\/archive\/category\/aufgelesen"},"img":{"alt_text":"","src":"https:\/\/i0.wp.com\/ralupo.me\/wp-content\/uploads\/2024\/02\/IMG_9868-scaled.jpeg?fit=1200%2C900&ssl=1&resize=350%2C200","width":350,"height":200,"srcset":"https:\/\/i0.wp.com\/ralupo.me\/wp-content\/uploads\/2024\/02\/IMG_9868-scaled.jpeg?fit=1200%2C900&ssl=1&resize=350%2C200 1x, https:\/\/i0.wp.com\/ralupo.me\/wp-content\/uploads\/2024\/02\/IMG_9868-scaled.jpeg?fit=1200%2C900&ssl=1&resize=525%2C300 1.5x, https:\/\/i0.wp.com\/ralupo.me\/wp-content\/uploads\/2024\/02\/IMG_9868-scaled.jpeg?fit=1200%2C900&ssl=1&resize=700%2C400 2x, https:\/\/i0.wp.com\/ralupo.me\/wp-content\/uploads\/2024\/02\/IMG_9868-scaled.jpeg?fit=1200%2C900&ssl=1&resize=1050%2C600 3x"},"classes":[]},{"id":3238,"url":"https:\/\/ralupo.me\/en\/archive\/3238","url_meta":{"origin":14688,"position":3},"title":"Jusos f\u00fcr Absage an Nordstream 2","author":"Lupo","date":"6. February 2022","format":false,"excerpt":"Offenbar kommt bei der SPD etwas in Gang: Nachdem der neue SPD-Chef Klingbeil die SPD-Spitze zur Klausur geladen hat, um \u00fcber die Russland-Politik der Partei zu beraten, kommen nun auch ungewohnte T\u00f6ne aus der Jugendorganisation: Die Juso-Vorsitzende Jessica Rosenthal fordert in einem Interview mit der TAZ, das am Montag erscheint,\u2026","rel":"","context":"In &quot;Eastbound&quot;","block_context":{"text":"Eastbound","link":"https:\/\/ralupo.me\/en\/archive\/category\/eastbound"},"img":{"alt_text":"","src":"https:\/\/i0.wp.com\/ralupo.me\/wp-content\/uploads\/2022\/01\/img_5873-scaled.jpg?fit=1200%2C900&ssl=1&resize=350%2C200","width":350,"height":200,"srcset":"https:\/\/i0.wp.com\/ralupo.me\/wp-content\/uploads\/2022\/01\/img_5873-scaled.jpg?fit=1200%2C900&ssl=1&resize=350%2C200 1x, https:\/\/i0.wp.com\/ralupo.me\/wp-content\/uploads\/2022\/01\/img_5873-scaled.jpg?fit=1200%2C900&ssl=1&resize=525%2C300 1.5x, https:\/\/i0.wp.com\/ralupo.me\/wp-content\/uploads\/2022\/01\/img_5873-scaled.jpg?fit=1200%2C900&ssl=1&resize=700%2C400 2x, https:\/\/i0.wp.com\/ralupo.me\/wp-content\/uploads\/2022\/01\/img_5873-scaled.jpg?fit=1200%2C900&ssl=1&resize=1050%2C600 3x"},"classes":[]},{"id":10160,"url":"https:\/\/ralupo.me\/en\/archive\/10160","url_meta":{"origin":14688,"position":4},"title":"Presseank\u00fcndigung: Zerschossener ukrainischer Rettungswagen vor dem Bundestag in Berlin","author":"Lupo","date":"21. June 2023","format":false,"excerpt":"[:de]Am Mittwoch, dem 5.7.2023 besichtigt die Pr\u00e4sidentin des Deutschen Bundestages, B\u00e4rbel Bas MdB, einen von russischen Truppen zerschossenen ukrainischen Rettungswagen. Zu der Aktion haben sich auch zahlreiche Mitglieder des Deutschen Bundestags, darunter Michael Roth (SPD) und Florian Hahn (CSU) angek\u00fcndigt, die diese Aktion unterst\u00fctzen.[:]","rel":"","context":"In &quot;Europa&quot;","block_context":{"text":"Europa","link":"https:\/\/ralupo.me\/en\/archive\/category\/europa"},"img":{"alt_text":"","src":"https:\/\/i0.wp.com\/ralupo.me\/wp-content\/uploads\/2023\/05\/IMG_7861-scaled.jpeg?fit=1200%2C900&ssl=1&resize=350%2C200","width":350,"height":200,"srcset":"https:\/\/i0.wp.com\/ralupo.me\/wp-content\/uploads\/2023\/05\/IMG_7861-scaled.jpeg?fit=1200%2C900&ssl=1&resize=350%2C200 1x, https:\/\/i0.wp.com\/ralupo.me\/wp-content\/uploads\/2023\/05\/IMG_7861-scaled.jpeg?fit=1200%2C900&ssl=1&resize=525%2C300 1.5x, https:\/\/i0.wp.com\/ralupo.me\/wp-content\/uploads\/2023\/05\/IMG_7861-scaled.jpeg?fit=1200%2C900&ssl=1&resize=700%2C400 2x, https:\/\/i0.wp.com\/ralupo.me\/wp-content\/uploads\/2023\/05\/IMG_7861-scaled.jpeg?fit=1200%2C900&ssl=1&resize=1050%2C600 3x"},"classes":[]},{"id":14563,"url":"https:\/\/ralupo.me\/en\/archive\/14563","url_meta":{"origin":14688,"position":5},"title":"Aufgelesen: Lupos Leseliste #19","author":"Lupo","date":"29. December 2024","format":false,"excerpt":"[:de] Endlich mal wieder Zeit f\u00fcr einen Medienr\u00fcckblick. Es war ja auch einiges los, in den vergangenen Tagen. In Kasachstan ist ein Flugzeug abgest\u00fcrzt, das eigentlich auf dem Weg von Baku nach Grosny war. Dabei wurde das Flugzeug mutma\u00dflich von russischen Flugabwehrgesch\u00fctzen getroffen und mu\u00dfte notlanden. Doch die Notlandung auf\u2026","rel":"","context":"In &quot;Aufgelesen&quot;","block_context":{"text":"Aufgelesen","link":"https:\/\/ralupo.me\/en\/archive\/category\/aufgelesen"},"img":{"alt_text":"","src":"https:\/\/i0.wp.com\/ralupo.me\/wp-content\/uploads\/2024\/12\/IMG_7809_jpg-scaled.jpeg?fit=1200%2C900&ssl=1&resize=350%2C200","width":350,"height":200,"srcset":"https:\/\/i0.wp.com\/ralupo.me\/wp-content\/uploads\/2024\/12\/IMG_7809_jpg-scaled.jpeg?fit=1200%2C900&ssl=1&resize=350%2C200 1x, https:\/\/i0.wp.com\/ralupo.me\/wp-content\/uploads\/2024\/12\/IMG_7809_jpg-scaled.jpeg?fit=1200%2C900&ssl=1&resize=525%2C300 1.5x, https:\/\/i0.wp.com\/ralupo.me\/wp-content\/uploads\/2024\/12\/IMG_7809_jpg-scaled.jpeg?fit=1200%2C900&ssl=1&resize=700%2C400 2x, https:\/\/i0.wp.com\/ralupo.me\/wp-content\/uploads\/2024\/12\/IMG_7809_jpg-scaled.jpeg?fit=1200%2C900&ssl=1&resize=1050%2C600 3x"},"classes":[]}],"jetpack_shortlink":"https:\/\/wp.me\/pcanHs-3OU","_links":{"self":[{"href":"https:\/\/ralupo.me\/en\/wp-json\/wp\/v2\/posts\/14688","targetHints":{"allow":["GET"]}}],"collection":[{"href":"https:\/\/ralupo.me\/en\/wp-json\/wp\/v2\/posts"}],"about":[{"href":"https:\/\/ralupo.me\/en\/wp-json\/wp\/v2\/types\/post"}],"author":[{"embeddable":true,"href":"https:\/\/ralupo.me\/en\/wp-json\/wp\/v2\/users\/1"}],"replies":[{"embeddable":true,"href":"https:\/\/ralupo.me\/en\/wp-json\/wp\/v2\/comments?post=14688"}],"version-history":[{"count":1,"href":"https:\/\/ralupo.me\/en\/wp-json\/wp\/v2\/posts\/14688\/revisions"}],"predecessor-version":[{"id":14689,"href":"https:\/\/ralupo.me\/en\/wp-json\/wp\/v2\/posts\/14688\/revisions\/14689"}],"wp:featuredmedia":[{"embeddable":true,"href":"https:\/\/ralupo.me\/en\/wp-json\/wp\/v2\/media\/14667"}],"wp:attachment":[{"href":"https:\/\/ralupo.me\/en\/wp-json\/wp\/v2\/media?parent=14688"}],"wp:term":[{"taxonomy":"category","embeddable":true,"href":"https:\/\/ralupo.me\/en\/wp-json\/wp\/v2\/categories?post=14688"},{"taxonomy":"post_tag","embeddable":true,"href":"https:\/\/ralupo.me\/en\/wp-json\/wp\/v2\/tags?post=14688"}],"curies":[{"name":"wp","href":"https:\/\/api.w.org\/{rel}","templated":true}]}}