{"id":14458,"date":"2024-10-21T15:46:54","date_gmt":"2024-10-21T13:46:54","guid":{"rendered":"https:\/\/ralupo.me\/?p=14458"},"modified":"2024-10-21T16:50:37","modified_gmt":"2024-10-21T14:50:37","slug":"osce-zum-ausgang-von-praesidentenwahl-und-verfa","status":"publish","type":"post","link":"https:\/\/ralupo.me\/en\/archive\/14458","title":{"rendered":"OSCE zum Ausgang von Pr\u00e4sidentenwahl und Referendum in Moldau"},"content":{"rendered":"<span class=\"span-reading-time rt-reading-time\" style=\"display: block;\"><span class=\"rt-label rt-prefix\">Lesedauer<\/span> <span class=\"rt-time\"> 2<\/span> <span class=\"rt-label rt-postfix\">Minuten<\/span><\/span>\n<p class=\"wp-block-paragraph\">Die Organisation f\u00fcr Sicherheit und Zusammenarbeit in Europa (OSCE) hat den Ausgang der Pr\u00e4sidentenwahl und des Verfassungsreferendum in Moldau als &#8220;gut geleitet&#8221; bezeichnet und festgestellt, dass die Kandidaten als frei in ihrem Wahlkampf agieren konnten. Gleichwohl betonte die OSCE Bedenken, wonach ausl\u00e4ndische Einmischung und aktive Desinformationskampagnen die Integrit\u00e4t des Prozesse beeintr\u00e4chtigen konnten.<\/p>\n\n\n<div class=\"vlp-link-container vlp-template-default wp-block-visual-link-preview-link\">\n\t<a href=\"https:\/\/ralupo.me\/archive\/14266\" class=\"vlp-link\" title=\"Russlands hybrider Krieg um Moldau\" rel=\"nofollow\" target=\"_blank\"><\/a>\t\t<div class=\"vlp-link-image-container\">\n\t\t<div class=\"vlp-link-image\">\n\t\t\t<img decoding=\"async\" src=\"https:\/\/i0.wp.com\/ralupo.me\/wp-content\/uploads\/2023\/12\/IMG_7513-scaled.jpeg?fit=1200%2C900&amp;ssl=1\" style=\"max-width: 150px; max-height: 150px\" \/>\t\t<\/div>\n\t<\/div>\n\t\t<div class=\"vlp-link-text-container\">\n\t\t\t\t<div class=\"vlp-link-title\">\n\t\t\tRusslands hybrider Krieg um Moldau\t\t<\/div>\n\t\t\t\t\t\t<div class=\"vlp-link-summary\">\n\t\t\tF\u00fcr den 20. Oktober 2024 stehen in der Republik Moldau Pr\u00e4sidentschaftswahlen an, die amtierende Pr\u00e4sidentin Maia Sandu tritt zur Wiederwahl an. Gleichzeitig hat die pro-europ\u00e4ische Pr\u00e4sidentin auc\u2026\t\t<\/div>\n\t\t\t<\/div>\n<\/div>\n\n\n\n<p class=\"wp-block-paragraph\">Die Wahlleitung, so die OSCE, habe professionell gearbeitet und bei ihren Entscheidungen Unparteilichkeit bewiesen. In einem kompetitiven, aber nur wenig sichtbaren Wahlkampf wurde den W\u00e4hlern eine Vielzahl politischer Alternativen unter den Pr\u00e4sidentschaftskandidaten angeboten, die in einem umfassenden Verfahren registriert wurden. Die Art und Weise, in der der Wahlkampf f\u00fcr die Pr\u00e4sidentschaftswahlen und das Referendum gleichzeitig gef\u00fchrt wurden, sowie die Medienberichterstattung, die den Amtsinhaber und die Regierung beg\u00fcnstigte, sorgten jedoch nicht f\u00fcr vollst\u00e4ndige Chancengleichheit, bem\u00e4ngelte die OSCE in einer Stellungnahme.<\/p>\n\n\n<div class=\"vlp-link-container vlp-template-default wp-block-visual-link-preview-link\">\n\t<a href=\"https:\/\/www.osce.org\/odihr\/elections\/578845\" class=\"vlp-link\" title=\"Moldova\u2019s election and referendum well-managed and competitive, despite serious attempts to undermine its integrity, international observers say\" rel=\"nofollow\" target=\"_blank\"><\/a>\t\t<div class=\"vlp-link-image-container\">\n\t\t<div class=\"vlp-link-image\">\n\t\t\t<img data-recalc-dims=\"1\" decoding=\"async\" src=\"https:\/\/i0.wp.com\/www.osce.org\/files\/imagecache\/10_large_gallery\/f\/images\/hires\/3\/9\/578830.png?ssl=1\" style=\"max-width: 150px; max-height: 150px\" \/>\t\t<\/div>\n\t<\/div>\n\t\t<div class=\"vlp-link-text-container\">\n\t\t\t\t<div class=\"vlp-link-title\">\n\t\t\tMoldova\u2019s election and referendum well-managed and competitive, despite serious attempts to undermine its integrity, international observers say\t\t<\/div>\n\t\t\t\t\t\t<div class=\"vlp-link-summary\">\n\t\t\tCHISINAU, 21 October 2024 \u2013 Moldova\u2019s 20 October presidential election and constitutional referendum were well-managed, and contestants campaigned freely in an environment characterized by concerns over illicit foreign interference and active disinformation efforts.\t\t<\/div>\n\t\t\t<\/div>\n<\/div>\n\n\n\n<p class=\"wp-block-paragraph\">Obwohl Moldau Fortschritte bei Reformen gemacht hat, um das Vertrauen in das Wahlsystem zu st\u00e4rken, wurden einige Probleme festgestellt, wie etwa ungleiche Wettbewerbsbedingungen und unzureichende rechtliche Rahmenbedingungen f\u00fcr das Referendum. Der Wahltag selbst verlief ruhig und wurde positiv bewertet, jedoch gab es einige verfahrenstechnische Probleme.<\/p>\n\n\n\n<figure class=\"wp-block-embed is-type-rich is-provider-twitter wp-block-embed-twitter\"><div class=\"wp-block-embed__wrapper\">\n<blockquote class=\"twitter-tweet\" data-width=\"500\" data-dnt=\"true\"><p lang=\"en\" dir=\"ltr\">This woman voted in Moldova\u2019s election on Sunday, then asked a surprised election monitor where she gets paid. So I decided to ask what she\u2019d been promised\u2026<br><br>The authorities believe Russia has been channeling-in money to buy votes: that Moscow has not \u2018let go\u2019 of <a href=\"https:\/\/twitter.com\/hashtag\/Moldova?src=hash&amp;ref_src=twsrc%5Etfw\">#Moldova<\/a> <a href=\"https:\/\/t.co\/7bsDO3grwz\">pic.twitter.com\/7bsDO3grwz<\/a><\/p>&mdash; Sarah Rainsford (@sarahrainsford) <a href=\"https:\/\/twitter.com\/sarahrainsford\/status\/1848306963647451616?ref_src=twsrc%5Etfw\">October 21, 2024<\/a><\/blockquote><script async src=\"https:\/\/platform.twitter.com\/widgets.js\" charset=\"utf-8\"><\/script>\n<\/div><\/figure>\n\n\n\n<p class=\"wp-block-paragraph\">Die pro-europ\u00e4ische amtierende Pr\u00e4sidentin Sandu erhielt im ersten Wahlgang mit 42 % der Stimmen und wird sich einer Stichwahl mit dem zweitplatzierten pro-russischen Kandidaten Stoianoglo stellen.<\/p>\n\n\n<div class=\"vlp-link-container vlp-template-default wp-block-visual-link-preview-link\">\n\t<a href=\"https:\/\/ralupo.me\/archive\/12798\" class=\"vlp-link\" title=\"Moldaus Pr\u00e4sidentin will Referendum \u00fcber EU-Beitritt\" rel=\"nofollow\" target=\"_blank\"><\/a>\t\t<div class=\"vlp-link-image-container\">\n\t\t<div class=\"vlp-link-image\">\n\t\t\t<img decoding=\"async\" src=\"https:\/\/i0.wp.com\/ralupo.me\/wp-content\/uploads\/2020\/08\/img_7850-scaled.jpg?fit=1200%2C900&amp;ssl=1\" style=\"max-width: 150px; max-height: 150px\" \/>\t\t<\/div>\n\t<\/div>\n\t\t<div class=\"vlp-link-text-container\">\n\t\t\t\t<div class=\"vlp-link-title\">\n\t\t\tMoldaus Pr\u00e4sidentin will Referendum \u00fcber EU-Beitritt\t\t<\/div>\n\t\t\t\t\t\t<div class=\"vlp-link-summary\">\n\t\t\tDie moldauische Pr\u00e4sidentin Maia Sandu hat an Weihnachten in einer Ansprache angek\u00fcndigt, f\u00fcr eine weitere Amtszeit zu kandidieren. Ferner will sie das moldauische Parlament zu bitten, ein Referend\u2026\t\t<\/div>\n\t\t\t<\/div>\n<\/div>\n\n\n\n<p class=\"wp-block-paragraph\">Das gleichzeitige <a href=\"https:\/\/ralupo.me\/archive\/12798\">Referendum, ob der EU-Beitritt Moldaus in die Verfassung aufgenommen werden sollte<\/a>, erzielte \u00fcberraschend nur eine \u00e4u\u00dfert knappe Mehrheit. Zeitweise war von einer Ablehnung ausgegangen worden. Staatschefin Maia Sandu hatte einen &#8220;beispiellosen Angriff auf die Freiheit und Demokratie in unserem Land&#8221; daf\u00fcr verantwortlich gemacht.<\/p>\n\n\n\n<p class=\"wp-block-paragraph\"><a href=\"https:\/\/www.osce.org\/odihr\/elections\/578845\">Zur Pressemeldung der OSCE<\/a><\/p>\n\n\n\n<p class=\"wp-block-paragraph\"><\/p>\n<br\/><br\/><div class=\"geolocation-plain\" id=\"geolocation14458\">Posted from Frankfurt am Main, Altstadt, Deutschland.<\/div>","protected":false},"excerpt":{"rendered":"<p>Die Organisation f\u00fcr Sicherheit und Zusammenarbeit in Europa (OSCE) hat den Ausgang der Pr\u00e4sidentenwahl und des Verfassungsreferendum in Moldau als &#8220;gut geleitet&#8221; bezeichnet und festgestellt, dass die Kandidaten als frei [&hellip;]<\/p>\n","protected":false},"author":1,"featured_media":13034,"comment_status":"open","ping_status":"open","sticky":false,"template":"","format":"standard","meta":{"_crdt_document":"","advanced_seo_description":"","jetpack_seo_html_title":"","jetpack_seo_noindex":false,"_EventAllDay":false,"_EventTimezone":"","_EventStartDate":"","_EventEndDate":"","_EventStartDateUTC":"","_EventEndDateUTC":"","_EventShowMap":false,"_EventShowMapLink":false,"_EventURL":"","_EventCost":"","_EventCostDescription":"","_EventCurrencySymbol":"","_EventCurrencyCode":"","_EventCurrencyPosition":"","_EventDateTimeSeparator":"","_EventTimeRangeSeparator":"","_EventOrganizerID":[],"_EventVenueID":[],"_OrganizerEmail":"","_OrganizerPhone":"","_OrganizerWebsite":"","_VenueAddress":"","_VenueCity":"","_VenueCountry":"","_VenueProvince":"","_VenueState":"","_VenueZip":"","_VenuePhone":"","_VenueURL":"","_VenueStateProvince":"","_VenueLat":"","_VenueLng":"","_VenueShowMap":false,"_VenueShowMapLink":false,"jetpack_post_was_ever_published":false,"_jetpack_newsletter_access":"","_jetpack_dont_email_post_to_subs":false,"_jetpack_newsletter_tier_id":0,"_jetpack_memberships_contains_paywalled_content":false,"_jetpack_memberships_contains_paid_content":false,"footnotes":""},"categories":[724,693],"tags":[384,580],"class_list":["post-14458","post","type-post","status-publish","format-standard","has-post-thumbnail","hentry","category-europa","category-politik","tag-eu","tag-europa"],"jetpack_featured_media_url":"https:\/\/i0.wp.com\/ralupo.me\/wp-content\/uploads\/2023\/12\/IMG_7524-2.jpeg?fit=2166%2C1625&ssl=1","jetpack_sharing_enabled":true,"jetpack-related-posts":[{"id":14266,"url":"https:\/\/ralupo.me\/en\/archive\/14266","url_meta":{"origin":14458,"position":0},"title":"Russlands hybrider Krieg um Moldau","author":"Lupo","date":"31. August 2024","format":false,"excerpt":"[:de] F\u00fcr den 20. Oktober 2024 stehen in der Republik Moldau Pr\u00e4sidentschaftswahlen an, die amtierende Pr\u00e4sidentin Maia Sandu tritt zur Wiederwahl an. Gleichzeitig hat die pro-europ\u00e4ische Pr\u00e4sidentin auch ein Referendum angesetzt: Moldaus Weg in die Europ\u00e4ische Union soll Verfassungsrang bekommen. Das Land hat zusammen mit der Ukraine Beitrittsgespr\u00e4che begonnen. In\u2026","rel":"","context":"In &quot;Europa&quot;","block_context":{"text":"Europa","link":"https:\/\/ralupo.me\/en\/archive\/category\/europa"},"img":{"alt_text":"","src":"https:\/\/i0.wp.com\/ralupo.me\/wp-content\/uploads\/2023\/12\/IMG_7513-scaled.jpeg?fit=1200%2C900&ssl=1&resize=350%2C200","width":350,"height":200,"srcset":"https:\/\/i0.wp.com\/ralupo.me\/wp-content\/uploads\/2023\/12\/IMG_7513-scaled.jpeg?fit=1200%2C900&ssl=1&resize=350%2C200 1x, https:\/\/i0.wp.com\/ralupo.me\/wp-content\/uploads\/2023\/12\/IMG_7513-scaled.jpeg?fit=1200%2C900&ssl=1&resize=525%2C300 1.5x, https:\/\/i0.wp.com\/ralupo.me\/wp-content\/uploads\/2023\/12\/IMG_7513-scaled.jpeg?fit=1200%2C900&ssl=1&resize=700%2C400 2x, https:\/\/i0.wp.com\/ralupo.me\/wp-content\/uploads\/2023\/12\/IMG_7513-scaled.jpeg?fit=1200%2C900&ssl=1&resize=1050%2C600 3x"},"classes":[]},{"id":12798,"url":"https:\/\/ralupo.me\/en\/archive\/12798","url_meta":{"origin":14458,"position":1},"title":"Moldaus Pr\u00e4sidentin will Referendum \u00fcber EU-Beitritt","author":"Lupo","date":"26. December 2023","format":false,"excerpt":"[:de]Die moldauische Pr\u00e4sidentin Maia Sandu hat an Weihnachten in einer Ansprache angek\u00fcndigt, f\u00fcr eine weitere Amtszeit zu kandidieren. Ferner will sie das moldauische Parlament zu bitten, ein Referendum abzuhalten: Die B\u00fcrger sollen \u00fcber den Beitritt Moldaus zur Europ\u00e4ischen Union abstimmen k\u00f6nnen. Sandu ist seit drei Jahren im Amt.[:]","rel":"","context":"In &quot;Europa&quot;","block_context":{"text":"Europa","link":"https:\/\/ralupo.me\/en\/archive\/category\/europa"},"img":{"alt_text":"","src":"https:\/\/i0.wp.com\/ralupo.me\/wp-content\/uploads\/2020\/08\/img_7850-scaled.jpg?fit=1200%2C900&ssl=1&resize=350%2C200","width":350,"height":200,"srcset":"https:\/\/i0.wp.com\/ralupo.me\/wp-content\/uploads\/2020\/08\/img_7850-scaled.jpg?fit=1200%2C900&ssl=1&resize=350%2C200 1x, https:\/\/i0.wp.com\/ralupo.me\/wp-content\/uploads\/2020\/08\/img_7850-scaled.jpg?fit=1200%2C900&ssl=1&resize=525%2C300 1.5x, https:\/\/i0.wp.com\/ralupo.me\/wp-content\/uploads\/2020\/08\/img_7850-scaled.jpg?fit=1200%2C900&ssl=1&resize=700%2C400 2x, https:\/\/i0.wp.com\/ralupo.me\/wp-content\/uploads\/2020\/08\/img_7850-scaled.jpg?fit=1200%2C900&ssl=1&resize=1050%2C600 3x"},"classes":[]},{"id":15183,"url":"https:\/\/ralupo.me\/en\/archive\/15183","url_meta":{"origin":14458,"position":2},"title":"OSZE beklagt Akte &#8220;beispielloser Einmischung von au\u00dfen&#8221; bei Moldau-Wahl","author":"Lupo","date":"29. September 2025","format":false,"excerpt":"[:de] Die Parlamentswahlen in Moldau am 28. September 2025 haben nach Einsch\u00e4tzung internationaler Beobachter den B\u00fcrgerinnen und B\u00fcrgern eine echte politische Wahl geboten, litten jedoch unter beispielloser Einmischung von au\u00dfen. Vertreter der OSZE, der Parlamentarischen Versammlung des Europarats und des Europ\u00e4ischen Parlaments warnten vor illegaler Parteienfinanzierung, gezielten Cyberangriffen und gro\u00df\u2026","rel":"","context":"In &quot;Europa&quot;","block_context":{"text":"Europa","link":"https:\/\/ralupo.me\/en\/archive\/category\/europa"},"img":{"alt_text":"","src":"https:\/\/i0.wp.com\/ralupo.me\/wp-content\/uploads\/2025\/09\/Bild-scaled.png?fit=1200%2C675&ssl=1&resize=350%2C200","width":350,"height":200,"srcset":"https:\/\/i0.wp.com\/ralupo.me\/wp-content\/uploads\/2025\/09\/Bild-scaled.png?fit=1200%2C675&ssl=1&resize=350%2C200 1x, https:\/\/i0.wp.com\/ralupo.me\/wp-content\/uploads\/2025\/09\/Bild-scaled.png?fit=1200%2C675&ssl=1&resize=525%2C300 1.5x, https:\/\/i0.wp.com\/ralupo.me\/wp-content\/uploads\/2025\/09\/Bild-scaled.png?fit=1200%2C675&ssl=1&resize=700%2C400 2x, https:\/\/i0.wp.com\/ralupo.me\/wp-content\/uploads\/2025\/09\/Bild-scaled.png?fit=1200%2C675&ssl=1&resize=1050%2C600 3x"},"classes":[]},{"id":2170,"url":"https:\/\/ralupo.me\/en\/archive\/2170","url_meta":{"origin":14458,"position":3},"title":"\u201eAbwarten ist zur Mentalit\u00e4t geworden\u201c","author":"Lupo","date":"28. November 2021","format":false,"excerpt":"Eine interessante Reportage aus der Republik Moldau kommt diese Woche von SPIEGEL-Online. Das kleine Land zwischen Rum\u00e4nien und der Ukraine sorgte zuletzt mit seinem Streit mit Gazprom f\u00fcr Schlagzeilen. Das \u00e4rmste Land Europas ist hin und hergerissen zwischen Ost und West. Der abgespaltene Teil Transnistrien steht unter russischem Einfluss, aus\u2026","rel":"","context":"In &quot;Eastbound&quot;","block_context":{"text":"Eastbound","link":"https:\/\/ralupo.me\/en\/archive\/category\/eastbound"},"img":{"alt_text":"","src":"https:\/\/i0.wp.com\/ralupo.me\/wp-content\/uploads\/2020\/08\/img_7892-2-2-scaled.jpg?fit=1200%2C900&ssl=1&resize=350%2C200","width":350,"height":200,"srcset":"https:\/\/i0.wp.com\/ralupo.me\/wp-content\/uploads\/2020\/08\/img_7892-2-2-scaled.jpg?fit=1200%2C900&ssl=1&resize=350%2C200 1x, https:\/\/i0.wp.com\/ralupo.me\/wp-content\/uploads\/2020\/08\/img_7892-2-2-scaled.jpg?fit=1200%2C900&ssl=1&resize=525%2C300 1.5x, https:\/\/i0.wp.com\/ralupo.me\/wp-content\/uploads\/2020\/08\/img_7892-2-2-scaled.jpg?fit=1200%2C900&ssl=1&resize=700%2C400 2x, https:\/\/i0.wp.com\/ralupo.me\/wp-content\/uploads\/2020\/08\/img_7892-2-2-scaled.jpg?fit=1200%2C900&ssl=1&resize=1050%2C600 3x"},"classes":[]},{"id":13001,"url":"https:\/\/ralupo.me\/en\/archive\/13001","url_meta":{"origin":14458,"position":4},"title":"Silvester in Moldau","author":"Lupo","date":"31. December 2023","format":false,"excerpt":"[:de] Letztes Jahr Silvester in Tallinn, dieses Jahr ging es in die Hauptstadt der Republik Moldau: Nach Chisinau. In der Republik Moldau, die \u00fcbrigens nichts mit dem gleichnamigen Fluss zu tun hat, leben circa 2,7 Millionen Menschen. Das kleine Land in Osteuropa grenzt an Rum\u00e4nien im Westen und die Ukraine\u2026","rel":"","context":"In &quot;Eastbound&quot;","block_context":{"text":"Eastbound","link":"https:\/\/ralupo.me\/en\/archive\/category\/eastbound"},"img":{"alt_text":"","src":"https:\/\/i0.wp.com\/ralupo.me\/wp-content\/uploads\/2023\/12\/IMG_7524-2.jpeg?fit=1200%2C900&ssl=1&resize=350%2C200","width":350,"height":200,"srcset":"https:\/\/i0.wp.com\/ralupo.me\/wp-content\/uploads\/2023\/12\/IMG_7524-2.jpeg?fit=1200%2C900&ssl=1&resize=350%2C200 1x, https:\/\/i0.wp.com\/ralupo.me\/wp-content\/uploads\/2023\/12\/IMG_7524-2.jpeg?fit=1200%2C900&ssl=1&resize=525%2C300 1.5x, https:\/\/i0.wp.com\/ralupo.me\/wp-content\/uploads\/2023\/12\/IMG_7524-2.jpeg?fit=1200%2C900&ssl=1&resize=700%2C400 2x, https:\/\/i0.wp.com\/ralupo.me\/wp-content\/uploads\/2023\/12\/IMG_7524-2.jpeg?fit=1200%2C900&ssl=1&resize=1050%2C600 3x"},"classes":[]},{"id":5507,"url":"https:\/\/ralupo.me\/en\/archive\/5507","url_meta":{"origin":14458,"position":5},"title":"Scholz: Deutschland unterst\u00fctzt EU-Kandidatenstatus f\u00fcr Ukraine und Moldau","author":"Lupo","date":"16. June 2022","format":false,"excerpt":"[:de] Die Bundesregierung ist daf\u00fcr, der Ukraine und der Republik Moldau den EU-Kandidatenstatus zuzusprechen. Das hat Bundeskanzler Olaf Scholz (SPD) anl\u00e4sslich seines lange erwarteten Besuchs in Kyiv erkl\u00e4rt. Schlolz war zusammen mit Frankreichs Pr\u00e4sident Macron, Italiens Premier Draghi und Rum\u00e4niens Pr\u00e4sident Johanis zu Gespr\u00e4chen mit dem ukrainischen Pr\u00e4sidenten Selenskij nach\u2026","rel":"","context":"In &quot;Europa&quot;","block_context":{"text":"Europa","link":"https:\/\/ralupo.me\/en\/archive\/category\/europa"},"img":{"alt_text":"","src":"https:\/\/i0.wp.com\/ralupo.me\/wp-content\/uploads\/2022\/06\/F875DE9E-7676-4356-914E-145352D59EA3-scaled.jpeg?fit=1200%2C900&ssl=1&resize=350%2C200","width":350,"height":200,"srcset":"https:\/\/i0.wp.com\/ralupo.me\/wp-content\/uploads\/2022\/06\/F875DE9E-7676-4356-914E-145352D59EA3-scaled.jpeg?fit=1200%2C900&ssl=1&resize=350%2C200 1x, https:\/\/i0.wp.com\/ralupo.me\/wp-content\/uploads\/2022\/06\/F875DE9E-7676-4356-914E-145352D59EA3-scaled.jpeg?fit=1200%2C900&ssl=1&resize=525%2C300 1.5x, https:\/\/i0.wp.com\/ralupo.me\/wp-content\/uploads\/2022\/06\/F875DE9E-7676-4356-914E-145352D59EA3-scaled.jpeg?fit=1200%2C900&ssl=1&resize=700%2C400 2x, https:\/\/i0.wp.com\/ralupo.me\/wp-content\/uploads\/2022\/06\/F875DE9E-7676-4356-914E-145352D59EA3-scaled.jpeg?fit=1200%2C900&ssl=1&resize=1050%2C600 3x"},"classes":[]}],"jetpack_shortlink":"https:\/\/wp.me\/pcanHs-3Lc","_links":{"self":[{"href":"https:\/\/ralupo.me\/en\/wp-json\/wp\/v2\/posts\/14458","targetHints":{"allow":["GET"]}}],"collection":[{"href":"https:\/\/ralupo.me\/en\/wp-json\/wp\/v2\/posts"}],"about":[{"href":"https:\/\/ralupo.me\/en\/wp-json\/wp\/v2\/types\/post"}],"author":[{"embeddable":true,"href":"https:\/\/ralupo.me\/en\/wp-json\/wp\/v2\/users\/1"}],"replies":[{"embeddable":true,"href":"https:\/\/ralupo.me\/en\/wp-json\/wp\/v2\/comments?post=14458"}],"version-history":[{"count":4,"href":"https:\/\/ralupo.me\/en\/wp-json\/wp\/v2\/posts\/14458\/revisions"}],"predecessor-version":[{"id":14466,"href":"https:\/\/ralupo.me\/en\/wp-json\/wp\/v2\/posts\/14458\/revisions\/14466"}],"wp:featuredmedia":[{"embeddable":true,"href":"https:\/\/ralupo.me\/en\/wp-json\/wp\/v2\/media\/13034"}],"wp:attachment":[{"href":"https:\/\/ralupo.me\/en\/wp-json\/wp\/v2\/media?parent=14458"}],"wp:term":[{"taxonomy":"category","embeddable":true,"href":"https:\/\/ralupo.me\/en\/wp-json\/wp\/v2\/categories?post=14458"},{"taxonomy":"post_tag","embeddable":true,"href":"https:\/\/ralupo.me\/en\/wp-json\/wp\/v2\/tags?post=14458"}],"curies":[{"name":"wp","href":"https:\/\/api.w.org\/{rel}","templated":true}]}}