{"id":14452,"date":"2024-10-16T20:38:12","date_gmt":"2024-10-16T18:38:12","guid":{"rendered":"https:\/\/ralupo.me\/?p=14452"},"modified":"2024-10-16T20:49:36","modified_gmt":"2024-10-16T18:49:36","slug":"russische-soldaten-als-opfer-des-russischen-imperialismus-eine-wutmeldung","status":"publish","type":"post","link":"https:\/\/ralupo.me\/en\/archive\/14452","title":{"rendered":"Russische Soldaten als Opfer des russischen Imperialismus? Eine Wutmeldung"},"content":{"rendered":"<span class=\"span-reading-time rt-reading-time\" style=\"display: block;\"><span class=\"rt-label rt-prefix\">Lesedauer<\/span> <span class=\"rt-time\"> 2<\/span> <span class=\"rt-label rt-postfix\">Minuten<\/span><\/span>\n<p class=\"wp-block-paragraph\">Am 24. Februar 2022 hat Russland die Ukraine gro\u00dffl\u00e4chig angegriffen und den seit 2014 k\u00f6chelnden Krieg im Donbas auf das ganze Land ausgedehnt. Kurz darauf hat Bundeskanzler Olaf Scholz eine Zeitenwende ausgerufen.<\/p>\n\n\n\n<p class=\"wp-block-paragraph\">Wenn der Bundeskanzler im Bundestag heute, bald 1000 Tage nach dem 24. Februar 2022 meint, die get\u00f6teten und verwundeten russischen (!) Soldaten erw\u00e4hnen zu m\u00fcssen und von ihnen als \u201eOpfer des imperialistischen Wahns des russischen Pr\u00e4sidenten\u201c spricht, dann zeigt das erschreckend, dass dieser Kanzler nichts verstanden hat und auch nichts verstehen will.<\/p>\n\n\n\n<p class=\"wp-block-paragraph\">Zahllose Gr\u00e4ueltaten und unfassbare Kriegsverbrechen &#8211; von vielen wissen wir noch nichts, weil sie hinter russischen Linien passieren &#8211; sp\u00e4ter, die schrecklichen Bilder von ausgehungerten und k\u00f6rperlich und seelisch gebrochenen Heimkehrern aus russischer Gefangenschaft vor Augen, versucht dieser Bundeskanzler immer noch, ein l\u00e4ngst als d\u00fcmmlich-naiv widerlegte Russlandbild aufrecht zu erhalten, wonach das eigentlich friedliebende russische Volk von seinen verbrecherischen Pr\u00e4sidenten in einen eigentlich ungewollten Krieg gezwungen wird. Tats\u00e4chlich: Die M\u00e4r von \u201ePutins Krieg\u201c ist genauso falsch wie die Erz\u00e4hlung vom verbrecherischen F\u00fchrer und seinem deutschen Volk, das von allem nichts gewusst hat.<\/p>\n\n\n\n<p class=\"wp-block-paragraph\">Viele russische Soldaten in der Ukraine haben sich freiwillig durch Vertrag den Streitkr\u00e4ften angeschlossen, weil sie daf\u00fcr nach russischen Verh\u00e4ltnissen \u00fcppig entlohnt werden. Von ihnen als &#8220;Opfer&#8221; des russischen Imperialismus zu sprechen, ist kompletter Unsinn. Die Russen unterst\u00fctzen mit gro\u00dfer Mehrheit noch immer den Krieg in der Ukraine, haben ihren Pr\u00e4sidenten wieder ins Amt gew\u00e4hlt und nehmen die Dinge bestenfalls hin, wenn sie nicht sogar den russischen Imperialismus ausdr\u00fccklich bef\u00fcrworten.<\/p>\n\n\n\n<p class=\"wp-block-paragraph\">Der ukrainische Essayist und Schriftsteller Juri Andruchowytsch hat es in einem <a href=\"https:\/\/ralupo.me\/archive\/14206\">Beitrag in der FAZ auf den Punkt gebracht:<\/a><\/p>\n\n\n\n<blockquote class=\"wp-block-quote is-layout-flow wp-block-quote-is-layout-flow\">\n<p class=\"wp-block-paragraph\">Putin f\u00fchrt es nur aus. Sein Volk bestellt \u2013 und er f\u00fchrt aus. Man hat ihn erwartet und gewollt, gew\u00e4hlt und wiedergew\u00e4hlt. Erst vor Kurzem wieder wiedergew\u00e4hlt. Und wird ihn ewig w\u00e4hlen. Es gibt in Russland eine unver\u00e4nderliche Nachfrage nach ihm, denn er ist ein eifriger, hingebungsvoller, erbitterter und \u2013 was besonders gesch\u00e4tzt wird \u2013 besessener Exekutor.<\/p>\n<\/blockquote>\n\n\n\n<p class=\"wp-block-paragraph\">Scholz M\u00e4rchen von \u201ePutins Krieg\u201c ist l\u00e4ngst eindrucksvoll widerlegt. Wenn der Kanzler es nach 1000 Tagen Krieg immer noch erz\u00e4hlt, dann muss man ihm dazu das Schlimmste unterstellen. Es wird bereits an der Startrampe gearbeitet um dort weiterzumachen, wo man am 23. Februar gezwungenerma\u00dfen aufh\u00f6ren mu\u00dfte, weil diese Bilder von Tod und Elend in der Ukraine \u00fcber die Bildschirme schwappte und das Business st\u00f6rte, weil sich diese st\u00f6rrischen Ukrainer weigerten, sich klaglos befreien zu lassen.<\/p>\n\n\n<div class=\"vlp-link-container vlp-template-default wp-block-visual-link-preview-link\">\n\t<a href=\"https:\/\/ralupo.me\/archive\/14206\" class=\"vlp-link\" title=\"\u201cPutin f\u00fchrt es nur aus. Sein Volk bestellt\u201d\" rel=\"nofollow\" target=\"_blank\"><\/a>\t\t<div class=\"vlp-link-image-container\">\n\t\t<div class=\"vlp-link-image\">\n\t\t\t<img decoding=\"async\" src=\"https:\/\/i0.wp.com\/ralupo.me\/wp-content\/uploads\/2022\/10\/A5830E09-7DCC-4931-AA2A-2CDB723AB89B.jpeg?fit=997%2C748&amp;ssl=1\" style=\"max-width: 150px; max-height: 150px\" \/>\t\t<\/div>\n\t<\/div>\n\t\t<div class=\"vlp-link-text-container\">\n\t\t\t\t<div class=\"vlp-link-title\">\n\t\t\t\u201cPutin f\u00fchrt es nur aus. Sein Volk bestellt\u201d\t\t<\/div>\n\t\t\t\t\t\t<div class=\"vlp-link-summary\">\n\t\t\tEinen Tag nach der \u00fcberraschenden Freilassung im Rahmen des Geiselaustausches gaben die russische Oppositionelle Vladimir Kara-Mursa, Andrei Piwowarow und Ilja Jaschin eine Pressekonferenz in den R\u2026\t\t<\/div>\n\t\t\t<\/div>\n<\/div>\n\n\n\n<p class=\"wp-block-paragraph\">Die \u201eOpfer des russischen Imperialismus\u201c? Das sind die Ukrainer. Und die Georgier. Und die Menschen in Moldau. Die russischen Soldaten sind in erster Linie T\u00e4ter, keine Opfer.<\/p>\n\n\n\n<p class=\"wp-block-paragraph\"><\/p>\n<br\/><br\/><div class=\"geolocation-plain\" id=\"geolocation14452\">Posted from Frankfurt am Main, Altstadt, Deutschland.<\/div>","protected":false},"excerpt":{"rendered":"<p>Am 24. Februar 2022 hat Russland die Ukraine gro\u00dffl\u00e4chig angegriffen und den seit 2014 k\u00f6chelnden Krieg im Donbas auf das ganze Land ausgedehnt. Kurz darauf hat Bundeskanzler Olaf Scholz eine [&hellip;]<\/p>\n","protected":false},"author":1,"featured_media":13854,"comment_status":"open","ping_status":"open","sticky":false,"template":"","format":"standard","meta":{"_crdt_document":"","advanced_seo_description":"","jetpack_seo_html_title":"","jetpack_seo_noindex":false,"_EventAllDay":false,"_EventTimezone":"","_EventStartDate":"","_EventEndDate":"","_EventStartDateUTC":"","_EventEndDateUTC":"","_EventShowMap":false,"_EventShowMapLink":false,"_EventURL":"","_EventCost":"","_EventCostDescription":"","_EventCurrencySymbol":"","_EventCurrencyCode":"","_EventCurrencyPosition":"","_EventDateTimeSeparator":"","_EventTimeRangeSeparator":"","_EventOrganizerID":[],"_EventVenueID":[],"_OrganizerEmail":"","_OrganizerPhone":"","_OrganizerWebsite":"","_VenueAddress":"","_VenueCity":"","_VenueCountry":"","_VenueProvince":"","_VenueState":"","_VenueZip":"","_VenuePhone":"","_VenueURL":"","_VenueStateProvince":"","_VenueLat":"","_VenueLng":"","_VenueShowMap":false,"_VenueShowMapLink":false,"jetpack_post_was_ever_published":false,"_jetpack_newsletter_access":"","_jetpack_dont_email_post_to_subs":false,"_jetpack_newsletter_tier_id":0,"_jetpack_memberships_contains_paywalled_content":false,"_jetpack_memberships_contains_paid_content":false,"footnotes":""},"categories":[693],"tags":[436,315,333,25],"class_list":["post-14452","post","type-post","status-publish","format-standard","has-post-thumbnail","hentry","category-politik","tag-krieg","tag-politik","tag-russland","tag-ukraine"],"jetpack_featured_media_url":"https:\/\/i0.wp.com\/ralupo.me\/wp-content\/uploads\/2024\/03\/IMG_0634_jpg-scaled.jpeg?fit=2560%2C1920&ssl=1","jetpack_sharing_enabled":true,"jetpack-related-posts":[{"id":10291,"url":"https:\/\/ralupo.me\/en\/archive\/10291","url_meta":{"origin":14452,"position":0},"title":"Ukraine in NATO: \u201eDeutschland und die Verb\u00fcndeten der Ukraine d\u00fcrfen den Fehler von 2008 nicht wiederholen\u201c","author":"Lupo","date":"10. July 2023","format":false,"excerpt":"[:de]Deutschland und andere Verb\u00fcndete der Ukraine d\u00fcrfen den Fehler von 2008 nicht wiederholen. Fehlende Zusicherung einer NATO-Mitgliedschaft f\u00fcr die Ukraine mit einem klaren Aktionsplan ist eine Einladung an Russland, seinen Krieg gegen die Ukraine fortzusetzen und die Ukraine zu zerst\u00f6ren.[:]","rel":"","context":"In &quot;Europa&quot;","block_context":{"text":"Europa","link":"https:\/\/ralupo.me\/en\/archive\/category\/europa"},"img":{"alt_text":"","src":"https:\/\/i0.wp.com\/ralupo.me\/wp-content\/uploads\/2023\/02\/IMG_5676.jpg?fit=1200%2C900&ssl=1&resize=350%2C200","width":350,"height":200,"srcset":"https:\/\/i0.wp.com\/ralupo.me\/wp-content\/uploads\/2023\/02\/IMG_5676.jpg?fit=1200%2C900&ssl=1&resize=350%2C200 1x, https:\/\/i0.wp.com\/ralupo.me\/wp-content\/uploads\/2023\/02\/IMG_5676.jpg?fit=1200%2C900&ssl=1&resize=525%2C300 1.5x, https:\/\/i0.wp.com\/ralupo.me\/wp-content\/uploads\/2023\/02\/IMG_5676.jpg?fit=1200%2C900&ssl=1&resize=700%2C400 2x, https:\/\/i0.wp.com\/ralupo.me\/wp-content\/uploads\/2023\/02\/IMG_5676.jpg?fit=1200%2C900&ssl=1&resize=1050%2C600 3x"},"classes":[]},{"id":3413,"url":"https:\/\/ralupo.me\/en\/archive\/3413","url_meta":{"origin":14452,"position":1},"title":"Die Dinge beim Namen nennen","author":"Lupo","date":"18. February 2022","format":false,"excerpt":"[:en] Die deutsche Au\u00dfenministerin Annalena Baerbock (Gr\u00fcne) hat auf der M\u00fcnchner Sicherheitskonferenz, die an diesem Freitag begonnen hat, den russischen Aufmarsch als \"inakzeptable Drohung\" bezeichnet. Sie betonte zugleich, dass der Truppenaufmarsch nicht nur eine Drohung gegen\u00fcber der Ukraine sei, sondern auch uns alle bedrohe. Diese Krise ist deswegen keine Ukrainekrise.\u2026","rel":"","context":"In &quot;Politik&quot;","block_context":{"text":"Politik","link":"https:\/\/ralupo.me\/en\/archive\/category\/politik"},"img":{"alt_text":"","src":"https:\/\/i0.wp.com\/ralupo.me\/wp-content\/uploads\/2022\/02\/img_6689.jpg?fit=1200%2C900&ssl=1&resize=350%2C200","width":350,"height":200,"srcset":"https:\/\/i0.wp.com\/ralupo.me\/wp-content\/uploads\/2022\/02\/img_6689.jpg?fit=1200%2C900&ssl=1&resize=350%2C200 1x, https:\/\/i0.wp.com\/ralupo.me\/wp-content\/uploads\/2022\/02\/img_6689.jpg?fit=1200%2C900&ssl=1&resize=525%2C300 1.5x, https:\/\/i0.wp.com\/ralupo.me\/wp-content\/uploads\/2022\/02\/img_6689.jpg?fit=1200%2C900&ssl=1&resize=700%2C400 2x, https:\/\/i0.wp.com\/ralupo.me\/wp-content\/uploads\/2022\/02\/img_6689.jpg?fit=1200%2C900&ssl=1&resize=1050%2C600 3x"},"classes":[]},{"id":14820,"url":"https:\/\/ralupo.me\/en\/archive\/14820","url_meta":{"origin":14452,"position":2},"title":"&#8220;Und wenn ihr aufh\u00f6ren wollt, die Ukraine zu unterst\u00fctzen,\u00a0habe ich schlechte Nachrichten f\u00fcr Euch:\u00a0Ihr stoppt diesen Krieg damit nicht.\u00a0Ihr weitet ihn aus.&#8221;","author":"Lupo","date":"25. April 2025","format":false,"excerpt":"[:de] Nun hatte ich endlich Zeit, einen Teil der Rede von Maxym Butkewytsch auf der Gro\u00dfkundgebung bei der M\u00fcnchner Sicherheitskonferenz im Februar diesen Jahres aus meinem Video zu transkribieren. Und der Text passt (leider) ganz gut in die aktuelle Gro\u00dfwetterlage. Gerade jetzt, wo in Deutschland wieder \u00fcber Ostern die Ostermaschierer\u2026","rel":"","context":"In &quot;Politik&quot;","block_context":{"text":"Politik","link":"https:\/\/ralupo.me\/en\/archive\/category\/politik"},"img":{"alt_text":"","src":"https:\/\/i0.wp.com\/ralupo.me\/wp-content\/uploads\/2025\/04\/DO01000526.jpg?fit=1200%2C900&ssl=1&resize=350%2C200","width":350,"height":200,"srcset":"https:\/\/i0.wp.com\/ralupo.me\/wp-content\/uploads\/2025\/04\/DO01000526.jpg?fit=1200%2C900&ssl=1&resize=350%2C200 1x, https:\/\/i0.wp.com\/ralupo.me\/wp-content\/uploads\/2025\/04\/DO01000526.jpg?fit=1200%2C900&ssl=1&resize=525%2C300 1.5x, https:\/\/i0.wp.com\/ralupo.me\/wp-content\/uploads\/2025\/04\/DO01000526.jpg?fit=1200%2C900&ssl=1&resize=700%2C400 2x, https:\/\/i0.wp.com\/ralupo.me\/wp-content\/uploads\/2025\/04\/DO01000526.jpg?fit=1200%2C900&ssl=1&resize=1050%2C600 3x"},"classes":[]},{"id":4031,"url":"https:\/\/ralupo.me\/en\/archive\/4031","url_meta":{"origin":14452,"position":3},"title":"\u201eBild der Geschmacklosigkeit\u201c","author":"Lupo","date":"8. April 2022","format":false,"excerpt":"[:de][:]","rel":"","context":"In &quot;Politik&quot;","block_context":{"text":"Politik","link":"https:\/\/ralupo.me\/en\/archive\/category\/politik"},"img":{"alt_text":"","src":"https:\/\/i0.wp.com\/ralupo.me\/wp-content\/uploads\/2022\/04\/img_7440.jpg?fit=593%2C445&ssl=1&resize=350%2C200","width":350,"height":200,"srcset":"https:\/\/i0.wp.com\/ralupo.me\/wp-content\/uploads\/2022\/04\/img_7440.jpg?fit=593%2C445&ssl=1&resize=350%2C200 1x, https:\/\/i0.wp.com\/ralupo.me\/wp-content\/uploads\/2022\/04\/img_7440.jpg?fit=593%2C445&ssl=1&resize=525%2C300 1.5x"},"classes":[]},{"id":13758,"url":"https:\/\/ralupo.me\/en\/archive\/13758","url_meta":{"origin":14452,"position":4},"title":"Aufgelesen: Lupos Leseliste #6&#038;7","author":"Lupo","date":"2. March 2024","format":false,"excerpt":"[:de] Einiges ist passiert die letzten Tage: Sicherheitskonferenz in M\u00fcnchen, wo die NAFO zu Gast war, der 2. Jahrestag des russischen Gro\u00dfangriffs auf die Ukraine, an den weltweit Zehntausende erinnert haben. Wenig Zeit zu schreiben, daf\u00fcr ist mehr auf der Leseliste aufgelaufen. * Am gestrigen Freitag wurde in Moskau der\u2026","rel":"","context":"In &quot;Aufgelesen&quot;","block_context":{"text":"Aufgelesen","link":"https:\/\/ralupo.me\/en\/archive\/category\/aufgelesen"},"img":{"alt_text":"","src":"https:\/\/i0.wp.com\/ralupo.me\/wp-content\/uploads\/2024\/02\/IMG_0051-scaled.jpeg?fit=1200%2C900&ssl=1&resize=350%2C200","width":350,"height":200,"srcset":"https:\/\/i0.wp.com\/ralupo.me\/wp-content\/uploads\/2024\/02\/IMG_0051-scaled.jpeg?fit=1200%2C900&ssl=1&resize=350%2C200 1x, https:\/\/i0.wp.com\/ralupo.me\/wp-content\/uploads\/2024\/02\/IMG_0051-scaled.jpeg?fit=1200%2C900&ssl=1&resize=525%2C300 1.5x, https:\/\/i0.wp.com\/ralupo.me\/wp-content\/uploads\/2024\/02\/IMG_0051-scaled.jpeg?fit=1200%2C900&ssl=1&resize=700%2C400 2x, https:\/\/i0.wp.com\/ralupo.me\/wp-content\/uploads\/2024\/02\/IMG_0051-scaled.jpeg?fit=1200%2C900&ssl=1&resize=1050%2C600 3x"},"classes":[]},{"id":13990,"url":"https:\/\/ralupo.me\/en\/archive\/13990","url_meta":{"origin":14452,"position":5},"title":"Aufgelesen: Lupos Lesewoche #10","author":"Lupo","date":"19. May 2024","format":false,"excerpt":"[:de] Nachdem die Pfingsttage erk\u00e4ltungsbedingt ruhiger ausgefallen waren als geplant, fand sich etwas Zeit f\u00fcr eine Leseliste mit den Ereignissen der letzten Tage und Wochen. * Es ist zu wenig! | Dieser Tage r\u00fchmt sich der \"Friedenskanzler\", was Deutschland (und er) alles f\u00fcr die Ukraine tue. Dabei r\u00fccken Experten die\u2026","rel":"","context":"In &quot;Aufgelesen&quot;","block_context":{"text":"Aufgelesen","link":"https:\/\/ralupo.me\/en\/archive\/category\/aufgelesen"},"img":{"alt_text":"","src":"https:\/\/i0.wp.com\/ralupo.me\/wp-content\/uploads\/2024\/05\/IMG_2101-scaled.jpeg?fit=1200%2C900&ssl=1&resize=350%2C200","width":350,"height":200,"srcset":"https:\/\/i0.wp.com\/ralupo.me\/wp-content\/uploads\/2024\/05\/IMG_2101-scaled.jpeg?fit=1200%2C900&ssl=1&resize=350%2C200 1x, https:\/\/i0.wp.com\/ralupo.me\/wp-content\/uploads\/2024\/05\/IMG_2101-scaled.jpeg?fit=1200%2C900&ssl=1&resize=525%2C300 1.5x, https:\/\/i0.wp.com\/ralupo.me\/wp-content\/uploads\/2024\/05\/IMG_2101-scaled.jpeg?fit=1200%2C900&ssl=1&resize=700%2C400 2x, https:\/\/i0.wp.com\/ralupo.me\/wp-content\/uploads\/2024\/05\/IMG_2101-scaled.jpeg?fit=1200%2C900&ssl=1&resize=1050%2C600 3x"},"classes":[]}],"jetpack_shortlink":"https:\/\/wp.me\/pcanHs-3L6","_links":{"self":[{"href":"https:\/\/ralupo.me\/en\/wp-json\/wp\/v2\/posts\/14452","targetHints":{"allow":["GET"]}}],"collection":[{"href":"https:\/\/ralupo.me\/en\/wp-json\/wp\/v2\/posts"}],"about":[{"href":"https:\/\/ralupo.me\/en\/wp-json\/wp\/v2\/types\/post"}],"author":[{"embeddable":true,"href":"https:\/\/ralupo.me\/en\/wp-json\/wp\/v2\/users\/1"}],"replies":[{"embeddable":true,"href":"https:\/\/ralupo.me\/en\/wp-json\/wp\/v2\/comments?post=14452"}],"version-history":[{"count":3,"href":"https:\/\/ralupo.me\/en\/wp-json\/wp\/v2\/posts\/14452\/revisions"}],"predecessor-version":[{"id":14456,"href":"https:\/\/ralupo.me\/en\/wp-json\/wp\/v2\/posts\/14452\/revisions\/14456"}],"wp:featuredmedia":[{"embeddable":true,"href":"https:\/\/ralupo.me\/en\/wp-json\/wp\/v2\/media\/13854"}],"wp:attachment":[{"href":"https:\/\/ralupo.me\/en\/wp-json\/wp\/v2\/media?parent=14452"}],"wp:term":[{"taxonomy":"category","embeddable":true,"href":"https:\/\/ralupo.me\/en\/wp-json\/wp\/v2\/categories?post=14452"},{"taxonomy":"post_tag","embeddable":true,"href":"https:\/\/ralupo.me\/en\/wp-json\/wp\/v2\/tags?post=14452"}],"curies":[{"name":"wp","href":"https:\/\/api.w.org\/{rel}","templated":true}]}}