{"id":14424,"date":"2024-10-13T12:42:30","date_gmt":"2024-10-13T10:42:30","guid":{"rendered":"https:\/\/ralupo.me\/?p=14424"},"modified":"2024-10-13T12:42:35","modified_gmt":"2024-10-13T10:42:35","slug":"jeder-stirbt-fuer-sich-allein","status":"publish","type":"post","link":"https:\/\/ralupo.me\/en\/archive\/14424","title":{"rendered":"Jeder stirbt f\u00fcr sich allein"},"content":{"rendered":"<span class=\"span-reading-time rt-reading-time\" style=\"display: block;\"><span class=\"rt-label rt-prefix\">Lesedauer<\/span> <span class=\"rt-time\"> 2<\/span> <span class=\"rt-label rt-postfix\">Minuten<\/span><\/span>\n<p class=\"wp-block-paragraph\">Das ist nicht nur der Titel des gro\u00dfartigen Romans von Hans Fallada, den ich jedem ans Herz legen kann, sondern auch ein passendes Res\u00fcmee f\u00fcr die politische Lage in Deutschland und Europa. Der deutsch-franz\u00f6sische Journalist Nils Minkmar, wie ich geb\u00fcrtiger Saarbr\u00fccker, bringt es in seinem w\u00f6chentlichen Newsletter \u201eDer siebte Tag\u201c, den ich ebenfalls gerne empfehle, auf den Punkt:<\/p>\n\n\n\n<blockquote class=\"wp-block-quote is-layout-flow wp-block-quote-is-layout-flow\">\n<p class=\"wp-block-paragraph\">Europa sollte sich selbst verteidigen k\u00f6nnen, sollte seinen Gegnern \u00fcberhaupt mal entschlossen entgegentreten. Doch so gut wie alle russischen Propagandaoffensiven bleiben unbek\u00e4mpft. Niemand tritt Putin entgegen. Gerade in Deutschland wird aber immer noch die Nostalgie nach einer Ostpolitik vergangener Tage gepflegt. Der hei\u00dfe Tipp in Richtung Kiew, man solle es mal mit Frieden versuchen, erinnert mich an den Vorschlag des Satiremagazins Titanic zur L\u00f6sung der Hungerkrise in Ostafrika: Einfach mehr spachteln! Olaf Scholz und Emmanuel Macron k\u00f6nnen f\u00fcr sich beanspruchen, Schlimmeres verhindert zu haben. (\u2026) Doch wo die \u00d6ffentlichkeit nach klaren Linien verlangte, verliefen sie sich in kommunikativer Konfusion.<\/p>\n<\/blockquote>\n\n\n<div class=\"vlp-link-container vlp-template-default wp-block-visual-link-preview-link\">\n\t<a href=\"https:\/\/steadyhq.com\/de\/nminkmar\/posts\/e3881886-fad5-4cd8-ab66-febf527a9b9a\" class=\"vlp-link\" title=\"Vierundzwanzig Tage\" rel=\"nofollow\" target=\"_blank\"><\/a>\t\t<div class=\"vlp-link-image-container\">\n\t\t<div class=\"vlp-link-image\">\n\t\t\t<img data-recalc-dims=\"1\" decoding=\"async\" src=\"https:\/\/i0.wp.com\/assets.steadyhq.com\/production\/post\/e3881886-fad5-4cd8-ab66-febf527a9b9a\/uploads\/images\/ituo45tfqi\/IMG_5521.jpeg?ssl=1\" style=\"max-width: 150px; max-height: 150px\" \/>\t\t<\/div>\n\t<\/div>\n\t\t<div class=\"vlp-link-text-container\">\n\t\t\t\t<div class=\"vlp-link-title\">\n\t\t\tVierundzwanzig Tage\t\t<\/div>\n\t\t\t\t\t\t<div class=\"vlp-link-summary\">\n\t\t\tAmpel auf Standby \/Caroline Peters\/Levit und Thielemann\/Marengo Die Zeit der Ampel neigt sich ihrem Ende zu. Im kommenden Jahr wird jede Partei f\u00fcr sich alleine\u2026\t\t<\/div>\n\t\t\t<\/div>\n<\/div>\n\n\n\n<p class=\"wp-block-paragraph\">Stattdessen staunt der geneigte Zeitungsleser in dieser Woche, wie ein russischer \u201eTourist\u201c auf dem wichtigsten Ausbildungsgel\u00e4nde der Bundeswehr mit einer Kamera angetroffen wird und nach seiner Entschuldigung, er habe sich verlaufen, wieder gehen darf. Oder \u00fcber die gemeinsamen Pressefotos deutscher Soldaten mit ihren russischen \u201eKollegen\u201c, mit denen sie, wenn diese nicht gerade mit dem V\u00f6lkermord in der Ukraine besch\u00e4ftigt sind, gemeinsam an Sportfesten teilnehmen.<\/p>\n\n\n\n<p class=\"wp-block-paragraph\">Nochmal Ninkmar: <\/p>\n\n\n\n<blockquote class=\"wp-block-quote is-layout-flow wp-block-quote-is-layout-flow\">\n<p class=\"wp-block-paragraph\">Die Politik der Zeitenwende ist halbherzig. Der Journalist Stefan Lamby stellt in seinem Buch <em>Ernstfall<\/em> die zutreffende Diagnose: Die Ampel hat mehr Angst vor deutschen Autofahrern als vor Wladimir Putin.<br><\/p>\n<\/blockquote>\n<br\/><br\/><div class=\"geolocation-plain\" id=\"geolocation14424\">Posted from Berlin, Mitte, Deutschland.<\/div>","protected":false},"excerpt":{"rendered":"<p>Das ist nicht nur der Titel des gro\u00dfartigen Romans von Hans Fallada, den ich jedem ans Herz legen kann, sondern auch ein passendes Res\u00fcmee f\u00fcr die politische Lage in Deutschland [&hellip;]<\/p>\n","protected":false},"author":1,"featured_media":14151,"comment_status":"open","ping_status":"open","sticky":false,"template":"","format":"standard","meta":{"_crdt_document":"","advanced_seo_description":"","jetpack_seo_html_title":"","jetpack_seo_noindex":false,"_EventAllDay":false,"_EventTimezone":"","_EventStartDate":"","_EventEndDate":"","_EventStartDateUTC":"","_EventEndDateUTC":"","_EventShowMap":false,"_EventShowMapLink":false,"_EventURL":"","_EventCost":"","_EventCostDescription":"","_EventCurrencySymbol":"","_EventCurrencyCode":"","_EventCurrencyPosition":"","_EventDateTimeSeparator":"","_EventTimeRangeSeparator":"","_EventOrganizerID":[],"_EventVenueID":[],"_OrganizerEmail":"","_OrganizerPhone":"","_OrganizerWebsite":"","_VenueAddress":"","_VenueCity":"","_VenueCountry":"","_VenueProvince":"","_VenueState":"","_VenueZip":"","_VenuePhone":"","_VenueURL":"","_VenueStateProvince":"","_VenueLat":"","_VenueLng":"","_VenueShowMap":false,"_VenueShowMapLink":false,"jetpack_post_was_ever_published":false,"_jetpack_newsletter_access":"","_jetpack_dont_email_post_to_subs":false,"_jetpack_newsletter_tier_id":0,"_jetpack_memberships_contains_paywalled_content":false,"_jetpack_memberships_contains_paid_content":false,"footnotes":""},"categories":[368],"tags":[1102,595,25],"class_list":["post-14424","post","type-post","status-publish","format-standard","has-post-thumbnail","hentry","category-aufgelesen","tag-verteidigung","tag-presse","tag-ukraine"],"jetpack_featured_media_url":"https:\/\/i0.wp.com\/ralupo.me\/wp-content\/uploads\/2024\/07\/IMG_4281-scaled.jpeg?fit=2560%2C1920&ssl=1","jetpack_sharing_enabled":true,"jetpack-related-posts":[{"id":14311,"url":"https:\/\/ralupo.me\/en\/archive\/14311","url_meta":{"origin":14424,"position":0},"title":"Aufruf zum \u201eTag der deutschen Einheit &#038; Tag der Ukrainischen Verteidiger &#8211; Gemeinsam Frieden in Europa&#8221;","author":"Lupo","date":"27. September 2024","format":false,"excerpt":"[:de] Vereine und Aktivisten aus dem Raum M\u00fcnchen, darunter Fellas for Europe e.V., M\u00fcnchen hilft Ukraine e.V. und das Ukrainische Kulturelle Integrationsprojekt SVOl laden am 03.10.2024 ab 15 Uhr auf dem M\u00fcnchener Marienplatz zu der Veranstaltung \"Tag der deutschen Einheit & Tag der Ukrainischen Verteidiger - Gemeinsam Frieden in Europa\"\u2026","rel":"","context":"In &quot;Fellas4EU&quot;","block_context":{"text":"Fellas4EU","link":"https:\/\/ralupo.me\/en\/archive\/category\/fellas4eu"},"img":{"alt_text":"","src":"https:\/\/i0.wp.com\/ralupo.me\/wp-content\/uploads\/2024\/02\/IMG_9535-scaled.jpeg?fit=1200%2C900&ssl=1&resize=350%2C200","width":350,"height":200,"srcset":"https:\/\/i0.wp.com\/ralupo.me\/wp-content\/uploads\/2024\/02\/IMG_9535-scaled.jpeg?fit=1200%2C900&ssl=1&resize=350%2C200 1x, https:\/\/i0.wp.com\/ralupo.me\/wp-content\/uploads\/2024\/02\/IMG_9535-scaled.jpeg?fit=1200%2C900&ssl=1&resize=525%2C300 1.5x, https:\/\/i0.wp.com\/ralupo.me\/wp-content\/uploads\/2024\/02\/IMG_9535-scaled.jpeg?fit=1200%2C900&ssl=1&resize=700%2C400 2x, https:\/\/i0.wp.com\/ralupo.me\/wp-content\/uploads\/2024\/02\/IMG_9535-scaled.jpeg?fit=1200%2C900&ssl=1&resize=1050%2C600 3x"},"classes":[]},{"id":14688,"url":"https:\/\/ralupo.me\/en\/archive\/14688","url_meta":{"origin":14424,"position":1},"title":"Wahlaufruf der Deutsch-Ukrainischen Gesellschaft zur Bundestagswahl 2025","author":"Lupo","date":"21. February 2025","format":false,"excerpt":"[:de] Berlin, 21. Februar 2025 \u2013 Zwei Tage vor den Bundestagswahlen und drei Tage vor dem dritten Jahrestag der russischen Vollinvasion der Ukraine steht Europa an einem sicherheitspolitischen Wendepunkt. Die US-Administration f\u00fchrt direkte Verhandlungen mit Russland \u2013 \u00fcber die K\u00f6pfe der Ukrainer:innen und Europ\u00e4er:innen hinweg \u2013, w\u00e4hrend die russischen Kriegsziele\u2026","rel":"","context":"In &quot;Politik&quot;","block_context":{"text":"Politik","link":"https:\/\/ralupo.me\/en\/archive\/category\/politik"},"img":{"alt_text":"","src":"https:\/\/i0.wp.com\/ralupo.me\/wp-content\/uploads\/2025\/02\/IMG_9460-scaled.jpeg?fit=1200%2C900&ssl=1&resize=350%2C200","width":350,"height":200,"srcset":"https:\/\/i0.wp.com\/ralupo.me\/wp-content\/uploads\/2025\/02\/IMG_9460-scaled.jpeg?fit=1200%2C900&ssl=1&resize=350%2C200 1x, https:\/\/i0.wp.com\/ralupo.me\/wp-content\/uploads\/2025\/02\/IMG_9460-scaled.jpeg?fit=1200%2C900&ssl=1&resize=525%2C300 1.5x, https:\/\/i0.wp.com\/ralupo.me\/wp-content\/uploads\/2025\/02\/IMG_9460-scaled.jpeg?fit=1200%2C900&ssl=1&resize=700%2C400 2x, https:\/\/i0.wp.com\/ralupo.me\/wp-content\/uploads\/2025\/02\/IMG_9460-scaled.jpeg?fit=1200%2C900&ssl=1&resize=1050%2C600 3x"},"classes":[]},{"id":14813,"url":"https:\/\/ralupo.me\/en\/archive\/14813","url_meta":{"origin":14424,"position":2},"title":"\u201eFrieden mit Russland oder Verteidigung Europas?\u201c","author":"Lupo","date":"20. April 2025","format":false,"excerpt":"[:de] Jedes Jahr zu Ostern ziehen die Osterm\u00e4rsche durch Deutschland \u2013 urspr\u00fcnglich entstanden in den 1960er Jahren aus Anti-Atom- und Friedensbewegungen. Doch seit 2014, und besonders seit Russlands Angriff auf die Ukraine, haben sich viele dieser M\u00e4rsche ver\u00e4ndert: Statt f\u00fcr Gerechtigkeit einzutreten, verbreiten sie zunehmend Narrative, die dem Aggressor n\u00fctzen.\u2026","rel":"","context":"In &quot;Politik&quot;","block_context":{"text":"Politik","link":"https:\/\/ralupo.me\/en\/archive\/category\/politik"},"img":{"alt_text":"","src":"https:\/\/i0.wp.com\/ralupo.me\/wp-content\/uploads\/2025\/04\/IMG_1579_jpg-scaled.jpeg?fit=1200%2C900&ssl=1&resize=350%2C200","width":350,"height":200,"srcset":"https:\/\/i0.wp.com\/ralupo.me\/wp-content\/uploads\/2025\/04\/IMG_1579_jpg-scaled.jpeg?fit=1200%2C900&ssl=1&resize=350%2C200 1x, https:\/\/i0.wp.com\/ralupo.me\/wp-content\/uploads\/2025\/04\/IMG_1579_jpg-scaled.jpeg?fit=1200%2C900&ssl=1&resize=525%2C300 1.5x, https:\/\/i0.wp.com\/ralupo.me\/wp-content\/uploads\/2025\/04\/IMG_1579_jpg-scaled.jpeg?fit=1200%2C900&ssl=1&resize=700%2C400 2x, https:\/\/i0.wp.com\/ralupo.me\/wp-content\/uploads\/2025\/04\/IMG_1579_jpg-scaled.jpeg?fit=1200%2C900&ssl=1&resize=1050%2C600 3x"},"classes":[]},{"id":3557,"url":"https:\/\/ralupo.me\/en\/archive\/3557","url_meta":{"origin":14424,"position":3},"title":"Europas 11. September","author":"Lupo","date":"24. February 2022","format":false,"excerpt":"[:de] Der 24. Februar 2022 ist Europas 11. September. Der russische Pr\u00e4sident hat die unabh\u00e4ngige Ukraine angegriffen und nimmt das Land auch von Belarus aus in die Zange. Aus dem S\u00fcden werden alleine 20 Tote Zivilisten aus der Region Odessa gemeldet. Am Abend fanden in ganz Europa Solidarit\u00e4tskundgebungen statt. Teile\u2026","rel":"","context":"In &quot;Politik&quot;","block_context":{"text":"Politik","link":"https:\/\/ralupo.me\/en\/archive\/category\/politik"},"img":{"alt_text":"","src":"https:\/\/i0.wp.com\/ralupo.me\/wp-content\/uploads\/2022\/02\/F48436E5-B7B3-4271-8385-2DE82F7093F8-scaled.jpeg?fit=1200%2C900&ssl=1&resize=350%2C200","width":350,"height":200,"srcset":"https:\/\/i0.wp.com\/ralupo.me\/wp-content\/uploads\/2022\/02\/F48436E5-B7B3-4271-8385-2DE82F7093F8-scaled.jpeg?fit=1200%2C900&ssl=1&resize=350%2C200 1x, https:\/\/i0.wp.com\/ralupo.me\/wp-content\/uploads\/2022\/02\/F48436E5-B7B3-4271-8385-2DE82F7093F8-scaled.jpeg?fit=1200%2C900&ssl=1&resize=525%2C300 1.5x, https:\/\/i0.wp.com\/ralupo.me\/wp-content\/uploads\/2022\/02\/F48436E5-B7B3-4271-8385-2DE82F7093F8-scaled.jpeg?fit=1200%2C900&ssl=1&resize=700%2C400 2x, https:\/\/i0.wp.com\/ralupo.me\/wp-content\/uploads\/2022\/02\/F48436E5-B7B3-4271-8385-2DE82F7093F8-scaled.jpeg?fit=1200%2C900&ssl=1&resize=1050%2C600 3x"},"classes":[]},{"id":14263,"url":"https:\/\/ralupo.me\/en\/archive\/14263","url_meta":{"origin":14424,"position":4},"title":"Zeitenwende abgewendet","author":"Lupo","date":"31. August 2024","format":false,"excerpt":"[:de] Die von Bundeskanzler Olaf Scholz (SPD) ausgerufene Zeitenwende ist gescheitert. \u00a0Ein zweij\u00e4hriges DGAP-Projekt kommt zu dem Schluss, dass die von Bundeskanzler Olaf Scholz ausgerufene Zeitenwende keine politische St\u00e4rke mehr tr\u00e4gt und als Nutzungsbegriff aufgegeben werden sollte. Deutschland hat sich unvorbereitet auf gro\u00dfe (geo-)politische und (geo-)\u00f6konomische Herausforderungen eingelassen und den\u2026","rel":"","context":"In &quot;Europa&quot;","block_context":{"text":"Europa","link":"https:\/\/ralupo.me\/en\/archive\/category\/europa"},"img":{"alt_text":"","src":"https:\/\/i0.wp.com\/ralupo.me\/wp-content\/uploads\/2023\/01\/6856FA42-6078-48A6-A388-714FA98D4F72-scaled.jpeg?fit=1200%2C900&ssl=1&resize=350%2C200","width":350,"height":200,"srcset":"https:\/\/i0.wp.com\/ralupo.me\/wp-content\/uploads\/2023\/01\/6856FA42-6078-48A6-A388-714FA98D4F72-scaled.jpeg?fit=1200%2C900&ssl=1&resize=350%2C200 1x, https:\/\/i0.wp.com\/ralupo.me\/wp-content\/uploads\/2023\/01\/6856FA42-6078-48A6-A388-714FA98D4F72-scaled.jpeg?fit=1200%2C900&ssl=1&resize=525%2C300 1.5x, https:\/\/i0.wp.com\/ralupo.me\/wp-content\/uploads\/2023\/01\/6856FA42-6078-48A6-A388-714FA98D4F72-scaled.jpeg?fit=1200%2C900&ssl=1&resize=700%2C400 2x, https:\/\/i0.wp.com\/ralupo.me\/wp-content\/uploads\/2023\/01\/6856FA42-6078-48A6-A388-714FA98D4F72-scaled.jpeg?fit=1200%2C900&ssl=1&resize=1050%2C600 3x"},"classes":[]},{"id":10291,"url":"https:\/\/ralupo.me\/en\/archive\/10291","url_meta":{"origin":14424,"position":5},"title":"Ukraine in NATO: \u201eDeutschland und die Verb\u00fcndeten der Ukraine d\u00fcrfen den Fehler von 2008 nicht wiederholen\u201c","author":"Lupo","date":"10. July 2023","format":false,"excerpt":"[:de]Deutschland und andere Verb\u00fcndete der Ukraine d\u00fcrfen den Fehler von 2008 nicht wiederholen. Fehlende Zusicherung einer NATO-Mitgliedschaft f\u00fcr die Ukraine mit einem klaren Aktionsplan ist eine Einladung an Russland, seinen Krieg gegen die Ukraine fortzusetzen und die Ukraine zu zerst\u00f6ren.[:]","rel":"","context":"In &quot;Europa&quot;","block_context":{"text":"Europa","link":"https:\/\/ralupo.me\/en\/archive\/category\/europa"},"img":{"alt_text":"","src":"https:\/\/i0.wp.com\/ralupo.me\/wp-content\/uploads\/2023\/02\/IMG_5676.jpg?fit=1200%2C900&ssl=1&resize=350%2C200","width":350,"height":200,"srcset":"https:\/\/i0.wp.com\/ralupo.me\/wp-content\/uploads\/2023\/02\/IMG_5676.jpg?fit=1200%2C900&ssl=1&resize=350%2C200 1x, https:\/\/i0.wp.com\/ralupo.me\/wp-content\/uploads\/2023\/02\/IMG_5676.jpg?fit=1200%2C900&ssl=1&resize=525%2C300 1.5x, https:\/\/i0.wp.com\/ralupo.me\/wp-content\/uploads\/2023\/02\/IMG_5676.jpg?fit=1200%2C900&ssl=1&resize=700%2C400 2x, https:\/\/i0.wp.com\/ralupo.me\/wp-content\/uploads\/2023\/02\/IMG_5676.jpg?fit=1200%2C900&ssl=1&resize=1050%2C600 3x"},"classes":[]}],"jetpack_shortlink":"https:\/\/wp.me\/pcanHs-3KE","_links":{"self":[{"href":"https:\/\/ralupo.me\/en\/wp-json\/wp\/v2\/posts\/14424","targetHints":{"allow":["GET"]}}],"collection":[{"href":"https:\/\/ralupo.me\/en\/wp-json\/wp\/v2\/posts"}],"about":[{"href":"https:\/\/ralupo.me\/en\/wp-json\/wp\/v2\/types\/post"}],"author":[{"embeddable":true,"href":"https:\/\/ralupo.me\/en\/wp-json\/wp\/v2\/users\/1"}],"replies":[{"embeddable":true,"href":"https:\/\/ralupo.me\/en\/wp-json\/wp\/v2\/comments?post=14424"}],"version-history":[{"count":2,"href":"https:\/\/ralupo.me\/en\/wp-json\/wp\/v2\/posts\/14424\/revisions"}],"predecessor-version":[{"id":14427,"href":"https:\/\/ralupo.me\/en\/wp-json\/wp\/v2\/posts\/14424\/revisions\/14427"}],"wp:featuredmedia":[{"embeddable":true,"href":"https:\/\/ralupo.me\/en\/wp-json\/wp\/v2\/media\/14151"}],"wp:attachment":[{"href":"https:\/\/ralupo.me\/en\/wp-json\/wp\/v2\/media?parent=14424"}],"wp:term":[{"taxonomy":"category","embeddable":true,"href":"https:\/\/ralupo.me\/en\/wp-json\/wp\/v2\/categories?post=14424"},{"taxonomy":"post_tag","embeddable":true,"href":"https:\/\/ralupo.me\/en\/wp-json\/wp\/v2\/tags?post=14424"}],"curies":[{"name":"wp","href":"https:\/\/api.w.org\/{rel}","templated":true}]}}