{"id":1441,"date":"2021-04-23T15:15:22","date_gmt":"2021-04-23T13:15:22","guid":{"rendered":"https:\/\/ralupo.me\/unterwegs-in-kiew-babyn-yar"},"modified":"2024-02-03T21:45:39","modified_gmt":"2024-02-03T20:45:39","slug":"unterwegs-in-kiew-babyn-yar","status":"publish","type":"post","link":"https:\/\/ralupo.me\/en\/archive\/1441","title":{"rendered":"Unterwegs in Kyiv: Babyn Yar"},"content":{"rendered":"<span class=\"span-reading-time rt-reading-time\" style=\"display: block;\"><span class=\"rt-label rt-prefix\">Lesedauer<\/span> <span class=\"rt-time\"> 3<\/span> <span class=\"rt-label rt-postfix\">Minuten<\/span><\/span>\n<p class=\"wp-block-paragraph\">Zum Holocaust Gedenktag in dieser Woche (27.01.) habe ich meinen Blog-Post von meinem Besuch in Babyn Yar in Kyiv wieder hervorgeholt und etwas erg\u00e4nzt. <\/p>\n\n\n\n<p class=\"wp-block-paragraph\">Babyn Yar (ukr: \u0411\u0430\u0431\u0438\u043d \u042f\u0440) heisst das eingeschnittene Tal in Kyiv, in dem sich heute ein weitl\u00e4ufiger Park befindet. Babyn Yar steht auch f\u00fcr ein entsetzliches Kriegsverbrechen gegen die j\u00fcdische Bev\u00f6lkerung durch deutsche Besatzungstruppen im 2. Weltkrieg auf dem Gebiet der damaligen Sowjetunion.<\/p>\n\n\n\n<figure class=\"wp-block-image size-large\"><img data-recalc-dims=\"1\" fetchpriority=\"high\" decoding=\"async\" width=\"1024\" height=\"576\" data-attachment-id=\"1437\" data-permalink=\"https:\/\/ralupo.me\/en\/archive\/1441\/img_9553\" data-orig-file=\"https:\/\/i0.wp.com\/ralupo.me\/wp-content\/uploads\/2021\/04\/img_9553-scaled.jpg?fit=2560%2C1440&amp;ssl=1\" data-orig-size=\"2560,1440\" data-comments-opened=\"1\" data-image-meta=\"{&quot;aperture&quot;:&quot;0&quot;,&quot;credit&quot;:&quot;&quot;,&quot;camera&quot;:&quot;&quot;,&quot;caption&quot;:&quot;&quot;,&quot;created_timestamp&quot;:&quot;0&quot;,&quot;copyright&quot;:&quot;&quot;,&quot;focal_length&quot;:&quot;0&quot;,&quot;iso&quot;:&quot;0&quot;,&quot;shutter_speed&quot;:&quot;0&quot;,&quot;title&quot;:&quot;&quot;,&quot;orientation&quot;:&quot;0&quot;}\" data-image-title=\"img_9553\" data-image-description=\"\" data-image-caption=\"\" data-medium-file=\"https:\/\/i0.wp.com\/ralupo.me\/wp-content\/uploads\/2021\/04\/img_9553-scaled.jpg?fit=300%2C169&amp;ssl=1\" data-large-file=\"https:\/\/i0.wp.com\/ralupo.me\/wp-content\/uploads\/2021\/04\/img_9553-scaled.jpg?fit=1024%2C576&amp;ssl=1\" src=\"https:\/\/i0.wp.com\/ralupo.me\/wp-content\/uploads\/2021\/04\/img_9553.jpg?resize=1024%2C576&#038;ssl=1\" alt=\"\" class=\"wp-image-1437\" srcset=\"https:\/\/i0.wp.com\/ralupo.me\/wp-content\/uploads\/2021\/04\/img_9553-scaled.jpg?resize=1024%2C576&amp;ssl=1 1024w, https:\/\/i0.wp.com\/ralupo.me\/wp-content\/uploads\/2021\/04\/img_9553-scaled.jpg?resize=600%2C338&amp;ssl=1 600w, https:\/\/i0.wp.com\/ralupo.me\/wp-content\/uploads\/2021\/04\/img_9553-scaled.jpg?resize=300%2C169&amp;ssl=1 300w, https:\/\/i0.wp.com\/ralupo.me\/wp-content\/uploads\/2021\/04\/img_9553-scaled.jpg?resize=768%2C432&amp;ssl=1 768w, https:\/\/i0.wp.com\/ralupo.me\/wp-content\/uploads\/2021\/04\/img_9553-scaled.jpg?resize=1536%2C864&amp;ssl=1 1536w, https:\/\/i0.wp.com\/ralupo.me\/wp-content\/uploads\/2021\/04\/img_9553-scaled.jpg?resize=2048%2C1152&amp;ssl=1 2048w, https:\/\/i0.wp.com\/ralupo.me\/wp-content\/uploads\/2021\/04\/img_9553-scaled.jpg?resize=1100%2C619&amp;ssl=1 1100w, https:\/\/i0.wp.com\/ralupo.me\/wp-content\/uploads\/2021\/04\/img_9553-scaled.jpg?resize=550%2C309&amp;ssl=1 550w, https:\/\/i0.wp.com\/ralupo.me\/wp-content\/uploads\/2021\/04\/img_9553-scaled.jpg?resize=160%2C90&amp;ssl=1 160w\" sizes=\"(max-width: 1000px) 100vw, 1000px\" \/><\/figure>\n\n\n\n<p class=\"wp-block-paragraph\">Vor genau 80 Jahren, am 29. und 30. September 1941 ermordeten die deutschen Besatzer, Einheiten des SD und Einsatzgruppen der Sicherheitspolizei, mehr als 33.000 Menschen. <\/p>\n\n\n\n<figure class=\"wp-block-embed is-type-video is-provider-youtube wp-block-embed-youtube wp-embed-aspect-16-9 wp-has-aspect-ratio\"><div class=\"wp-block-embed__wrapper\">\n<iframe title=\"Babyn Yar\" width=\"500\" height=\"281\" src=\"https:\/\/www.youtube.com\/embed\/A2uGEHtNjww?feature=oembed\" frameborder=\"0\" allow=\"accelerometer; autoplay; clipboard-write; encrypted-media; gyroscope; picture-in-picture; web-share\" referrerpolicy=\"strict-origin-when-cross-origin\" allowfullscreen><\/iframe>\n<\/div><figcaption class=\"wp-element-caption\">Der Gedenkort Babyn Yar in Kyiv<\/figcaption><\/figure>\n\n\n\n<p class=\"wp-block-paragraph\">Es war das gr\u00f6\u00dfte einzelne Massaker an der j\u00fcdischen Bev\u00f6lkerung, f\u00fcr das die Wehrmacht Verantwortung tr\u00e4gt.<\/p>\n\n\n\n<figure class=\"wp-block-image size-large\"><img data-recalc-dims=\"1\" decoding=\"async\" width=\"1024\" height=\"576\" data-attachment-id=\"1438\" data-permalink=\"https:\/\/ralupo.me\/en\/archive\/1441\/img_9552\" data-orig-file=\"https:\/\/i0.wp.com\/ralupo.me\/wp-content\/uploads\/2021\/04\/img_9552-scaled.jpg?fit=2560%2C1440&amp;ssl=1\" data-orig-size=\"2560,1440\" data-comments-opened=\"1\" data-image-meta=\"{&quot;aperture&quot;:&quot;0&quot;,&quot;credit&quot;:&quot;&quot;,&quot;camera&quot;:&quot;&quot;,&quot;caption&quot;:&quot;&quot;,&quot;created_timestamp&quot;:&quot;0&quot;,&quot;copyright&quot;:&quot;&quot;,&quot;focal_length&quot;:&quot;0&quot;,&quot;iso&quot;:&quot;0&quot;,&quot;shutter_speed&quot;:&quot;0&quot;,&quot;title&quot;:&quot;&quot;,&quot;orientation&quot;:&quot;0&quot;}\" data-image-title=\"img_9552\" data-image-description=\"\" data-image-caption=\"\" data-medium-file=\"https:\/\/i0.wp.com\/ralupo.me\/wp-content\/uploads\/2021\/04\/img_9552-scaled.jpg?fit=300%2C169&amp;ssl=1\" data-large-file=\"https:\/\/i0.wp.com\/ralupo.me\/wp-content\/uploads\/2021\/04\/img_9552-scaled.jpg?fit=1024%2C576&amp;ssl=1\" src=\"https:\/\/i0.wp.com\/ralupo.me\/wp-content\/uploads\/2021\/04\/img_9552.jpg?resize=1024%2C576&#038;ssl=1\" alt=\"\" class=\"wp-image-1438\" srcset=\"https:\/\/i0.wp.com\/ralupo.me\/wp-content\/uploads\/2021\/04\/img_9552-scaled.jpg?resize=1024%2C576&amp;ssl=1 1024w, https:\/\/i0.wp.com\/ralupo.me\/wp-content\/uploads\/2021\/04\/img_9552-scaled.jpg?resize=600%2C338&amp;ssl=1 600w, https:\/\/i0.wp.com\/ralupo.me\/wp-content\/uploads\/2021\/04\/img_9552-scaled.jpg?resize=300%2C169&amp;ssl=1 300w, https:\/\/i0.wp.com\/ralupo.me\/wp-content\/uploads\/2021\/04\/img_9552-scaled.jpg?resize=768%2C432&amp;ssl=1 768w, https:\/\/i0.wp.com\/ralupo.me\/wp-content\/uploads\/2021\/04\/img_9552-scaled.jpg?resize=1536%2C864&amp;ssl=1 1536w, https:\/\/i0.wp.com\/ralupo.me\/wp-content\/uploads\/2021\/04\/img_9552-scaled.jpg?resize=2048%2C1152&amp;ssl=1 2048w, https:\/\/i0.wp.com\/ralupo.me\/wp-content\/uploads\/2021\/04\/img_9552-scaled.jpg?resize=1100%2C619&amp;ssl=1 1100w, https:\/\/i0.wp.com\/ralupo.me\/wp-content\/uploads\/2021\/04\/img_9552-scaled.jpg?resize=550%2C309&amp;ssl=1 550w, https:\/\/i0.wp.com\/ralupo.me\/wp-content\/uploads\/2021\/04\/img_9552-scaled.jpg?resize=160%2C90&amp;ssl=1 160w\" sizes=\"(max-width: 1000px) 100vw, 1000px\" \/><\/figure>\n\n\n\n<p class=\"wp-block-paragraph\">Heute ist Babyn Yar eine Parkanlage, an der an verschiedenen Orten Gedenktafeln aufgestellt sind. Ein zentraler Gedenkort ist seit l\u00e4ngerem in Planung. In der Sowjetzeit gab es zeitweise Pl\u00e4ne, hier einen Vergn\u00fcgungspark zu errichten, diese wurden letztlich zum Gl\u00fcck wieder verworfen. <\/p>\n\n\n\n<figure class=\"wp-block-image size-large\"><img data-recalc-dims=\"1\" decoding=\"async\" width=\"1024\" height=\"768\" data-attachment-id=\"1439\" data-permalink=\"https:\/\/ralupo.me\/en\/archive\/1441\/img_9554\" data-orig-file=\"https:\/\/i0.wp.com\/ralupo.me\/wp-content\/uploads\/2021\/04\/img_9554-scaled.jpg?fit=2560%2C1920&amp;ssl=1\" data-orig-size=\"2560,1920\" data-comments-opened=\"1\" data-image-meta=\"{&quot;aperture&quot;:&quot;0&quot;,&quot;credit&quot;:&quot;&quot;,&quot;camera&quot;:&quot;&quot;,&quot;caption&quot;:&quot;&quot;,&quot;created_timestamp&quot;:&quot;0&quot;,&quot;copyright&quot;:&quot;&quot;,&quot;focal_length&quot;:&quot;0&quot;,&quot;iso&quot;:&quot;0&quot;,&quot;shutter_speed&quot;:&quot;0&quot;,&quot;title&quot;:&quot;&quot;,&quot;orientation&quot;:&quot;0&quot;}\" data-image-title=\"img_9554\" data-image-description=\"\" data-image-caption=\"\" data-medium-file=\"https:\/\/i0.wp.com\/ralupo.me\/wp-content\/uploads\/2021\/04\/img_9554-scaled.jpg?fit=300%2C225&amp;ssl=1\" data-large-file=\"https:\/\/i0.wp.com\/ralupo.me\/wp-content\/uploads\/2021\/04\/img_9554-scaled.jpg?fit=1024%2C768&amp;ssl=1\" src=\"https:\/\/i0.wp.com\/ralupo.me\/wp-content\/uploads\/2021\/04\/img_9554.jpg?resize=1024%2C768&#038;ssl=1\" alt=\"\" class=\"wp-image-1439\" srcset=\"https:\/\/i0.wp.com\/ralupo.me\/wp-content\/uploads\/2021\/04\/img_9554-scaled.jpg?resize=1024%2C768&amp;ssl=1 1024w, https:\/\/i0.wp.com\/ralupo.me\/wp-content\/uploads\/2021\/04\/img_9554-scaled.jpg?resize=600%2C450&amp;ssl=1 600w, https:\/\/i0.wp.com\/ralupo.me\/wp-content\/uploads\/2021\/04\/img_9554-scaled.jpg?resize=300%2C225&amp;ssl=1 300w, https:\/\/i0.wp.com\/ralupo.me\/wp-content\/uploads\/2021\/04\/img_9554-scaled.jpg?resize=768%2C576&amp;ssl=1 768w, https:\/\/i0.wp.com\/ralupo.me\/wp-content\/uploads\/2021\/04\/img_9554-scaled.jpg?resize=1536%2C1152&amp;ssl=1 1536w, https:\/\/i0.wp.com\/ralupo.me\/wp-content\/uploads\/2021\/04\/img_9554-scaled.jpg?resize=2048%2C1536&amp;ssl=1 2048w, https:\/\/i0.wp.com\/ralupo.me\/wp-content\/uploads\/2021\/04\/img_9554-scaled.jpg?resize=1100%2C825&amp;ssl=1 1100w, https:\/\/i0.wp.com\/ralupo.me\/wp-content\/uploads\/2021\/04\/img_9554-scaled.jpg?resize=550%2C413&amp;ssl=1 550w, https:\/\/i0.wp.com\/ralupo.me\/wp-content\/uploads\/2021\/04\/img_9554-scaled.jpg?resize=160%2C120&amp;ssl=1 160w\" sizes=\"(max-width: 1000px) 100vw, 1000px\" \/><\/figure>\n\n\n\n<p class=\"wp-block-paragraph\">Babyn Yar liegt im Schewtschenko-Bezirk und ist mit der Metro-Linie M3 Station \u201e<em>Dorohoschytschi\u201c <\/em>erreichbar<em>.<\/em><\/p>\n\n\n\n<figure class=\"wp-block-image size-large\"><img data-recalc-dims=\"1\" loading=\"lazy\" decoding=\"async\" width=\"1024\" height=\"768\" data-attachment-id=\"1440\" data-permalink=\"https:\/\/ralupo.me\/en\/archive\/1441\/img_9546\" data-orig-file=\"https:\/\/i0.wp.com\/ralupo.me\/wp-content\/uploads\/2021\/04\/img_9546-scaled.jpg?fit=2560%2C1920&amp;ssl=1\" data-orig-size=\"2560,1920\" data-comments-opened=\"1\" data-image-meta=\"{&quot;aperture&quot;:&quot;0&quot;,&quot;credit&quot;:&quot;&quot;,&quot;camera&quot;:&quot;&quot;,&quot;caption&quot;:&quot;&quot;,&quot;created_timestamp&quot;:&quot;0&quot;,&quot;copyright&quot;:&quot;&quot;,&quot;focal_length&quot;:&quot;0&quot;,&quot;iso&quot;:&quot;0&quot;,&quot;shutter_speed&quot;:&quot;0&quot;,&quot;title&quot;:&quot;&quot;,&quot;orientation&quot;:&quot;0&quot;}\" data-image-title=\"img_9546\" data-image-description=\"\" data-image-caption=\"\" data-medium-file=\"https:\/\/i0.wp.com\/ralupo.me\/wp-content\/uploads\/2021\/04\/img_9546-scaled.jpg?fit=300%2C225&amp;ssl=1\" data-large-file=\"https:\/\/i0.wp.com\/ralupo.me\/wp-content\/uploads\/2021\/04\/img_9546-scaled.jpg?fit=1024%2C768&amp;ssl=1\" src=\"https:\/\/i0.wp.com\/ralupo.me\/wp-content\/uploads\/2021\/04\/img_9546.jpg?resize=1024%2C768&#038;ssl=1\" alt=\"\" class=\"wp-image-1440\" srcset=\"https:\/\/i0.wp.com\/ralupo.me\/wp-content\/uploads\/2021\/04\/img_9546-scaled.jpg?resize=1024%2C768&amp;ssl=1 1024w, https:\/\/i0.wp.com\/ralupo.me\/wp-content\/uploads\/2021\/04\/img_9546-scaled.jpg?resize=600%2C450&amp;ssl=1 600w, https:\/\/i0.wp.com\/ralupo.me\/wp-content\/uploads\/2021\/04\/img_9546-scaled.jpg?resize=300%2C225&amp;ssl=1 300w, https:\/\/i0.wp.com\/ralupo.me\/wp-content\/uploads\/2021\/04\/img_9546-scaled.jpg?resize=768%2C576&amp;ssl=1 768w, https:\/\/i0.wp.com\/ralupo.me\/wp-content\/uploads\/2021\/04\/img_9546-scaled.jpg?resize=1536%2C1152&amp;ssl=1 1536w, https:\/\/i0.wp.com\/ralupo.me\/wp-content\/uploads\/2021\/04\/img_9546-scaled.jpg?resize=2048%2C1536&amp;ssl=1 2048w, https:\/\/i0.wp.com\/ralupo.me\/wp-content\/uploads\/2021\/04\/img_9546-scaled.jpg?resize=1100%2C825&amp;ssl=1 1100w, https:\/\/i0.wp.com\/ralupo.me\/wp-content\/uploads\/2021\/04\/img_9546-scaled.jpg?resize=550%2C413&amp;ssl=1 550w, https:\/\/i0.wp.com\/ralupo.me\/wp-content\/uploads\/2021\/04\/img_9546-scaled.jpg?resize=160%2C120&amp;ssl=1 160w\" sizes=\"(max-width: 1000px) 100vw, 1000px\" \/><\/figure>\n\n\n\n<p class=\"wp-block-paragraph\">Es geh\u00f6rt zur grausamen Absurdit\u00e4t, rund um den russischen Angriffskrieg gegen die Ukraine, dass Russland in seinem vorgeblichen Kampf gegen die &#8220;Nazis in Kyiv&#8221; den Holocaust-Gedenkort Babyn Yar mit Raketen beschossen hat. <\/p>\n\n\n<div class=\"vlp-link-container vlp-template-default wp-block-visual-link-preview-link\">\n\t<a href=\"https:\/\/www.juedische-allgemeine.de\/juedische-welt\/russland-bombardiert-holocaust-gedenkstaette-in-kiew\/\" class=\"vlp-link\" title=\"Russischer Raketenangriff: Schoa-Gedenkst\u00e4tte Babyn Jar besch\u00e4digt\" rel=\"nofollow\" target=\"_blank\"><\/a>\t\t<div class=\"vlp-link-image-container\">\n\t\t<div class=\"vlp-link-image\">\n\t\t\t<img data-recalc-dims=\"1\" decoding=\"async\" src=\"https:\/\/i0.wp.com\/www.juedische-allgemeine.de\/wp-content\/uploads\/2021\/10\/61881197-1440x720-1440x720-c-default.jpg?ssl=1\" style=\"max-width: 150px; max-height: 150px\" \/>\t\t<\/div>\n\t<\/div>\n\t\t<div class=\"vlp-link-text-container\">\n\t\t\t\t<div class=\"vlp-link-title\">\n\t\t\tRussischer Raketenangriff: Schoa-Gedenkst\u00e4tte Babyn Jar besch\u00e4digt\t\t<\/div>\n\t\t\t\t\t\t<div class=\"vlp-link-summary\">\n\t\t\tUkraines Pr\u00e4sidialamt: \u201cDiese Verbrecher t\u00f6ten zum zweiten Mal die Opfer des Holocaust\u201d\t\t<\/div>\n\t\t\t<\/div>\n<\/div>\n\n\n\n<p class=\"wp-block-paragraph\">Das ukrainische Pr\u00e4sidialamt hat das mit den Worten kommentiert: &#8220;Diese Verbrecher t\u00f6ten zum zweiten Mal die Opfer des Holocausts.&#8221; Durch den Raketeneinschlag wurden Teile der Gedenkst\u00e4tte besch\u00e4digt.<\/p>\n\n\n\n<p class=\"wp-block-paragraph\"><mark style=\"background-color:rgba(0, 0, 0, 0);color:#cf2e2e\" class=\"has-inline-color\">Mehr \u00fcber das Massaker von Babyn Yar:<\/mark><\/p>\n\n\n<div class=\"vlp-link-container vlp-template-default wp-block-visual-link-preview-link\">\n\t<a href=\"https:\/\/www.suhrkamp.de\/buch\/marianna-kijanowska-babyn-jar-stimmen-t-9783518431764\" class=\"vlp-link\" title=\"Babyn Jar. Stimmen. Buch von Marianna Kijanowska (Suhrkamp Verlag)\" rel=\"nofollow\" target=\"_blank\"><\/a>\t\t<div class=\"vlp-link-image-container\">\n\t\t<div class=\"vlp-link-image\">\n\t\t\t<img decoding=\"async\" src=\"https:\/\/media.suhrkamp.de\/mediadelivery\/rendition\/3bb877dd26a94e7c88d2f571da46b416\/-S0x0\" style=\"max-width: 150px; max-height: 150px\" \/>\t\t<\/div>\n\t<\/div>\n\t\t<div class=\"vlp-link-text-container\">\n\t\t\t\t<div class=\"vlp-link-title\">\n\t\t\tBabyn Jar. Stimmen. Buch von Marianna Kijanowska (Suhrkamp Verlag)\t\t<\/div>\n\t\t\t\t\t\t<div class=\"vlp-link-summary\">\n\t\t\tBabyn Jar. Stimmen: Gedichte. Ukrainisch und deutsch. Buch (Suhrkamp Hauptprogramm) von Marianna Kijanowska auf suhrkamp.de bestellen\t\t<\/div>\n\t\t\t<\/div>\n<\/div>\n\n\n<div class=\"vlp-link-container vlp-template-default wp-block-visual-link-preview-link\">\n\t<a href=\"https:\/\/www.tagesschau.de\/ausland\/europa\/massaker-babyn-jar-101.html\" class=\"vlp-link\" title=\"Gedenken zum 80. Jahrestag des Massakers von Babyn Jar\" rel=\"nofollow\" target=\"_blank\"><\/a>\t\t<div class=\"vlp-link-image-container\">\n\t\t<div class=\"vlp-link-image\">\n\t\t\t<img data-recalc-dims=\"1\" decoding=\"async\" src=\"https:\/\/i0.wp.com\/www.tagesschau.de\/multimedia\/bilder\/babyn-jar-103~_v-original.jpg?ssl=1\" style=\"max-width: 150px; max-height: 150px\" \/>\t\t<\/div>\n\t<\/div>\n\t\t<div class=\"vlp-link-text-container\">\n\t\t\t\t<div class=\"vlp-link-title\">\n\t\t\tGedenken zum 80. Jahrestag des Massakers von Babyn Jar\t\t<\/div>\n\t\t\t\t\t\t<div class=\"vlp-link-summary\">\n\t\t\tIn der Ukraine wird mit Gedenkminuten, Konzerten und Geschichtsstunden der Opfer des in der Schlucht von Babyn Jar ver\u00fcbten Massakers gedacht. 1941 erschossen deutsche Einsatzgruppen dort mehr als 33.000 Juden. Von Christina Nagel.\t\t<\/div>\n\t\t\t<\/div>\n<\/div>\n\n\n<div class=\"vlp-link-container vlp-template-default wp-block-visual-link-preview-link\">\n\t<a href=\"https:\/\/www.faz.net\/aktuell\/feuilleton\/debatten\/das-ukrainische-massengrab-von-babyn-jar-als-gedenkstaette-17578537.html\" class=\"vlp-link\" title=\"Gedenken in Babyn Jar: Holocaust mit Kugeln\" rel=\"nofollow\" target=\"_blank\"><\/a>\t\t<div class=\"vlp-link-image-container\">\n\t\t<div class=\"vlp-link-image\">\n\t\t\t<img data-recalc-dims=\"1\" decoding=\"async\" src=\"https:\/\/i0.wp.com\/media0.faz.net\/ppmedia\/aktuell\/politik\/1108668578\/1.7578536\/facebook_teaser_fplus\/toenendes-spiegelfeld-eine.jpg?ssl=1\" style=\"max-width: 150px; max-height: 150px\" \/>\t\t<\/div>\n\t<\/div>\n\t\t<div class=\"vlp-link-text-container\">\n\t\t\t\t<div class=\"vlp-link-title\">\n\t\t\tGedenken in Babyn Jar: Holocaust mit Kugeln\t\t<\/div>\n\t\t\t\t\t\t<div class=\"vlp-link-summary\">\n\t\t\tBeim Massaker von Babyn Jar ermordeten die Nazis am 29. und 30. September 1941 34.000 Juden. Der Opfer wurde nun gedacht. Das Massengrab will die Ukraine zur Gedenkst\u00e4tte der Zukunft machen.\t\t<\/div>\n\t\t\t<\/div>\n<\/div>\n\n\n\n\n\n<p class=\"wp-block-paragraph\"><a class=\"rank-math-link\" href=\"http:\/\/babynyar.gov.ua\/\">Offizielle Website (in \ud83c\uddfa\ud83c\udde6 \/<\/a> <s>\ud83c\uddf7\ud83c\uddfa<\/s><a class=\"rank-math-link\" href=\"http:\/\/babynyar.gov.ua\/\"> \/ \ud83c\uddec\ud83c\udde7 )<\/a><\/p>\n\n\n\n<p class=\"wp-block-paragraph\"><\/p>\n<br\/><br\/><div class=\"geolocation-plain\" id=\"geolocation1441\">Posted from Kiew, \u0421\u0438\u0440\u0435\u0446\u044c, Ukraine.<\/div>","protected":false},"excerpt":{"rendered":"<p>Heute ist Babyn Yar eine Parkanlage am Rande von Kyiv. Vor 80 Jahren ermordeten deutsche Truppen hier 33.000 Juden.<\/p>\n","protected":false},"author":1,"featured_media":1436,"comment_status":"open","ping_status":"open","sticky":false,"template":"","format":"standard","meta":{"_crdt_document":"","advanced_seo_description":"","jetpack_seo_html_title":"","jetpack_seo_noindex":false,"_EventAllDay":false,"_EventTimezone":"","_EventStartDate":"","_EventEndDate":"","_EventStartDateUTC":"","_EventEndDateUTC":"","_EventShowMap":false,"_EventShowMapLink":false,"_EventURL":"","_EventCost":"","_EventCostDescription":"","_EventCurrencySymbol":"","_EventCurrencyCode":"","_EventCurrencyPosition":"","_EventDateTimeSeparator":"","_EventTimeRangeSeparator":"","_EventOrganizerID":[],"_EventVenueID":[],"_OrganizerEmail":"","_OrganizerPhone":"","_OrganizerWebsite":"","_VenueAddress":"","_VenueCity":"","_VenueCountry":"","_VenueProvince":"","_VenueState":"","_VenueZip":"","_VenuePhone":"","_VenueURL":"","_VenueStateProvince":"","_VenueLat":"","_VenueLng":"","_VenueShowMap":false,"_VenueShowMapLink":false,"jetpack_post_was_ever_published":false,"_jetpack_newsletter_access":"","_jetpack_dont_email_post_to_subs":false,"_jetpack_newsletter_tier_id":0,"_jetpack_memberships_contains_paywalled_content":false,"_jetpack_memberships_contains_paid_content":false,"footnotes":""},"categories":[327,21],"tags":[437,22,25,458],"class_list":["post-1441","post","type-post","status-publish","format-standard","has-post-thumbnail","hentry","category-eastbound","category-travel","tag-kyiv","tag-reise","tag-ukraine","tag-weltkrieg"],"jetpack_featured_media_url":"https:\/\/i0.wp.com\/ralupo.me\/wp-content\/uploads\/2021\/04\/img_9545-scaled.jpg?fit=2560%2C1920&ssl=1","jetpack_sharing_enabled":true,"jetpack-related-posts":[{"id":670,"url":"https:\/\/ralupo.me\/en\/archive\/670","url_meta":{"origin":1441,"position":0},"title":"Kyiv entdecken: Marienpalast","author":"Lupo","date":"15. August 2020","format":false,"excerpt":"[:de] Der heutige Samstag versprach ein sch\u00f6ner Sommertag zu werden, von denen Kyiv zugegeben viele hat. Br\u00fcllende Hitze mit Temperaturen \u00fcber 35 Grad wie die letzten 10 Tage in Deutschland sind hier eher selten. https:\/\/www.youtube.com\/watch?v=uvm29B_T4V8 Gelegenheit, die ukrainische Hauptstadt weiter zu entdecken. Vom Poschtowa Ploschtscha (Postplatz) im historischen Stadtteil Podil\u2026","rel":"","context":"In &quot;Ukraine&quot;","block_context":{"text":"Ukraine","link":"https:\/\/ralupo.me\/en\/archive\/category\/ukraine"},"img":{"alt_text":"","src":"https:\/\/i0.wp.com\/ralupo.me\/wp-content\/uploads\/2020\/08\/2F8D49B2-09F1-4538-8466-0F7F48ABBAAC.jpeg?fit=1200%2C675&ssl=1&resize=350%2C200","width":350,"height":200,"srcset":"https:\/\/i0.wp.com\/ralupo.me\/wp-content\/uploads\/2020\/08\/2F8D49B2-09F1-4538-8466-0F7F48ABBAAC.jpeg?fit=1200%2C675&ssl=1&resize=350%2C200 1x, https:\/\/i0.wp.com\/ralupo.me\/wp-content\/uploads\/2020\/08\/2F8D49B2-09F1-4538-8466-0F7F48ABBAAC.jpeg?fit=1200%2C675&ssl=1&resize=525%2C300 1.5x, https:\/\/i0.wp.com\/ralupo.me\/wp-content\/uploads\/2020\/08\/2F8D49B2-09F1-4538-8466-0F7F48ABBAAC.jpeg?fit=1200%2C675&ssl=1&resize=700%2C400 2x, https:\/\/i0.wp.com\/ralupo.me\/wp-content\/uploads\/2020\/08\/2F8D49B2-09F1-4538-8466-0F7F48ABBAAC.jpeg?fit=1200%2C675&ssl=1&resize=1050%2C600 3x"},"classes":[]},{"id":5393,"url":"https:\/\/ralupo.me\/en\/archive\/5393","url_meta":{"origin":1441,"position":1},"title":"Kyiv k\u00fcndigt St\u00e4dtefreundschaft mit Minsk","author":"Lupo","date":"10. June 2022","format":false,"excerpt":"[:de][:]","rel":"","context":"In &quot;Eastbound&quot;","block_context":{"text":"Eastbound","link":"https:\/\/ralupo.me\/en\/archive\/category\/eastbound"},"img":{"alt_text":"","src":"https:\/\/i0.wp.com\/ralupo.me\/wp-content\/uploads\/2021\/12\/img_6316.jpg?fit=1200%2C675&ssl=1&resize=350%2C200","width":350,"height":200,"srcset":"https:\/\/i0.wp.com\/ralupo.me\/wp-content\/uploads\/2021\/12\/img_6316.jpg?fit=1200%2C675&ssl=1&resize=350%2C200 1x, https:\/\/i0.wp.com\/ralupo.me\/wp-content\/uploads\/2021\/12\/img_6316.jpg?fit=1200%2C675&ssl=1&resize=525%2C300 1.5x, https:\/\/i0.wp.com\/ralupo.me\/wp-content\/uploads\/2021\/12\/img_6316.jpg?fit=1200%2C675&ssl=1&resize=700%2C400 2x, https:\/\/i0.wp.com\/ralupo.me\/wp-content\/uploads\/2021\/12\/img_6316.jpg?fit=1200%2C675&ssl=1&resize=1050%2C600 3x"},"classes":[]},{"id":4905,"url":"https:\/\/ralupo.me\/en\/archive\/4905","url_meta":{"origin":1441,"position":2},"title":"Ein Jahr zuvor","author":"Lupo","date":"24. April 2022","format":false,"excerpt":"[:de] Facebook erinnert mich gerade an einen alten Post vor einem Jahr. Das waren Aufnahmen aus Kyiv. Als ich letztes Jahr im April dort gelandet bin, sind die russischen Truppen gerade wieder abgezogen. Man dachte, alles sei vor\u00fcber. Die Meldungen in der Zeitung sind aber auch ein Jahr sp\u00e4ter immer\u2026","rel":"","context":"In &quot;Ukraine&quot;","block_context":{"text":"Ukraine","link":"https:\/\/ralupo.me\/en\/archive\/category\/ukraine"},"img":{"alt_text":"","src":"https:\/\/i0.wp.com\/ralupo.me\/wp-content\/uploads\/2022\/04\/img_9584-scaled.jpg?fit=1200%2C900&ssl=1&resize=350%2C200","width":350,"height":200,"srcset":"https:\/\/i0.wp.com\/ralupo.me\/wp-content\/uploads\/2022\/04\/img_9584-scaled.jpg?fit=1200%2C900&ssl=1&resize=350%2C200 1x, https:\/\/i0.wp.com\/ralupo.me\/wp-content\/uploads\/2022\/04\/img_9584-scaled.jpg?fit=1200%2C900&ssl=1&resize=525%2C300 1.5x, https:\/\/i0.wp.com\/ralupo.me\/wp-content\/uploads\/2022\/04\/img_9584-scaled.jpg?fit=1200%2C900&ssl=1&resize=700%2C400 2x, https:\/\/i0.wp.com\/ralupo.me\/wp-content\/uploads\/2022\/04\/img_9584-scaled.jpg?fit=1200%2C900&ssl=1&resize=1050%2C600 3x"},"classes":[]},{"id":13080,"url":"https:\/\/ralupo.me\/en\/archive\/13080","url_meta":{"origin":1441,"position":3},"title":"Kyiv, not Kiew","author":"Lupo","date":"4. January 2024","format":false,"excerpt":"[:de] Nun nimmt die Debatte \u00fcber die korrekte Schreibweise der ukrainischen Hauptstadt auch in Deutschland an Fahrt auf. Auch wenn die Sache \u00fcberwiegend Symbolwert hat, ist sie deswegen nicht unwichtig. Hintergrund: Im Russischen hei\u00dft die Stadt \u041a\u0438\u0435\u0432, die deutsche Transkription lautet: Kijew\/Kiew. Im Ukrainischen hei\u00dft die Stadt\u00a0\u041a\u0438\u0457\u0432, deutsche Transkription: Kyjiw.\u2026","rel":"","context":"In &quot;Ukraine&quot;","block_context":{"text":"Ukraine","link":"https:\/\/ralupo.me\/en\/archive\/category\/ukraine"},"img":{"alt_text":"","src":"https:\/\/i0.wp.com\/ralupo.me\/wp-content\/uploads\/2024\/01\/IMG_8545-scaled.jpeg?fit=1200%2C900&ssl=1&resize=350%2C200","width":350,"height":200,"srcset":"https:\/\/i0.wp.com\/ralupo.me\/wp-content\/uploads\/2024\/01\/IMG_8545-scaled.jpeg?fit=1200%2C900&ssl=1&resize=350%2C200 1x, https:\/\/i0.wp.com\/ralupo.me\/wp-content\/uploads\/2024\/01\/IMG_8545-scaled.jpeg?fit=1200%2C900&ssl=1&resize=525%2C300 1.5x, https:\/\/i0.wp.com\/ralupo.me\/wp-content\/uploads\/2024\/01\/IMG_8545-scaled.jpeg?fit=1200%2C900&ssl=1&resize=700%2C400 2x, https:\/\/i0.wp.com\/ralupo.me\/wp-content\/uploads\/2024\/01\/IMG_8545-scaled.jpeg?fit=1200%2C900&ssl=1&resize=1050%2C600 3x"},"classes":[]},{"id":14148,"url":"https:\/\/ralupo.me\/en\/archive\/14148","url_meta":{"origin":1441,"position":4},"title":"Aufgelesen: Lupos Lesewoche #15","author":"Lupo","date":"28. July 2024","format":false,"excerpt":"[:de] Die deutsche Osteuropa-Historikerin Franziska Davies hat mit dem Kyiv Independent \u00fcber die historischen Beziehungen zwischen Deutschland und Russland, deutsche Missverst\u00e4ndnisse \u00fcber die Ukraine und ihren Nationalismus sowie den anhaltenden Einfluss des Zweiten Weltkriegs auf die deutsche Osteuropapolitik gesprochen. Die Ukraine war f\u00fcr die Deutschen bis zum vollst\u00e4ndigen Einmarsch Moskaus\u2026","rel":"","context":"In &quot;Aufgelesen&quot;","block_context":{"text":"Aufgelesen","link":"https:\/\/ralupo.me\/en\/archive\/category\/aufgelesen"},"img":{"alt_text":"","src":"https:\/\/i0.wp.com\/ralupo.me\/wp-content\/uploads\/2024\/07\/IMG_4281-scaled.jpeg?fit=1200%2C900&ssl=1&resize=350%2C200","width":350,"height":200,"srcset":"https:\/\/i0.wp.com\/ralupo.me\/wp-content\/uploads\/2024\/07\/IMG_4281-scaled.jpeg?fit=1200%2C900&ssl=1&resize=350%2C200 1x, https:\/\/i0.wp.com\/ralupo.me\/wp-content\/uploads\/2024\/07\/IMG_4281-scaled.jpeg?fit=1200%2C900&ssl=1&resize=525%2C300 1.5x, https:\/\/i0.wp.com\/ralupo.me\/wp-content\/uploads\/2024\/07\/IMG_4281-scaled.jpeg?fit=1200%2C900&ssl=1&resize=700%2C400 2x, https:\/\/i0.wp.com\/ralupo.me\/wp-content\/uploads\/2024\/07\/IMG_4281-scaled.jpeg?fit=1200%2C900&ssl=1&resize=1050%2C600 3x"},"classes":[]},{"id":4977,"url":"https:\/\/ralupo.me\/en\/archive\/4977","url_meta":{"origin":1441,"position":5},"title":"Denkmal demontiert: Keine Br\u00fcder mehr","author":"Lupo","date":"27. April 2022","format":false,"excerpt":"[:de] In Kyiv wurde gestern mit der Demontage des Denkmals der V\u00f6lkerfreundschaft begonnen. In Vorbereitung der 1.500 Jahrfeier Kyivs wurden drei Denkm\u00e4ler an die Freundschaft zwischen den \u201eBruderv\u00f6lkern\u201c der Ukraine und Russlands noch zu Sowjetzeiten zwischen 1978 und 1982 errichtet. Demontiertes Freundschaftsdenkmal Am Auff\u00e4lligsten ist dabei ein Bogen aus Titan,\u2026","rel":"","context":"In &quot;Ukraine&quot;","block_context":{"text":"Ukraine","link":"https:\/\/ralupo.me\/en\/archive\/category\/ukraine"},"img":{"alt_text":"","src":"https:\/\/i0.wp.com\/ralupo.me\/wp-content\/uploads\/2022\/04\/808DFD28-9131-4693-A499-B305F675728B-scaled.jpeg?fit=1200%2C900&ssl=1&resize=350%2C200","width":350,"height":200,"srcset":"https:\/\/i0.wp.com\/ralupo.me\/wp-content\/uploads\/2022\/04\/808DFD28-9131-4693-A499-B305F675728B-scaled.jpeg?fit=1200%2C900&ssl=1&resize=350%2C200 1x, https:\/\/i0.wp.com\/ralupo.me\/wp-content\/uploads\/2022\/04\/808DFD28-9131-4693-A499-B305F675728B-scaled.jpeg?fit=1200%2C900&ssl=1&resize=525%2C300 1.5x, https:\/\/i0.wp.com\/ralupo.me\/wp-content\/uploads\/2022\/04\/808DFD28-9131-4693-A499-B305F675728B-scaled.jpeg?fit=1200%2C900&ssl=1&resize=700%2C400 2x, https:\/\/i0.wp.com\/ralupo.me\/wp-content\/uploads\/2022\/04\/808DFD28-9131-4693-A499-B305F675728B-scaled.jpeg?fit=1200%2C900&ssl=1&resize=1050%2C600 3x"},"classes":[]}],"jetpack_shortlink":"https:\/\/wp.me\/pcanHs-nf","_links":{"self":[{"href":"https:\/\/ralupo.me\/en\/wp-json\/wp\/v2\/posts\/1441","targetHints":{"allow":["GET"]}}],"collection":[{"href":"https:\/\/ralupo.me\/en\/wp-json\/wp\/v2\/posts"}],"about":[{"href":"https:\/\/ralupo.me\/en\/wp-json\/wp\/v2\/types\/post"}],"author":[{"embeddable":true,"href":"https:\/\/ralupo.me\/en\/wp-json\/wp\/v2\/users\/1"}],"replies":[{"embeddable":true,"href":"https:\/\/ralupo.me\/en\/wp-json\/wp\/v2\/comments?post=1441"}],"version-history":[{"count":8,"href":"https:\/\/ralupo.me\/en\/wp-json\/wp\/v2\/posts\/1441\/revisions"}],"predecessor-version":[{"id":13533,"href":"https:\/\/ralupo.me\/en\/wp-json\/wp\/v2\/posts\/1441\/revisions\/13533"}],"wp:featuredmedia":[{"embeddable":true,"href":"https:\/\/ralupo.me\/en\/wp-json\/wp\/v2\/media\/1436"}],"wp:attachment":[{"href":"https:\/\/ralupo.me\/en\/wp-json\/wp\/v2\/media?parent=1441"}],"wp:term":[{"taxonomy":"category","embeddable":true,"href":"https:\/\/ralupo.me\/en\/wp-json\/wp\/v2\/categories?post=1441"},{"taxonomy":"post_tag","embeddable":true,"href":"https:\/\/ralupo.me\/en\/wp-json\/wp\/v2\/tags?post=1441"}],"curies":[{"name":"wp","href":"https:\/\/api.w.org\/{rel}","templated":true}]}}