{"id":14017,"date":"2024-05-24T17:42:54","date_gmt":"2024-05-24T15:42:54","guid":{"rendered":"https:\/\/ralupo.me\/?p=14017"},"modified":"2024-05-24T17:42:58","modified_gmt":"2024-05-24T15:42:58","slug":"hessen-fuehrt-ukrainisch-als-fremdsprache-an-schulen-ein","status":"publish","type":"post","link":"https:\/\/ralupo.me\/en\/archive\/14017","title":{"rendered":"Hessen f\u00fchrt Ukrainisch als Fremdsprache an Schulen ein"},"content":{"rendered":"<span class=\"span-reading-time rt-reading-time\" style=\"display: block;\"><span class=\"rt-label rt-prefix\">Lesedauer<\/span> <span class=\"rt-time\"> 2<\/span> <span class=\"rt-label rt-postfix\">Minuten<\/span><\/span>\n<p class=\"wp-block-paragraph\"><strong>Das hessische Kultusministerium hat angek\u00fcndigt, dass es ab dem kommenden Schuljahr Ukrainisch als zweite Fremdsprache gem\u00e4\u00df den rechtlichen Grundlagen als Schulversuch (Pilot) anbieten wird. Das bedeutet, \u00fcbers Land verteilt werden erste Schulen, an denen viele ukrainische Sch\u00fclerinnen und Sch\u00fcler unterrichtet werden, in die Erprobungsphase starten. <\/strong><\/p>\n\n\n\n<p class=\"wp-block-paragraph\">Auch Jugendliche ohne ukrainischen Hintergrund k\u00f6nnten das Angebot w\u00e4hlen. Die Entscheidung erfolgt mit Blick auf die gro\u00dfe Gruppe der rund 20.000 mit ihren Familien vor dem Krieg nach Hessen gefl\u00fcchteten und beschulten Sch\u00fclerinnen und Sch\u00fcler aus der Ukraine sowie die mehr als 300 ukrainischen Lehrkr\u00e4fte, die derzeit an hessischen Schulen unterrichten.<\/p>\n\n\n<div class=\"vlp-link-container vlp-template-default wp-block-visual-link-preview-link\">\n\t<a href=\"https:\/\/kultus.hessen.de\/presse\/hessen-fuehrt-als-erstes-land-ukrainisch-als-fremdsprache-in-schulen-ein\" class=\"vlp-link\" title=\"Hessen f\u00fchrt als erstes Land Ukrainisch als Fremdsprache in Schulen ein\" rel=\"nofollow\" target=\"_blank\"><\/a>\t\t<div class=\"vlp-link-image-container\">\n\t\t<div class=\"vlp-link-image\">\n\t\t\t<img data-recalc-dims=\"1\" decoding=\"async\" src=\"https:\/\/i0.wp.com\/kultus.hessen.de\/sites\/kultusministerium.hessen.de\/files\/styles\/og_image\/public\/2024-05\/istock-1077184960_skynesher.jpg?ssl=1\" style=\"max-width: 150px; max-height: 150px\" \/>\t\t<\/div>\n\t<\/div>\n\t\t<div class=\"vlp-link-text-container\">\n\t\t\t\t<div class=\"vlp-link-title\">\n\t\t\tHessen f\u00fchrt als erstes Land Ukrainisch als Fremdsprache in Schulen ein\t\t<\/div>\n\t\t\t\t\t\t<div class=\"vlp-link-summary\">\n\t\t\tBildungsminister Schwarz: \u201eDen vielen Jugendlichen und Lehrkr\u00e4ften bei uns m\u00f6chten wir mit dem neuen Angebot noch st\u00e4rkere Bildungs- und Berufsperspektiven bieten.\u201c\t\t<\/div>\n\t\t\t<\/div>\n<\/div>\n\n\n\n<p class=\"wp-block-paragraph\">Der Botschafter der Ukraine in Deutschland, Oleksii Makeiev, dankte dem Land Hessen und Bildungsminister Schwarz f\u00fcr die \u201ebeispielgebende Entscheidung\u201c und sagte: \u201eWir betrachten es als eine Anerkennung des Ukrainischen als wichtige europ\u00e4ische Sprache. Dies wird der Entlastung unserer Sch\u00fclerinnen und Sch\u00fcler dienen, die derzeit in Hessen Schutz vorm russischen Krieg gefunden haben, und allen anderen L\u00e4ndern in Deutschland ein gutes Vorbild sein.\u201c<\/p>\n\n\n\n<p class=\"wp-block-paragraph\">Bisher ist es f\u00fcr viele \u00e4ltere ukrainische Jugendliche ein Problem, dass ihre Flucht nach Deutschland oftmals zum Abbruch ihres bisherigen Bildungsweges f\u00fchrt. Neben Englisch, das als erste Fremdsprache in der Ukraine in der Regel ab der Grundschule gelehrt wird, m\u00fcssen die gefl\u00fcchteten ukrainischen Kinder in kurzer Zeit f\u00fcr den gesamten Unterricht Deutsch lernen. Als erforderliche zweite Fremdsprache f\u00fcr die gymnasiale Oberstufe k\u00e4me allenfalls Russisch in Frage, was als Sprache des Kriegsgegners f\u00fcr die meisten keine Option ist. Die Einf\u00fchrung von Ukrainisch als zweite Fremdsprache kann ad\u00e4quate Bildungswege mit h\u00f6her qualifizierten Abschl\u00fcssen erm\u00f6glichen. Viele Fachkr\u00e4fteberufe setzen zudem einen weiterf\u00fchrenden Schulabschluss voraus, f\u00fcr dessen Erwerb eine zweite Fremdsprache verlangt wird.<\/p>\n\n\n\n<p class=\"wp-block-paragraph\">Ukrainisch ist nach Russisch und Polnisch die meistgesprochene slawische Sprache. Die Ukraine ist fl\u00e4chenm\u00e4\u00dfig das zweitgr\u00f6\u00dfte Land in Europa. Hessen setzt mit dem neuen Angebot auch einen wichtigen Beitrag zum gemeinsamen europ\u00e4ischen Selbstverst\u00e4ndnis sowie f\u00fcr die zuk\u00fcnftige wirtschaftliche Zusammenarbeit mit dem Land. Mitte Juni wird in Berlin die Ukraine-Wiederaufbaukonferenz stattfinden. Im Dezember 2023 haben die EU-F\u00fchrungsspitzen beschlossen, Beitrittsverhandlungen mit der Ukraine aufzunehmen.<\/p>\n\n\n\n<p class=\"wp-block-paragraph\"><a href=\"https:\/\/kultus.hessen.de\/presse\/hessen-fuehrt-als-erstes-land-ukrainisch-als-fremdsprache-in-schulen-ein\">Pressemitteilung des hessischen Kultusministerium vom 24.05.2024<\/a><\/p>\n<br\/><br\/><div class=\"geolocation-plain\" id=\"geolocation14017\">Posted from Frankfurt am Main, Altstadt, Deutschland.<\/div>","protected":false},"excerpt":{"rendered":"<p>Das hessische Kultusministerium hat angek\u00fcndigt, dass es ab dem kommenden Schuljahr Ukrainisch als zweite Fremdsprache gem\u00e4\u00df den rechtlichen Grundlagen als Schulversuch (Pilot) anbieten wird. Das bedeutet, \u00fcbers Land verteilt werden [&hellip;]<\/p>\n","protected":false},"author":1,"featured_media":13313,"comment_status":"open","ping_status":"open","sticky":false,"template":"","format":"standard","meta":{"_crdt_document":"","advanced_seo_description":"","jetpack_seo_html_title":"","jetpack_seo_noindex":false,"_EventAllDay":false,"_EventTimezone":"","_EventStartDate":"","_EventEndDate":"","_EventStartDateUTC":"","_EventEndDateUTC":"","_EventShowMap":false,"_EventShowMapLink":false,"_EventURL":"","_EventCost":"","_EventCostDescription":"","_EventCurrencySymbol":"","_EventCurrencyCode":"","_EventCurrencyPosition":"","_EventDateTimeSeparator":"","_EventTimeRangeSeparator":"","_EventOrganizerID":[],"_EventVenueID":[],"_OrganizerEmail":"","_OrganizerPhone":"","_OrganizerWebsite":"","_VenueAddress":"","_VenueCity":"","_VenueCountry":"","_VenueProvince":"","_VenueState":"","_VenueZip":"","_VenuePhone":"","_VenueURL":"","_VenueStateProvince":"","_VenueLat":"","_VenueLng":"","_VenueShowMap":false,"_VenueShowMapLink":false,"jetpack_post_was_ever_published":false,"_jetpack_newsletter_access":"","_jetpack_dont_email_post_to_subs":false,"_jetpack_newsletter_tier_id":0,"_jetpack_memberships_contains_paywalled_content":false,"_jetpack_memberships_contains_paid_content":false,"footnotes":""},"categories":[692],"tags":[1013,1010,315,25],"class_list":["post-14017","post","type-post","status-publish","format-standard","has-post-thumbnail","hentry","category-ukraine","tag-fremdsprache","tag-hesse","tag-politik","tag-ukraine"],"jetpack_featured_media_url":"https:\/\/i0.wp.com\/ralupo.me\/wp-content\/uploads\/2024\/01\/IMG_8581-scaled.jpeg?fit=2560%2C1920&ssl=1","jetpack_sharing_enabled":true,"jetpack-related-posts":[{"id":9829,"url":"https:\/\/ralupo.me\/en\/archive\/9829","url_meta":{"origin":14017,"position":0},"title":"Protest vor Netrebko-Auftritt: #Nonetrebko in Wiesbaden","author":"Lupo","date":"6. May 2023","format":false,"excerpt":"[:de]Am Freitag Abend haben mehr als 400 Menschen gegen den Auftritt der russischen Operns\u00e4ngerin Anna Nebtrebko in Wiesbaden protestiert. Nebtrebko tritt dort in der Verdi-Oper \"Nabucco\" als Abigaille auf. Schon im Vorfeld schlug das Engagement von Netrebko im Rahmen der Wiesbadener Mai-Festspiele hohe Wellen.[:]","rel":"","context":"In &quot;Politik&quot;","block_context":{"text":"Politik","link":"https:\/\/ralupo.me\/en\/archive\/category\/politik"},"img":{"alt_text":"","src":"https:\/\/i0.wp.com\/ralupo.me\/wp-content\/uploads\/2023\/05\/IMG_7161-scaled.jpeg?fit=1200%2C900&ssl=1&resize=350%2C200","width":350,"height":200,"srcset":"https:\/\/i0.wp.com\/ralupo.me\/wp-content\/uploads\/2023\/05\/IMG_7161-scaled.jpeg?fit=1200%2C900&ssl=1&resize=350%2C200 1x, https:\/\/i0.wp.com\/ralupo.me\/wp-content\/uploads\/2023\/05\/IMG_7161-scaled.jpeg?fit=1200%2C900&ssl=1&resize=525%2C300 1.5x, https:\/\/i0.wp.com\/ralupo.me\/wp-content\/uploads\/2023\/05\/IMG_7161-scaled.jpeg?fit=1200%2C900&ssl=1&resize=700%2C400 2x, https:\/\/i0.wp.com\/ralupo.me\/wp-content\/uploads\/2023\/05\/IMG_7161-scaled.jpeg?fit=1200%2C900&ssl=1&resize=1050%2C600 3x"},"classes":[]},{"id":15517,"url":"https:\/\/ralupo.me\/en\/archive\/15517","url_meta":{"origin":14017,"position":1},"title":"&#8220;Der lange Februar&#8221; &#8211; Dokumentarfilm erinnert an die russischen Gr\u00e4uel in Butscha","author":"Lupo","date":"19. April 2026","format":false,"excerpt":"[:de] Mit Unterst\u00fctzung des Ukrainischen Vereins Mainz zeigte der Dokumentarfilmer Michael Stadnik am Samstagabend in der Katholischen Hochschule Mainz seinen Film \u201eDer lange Februar\u201c. Der 79-min\u00fctige Dokumentarfilm rekonstruiert den russischen \u00dcberfall auf die Ukraine ab dem 24. Februar 2022 und die monatelange Besatzung der Stadt Butscha nordwestlich von Kiew aus\u2026","rel":"","context":"In &quot;Veranstaltungen&quot;","block_context":{"text":"Veranstaltungen","link":"https:\/\/ralupo.me\/en\/archive\/category\/veranstaltungen"},"img":{"alt_text":"","src":"https:\/\/i0.wp.com\/ralupo.me\/wp-content\/uploads\/2026\/04\/DO01012103-3-scaled.jpg?fit=1200%2C900&ssl=1&resize=350%2C200","width":350,"height":200,"srcset":"https:\/\/i0.wp.com\/ralupo.me\/wp-content\/uploads\/2026\/04\/DO01012103-3-scaled.jpg?fit=1200%2C900&ssl=1&resize=350%2C200 1x, https:\/\/i0.wp.com\/ralupo.me\/wp-content\/uploads\/2026\/04\/DO01012103-3-scaled.jpg?fit=1200%2C900&ssl=1&resize=525%2C300 1.5x, https:\/\/i0.wp.com\/ralupo.me\/wp-content\/uploads\/2026\/04\/DO01012103-3-scaled.jpg?fit=1200%2C900&ssl=1&resize=700%2C400 2x, https:\/\/i0.wp.com\/ralupo.me\/wp-content\/uploads\/2026\/04\/DO01012103-3-scaled.jpg?fit=1200%2C900&ssl=1&resize=1050%2C600 3x"},"classes":[]},{"id":14068,"url":"https:\/\/ralupo.me\/en\/archive\/14068","url_meta":{"origin":14017,"position":2},"title":"Nationalmannschaft der Ukraine trainiert in Wiesbaden","author":"Lupo","date":"13. June 2024","format":false,"excerpt":"[:de] Nur noch ein Tag bis zum Ansto\u00df der Fu\u00dfball-Europameisterschaft in Deutschland. Einen kleinen Vorgeschmack auf die EM lieferte die ukrainische Auswahl, die am Donnerstag morgen ein \u00f6ffentliches Training im Stadion des SV Wehen Wiesbaden absolvierte. Vor \u00fcber tausend begeisterten Fans, vornehmlich aus der Ukraine, absolvierte das Team um Trainer\u2026","rel":"","context":"In &quot;Teilnehmende Beobachtung&quot;","block_context":{"text":"Teilnehmende Beobachtung","link":"https:\/\/ralupo.me\/en\/archive\/category\/teilnehmende-beobachtung"},"img":{"alt_text":"","src":"https:\/\/i0.wp.com\/ralupo.me\/wp-content\/uploads\/2024\/06\/IMG_2818_jpg-scaled.jpeg?fit=1200%2C900&ssl=1&resize=350%2C200","width":350,"height":200,"srcset":"https:\/\/i0.wp.com\/ralupo.me\/wp-content\/uploads\/2024\/06\/IMG_2818_jpg-scaled.jpeg?fit=1200%2C900&ssl=1&resize=350%2C200 1x, https:\/\/i0.wp.com\/ralupo.me\/wp-content\/uploads\/2024\/06\/IMG_2818_jpg-scaled.jpeg?fit=1200%2C900&ssl=1&resize=525%2C300 1.5x, https:\/\/i0.wp.com\/ralupo.me\/wp-content\/uploads\/2024\/06\/IMG_2818_jpg-scaled.jpeg?fit=1200%2C900&ssl=1&resize=700%2C400 2x, https:\/\/i0.wp.com\/ralupo.me\/wp-content\/uploads\/2024\/06\/IMG_2818_jpg-scaled.jpeg?fit=1200%2C900&ssl=1&resize=1050%2C600 3x"},"classes":[]},{"id":5634,"url":"https:\/\/ralupo.me\/en\/archive\/5634","url_meta":{"origin":14017,"position":3},"title":"&#8220;Die Ukraine muss gewinnen&#8221;","author":"Lupo","date":"3. July 2022","format":false,"excerpt":"[:de] Unter dem Motto \"Die Ukraine muss gewinnen\" hat der Ukrainische Verein Mainz zu einem Demonstrationszug mit anschlie\u00dfender Kundgebung aufgerufen und mehr als 500 Menschen sind am Sonntag Nachmittag, trotz sengender Hitze, dem Aufruf gefolgt. Mit Transparenten und zahllosen gelb-blauen Fahnen zogen sie nach einer kleinen Auftaktkundgebung auf dem Bahnhofsvorplatz\u2026","rel":"","context":"In &quot;Ukraine&quot;","block_context":{"text":"Ukraine","link":"https:\/\/ralupo.me\/en\/archive\/category\/ukraine"},"img":{"alt_text":"","src":"https:\/\/i0.wp.com\/ralupo.me\/wp-content\/uploads\/2022\/07\/D9AC129F-2FEE-4CF0-A80E-2559B15CA901-scaled.jpeg?fit=1200%2C900&ssl=1&resize=350%2C200","width":350,"height":200,"srcset":"https:\/\/i0.wp.com\/ralupo.me\/wp-content\/uploads\/2022\/07\/D9AC129F-2FEE-4CF0-A80E-2559B15CA901-scaled.jpeg?fit=1200%2C900&ssl=1&resize=350%2C200 1x, https:\/\/i0.wp.com\/ralupo.me\/wp-content\/uploads\/2022\/07\/D9AC129F-2FEE-4CF0-A80E-2559B15CA901-scaled.jpeg?fit=1200%2C900&ssl=1&resize=525%2C300 1.5x, https:\/\/i0.wp.com\/ralupo.me\/wp-content\/uploads\/2022\/07\/D9AC129F-2FEE-4CF0-A80E-2559B15CA901-scaled.jpeg?fit=1200%2C900&ssl=1&resize=700%2C400 2x, https:\/\/i0.wp.com\/ralupo.me\/wp-content\/uploads\/2022\/07\/D9AC129F-2FEE-4CF0-A80E-2559B15CA901-scaled.jpeg?fit=1200%2C900&ssl=1&resize=1050%2C600 3x"},"classes":[]},{"id":4036,"url":"https:\/\/ralupo.me\/en\/archive\/4036","url_meta":{"origin":14017,"position":4},"title":"Kerzen f\u00fcr die Kriegstoten","author":"Lupo","date":"9. April 2022","format":false,"excerpt":"[:de] Mit 1500 Grablichter haben in der K\u00f6lner Innenstadt mehr als Tausend Menschen an die Opfer erinnert, die bei dem russischen \u00dcberfall auf die Ukraine bislang get\u00f6tet wurden. Zu der Veranstaltung \"Butscha: Genozid an den Ukrainern. Nie wieder\" hatte der Verein \"Blau Gelbes Kreuz\" aus K\u00f6ln aufgerufen. Die Kundgebung, zu\u2026","rel":"","context":"In &quot;Ukraine&quot;","block_context":{"text":"Ukraine","link":"https:\/\/ralupo.me\/en\/archive\/category\/ukraine"},"img":{"alt_text":"","src":"https:\/\/i0.wp.com\/ralupo.me\/wp-content\/uploads\/2022\/04\/8C87933F-8513-4C26-855A-3C93F65A3974-scaled.jpeg?fit=1200%2C900&ssl=1&resize=350%2C200","width":350,"height":200,"srcset":"https:\/\/i0.wp.com\/ralupo.me\/wp-content\/uploads\/2022\/04\/8C87933F-8513-4C26-855A-3C93F65A3974-scaled.jpeg?fit=1200%2C900&ssl=1&resize=350%2C200 1x, https:\/\/i0.wp.com\/ralupo.me\/wp-content\/uploads\/2022\/04\/8C87933F-8513-4C26-855A-3C93F65A3974-scaled.jpeg?fit=1200%2C900&ssl=1&resize=525%2C300 1.5x, https:\/\/i0.wp.com\/ralupo.me\/wp-content\/uploads\/2022\/04\/8C87933F-8513-4C26-855A-3C93F65A3974-scaled.jpeg?fit=1200%2C900&ssl=1&resize=700%2C400 2x, https:\/\/i0.wp.com\/ralupo.me\/wp-content\/uploads\/2022\/04\/8C87933F-8513-4C26-855A-3C93F65A3974-scaled.jpeg?fit=1200%2C900&ssl=1&resize=1050%2C600 3x"},"classes":[]},{"id":12929,"url":"https:\/\/ralupo.me\/en\/archive\/12929","url_meta":{"origin":14017,"position":5},"title":"Flughafen Chi\u0219in\u0103u bekommt neuen IATA Code","author":"Lupo","date":"27. December 2023","format":false,"excerpt":"[:de] Die Republik Moldau betreibt erfolgreich die Losl\u00f6sung von ihrem sowjetischen Erbe. Hinkte das kleine Land in Sachen Derussifizierung und Desowjetisierung der Ukraine lange Zeit hinterher, hat das Land in den vergangenen zwei Jahren bemerkenswerte Fortschritte gemacht - an der sich auch die Ukraine ein Beispiel nehmen kann, berichtet das\u2026","rel":"","context":"In &quot;Eastbound&quot;","block_context":{"text":"Eastbound","link":"https:\/\/ralupo.me\/en\/archive\/category\/eastbound"},"img":{"alt_text":"","src":"https:\/\/i0.wp.com\/ralupo.me\/wp-content\/uploads\/2023\/12\/IMG_1964.jpg?fit=1200%2C900&ssl=1&resize=350%2C200","width":350,"height":200,"srcset":"https:\/\/i0.wp.com\/ralupo.me\/wp-content\/uploads\/2023\/12\/IMG_1964.jpg?fit=1200%2C900&ssl=1&resize=350%2C200 1x, https:\/\/i0.wp.com\/ralupo.me\/wp-content\/uploads\/2023\/12\/IMG_1964.jpg?fit=1200%2C900&ssl=1&resize=525%2C300 1.5x, https:\/\/i0.wp.com\/ralupo.me\/wp-content\/uploads\/2023\/12\/IMG_1964.jpg?fit=1200%2C900&ssl=1&resize=700%2C400 2x, https:\/\/i0.wp.com\/ralupo.me\/wp-content\/uploads\/2023\/12\/IMG_1964.jpg?fit=1200%2C900&ssl=1&resize=1050%2C600 3x"},"classes":[]}],"jetpack_shortlink":"https:\/\/wp.me\/pcanHs-3E5","_links":{"self":[{"href":"https:\/\/ralupo.me\/en\/wp-json\/wp\/v2\/posts\/14017","targetHints":{"allow":["GET"]}}],"collection":[{"href":"https:\/\/ralupo.me\/en\/wp-json\/wp\/v2\/posts"}],"about":[{"href":"https:\/\/ralupo.me\/en\/wp-json\/wp\/v2\/types\/post"}],"author":[{"embeddable":true,"href":"https:\/\/ralupo.me\/en\/wp-json\/wp\/v2\/users\/1"}],"replies":[{"embeddable":true,"href":"https:\/\/ralupo.me\/en\/wp-json\/wp\/v2\/comments?post=14017"}],"version-history":[{"count":1,"href":"https:\/\/ralupo.me\/en\/wp-json\/wp\/v2\/posts\/14017\/revisions"}],"predecessor-version":[{"id":14018,"href":"https:\/\/ralupo.me\/en\/wp-json\/wp\/v2\/posts\/14017\/revisions\/14018"}],"wp:featuredmedia":[{"embeddable":true,"href":"https:\/\/ralupo.me\/en\/wp-json\/wp\/v2\/media\/13313"}],"wp:attachment":[{"href":"https:\/\/ralupo.me\/en\/wp-json\/wp\/v2\/media?parent=14017"}],"wp:term":[{"taxonomy":"category","embeddable":true,"href":"https:\/\/ralupo.me\/en\/wp-json\/wp\/v2\/categories?post=14017"},{"taxonomy":"post_tag","embeddable":true,"href":"https:\/\/ralupo.me\/en\/wp-json\/wp\/v2\/tags?post=14017"}],"curies":[{"name":"wp","href":"https:\/\/api.w.org\/{rel}","templated":true}]}}