{"id":13818,"date":"2024-03-22T11:25:26","date_gmt":"2024-03-22T10:25:26","guid":{"rendered":"https:\/\/ralupo.me\/?p=13818"},"modified":"2024-03-22T11:44:41","modified_gmt":"2024-03-22T10:44:41","slug":"vor-aller-augen","status":"publish","type":"post","link":"https:\/\/ralupo.me\/en\/archive\/13818","title":{"rendered":"Vor aller Augen"},"content":{"rendered":"<span class=\"span-reading-time rt-reading-time\" style=\"display: block;\"><span class=\"rt-label rt-prefix\">Lesedauer<\/span> <span class=\"rt-time\"> 3<\/span> <span class=\"rt-label rt-postfix\">Minuten<\/span><\/span>\n<p class=\"wp-block-paragraph\">Manchmal sind es schon die ersten Zeilen eines Buches, die einen packen und zugleich ratlos machen. W\u00e4hrend man der Bev\u00f6lkerung in Deutschland noch mit Slogans wie &#8220;Wandel durch Handel&#8221; Glauben machen wollte, Russland werde schon noch zu einer stabilen Demokratie werden und sein Pr\u00e4sident sei ein &#8220;lupenreiner Demokrat&#8221;,<a href=\"https:\/\/www.suhrkamp.de\/buch\/michail-ryklin-mit-dem-recht-des-staerkeren-t-9783518124727\"> schrieb der russische Philosoph Michail Ryklin ein Essay \u00fcber seine Erlebnisse mit der russischen Justiz, <\/a>nachdem ein religi\u00f6ser Mob eine von seiner Frau mitorganisierte Kunstausstellung &#8220;Achtung, Religion&#8221; gest\u00fcrmt und zerst\u00f6rt hatte. Die folgenden Prozesse richteten sich dann nicht etwa gegen die Randalierer, sondern gegen die Veranstalter der Ausstellung, die religi\u00f6se Gef\u00fchle verletzt haben sollen.<\/p>\n\n\n<div class=\"vlp-link-container vlp-template-default wp-block-visual-link-preview-link\">\n\t<a href=\"https:\/\/www.spiegel.de\/fotostrecke\/zensur-in-russland-vorsicht-verbotene-kunst-fotostrecke-35409.html\" class=\"vlp-link\" title=\"Zensur in Russland: Vorsicht, verbotene Kunst!\" rel=\"nofollow\" target=\"_blank\"><\/a>\t\t<div class=\"vlp-link-image-container\">\n\t\t<div class=\"vlp-link-image\">\n\t\t\t<img data-recalc-dims=\"1\" decoding=\"async\" src=\"https:\/\/i0.wp.com\/cdn.prod.www.spiegel.de\/images\/c3ace7a8-0001-0005-0000-000001304494_w750_r1.778_fpx42.67_fpy50.jpg?ssl=1\" style=\"max-width: 150px; max-height: 150px\" \/>\t\t<\/div>\n\t<\/div>\n\t\t<div class=\"vlp-link-text-container\">\n\t\t\t\t<div class=\"vlp-link-title\">\n\t\t\tZensur in Russland: Vorsicht, verbotene Kunst!\t\t<\/div>\n\t\t\t\t\t\t<div class=\"vlp-link-summary\">\n\t\t\tSeine Frau wurde in Moskau als Unruhestifterin angeklagt &#8211; dann fand man ihre Leiche in einer Berliner Schleuse. Der russische Philosoph Michail Ryklin sprach mit SPIEGEL ONLINE \u00fcber den ungekl\u00e4rten Tod der Dichterin und die inneren und \u00e4u\u00dferen Feinde des Systems Putin.\t\t<\/div>\n\t\t\t<\/div>\n<\/div>\n\n\n\n<p class=\"wp-block-paragraph\">Das Essay mit dem Titel &#8220;Mit dem Recht des St\u00e4rkeren. Die russische Kultur in Zeiten der &#8216;gelenkten Demokratie&#8217; &#8221; erschien in Deutschland im Jahre 2007. Es sind diese offenliegenden Zeugnisse, die unseren damaligen (und heutigen) Politikern nie aufgefallen sind, als sie sich mit Putin umgaben und Vertr\u00e4ge mit ihm schlossen.<\/p>\n\n\n\n<blockquote class=\"wp-block-quote is-layout-flow wp-block-quote-is-layout-flow\">\n<p class=\"wp-block-paragraph\">Wir hatten keine Erfahrung mit dem Leben unter einem neu entstehenden politischen Regime. Die Entwicklungsjahre der UdSSR fielen in die Jugend unserer Gro\u00dfeltern; wir selbst waren in einer geschlossenen, aber ziemlich vorhersagbaren Gesellschaft aufgewachsen, wo nach bekannten Regeln gespielt wurde. Seit Gorbatschows Politik der Glasnost und Perestrojka gab es Hoffnung auf eine langfristige europ\u00e4ische Entwicklung &#8211; demokratische Strukturen, verbindliche rechtsstaatliche Normen, kulturelles Leben fern von jeglicher G\u00e4ngelung -, eine Hoffnung, die auch noch w\u00e4hrend der chaotischen Transforma-tionsphase der neunziger Jahre fortdauerte. Heute aber leben wir in einer ver\u00e4nderten Situation. Wir sind Zeugen eines Prozesses, in dem sich ein neuer Autokratismus etabliert.<\/p>\n\n\n\n<p class=\"wp-block-paragraph\">Entstehende Regime zeichnen sich dadurch aus, da\u00df selbst ihre unmittelbar bevorstehenden Metamorphosen schwer vorauszusehen sind; weil die Pr\u00e4zedenzf\u00e4lle fehlen, lassen sich keine Vergleiche anstellen. St\u00e4ndig werden wir von den Ereignissen \u00fcberrollt, und kaum haben wir aufgeholt, laufen sie uns wieder davon. Auf jeder Windung der Spirale widerf\u00e4hrt uns etwas Neues, Unerwartetes. Wir versuchen uns an Dinge zu gew\u00f6hnen, die noch vor kurzem unm\u00f6glich, undenkbar schienen. Doch eine Woche vergeht, und es zeichnet sich noch Unvorstellbareres ab. Solche Erlebnisse haben repressiven Charakter. Die Gew\u00f6hnung daran nimmt uns einen Teil unserer geistigen Welt, unserer Freiheit.<\/p>\n<\/blockquote>\n\n\n\n<p class=\"wp-block-paragraph\">Wenn der seinerzeitige Kanzleramtschef, Au\u00dfenminister und heutige Bundespr\u00e4sident Steinmeier zu Protokoll gibt, &#8220;Das wirklich Traurige ist, dass wir in vielen Punkten gescheitert sind&#8221; und an anderer Stelle &#8220;Die bittere Bilanz: Wir sind gescheitert mit der Errichtung eines gemeinsamen europ\u00e4ischen Hauses, in das Russland einbezogen wird. Wir sind gescheitert mit dem Ansatz, Russland in eine gemeinsame Sicherheitsarchitektur einzubinden.\u201c  &#8211; dann ist das wohlfeil. Das Russland sp\u00e4testens <a href=\"https:\/\/www.blaetter.de\/ausgabe\/2007\/maerz\/was-ist-aus-den-garantien-geworden\">seit Putins Rede bei der M\u00fcnchner Sicherheitskonferenz<\/a> 2007 daran kein Interesse mehr hatte, lag offen zu tage, es gab die Angriffe auf Georgien, die Annexion der Krim, der Einmarsch im Donbas und schlie\u00dflich der Gro\u00dfangriff auf die gesamte Ukraine.<\/p>\n\n\n<div class=\"vlp-link-container vlp-template-default wp-block-visual-link-preview-link\">\n\t<a href=\"https:\/\/www.sueddeutsche.de\/kultur\/kunst-in-russland-ikonen-gegen-mcdonald-s-1.2890202\" class=\"vlp-link\" title=\"Ikonen gegen McDonald\u2019s\" rel=\"nofollow\" target=\"_blank\"><\/a>\t\t<div class=\"vlp-link-image-container\">\n\t\t<div class=\"vlp-link-image\">\n\t\t\t<img data-recalc-dims=\"1\" decoding=\"async\" src=\"https:\/\/i0.wp.com\/www.sueddeutsche.de\/assets\/png\/sz-ecb090256670a577bd629a9718686332.png?ssl=1\" style=\"max-width: 150px; max-height: 150px\" \/>\t\t<\/div>\n\t<\/div>\n\t\t<div class=\"vlp-link-text-container\">\n\t\t\t\t<div class=\"vlp-link-title\">\n\t\t\tIkonen gegen McDonald\u2019s\t\t<\/div>\n\t\t\t\t\t\t<div class=\"vlp-link-summary\">\n\t\t\tNach der Wende wurde die Kunst in Russland provokativer, aber die Prozesse gegen sie nahmen an demonstrativer Strenge zu, bis hin zum Fall Pussy Riot. Eine Studie untersucht dieses Schlachtfeld Kunst.\t\t<\/div>\n\t\t\t<\/div>\n<\/div>\n\n\n\n<p class=\"wp-block-paragraph\">Es ist eben nicht so, wie der SPD-Fraktionsvorsitzende M\u00fctzenich behauptet hat, dass die \u00fcber Jahre zunehmende repressive autokratische Innenpolitik nur in Fachzeitschriften er\u00f6rtert worden ist und ihm und der Allgemeinheit verborgen blieb. Putin hat seine Kurs\u00e4nderung vor aller Augen vorgenommen, nur hat man im Westen die Augen fest verschlossen. <\/p>\n<br\/><br\/><div class=\"geolocation-plain\" id=\"geolocation13818\">Posted from Frankfurt am Main, Altstadt, Deutschland.<\/div>","protected":false},"excerpt":{"rendered":"<p>Manchmal sind es schon die ersten Zeilen eines Buches, die einen packen und zugleich ratlos machen. W\u00e4hrend man der Bev\u00f6lkerung in Deutschland noch mit Slogans wie &#8220;Wandel durch Handel&#8221; Glauben [&hellip;]<\/p>\n","protected":false},"author":1,"featured_media":13312,"comment_status":"open","ping_status":"open","sticky":false,"template":"","format":"standard","meta":{"_crdt_document":"","advanced_seo_description":"","jetpack_seo_html_title":"","jetpack_seo_noindex":false,"_EventAllDay":false,"_EventTimezone":"","_EventStartDate":"","_EventEndDate":"","_EventStartDateUTC":"","_EventEndDateUTC":"","_EventShowMap":false,"_EventShowMapLink":false,"_EventURL":"","_EventCost":"","_EventCostDescription":"","_EventCurrencySymbol":"","_EventCurrencyCode":"","_EventCurrencyPosition":"","_EventDateTimeSeparator":"","_EventTimeRangeSeparator":"","_EventOrganizerID":[],"_EventVenueID":[],"_OrganizerEmail":"","_OrganizerPhone":"","_OrganizerWebsite":"","_VenueAddress":"","_VenueCity":"","_VenueCountry":"","_VenueProvince":"","_VenueState":"","_VenueZip":"","_VenuePhone":"","_VenueURL":"","_VenueStateProvince":"","_VenueLat":"","_VenueLng":"","_VenueShowMap":false,"_VenueShowMapLink":false,"jetpack_post_was_ever_published":false,"_jetpack_newsletter_access":"","_jetpack_dont_email_post_to_subs":false,"_jetpack_newsletter_tier_id":0,"_jetpack_memberships_contains_paywalled_content":false,"_jetpack_memberships_contains_paid_content":false,"footnotes":""},"categories":[693,6],"tags":[315,333],"class_list":["post-13818","post","type-post","status-publish","format-standard","has-post-thumbnail","hentry","category-politik","category-literatur","tag-politik","tag-russland"],"jetpack_featured_media_url":"https:\/\/i0.wp.com\/ralupo.me\/wp-content\/uploads\/2024\/01\/IMG_8588_jpg-scaled.jpeg?fit=2560%2C1920&ssl=1","jetpack_sharing_enabled":true,"jetpack-related-posts":[{"id":14831,"url":"https:\/\/ralupo.me\/en\/archive\/14831","url_meta":{"origin":13818,"position":0},"title":"Der 9. Mai \u2013 Vom Gedenken zur russischen Machtdemonstration","author":"Lupo","date":"4. May 2025","format":false,"excerpt":"[:de] Am 9. Mai feiert Russland den \u201eTag des Sieges\u201c \u2013 den milit\u00e4rischen Triumph der Sowjetunion \u00fcber Nazi-Deutschland im Jahr 1945. In Moskau und anderen St\u00e4dten der ehemaligen Sowjetunion wird der Tag traditionell mit aufw\u00e4ndigen Milit\u00e4rparaden und Gedenkveranstaltungen begangen. Doch was einst als kollektives Erinnern an das Ende des Zweiten\u2026","rel":"","context":"In &quot;Europa&quot;","block_context":{"text":"Europa","link":"https:\/\/ralupo.me\/en\/archive\/category\/europa"},"img":{"alt_text":"","src":"https:\/\/i0.wp.com\/ralupo.me\/wp-content\/uploads\/2024\/05\/IMG_1977-scaled.jpeg?fit=1200%2C900&ssl=1&resize=350%2C200","width":350,"height":200,"srcset":"https:\/\/i0.wp.com\/ralupo.me\/wp-content\/uploads\/2024\/05\/IMG_1977-scaled.jpeg?fit=1200%2C900&ssl=1&resize=350%2C200 1x, https:\/\/i0.wp.com\/ralupo.me\/wp-content\/uploads\/2024\/05\/IMG_1977-scaled.jpeg?fit=1200%2C900&ssl=1&resize=525%2C300 1.5x, https:\/\/i0.wp.com\/ralupo.me\/wp-content\/uploads\/2024\/05\/IMG_1977-scaled.jpeg?fit=1200%2C900&ssl=1&resize=700%2C400 2x, https:\/\/i0.wp.com\/ralupo.me\/wp-content\/uploads\/2024\/05\/IMG_1977-scaled.jpeg?fit=1200%2C900&ssl=1&resize=1050%2C600 3x"},"classes":[]},{"id":3557,"url":"https:\/\/ralupo.me\/en\/archive\/3557","url_meta":{"origin":13818,"position":1},"title":"Europas 11. September","author":"Lupo","date":"24. February 2022","format":false,"excerpt":"[:de] Der 24. Februar 2022 ist Europas 11. September. Der russische Pr\u00e4sident hat die unabh\u00e4ngige Ukraine angegriffen und nimmt das Land auch von Belarus aus in die Zange. Aus dem S\u00fcden werden alleine 20 Tote Zivilisten aus der Region Odessa gemeldet. Am Abend fanden in ganz Europa Solidarit\u00e4tskundgebungen statt. Teile\u2026","rel":"","context":"In &quot;Politik&quot;","block_context":{"text":"Politik","link":"https:\/\/ralupo.me\/en\/archive\/category\/politik"},"img":{"alt_text":"","src":"https:\/\/i0.wp.com\/ralupo.me\/wp-content\/uploads\/2022\/02\/F48436E5-B7B3-4271-8385-2DE82F7093F8-scaled.jpeg?fit=1200%2C900&ssl=1&resize=350%2C200","width":350,"height":200,"srcset":"https:\/\/i0.wp.com\/ralupo.me\/wp-content\/uploads\/2022\/02\/F48436E5-B7B3-4271-8385-2DE82F7093F8-scaled.jpeg?fit=1200%2C900&ssl=1&resize=350%2C200 1x, https:\/\/i0.wp.com\/ralupo.me\/wp-content\/uploads\/2022\/02\/F48436E5-B7B3-4271-8385-2DE82F7093F8-scaled.jpeg?fit=1200%2C900&ssl=1&resize=525%2C300 1.5x, https:\/\/i0.wp.com\/ralupo.me\/wp-content\/uploads\/2022\/02\/F48436E5-B7B3-4271-8385-2DE82F7093F8-scaled.jpeg?fit=1200%2C900&ssl=1&resize=700%2C400 2x, https:\/\/i0.wp.com\/ralupo.me\/wp-content\/uploads\/2022\/02\/F48436E5-B7B3-4271-8385-2DE82F7093F8-scaled.jpeg?fit=1200%2C900&ssl=1&resize=1050%2C600 3x"},"classes":[]},{"id":3948,"url":"https:\/\/ralupo.me\/en\/archive\/3948","url_meta":{"origin":13818,"position":2},"title":"Neue T\u00f6ne aus Kasachstan","author":"Lupo","date":"6. April 2022","format":false,"excerpt":"[:de] Gleich zu Beginn des Jahres 2022 geriet die ehemalige Sowjet-Republik Kasachstan in die internationalen Schlagzeilen, als sich der Unmut \u00fcber die wirtschaftliche und politische Lage Bann brach und es landesweit zu Aufst\u00e4nden und Unruhen kam. Dramatische Bilder gab es insbesondere aus der ehemaligen Hauptstadt Almaty, mehrere Regierungsgeb\u00e4ude gingen in\u2026","rel":"","context":"In &quot;Politik&quot;","block_context":{"text":"Politik","link":"https:\/\/ralupo.me\/en\/archive\/category\/politik"},"img":{"alt_text":"","src":"https:\/\/i0.wp.com\/ralupo.me\/wp-content\/uploads\/2020\/08\/img_2282.jpg?fit=1200%2C726&ssl=1&resize=350%2C200","width":350,"height":200,"srcset":"https:\/\/i0.wp.com\/ralupo.me\/wp-content\/uploads\/2020\/08\/img_2282.jpg?fit=1200%2C726&ssl=1&resize=350%2C200 1x, https:\/\/i0.wp.com\/ralupo.me\/wp-content\/uploads\/2020\/08\/img_2282.jpg?fit=1200%2C726&ssl=1&resize=525%2C300 1.5x, https:\/\/i0.wp.com\/ralupo.me\/wp-content\/uploads\/2020\/08\/img_2282.jpg?fit=1200%2C726&ssl=1&resize=700%2C400 2x, https:\/\/i0.wp.com\/ralupo.me\/wp-content\/uploads\/2020\/08\/img_2282.jpg?fit=1200%2C726&ssl=1&resize=1050%2C600 3x"},"classes":[]},{"id":14893,"url":"https:\/\/ralupo.me\/en\/archive\/14893","url_meta":{"origin":13818,"position":3},"title":"Keine Zeit f\u00fcr Russlandromantik","author":"Lupo","date":"18. May 2025","format":false,"excerpt":"[:de] In einem, wie ich finde, bemerkenswerten Beitrag warnt Anna Schiller im Newsletter \"Der andere Blick\" f\u00fcr die NZZ vor einem Wiedererstarken deutscher Russlandromantik. Einerseits hat Kanzler Friedrich Merz gleich zu Beginn seiner Amtszeit die klare au\u00dfenpolitische Botschaft gesendet, dass Deutschland fest an der Seite der Ukraine steht \u2013 politisch,\u2026","rel":"","context":"In &quot;Politik&quot;","block_context":{"text":"Politik","link":"https:\/\/ralupo.me\/en\/archive\/category\/politik"},"img":{"alt_text":"","src":"https:\/\/i0.wp.com\/ralupo.me\/wp-content\/uploads\/2025\/05\/IMG_2759-scaled.jpg?fit=1200%2C900&ssl=1&resize=350%2C200","width":350,"height":200,"srcset":"https:\/\/i0.wp.com\/ralupo.me\/wp-content\/uploads\/2025\/05\/IMG_2759-scaled.jpg?fit=1200%2C900&ssl=1&resize=350%2C200 1x, https:\/\/i0.wp.com\/ralupo.me\/wp-content\/uploads\/2025\/05\/IMG_2759-scaled.jpg?fit=1200%2C900&ssl=1&resize=525%2C300 1.5x, https:\/\/i0.wp.com\/ralupo.me\/wp-content\/uploads\/2025\/05\/IMG_2759-scaled.jpg?fit=1200%2C900&ssl=1&resize=700%2C400 2x, https:\/\/i0.wp.com\/ralupo.me\/wp-content\/uploads\/2025\/05\/IMG_2759-scaled.jpg?fit=1200%2C900&ssl=1&resize=1050%2C600 3x"},"classes":[]},{"id":14206,"url":"https:\/\/ralupo.me\/en\/archive\/14206","url_meta":{"origin":13818,"position":4},"title":"&#8220;Putin f\u00fchrt es nur aus. Sein Volk bestellt&#8221;","author":"Lupo","date":"4. August 2024","format":false,"excerpt":"[:de] Einen Tag nach der \u00fcberraschenden Freilassung im Rahmen des Geiselaustausches gaben die russische Oppositionelle Vladimir Kara-Mursa, Andrei Piwowarow und Ilja Jaschin eine Pressekonferenz in den R\u00e4umlichkeiten der Deutschen Welle in K\u00f6ln. Gefangenenaustausch: Jaschin, Kara-Mursa und Piwowarow \u00fcber ihre Pl\u00e4neDer grosse Gefangenenaustausch brachte nicht nur Amerikaner und Deutsche nach Hause,\u2026","rel":"","context":"In &quot;Europa&quot;","block_context":{"text":"Europa","link":"https:\/\/ralupo.me\/en\/archive\/category\/europa"},"img":{"alt_text":"","src":"https:\/\/i0.wp.com\/ralupo.me\/wp-content\/uploads\/2022\/10\/A5830E09-7DCC-4931-AA2A-2CDB723AB89B.jpeg?fit=997%2C748&ssl=1&resize=350%2C200","width":350,"height":200,"srcset":"https:\/\/i0.wp.com\/ralupo.me\/wp-content\/uploads\/2022\/10\/A5830E09-7DCC-4931-AA2A-2CDB723AB89B.jpeg?fit=997%2C748&ssl=1&resize=350%2C200 1x, https:\/\/i0.wp.com\/ralupo.me\/wp-content\/uploads\/2022\/10\/A5830E09-7DCC-4931-AA2A-2CDB723AB89B.jpeg?fit=997%2C748&ssl=1&resize=525%2C300 1.5x, https:\/\/i0.wp.com\/ralupo.me\/wp-content\/uploads\/2022\/10\/A5830E09-7DCC-4931-AA2A-2CDB723AB89B.jpeg?fit=997%2C748&ssl=1&resize=700%2C400 2x"},"classes":[]},{"id":15383,"url":"https:\/\/ralupo.me\/en\/archive\/15383","url_meta":{"origin":13818,"position":5},"title":"&#8220;Innere Front gegen die eigenen Soldaten&#8221;","author":"Lupo","date":"21. February 2026","format":false,"excerpt":"[:de] Schon Anna Politowskaya hat in ihrem Buch \"In Putins Russland\" 2006 die brutalen und entw\u00fcrdigenden Zust\u00e4nde in Russlands Armee beschrieben. Machtmissbrauch, Erpressung, folgenlose Misshandlungen der Rekruten bis zum Tode bleiben unges\u00fchnt und sind in der Truppe \u00fcblich und allt\u00e4glich. Daran hat sich knapp 20 Jahre sp\u00e4ter nichts ge\u00e4ndert. Irina\u2026","rel":"","context":"In &quot;Politik&quot;","block_context":{"text":"Politik","link":"https:\/\/ralupo.me\/en\/archive\/category\/politik"},"img":{"alt_text":"","src":"https:\/\/i0.wp.com\/ralupo.me\/wp-content\/uploads\/2025\/06\/DSCF8040-1.jpg?fit=1200%2C802&ssl=1&resize=350%2C200","width":350,"height":200,"srcset":"https:\/\/i0.wp.com\/ralupo.me\/wp-content\/uploads\/2025\/06\/DSCF8040-1.jpg?fit=1200%2C802&ssl=1&resize=350%2C200 1x, https:\/\/i0.wp.com\/ralupo.me\/wp-content\/uploads\/2025\/06\/DSCF8040-1.jpg?fit=1200%2C802&ssl=1&resize=525%2C300 1.5x, https:\/\/i0.wp.com\/ralupo.me\/wp-content\/uploads\/2025\/06\/DSCF8040-1.jpg?fit=1200%2C802&ssl=1&resize=700%2C400 2x, https:\/\/i0.wp.com\/ralupo.me\/wp-content\/uploads\/2025\/06\/DSCF8040-1.jpg?fit=1200%2C802&ssl=1&resize=1050%2C600 3x"},"classes":[]}],"jetpack_shortlink":"https:\/\/wp.me\/pcanHs-3AS","_links":{"self":[{"href":"https:\/\/ralupo.me\/en\/wp-json\/wp\/v2\/posts\/13818","targetHints":{"allow":["GET"]}}],"collection":[{"href":"https:\/\/ralupo.me\/en\/wp-json\/wp\/v2\/posts"}],"about":[{"href":"https:\/\/ralupo.me\/en\/wp-json\/wp\/v2\/types\/post"}],"author":[{"embeddable":true,"href":"https:\/\/ralupo.me\/en\/wp-json\/wp\/v2\/users\/1"}],"replies":[{"embeddable":true,"href":"https:\/\/ralupo.me\/en\/wp-json\/wp\/v2\/comments?post=13818"}],"version-history":[{"count":4,"href":"https:\/\/ralupo.me\/en\/wp-json\/wp\/v2\/posts\/13818\/revisions"}],"predecessor-version":[{"id":13824,"href":"https:\/\/ralupo.me\/en\/wp-json\/wp\/v2\/posts\/13818\/revisions\/13824"}],"wp:featuredmedia":[{"embeddable":true,"href":"https:\/\/ralupo.me\/en\/wp-json\/wp\/v2\/media\/13312"}],"wp:attachment":[{"href":"https:\/\/ralupo.me\/en\/wp-json\/wp\/v2\/media?parent=13818"}],"wp:term":[{"taxonomy":"category","embeddable":true,"href":"https:\/\/ralupo.me\/en\/wp-json\/wp\/v2\/categories?post=13818"},{"taxonomy":"post_tag","embeddable":true,"href":"https:\/\/ralupo.me\/en\/wp-json\/wp\/v2\/tags?post=13818"}],"curies":[{"name":"wp","href":"https:\/\/api.w.org\/{rel}","templated":true}]}}