{"id":13812,"date":"2024-03-17T14:14:18","date_gmt":"2024-03-17T13:14:18","guid":{"rendered":"https:\/\/ralupo.me\/?p=13812"},"modified":"2024-03-19T02:26:03","modified_gmt":"2024-03-19T01:26:03","slug":"aufgelesen-lupos-lesewoche-9","status":"publish","type":"post","link":"https:\/\/ralupo.me\/en\/archive\/13812","title":{"rendered":"Aufgelesen: Lupos Lesewoche #9"},"content":{"rendered":"<span class=\"span-reading-time rt-reading-time\" style=\"display: block;\"><span class=\"rt-label rt-prefix\">Lesedauer<\/span> <span class=\"rt-time\"> 4<\/span> <span class=\"rt-label rt-postfix\">Minuten<\/span><\/span>\n<p class=\"wp-block-paragraph\"><strong>Die Woche der intellektuellen Konkursanmeldungen<\/strong> \u2022 Die vergangene Woche war offenbar die Woche der intellektuellen Konkursanmeldungen. Den Aufschlag hat seine Heiligkeit Papst Franziskus gemacht, in dem er in einem Interview der Ukraine geraten hat, die wei\u00dfe Fahne zu hissen und sich zu ergeben. War dann aber offenbar doch nicht so gemeint, beeilte sich der Vatikan in den folgenden Tagen zu bekunden. <a href=\"https:\/\/www.faz.net\/aktuell\/politik\/ausland\/rat-des-papstes-gibt-die-ukraine-auf-bedeutet-das-keinen-frieden-19576953.html\">Die FAZ kommentiert die Ideen des Papstes treffend:<\/a><\/p>\n\n\n\n<blockquote class=\"wp-block-quote is-layout-flow wp-block-quote-is-layout-flow\">\n<p class=\"wp-block-paragraph\">Dass es noch schlimmer wird, wenn ein Aggressor um des lieben Friedens willen sein Unrecht bekommt, wusste Churchill. Ein Aufgeben der Ukraine bedeutet keinen dauerhaften Frieden f\u00fcr Europa. Sondern die Ermutigung Putins zum n\u00e4chsten Krieg.<\/p>\n<cite>Ratschlag des Papstes:Churchill wusste die Antwort<\/cite><\/blockquote>\n\n\n\n<p class=\"wp-block-paragraph\">Auch die Sozialdemokraten im Bundestag haben sich in dieser Woche nicht lumpen lassen, allen voran ihr Fraktionsvorsitzende M\u00fctzenich, der \u00fcber ein &#8220;Einfrieren&#8221; des Konflikts nachdachte. <\/p>\n\n\n<div class=\"vlp-link-container vlp-template-default wp-block-visual-link-preview-link\">\n\t<a href=\"https:\/\/www.faz.net\/aktuell\/politik\/taurus-abstimmung-im-bundestag-die-weisse-flagge-der-spd-19587035.html\" class=\"vlp-link\" title=\"Taurus-Abstimmung im Bundestag: Die wei\u00dfe Flagge der SPD\" rel=\"nofollow\" target=\"_blank\"><\/a>\t\t<div class=\"vlp-link-image-container\">\n\t\t<div class=\"vlp-link-image\">\n\t\t\t<img data-recalc-dims=\"1\" decoding=\"async\" src=\"https:\/\/i0.wp.com\/media1.faz.net\/ppmedia\/aktuell\/2352240513\/1.9587023\/stoererbig\/rolf-muetzenich-vorsitzender.jpg?ssl=1\" style=\"max-width: 150px; max-height: 150px\" \/>\t\t<\/div>\n\t<\/div>\n\t\t<div class=\"vlp-link-text-container\">\n\t\t\t\t<div class=\"vlp-link-title\">\n\t\t\tTaurus-Abstimmung im Bundestag: Die wei\u00dfe Flagge der SPD\t\t<\/div>\n\t\t\t\t\t\t<div class=\"vlp-link-summary\">\n\t\t\tDie SPD-Fraktion im Bundestag schw\u00f6rt die Partei, aber auch den Kanzler, nicht etwa auf die Lehren der Vergangenheit ein. Sie kehrt zur\u00fcck zu den Irrt\u00fcmern der SPD in der Sicherheits- und Russlandpolitik.\t\t<\/div>\n\t\t\t<\/div>\n<\/div>\n\n\n\n<p class=\"wp-block-paragraph\">Am Ende wurde dann Ralph Stegner im Heute Journal von Marietta Slomka nach allen Regeln der Kunst zerlegt:<\/p>\n\n\n\n<figure class=\"wp-block-embed aligncenter is-type-rich is-provider-twitter wp-block-embed-twitter\"><div class=\"wp-block-embed__wrapper\">\n<blockquote class=\"twitter-tweet\" data-width=\"500\" data-dnt=\"true\"><p lang=\"de\" dir=\"ltr\">Es ginge bei \u201eeingefrorenen Konflikten\u201c darum, \u201ezeitlich befristete, regional begrenzte Waffenstillst\u00e4nde\u201c zu erreichen, so der SPD-Abgeordnete <a href=\"https:\/\/twitter.com\/Ralf_Stegner?ref_src=twsrc%5Etfw\">@Ralf_Stegner<\/a> zur Rede von Rolf <a href=\"https:\/\/twitter.com\/hashtag\/M%C3%BCtzenich?src=hash&amp;ref_src=twsrc%5Etfw\">#M\u00fctzenich<\/a>. <a href=\"https:\/\/twitter.com\/hashtag\/Ukraine?src=hash&amp;ref_src=twsrc%5Etfw\">#Ukraine<\/a> <a href=\"https:\/\/t.co\/O9QscuoXrZ\">pic.twitter.com\/O9QscuoXrZ<\/a><\/p>&mdash; ZDF heute journal (@heutejournal) <a href=\"https:\/\/twitter.com\/heutejournal\/status\/1768739069012423003?ref_src=twsrc%5Etfw\">March 15, 2024<\/a><\/blockquote><script async src=\"https:\/\/platform.twitter.com\/widgets.js\" charset=\"utf-8\"><\/script>\n<\/div><\/figure>\n\n\n\n<p class=\"wp-block-paragraph\">Ich bin ausgestiegen, als Stegner erkl\u00e4rte, er wolle Putin gar nichts glauben, alles sei Propaganda. Weshalb man dann aber Putins stete Drohung mit der Atombombe ernst nehmen und sogar mit ihm verhandeln solle, habe ich bis heute nicht verstanden. In ein ganz \u00e4hnliches Horn stie\u00df Sarah Wagenknecht in einem Interview mit der taz. Auch sie erkl\u00e4rte, <a href=\"https:\/\/taz.de\/Sahra-Wagenknecht-ueber-Russland\/!5996031\/\">kein Vertrauen in Putin zu haben<\/a>, wenngleich man ganz dringend mit ihm verhandeln solle.<\/p>\n\n\n<div class=\"vlp-link-container vlp-template-default wp-block-visual-link-preview-link\">\n\t<a href=\"https:\/\/taz.de\/Sahra-Wagenknecht-ueber-Russland\/!5996031\/\" class=\"vlp-link\" title=\"Sahra Wagenknecht \u00fcber Russland: \u201eIch traue Putin nicht\u201c\" rel=\"nofollow\" target=\"_blank\"><\/a>\t\t<div class=\"vlp-link-image-container\">\n\t\t<div class=\"vlp-link-image\">\n\t\t\t<img data-recalc-dims=\"1\" decoding=\"async\" src=\"https:\/\/i0.wp.com\/taz.de\/picture\/6889612\/948\/Interview-Wagenknecht-1.jpeg?ssl=1\" style=\"max-width: 150px; max-height: 150px\" \/>\t\t<\/div>\n\t<\/div>\n\t\t<div class=\"vlp-link-text-container\">\n\t\t\t\t<div class=\"vlp-link-title\">\n\t\t\tSahra Wagenknecht \u00fcber Russland: \u201eIch traue Putin nicht\u201c\t\t<\/div>\n\t\t\t\t\t\t<div class=\"vlp-link-summary\">\n\t\t\tSahra Wagenknecht lehnt Waffenlieferungen des Westens an die Ukraine ab und fordert Verhandlungen mit dem russischen Pr\u00e4sidenten.\t\t<\/div>\n\t\t\t<\/div>\n<\/div>\n\n\n\n<p class=\"has-text-align-center wp-block-paragraph\">*<\/p>\n\n\n\n<p class=\"wp-block-paragraph\"><strong>\u0429\u0435 \u043d\u0435 \u0432\u043c\u0435\u0440\u043b\u0430 \u0423\u043a\u0440\u0430\u0457\u043d\u0430 \u2022<\/strong> Allen Unkenrufen aus Rom und Berlin zum Trotz ist die Ukraine noch nicht gestorben und h\u00e4lt dem russischen Ansturm weiter stand. Die Schwarzmeerflotte Russlands verlegt sie konsequent auf den Grund des Meeres und aktuell fallen nach und nach die russischen \u00d6lraffinerien weit im Hinterland ukrainischen Drohen zum Opfer. Die Lage ist indes nicht einfach. Olena Halushka, Mitgr\u00fcnderin der NGO International Center for Ukrainian Victory (ICUV) und Mitarbeiterin des ukrainischen Anti-Korruptionszentrums und Hanna Hopka, ebenfalls eine der ICUV-Gr\u00fcnderinnen sowie Mitglied im Internationalen Beirats des Warschauer Sicherheitsforums, appellieren in einem Gastbeitrag auf N-TV f\u00fcr weitere Unterst\u00fctzung der Ukraine und erneuern ihre <a href=\"https:\/\/ralupo.me\/archive\/13704\">Forderung, das beschlagnahmte russische Zentralbankverm\u00f6gen zugunsten der Ukraine zu verwerten.<\/a><\/p>\n\n\n<div class=\"vlp-link-container vlp-template-default wp-block-visual-link-preview-link\">\n\t<a href=\"https:\/\/www.n-tv.de\/politik\/politik_kommentare\/Wir-sind-auf-Deutschland-und-auf-deutsche-Fuehrung-angewiesen-article24807787.html\" class=\"vlp-link\" title=\"\u201cWir sind auf Deutschland und auf deutsche F\u00fchrung angewiesen\u201d\" rel=\"nofollow\" target=\"_blank\"><\/a>\t\t<div class=\"vlp-link-image-container\">\n\t\t<div class=\"vlp-link-image\">\n\t\t\t<img data-recalc-dims=\"1\" decoding=\"async\" src=\"https:\/\/i0.wp.com\/bilder4.n-tv.de\/img\/incoming\/crop24807807\/5291323260-cImg_16_9-w1200\/447548131.jpg?ssl=1\" style=\"max-width: 150px; max-height: 150px\" \/>\t\t<\/div>\n\t<\/div>\n\t\t<div class=\"vlp-link-text-container\">\n\t\t\t\t<div class=\"vlp-link-title\">\n\t\t\t\u201cWir sind auf Deutschland und auf deutsche F\u00fchrung angewiesen\u201d\t\t<\/div>\n\t\t\t\t\t\t<div class=\"vlp-link-summary\">\n\t\t\tEine Mehrheit der Deutschen glaubt nicht mehr an einen ukrainischen Sieg. Wir als ukrainische Gesellschaft sind jedoch unver\u00e4ndert fest davon \u00fcberzeugt. Dazu brauchen wir Unterst\u00fctzung aus Europa &#8211; vor allem aus Deutschland.\t\t<\/div>\n\t\t\t<\/div>\n<\/div>\n\n\n\n<p class=\"has-text-align-center wp-block-paragraph\">**<\/p>\n\n\n\n<p class=\"wp-block-paragraph\"><strong>Wer die Angst der Ukrainer vor dem Verschwinden verstehen will, muss nur in die Geschichte schauen \u2022<\/strong> In der <a href=\"https:\/\/www.nzz.ch\/feuilleton\/ukraine-tanja-maljartschuk-ueber-die-angst-der-ukrainer-vor-dem-verschwinden-ld.1821656\">NZZ schreibt die ukrainische Autorin <strong>Tanja Maljartschuk<\/strong> \u00fcber die Angst ihrer Landsleute vor dem Verschwinden. <\/a>Schon immer sind Ukrainer ermordet, verfolgt, deportiert oder ausgehungert worden. Die Furcht hat sich den Menschen in die Seele gefressen.<\/p>\n\n\n\n<p class=\"wp-block-paragraph\">\u00dcberhaupt k\u00f6nnte man in meinem Land, h\u00e4tte man das Ziel, in jeder noch so kleinen Ecke ein Museum des Verschwindens einrichten. Ich weiss, wovon ich spreche, denn ich komme aus der Leere, die darauf folgt. Und meine zweite Erkenntnis lautet so: Hinter dem Verschwinden verbirgt sich meist ein Verbrechen. Die T\u00e4ter t\u00e4uschen, und sie tarnen sich. Das Verschwindenlassen geh\u00f6rt zu ihren gut erprobten Methoden, mit der Absicht, ungestraft davonzukommen. Um weiter verschwinden zu lassen.<\/p>\n\n\n<div class=\"vlp-link-container vlp-template-default wp-block-visual-link-preview-link\">\n\t<a href=\"https:\/\/www.nzz.ch\/feuilleton\/ukraine-tanja-maljartschuk-ueber-die-angst-der-ukrainer-vor-dem-verschwinden-ld.1821656\" class=\"vlp-link\" title=\"Seit Jahrzehnten werde die Ukrainer verfolgt und ermordet, schreibt Tanja Maljartschuk\" rel=\"nofollow\" target=\"_blank\"><\/a>\t\t<div class=\"vlp-link-image-container\">\n\t\t<div class=\"vlp-link-image\">\n\t\t\t<img data-recalc-dims=\"1\" decoding=\"async\" src=\"https:\/\/i0.wp.com\/img.nzz.ch\/2023\/03\/20\/0717783d-ba87-4c3e-a4c9-902a30c8d9fc.jpeg?ssl=1\" style=\"max-width: 150px; max-height: 150px\" \/>\t\t<\/div>\n\t<\/div>\n\t\t<div class=\"vlp-link-text-container\">\n\t\t\t\t<div class=\"vlp-link-title\">\n\t\t\tSeit Jahrzehnten werde die Ukrainer verfolgt und ermordet, schreibt Tanja Maljartschuk\t\t<\/div>\n\t\t\t\t\t\t<div class=\"vlp-link-summary\">\n\t\t\tSchon immer sind Ukrainer ermordet, verfolgt, deportiert oder ausgehungert worden. Die Furcht hat sich den Menschen in die Seele gefressen.\t\t<\/div>\n\t\t\t<\/div>\n<\/div>\n\n\n\n<p class=\"has-text-align-center wp-block-paragraph\">***<\/p>\n\n\n\n<p class=\"wp-block-paragraph\">In Russland wird derzeit ein dreit\u00e4giges Theaterst\u00fcck &#8220;Wir w\u00e4hlen einen Pr\u00e4sidenten&#8221; aufgef\u00fchrt. <\/p>\n\n\n\n<figure class=\"wp-block-embed is-type-rich is-provider-twitter wp-block-embed-twitter\"><div class=\"wp-block-embed__wrapper\">\n<blockquote class=\"twitter-tweet\" data-width=\"500\" data-dnt=\"true\"><p lang=\"de\" dir=\"ltr\">Der belgische EU-Ratspr\u00e4sident gratulierte Putin schon vor Beginn der Ausz\u00e4hlung zu seinem Erdrutschsieg bei der Pr\u00e4sidenten-Scheinwahl ohne Freiheit und Opposition. <a href=\"https:\/\/t.co\/H96M4wDz2t\">pic.twitter.com\/H96M4wDz2t<\/a><\/p>&mdash; Volkat (@DortmundaBerlin) <a href=\"https:\/\/twitter.com\/DortmundaBerlin\/status\/1768923735992438983?ref_src=twsrc%5Etfw\">March 16, 2024<\/a><\/blockquote><script async src=\"https:\/\/platform.twitter.com\/widgets.js\" charset=\"utf-8\"><\/script>\n<\/div><\/figure>\n\n\n\n<p class=\"wp-block-paragraph\">Richtigerweise hat der EU-Ratspr\u00e4sident Michel ironisch dem russischen Pr\u00e4sidenten Putin schon vor Beginn des Zirkus zu seinem Erdrutschsieg gratuliert. <a href=\"https:\/\/www.faz.net\/aktuell\/politik\/ausland\/wie-in-russland-wahlen-gefaelscht-werden-19587406.html\">Wie es bei den sogenannten &#8220;Wahlen&#8221; in Russland zugeht, schreibt die FAZ. <\/a><\/p>\n\n\n\n<blockquote class=\"wp-block-quote is-layout-flow wp-block-quote-is-layout-flow\">\n<p class=\"wp-block-paragraph\">An Wahltagen wird in&nbsp;Russland&nbsp;gerne Karussell gefahren. Daf\u00fcr geht aber niemand auf den Rummel. Stattdessen werden W\u00e4hler mit Bussen von einem Wahllokal zum n\u00e4chsten gefahren, um dort ihre Stimme abzugeben \u2013 mehrmals. Dazu werden einfach die Wahlunterlagen derjenigen genutzt, die nicht zur Wahl erschienen sind. Politikwissenschaftler und Wahlbeobachter nennen das \u201eKarussell fahren\u201c. In den vergangenen zwei Jahrzehnten war dies eine der meistgenutzten Methoden, um in Russland Wahlen zu manipulieren.<\/p>\n<\/blockquote>\n\n\n\n<figure class=\"wp-block-video\"><video height=\"720\" style=\"aspect-ratio: 1280 \/ 720;\" width=\"1280\" autoplay controls loop muted src=\"https:\/\/ralupo.me\/wp-content\/uploads\/2024\/03\/ssstwitter.com_1710610305487.mp4\" playsinline><\/video><\/figure>\n\n\n<div class=\"vlp-link-container vlp-template-default wp-block-visual-link-preview-link\">\n\t<a href=\"https:\/\/www.faz.net\/aktuell\/politik\/ausland\/wie-in-russland-wahlen-gefaelscht-werden-19587406.html\" class=\"vlp-link\" title=\"Wie in Russland Wahlen gef\u00e4lscht werden\" rel=\"nofollow\" target=\"_blank\"><\/a>\t\t<div class=\"vlp-link-image-container\">\n\t\t<div class=\"vlp-link-image\">\n\t\t\t<img data-recalc-dims=\"1\" decoding=\"async\" src=\"https:\/\/i0.wp.com\/media1.faz.net\/ppmedia\/aktuell\/politik\/1544689885\/1.9587479\/facebook_teaser_fplus\/viele-moeglichkeiten-fuer.jpg?ssl=1\" style=\"max-width: 150px; max-height: 150px\" \/>\t\t<\/div>\n\t<\/div>\n\t\t<div class=\"vlp-link-text-container\">\n\t\t\t\t<div class=\"vlp-link-title\">\n\t\t\tWie in Russland Wahlen gef\u00e4lscht werden\t\t<\/div>\n\t\t\t\t\t\t<div class=\"vlp-link-summary\">\n\t\t\tIn diesen Tagen l\u00e4sst sich Wladimir Putin als Russlands Pr\u00e4sident best\u00e4tigen. Wie stellt der Kreml sicher, dass dabei das Ergebnis herauskommt, das er will?\t\t<\/div>\n\t\t\t<\/div>\n<\/div>\n\n\n\n<p class=\"has-text-align-center wp-block-paragraph\">****<\/p>\n\n\n\n<p class=\"wp-block-paragraph\"><strong>Save the Date: No Netrebko! <\/strong>\u2022 Am 23. M\u00e4rz 2024 will in Salzburg die russische Operns\u00e4ngerin Anna Netrebko auftreten. <a href=\"https:\/\/ralupo.me\/event\/salzburg-no-netrebko\">Ab 17:00 demonstriert <\/a>die ukrainische Gemeinde Salzburg mit Unterst\u00fctzung aus Deutschland.<\/p>\n<br\/><br\/><div class=\"geolocation-plain\" id=\"geolocation13812\">Posted from K\u00f6ln, Deutz, Deutschland.<\/div>","protected":false},"excerpt":{"rendered":"<p>Die Woche der intellektuellen Konkursanmeldungen \u2022 Die vergangene Woche war offenbar die Woche der intellektuellen Konkursanmeldungen. Den Aufschlag hat seine Heiligkeit Papst Franziskus gemacht, in dem er in einem Interview [&hellip;]<\/p>\n","protected":false},"author":1,"featured_media":13733,"comment_status":"open","ping_status":"open","sticky":false,"template":"","format":"standard","meta":{"_crdt_document":"","advanced_seo_description":"","jetpack_seo_html_title":"","jetpack_seo_noindex":false,"_EventAllDay":false,"_EventTimezone":"","_EventStartDate":"","_EventEndDate":"","_EventStartDateUTC":"","_EventEndDateUTC":"","_EventShowMap":false,"_EventShowMapLink":false,"_EventURL":"","_EventCost":"","_EventCostDescription":"","_EventCurrencySymbol":"","_EventCurrencyCode":"","_EventCurrencyPosition":"","_EventDateTimeSeparator":"","_EventTimeRangeSeparator":"","_EventOrganizerID":[],"_EventVenueID":[],"_OrganizerEmail":"","_OrganizerPhone":"","_OrganizerWebsite":"","_VenueAddress":"","_VenueCity":"","_VenueCountry":"","_VenueProvince":"","_VenueState":"","_VenueZip":"","_VenuePhone":"","_VenueURL":"","_VenueStateProvince":"","_VenueLat":"","_VenueLng":"","_VenueShowMap":false,"_VenueShowMapLink":false,"jetpack_post_was_ever_published":false,"_jetpack_newsletter_access":"","_jetpack_dont_email_post_to_subs":false,"_jetpack_newsletter_tier_id":0,"_jetpack_memberships_contains_paywalled_content":false,"_jetpack_memberships_contains_paid_content":false,"footnotes":""},"categories":[368],"tags":[823,812,17],"class_list":["post-13812","post","type-post","status-publish","format-standard","has-post-thumbnail","hentry","category-aufgelesen","tag-aufgelesen","tag-pressespiegel","tag-medien"],"jetpack_featured_media_url":"https:\/\/i0.wp.com\/ralupo.me\/wp-content\/uploads\/2024\/02\/IMG_9868-scaled.jpeg?fit=2560%2C1920&ssl=1","jetpack_sharing_enabled":true,"jetpack-related-posts":[{"id":10631,"url":"https:\/\/ralupo.me\/en\/archive\/10631","url_meta":{"origin":13812,"position":0},"title":"Aufgelesen: Lupos Lesewoche","author":"Lupo","date":"14. September 2023","format":false,"excerpt":"[:de]Berlin wird Partnerstadt von Kyiv. Und trotzdem darf Anna Netrebko an der Berliner Staatsoper auftreten. Die FAZ schreibt \u00fcber russischen Kulturimperialismus.[:]","rel":"","context":"In &quot;Aufgelesen&quot;","block_context":{"text":"Aufgelesen","link":"https:\/\/ralupo.me\/en\/archive\/category\/aufgelesen"},"img":{"alt_text":"","src":"https:\/\/i0.wp.com\/ralupo.me\/wp-content\/uploads\/2022\/01\/img_4034-scaled-e1643470482736.jpg?fit=1200%2C900&ssl=1&resize=350%2C200","width":350,"height":200,"srcset":"https:\/\/i0.wp.com\/ralupo.me\/wp-content\/uploads\/2022\/01\/img_4034-scaled-e1643470482736.jpg?fit=1200%2C900&ssl=1&resize=350%2C200 1x, https:\/\/i0.wp.com\/ralupo.me\/wp-content\/uploads\/2022\/01\/img_4034-scaled-e1643470482736.jpg?fit=1200%2C900&ssl=1&resize=525%2C300 1.5x, https:\/\/i0.wp.com\/ralupo.me\/wp-content\/uploads\/2022\/01\/img_4034-scaled-e1643470482736.jpg?fit=1200%2C900&ssl=1&resize=700%2C400 2x, https:\/\/i0.wp.com\/ralupo.me\/wp-content\/uploads\/2022\/01\/img_4034-scaled-e1643470482736.jpg?fit=1200%2C900&ssl=1&resize=1050%2C600 3x"},"classes":[]},{"id":15215,"url":"https:\/\/ralupo.me\/en\/archive\/15215","url_meta":{"origin":13812,"position":1},"title":"Aufgelesen: Lupos Leseliste #22","author":"Lupo","date":"19. October 2025","format":false,"excerpt":"[:de] In Frankfurt am Mai wurde am gestrigen Samstag Karl Schl\u00f6gel der Friedenspreis des deutschen Buchhandels verliehen. Die Laudatio bei der Veranstaltung in der Frankfurter Paulskirche hielt die aus der Ukraine stammende Autorin und Publizistin Katja Petrowskaja. Sie erinnerte in ihrer Rede an den Moment, als Karl Schl\u00f6gel in der\u2026","rel":"","context":"In &quot;Aufgelesen&quot;","block_context":{"text":"Aufgelesen","link":"https:\/\/ralupo.me\/en\/archive\/category\/aufgelesen"},"img":{"alt_text":"","src":"","width":0,"height":0},"classes":[]},{"id":14024,"url":"https:\/\/ralupo.me\/en\/archive\/14024","url_meta":{"origin":13812,"position":2},"title":"Aufgelesen: Lupos Lesewoche #11","author":"Lupo","date":"2. June 2024","format":false,"excerpt":"[:de] W\u00e4hrend sich der v\u00f6llig \u00fcberf\u00fcllte RegionalExpress die an der Nahe entlang schl\u00e4ngelt, verbleibt ein wenig Zeit, die aktuelle Lesewoche zusammenzustellen. * Der Krieg in der Ukraine ist wieder um seine sinnlose Debatte reicher. Ja, die Ukraine darf auch mit westlichen Waffen auf russisches Territorium zur\u00fcckschie\u00dfen, weil und wenn sie\u2026","rel":"","context":"In &quot;Aufgelesen&quot;","block_context":{"text":"Aufgelesen","link":"https:\/\/ralupo.me\/en\/archive\/category\/aufgelesen"},"img":{"alt_text":"","src":"https:\/\/i0.wp.com\/ralupo.me\/wp-content\/uploads\/2024\/05\/IMG_0711-scaled.jpeg?fit=1200%2C900&ssl=1&resize=350%2C200","width":350,"height":200,"srcset":"https:\/\/i0.wp.com\/ralupo.me\/wp-content\/uploads\/2024\/05\/IMG_0711-scaled.jpeg?fit=1200%2C900&ssl=1&resize=350%2C200 1x, https:\/\/i0.wp.com\/ralupo.me\/wp-content\/uploads\/2024\/05\/IMG_0711-scaled.jpeg?fit=1200%2C900&ssl=1&resize=525%2C300 1.5x, https:\/\/i0.wp.com\/ralupo.me\/wp-content\/uploads\/2024\/05\/IMG_0711-scaled.jpeg?fit=1200%2C900&ssl=1&resize=700%2C400 2x, https:\/\/i0.wp.com\/ralupo.me\/wp-content\/uploads\/2024\/05\/IMG_0711-scaled.jpeg?fit=1200%2C900&ssl=1&resize=1050%2C600 3x"},"classes":[]},{"id":2882,"url":"https:\/\/ralupo.me\/en\/archive\/2882","url_meta":{"origin":13812,"position":3},"title":"Die Woche. Der R\u00fcckblick.","author":"Lupo","date":"15. January 2022","format":false,"excerpt":"Der Aufmacher der NZZ von letzter Woche hat sich bedauerlicherweise als Ente erwiesen. Die Welt ist leider nicht untergegangen. Omikron: Virusvarianten kommen und gehen, die Hysterie bleibtAuf die Omikron-Welle reagieren die Medien mit d\u00fcsteren Szenarien. Die Politik greift das begierig auf. Die Debatte um die Impfpflicht ist das beste Beispiel\u2026","rel":"","context":"In &quot;Aufgelesen&quot;","block_context":{"text":"Aufgelesen","link":"https:\/\/ralupo.me\/en\/archive\/category\/aufgelesen"},"img":{"alt_text":"","src":"https:\/\/i0.wp.com\/ralupo.me\/wp-content\/uploads\/2022\/01\/img_3842-scaled.jpg?fit=1200%2C900&ssl=1&resize=350%2C200","width":350,"height":200,"srcset":"https:\/\/i0.wp.com\/ralupo.me\/wp-content\/uploads\/2022\/01\/img_3842-scaled.jpg?fit=1200%2C900&ssl=1&resize=350%2C200 1x, https:\/\/i0.wp.com\/ralupo.me\/wp-content\/uploads\/2022\/01\/img_3842-scaled.jpg?fit=1200%2C900&ssl=1&resize=525%2C300 1.5x, https:\/\/i0.wp.com\/ralupo.me\/wp-content\/uploads\/2022\/01\/img_3842-scaled.jpg?fit=1200%2C900&ssl=1&resize=700%2C400 2x, https:\/\/i0.wp.com\/ralupo.me\/wp-content\/uploads\/2022\/01\/img_3842-scaled.jpg?fit=1200%2C900&ssl=1&resize=1050%2C600 3x"},"classes":[]},{"id":3076,"url":"https:\/\/ralupo.me\/en\/archive\/3076","url_meta":{"origin":13812,"position":4},"title":"Wochenr\u00fcckblick","author":"Lupo","date":"29. January 2022","format":false,"excerpt":"Die politische Woche beendet der AfD-Vorsitzende J\u00f6rg Meuthen mit seinem R\u00fccktritt. Wie es in dieser Partei \u00fcblich ist, tritt der Vorsitzende nicht nur zur\u00fcck, sondern gleich ganz aus der Partei aus. \u00dcblicherweise entdecken die jeweiligen Vorsitzenden, Lucke, Petry, Meuthen, gegen Ende ihrer Amtszeit, dass die Partei nach rechts r\u00fccke und\u2026","rel":"","context":"In &quot;Aufgelesen&quot;","block_context":{"text":"Aufgelesen","link":"https:\/\/ralupo.me\/en\/archive\/category\/aufgelesen"},"img":{"alt_text":"","src":"https:\/\/i0.wp.com\/ralupo.me\/wp-content\/uploads\/2022\/01\/img_4034-scaled-e1643470482736.jpg?fit=1200%2C900&ssl=1&resize=350%2C200","width":350,"height":200,"srcset":"https:\/\/i0.wp.com\/ralupo.me\/wp-content\/uploads\/2022\/01\/img_4034-scaled-e1643470482736.jpg?fit=1200%2C900&ssl=1&resize=350%2C200 1x, https:\/\/i0.wp.com\/ralupo.me\/wp-content\/uploads\/2022\/01\/img_4034-scaled-e1643470482736.jpg?fit=1200%2C900&ssl=1&resize=525%2C300 1.5x, https:\/\/i0.wp.com\/ralupo.me\/wp-content\/uploads\/2022\/01\/img_4034-scaled-e1643470482736.jpg?fit=1200%2C900&ssl=1&resize=700%2C400 2x, https:\/\/i0.wp.com\/ralupo.me\/wp-content\/uploads\/2022\/01\/img_4034-scaled-e1643470482736.jpg?fit=1200%2C900&ssl=1&resize=1050%2C600 3x"},"classes":[]},{"id":13990,"url":"https:\/\/ralupo.me\/en\/archive\/13990","url_meta":{"origin":13812,"position":5},"title":"Aufgelesen: Lupos Lesewoche #10","author":"Lupo","date":"19. May 2024","format":false,"excerpt":"[:de] Nachdem die Pfingsttage erk\u00e4ltungsbedingt ruhiger ausgefallen waren als geplant, fand sich etwas Zeit f\u00fcr eine Leseliste mit den Ereignissen der letzten Tage und Wochen. * Es ist zu wenig! | Dieser Tage r\u00fchmt sich der \"Friedenskanzler\", was Deutschland (und er) alles f\u00fcr die Ukraine tue. Dabei r\u00fccken Experten die\u2026","rel":"","context":"In &quot;Aufgelesen&quot;","block_context":{"text":"Aufgelesen","link":"https:\/\/ralupo.me\/en\/archive\/category\/aufgelesen"},"img":{"alt_text":"","src":"https:\/\/i0.wp.com\/ralupo.me\/wp-content\/uploads\/2024\/05\/IMG_2101-scaled.jpeg?fit=1200%2C900&ssl=1&resize=350%2C200","width":350,"height":200,"srcset":"https:\/\/i0.wp.com\/ralupo.me\/wp-content\/uploads\/2024\/05\/IMG_2101-scaled.jpeg?fit=1200%2C900&ssl=1&resize=350%2C200 1x, https:\/\/i0.wp.com\/ralupo.me\/wp-content\/uploads\/2024\/05\/IMG_2101-scaled.jpeg?fit=1200%2C900&ssl=1&resize=525%2C300 1.5x, https:\/\/i0.wp.com\/ralupo.me\/wp-content\/uploads\/2024\/05\/IMG_2101-scaled.jpeg?fit=1200%2C900&ssl=1&resize=700%2C400 2x, https:\/\/i0.wp.com\/ralupo.me\/wp-content\/uploads\/2024\/05\/IMG_2101-scaled.jpeg?fit=1200%2C900&ssl=1&resize=1050%2C600 3x"},"classes":[]}],"jetpack_shortlink":"https:\/\/wp.me\/pcanHs-3AM","_links":{"self":[{"href":"https:\/\/ralupo.me\/en\/wp-json\/wp\/v2\/posts\/13812","targetHints":{"allow":["GET"]}}],"collection":[{"href":"https:\/\/ralupo.me\/en\/wp-json\/wp\/v2\/posts"}],"about":[{"href":"https:\/\/ralupo.me\/en\/wp-json\/wp\/v2\/types\/post"}],"author":[{"embeddable":true,"href":"https:\/\/ralupo.me\/en\/wp-json\/wp\/v2\/users\/1"}],"replies":[{"embeddable":true,"href":"https:\/\/ralupo.me\/en\/wp-json\/wp\/v2\/comments?post=13812"}],"version-history":[{"count":2,"href":"https:\/\/ralupo.me\/en\/wp-json\/wp\/v2\/posts\/13812\/revisions"}],"predecessor-version":[{"id":13816,"href":"https:\/\/ralupo.me\/en\/wp-json\/wp\/v2\/posts\/13812\/revisions\/13816"}],"wp:featuredmedia":[{"embeddable":true,"href":"https:\/\/ralupo.me\/en\/wp-json\/wp\/v2\/media\/13733"}],"wp:attachment":[{"href":"https:\/\/ralupo.me\/en\/wp-json\/wp\/v2\/media?parent=13812"}],"wp:term":[{"taxonomy":"category","embeddable":true,"href":"https:\/\/ralupo.me\/en\/wp-json\/wp\/v2\/categories?post=13812"},{"taxonomy":"post_tag","embeddable":true,"href":"https:\/\/ralupo.me\/en\/wp-json\/wp\/v2\/tags?post=13812"}],"curies":[{"name":"wp","href":"https:\/\/api.w.org\/{rel}","templated":true}]}}