{"id":13746,"date":"2024-02-29T13:21:03","date_gmt":"2024-02-29T12:21:03","guid":{"rendered":"https:\/\/ralupo.me\/?p=13746"},"modified":"2024-02-29T13:25:10","modified_gmt":"2024-02-29T12:25:10","slug":"tiraspol-bittet-moskau-um-schutz","status":"publish","type":"post","link":"https:\/\/ralupo.me\/en\/archive\/13746","title":{"rendered":"Transnistrien bittet (wieder) um Schutz aus Moskau"},"content":{"rendered":"<span class=\"span-reading-time rt-reading-time\" style=\"display: block;\"><span class=\"rt-label rt-prefix\">Lesedauer<\/span> <span class=\"rt-time\"> 3<\/span> <span class=\"rt-label rt-postfix\">Minuten<\/span><\/span>\n<p class=\"wp-block-paragraph\">Gestern gab es wieder Schlagzeilen \u00fcber einen angeblichen Hilferuf aus der von Moldau abtr\u00fcnnigen Region &#8220;Transnistrien&#8221;. Die parlamentarische Versammlung des international nicht anerkannten Staates &#8220;Transnistrien&#8221; bittet in Moskau um Hilfe. Der Staat &#8220;Transnistrien&#8221; ist eine typische Scheinrepublik unter russischem Einfluss. Wirtschaftlich und politisch von Moskau abh\u00e4ngig, politisch &#8220;verwaltet&#8221; von dubiosen Oligarchen ist Transnistrien ein gro\u00dfes Freiluftmuseum der untergegangenen Sowjetunion geworden. International ist der Landstrich zwischen dem Flu\u00df Dnister und der ukrainischen Grenze, der kaum breiter als 20 Kilometer ist, nicht als Staat anerkannt, sogar von Moskau nicht. Angeblich f\u00fchlt man sich dort von Moldau bedr\u00e4ngt und bittet in Moskau um Schutz &#8211; ein altbekanntes Drehbuch f\u00fcr russische Invasionen, wie zuletzt in der Ukraine und zuvor in Georgien zu sehen war.<\/p>\n\n\n<div class=\"vlp-link-container vlp-template-default wp-block-visual-link-preview-link\">\n\t<a href=\"https:\/\/www.faz.net\/aktuell\/reise\/reise-nach-transnistrien-ein-staat-der-nicht-anerkannt-ist-16733455.html\" class=\"vlp-link\" title=\"Reise nach Transnistrien \u2013 ein Staat, der nicht anerkannt ist\" rel=\"nofollow\" target=\"_blank\"><\/a>\t\t<div class=\"vlp-link-image-container\">\n\t\t<div class=\"vlp-link-image\">\n\t\t\t<img data-recalc-dims=\"1\" decoding=\"async\" src=\"https:\/\/i0.wp.com\/media0.faz.net\/ppmedia\/aktuell\/1564041593\/1.6733452\/facebook_teaser\/kommunismus-kirche.jpg?ssl=1\" style=\"max-width: 150px; max-height: 150px\" \/>\t\t<\/div>\n\t<\/div>\n\t\t<div class=\"vlp-link-text-container\">\n\t\t\t\t<div class=\"vlp-link-title\">\n\t\t\tReise nach Transnistrien \u2013 ein Staat, der nicht anerkannt ist\t\t<\/div>\n\t\t\t\t\t\t<div class=\"vlp-link-summary\">\n\t\t\tVor drei\u00dfig Jahren erkl\u00e4rte sich die Republik Transnistrien f\u00fcr unabh\u00e4ngig. Anerkannt wird sie seitdem von niemandem \u2013 willkommen in einem Staat, den es gar nicht gibt und dem das gar nichts ausmacht.\t\t<\/div>\n\t\t\t<\/div>\n<\/div>\n\n\n\n<p class=\"wp-block-paragraph\">Dem \u00fcber Jahrzehnte eingefrorenen Konflikt war eine gewaltsame milit\u00e4rische Auseinandersetzung zwischen den Separatisten und dem Milit\u00e4r der Republik Moldau mit Toten und Verletzen vorausgegangen. Seither sollen sich 1.500 russische Soldaten als &#8220;Friedenstruppen&#8221; in Transnistrien aufhalten, allerdings, so ist zu h\u00f6ren, befinden sich darunter kaum noch russische Soldaten, sondern vielmehr M\u00e4nner aus Transnistrien, die mittlerweile einen russischen Pass besitzen, die in dem abtr\u00fcnnigen Gebiet von Moskau fleissig verteilt werden.<\/p>\n\n\n\n<p class=\"wp-block-paragraph\">Schon nach Beginn der russischen Invasion in der Ukraine gingen merkw\u00fcrdige Provokationen in Transnistrien vor sich, die \u00c4ngste sch\u00fcrten, der Konflikt taue wieder auf und Russland werde eine zweite Front er\u00f6ffnen. Das ist nicht geschehen und Russland d\u00fcrfte tats\u00e4chlich derzeit dazu auch gar nicht in der Lage sein. Tats\u00e4chlich <a href=\"https:\/\/www.faz.net\/aktuell\/politik\/ausland\/russland-und-transnistrien-sorge-vor-eskalation-ist-unbegruendet-19553552.html\">gestaltet sich bereits die wirtschaftliche Lage in der Region schwierig, weil die Unterst\u00fctzung aus Moskau nicht mehr so \u00fcppig erfolgt,<\/a> wie vor dem russischen Angriff auf die Ukraine. Die Reaktionen auf die Bitten um russischen Schutz aus Tiraspol, wurden in Moskau geh\u00f6rt, der Schutz russischer Staatsb\u00fcrger habe &#8220;Priorit\u00e4t&#8221; hie\u00df es, dabei blieb es aber auch bislang. Dass man in Moskau von einer Landbr\u00fccke entlang des schwarzen Meeres vom Donbas \u00fcber Odesa bis an die moldauische Grenze tr\u00e4umt, ist hinreichend bekannt.<\/p>\n\n\n<div class=\"vlp-link-container vlp-template-default wp-block-visual-link-preview-link\">\n\t<a href=\"https:\/\/ralupo.me\/archive\/4965\" class=\"vlp-link\" title=\"Taut der Konflikt um Transnistrien wieder auf?\" rel=\"nofollow\" target=\"_blank\"><\/a>\t\t<div class=\"vlp-link-image-container\">\n\t\t<div class=\"vlp-link-image\">\n\t\t\t<img decoding=\"async\" src=\"https:\/\/i0.wp.com\/ralupo.me\/wp-content\/uploads\/2022\/04\/IMG_7528-scaled.jpeg?fit=1200%2C900&amp;ssl=1\" style=\"max-width: 150px; max-height: 150px\" \/>\t\t<\/div>\n\t<\/div>\n\t\t<div class=\"vlp-link-text-container\">\n\t\t\t\t<div class=\"vlp-link-title\">\n\t\t\tTaut der Konflikt um Transnistrien wieder auf?\t\t<\/div>\n\t\t\t\t\t\t<div class=\"vlp-link-summary\">\n\t\t\tNachdem es gestern suspekte Explosionen in der von der Republik Moldau abtr\u00fcnnigen Region \u201cTransnistrien\u201d gegeben hat, bei der zwei Funkt\u00fcrme besch\u00e4digt wurden, haben die Spannungen im \u2026\t\t<\/div>\n\t\t\t<\/div>\n<\/div>\n\n\n\n<p class=\"wp-block-paragraph\">Der Staat Moldau indes nimmt Kurs auf die EU und die europ\u00e4ische Integration. Der Staat, der als einer der \u00e4rmsten in Europa gilt, erhofft sich dadurch wirtschaftlichen und politischen Aufschwung. Russland hat immer wieder versucht, auch die ganze Republik Moldau unter seinen Einfluss zu bekommen, darunter geh\u00f6rten finanzierte politische Kampagnen, Desinformation zur Destabilisierung der moldauischen Regierung und auch Erpressung mit der Einstellung von Energieversorgung, von der Moldau \u00fcber Jahre abh\u00e4ngig war.  Russischen Einfluss in Moldau dr\u00e4ngt die Regierung in Chisinau allerdings mittlerweile immer weiter zur\u00fcck, diversifiziert die Energieversorgung und k\u00fcndigt nach und nach ihre Mitgliedschaft in postsowjetischen Institutionen der GUS, um sich weiter an die EU zu binden.<\/p>\n\n\n<div class=\"vlp-link-container vlp-template-default wp-block-visual-link-preview-link\">\n\t<a href=\"https:\/\/www.deutschlandfunk.de\/moldau-transnistrien-land-und-probleme-100.html\" class=\"vlp-link\" title=\"Moldau, Transnistrien und die Angst vor Russland\" rel=\"nofollow\" target=\"_blank\"><\/a>\t\t<div class=\"vlp-link-image-container\">\n\t\t<div class=\"vlp-link-image\">\n\t\t\t<img data-recalc-dims=\"1\" height=\"1080\" width=\"1920\" decoding=\"async\" src=\"https:\/\/i0.wp.com\/bilder.deutschlandfunk.de\/e1\/2e\/87\/c3\/e12e87c3-f800-492c-a5ad-de2c55f49632\/moldau-100-1920x1080.jpg?resize=1920%2C1080&#038;ssl=1\" style=\"max-width: 150px; max-height: 150px\" \/>\t\t<\/div>\n\t<\/div>\n\t\t<div class=\"vlp-link-text-container\">\n\t\t\t\t<div class=\"vlp-link-title\">\n\t\t\tMoldau, Transnistrien und die Angst vor Russland\t\t<\/div>\n\t\t\t\t\t\t<div class=\"vlp-link-summary\">\n\t\t\tJ\u00fcngste Entwicklungen in der Republik Moldau befeuern die Sorge, dass Russland die Kontrolle in der ehemaligen Sowjet-Republik \u00fcbernehmen will. Ein \u00dcberblick.\t\t<\/div>\n\t\t\t<\/div>\n<\/div>\n\n\n\n<p class=\"wp-block-paragraph\"><a href=\"https:\/\/www.n-tv.de\/politik\/Was-eine-Eskalation-in-Transnistrien-bedeuten-wuerde-article24771301.html\">Experten sehen das Schutzersuchen aus Tiraspol indes gelassen. Dergleichen habe es in den vergangenen Jahrzehnten immer wieder gegeben.<\/a> Eine konkrete russische Intervention in der Region w\u00e4re f\u00fcr Moskau heikel und derzeit auch kaum zu bewerkstelligen. Es d\u00fcrfte sich vielmehr um ein Drehbuch handeln, das in Westeuropa \u00c4ngste sch\u00fcren soll. Es zeigt aber auch, dass eingefrorene Konflikte jederzeit wieder auftauen k\u00f6nnen und keine dauerhafte L\u00f6sung sind. Das sollte man auch mit Blick auf die Ukraine und die dortigen besetzten Gebiete bedenken.<\/p>\n<br\/><br\/><div class=\"geolocation-plain\" id=\"geolocation13746\">Posted from Frankfurt am Main, Altstadt, Deutschland.<\/div>","protected":false},"excerpt":{"rendered":"<p>Gestern gab es wieder Schlagzeilen \u00fcber einen angeblichen Hilferuf aus der von Moldau abtr\u00fcnnigen Region &#8220;Transnistrien&#8221;. Die parlamentarische Versammlung des international nicht anerkannten Staates &#8220;Transnistrien&#8221; bittet in Moskau um Hilfe. [&hellip;]<\/p>\n","protected":false},"author":1,"featured_media":809,"comment_status":"open","ping_status":"open","sticky":false,"template":"","format":"standard","meta":{"_crdt_document":"","advanced_seo_description":"","jetpack_seo_html_title":"","jetpack_seo_noindex":false,"_EventAllDay":false,"_EventTimezone":"","_EventStartDate":"","_EventEndDate":"","_EventStartDateUTC":"","_EventEndDateUTC":"","_EventShowMap":false,"_EventShowMapLink":false,"_EventURL":"","_EventCost":"","_EventCostDescription":"","_EventCurrencySymbol":"","_EventCurrencyCode":"","_EventCurrencyPosition":"","_EventDateTimeSeparator":"","_EventTimeRangeSeparator":"","_EventOrganizerID":[],"_EventVenueID":[],"_OrganizerEmail":"","_OrganizerPhone":"","_OrganizerWebsite":"","_VenueAddress":"","_VenueCity":"","_VenueCountry":"","_VenueProvince":"","_VenueState":"","_VenueZip":"","_VenuePhone":"","_VenueURL":"","_VenueStateProvince":"","_VenueLat":"","_VenueLng":"","_VenueShowMap":false,"_VenueShowMapLink":false,"jetpack_post_was_ever_published":false,"_jetpack_newsletter_access":"","_jetpack_dont_email_post_to_subs":false,"_jetpack_newsletter_tier_id":0,"_jetpack_memberships_contains_paywalled_content":false,"_jetpack_memberships_contains_paid_content":false,"footnotes":""},"categories":[724],"tags":[1005,1004,699,436,416],"class_list":["post-13746","post","type-post","status-publish","format-standard","has-post-thumbnail","hentry","category-europa","tag-schutz","tag-tiraspol","tag-transnistrien","tag-krieg","tag-moldau"],"jetpack_featured_media_url":"https:\/\/i0.wp.com\/ralupo.me\/wp-content\/uploads\/2020\/08\/img_7879.jpg?fit=2560%2C1920&ssl=1","jetpack_sharing_enabled":true,"jetpack-related-posts":[{"id":4965,"url":"https:\/\/ralupo.me\/en\/archive\/4965","url_meta":{"origin":13746,"position":0},"title":"Taut der Konflikt um Transnistrien wieder auf?","author":"Lupo","date":"26. April 2022","format":false,"excerpt":"[:de] Nachdem es gestern suspekte Explosionen in der von der Republik Moldau abtr\u00fcnnigen Region \"Transnistrien\" gegeben hat, bei der zwei Funkt\u00fcrme besch\u00e4digt wurden, haben die Spannungen im lange ruhigen Konflikt um die von Moldau abtr\u00fcnnige Region zugenommen. Wer f\u00fcr die Explosionen verantwortlich ist, ist derzeit unbekannt. Auff\u00e4llig ist dabei, dass\u2026","rel":"","context":"In &quot;Politik&quot;","block_context":{"text":"Politik","link":"https:\/\/ralupo.me\/en\/archive\/category\/politik"},"img":{"alt_text":"","src":"https:\/\/i0.wp.com\/ralupo.me\/wp-content\/uploads\/2022\/04\/IMG_7528-scaled.jpeg?fit=1200%2C900&ssl=1&resize=350%2C200","width":350,"height":200,"srcset":"https:\/\/i0.wp.com\/ralupo.me\/wp-content\/uploads\/2022\/04\/IMG_7528-scaled.jpeg?fit=1200%2C900&ssl=1&resize=350%2C200 1x, https:\/\/i0.wp.com\/ralupo.me\/wp-content\/uploads\/2022\/04\/IMG_7528-scaled.jpeg?fit=1200%2C900&ssl=1&resize=525%2C300 1.5x, https:\/\/i0.wp.com\/ralupo.me\/wp-content\/uploads\/2022\/04\/IMG_7528-scaled.jpeg?fit=1200%2C900&ssl=1&resize=700%2C400 2x, https:\/\/i0.wp.com\/ralupo.me\/wp-content\/uploads\/2022\/04\/IMG_7528-scaled.jpeg?fit=1200%2C900&ssl=1&resize=1050%2C600 3x"},"classes":[]},{"id":14983,"url":"https:\/\/ralupo.me\/en\/archive\/14983","url_meta":{"origin":13746,"position":1},"title":"Transnistrien kollabiert: Moskaus Macht in Moldau br\u00f6ckelt","author":"Lupo","date":"19. June 2025","format":false,"excerpt":"[:de] Transnistrien, die abtr\u00fcnnige Region in Moldau und einer der \u00e4ltesten russischen Vorposten in Osteuropa, steht am Rande des wirtschaftlichen und sozialen Zusammenbruchs. Nach \u00fcber drei Jahrzehnten russischer Subventionen und milit\u00e4rischer Pr\u00e4senz kann die von Moskau unterst\u00fctzte F\u00fchrung ihre Ausgaben nicht mehr decken. L\u00f6hne bleiben aus, Strom f\u00e4llt stundenweise aus,\u2026","rel":"","context":"In &quot;Politik&quot;","block_context":{"text":"Politik","link":"https:\/\/ralupo.me\/en\/archive\/category\/politik"},"img":{"alt_text":"","src":"https:\/\/i0.wp.com\/ralupo.me\/wp-content\/uploads\/2023\/12\/IMG_7503-scaled.jpeg?fit=1200%2C900&ssl=1&resize=350%2C200","width":350,"height":200,"srcset":"https:\/\/i0.wp.com\/ralupo.me\/wp-content\/uploads\/2023\/12\/IMG_7503-scaled.jpeg?fit=1200%2C900&ssl=1&resize=350%2C200 1x, https:\/\/i0.wp.com\/ralupo.me\/wp-content\/uploads\/2023\/12\/IMG_7503-scaled.jpeg?fit=1200%2C900&ssl=1&resize=525%2C300 1.5x, https:\/\/i0.wp.com\/ralupo.me\/wp-content\/uploads\/2023\/12\/IMG_7503-scaled.jpeg?fit=1200%2C900&ssl=1&resize=700%2C400 2x, https:\/\/i0.wp.com\/ralupo.me\/wp-content\/uploads\/2023\/12\/IMG_7503-scaled.jpeg?fit=1200%2C900&ssl=1&resize=1050%2C600 3x"},"classes":[]},{"id":13001,"url":"https:\/\/ralupo.me\/en\/archive\/13001","url_meta":{"origin":13746,"position":2},"title":"Silvester in Moldau","author":"Lupo","date":"31. December 2023","format":false,"excerpt":"[:de] Letztes Jahr Silvester in Tallinn, dieses Jahr ging es in die Hauptstadt der Republik Moldau: Nach Chisinau. In der Republik Moldau, die \u00fcbrigens nichts mit dem gleichnamigen Fluss zu tun hat, leben circa 2,7 Millionen Menschen. Das kleine Land in Osteuropa grenzt an Rum\u00e4nien im Westen und die Ukraine\u2026","rel":"","context":"In &quot;Eastbound&quot;","block_context":{"text":"Eastbound","link":"https:\/\/ralupo.me\/en\/archive\/category\/eastbound"},"img":{"alt_text":"","src":"https:\/\/i0.wp.com\/ralupo.me\/wp-content\/uploads\/2023\/12\/IMG_7524-2.jpeg?fit=1200%2C900&ssl=1&resize=350%2C200","width":350,"height":200,"srcset":"https:\/\/i0.wp.com\/ralupo.me\/wp-content\/uploads\/2023\/12\/IMG_7524-2.jpeg?fit=1200%2C900&ssl=1&resize=350%2C200 1x, https:\/\/i0.wp.com\/ralupo.me\/wp-content\/uploads\/2023\/12\/IMG_7524-2.jpeg?fit=1200%2C900&ssl=1&resize=525%2C300 1.5x, https:\/\/i0.wp.com\/ralupo.me\/wp-content\/uploads\/2023\/12\/IMG_7524-2.jpeg?fit=1200%2C900&ssl=1&resize=700%2C400 2x, https:\/\/i0.wp.com\/ralupo.me\/wp-content\/uploads\/2023\/12\/IMG_7524-2.jpeg?fit=1200%2C900&ssl=1&resize=1050%2C600 3x"},"classes":[]},{"id":12798,"url":"https:\/\/ralupo.me\/en\/archive\/12798","url_meta":{"origin":13746,"position":3},"title":"Moldaus Pr\u00e4sidentin will Referendum \u00fcber EU-Beitritt","author":"Lupo","date":"26. December 2023","format":false,"excerpt":"[:de]Die moldauische Pr\u00e4sidentin Maia Sandu hat an Weihnachten in einer Ansprache angek\u00fcndigt, f\u00fcr eine weitere Amtszeit zu kandidieren. Ferner will sie das moldauische Parlament zu bitten, ein Referendum abzuhalten: Die B\u00fcrger sollen \u00fcber den Beitritt Moldaus zur Europ\u00e4ischen Union abstimmen k\u00f6nnen. Sandu ist seit drei Jahren im Amt.[:]","rel":"","context":"In &quot;Europa&quot;","block_context":{"text":"Europa","link":"https:\/\/ralupo.me\/en\/archive\/category\/europa"},"img":{"alt_text":"","src":"https:\/\/i0.wp.com\/ralupo.me\/wp-content\/uploads\/2020\/08\/img_7850-scaled.jpg?fit=1200%2C900&ssl=1&resize=350%2C200","width":350,"height":200,"srcset":"https:\/\/i0.wp.com\/ralupo.me\/wp-content\/uploads\/2020\/08\/img_7850-scaled.jpg?fit=1200%2C900&ssl=1&resize=350%2C200 1x, https:\/\/i0.wp.com\/ralupo.me\/wp-content\/uploads\/2020\/08\/img_7850-scaled.jpg?fit=1200%2C900&ssl=1&resize=525%2C300 1.5x, https:\/\/i0.wp.com\/ralupo.me\/wp-content\/uploads\/2020\/08\/img_7850-scaled.jpg?fit=1200%2C900&ssl=1&resize=700%2C400 2x, https:\/\/i0.wp.com\/ralupo.me\/wp-content\/uploads\/2020\/08\/img_7850-scaled.jpg?fit=1200%2C900&ssl=1&resize=1050%2C600 3x"},"classes":[]},{"id":15183,"url":"https:\/\/ralupo.me\/en\/archive\/15183","url_meta":{"origin":13746,"position":4},"title":"OSZE beklagt Akte &#8220;beispielloser Einmischung von au\u00dfen&#8221; bei Moldau-Wahl","author":"Lupo","date":"29. September 2025","format":false,"excerpt":"[:de] Die Parlamentswahlen in Moldau am 28. September 2025 haben nach Einsch\u00e4tzung internationaler Beobachter den B\u00fcrgerinnen und B\u00fcrgern eine echte politische Wahl geboten, litten jedoch unter beispielloser Einmischung von au\u00dfen. Vertreter der OSZE, der Parlamentarischen Versammlung des Europarats und des Europ\u00e4ischen Parlaments warnten vor illegaler Parteienfinanzierung, gezielten Cyberangriffen und gro\u00df\u2026","rel":"","context":"In &quot;Europa&quot;","block_context":{"text":"Europa","link":"https:\/\/ralupo.me\/en\/archive\/category\/europa"},"img":{"alt_text":"","src":"https:\/\/i0.wp.com\/ralupo.me\/wp-content\/uploads\/2025\/09\/Bild-scaled.png?fit=1200%2C675&ssl=1&resize=350%2C200","width":350,"height":200,"srcset":"https:\/\/i0.wp.com\/ralupo.me\/wp-content\/uploads\/2025\/09\/Bild-scaled.png?fit=1200%2C675&ssl=1&resize=350%2C200 1x, https:\/\/i0.wp.com\/ralupo.me\/wp-content\/uploads\/2025\/09\/Bild-scaled.png?fit=1200%2C675&ssl=1&resize=525%2C300 1.5x, https:\/\/i0.wp.com\/ralupo.me\/wp-content\/uploads\/2025\/09\/Bild-scaled.png?fit=1200%2C675&ssl=1&resize=700%2C400 2x, https:\/\/i0.wp.com\/ralupo.me\/wp-content\/uploads\/2025\/09\/Bild-scaled.png?fit=1200%2C675&ssl=1&resize=1050%2C600 3x"},"classes":[]},{"id":2875,"url":"https:\/\/ralupo.me\/en\/archive\/2875","url_meta":{"origin":13746,"position":5},"title":"Tragikkomische Bedeutung","author":"Lupo","date":"14. January 2022","format":false,"excerpt":"In einem offenen Brief haben mehr als 70 deutsche Osteuropa- und Sicherheitsexperten einen h\u00e4rten Kurs der Bundesregierung gegen\u00fcber Russland gefordert. Deutschland d\u00fcrfe der aggressiven Au\u00dfenpolitik des Kremls nicht l\u00e4nger tatenlos zusehen. Die aktuelle Krise an der Ostgrenze der Ukraine stelle auch eine Z\u00e4sur f\u00fcr die Sicherheit in Europa dar. Dem\u2026","rel":"","context":"In &quot;Eastbound&quot;","block_context":{"text":"Eastbound","link":"https:\/\/ralupo.me\/en\/archive\/category\/eastbound"},"img":{"alt_text":"","src":"https:\/\/i0.wp.com\/ralupo.me\/wp-content\/uploads\/2022\/01\/img_5907.jpg?fit=1200%2C900&ssl=1&resize=350%2C200","width":350,"height":200,"srcset":"https:\/\/i0.wp.com\/ralupo.me\/wp-content\/uploads\/2022\/01\/img_5907.jpg?fit=1200%2C900&ssl=1&resize=350%2C200 1x, https:\/\/i0.wp.com\/ralupo.me\/wp-content\/uploads\/2022\/01\/img_5907.jpg?fit=1200%2C900&ssl=1&resize=525%2C300 1.5x, https:\/\/i0.wp.com\/ralupo.me\/wp-content\/uploads\/2022\/01\/img_5907.jpg?fit=1200%2C900&ssl=1&resize=700%2C400 2x, https:\/\/i0.wp.com\/ralupo.me\/wp-content\/uploads\/2022\/01\/img_5907.jpg?fit=1200%2C900&ssl=1&resize=1050%2C600 3x"},"classes":[]}],"jetpack_shortlink":"https:\/\/wp.me\/pcanHs-3zI","_links":{"self":[{"href":"https:\/\/ralupo.me\/en\/wp-json\/wp\/v2\/posts\/13746","targetHints":{"allow":["GET"]}}],"collection":[{"href":"https:\/\/ralupo.me\/en\/wp-json\/wp\/v2\/posts"}],"about":[{"href":"https:\/\/ralupo.me\/en\/wp-json\/wp\/v2\/types\/post"}],"author":[{"embeddable":true,"href":"https:\/\/ralupo.me\/en\/wp-json\/wp\/v2\/users\/1"}],"replies":[{"embeddable":true,"href":"https:\/\/ralupo.me\/en\/wp-json\/wp\/v2\/comments?post=13746"}],"version-history":[{"count":7,"href":"https:\/\/ralupo.me\/en\/wp-json\/wp\/v2\/posts\/13746\/revisions"}],"predecessor-version":[{"id":13753,"href":"https:\/\/ralupo.me\/en\/wp-json\/wp\/v2\/posts\/13746\/revisions\/13753"}],"wp:featuredmedia":[{"embeddable":true,"href":"https:\/\/ralupo.me\/en\/wp-json\/wp\/v2\/media\/809"}],"wp:attachment":[{"href":"https:\/\/ralupo.me\/en\/wp-json\/wp\/v2\/media?parent=13746"}],"wp:term":[{"taxonomy":"category","embeddable":true,"href":"https:\/\/ralupo.me\/en\/wp-json\/wp\/v2\/categories?post=13746"},{"taxonomy":"post_tag","embeddable":true,"href":"https:\/\/ralupo.me\/en\/wp-json\/wp\/v2\/tags?post=13746"}],"curies":[{"name":"wp","href":"https:\/\/api.w.org\/{rel}","templated":true}]}}