{"id":13688,"date":"2024-02-18T21:12:59","date_gmt":"2024-02-18T20:12:59","guid":{"rendered":"https:\/\/ralupo.me\/?p=13688"},"modified":"2024-02-18T21:52:09","modified_gmt":"2024-02-18T20:52:09","slug":"grosskundgebung-fuer-die-ukraine-zu-sicherheitskonferenz","status":"publish","type":"post","link":"https:\/\/ralupo.me\/en\/archive\/13688","title":{"rendered":"Gro\u00dfkundgebung f\u00fcr die Ukraine zur M\u00fcnchner SiKo"},"content":{"rendered":"<span class=\"span-reading-time rt-reading-time\" style=\"display: block;\"><span class=\"rt-label rt-prefix\">Lesedauer<\/span> <span class=\"rt-time\"> 3<\/span> <span class=\"rt-label rt-postfix\">Minuten<\/span><\/span>\n<p class=\"wp-block-paragraph\">Fast drei Stunden hat die proukrainische Demonstration &#8220;Gemeinsam gegen den Krieg&#8221; auf dem M\u00fcnchner Odeonsplatz gedauert. Am Samstag Nachmittag tauchte der Platz vor der Feldherrenhalle in ein Meer aus blau-gelben Fahnen. Zu der Kundgebung am Rande der M\u00fcnchner Sicherheitskonferenz haben sich laut Polizei mehr als 3.000 Menschen versammelt. <\/p>\n\n\n\n<figure class=\"wp-block-image size-large\"><img data-recalc-dims=\"1\" fetchpriority=\"high\" decoding=\"async\" width=\"1024\" height=\"768\" data-attachment-id=\"13674\" data-permalink=\"https:\/\/ralupo.me\/en\/img_9529\" data-orig-file=\"https:\/\/i0.wp.com\/ralupo.me\/wp-content\/uploads\/2024\/02\/IMG_9529-scaled.jpeg?fit=2560%2C1920&amp;ssl=1\" data-orig-size=\"2560,1920\" data-comments-opened=\"1\" data-image-meta=\"{&quot;aperture&quot;:&quot;1.78&quot;,&quot;credit&quot;:&quot;&quot;,&quot;camera&quot;:&quot;iPhone 15 Pro&quot;,&quot;caption&quot;:&quot;&quot;,&quot;created_timestamp&quot;:&quot;1708178941&quot;,&quot;copyright&quot;:&quot;&quot;,&quot;focal_length&quot;:&quot;6.86&quot;,&quot;iso&quot;:&quot;64&quot;,&quot;shutter_speed&quot;:&quot;0.0010351966873706&quot;,&quot;title&quot;:&quot;&quot;,&quot;orientation&quot;:&quot;1&quot;}\" data-image-title=\"IMG_9529\" data-image-description=\"\" data-image-caption=\"\" data-medium-file=\"https:\/\/i0.wp.com\/ralupo.me\/wp-content\/uploads\/2024\/02\/IMG_9529-scaled.jpeg?fit=300%2C225&amp;ssl=1\" data-large-file=\"https:\/\/i0.wp.com\/ralupo.me\/wp-content\/uploads\/2024\/02\/IMG_9529-scaled.jpeg?fit=1024%2C768&amp;ssl=1\" src=\"https:\/\/i0.wp.com\/ralupo.me\/wp-content\/uploads\/2024\/02\/IMG_9529.jpeg?resize=1024%2C768&#038;ssl=1\" alt=\"\" class=\"wp-image-13674\" srcset=\"https:\/\/i0.wp.com\/ralupo.me\/wp-content\/uploads\/2024\/02\/IMG_9529-scaled.jpeg?resize=1024%2C768&amp;ssl=1 1024w, https:\/\/i0.wp.com\/ralupo.me\/wp-content\/uploads\/2024\/02\/IMG_9529-scaled.jpeg?resize=300%2C225&amp;ssl=1 300w, https:\/\/i0.wp.com\/ralupo.me\/wp-content\/uploads\/2024\/02\/IMG_9529-scaled.jpeg?resize=768%2C576&amp;ssl=1 768w, https:\/\/i0.wp.com\/ralupo.me\/wp-content\/uploads\/2024\/02\/IMG_9529-scaled.jpeg?resize=1536%2C1152&amp;ssl=1 1536w, https:\/\/i0.wp.com\/ralupo.me\/wp-content\/uploads\/2024\/02\/IMG_9529-scaled.jpeg?resize=2048%2C1536&amp;ssl=1 2048w\" sizes=\"(max-width: 1000px) 100vw, 1000px\" \/><figcaption class=\"wp-element-caption\">\u00dcber 3.000 Menschen z\u00e4hlte die Polizei am Samstag auf der Kundgebung in M\u00fcnchen<\/figcaption><\/figure>\n\n\n\n<p class=\"wp-block-paragraph\">Geschlossen haben sich auch die demokratischen Parteien auf der Kundgebung pr\u00e4sentiert. R\u00fcdiger B\u00fctikofer, ehemaliger Gr\u00fcnen-Sprecher und Mitglied des Europa-Parlaments unterstrich die Einigkeit aller demokratischen Parteien in der Frage, die Ukraine zu unterst\u00fctzen und zwar mit allem, was sie braucht. Er h\u00e4tte sich, so B\u00fctikofer, auch gew\u00fcnscht, dass die Regierungsfraktionen dem j\u00fcngsten Taurus-Antrag der Union zugestimmt h\u00e4tten. <br><\/p>\n\n\n\n<figure class=\"wp-block-image size-large\"><img data-recalc-dims=\"1\" decoding=\"async\" width=\"1024\" height=\"768\" data-attachment-id=\"13693\" data-permalink=\"https:\/\/ralupo.me\/en\/img_9599-2\" data-orig-file=\"https:\/\/i0.wp.com\/ralupo.me\/wp-content\/uploads\/2024\/02\/IMG_9599-1-scaled.jpeg?fit=2560%2C1920&amp;ssl=1\" data-orig-size=\"2560,1920\" data-comments-opened=\"1\" data-image-meta=\"{&quot;aperture&quot;:&quot;1.78&quot;,&quot;credit&quot;:&quot;&quot;,&quot;camera&quot;:&quot;iPhone 15 Pro&quot;,&quot;caption&quot;:&quot;&quot;,&quot;created_timestamp&quot;:&quot;1708182060&quot;,&quot;copyright&quot;:&quot;&quot;,&quot;focal_length&quot;:&quot;6.86&quot;,&quot;iso&quot;:&quot;80&quot;,&quot;shutter_speed&quot;:&quot;0.0023094688221709&quot;,&quot;title&quot;:&quot;&quot;,&quot;orientation&quot;:&quot;1&quot;}\" data-image-title=\"IMG_9599\" data-image-description=\"\" data-image-caption=\"\" data-medium-file=\"https:\/\/i0.wp.com\/ralupo.me\/wp-content\/uploads\/2024\/02\/IMG_9599-1-scaled.jpeg?fit=300%2C225&amp;ssl=1\" data-large-file=\"https:\/\/i0.wp.com\/ralupo.me\/wp-content\/uploads\/2024\/02\/IMG_9599-1-scaled.jpeg?fit=1024%2C768&amp;ssl=1\" src=\"https:\/\/i0.wp.com\/ralupo.me\/wp-content\/uploads\/2024\/02\/IMG_9599-1.jpeg?resize=1024%2C768&#038;ssl=1\" alt=\"\" class=\"wp-image-13693\" srcset=\"https:\/\/i0.wp.com\/ralupo.me\/wp-content\/uploads\/2024\/02\/IMG_9599-1-scaled.jpeg?resize=1024%2C768&amp;ssl=1 1024w, https:\/\/i0.wp.com\/ralupo.me\/wp-content\/uploads\/2024\/02\/IMG_9599-1-scaled.jpeg?resize=300%2C225&amp;ssl=1 300w, https:\/\/i0.wp.com\/ralupo.me\/wp-content\/uploads\/2024\/02\/IMG_9599-1-scaled.jpeg?resize=768%2C576&amp;ssl=1 768w, https:\/\/i0.wp.com\/ralupo.me\/wp-content\/uploads\/2024\/02\/IMG_9599-1-scaled.jpeg?resize=1536%2C1152&amp;ssl=1 1536w, https:\/\/i0.wp.com\/ralupo.me\/wp-content\/uploads\/2024\/02\/IMG_9599-1-scaled.jpeg?resize=2048%2C1536&amp;ssl=1 2048w\" sizes=\"(max-width: 1000px) 100vw, 1000px\" \/><\/figure>\n\n\n\n<p class=\"wp-block-paragraph\">Gleichwohl waren sich alle Vertreter einig: die Ukraine braucht auch die Taurus-Raketen, entsprechend wurde auch aus der Menge immer wieder &#8220;Taurus, Taurus&#8221; skandiert. Die Unterst\u00fctzung und Solidarit\u00e4t mit der Ukraine ist kein Lippenbekenntnis, unterstrich er.<\/p>\n\n\n\n<figure class=\"wp-block-image size-large\"><img data-recalc-dims=\"1\" decoding=\"async\" width=\"1024\" height=\"768\" data-attachment-id=\"13661\" data-permalink=\"https:\/\/ralupo.me\/en\/img_9605\" data-orig-file=\"https:\/\/i0.wp.com\/ralupo.me\/wp-content\/uploads\/2024\/02\/IMG_9605-scaled.jpeg?fit=2560%2C1920&amp;ssl=1\" data-orig-size=\"2560,1920\" data-comments-opened=\"1\" data-image-meta=\"{&quot;aperture&quot;:&quot;2.8&quot;,&quot;credit&quot;:&quot;&quot;,&quot;camera&quot;:&quot;iPhone 15 Pro&quot;,&quot;caption&quot;:&quot;&quot;,&quot;created_timestamp&quot;:&quot;1708182455&quot;,&quot;copyright&quot;:&quot;&quot;,&quot;focal_length&quot;:&quot;9&quot;,&quot;iso&quot;:&quot;40&quot;,&quot;shutter_speed&quot;:&quot;0.01010101010101&quot;,&quot;title&quot;:&quot;&quot;,&quot;orientation&quot;:&quot;1&quot;}\" data-image-title=\"IMG_9605\" data-image-description=\"\" data-image-caption=\"\" data-medium-file=\"https:\/\/i0.wp.com\/ralupo.me\/wp-content\/uploads\/2024\/02\/IMG_9605-scaled.jpeg?fit=300%2C225&amp;ssl=1\" data-large-file=\"https:\/\/i0.wp.com\/ralupo.me\/wp-content\/uploads\/2024\/02\/IMG_9605-scaled.jpeg?fit=1024%2C768&amp;ssl=1\" src=\"https:\/\/i0.wp.com\/ralupo.me\/wp-content\/uploads\/2024\/02\/IMG_9605.jpeg?resize=1024%2C768&#038;ssl=1\" alt=\"\" class=\"wp-image-13661\" srcset=\"https:\/\/i0.wp.com\/ralupo.me\/wp-content\/uploads\/2024\/02\/IMG_9605-scaled.jpeg?resize=1024%2C768&amp;ssl=1 1024w, https:\/\/i0.wp.com\/ralupo.me\/wp-content\/uploads\/2024\/02\/IMG_9605-scaled.jpeg?resize=300%2C225&amp;ssl=1 300w, https:\/\/i0.wp.com\/ralupo.me\/wp-content\/uploads\/2024\/02\/IMG_9605-scaled.jpeg?resize=768%2C576&amp;ssl=1 768w, https:\/\/i0.wp.com\/ralupo.me\/wp-content\/uploads\/2024\/02\/IMG_9605-scaled.jpeg?resize=1536%2C1152&amp;ssl=1 1536w, https:\/\/i0.wp.com\/ralupo.me\/wp-content\/uploads\/2024\/02\/IMG_9605-scaled.jpeg?resize=2048%2C1536&amp;ssl=1 2048w\" sizes=\"(max-width: 1000px) 100vw, 1000px\" \/><figcaption class=\"wp-element-caption\">Reinhard B\u00fctikofer: Es muss f\u00fcr uns klar sein, dass wir der Ukraine alles zur Verf\u00fcgung stellen, um den russischen Aggressor zu bek\u00e4mpfen.<\/figcaption><\/figure>\n\n\n\n<p class=\"wp-block-paragraph\">Neben R\u00fcdiger B\u00fctikofer war f\u00fcr die Gr\u00fcnen auch Toni Hofreiter erschienen, die FDP-Abgeordnete und Vorsitzende des Verteidigungsausschusses, Agnes Strack-Zimmermann, der CDU-Abgeordnete Roderich Kiesewetter und f\u00fcr die CSU der bayerische Justizminister Georg Eisenreich. Auch der ukrainische Botschafter Oleksii Makeiev kam kurzfristig noch zur Kundgebung. <\/p>\n\n\n\n<figure class=\"wp-block-video\"><video height=\"2160\" style=\"aspect-ratio: 3840 \/ 2160;\" width=\"3840\" controls loop muted src=\"https:\/\/ralupo.me\/wp-content\/uploads\/2024\/02\/Magic-Movie-94.mov\" playsinline><\/video><\/figure>\n\n\n\n<p class=\"wp-block-paragraph\">Der vorbeiziehende Demonstrationszug Sicherheitskonferenz-Gegner wurde mit der ukrainischen und der deutschen Nationalhymne \u00fcbert\u00f6nt. Insgesamt blieb es friedlich, es gab keine Zusammenst\u00f6\u00dfe. <\/p>\n\n\n\n<figure class=\"wp-block-image size-large\"><img data-recalc-dims=\"1\" loading=\"lazy\" decoding=\"async\" width=\"1024\" height=\"768\" data-attachment-id=\"13652\" data-permalink=\"https:\/\/ralupo.me\/en\/img_9661\" data-orig-file=\"https:\/\/i0.wp.com\/ralupo.me\/wp-content\/uploads\/2024\/02\/IMG_9661-scaled.jpeg?fit=2560%2C1920&amp;ssl=1\" data-orig-size=\"2560,1920\" data-comments-opened=\"1\" data-image-meta=\"{&quot;aperture&quot;:&quot;2.8&quot;,&quot;credit&quot;:&quot;&quot;,&quot;camera&quot;:&quot;iPhone 15 Pro&quot;,&quot;caption&quot;:&quot;&quot;,&quot;created_timestamp&quot;:&quot;1708185585&quot;,&quot;copyright&quot;:&quot;&quot;,&quot;focal_length&quot;:&quot;9&quot;,&quot;iso&quot;:&quot;32&quot;,&quot;shutter_speed&quot;:&quot;0.01010101010101&quot;,&quot;title&quot;:&quot;&quot;,&quot;orientation&quot;:&quot;1&quot;}\" data-image-title=\"IMG_9661\" data-image-description=\"\" data-image-caption=\"\" data-medium-file=\"https:\/\/i0.wp.com\/ralupo.me\/wp-content\/uploads\/2024\/02\/IMG_9661-scaled.jpeg?fit=300%2C225&amp;ssl=1\" data-large-file=\"https:\/\/i0.wp.com\/ralupo.me\/wp-content\/uploads\/2024\/02\/IMG_9661-scaled.jpeg?fit=1024%2C768&amp;ssl=1\" src=\"https:\/\/i0.wp.com\/ralupo.me\/wp-content\/uploads\/2024\/02\/IMG_9661.jpeg?resize=1024%2C768&#038;ssl=1\" alt=\"\" class=\"wp-image-13652\" srcset=\"https:\/\/i0.wp.com\/ralupo.me\/wp-content\/uploads\/2024\/02\/IMG_9661-scaled.jpeg?resize=1024%2C768&amp;ssl=1 1024w, https:\/\/i0.wp.com\/ralupo.me\/wp-content\/uploads\/2024\/02\/IMG_9661-scaled.jpeg?resize=300%2C225&amp;ssl=1 300w, https:\/\/i0.wp.com\/ralupo.me\/wp-content\/uploads\/2024\/02\/IMG_9661-scaled.jpeg?resize=768%2C576&amp;ssl=1 768w, https:\/\/i0.wp.com\/ralupo.me\/wp-content\/uploads\/2024\/02\/IMG_9661-scaled.jpeg?resize=1536%2C1152&amp;ssl=1 1536w, https:\/\/i0.wp.com\/ralupo.me\/wp-content\/uploads\/2024\/02\/IMG_9661-scaled.jpeg?resize=2048%2C1536&amp;ssl=1 2048w\" sizes=\"(max-width: 1000px) 100vw, 1000px\" \/><\/figure>\n\n\n\n<p class=\"wp-block-paragraph\">Der ukrainische Abgeordnete Oleksij Hontscharenko dankte Deutschland f\u00fcr die Unterst\u00fctzung seines Landes. Gleichzeitig betonte er, die Ukraine geh\u00f6rt zu Europa, die Ukraine ist Europa, rief er.<\/p>\n\n\n\n<figure class=\"wp-block-image size-large\"><img data-recalc-dims=\"1\" loading=\"lazy\" decoding=\"async\" width=\"1024\" height=\"768\" data-attachment-id=\"13669\" data-permalink=\"https:\/\/ralupo.me\/en\/img_9555\" data-orig-file=\"https:\/\/i0.wp.com\/ralupo.me\/wp-content\/uploads\/2024\/02\/IMG_9555-scaled.jpeg?fit=2560%2C1920&amp;ssl=1\" data-orig-size=\"2560,1920\" data-comments-opened=\"1\" data-image-meta=\"{&quot;aperture&quot;:&quot;2.8&quot;,&quot;credit&quot;:&quot;&quot;,&quot;camera&quot;:&quot;iPhone 15 Pro&quot;,&quot;caption&quot;:&quot;&quot;,&quot;created_timestamp&quot;:&quot;1708180010&quot;,&quot;copyright&quot;:&quot;&quot;,&quot;focal_length&quot;:&quot;9&quot;,&quot;iso&quot;:&quot;25&quot;,&quot;shutter_speed&quot;:&quot;0.0078740157480315&quot;,&quot;title&quot;:&quot;&quot;,&quot;orientation&quot;:&quot;1&quot;}\" data-image-title=\"IMG_9555\" data-image-description=\"\" data-image-caption=\"\" data-medium-file=\"https:\/\/i0.wp.com\/ralupo.me\/wp-content\/uploads\/2024\/02\/IMG_9555-scaled.jpeg?fit=300%2C225&amp;ssl=1\" data-large-file=\"https:\/\/i0.wp.com\/ralupo.me\/wp-content\/uploads\/2024\/02\/IMG_9555-scaled.jpeg?fit=1024%2C768&amp;ssl=1\" src=\"https:\/\/i0.wp.com\/ralupo.me\/wp-content\/uploads\/2024\/02\/IMG_9555.jpeg?resize=1024%2C768&#038;ssl=1\" alt=\"\" class=\"wp-image-13669\" srcset=\"https:\/\/i0.wp.com\/ralupo.me\/wp-content\/uploads\/2024\/02\/IMG_9555-scaled.jpeg?resize=1024%2C768&amp;ssl=1 1024w, https:\/\/i0.wp.com\/ralupo.me\/wp-content\/uploads\/2024\/02\/IMG_9555-scaled.jpeg?resize=300%2C225&amp;ssl=1 300w, https:\/\/i0.wp.com\/ralupo.me\/wp-content\/uploads\/2024\/02\/IMG_9555-scaled.jpeg?resize=768%2C576&amp;ssl=1 768w, https:\/\/i0.wp.com\/ralupo.me\/wp-content\/uploads\/2024\/02\/IMG_9555-scaled.jpeg?resize=1536%2C1152&amp;ssl=1 1536w, https:\/\/i0.wp.com\/ralupo.me\/wp-content\/uploads\/2024\/02\/IMG_9555-scaled.jpeg?resize=2048%2C1536&amp;ssl=1 2048w\" sizes=\"(max-width: 1000px) 100vw, 1000px\" \/><figcaption class=\"wp-element-caption\">Olena Haluschka forderte, eingefrorene russische Verm\u00f6genswerte in der EU f\u00fcr den Wiederaufbau der Ukraine zu verwenden.<\/figcaption><\/figure>\n\n\n\n<p class=\"wp-block-paragraph\">W\u00e4hrend der Veranstaltung stellte die ukrainische Aktivistin Olena Halushka Olena Haluschka, Vorstandsmitglied des Anti-Corruption Action Centre, einer Organisation, die Korruption in der Ukraine bek\u00e4mpft und Mitbegr\u00fcnderindes International Centre for the Ukrainian Victory in Warschau, ihre Kampagne &#8220;Make Russia Pay&#8221; vor, mit der sie sich daf\u00fcr einsetzt, in der Europ\u00e4ischen Union eingefrorene russische Verm\u00f6genswerte f\u00fcr den Wiederaufbau und die Beseitigung der Kriegssch\u00e4den in der Ukraine zur Verf\u00fcgung zu stellen. <\/p>\n\n\n\n<figure class=\"wp-block-image size-large\"><img data-recalc-dims=\"1\" loading=\"lazy\" decoding=\"async\" width=\"1024\" height=\"768\" data-attachment-id=\"13675\" data-permalink=\"https:\/\/ralupo.me\/en\/img_9525\" data-orig-file=\"https:\/\/i0.wp.com\/ralupo.me\/wp-content\/uploads\/2024\/02\/IMG_9525-scaled.jpeg?fit=2560%2C1920&amp;ssl=1\" data-orig-size=\"2560,1920\" data-comments-opened=\"1\" data-image-meta=\"{&quot;aperture&quot;:&quot;1.78&quot;,&quot;credit&quot;:&quot;&quot;,&quot;camera&quot;:&quot;iPhone 15 Pro&quot;,&quot;caption&quot;:&quot;&quot;,&quot;created_timestamp&quot;:&quot;1708178894&quot;,&quot;copyright&quot;:&quot;&quot;,&quot;focal_length&quot;:&quot;6.86&quot;,&quot;iso&quot;:&quot;64&quot;,&quot;shutter_speed&quot;:&quot;0.0023696682464455&quot;,&quot;title&quot;:&quot;&quot;,&quot;orientation&quot;:&quot;1&quot;}\" data-image-title=\"IMG_9525\" data-image-description=\"\" data-image-caption=\"\" data-medium-file=\"https:\/\/i0.wp.com\/ralupo.me\/wp-content\/uploads\/2024\/02\/IMG_9525-scaled.jpeg?fit=300%2C225&amp;ssl=1\" data-large-file=\"https:\/\/i0.wp.com\/ralupo.me\/wp-content\/uploads\/2024\/02\/IMG_9525-scaled.jpeg?fit=1024%2C768&amp;ssl=1\" src=\"https:\/\/i0.wp.com\/ralupo.me\/wp-content\/uploads\/2024\/02\/IMG_9525.jpeg?resize=1024%2C768&#038;ssl=1\" alt=\"\" class=\"wp-image-13675\" srcset=\"https:\/\/i0.wp.com\/ralupo.me\/wp-content\/uploads\/2024\/02\/IMG_9525-scaled.jpeg?resize=1024%2C768&amp;ssl=1 1024w, https:\/\/i0.wp.com\/ralupo.me\/wp-content\/uploads\/2024\/02\/IMG_9525-scaled.jpeg?resize=300%2C225&amp;ssl=1 300w, https:\/\/i0.wp.com\/ralupo.me\/wp-content\/uploads\/2024\/02\/IMG_9525-scaled.jpeg?resize=768%2C576&amp;ssl=1 768w, https:\/\/i0.wp.com\/ralupo.me\/wp-content\/uploads\/2024\/02\/IMG_9525-scaled.jpeg?resize=1536%2C1152&amp;ssl=1 1536w, https:\/\/i0.wp.com\/ralupo.me\/wp-content\/uploads\/2024\/02\/IMG_9525-scaled.jpeg?resize=2048%2C1536&amp;ssl=1 2048w\" sizes=\"(max-width: 1000px) 100vw, 1000px\" \/><\/figure>\n\n\n\n<p class=\"wp-block-paragraph\">Auch die NAFO war zahlreich vertreten. Der von russischen Truppen beschossene Rettungswagen &#8220;Barwinka&#8221; war am Samstag Nachmittag ebenfalls extra zur Kundgebung gebracht worden, ansonsten war er w\u00e4hrend der Sicherheitskonferenz am Amerika-Haus als Exponat ausgestellt und von Fellas betreut worden.<\/p>\n\n\n\n<figure class=\"wp-block-embed is-type-video is-provider-youtube wp-block-embed-youtube wp-embed-aspect-16-9 wp-has-aspect-ratio\"><div class=\"wp-block-embed__wrapper\">\n<iframe title=\"Gro\u00dfkundgebung f\u00fcr die Ukraine zur M\u00fcnchner SiKo\" width=\"500\" height=\"281\" src=\"https:\/\/www.youtube.com\/embed\/ibKLEzw7NwI?feature=oembed\" frameborder=\"0\" allow=\"accelerometer; autoplay; clipboard-write; encrypted-media; gyroscope; picture-in-picture; web-share\" referrerpolicy=\"strict-origin-when-cross-origin\" allowfullscreen><\/iframe>\n<\/div><\/figure>\n<br\/><br\/><div class=\"geolocation-plain\" id=\"geolocation13688\">Posted from M\u00fcnchen, Maxvorstadt, Deutschland.<\/div>","protected":false},"excerpt":{"rendered":"<p>Fast drei Stunden hat die proukrainische Demonstration &#8220;Gemeinsam gegen den Krieg&#8221; auf dem M\u00fcnchner Odeonsplatz gedauert. Am Samstag Nachmittag tauchte der Platz vor der Feldherrenhalle in ein Meer aus blau-gelben [&hellip;]<\/p>\n","protected":false},"author":1,"featured_media":13654,"comment_status":"open","ping_status":"open","sticky":false,"template":"","format":"standard","meta":{"_crdt_document":"","advanced_seo_description":"","jetpack_seo_html_title":"","jetpack_seo_noindex":false,"_EventAllDay":false,"_EventTimezone":"","_EventStartDate":"","_EventEndDate":"","_EventStartDateUTC":"","_EventEndDateUTC":"","_EventShowMap":false,"_EventShowMapLink":false,"_EventURL":"","_EventCost":"","_EventCostDescription":"","_EventCurrencySymbol":"","_EventCurrencyCode":"","_EventCurrencyPosition":"","_EventDateTimeSeparator":"","_EventTimeRangeSeparator":"","_EventOrganizerID":[],"_EventVenueID":[],"_OrganizerEmail":"","_OrganizerPhone":"","_OrganizerWebsite":"","_VenueAddress":"","_VenueCity":"","_VenueCountry":"","_VenueProvince":"","_VenueState":"","_VenueZip":"","_VenuePhone":"","_VenueURL":"","_VenueStateProvince":"","_VenueLat":"","_VenueLng":"","_VenueShowMap":false,"_VenueShowMapLink":false,"jetpack_post_was_ever_published":false,"_jetpack_newsletter_access":"","_jetpack_dont_email_post_to_subs":false,"_jetpack_newsletter_tier_id":0,"_jetpack_memberships_contains_paywalled_content":false,"_jetpack_memberships_contains_paid_content":false,"footnotes":""},"categories":[693,692,694],"tags":[630,607,25],"class_list":["post-13688","post","type-post","status-publish","format-standard","has-post-thumbnail","hentry","category-politik","category-ukraine","category-veranstaltungen","tag-muenchen","tag-kundgebung","tag-ukraine"],"jetpack_featured_media_url":"https:\/\/i0.wp.com\/ralupo.me\/wp-content\/uploads\/2024\/02\/IMG_9647-scaled.jpeg?fit=2560%2C1920&ssl=1","jetpack_sharing_enabled":true,"jetpack-related-posts":[{"id":9976,"url":"https:\/\/ralupo.me\/en\/archive\/9976","url_meta":{"origin":13688,"position":0},"title":"Mahnmal russischer Kriegsverbrechen in M\u00fcnchen ausgestellt","author":"Lupo","date":"21. May 2023","format":false,"excerpt":"[:de]\"Dieser Krankenwagen steht symbolisch f\u00fcr die russischen Kriegsverbrechen und deshalb haben wir ihn nach M\u00fcnchen geholt\", sagt Irma Petraityte-Luksiene, Mitinitiatorin von der litauischen Gemeinde in M\u00fcnchen. Und Tamara Okhrimenko erg\u00e4nzt in ihrer Rede: \"So sieht der Krieg aus, f\u00fcr Kinder, f\u00fcr M\u00fctter, f\u00fcr \u00e4ltere Menschen\". Der Krankenwagen geh\u00f6rt zum Zentralkrankenhaus\u2026","rel":"","context":"In &quot;Teilnehmende Beobachtung&quot;","block_context":{"text":"Teilnehmende Beobachtung","link":"https:\/\/ralupo.me\/en\/archive\/category\/teilnehmende-beobachtung"},"img":{"alt_text":"","src":"https:\/\/i0.wp.com\/ralupo.me\/wp-content\/uploads\/2023\/05\/IMG_7861-scaled.jpeg?fit=1200%2C900&ssl=1&resize=350%2C200","width":350,"height":200,"srcset":"https:\/\/i0.wp.com\/ralupo.me\/wp-content\/uploads\/2023\/05\/IMG_7861-scaled.jpeg?fit=1200%2C900&ssl=1&resize=350%2C200 1x, https:\/\/i0.wp.com\/ralupo.me\/wp-content\/uploads\/2023\/05\/IMG_7861-scaled.jpeg?fit=1200%2C900&ssl=1&resize=525%2C300 1.5x, https:\/\/i0.wp.com\/ralupo.me\/wp-content\/uploads\/2023\/05\/IMG_7861-scaled.jpeg?fit=1200%2C900&ssl=1&resize=700%2C400 2x, https:\/\/i0.wp.com\/ralupo.me\/wp-content\/uploads\/2023\/05\/IMG_7861-scaled.jpeg?fit=1200%2C900&ssl=1&resize=1050%2C600 3x"},"classes":[]},{"id":14620,"url":"https:\/\/ralupo.me\/en\/archive\/14620","url_meta":{"origin":13688,"position":1},"title":"&#8220;Ukraine in Focus&#8221; &#8211; Sideevents zur MSC 2025","author":"Lupo","date":"29. January 2025","format":false,"excerpt":"[:de] Noch knapp zwei Wochen, dann beginnt in M\u00fcnchen wieder die Munich Security Conference (MSC). Dazu wird es ein umfangreiches Begleitprogramm zur Ukraine und zum russischen Angriffskrieg gegen das Land geben. Die Ukraine ist gegenw\u00e4rtig der zentrale Schauplatz der europ\u00e4ischen Sicherheitspolitik. Fellas for Europe e.V. veranstaltet am 14.02.2025 und 15.02.2025\u2026","rel":"","context":"In &quot;Ukraine&quot;","block_context":{"text":"Ukraine","link":"https:\/\/ralupo.me\/en\/archive\/category\/ukraine"},"img":{"alt_text":"","src":"https:\/\/i0.wp.com\/ralupo.me\/wp-content\/uploads\/2024\/02\/IMG_9647-scaled.jpeg?fit=1200%2C900&ssl=1&resize=350%2C200","width":350,"height":200,"srcset":"https:\/\/i0.wp.com\/ralupo.me\/wp-content\/uploads\/2024\/02\/IMG_9647-scaled.jpeg?fit=1200%2C900&ssl=1&resize=350%2C200 1x, https:\/\/i0.wp.com\/ralupo.me\/wp-content\/uploads\/2024\/02\/IMG_9647-scaled.jpeg?fit=1200%2C900&ssl=1&resize=525%2C300 1.5x, https:\/\/i0.wp.com\/ralupo.me\/wp-content\/uploads\/2024\/02\/IMG_9647-scaled.jpeg?fit=1200%2C900&ssl=1&resize=700%2C400 2x, https:\/\/i0.wp.com\/ralupo.me\/wp-content\/uploads\/2024\/02\/IMG_9647-scaled.jpeg?fit=1200%2C900&ssl=1&resize=1050%2C600 3x"},"classes":[]},{"id":5369,"url":"https:\/\/ralupo.me\/en\/archive\/5369","url_meta":{"origin":13688,"position":2},"title":"\u201eGenfer Konvention, Menschlichkeit, verstehen sie nicht\u201c","author":"Lupo","date":"5. June 2022","format":false,"excerpt":"[:de] Auch in M\u00fcnchen wurde in den letzten 100 Tagen regelm\u00e4\u00dfig gegen den Krieg und f\u00fcr die Unterst\u00fctzung der Ukraine demonstriert. Am gestrigen Samstag fanden sich unter dem Motto \"Gemeinsam gegen Krieg\" erneut mehrere hundert Menschen im Zentrum der bayerischen Landeshauptstadt M\u00fcnchen am Odeonsplatz zusammen. Deutsche Waffen kommen viel zu\u2026","rel":"","context":"In &quot;Ukraine&quot;","block_context":{"text":"Ukraine","link":"https:\/\/ralupo.me\/en\/archive\/category\/ukraine"},"img":{"alt_text":"","src":"https:\/\/i0.wp.com\/ralupo.me\/wp-content\/uploads\/2022\/06\/C8B3FEE4-E9B3-465F-BDE4-859F094F0F22-scaled.jpeg?fit=1200%2C900&ssl=1&resize=350%2C200","width":350,"height":200,"srcset":"https:\/\/i0.wp.com\/ralupo.me\/wp-content\/uploads\/2022\/06\/C8B3FEE4-E9B3-465F-BDE4-859F094F0F22-scaled.jpeg?fit=1200%2C900&ssl=1&resize=350%2C200 1x, https:\/\/i0.wp.com\/ralupo.me\/wp-content\/uploads\/2022\/06\/C8B3FEE4-E9B3-465F-BDE4-859F094F0F22-scaled.jpeg?fit=1200%2C900&ssl=1&resize=525%2C300 1.5x, https:\/\/i0.wp.com\/ralupo.me\/wp-content\/uploads\/2022\/06\/C8B3FEE4-E9B3-465F-BDE4-859F094F0F22-scaled.jpeg?fit=1200%2C900&ssl=1&resize=700%2C400 2x, https:\/\/i0.wp.com\/ralupo.me\/wp-content\/uploads\/2022\/06\/C8B3FEE4-E9B3-465F-BDE4-859F094F0F22-scaled.jpeg?fit=1200%2C900&ssl=1&resize=1050%2C600 3x"},"classes":[]},{"id":15356,"url":"https:\/\/ralupo.me\/en\/archive\/15356","url_meta":{"origin":13688,"position":3},"title":"Fellas for Europe -Aktionen f\u00fcr die Ukraine rund um die MSC 2026","author":"Lupo","date":"31. January 2026","format":false,"excerpt":"[:de] M\u00fcnchen, Februar 2026 \u2013 Der Verein Fellas for Europe e.V. ist auch in diesem Jahr im Rahmen der Munich Security Conference (MSC) aktiv und richtet mehrere Veranstaltungen zur Unterst\u00fctzung der Ukraine aus. Im Mittelpunkt steht der Dokumentarfilm \u201eKherson: Human Safari\u201c der ukrainisch-amerikanischen Regisseurin Zarina Zabrisky, der im Rahmen der\u2026","rel":"","context":"In &quot;Fellas4EU&quot;","block_context":{"text":"Fellas4EU","link":"https:\/\/ralupo.me\/en\/archive\/category\/fellas4eu"},"img":{"alt_text":"","src":"https:\/\/i0.wp.com\/ralupo.me\/wp-content\/uploads\/2025\/02\/IMG_9460-scaled.jpeg?fit=1200%2C900&ssl=1&resize=350%2C200","width":350,"height":200,"srcset":"https:\/\/i0.wp.com\/ralupo.me\/wp-content\/uploads\/2025\/02\/IMG_9460-scaled.jpeg?fit=1200%2C900&ssl=1&resize=350%2C200 1x, https:\/\/i0.wp.com\/ralupo.me\/wp-content\/uploads\/2025\/02\/IMG_9460-scaled.jpeg?fit=1200%2C900&ssl=1&resize=525%2C300 1.5x, https:\/\/i0.wp.com\/ralupo.me\/wp-content\/uploads\/2025\/02\/IMG_9460-scaled.jpeg?fit=1200%2C900&ssl=1&resize=700%2C400 2x, https:\/\/i0.wp.com\/ralupo.me\/wp-content\/uploads\/2025\/02\/IMG_9460-scaled.jpeg?fit=1200%2C900&ssl=1&resize=1050%2C600 3x"},"classes":[]},{"id":14646,"url":"https:\/\/ralupo.me\/en\/archive\/14646","url_meta":{"origin":13688,"position":4},"title":"Aufruf zur Gro\u00dfkundgebung f\u00fcr die Ukraine zur MSC 2025: Jetzt erst recht!","author":"Lupo","date":"14. February 2025","format":false,"excerpt":"[:de] Slawa Ukraini! Die Ereignisse von gestern und heute lassen einige an der Zweckm\u00e4\u00dfigkeit oder Sicherheit unserer Kundgebung zur Unterst\u00fctzung der Ukraine in M\u00fcnchen am 15.02.25 13:00-17:00 Uhr zweifeln. Zweckm\u00e4\u00dfigkeit: Wir m\u00fcssen jetzt mehr denn je auf die Stra\u00dfe gehen und Europa zum Handeln bewegen - im Interesse der Verteidigung\u2026","rel":"","context":"In &quot;Veranstaltungen&quot;","block_context":{"text":"Veranstaltungen","link":"https:\/\/ralupo.me\/en\/archive\/category\/veranstaltungen"},"img":{"alt_text":"","src":"https:\/\/i0.wp.com\/ralupo.me\/wp-content\/uploads\/2025\/02\/IMG_9702-scaled.jpeg?fit=1200%2C900&ssl=1&resize=350%2C200","width":350,"height":200,"srcset":"https:\/\/i0.wp.com\/ralupo.me\/wp-content\/uploads\/2025\/02\/IMG_9702-scaled.jpeg?fit=1200%2C900&ssl=1&resize=350%2C200 1x, https:\/\/i0.wp.com\/ralupo.me\/wp-content\/uploads\/2025\/02\/IMG_9702-scaled.jpeg?fit=1200%2C900&ssl=1&resize=525%2C300 1.5x, https:\/\/i0.wp.com\/ralupo.me\/wp-content\/uploads\/2025\/02\/IMG_9702-scaled.jpeg?fit=1200%2C900&ssl=1&resize=700%2C400 2x, https:\/\/i0.wp.com\/ralupo.me\/wp-content\/uploads\/2025\/02\/IMG_9702-scaled.jpeg?fit=1200%2C900&ssl=1&resize=1050%2C600 3x"},"classes":[]},{"id":8943,"url":"https:\/\/ralupo.me\/en\/archive\/8943","url_meta":{"origin":13688,"position":5},"title":"Unabh\u00e4ngigkeit im Herzen &#8211; Geburtstag unter schwierigen Umst\u00e4nden","author":"Lupo","date":"25. August 2022","format":false,"excerpt":"[:de] Am 24 August 1991 erkl\u00e4rte sich die vormalige Sowjetrepublik Ukraine f\u00fcr unabh\u00e4ngig und rief einem souver\u00e4nen Staat Ukraine aus. Seither wird dort am 24. August der Unabh\u00e4ngigkeitstag gefeiert, den die Ukraine schon in den letzten Jahren als \u201eGeburtstag\u201c inszeniert hat. DCIM100MEDIADJI_0182.JPG Der diesj\u00e4hrige 31. Geburtstag der Ukraine fand indes\u2026","rel":"","context":"In &quot;Ukraine&quot;","block_context":{"text":"Ukraine","link":"https:\/\/ralupo.me\/en\/archive\/category\/ukraine"},"img":{"alt_text":"","src":"https:\/\/i0.wp.com\/ralupo.me\/wp-content\/uploads\/2022\/08\/0F2EF98C-DDD9-4396-ADF3-52D1746A6F3C-scaled.jpeg?fit=1200%2C900&ssl=1&resize=350%2C200","width":350,"height":200,"srcset":"https:\/\/i0.wp.com\/ralupo.me\/wp-content\/uploads\/2022\/08\/0F2EF98C-DDD9-4396-ADF3-52D1746A6F3C-scaled.jpeg?fit=1200%2C900&ssl=1&resize=350%2C200 1x, https:\/\/i0.wp.com\/ralupo.me\/wp-content\/uploads\/2022\/08\/0F2EF98C-DDD9-4396-ADF3-52D1746A6F3C-scaled.jpeg?fit=1200%2C900&ssl=1&resize=525%2C300 1.5x, https:\/\/i0.wp.com\/ralupo.me\/wp-content\/uploads\/2022\/08\/0F2EF98C-DDD9-4396-ADF3-52D1746A6F3C-scaled.jpeg?fit=1200%2C900&ssl=1&resize=700%2C400 2x, https:\/\/i0.wp.com\/ralupo.me\/wp-content\/uploads\/2022\/08\/0F2EF98C-DDD9-4396-ADF3-52D1746A6F3C-scaled.jpeg?fit=1200%2C900&ssl=1&resize=1050%2C600 3x"},"classes":[]}],"jetpack_shortlink":"https:\/\/wp.me\/pcanHs-3yM","_links":{"self":[{"href":"https:\/\/ralupo.me\/en\/wp-json\/wp\/v2\/posts\/13688","targetHints":{"allow":["GET"]}}],"collection":[{"href":"https:\/\/ralupo.me\/en\/wp-json\/wp\/v2\/posts"}],"about":[{"href":"https:\/\/ralupo.me\/en\/wp-json\/wp\/v2\/types\/post"}],"author":[{"embeddable":true,"href":"https:\/\/ralupo.me\/en\/wp-json\/wp\/v2\/users\/1"}],"replies":[{"embeddable":true,"href":"https:\/\/ralupo.me\/en\/wp-json\/wp\/v2\/comments?post=13688"}],"version-history":[{"count":4,"href":"https:\/\/ralupo.me\/en\/wp-json\/wp\/v2\/posts\/13688\/revisions"}],"predecessor-version":[{"id":13699,"href":"https:\/\/ralupo.me\/en\/wp-json\/wp\/v2\/posts\/13688\/revisions\/13699"}],"wp:featuredmedia":[{"embeddable":true,"href":"https:\/\/ralupo.me\/en\/wp-json\/wp\/v2\/media\/13654"}],"wp:attachment":[{"href":"https:\/\/ralupo.me\/en\/wp-json\/wp\/v2\/media?parent=13688"}],"wp:term":[{"taxonomy":"category","embeddable":true,"href":"https:\/\/ralupo.me\/en\/wp-json\/wp\/v2\/categories?post=13688"},{"taxonomy":"post_tag","embeddable":true,"href":"https:\/\/ralupo.me\/en\/wp-json\/wp\/v2\/tags?post=13688"}],"curies":[{"name":"wp","href":"https:\/\/api.w.org\/{rel}","templated":true}]}}