{"id":1354,"date":"2020-12-13T12:08:19","date_gmt":"2020-12-13T12:08:19","guid":{"rendered":"https:\/\/ralupo.me\/2020-desaster-in-one-headline"},"modified":"2020-12-13T18:09:14","modified_gmt":"2020-12-13T18:09:14","slug":"2020-desaster-in-one-headline","status":"publish","type":"post","link":"https:\/\/ralupo.me\/en\/archive\/1354","title":{"rendered":"2020 Desaster in one Headline"},"content":{"rendered":"<span class=\"span-reading-time rt-reading-time\" style=\"display: block;\"><span class=\"rt-label rt-prefix\">Lesedauer<\/span> <span class=\"rt-time\"> &lt; 1<\/span> <span class=\"rt-label rt-postfix\">Minute<\/span><\/span>\n<figure class=\"wp-block-image size-large\"><img data-recalc-dims=\"1\" fetchpriority=\"high\" decoding=\"async\" width=\"750\" height=\"332\" data-attachment-id=\"1353\" data-permalink=\"https:\/\/ralupo.me\/en\/archive\/1354\/img_0018\" data-orig-file=\"https:\/\/i0.wp.com\/ralupo.me\/wp-content\/uploads\/2020\/12\/img_0018.jpg?fit=750%2C332&amp;ssl=1\" data-orig-size=\"750,332\" data-comments-opened=\"1\" data-image-meta=\"{&quot;aperture&quot;:&quot;0&quot;,&quot;credit&quot;:&quot;&quot;,&quot;camera&quot;:&quot;&quot;,&quot;caption&quot;:&quot;&quot;,&quot;created_timestamp&quot;:&quot;0&quot;,&quot;copyright&quot;:&quot;&quot;,&quot;focal_length&quot;:&quot;0&quot;,&quot;iso&quot;:&quot;0&quot;,&quot;shutter_speed&quot;:&quot;0&quot;,&quot;title&quot;:&quot;&quot;,&quot;orientation&quot;:&quot;0&quot;}\" data-image-title=\"img_0018\" data-image-description=\"\" data-image-caption=\"\" data-medium-file=\"https:\/\/i0.wp.com\/ralupo.me\/wp-content\/uploads\/2020\/12\/img_0018.jpg?fit=300%2C133&amp;ssl=1\" data-large-file=\"https:\/\/i0.wp.com\/ralupo.me\/wp-content\/uploads\/2020\/12\/img_0018.jpg?fit=750%2C332&amp;ssl=1\" src=\"https:\/\/i0.wp.com\/ralupo.me\/wp-content\/uploads\/2020\/12\/img_0018.jpg?resize=750%2C332&#038;ssl=1\" alt=\"\" class=\"wp-image-1353\" srcset=\"https:\/\/i0.wp.com\/ralupo.me\/wp-content\/uploads\/2020\/12\/img_0018.jpg?w=750&amp;ssl=1 750w, https:\/\/i0.wp.com\/ralupo.me\/wp-content\/uploads\/2020\/12\/img_0018.jpg?resize=600%2C266&amp;ssl=1 600w, https:\/\/i0.wp.com\/ralupo.me\/wp-content\/uploads\/2020\/12\/img_0018.jpg?resize=300%2C133&amp;ssl=1 300w, https:\/\/i0.wp.com\/ralupo.me\/wp-content\/uploads\/2020\/12\/img_0018.jpg?resize=550%2C243&amp;ssl=1 550w, https:\/\/i0.wp.com\/ralupo.me\/wp-content\/uploads\/2020\/12\/img_0018.jpg?resize=160%2C71&amp;ssl=1 160w\" sizes=\"(max-width: 750px) 100vw, 750px\" \/><\/figure>\n\n\n\n<figure class=\"wp-block-embed-twitter wp-block-embed is-type-rich is-provider-twitter\"><div class=\"wp-block-embed__wrapper\">\n<blockquote class=\"twitter-tweet\" data-width=\"500\" data-dnt=\"true\"><p lang=\"en\" dir=\"ltr\">Merkel urges Germans not to kill their grandparents this Christmas <a href=\"https:\/\/t.co\/BnaMnpQ8rH\">https:\/\/t.co\/BnaMnpQ8rH<\/a><\/p>&mdash; The Independent (@Independent) <a href=\"https:\/\/twitter.com\/Independent\/status\/1337002910803169284?ref_src=twsrc%5Etfw\">December 10, 2020<\/a><\/blockquote><script async src=\"https:\/\/platform.twitter.com\/widgets.js\" charset=\"utf-8\"><\/script>\n<\/div><\/figure>\n\n\n<div class=\"vlp-link-container vlp-template-default wp-block-visual-link-preview-link\">\n\t<a href=\"https:\/\/www.independent.co.uk\/news\/world\/europe\/covid-merkel-germany-christmas-coronavirus-b1769180.html?utm_content=Echobox&amp;utm_medium=Social&amp;utm_source=Twitter#Echobox=1607599380\" class=\"vlp-link\" title=\"Merkel urges Germans not to kill their grandparents this Christmas\" rel=\"nofollow\" target=\"_blank\"><\/a>\t\t<div class=\"vlp-link-image-container\">\n\t\t<div class=\"vlp-link-image\">\n\t\t\t<img data-recalc-dims=\"1\" decoding=\"async\" src=\"https:\/\/i0.wp.com\/static.independent.co.uk\/2020\/12\/10\/09\/1230025330.jpg?ssl=1\" style=\"max-width: 150px; max-height: 150px\" \/>\t\t<\/div>\n\t<\/div>\n\t\t<div class=\"vlp-link-text-container\">\n\t\t\t\t<div class=\"vlp-link-title\">\n\t\t\tMerkel urges Germans not to kill their grandparents this Christmas\t\t<\/div>\n\t\t\t\t\t\t<div class=\"vlp-link-summary\">\n\t\t\tMerkel urges Germans to reduce contacts in the run-up to Christmas\t\t<\/div>\n\t\t\t<\/div>\n<\/div>\n","protected":false},"excerpt":{"rendered":"","protected":false},"author":1,"featured_media":1353,"comment_status":"open","ping_status":"open","sticky":false,"template":"","format":"standard","meta":{"_crdt_document":"","advanced_seo_description":"","jetpack_seo_html_title":"","jetpack_seo_noindex":false,"_EventAllDay":false,"_EventTimezone":"","_EventStartDate":"","_EventEndDate":"","_EventStartDateUTC":"","_EventEndDateUTC":"","_EventShowMap":false,"_EventShowMapLink":false,"_EventURL":"","_EventCost":"","_EventCostDescription":"","_EventCurrencySymbol":"","_EventCurrencyCode":"","_EventCurrencyPosition":"","_EventDateTimeSeparator":"","_EventTimeRangeSeparator":"","_EventOrganizerID":[],"_EventVenueID":[],"_OrganizerEmail":"","_OrganizerPhone":"","_OrganizerWebsite":"","_VenueAddress":"","_VenueCity":"","_VenueCountry":"","_VenueProvince":"","_VenueState":"","_VenueZip":"","_VenuePhone":"","_VenueURL":"","_VenueStateProvince":"","_VenueLat":"","_VenueLng":"","_VenueShowMap":false,"_VenueShowMapLink":false,"jetpack_post_was_ever_published":false,"_jetpack_newsletter_access":"","_jetpack_dont_email_post_to_subs":false,"_jetpack_newsletter_tier_id":0,"_jetpack_memberships_contains_paywalled_content":false,"_jetpack_memberships_contains_paid_content":false,"footnotes":""},"categories":[12],"tags":[10,445,7],"class_list":["post-1354","post","type-post","status-publish","format-standard","has-post-thumbnail","hentry","category-teilnehmende-beobachtung","tag-corona","tag-lockdown","tag-quarantaene"],"jetpack_featured_media_url":"https:\/\/i0.wp.com\/ralupo.me\/wp-content\/uploads\/2020\/12\/img_0018.jpg?fit=750%2C332&ssl=1","jetpack_sharing_enabled":true,"jetpack-related-posts":[{"id":599,"url":"https:\/\/ralupo.me\/en\/archive\/599","url_meta":{"origin":1354,"position":0},"title":"Swetlana Tichanowskaja nach Litauen ausgereist","author":"Lupo","date":"11. August 2020","format":false,"excerpt":"[:de] Die belarussische Oppositionskandidatin bei den Pr\u00e4sidentschaftswahlen Swetlana Tichanowskaja war gestern abend zeitweise verschwunden. Der litauische Au\u00dfenminister zeigte sich auf Twitter tief besorgt \u00fcber ihre Sicherheit. Jetzt wandte sie sich wieder an die \u00d6ffentlichkeit. Aus Litauen. Update: Dem Vernehmen nach sei Tikhanovskaya nicht geflohen, sondern von den Beh\u00f6rden gezwungen worden,\u2026","rel":"","context":"In &quot;Teilnehmende Beobachtung&quot;","block_context":{"text":"Teilnehmende Beobachtung","link":"https:\/\/ralupo.me\/en\/archive\/category\/teilnehmende-beobachtung"},"img":{"alt_text":"","src":"https:\/\/i0.wp.com\/ralupo.me\/wp-content\/uploads\/2022\/04\/img_4243-scaled.jpg?fit=1200%2C900&ssl=1&resize=350%2C200","width":350,"height":200,"srcset":"https:\/\/i0.wp.com\/ralupo.me\/wp-content\/uploads\/2022\/04\/img_4243-scaled.jpg?fit=1200%2C900&ssl=1&resize=350%2C200 1x, https:\/\/i0.wp.com\/ralupo.me\/wp-content\/uploads\/2022\/04\/img_4243-scaled.jpg?fit=1200%2C900&ssl=1&resize=525%2C300 1.5x, https:\/\/i0.wp.com\/ralupo.me\/wp-content\/uploads\/2022\/04\/img_4243-scaled.jpg?fit=1200%2C900&ssl=1&resize=700%2C400 2x, https:\/\/i0.wp.com\/ralupo.me\/wp-content\/uploads\/2022\/04\/img_4243-scaled.jpg?fit=1200%2C900&ssl=1&resize=1050%2C600 3x"},"classes":[]},{"id":1134,"url":"https:\/\/ralupo.me\/en\/archive\/1134","url_meta":{"origin":1354,"position":1},"title":"Puppet Regime","author":"Lupo","date":"23. September 2020","format":false,"excerpt":"\"No, this is Zoom of Belarus\". Donald, Vladimir and Alexander. https:\/\/twitter.com\/SaoSasha\/status\/1308735096422367233?s=20","rel":"","context":"In &quot;Teilnehmende Beobachtung&quot;","block_context":{"text":"Teilnehmende Beobachtung","link":"https:\/\/ralupo.me\/en\/archive\/category\/teilnehmende-beobachtung"},"img":{"alt_text":"","src":"","width":0,"height":0},"classes":[]},{"id":9587,"url":"https:\/\/ralupo.me\/en\/archive\/9587","url_meta":{"origin":1354,"position":2},"title":"Jahrestage","author":"Lupo","date":"18. February 2023","format":false,"excerpt":"[:de]Ein Jahrestag ist ein guter Zeitpunkt, auf ein Ereignis zur\u00fcckzuschauen und zu reflektieren. Wie wurde das damals wahrgenommen, wie eingesch\u00e4tzt? Und man kann seine Schl\u00fcsse f\u00fcr die Zukunft ziehen. Zum Beispiel, warum man jetzt auf die h\u00f6ren soll, die mit ihrer Einsch\u00e4tzung so eklatant falsch gelegen haben und die uns\u2026","rel":"","context":"In &quot;Europa&quot;","block_context":{"text":"Europa","link":"https:\/\/ralupo.me\/en\/archive\/category\/europa"},"img":{"alt_text":"","src":"https:\/\/i0.wp.com\/ralupo.me\/wp-content\/uploads\/2023\/02\/FuBK-Testbild16.gif?fit=640%2C480&ssl=1&resize=350%2C200","width":350,"height":200,"srcset":"https:\/\/i0.wp.com\/ralupo.me\/wp-content\/uploads\/2023\/02\/FuBK-Testbild16.gif?fit=640%2C480&ssl=1&resize=350%2C200 1x, https:\/\/i0.wp.com\/ralupo.me\/wp-content\/uploads\/2023\/02\/FuBK-Testbild16.gif?fit=640%2C480&ssl=1&resize=525%2C300 1.5x"},"classes":[]},{"id":5515,"url":"https:\/\/ralupo.me\/en\/archive\/5515","url_meta":{"origin":1354,"position":3},"title":"Coca Cola verl\u00e4sst russischen Markt","author":"Lupo","date":"17. June 2022","format":false,"excerpt":"[:de] Die Coca Cola Company hatte bereits kurz nach dem russischen Angriff auf die Ukraine ihre Marktt\u00e4tigkeit unterbrochen (\u201esuspended\u201c) und die Solidarit\u00e4t mit der Ukraine und ihrer Bev\u00f6lkerung bekundet. Man wolle die weitere Entwicklung beobachten. https:\/\/twitter.com\/kyivindependent\/status\/1537502876263751680?s=21&t=6hvySjm0dAYFGAZs9aWwGw Nun hat man offenbar genug gesehen und die Entscheidung getroffen, den russischen Markt g\u00e4nzlich\u2026","rel":"","context":"In &quot;Politik&quot;","block_context":{"text":"Politik","link":"https:\/\/ralupo.me\/en\/archive\/category\/politik"},"img":{"alt_text":"","src":"https:\/\/i0.wp.com\/ralupo.me\/wp-content\/uploads\/2022\/06\/348A3F89-BA69-4867-8BDA-978076ED636A-scaled.jpeg?fit=1200%2C900&ssl=1&resize=350%2C200","width":350,"height":200,"srcset":"https:\/\/i0.wp.com\/ralupo.me\/wp-content\/uploads\/2022\/06\/348A3F89-BA69-4867-8BDA-978076ED636A-scaled.jpeg?fit=1200%2C900&ssl=1&resize=350%2C200 1x, https:\/\/i0.wp.com\/ralupo.me\/wp-content\/uploads\/2022\/06\/348A3F89-BA69-4867-8BDA-978076ED636A-scaled.jpeg?fit=1200%2C900&ssl=1&resize=525%2C300 1.5x, https:\/\/i0.wp.com\/ralupo.me\/wp-content\/uploads\/2022\/06\/348A3F89-BA69-4867-8BDA-978076ED636A-scaled.jpeg?fit=1200%2C900&ssl=1&resize=700%2C400 2x, https:\/\/i0.wp.com\/ralupo.me\/wp-content\/uploads\/2022\/06\/348A3F89-BA69-4867-8BDA-978076ED636A-scaled.jpeg?fit=1200%2C900&ssl=1&resize=1050%2C600 3x"},"classes":[]},{"id":374,"url":"https:\/\/ralupo.me\/en\/archive\/374","url_meta":{"origin":1354,"position":4},"title":"Grenzenlos dumm","author":"Lupo","date":"2. August 2020","format":"image","excerpt":"Gewidmet den 15.000 #Covidioten, die gestern durch Berlin gelaufen sind. Das Zitat stammt \u00fcbrigens von Konrad Adenauer. Der gro\u00dfe bayerische Philosoph Meister Eder sagt es so: https:\/\/www.facebook.com\/bayerischer.rundfunk\/posts\/3837604089589963","rel":"","context":"In &quot;Quarant\u00e4ne&quot;","block_context":{"text":"Quarant\u00e4ne","link":"https:\/\/ralupo.me\/en\/archive\/category\/quarantaene"},"img":{"alt_text":"","src":"https:\/\/i0.wp.com\/ralupo.me\/wp-content\/uploads\/2020\/08\/img_5688.jpg?fit=900%2C1200&ssl=1&resize=350%2C200","width":350,"height":200,"srcset":"https:\/\/i0.wp.com\/ralupo.me\/wp-content\/uploads\/2020\/08\/img_5688.jpg?fit=900%2C1200&ssl=1&resize=350%2C200 1x, https:\/\/i0.wp.com\/ralupo.me\/wp-content\/uploads\/2020\/08\/img_5688.jpg?fit=900%2C1200&ssl=1&resize=525%2C300 1.5x, https:\/\/i0.wp.com\/ralupo.me\/wp-content\/uploads\/2020\/08\/img_5688.jpg?fit=900%2C1200&ssl=1&resize=700%2C400 2x"},"classes":[]},{"id":528,"url":"https:\/\/ralupo.me\/en\/archive\/528","url_meta":{"origin":1354,"position":5},"title":"Meanwhile in Belarus","author":"Lupo","date":"9. August 2020","format":false,"excerpt":"[:de] Die Bilanz des Tages Lukashenko wurde nun offiziell zum Sieger erkl\u00e4rt, er soll mehr als 80% der Stimmen erhalten haben. Es gibt massive Wahlf\u00e4lschungsvorw\u00fcrfe. Im ganzen Land gab es am Abend und in der Nacht Proteste, in Minsk setzte die Polizei, Wasserwerfer, Tr\u00e4nengas und Gummigeschosse ein, die Rede ist\u2026","rel":"","context":"In &quot;Politik&quot;","block_context":{"text":"Politik","link":"https:\/\/ralupo.me\/en\/archive\/category\/politik"},"img":{"alt_text":"","src":"https:\/\/i0.wp.com\/ralupo.me\/wp-content\/uploads\/2020\/08\/img_8140-scaled.jpg?fit=1200%2C900&ssl=1&resize=350%2C200","width":350,"height":200,"srcset":"https:\/\/i0.wp.com\/ralupo.me\/wp-content\/uploads\/2020\/08\/img_8140-scaled.jpg?fit=1200%2C900&ssl=1&resize=350%2C200 1x, https:\/\/i0.wp.com\/ralupo.me\/wp-content\/uploads\/2020\/08\/img_8140-scaled.jpg?fit=1200%2C900&ssl=1&resize=525%2C300 1.5x, https:\/\/i0.wp.com\/ralupo.me\/wp-content\/uploads\/2020\/08\/img_8140-scaled.jpg?fit=1200%2C900&ssl=1&resize=700%2C400 2x, https:\/\/i0.wp.com\/ralupo.me\/wp-content\/uploads\/2020\/08\/img_8140-scaled.jpg?fit=1200%2C900&ssl=1&resize=1050%2C600 3x"},"classes":[]}],"jetpack_shortlink":"https:\/\/wp.me\/pcanHs-lQ","_links":{"self":[{"href":"https:\/\/ralupo.me\/en\/wp-json\/wp\/v2\/posts\/1354","targetHints":{"allow":["GET"]}}],"collection":[{"href":"https:\/\/ralupo.me\/en\/wp-json\/wp\/v2\/posts"}],"about":[{"href":"https:\/\/ralupo.me\/en\/wp-json\/wp\/v2\/types\/post"}],"author":[{"embeddable":true,"href":"https:\/\/ralupo.me\/en\/wp-json\/wp\/v2\/users\/1"}],"replies":[{"embeddable":true,"href":"https:\/\/ralupo.me\/en\/wp-json\/wp\/v2\/comments?post=1354"}],"version-history":[{"count":0,"href":"https:\/\/ralupo.me\/en\/wp-json\/wp\/v2\/posts\/1354\/revisions"}],"wp:featuredmedia":[{"embeddable":true,"href":"https:\/\/ralupo.me\/en\/wp-json\/wp\/v2\/media\/1353"}],"wp:attachment":[{"href":"https:\/\/ralupo.me\/en\/wp-json\/wp\/v2\/media?parent=1354"}],"wp:term":[{"taxonomy":"category","embeddable":true,"href":"https:\/\/ralupo.me\/en\/wp-json\/wp\/v2\/categories?post=1354"},{"taxonomy":"post_tag","embeddable":true,"href":"https:\/\/ralupo.me\/en\/wp-json\/wp\/v2\/tags?post=1354"}],"curies":[{"name":"wp","href":"https:\/\/api.w.org\/{rel}","templated":true}]}}