{"id":13412,"date":"2024-01-25T13:54:45","date_gmt":"2024-01-25T12:54:45","guid":{"rendered":"https:\/\/ralupo.me\/?p=13412"},"modified":"2024-01-25T13:54:50","modified_gmt":"2024-01-25T12:54:50","slug":"ma","status":"publish","type":"post","link":"https:\/\/ralupo.me\/en\/archive\/13412","title":{"rendered":"Malta \u00fcbernimmt OSZE Vorsitz"},"content":{"rendered":"<span class=\"span-reading-time rt-reading-time\" style=\"display: block;\"><span class=\"rt-label rt-prefix\">Lesedauer<\/span> <span class=\"rt-time\"> 3<\/span> <span class=\"rt-label rt-postfix\">Minuten<\/span><\/span>\n<p class=\"wp-block-paragraph\">Der amtierende OSZE-Vorsitzende, Maltas Minister f\u00fcr ausw\u00e4rtige und europ\u00e4ische Angelegenheiten und Handel, Ian Borg, <a href=\"https:\/\/www.osce.org\/chairpersonship\/561902\">hat die Vision des Landes f\u00fcr seinen Vorsitz 2024 auf der heutigen Er\u00f6ffnungssitzung des St\u00e4ndigen Rates der OSZE vorgestellt<\/a>: &#8220;Das Vertrauen, das uns alle teilnehmenden Staaten in diesen herausfordernden Zeiten entgegen bringen, ist eine Verantwortung, die wir mit tiefem Engagement, Demut und Stolz annehmen&#8221;, sagte er in Wien.<\/p>\n\n\n\n<figure class=\"wp-block-image size-full\"><img data-recalc-dims=\"1\" fetchpriority=\"high\" decoding=\"async\" width=\"940\" height=\"529\" data-attachment-id=\"13413\" data-permalink=\"https:\/\/ralupo.me\/en\/archive\/13412\/attachment\/561914\" data-orig-file=\"https:\/\/i0.wp.com\/ralupo.me\/wp-content\/uploads\/2024\/01\/561914.png?fit=940%2C529&amp;ssl=1\" data-orig-size=\"940,529\" data-comments-opened=\"1\" data-image-meta=\"{&quot;aperture&quot;:&quot;0&quot;,&quot;credit&quot;:&quot;&quot;,&quot;camera&quot;:&quot;&quot;,&quot;caption&quot;:&quot;&quot;,&quot;created_timestamp&quot;:&quot;0&quot;,&quot;copyright&quot;:&quot;&quot;,&quot;focal_length&quot;:&quot;0&quot;,&quot;iso&quot;:&quot;0&quot;,&quot;shutter_speed&quot;:&quot;0&quot;,&quot;title&quot;:&quot;&quot;,&quot;orientation&quot;:&quot;0&quot;}\" data-image-title=\"561914\" data-image-description=\"\" data-image-caption=\"\" data-medium-file=\"https:\/\/i0.wp.com\/ralupo.me\/wp-content\/uploads\/2024\/01\/561914.png?fit=300%2C169&amp;ssl=1\" data-large-file=\"https:\/\/i0.wp.com\/ralupo.me\/wp-content\/uploads\/2024\/01\/561914.png?fit=940%2C529&amp;ssl=1\" src=\"https:\/\/i0.wp.com\/ralupo.me\/wp-content\/uploads\/2024\/01\/561914.png?resize=940%2C529&#038;ssl=1\" alt=\"\" class=\"wp-image-13413\" srcset=\"https:\/\/i0.wp.com\/ralupo.me\/wp-content\/uploads\/2024\/01\/561914.png?w=940&amp;ssl=1 940w, https:\/\/i0.wp.com\/ralupo.me\/wp-content\/uploads\/2024\/01\/561914.png?resize=300%2C169&amp;ssl=1 300w, https:\/\/i0.wp.com\/ralupo.me\/wp-content\/uploads\/2024\/01\/561914.png?resize=768%2C432&amp;ssl=1 768w\" sizes=\"(max-width: 940px) 100vw, 940px\" \/><figcaption class=\"wp-element-caption\"><em>Amtierender OSZE-Vorsitzende, Minister f\u00fcr ausw\u00e4rtige und europ\u00e4ische Angelegenheiten und Handel von Malta, Ian Borg<\/em><\/figcaption><\/figure>\n\n\n\n<p class=\"wp-block-paragraph\">Unter dem Motto &#8220;St\u00e4rkung der Widerstandsf\u00e4higkeit, Verbesserung der Sicherheit&#8221; betonte der amtierende Vorsitzende Maltas \u00fcbergreifendes Engagement f\u00fcr die Wahrung der Grunds\u00e4tze und Verpflichtungen, die in der Schlussakte von Helsinki und der Charta von Paris dargelegt sind, und betonte, dass es sich nicht um freiwillige, sondern um gemeinsame Verpflichtungen handelt, die von allen teilnehmenden Staaten der OSZE vereinbart wurden.<\/p>\n\n\n\n<p class=\"wp-block-paragraph\">Die erste Priorit\u00e4t, die von der maltesischen Vorsitzenden skizziert wird, ist ihr unmissverst\u00e4ndliches Engagement f\u00fcr die Bek\u00e4mpfung des illegalen Aggressionskriegs Russlands gegen die Ukraine. Der amtierende Vorsitzende Borg verurteilte die verst\u00e4rkten Angriffe, die Anfang des Monats und in den letzten Tagen zu beobachten waren, und betonte, dass der Schutz aller Zivilbev\u00f6lkerung von gr\u00f6\u00dfter Bedeutung sein muss. Er forderte den sofortigen R\u00fcckzug Russlands aus dem gesamten Territorium der Ukraine. Er forderte die teilnehmenden Staaten auf, alles zu tun, um die Kette von Gewalt, Angst und Leid zu durchbrechen, nicht nur in diesem Krieg, sondern auch in Konflikten auf der ganzen Welt.<\/p>\n\n\n\n<p class=\"wp-block-paragraph\">&#8220;Ich schlie\u00dfe mich der Generalsekret\u00e4rin bei ihrer Aufrufung zur Freilassung der drei illegal inhaftierten Mitarbeiter der OSZE-Sonderbeobachtungsmission an&#8221;, betonte Minister Borg.<\/p>\n\n\n\n<p class=\"wp-block-paragraph\">&#8220;Die OSZE hat in der Ukraine eine zentrale Rolle zu spielen. Wir loben die wichtige Arbeit des Unterst\u00fctzungsprogramms f\u00fcr die Ukraine und versprechen unsere Unterst\u00fctzung f\u00fcr noch mehr Engagement&#8221;, f\u00fcgte Minister Borg hinzu, als er seine Pl\u00e4ne ank\u00fcndigte, Kiew zu besuchen, um die standhafte Unterst\u00fctzung f\u00fcr die Souver\u00e4nit\u00e4t und territoriale Integrit\u00e4t der Ukraine zu bekr\u00e4ftigen.<\/p>\n\n\n\n<p class=\"wp-block-paragraph\">Der amtierende Vorsitzende Borg skizzierte Maltas Engagement, den Dialog zu erleichtern, um dauerhafte und nachhaltige politische L\u00f6sungen f\u00fcr andere Konflikte in der gesamten OSZE-Region zu finden, insbesondere in Osteuropa und im S\u00fcdkaukasus. Der amtierende Vorsitzende versprach auch Unterst\u00fctzung f\u00fcr die Feldoperationen der OSZE in Osteuropa, S\u00fcdosteuropa und Zentralasien, indem er ihr Engagement bei den Gastbeh\u00f6rden im Einklang mit den Grunds\u00e4tzen und Verpflichtungen der OSZE aufrechterh\u00e4lt und ihre Arbeit vor Ort zur St\u00e4rkung der nationalen Kapazit\u00e4ten und F\u00e4higkeiten unterst\u00fctzt.<\/p>\n\n\n\n<p class=\"wp-block-paragraph\">Die Sicherung der Funktionalit\u00e4t der OSZE und die Suche nach L\u00f6sungen f\u00fcr ihre F\u00fchrung ist eine weitere Schl\u00fcsselpriorit\u00e4t. &#8220;Wir z\u00e4hlen auf die Zusammenarbeit aller teilnehmenden Staaten, um den notwendigen politischen Willen zu demonstrieren, um dieser Organisation die Grundlagen zu geben, die sie f\u00fcr eine sichere und widerstandsf\u00e4hige Zukunft braucht&#8221;, sagte der amtierende Vorsitzende Borg.<\/p>\n\n\n\n<p class=\"wp-block-paragraph\">Der amtierende Vorsitzende betonte Maltas Bereitschaft, als Br\u00fccke zwischen Skopje und Helsinki zu dienen, die S\u00e4ulen der Organisation zu st\u00e4rken und ihre Grunds\u00e4tze und Verpflichtungen zu wahren. Minister Borg forderte alle teilnehmenden Staaten auf, den notwendigen politischen Willen zu demonstrieren, um einen Konsens \u00fcber einen einheitlichen Haushalt zu erzielen und eine vorhersehbare F\u00fchrung \u00fcber den 4. September 2024 hinaus zu gew\u00e4hrleisten.<\/p>\n\n\n\n<p class=\"wp-block-paragraph\">Maltas Vorsitz zielt darauf ab, auf dem Erfolg Nordmazedoniens aufzubauen, die \u00fcber eine Milliarde Menschen in der OSZE-Region im Mittelpunkt der Initiativen dieser Organisation zu halten. Maltas Ziel ist es, einen integrativen Ansatz zu verfolgen, indem die Geschlechter in die Geschlechter einbezogen und das sinnvolle Engagement der Jugendlichen in den Diskussionen erh\u00f6ht wird.<\/p>\n\n\n\n<p class=\"wp-block-paragraph\">Der amtierende Vorsitzende forderte die teilnehmenden Staaten auf, die Menschenrechte, Grundfreiheiten, Demokratie und die Rechtsstaatlichkeit zu wahren, insbesondere im kommenden wichtigen Wahljahr. Er f\u00fcgte hinzu, dass &#8220;in einer Zeit, in der die Medienfreiheit mehr als je zuvor bedroht ist, Maltas Vorsitz Initiativen zur Medienkompetenz und zur Sicherheit von Journalisten, insbesondere von Journalistinnen, sowohl online als auch offline vorantreiben wird&#8221;. Dar\u00fcber hinaus wird sich Malta aktiv an der Bek\u00e4mpfung von Gewalt gegen Frauen und Menschenhandel beteiligen.<\/p>\n","protected":false},"excerpt":{"rendered":"<p>Der amtierende OSZE-Vorsitzende, Maltas Minister f\u00fcr ausw\u00e4rtige und europ\u00e4ische Angelegenheiten und Handel, Ian Borg, hat die Vision des Landes f\u00fcr seinen Vorsitz 2024 auf der heutigen Er\u00f6ffnungssitzung des St\u00e4ndigen Rates [&hellip;]<\/p>\n","protected":false},"author":1,"featured_media":13414,"comment_status":"open","ping_status":"open","sticky":false,"template":"","format":"standard","meta":{"_crdt_document":"","advanced_seo_description":"","jetpack_seo_html_title":"","jetpack_seo_noindex":false,"_EventAllDay":false,"_EventTimezone":"","_EventStartDate":"","_EventEndDate":"","_EventStartDateUTC":"","_EventEndDateUTC":"","_EventShowMap":false,"_EventShowMapLink":false,"_EventURL":"","_EventCost":"","_EventCostDescription":"","_EventCurrencySymbol":"","_EventCurrencyCode":"","_EventCurrencyPosition":"","_EventDateTimeSeparator":"","_EventTimeRangeSeparator":"","_EventOrganizerID":[],"_EventVenueID":[],"_OrganizerEmail":"","_OrganizerPhone":"","_OrganizerWebsite":"","_VenueAddress":"","_VenueCity":"","_VenueCountry":"","_VenueProvince":"","_VenueState":"","_VenueZip":"","_VenuePhone":"","_VenueURL":"","_VenueStateProvince":"","_VenueLat":"","_VenueLng":"","_VenueShowMap":false,"_VenueShowMapLink":false,"jetpack_post_was_ever_published":false,"_jetpack_newsletter_access":"","_jetpack_dont_email_post_to_subs":false,"_jetpack_newsletter_tier_id":0,"_jetpack_memberships_contains_paywalled_content":false,"_jetpack_memberships_contains_paid_content":false,"footnotes":""},"categories":[724,693],"tags":[996,995,333],"class_list":["post-13412","post","type-post","status-publish","format-standard","has-post-thumbnail","hentry","category-europa","category-politik","tag-malta","tag-osce","tag-russland"],"jetpack_featured_media_url":"https:\/\/i0.wp.com\/ralupo.me\/wp-content\/uploads\/2024\/01\/IMG_8697.jpg?fit=1179%2C664&ssl=1","jetpack_sharing_enabled":true,"jetpack-related-posts":[{"id":15203,"url":"https:\/\/ralupo.me\/en\/archive\/15203","url_meta":{"origin":13412,"position":0},"title":"OSZE-Vorsitzende Elina Valtonen besucht S\u00fcdkaukasus \u2013 Fokus auf Friedensprozess und Zivilgesellschaft","author":"Lupo","date":"10. October 2025","format":false,"excerpt":"[:de] Vom 13. bis 15. Oktober 2025 besucht Elina Valtonen, finnische Au\u00dfenministerin und amtierende OSZE-Vorsitzende, die L\u00e4nder der S\u00fcdkaukasusregion: Aserbaidschan, Armenien und Georgien. Ihr Aufenthalt steht im Zeichen des Dialogs mit hochrangigen Regierungsvertretern ebenso wie mit zivilgesellschaftlichen Organisationen und Think Tanks. Im Fokus stehen die Fortschritte im Friedensprozess zwischen Armenien\u2026","rel":"","context":"In &quot;Europa&quot;","block_context":{"text":"Europa","link":"https:\/\/ralupo.me\/en\/archive\/category\/europa"},"img":{"alt_text":"","src":"https:\/\/i0.wp.com\/ralupo.me\/wp-content\/uploads\/2025\/10\/IMG_1479.jpg?fit=1200%2C800&ssl=1&resize=350%2C200","width":350,"height":200,"srcset":"https:\/\/i0.wp.com\/ralupo.me\/wp-content\/uploads\/2025\/10\/IMG_1479.jpg?fit=1200%2C800&ssl=1&resize=350%2C200 1x, https:\/\/i0.wp.com\/ralupo.me\/wp-content\/uploads\/2025\/10\/IMG_1479.jpg?fit=1200%2C800&ssl=1&resize=525%2C300 1.5x, https:\/\/i0.wp.com\/ralupo.me\/wp-content\/uploads\/2025\/10\/IMG_1479.jpg?fit=1200%2C800&ssl=1&resize=700%2C400 2x, https:\/\/i0.wp.com\/ralupo.me\/wp-content\/uploads\/2025\/10\/IMG_1479.jpg?fit=1200%2C800&ssl=1&resize=1050%2C600 3x"},"classes":[]},{"id":15183,"url":"https:\/\/ralupo.me\/en\/archive\/15183","url_meta":{"origin":13412,"position":1},"title":"OSZE beklagt Akte &#8220;beispielloser Einmischung von au\u00dfen&#8221; bei Moldau-Wahl","author":"Lupo","date":"29. September 2025","format":false,"excerpt":"[:de] Die Parlamentswahlen in Moldau am 28. September 2025 haben nach Einsch\u00e4tzung internationaler Beobachter den B\u00fcrgerinnen und B\u00fcrgern eine echte politische Wahl geboten, litten jedoch unter beispielloser Einmischung von au\u00dfen. Vertreter der OSZE, der Parlamentarischen Versammlung des Europarats und des Europ\u00e4ischen Parlaments warnten vor illegaler Parteienfinanzierung, gezielten Cyberangriffen und gro\u00df\u2026","rel":"","context":"In &quot;Europa&quot;","block_context":{"text":"Europa","link":"https:\/\/ralupo.me\/en\/archive\/category\/europa"},"img":{"alt_text":"","src":"https:\/\/i0.wp.com\/ralupo.me\/wp-content\/uploads\/2025\/09\/Bild-scaled.png?fit=1200%2C675&ssl=1&resize=350%2C200","width":350,"height":200,"srcset":"https:\/\/i0.wp.com\/ralupo.me\/wp-content\/uploads\/2025\/09\/Bild-scaled.png?fit=1200%2C675&ssl=1&resize=350%2C200 1x, https:\/\/i0.wp.com\/ralupo.me\/wp-content\/uploads\/2025\/09\/Bild-scaled.png?fit=1200%2C675&ssl=1&resize=525%2C300 1.5x, https:\/\/i0.wp.com\/ralupo.me\/wp-content\/uploads\/2025\/09\/Bild-scaled.png?fit=1200%2C675&ssl=1&resize=700%2C400 2x, https:\/\/i0.wp.com\/ralupo.me\/wp-content\/uploads\/2025\/09\/Bild-scaled.png?fit=1200%2C675&ssl=1&resize=1050%2C600 3x"},"classes":[]},{"id":10438,"url":"https:\/\/ralupo.me\/en\/archive\/10438","url_meta":{"origin":13412,"position":2},"title":"\u00abUnbreakable Ukraine\u00bb: Nachtwache f\u00fcr die Ukraine in K\u00f6ln","author":"Lupo","date":"12. August 2023","format":false,"excerpt":"[:de]Unter dem Titel \u201cUnbreakable Ukraine\u201d fand in der Nacht von Freitag auf Samstag in K\u00f6ln eine zw\u00f6lfst\u00fcndige \u201cNachtkundgebung\u201d aus Solidarit\u00e4t mit den Menschen in der Ukraine statt. Vom Freitag Abend ab 19.30 fanden verschiedene Diskussionsrunden \u00fcber den Krieg und die Zukunft Europa statt, daneben gab es Live-Schaltungen in die Ukraine,\u2026","rel":"","context":"In &quot;Ukraine&quot;","block_context":{"text":"Ukraine","link":"https:\/\/ralupo.me\/en\/archive\/category\/ukraine"},"img":{"alt_text":"","src":"https:\/\/i0.wp.com\/ralupo.me\/wp-content\/uploads\/2023\/08\/IMG_1919-scaled.jpeg?fit=1200%2C900&ssl=1&resize=350%2C200","width":350,"height":200,"srcset":"https:\/\/i0.wp.com\/ralupo.me\/wp-content\/uploads\/2023\/08\/IMG_1919-scaled.jpeg?fit=1200%2C900&ssl=1&resize=350%2C200 1x, https:\/\/i0.wp.com\/ralupo.me\/wp-content\/uploads\/2023\/08\/IMG_1919-scaled.jpeg?fit=1200%2C900&ssl=1&resize=525%2C300 1.5x, https:\/\/i0.wp.com\/ralupo.me\/wp-content\/uploads\/2023\/08\/IMG_1919-scaled.jpeg?fit=1200%2C900&ssl=1&resize=700%2C400 2x, https:\/\/i0.wp.com\/ralupo.me\/wp-content\/uploads\/2023\/08\/IMG_1919-scaled.jpeg?fit=1200%2C900&ssl=1&resize=1050%2C600 3x"},"classes":[]},{"id":14587,"url":"https:\/\/ralupo.me\/en\/archive\/14587","url_meta":{"origin":13412,"position":3},"title":"Keine OSCE-Beobachter zur Pr\u00e4sidentenwahl in Belarus","author":"Lupo","date":"9. January 2025","format":false,"excerpt":"[:de] Die Entscheidung der belarussischen Beh\u00f6rden, keine OSZE-Teilnehmerstaaten zur Beobachtung der Pr\u00e4sidentschaftswahl am 26. Januar einzuladen, wird vom B\u00fcro f\u00fcr Demokratische Institutionen und Menschenrechte der OSZE (ODIHR) sowie der Parlamentarischen Versammlung der OSZE (OSZE PA) in einer heutigen Erkl\u00e4rung bedauert. Diese Entscheidung verhindere eine unparteiische und unabh\u00e4ngige Bewertung des Wahlprozesses.\u2026","rel":"","context":"In &quot;Politik&quot;","block_context":{"text":"Politik","link":"https:\/\/ralupo.me\/en\/archive\/category\/politik"},"img":{"alt_text":"","src":"https:\/\/i0.wp.com\/ralupo.me\/wp-content\/uploads\/2022\/03\/0F1B988F-C17F-4D05-9EC8-2D9F557332DD-scaled.jpeg?fit=1200%2C900&ssl=1&resize=350%2C200","width":350,"height":200,"srcset":"https:\/\/i0.wp.com\/ralupo.me\/wp-content\/uploads\/2022\/03\/0F1B988F-C17F-4D05-9EC8-2D9F557332DD-scaled.jpeg?fit=1200%2C900&ssl=1&resize=350%2C200 1x, https:\/\/i0.wp.com\/ralupo.me\/wp-content\/uploads\/2022\/03\/0F1B988F-C17F-4D05-9EC8-2D9F557332DD-scaled.jpeg?fit=1200%2C900&ssl=1&resize=525%2C300 1.5x, https:\/\/i0.wp.com\/ralupo.me\/wp-content\/uploads\/2022\/03\/0F1B988F-C17F-4D05-9EC8-2D9F557332DD-scaled.jpeg?fit=1200%2C900&ssl=1&resize=700%2C400 2x, https:\/\/i0.wp.com\/ralupo.me\/wp-content\/uploads\/2022\/03\/0F1B988F-C17F-4D05-9EC8-2D9F557332DD-scaled.jpeg?fit=1200%2C900&ssl=1&resize=1050%2C600 3x"},"classes":[]},{"id":14536,"url":"https:\/\/ralupo.me\/en\/archive\/14536","url_meta":{"origin":13412,"position":4},"title":"Zentrum Liberale Moderne: Georgien braucht jetzt unsere Unterst\u00fctzung!","author":"Lupo","date":"13. December 2024","format":false,"excerpt":"[:de] Seit dem 28. November protestieren in Georgien hunderttausende Menschen f\u00fcr Demokratie und eine EU-Integration, werden jedoch mit massiver Gewalt unterdr\u00fcckt. Georgien steht vor der Entscheidung, ob es sich Europa anschlie\u00dft oder unter russischen Einfluss ger\u00e4t. Das Zentrum liberale Moderne hat sich deswegen mit einem offenen Brief an die Bundesregierung\u2026","rel":"","context":"In &quot;Politik&quot;","block_context":{"text":"Politik","link":"https:\/\/ralupo.me\/en\/archive\/category\/politik"},"img":{"alt_text":"","src":"https:\/\/i0.wp.com\/ralupo.me\/wp-content\/uploads\/2024\/12\/IMG_7782_jpg-scaled.jpeg?fit=1200%2C900&ssl=1&resize=350%2C200","width":350,"height":200,"srcset":"https:\/\/i0.wp.com\/ralupo.me\/wp-content\/uploads\/2024\/12\/IMG_7782_jpg-scaled.jpeg?fit=1200%2C900&ssl=1&resize=350%2C200 1x, https:\/\/i0.wp.com\/ralupo.me\/wp-content\/uploads\/2024\/12\/IMG_7782_jpg-scaled.jpeg?fit=1200%2C900&ssl=1&resize=525%2C300 1.5x, https:\/\/i0.wp.com\/ralupo.me\/wp-content\/uploads\/2024\/12\/IMG_7782_jpg-scaled.jpeg?fit=1200%2C900&ssl=1&resize=700%2C400 2x, https:\/\/i0.wp.com\/ralupo.me\/wp-content\/uploads\/2024\/12\/IMG_7782_jpg-scaled.jpeg?fit=1200%2C900&ssl=1&resize=1050%2C600 3x"},"classes":[]},{"id":3076,"url":"https:\/\/ralupo.me\/en\/archive\/3076","url_meta":{"origin":13412,"position":5},"title":"Wochenr\u00fcckblick","author":"Lupo","date":"29. January 2022","format":false,"excerpt":"Die politische Woche beendet der AfD-Vorsitzende J\u00f6rg Meuthen mit seinem R\u00fccktritt. Wie es in dieser Partei \u00fcblich ist, tritt der Vorsitzende nicht nur zur\u00fcck, sondern gleich ganz aus der Partei aus. \u00dcblicherweise entdecken die jeweiligen Vorsitzenden, Lucke, Petry, Meuthen, gegen Ende ihrer Amtszeit, dass die Partei nach rechts r\u00fccke und\u2026","rel":"","context":"In &quot;Aufgelesen&quot;","block_context":{"text":"Aufgelesen","link":"https:\/\/ralupo.me\/en\/archive\/category\/aufgelesen"},"img":{"alt_text":"","src":"https:\/\/i0.wp.com\/ralupo.me\/wp-content\/uploads\/2022\/01\/img_4034-scaled-e1643470482736.jpg?fit=1200%2C900&ssl=1&resize=350%2C200","width":350,"height":200,"srcset":"https:\/\/i0.wp.com\/ralupo.me\/wp-content\/uploads\/2022\/01\/img_4034-scaled-e1643470482736.jpg?fit=1200%2C900&ssl=1&resize=350%2C200 1x, https:\/\/i0.wp.com\/ralupo.me\/wp-content\/uploads\/2022\/01\/img_4034-scaled-e1643470482736.jpg?fit=1200%2C900&ssl=1&resize=525%2C300 1.5x, https:\/\/i0.wp.com\/ralupo.me\/wp-content\/uploads\/2022\/01\/img_4034-scaled-e1643470482736.jpg?fit=1200%2C900&ssl=1&resize=700%2C400 2x, https:\/\/i0.wp.com\/ralupo.me\/wp-content\/uploads\/2022\/01\/img_4034-scaled-e1643470482736.jpg?fit=1200%2C900&ssl=1&resize=1050%2C600 3x"},"classes":[]}],"jetpack_shortlink":"https:\/\/wp.me\/scanHs-ma","_links":{"self":[{"href":"https:\/\/ralupo.me\/en\/wp-json\/wp\/v2\/posts\/13412","targetHints":{"allow":["GET"]}}],"collection":[{"href":"https:\/\/ralupo.me\/en\/wp-json\/wp\/v2\/posts"}],"about":[{"href":"https:\/\/ralupo.me\/en\/wp-json\/wp\/v2\/types\/post"}],"author":[{"embeddable":true,"href":"https:\/\/ralupo.me\/en\/wp-json\/wp\/v2\/users\/1"}],"replies":[{"embeddable":true,"href":"https:\/\/ralupo.me\/en\/wp-json\/wp\/v2\/comments?post=13412"}],"version-history":[{"count":1,"href":"https:\/\/ralupo.me\/en\/wp-json\/wp\/v2\/posts\/13412\/revisions"}],"predecessor-version":[{"id":13415,"href":"https:\/\/ralupo.me\/en\/wp-json\/wp\/v2\/posts\/13412\/revisions\/13415"}],"wp:featuredmedia":[{"embeddable":true,"href":"https:\/\/ralupo.me\/en\/wp-json\/wp\/v2\/media\/13414"}],"wp:attachment":[{"href":"https:\/\/ralupo.me\/en\/wp-json\/wp\/v2\/media?parent=13412"}],"wp:term":[{"taxonomy":"category","embeddable":true,"href":"https:\/\/ralupo.me\/en\/wp-json\/wp\/v2\/categories?post=13412"},{"taxonomy":"post_tag","embeddable":true,"href":"https:\/\/ralupo.me\/en\/wp-json\/wp\/v2\/tags?post=13412"}],"curies":[{"name":"wp","href":"https:\/\/api.w.org\/{rel}","templated":true}]}}