{"id":13375,"date":"2024-01-21T18:26:31","date_gmt":"2024-01-21T17:26:31","guid":{"rendered":"https:\/\/ralupo.me\/?p=13375"},"modified":"2024-01-26T15:32:41","modified_gmt":"2024-01-26T14:32:41","slug":"kanzlerdaemmerung","status":"publish","type":"post","link":"https:\/\/ralupo.me\/en\/archive\/13375","title":{"rendered":"Kanzlerd\u00e4mmerung"},"content":{"rendered":"<span class=\"span-reading-time rt-reading-time\" style=\"display: block;\"><span class=\"rt-label rt-prefix\">Lesedauer<\/span> <span class=\"rt-time\"> 2<\/span> <span class=\"rt-label rt-postfix\">Minuten<\/span><\/span>\n<p class=\"wp-block-paragraph\"><a href=\"https:\/\/ralupo.me\/archive\/3685\">Herfried M\u00fcnkler bringt in seinem aktuellen Buch<\/a> die Herausforderungen, die sich f\u00fcr Deutschland und Europa aus den neuen Konstellation der Welt ergeben, auf den Punkt: Nach seiner Auffassung wird die im Entstehen begriffene Weltordnung<\/p>\n\n\n\n<blockquote class=\"wp-block-quote is-layout-flow wp-block-quote-is-layout-flow\">\n<p class=\"wp-block-paragraph\">keine einer geeinten Menschheit mit den Vereinen Nationen als politischer Vertretung sein wird, wie man sich das zumal in Deutschland zeitweilig vorgestellt hat &#8211; sondern eine Ordnung der gro\u00dfen M\u00e4chte, die miteinander kooperieren wie konkurrieren und dabei ihren je eigenen Interessen folgen. Will Europa in diesem Mit- und Gegeneinander eine Rolle spielen, so muss es als geschlossener Block auftreten und mit einer Stimme sprechen. Das ist die Voraussetzung daf\u00fcr, dass die europ\u00e4ischen Staaten von den anderen gro\u00dfen M\u00e4chten, den USA und China sowie Russland, nicht gegeneinander ausgespielt werden k\u00f6nnen. F\u00fcr diese Geschlossenheit und Durchsetzungskraft zu sorgen, ist eine Aufgabe, die nicht zuletzt den deutschen Regierungen zuf\u00e4llt &#8211; sinnvollerweise in m\u00f6glichst enger Kooperation mit der politischen F\u00fchrung Frankreichs. Dass die deutsche Politik durch kluge Zur\u00fcckhaltung dabei in der Vergangenheit fast alles richtig gemacht hat, ist keine Versicherung daf\u00fcr, dass sie das auch in Zukunft tun wird, denn die Herausforderung der politischen Zukunft Europas sind andere als die der Vergangenheit, als es gen\u00fcgte, wesentlich auf wirtschaftliche Macht zu setzen und die in Br\u00fcssel zustande gekommenen Kompromisse zu einem erhebliches Teil zu finanzieren. In Zukunft wird Deutschland st\u00e4rker f\u00fchren m\u00fcssen, und zwar durch politisches Vorangehen und weniger, jedenfalls nicht nur, durch das Finden von Kompromissen. Solches Vorangehen muss die deutsche Politik aber erst noch lernen.<\/p>\n<cite>M\u00fcnkler, Die Welt in Aufruhr. Die Ordnung der M\u00e4chte in 21. Jahrhundert, 2023, S. 162<\/cite><\/blockquote>\n\n\n\n<p class=\"wp-block-paragraph\">Es sind gro\u00dfe Herausforderungen vor denen Europa steht. Die Neugestaltung der europ\u00e4ischen Sicherheitsarchitektur m\u00fcsste angegangen werden. Selbst in Frankreich scheint man das mittlerweile begriffen zu haben. Nur aus Berlin kommt Schweigen.<\/p>\n\n\n\n<p class=\"wp-block-paragraph\">Der deutsche Bundeskanzler hat sich mal verlautbaren lassen, wer bei ihm F\u00fchrung bestelle, bek\u00e4me sie auch. Aber das ist schon lange her. <a href=\"https:\/\/www.sueddeutsche.de\/politik\/spd-scholz-ampel-afd-1.6335703\">Nach der S\u00fcddeutschen<\/a> ist nun <a href=\"https:\/\/www.faz.net\/aktuell\/politik\/inland\/das-vertrauen-in-kanzler-olaf-scholz-leidet-19460415.html\">auch in der FAZ ein Artikel<\/a> \u00fcber Olaf Scholz erschienen, den man unter die Rubrik \u201eKanzlerd\u00e4mmerung\u201c einsortieren k\u00f6nnte.<\/p>\n\n\n<div class=\"vlp-link-container vlp-template-default wp-block-visual-link-preview-link\">\n\t<a href=\"https:\/\/www.faz.net\/aktuell\/politik\/inland\/das-vertrauen-in-kanzler-olaf-scholz-leidet-19460415.html\" class=\"vlp-link\" title=\"Das Vertrauen in Kanzler Olaf Scholz leidet\" rel=\"nofollow\" target=\"_blank\"><\/a>\t\t<div class=\"vlp-link-image-container\">\n\t\t<div class=\"vlp-link-image\">\n\t\t\t<img data-recalc-dims=\"1\" decoding=\"async\" src=\"https:\/\/i0.wp.com\/media1.faz.net\/ppmedia\/aktuell\/3012909050\/1.9460413\/stoererbig\/deutschland-hat-sich-keinen.jpg?ssl=1\" style=\"max-width: 150px; max-height: 150px\" \/>\t\t<\/div>\n\t<\/div>\n\t\t<div class=\"vlp-link-text-container\">\n\t\t\t\t<div class=\"vlp-link-title\">\n\t\t\tDas Vertrauen in Kanzler Olaf Scholz leidet\t\t<\/div>\n\t\t\t\t\t\t<div class=\"vlp-link-summary\">\n\t\t\tAlles ist im Umbruch, aber Olaf Scholz redet beruhigend, fast therapeutisch auf die B\u00fcrger ein. Das Vertrauen in den Kanzler leidet, auch in seiner SPD.\t\t<\/div>\n\t\t\t<\/div>\n<\/div>\n","protected":false},"excerpt":{"rendered":"<p>Herfried M\u00fcnkler bringt in seinem aktuellen Buch die Herausforderungen, die sich f\u00fcr Deutschland und Europa aus den neuen Konstellation der Welt ergeben, auf den Punkt: Nach seiner Auffassung wird die [&hellip;]<\/p>\n","protected":false},"author":1,"featured_media":9504,"comment_status":"open","ping_status":"open","sticky":false,"template":"","format":"standard","meta":{"_crdt_document":"","advanced_seo_description":"","jetpack_seo_html_title":"","jetpack_seo_noindex":false,"_EventAllDay":false,"_EventTimezone":"","_EventStartDate":"","_EventEndDate":"","_EventStartDateUTC":"","_EventEndDateUTC":"","_EventShowMap":false,"_EventShowMapLink":false,"_EventURL":"","_EventCost":"","_EventCostDescription":"","_EventCurrencySymbol":"","_EventCurrencyCode":"","_EventCurrencyPosition":"","_EventDateTimeSeparator":"","_EventTimeRangeSeparator":"","_EventOrganizerID":[],"_EventVenueID":[],"_OrganizerEmail":"","_OrganizerPhone":"","_OrganizerWebsite":"","_VenueAddress":"","_VenueCity":"","_VenueCountry":"","_VenueProvince":"","_VenueState":"","_VenueZip":"","_VenuePhone":"","_VenueURL":"","_VenueStateProvince":"","_VenueLat":"","_VenueLng":"","_VenueShowMap":false,"_VenueShowMapLink":false,"jetpack_post_was_ever_published":false,"_jetpack_newsletter_access":"","_jetpack_dont_email_post_to_subs":false,"_jetpack_newsletter_tier_id":0,"_jetpack_memberships_contains_paywalled_content":false,"_jetpack_memberships_contains_paid_content":false,"footnotes":""},"categories":[693],"tags":[990,619,991,354,602],"class_list":["post-13375","post","type-post","status-publish","format-standard","has-post-thumbnail","hentry","category-politik","tag-fuehrung","tag-scholz","tag-weltordnung","tag-berlin","tag-kanzler"],"jetpack_featured_media_url":"https:\/\/i0.wp.com\/ralupo.me\/wp-content\/uploads\/2023\/01\/6856FA42-6078-48A6-A388-714FA98D4F72-scaled.jpeg?fit=2560%2C1920&ssl=1","jetpack_sharing_enabled":true,"jetpack-related-posts":[{"id":5274,"url":"https:\/\/ralupo.me\/en\/archive\/5274","url_meta":{"origin":13375,"position":0},"title":"Kandidatenstatus: EUkraine now!","author":"Lupo","date":"28. May 2022","format":false,"excerpt":"[:de] In vielen europ\u00e4ischen Hauptst\u00e4dten startete am Samstag die Kampagne #EUkraine now, mit der f\u00fcr einen EU-Kandidatenstatus f\u00fcr die Ukraine getrommelt werden soll. In Berlin versammelten sich am Vorabend einer angek\u00fcndigten Gro\u00dfdemonstration mehrere hundert Menschen vor dem Bundeskanzleramt im Berliner Regierungsviertel. Sie forderten, der Ukraine den Weg in die EU\u2026","rel":"","context":"In &quot;Politik&quot;","block_context":{"text":"Politik","link":"https:\/\/ralupo.me\/en\/archive\/category\/politik"},"img":{"alt_text":"","src":"https:\/\/i0.wp.com\/ralupo.me\/wp-content\/uploads\/2022\/05\/FA579241-DE15-4AE5-8D6F-A89D086CC450-scaled.jpeg?fit=1200%2C900&ssl=1&resize=350%2C200","width":350,"height":200,"srcset":"https:\/\/i0.wp.com\/ralupo.me\/wp-content\/uploads\/2022\/05\/FA579241-DE15-4AE5-8D6F-A89D086CC450-scaled.jpeg?fit=1200%2C900&ssl=1&resize=350%2C200 1x, https:\/\/i0.wp.com\/ralupo.me\/wp-content\/uploads\/2022\/05\/FA579241-DE15-4AE5-8D6F-A89D086CC450-scaled.jpeg?fit=1200%2C900&ssl=1&resize=525%2C300 1.5x, https:\/\/i0.wp.com\/ralupo.me\/wp-content\/uploads\/2022\/05\/FA579241-DE15-4AE5-8D6F-A89D086CC450-scaled.jpeg?fit=1200%2C900&ssl=1&resize=700%2C400 2x, https:\/\/i0.wp.com\/ralupo.me\/wp-content\/uploads\/2022\/05\/FA579241-DE15-4AE5-8D6F-A89D086CC450-scaled.jpeg?fit=1200%2C900&ssl=1&resize=1050%2C600 3x"},"classes":[]},{"id":3578,"url":"https:\/\/ralupo.me\/en\/archive\/3578","url_meta":{"origin":13375,"position":1},"title":"\u201eNicht reagieren, sondern agieren!\u201c","author":"Lupo","date":"27. February 2022","format":false,"excerpt":"[:de][:]","rel":"","context":"In &quot;Ukraine&quot;","block_context":{"text":"Ukraine","link":"https:\/\/ralupo.me\/en\/archive\/category\/ukraine"},"img":{"alt_text":"","src":"https:\/\/i0.wp.com\/ralupo.me\/wp-content\/uploads\/2022\/02\/img_5060_jpg-scaled.jpg?fit=1200%2C900&ssl=1&resize=350%2C200","width":350,"height":200,"srcset":"https:\/\/i0.wp.com\/ralupo.me\/wp-content\/uploads\/2022\/02\/img_5060_jpg-scaled.jpg?fit=1200%2C900&ssl=1&resize=350%2C200 1x, https:\/\/i0.wp.com\/ralupo.me\/wp-content\/uploads\/2022\/02\/img_5060_jpg-scaled.jpg?fit=1200%2C900&ssl=1&resize=525%2C300 1.5x, https:\/\/i0.wp.com\/ralupo.me\/wp-content\/uploads\/2022\/02\/img_5060_jpg-scaled.jpg?fit=1200%2C900&ssl=1&resize=700%2C400 2x, https:\/\/i0.wp.com\/ralupo.me\/wp-content\/uploads\/2022\/02\/img_5060_jpg-scaled.jpg?fit=1200%2C900&ssl=1&resize=1050%2C600 3x"},"classes":[]},{"id":13098,"url":"https:\/\/ralupo.me\/en\/archive\/13098","url_meta":{"origin":13375,"position":2},"title":"&#8220;Keine Zeit mehr verlieren&#8221;","author":"Lupo","date":"7. January 2024","format":false,"excerpt":"[:de] Unter dem Eindruck der verheerenden russischen Raketenangriffe auf ukrainische St\u00e4dte \u00fcber den Jahreswechsel hat die ukrainische Vereinigung \"Vitsche\" in Berlin zu ihrer ersten Solidarit\u00e4tskundgebung im neuen Jahr vor dem Kanzleramt aufgerufen. Zeitgleich fanden in ganz Europa Kundgebungen statt, darunter zeitgleich auch in K\u00f6ln. In Berlin kamen mehr als 1.000\u2026","rel":"","context":"In &quot;Europa&quot;","block_context":{"text":"Europa","link":"https:\/\/ralupo.me\/en\/archive\/category\/europa"},"img":{"alt_text":"","src":"https:\/\/i0.wp.com\/ralupo.me\/wp-content\/uploads\/2024\/01\/IMG_7863_jpg-scaled.jpeg?fit=1200%2C900&ssl=1&resize=350%2C200","width":350,"height":200,"srcset":"https:\/\/i0.wp.com\/ralupo.me\/wp-content\/uploads\/2024\/01\/IMG_7863_jpg-scaled.jpeg?fit=1200%2C900&ssl=1&resize=350%2C200 1x, https:\/\/i0.wp.com\/ralupo.me\/wp-content\/uploads\/2024\/01\/IMG_7863_jpg-scaled.jpeg?fit=1200%2C900&ssl=1&resize=525%2C300 1.5x, https:\/\/i0.wp.com\/ralupo.me\/wp-content\/uploads\/2024\/01\/IMG_7863_jpg-scaled.jpeg?fit=1200%2C900&ssl=1&resize=700%2C400 2x, https:\/\/i0.wp.com\/ralupo.me\/wp-content\/uploads\/2024\/01\/IMG_7863_jpg-scaled.jpeg?fit=1200%2C900&ssl=1&resize=1050%2C600 3x"},"classes":[]},{"id":3140,"url":"https:\/\/ralupo.me\/en\/archive\/3140","url_meta":{"origin":13375,"position":3},"title":"Bundesweite Solidarit\u00e4tskundgebungen f\u00fcr die Ukraine","author":"Lupo","date":"30. January 2022","format":false,"excerpt":"[:de] In zahlreichen deutschen Gro\u00dfst\u00e4dten gab es am Wochenende Solidarit\u00e4tskundgebungen f\u00fcr die Ukraine. In Berlin, Hamburg, K\u00f6ln, Frankfurt, M\u00fcnchen, Leipzig und Dresden kamen hunderte Menschen zusammen, um vor einem drohenden Krieg zu warnen und um ihre Solidarit\u00e4t mit der Ukraine und den Ukrainern zu bekunden, die sich gegenw\u00e4rtig einer drohenden\u2026","rel":"","context":"In &quot;Eastbound&quot;","block_context":{"text":"Eastbound","link":"https:\/\/ralupo.me\/en\/archive\/category\/eastbound"},"img":{"alt_text":"","src":"https:\/\/i0.wp.com\/ralupo.me\/wp-content\/uploads\/2022\/01\/B2292D44-64A4-460C-A51F-498E74DA5AAB-scaled.jpeg?fit=1200%2C900&ssl=1&resize=350%2C200","width":350,"height":200,"srcset":"https:\/\/i0.wp.com\/ralupo.me\/wp-content\/uploads\/2022\/01\/B2292D44-64A4-460C-A51F-498E74DA5AAB-scaled.jpeg?fit=1200%2C900&ssl=1&resize=350%2C200 1x, https:\/\/i0.wp.com\/ralupo.me\/wp-content\/uploads\/2022\/01\/B2292D44-64A4-460C-A51F-498E74DA5AAB-scaled.jpeg?fit=1200%2C900&ssl=1&resize=525%2C300 1.5x, https:\/\/i0.wp.com\/ralupo.me\/wp-content\/uploads\/2022\/01\/B2292D44-64A4-460C-A51F-498E74DA5AAB-scaled.jpeg?fit=1200%2C900&ssl=1&resize=700%2C400 2x, https:\/\/i0.wp.com\/ralupo.me\/wp-content\/uploads\/2022\/01\/B2292D44-64A4-460C-A51F-498E74DA5AAB-scaled.jpeg?fit=1200%2C900&ssl=1&resize=1050%2C600 3x"},"classes":[]},{"id":14893,"url":"https:\/\/ralupo.me\/en\/archive\/14893","url_meta":{"origin":13375,"position":4},"title":"Keine Zeit f\u00fcr Russlandromantik","author":"Lupo","date":"18. May 2025","format":false,"excerpt":"[:de] In einem, wie ich finde, bemerkenswerten Beitrag warnt Anna Schiller im Newsletter \"Der andere Blick\" f\u00fcr die NZZ vor einem Wiedererstarken deutscher Russlandromantik. Einerseits hat Kanzler Friedrich Merz gleich zu Beginn seiner Amtszeit die klare au\u00dfenpolitische Botschaft gesendet, dass Deutschland fest an der Seite der Ukraine steht \u2013 politisch,\u2026","rel":"","context":"In &quot;Politik&quot;","block_context":{"text":"Politik","link":"https:\/\/ralupo.me\/en\/archive\/category\/politik"},"img":{"alt_text":"","src":"https:\/\/i0.wp.com\/ralupo.me\/wp-content\/uploads\/2025\/05\/IMG_2759-scaled.jpg?fit=1200%2C900&ssl=1&resize=350%2C200","width":350,"height":200,"srcset":"https:\/\/i0.wp.com\/ralupo.me\/wp-content\/uploads\/2025\/05\/IMG_2759-scaled.jpg?fit=1200%2C900&ssl=1&resize=350%2C200 1x, https:\/\/i0.wp.com\/ralupo.me\/wp-content\/uploads\/2025\/05\/IMG_2759-scaled.jpg?fit=1200%2C900&ssl=1&resize=525%2C300 1.5x, https:\/\/i0.wp.com\/ralupo.me\/wp-content\/uploads\/2025\/05\/IMG_2759-scaled.jpg?fit=1200%2C900&ssl=1&resize=700%2C400 2x, https:\/\/i0.wp.com\/ralupo.me\/wp-content\/uploads\/2025\/05\/IMG_2759-scaled.jpg?fit=1200%2C900&ssl=1&resize=1050%2C600 3x"},"classes":[]},{"id":5039,"url":"https:\/\/ralupo.me\/en\/archive\/5039","url_meta":{"origin":13375,"position":5},"title":"&#8220;Die Sache der Ukraine ist auch unsere Sache&#8221;: Noch ein Brief an den Kanzler","author":"Lupo","date":"4. May 2022","format":false,"excerpt":"[:de] \u00dcber mangelnden Posteingang kann sich Olaf Scholz derzeit nicht beklagen. Nachdem offenen Brief von Alice Schwarzer, den sie selbst f\u00fcr \"zum Teil sehr kenntnisreich\" h\u00e4lt (und sodann gleich die Ukraine mit Ungarn verwechselt), kommt die neue Zuschrift nun von Leuten, die sich mit dem Thema auskennen. Initiiert hat den\u2026","rel":"","context":"In &quot;Politik&quot;","block_context":{"text":"Politik","link":"https:\/\/ralupo.me\/en\/archive\/category\/politik"},"img":{"alt_text":"","src":"https:\/\/i0.wp.com\/ralupo.me\/wp-content\/uploads\/2022\/01\/img_3967-scaled.jpg?fit=900%2C1200&ssl=1&resize=350%2C200","width":350,"height":200,"srcset":"https:\/\/i0.wp.com\/ralupo.me\/wp-content\/uploads\/2022\/01\/img_3967-scaled.jpg?fit=900%2C1200&ssl=1&resize=350%2C200 1x, https:\/\/i0.wp.com\/ralupo.me\/wp-content\/uploads\/2022\/01\/img_3967-scaled.jpg?fit=900%2C1200&ssl=1&resize=525%2C300 1.5x, https:\/\/i0.wp.com\/ralupo.me\/wp-content\/uploads\/2022\/01\/img_3967-scaled.jpg?fit=900%2C1200&ssl=1&resize=700%2C400 2x"},"classes":[]}],"jetpack_shortlink":"https:\/\/wp.me\/pcanHs-3tJ","_links":{"self":[{"href":"https:\/\/ralupo.me\/en\/wp-json\/wp\/v2\/posts\/13375","targetHints":{"allow":["GET"]}}],"collection":[{"href":"https:\/\/ralupo.me\/en\/wp-json\/wp\/v2\/posts"}],"about":[{"href":"https:\/\/ralupo.me\/en\/wp-json\/wp\/v2\/types\/post"}],"author":[{"embeddable":true,"href":"https:\/\/ralupo.me\/en\/wp-json\/wp\/v2\/users\/1"}],"replies":[{"embeddable":true,"href":"https:\/\/ralupo.me\/en\/wp-json\/wp\/v2\/comments?post=13375"}],"version-history":[{"count":6,"href":"https:\/\/ralupo.me\/en\/wp-json\/wp\/v2\/posts\/13375\/revisions"}],"predecessor-version":[{"id":13424,"href":"https:\/\/ralupo.me\/en\/wp-json\/wp\/v2\/posts\/13375\/revisions\/13424"}],"wp:featuredmedia":[{"embeddable":true,"href":"https:\/\/ralupo.me\/en\/wp-json\/wp\/v2\/media\/9504"}],"wp:attachment":[{"href":"https:\/\/ralupo.me\/en\/wp-json\/wp\/v2\/media?parent=13375"}],"wp:term":[{"taxonomy":"category","embeddable":true,"href":"https:\/\/ralupo.me\/en\/wp-json\/wp\/v2\/categories?post=13375"},{"taxonomy":"post_tag","embeddable":true,"href":"https:\/\/ralupo.me\/en\/wp-json\/wp\/v2\/tags?post=13375"}],"curies":[{"name":"wp","href":"https:\/\/api.w.org\/{rel}","templated":true}]}}