{"id":13363,"date":"2024-01-21T12:50:32","date_gmt":"2024-01-21T11:50:32","guid":{"rendered":"https:\/\/ralupo.me\/?p=13363"},"modified":"2024-01-21T14:01:30","modified_gmt":"2024-01-21T13:01:30","slug":"aufgelesen-lupos-lesewoche-2","status":"publish","type":"post","link":"https:\/\/ralupo.me\/en\/archive\/13363","title":{"rendered":"Aufgelesen: Lupos Lesewoche #2"},"content":{"rendered":"<span class=\"span-reading-time rt-reading-time\" style=\"display: block;\"><span class=\"rt-label rt-prefix\">Lesedauer<\/span> <span class=\"rt-time\"> 5<\/span> <span class=\"rt-label rt-postfix\">Minuten<\/span><\/span>\n<p class=\"wp-block-paragraph\">Mit Stimmen von SPD, Gr\u00fcnen, FDP, Linken und AfD (!) wurde der Antrag der Union, mit dem die Bundesregierung zur Lieferung von Taurus-Raketen an die Ukraine aufgefordert werden sollte, abgelehnt. Der im November in den Bundestag eingebrachte Antrag wurde in den Ausschuss verwiesen und wird dort mit den Stimmen der Koalition regelm\u00e4\u00dfig von der Tagesordnung abgesetzt. Die Abstimmung im Bundestag war auch ein Offenbarungseid f\u00fcr die sonst lautstarken Bef\u00fcrworter aus der Ampel. Auch sie stimmten dagegen, obwohl sie daf\u00fcr sind. Berthold Kohler wird in der FAZ deutlich: &#8220;Die Maulhelden der Ampel&#8221;.<\/p>\n\n\n<div class=\"vlp-link-container vlp-template-default wp-block-visual-link-preview-link\">\n\t<a href=\"https:\/\/www.faz.net\/aktuell\/politik\/taurus-abstimmung-im-bundestag-die-maulhelden-der-ampel-19456578.html\" class=\"vlp-link\" title=\"Taurus-Abstimmung im Bundestag: Die Maulhelden der Ampel\" rel=\"nofollow\" target=\"_blank\"><\/a>\t\t<div class=\"vlp-link-image-container\">\n\t\t<div class=\"vlp-link-image\">\n\t\t\t<img data-recalc-dims=\"1\" decoding=\"async\" src=\"https:\/\/i0.wp.com\/media1.faz.net\/ppmedia\/aktuell\/politik\/4008960805\/1.9456607\/stoererbig\/marie-agnes-strack-zimmermann.jpg?ssl=1\" style=\"max-width: 150px; max-height: 150px\" \/>\t\t<\/div>\n\t<\/div>\n\t\t<div class=\"vlp-link-text-container\">\n\t\t\t\t<div class=\"vlp-link-title\">\n\t\t\tTaurus-Abstimmung im Bundestag: Die Maulhelden der Ampel\t\t<\/div>\n\t\t\t\t\t\t<div class=\"vlp-link-summary\">\n\t\t\tDer Union ging es in Sachen Taurus nur um machtpolitische Spielchen? Die Vorw\u00fcrfe der Ampel fallen auf sie selbst zur\u00fcck.\t\t<\/div>\n\t\t\t<\/div>\n<\/div>\n\n\n\n<p class=\"wp-block-paragraph\">Immerhin: Agnes Strack-Zimmermann k\u00fcndigt an, bis Februar l\u00e4ge ein eigener Antrag der Ampel-Fraktionen vor. &#8220;Ohne wenn und aber&#8221;. <a href=\"https:\/\/ralupo.me\/archive\/13289\">Wir z\u00e4hlen die Tage und werden sie daran erinnern<\/a>. Der sp\u00e4teste Zeitpunkt w\u00e4re der 23. Februar.<\/p>\n\n\n\n<div class=\"is-style-circular cpfg-countdown cpfg-elementsCount-2 cpfg-borderwidth-2\" style=\"font-size:35px\" data-datetime=\"2024-02-23 12:00\" data-message=\"Sorry you are late!\" data-days=\"true\" data-hours=\"true\" data-minutes=\"false\" data-seconds=\"false\" data-animation=\"none\" data-borderwidth=\"2\"><div class=\"cpfg-counter cpfg-days\"><div class=\"cpfg-canvas\" style=\"background-color:none\"><span class=\"cpfg-digits\">0<\/span><span class=\"cpfg-label\">Days<\/span><\/div><\/div><div class=\"cpfg-counter cpfg-hours\"><div class=\"cpfg-canvas\" style=\"background-color:none\"><span class=\"cpfg-digits\">0<\/span><span class=\"cpfg-label\">Hours<\/span><\/div><\/div><\/div>\n\n\n\n<p class=\"has-text-align-center wp-block-paragraph\">*<\/p>\n\n\n\n<p class=\"wp-block-paragraph\"><strong>Hinter der Front:<\/strong> Was passiert eigentlich in den russisch besetzten Gebieten\u2002in der Ukraine? Nachdem ukrainische Truppen im Sommer 2022 zahlreiche Gebiete wieder befreit hatten und die Russen zur\u00fcckgedr\u00e4ngt haben, blickte die Welt mit Entsetzen auf die Gr\u00e4uel: Massengr\u00e4ber und gefolterten Menschen. Doch noch immer ist ein beachtlicher Teil im Osten von russischen Truppen besetzt. Was dort vor sich geht, hat David Lewis in einem bedr\u00fcckenden Report in Foreign Affairs aufgeschrieben: <a href=\"https:\/\/www.foreignaffairs.com\/ukraine\/quiet-transformation-occupied-ukraine\">The Quiet Transformation of Occupied Ukraine.<\/a><\/p>\n\n\n\n<blockquote class=\"wp-block-quote is-layout-flow wp-block-quote-is-layout-flow\">\n<p class=\"wp-block-paragraph\">Russia ceremonially annexed four Ukrainian oblasts\u2014Donetsk and Luhansk in the east of the country and Zaporizhzhia and Kherson in the south\u2014in September 2022, although its military is not in full control of any of these provinces. Since then, Russian officials have transformed the governance of the areas under its control, holding sham elections last September and appointing pro-Moscow officials at every level. An army of technocrats is overseeing the complete absorption of these territories, aligning their laws, regulations, and tax and banking systems with&nbsp;Russia, and getting rid of any traces of institutional ties to Ukraine. A nominal transition period runs until January 2026, by which time the Kremlin expects Russian legal, judicial, and political systems to be fully in force in what it calls the \u201cNew Regions.\u201d<\/p>\n<cite>David Lewis, The Quiet Transformation of Occupied Ukraine, Foreign Affairs<\/cite><\/blockquote>\n\n\n<div class=\"vlp-link-container vlp-template-default wp-block-visual-link-preview-link\">\n\t<a href=\"https:\/\/www.foreignaffairs.com\/ukraine\/quiet-transformation-occupied-ukraine\" class=\"vlp-link\" title=\"Just a moment...\" rel=\"nofollow\" target=\"_blank\"><\/a>\t\t<div class=\"vlp-link-image-container\">\n\t\t<div class=\"vlp-link-image\">\n\t\t\t\t\t<\/div>\n\t<\/div>\n\t\t<div class=\"vlp-link-text-container\">\n\t\t\t\t<div class=\"vlp-link-title\">\n\t\t\tJust a moment&#8230;\t\t<\/div>\n\t\t\t\t\t\t<div class=\"vlp-link-summary\">\n\t\t\twww.foreignaffairs.com needs to review the security of your connection before proceeding.\t\t<\/div>\n\t\t\t<\/div>\n<\/div>\n\n\n\n<p class=\"has-text-align-center wp-block-paragraph\">* *<\/p>\n\n\n\n<p class=\"wp-block-paragraph\"><strong>Noch ist Polen nicht verloren<\/strong>. Der Wahlsieg der Opposition \u00fcber die seit 2015 regierende PiS in Polen gab Anlass zur Hoffnung: In Polen und in der Europ\u00e4ischen Union. Doch der Kampf zwischen der neuen Regierung und der PiS k\u00f6nnte eskalieren und das Land in eine Staatskrise st\u00fcrzen. <a href=\"https:\/\/www.faz.net\/aktuell\/politik\/ausland\/tusk-regierung-gegen-pis-polen-droht-die-staatskrise-19457468.html\">Die FAZ berichtet \u00fcber das Ringen in Warschau. Mittendrin: Staatspr\u00e4sident Duda.<\/a><\/p>\n\n\n\n<blockquote class=\"wp-block-quote is-layout-flow wp-block-quote-is-layout-flow\">\n<p class=\"wp-block-paragraph\">Die Wahlniederlage der PiS ist von vielen in Europa als Zeichen der Hoffnung verstanden worden, dass es m\u00f6glich ist, autorit\u00e4re und antieurop\u00e4ische Kr\u00e4fte zu besiegen. Die politische Schlacht, die in Polen nun ausgetragen wird, zeigt, wie schwierig es ist, eine einmal besch\u00e4digte Demokratie wiederherzustellen.<\/p>\n<cite>Reinhard Vesper, Tusk-Regierung gegen PiS: Polen droht die Staatskrise, FAZ vom 19.01.2024<\/cite><\/blockquote>\n\n\n<div class=\"vlp-link-container vlp-template-default wp-block-visual-link-preview-link\">\n\t<a href=\"https:\/\/www.faz.net\/aktuell\/politik\/ausland\/tusk-regierung-gegen-pis-polen-droht-die-staatskrise-19457468.html\" class=\"vlp-link\" title=\"Tusk-Regierung gegen PiS: Polen droht die Staatskrise\" rel=\"nofollow\" target=\"_blank\"><\/a>\t\t<div class=\"vlp-link-image-container\">\n\t\t<div class=\"vlp-link-image\">\n\t\t\t<img data-recalc-dims=\"1\" decoding=\"async\" src=\"https:\/\/i0.wp.com\/media0.faz.net\/ppmedia\/aktuell\/2359387435\/1.9457466\/stoererbig\/der-pis-vorsitzende-jaroslaw.jpg?ssl=1\" style=\"max-width: 150px; max-height: 150px\" \/>\t\t<\/div>\n\t<\/div>\n\t\t<div class=\"vlp-link-text-container\">\n\t\t\t\t<div class=\"vlp-link-title\">\n\t\t\tTusk-Regierung gegen PiS: Polen droht die Staatskrise\t\t<\/div>\n\t\t\t\t\t\t<div class=\"vlp-link-summary\">\n\t\t\tDie PiS akzeptiert den Verlust ihrer Macht nach der Wahl im Oktober nicht. Und sie ist bereit, Polen ins Chaos zu st\u00fcrzen.\t\t<\/div>\n\t\t\t<\/div>\n<\/div>\n\n\n\n<p class=\"has-text-align-center wp-block-paragraph\">* * *<\/p>\n\n\n\n<p class=\"wp-block-paragraph\">Russland friert weiter : Es vergeht kaum ein Tag, an dem nicht irgendwo in Russland <a href=\"https:\/\/ralupo.me\/archive\/13162\">wieder Heizungsrohre platzen und Zehntausende bei zweistelligen Minusgraden im Kalten sitzen. <\/a>Da aufgrund der desolaten Infrastruktur die Menschen zunehmend mit Strom heizen, f\u00e4llt auch dieser unter der Belastung aus. In Moskau kommt es zu Blackouts. Das ganze kommt nicht \u00fcberraschend. Schon in den letzten Jahren kam es zu Ausf\u00e4llen aufgrund der maroden Infrastruktur.<\/p>\n\n\n\n<figure class=\"wp-block-embed is-type-rich is-provider-twitter wp-block-embed-twitter\"><div class=\"wp-block-embed__wrapper\">\n<blockquote class=\"twitter-tweet\" data-width=\"500\" data-dnt=\"true\"><p lang=\"en\" dir=\"ltr\">More than 40,000 residents of Russian Chita are left without gas due to frosts and supply disruptions, local Telegram channels report. <br><br>On January 18, Stanislav Volynkin, deputy director of Chitaoblgaz, admitted that the disruption of gas supplies began back in September 2023,\u2026 <a href=\"https:\/\/t.co\/1fLE3NNKk0\">https:\/\/t.co\/1fLE3NNKk0<\/a> <a href=\"https:\/\/t.co\/TtF6LVXMqO\">pic.twitter.com\/TtF6LVXMqO<\/a><\/p>&mdash; Anton Gerashchenko (@Gerashchenko_en) <a href=\"https:\/\/twitter.com\/Gerashchenko_en\/status\/1748727679807832145?ref_src=twsrc%5Etfw\">January 20, 2024<\/a><\/blockquote><script async src=\"https:\/\/platform.twitter.com\/widgets.js\" charset=\"utf-8\"><\/script>\n<\/div><\/figure>\n\n\n\n<blockquote class=\"wp-block-quote is-layout-flow wp-block-quote-is-layout-flow\">\n<p class=\"wp-block-paragraph\">In Podolsk, a town some 30 kilometers south of the capital Moscow, at least 149,000 residents \u2014 nearly half of its population \u2014 were&nbsp;leftin the cold when a heating main burst at a nearby private ammunition plant.<\/p>\n<cite>\u2018Total Disgrace\u2019: Anger, Frustration as Mass Heating Failures Across Russia Leave Thousands in the Cold &#8211; The Moscow Times, 10.01.24<\/cite><\/blockquote>\n\n\n\n<p class=\"wp-block-paragraph\">Mittlerweile sitzen Hunderttausende im ganzen Land, darunter auch im Gro\u00dfraum Moskau und Sankt Petersburg ohne Heizung bei bis zu -20 Grad im Kalten. <\/p>\n\n\n<div class=\"vlp-link-container vlp-template-default wp-block-visual-link-preview-link\">\n\t<a href=\"https:\/\/www.themoscowtimes.com\/2024\/01\/10\/total-disgrace-anger-frustration-as-mass-heating-failures-across-russia-leave-thousands-in-the-cold-a83676\" class=\"vlp-link\" title=\"\u2018Total Disgrace\u2019: Anger, Frustration as Mass Heating Failures Across Russia Leave Thousands in the Cold - The Moscow Times\" rel=\"nofollow\" target=\"_blank\"><\/a>\t\t<div class=\"vlp-link-image-container\">\n\t\t<div class=\"vlp-link-image\">\n\t\t\t<img data-recalc-dims=\"1\" decoding=\"async\" src=\"https:\/\/i0.wp.com\/static.themoscowtimes.com\/image\/og\/c4\/83676__c4a01996c8421b63a908de177fe5b472.jpg?ssl=1\" style=\"max-width: 150px; max-height: 150px\" \/>\t\t<\/div>\n\t<\/div>\n\t\t<div class=\"vlp-link-text-container\">\n\t\t\t\t<div class=\"vlp-link-title\">\n\t\t\t\u2018Total Disgrace\u2019: Anger, Frustration as Mass Heating Failures Across Russia Leave Thousands in the Cold &#8211; The Moscow Times\t\t<\/div>\n\t\t\t\t\t\t<div class=\"vlp-link-summary\">\n\t\t\tPODOLSK, Moscow region \u2013 Residents across Russia affected by unprecedented winter heating outages in recent days have expressed their growing frustration and urged local authorities to restore heating in their homes.\t\t<\/div>\n\t\t\t<\/div>\n<\/div>\n\n\n\n<p class=\"has-text-align-center wp-block-paragraph\">* * * *<\/p>\n\n\n\n<p class=\"wp-block-paragraph\"><strong>Verhandeln mit einem notorischen L\u00fcgner? <\/strong>Der ukrainische Au\u00dfenminister Dmytro Kuleba hat in einem Social Media Posting ausgef\u00fchrt, warum die Ukraine derzeit keine M\u00f6glichkeiten f\u00fcr Verhandlungen mit Russland sieht.<\/p>\n\n\n\n<figure class=\"wp-block-embed is-type-rich is-provider-twitter wp-block-embed-twitter\"><div class=\"wp-block-embed__wrapper\">\n<blockquote class=\"twitter-tweet\" data-width=\"500\" data-dnt=\"true\"><p lang=\"en\" dir=\"ltr\">To those who have missed the previous 30 years, here is a short list of the results of negotiations with Russia that it never respected:<br>\u00a0<br>1. The Budapest Memorandum of 1994. Russia agreed to \u201crespect independence, sovereignty, and the existing borders of Ukraine\u201d as well as\u2026<\/p>&mdash; Dmytro Kuleba (@DmytroKuleba) <a href=\"https:\/\/twitter.com\/DmytroKuleba\/status\/1724427557016043668?ref_src=twsrc%5Etfw\">November 14, 2023<\/a><\/blockquote><script async src=\"https:\/\/platform.twitter.com\/widgets.js\" charset=\"utf-8\"><\/script>\n<\/div><\/figure>\n\n\n\n<p class=\"wp-block-paragraph\"><a href=\"https:\/\/www.atlanticcouncil.org\/blogs\/ukrainealert\/why-ukraine-refuses-to-negotiate-with-habitual-liar-vladimir-putin\/\">Peter Dickinson geht im Atlantic Council dem Thema weiter nach:<\/a><\/p>\n\n\n\n<blockquote class=\"wp-block-quote is-layout-flow wp-block-quote-is-layout-flow\">\n<p class=\"wp-block-paragraph\">In the present circumstances, any attempts to pressure Ukraine into negotiating a compromise peace with Russia would have disastrous consequences for the future of international security. Unless Russia is decisively defeated, there is almost no chance of the Kremlin honoring any commitments made during negotiations. Instead, a messy peace deal would reward Putin for his decision to invade Ukraine and fuel Russia\u2019s sense of impunity, paving the way for the next phase of Moscow\u2019s campaign to extinguish Ukrainian statehood and revive the Russian Empire. The Ukrainians understand this perfectly well. They have learned from bitter experience that Putin\u2019s Russia cannot be trusted, which is why they are now so adamantly opposed to premature peace talks and recognize that making concessions to the Kremlin will only prolong their country\u2019s agony.&nbsp;<\/p>\n<cite>Peter Dickinson: Why Ukraine refuses to negotiate with \u201chabitual liar\u201d Vladimir Putin, Atlantic Council, 14.11.2023<\/cite><\/blockquote>\n\n\n\n<p class=\"wp-block-paragraph\">In Mitteleuropa hat das noch nicht jeder verstanden.<\/p>\n\n\n<div class=\"vlp-link-container vlp-template-default wp-block-visual-link-preview-link\">\n\t<a href=\"https:\/\/www.atlanticcouncil.org\/blogs\/ukrainealert\/why-ukraine-refuses-to-negotiate-with-habitual-liar-vladimir-putin\/\" class=\"vlp-link\" title=\"Why Ukraine refuses to negotiate with \u201chabitual liar\u201d Vladimir Putin\" rel=\"nofollow\" target=\"_blank\"><\/a>\t\t<div class=\"vlp-link-image-container\">\n\t\t<div class=\"vlp-link-image\">\n\t\t\t<img data-recalc-dims=\"1\" decoding=\"async\" src=\"https:\/\/i0.wp.com\/www.atlanticcouncil.org\/wp-content\/uploads\/2023\/11\/2022-05-09T075645Z_42725716_MT1HNSLCS000GK8HI2_RTRMADP_3_HANS-LUCAS-scaled-e1699996672137.jpg?ssl=1\" style=\"max-width: 150px; max-height: 150px\" \/>\t\t<\/div>\n\t<\/div>\n\t\t<div class=\"vlp-link-text-container\">\n\t\t\t\t<div class=\"vlp-link-title\">\n\t\t\tWhy Ukraine refuses to negotiate with \u201chabitual liar\u201d Vladimir Putin\t\t<\/div>\n\t\t\t\t\t\t<div class=\"vlp-link-summary\">\n\t\t\tUkrainian Foreign Minister Dmytro Kuleba has dismissed mounting calls for a negotiated peace deal with Russia, arguing that Vladimir Putin is a \u201chabitual liar\u201d who cannot be trusted to keep his word, writes Peter Dickinson.\t\t<\/div>\n\t\t\t<\/div>\n<\/div>\n\n\n\n<p class=\"wp-block-paragraph\"><\/p>\n<br\/><br\/><div class=\"geolocation-plain\" id=\"geolocation13363\">Posted from Mainz, Altstadt, Deutschland.<\/div>","protected":false},"excerpt":{"rendered":"<p>Mit Stimmen von SPD, Gr\u00fcnen, FDP, Linken und AfD (!) wurde der Antrag der Union, mit dem die Bundesregierung zur Lieferung von Taurus-Raketen an die Ukraine aufgefordert werden sollte, abgelehnt. [&hellip;]<\/p>\n","protected":false},"author":1,"featured_media":13339,"comment_status":"open","ping_status":"open","sticky":false,"template":"","format":"standard","meta":{"_crdt_document":"","advanced_seo_description":"","jetpack_seo_html_title":"","jetpack_seo_noindex":false,"_EventAllDay":false,"_EventTimezone":"","_EventStartDate":"","_EventEndDate":"","_EventStartDateUTC":"","_EventEndDateUTC":"","_EventShowMap":false,"_EventShowMapLink":false,"_EventURL":"","_EventCost":"","_EventCostDescription":"","_EventCurrencySymbol":"","_EventCurrencyCode":"","_EventCurrencyPosition":"","_EventDateTimeSeparator":"","_EventTimeRangeSeparator":"","_EventOrganizerID":[],"_EventVenueID":[],"_OrganizerEmail":"","_OrganizerPhone":"","_OrganizerWebsite":"","_VenueAddress":"","_VenueCity":"","_VenueCountry":"","_VenueProvince":"","_VenueState":"","_VenueZip":"","_VenuePhone":"","_VenueURL":"","_VenueStateProvince":"","_VenueLat":"","_VenueLng":"","_VenueShowMap":false,"_VenueShowMapLink":false,"jetpack_post_was_ever_published":false,"_jetpack_newsletter_access":"","_jetpack_dont_email_post_to_subs":false,"_jetpack_newsletter_tier_id":0,"_jetpack_memberships_contains_paywalled_content":false,"_jetpack_memberships_contains_paid_content":false,"footnotes":""},"categories":[368],"tags":[315,595,310],"class_list":["post-13363","post","type-post","status-publish","format-standard","has-post-thumbnail","hentry","category-aufgelesen","tag-politik","tag-presse","tag-zeitung"],"jetpack_featured_media_url":"https:\/\/i0.wp.com\/ralupo.me\/wp-content\/uploads\/2024\/01\/IMG_8487-scaled.jpeg?fit=2560%2C1920&ssl=1","jetpack_sharing_enabled":true,"jetpack-related-posts":[{"id":13257,"url":"https:\/\/ralupo.me\/en\/archive\/13257","url_meta":{"origin":13363,"position":0},"title":"Taurus-Lieferung f\u00fcr die Ukraine wieder Thema im Bundestag","author":"Lupo","date":"17. January 2024","format":false,"excerpt":"[:de] Der Fraktionsvorsitzender der CDU\/CSU-Fraktion im Bundestag, Friedrich Merz, kritisiert die Weigerung des Bundeskanzlers, die Ukraine mit Marschflugk\u00f6rpern vom Typ Taurus zu beliefern. Die Lage der Ukraine verschlechtere sich zunehmend. Ihre Armee k\u00e4mpfe ohne Aussicht, die russischen Truppen zur\u00fcckzudr\u00e4ngen, sagte Merz. Die Taurus-Raketen k\u00f6nnten einen Beitrag dazu leisten, die Ukraine\u2026","rel":"","context":"In &quot;Politik&quot;","block_context":{"text":"Politik","link":"https:\/\/ralupo.me\/en\/archive\/category\/politik"},"img":{"alt_text":"","src":"https:\/\/i0.wp.com\/ralupo.me\/wp-content\/uploads\/2024\/01\/IMG_8173-scaled.jpeg?fit=1200%2C900&ssl=1&resize=350%2C200","width":350,"height":200,"srcset":"https:\/\/i0.wp.com\/ralupo.me\/wp-content\/uploads\/2024\/01\/IMG_8173-scaled.jpeg?fit=1200%2C900&ssl=1&resize=350%2C200 1x, https:\/\/i0.wp.com\/ralupo.me\/wp-content\/uploads\/2024\/01\/IMG_8173-scaled.jpeg?fit=1200%2C900&ssl=1&resize=525%2C300 1.5x, https:\/\/i0.wp.com\/ralupo.me\/wp-content\/uploads\/2024\/01\/IMG_8173-scaled.jpeg?fit=1200%2C900&ssl=1&resize=700%2C400 2x, https:\/\/i0.wp.com\/ralupo.me\/wp-content\/uploads\/2024\/01\/IMG_8173-scaled.jpeg?fit=1200%2C900&ssl=1&resize=1050%2C600 3x"},"classes":[]},{"id":13289,"url":"https:\/\/ralupo.me\/en\/archive\/13289","url_meta":{"origin":13363,"position":1},"title":"Wir werden Sie an Ihren Worten messen, Frau Strack-Zimmermann!","author":"Lupo","date":"18. January 2024","format":false,"excerpt":"[:de] Mit den Stimmen von SPD, AfD, Linken und FDP und Gr\u00fcnen wurde der Antrag der Unionsfraktion, der Ukraine Taurus-Raketen zu liefern, gestern im Bundestag abgelehnt - obwohl sich Gr\u00fcne und FDP lautstark daf\u00fcr aussprechen. Letztlich war die Entscheidung der Fraktions- und Koalitionsdisziplin geschuldet und somit vorhersehbar. Ein schaler Beigeschmack\u2026","rel":"","context":"In &quot;Politik&quot;","block_context":{"text":"Politik","link":"https:\/\/ralupo.me\/en\/archive\/category\/politik"},"img":{"alt_text":"","src":"https:\/\/i0.wp.com\/ralupo.me\/wp-content\/uploads\/2024\/01\/IMG_7840-scaled.jpeg?fit=1200%2C900&ssl=1&resize=350%2C200","width":350,"height":200,"srcset":"https:\/\/i0.wp.com\/ralupo.me\/wp-content\/uploads\/2024\/01\/IMG_7840-scaled.jpeg?fit=1200%2C900&ssl=1&resize=350%2C200 1x, https:\/\/i0.wp.com\/ralupo.me\/wp-content\/uploads\/2024\/01\/IMG_7840-scaled.jpeg?fit=1200%2C900&ssl=1&resize=525%2C300 1.5x, https:\/\/i0.wp.com\/ralupo.me\/wp-content\/uploads\/2024\/01\/IMG_7840-scaled.jpeg?fit=1200%2C900&ssl=1&resize=700%2C400 2x, https:\/\/i0.wp.com\/ralupo.me\/wp-content\/uploads\/2024\/01\/IMG_7840-scaled.jpeg?fit=1200%2C900&ssl=1&resize=1050%2C600 3x"},"classes":[]},{"id":9497,"url":"https:\/\/ralupo.me\/en\/archive\/9497","url_meta":{"origin":13363,"position":2},"title":"Unionsfraktion fordert Bundesregierung zu Leopard-Lieferung auf","author":"Lupo","date":"19. January 2023","format":false,"excerpt":"[:de]Mit gro\u00dfem Opfermut, bewundernswertem Durchhaltewillen und gro\u00dfem milit\u00e4rischen Geschick ist es der Ukraine gelungen, die russischen Angriffe abzuwehren und in Teilen zur\u00fcck- zuschlagen und den russischen Angreifern horrende Verluste beizubringen. Die Ukraine ist bis heute unbesiegt und hat eine reelle Chance, ihren und damit den europ\u00e4ischen Freiheitskampf zu gewinnen. Doch\u2026","rel":"","context":"In &quot;Politik&quot;","block_context":{"text":"Politik","link":"https:\/\/ralupo.me\/en\/archive\/category\/politik"},"img":{"alt_text":"","src":"https:\/\/i0.wp.com\/ralupo.me\/wp-content\/uploads\/2023\/01\/43A82EB4-14C6-412D-A29F-4F98B33CAC71.jpeg?fit=1200%2C900&ssl=1&resize=350%2C200","width":350,"height":200,"srcset":"https:\/\/i0.wp.com\/ralupo.me\/wp-content\/uploads\/2023\/01\/43A82EB4-14C6-412D-A29F-4F98B33CAC71.jpeg?fit=1200%2C900&ssl=1&resize=350%2C200 1x, https:\/\/i0.wp.com\/ralupo.me\/wp-content\/uploads\/2023\/01\/43A82EB4-14C6-412D-A29F-4F98B33CAC71.jpeg?fit=1200%2C900&ssl=1&resize=525%2C300 1.5x, https:\/\/i0.wp.com\/ralupo.me\/wp-content\/uploads\/2023\/01\/43A82EB4-14C6-412D-A29F-4F98B33CAC71.jpeg?fit=1200%2C900&ssl=1&resize=700%2C400 2x, https:\/\/i0.wp.com\/ralupo.me\/wp-content\/uploads\/2023\/01\/43A82EB4-14C6-412D-A29F-4F98B33CAC71.jpeg?fit=1200%2C900&ssl=1&resize=1050%2C600 3x"},"classes":[]},{"id":14916,"url":"https:\/\/ralupo.me\/en\/archive\/14916","url_meta":{"origin":13363,"position":3},"title":"Protest gegen Ausschluss: Kritik an Entscheidung, Kiesewetter nicht mehr in PKGr zu entsenden","author":"Lupo","date":"4. June 2025","format":false,"excerpt":"[:de] Nach viereinhalb Jahren im Parlamentarischen Kontrollgremium (PKGr) des Bundestages soll nach Medienberichten die T\u00e4tigkeit von Roderich Kiesewetter dort nun enden. Der CDU-Abgeordnete hatte dort als stellvertretender Vorsitzender ma\u00dfgeblich die Arbeit der Nachrichtendienste begleitet \u2013 stets hinter verschlossenen T\u00fcren, aber mit \u00f6ffentlich klaren Worten. Kiesewetter warnte wiederholt vor der milit\u00e4rischen\u2026","rel":"","context":"In &quot;Politik&quot;","block_context":{"text":"Politik","link":"https:\/\/ralupo.me\/en\/archive\/category\/politik"},"img":{"alt_text":"","src":"https:\/\/i0.wp.com\/ralupo.me\/wp-content\/uploads\/2024\/02\/IMG_9700-scaled.jpeg?fit=1200%2C900&ssl=1&resize=350%2C200","width":350,"height":200,"srcset":"https:\/\/i0.wp.com\/ralupo.me\/wp-content\/uploads\/2024\/02\/IMG_9700-scaled.jpeg?fit=1200%2C900&ssl=1&resize=350%2C200 1x, https:\/\/i0.wp.com\/ralupo.me\/wp-content\/uploads\/2024\/02\/IMG_9700-scaled.jpeg?fit=1200%2C900&ssl=1&resize=525%2C300 1.5x, https:\/\/i0.wp.com\/ralupo.me\/wp-content\/uploads\/2024\/02\/IMG_9700-scaled.jpeg?fit=1200%2C900&ssl=1&resize=700%2C400 2x, https:\/\/i0.wp.com\/ralupo.me\/wp-content\/uploads\/2024\/02\/IMG_9700-scaled.jpeg?fit=1200%2C900&ssl=1&resize=1050%2C600 3x"},"classes":[]},{"id":10160,"url":"https:\/\/ralupo.me\/en\/archive\/10160","url_meta":{"origin":13363,"position":4},"title":"Presseank\u00fcndigung: Zerschossener ukrainischer Rettungswagen vor dem Bundestag in Berlin","author":"Lupo","date":"21. June 2023","format":false,"excerpt":"[:de]Am Mittwoch, dem 5.7.2023 besichtigt die Pr\u00e4sidentin des Deutschen Bundestages, B\u00e4rbel Bas MdB, einen von russischen Truppen zerschossenen ukrainischen Rettungswagen. Zu der Aktion haben sich auch zahlreiche Mitglieder des Deutschen Bundestags, darunter Michael Roth (SPD) und Florian Hahn (CSU) angek\u00fcndigt, die diese Aktion unterst\u00fctzen.[:]","rel":"","context":"In &quot;Europa&quot;","block_context":{"text":"Europa","link":"https:\/\/ralupo.me\/en\/archive\/category\/europa"},"img":{"alt_text":"","src":"https:\/\/i0.wp.com\/ralupo.me\/wp-content\/uploads\/2023\/05\/IMG_7861-scaled.jpeg?fit=1200%2C900&ssl=1&resize=350%2C200","width":350,"height":200,"srcset":"https:\/\/i0.wp.com\/ralupo.me\/wp-content\/uploads\/2023\/05\/IMG_7861-scaled.jpeg?fit=1200%2C900&ssl=1&resize=350%2C200 1x, https:\/\/i0.wp.com\/ralupo.me\/wp-content\/uploads\/2023\/05\/IMG_7861-scaled.jpeg?fit=1200%2C900&ssl=1&resize=525%2C300 1.5x, https:\/\/i0.wp.com\/ralupo.me\/wp-content\/uploads\/2023\/05\/IMG_7861-scaled.jpeg?fit=1200%2C900&ssl=1&resize=700%2C400 2x, https:\/\/i0.wp.com\/ralupo.me\/wp-content\/uploads\/2023\/05\/IMG_7861-scaled.jpeg?fit=1200%2C900&ssl=1&resize=1050%2C600 3x"},"classes":[]},{"id":3238,"url":"https:\/\/ralupo.me\/en\/archive\/3238","url_meta":{"origin":13363,"position":5},"title":"Jusos f\u00fcr Absage an Nordstream 2","author":"Lupo","date":"6. February 2022","format":false,"excerpt":"Offenbar kommt bei der SPD etwas in Gang: Nachdem der neue SPD-Chef Klingbeil die SPD-Spitze zur Klausur geladen hat, um \u00fcber die Russland-Politik der Partei zu beraten, kommen nun auch ungewohnte T\u00f6ne aus der Jugendorganisation: Die Juso-Vorsitzende Jessica Rosenthal fordert in einem Interview mit der TAZ, das am Montag erscheint,\u2026","rel":"","context":"In &quot;Eastbound&quot;","block_context":{"text":"Eastbound","link":"https:\/\/ralupo.me\/en\/archive\/category\/eastbound"},"img":{"alt_text":"","src":"https:\/\/i0.wp.com\/ralupo.me\/wp-content\/uploads\/2022\/01\/img_5873-scaled.jpg?fit=1200%2C900&ssl=1&resize=350%2C200","width":350,"height":200,"srcset":"https:\/\/i0.wp.com\/ralupo.me\/wp-content\/uploads\/2022\/01\/img_5873-scaled.jpg?fit=1200%2C900&ssl=1&resize=350%2C200 1x, https:\/\/i0.wp.com\/ralupo.me\/wp-content\/uploads\/2022\/01\/img_5873-scaled.jpg?fit=1200%2C900&ssl=1&resize=525%2C300 1.5x, https:\/\/i0.wp.com\/ralupo.me\/wp-content\/uploads\/2022\/01\/img_5873-scaled.jpg?fit=1200%2C900&ssl=1&resize=700%2C400 2x, https:\/\/i0.wp.com\/ralupo.me\/wp-content\/uploads\/2022\/01\/img_5873-scaled.jpg?fit=1200%2C900&ssl=1&resize=1050%2C600 3x"},"classes":[]}],"jetpack_shortlink":"https:\/\/wp.me\/pcanHs-3tx","_links":{"self":[{"href":"https:\/\/ralupo.me\/en\/wp-json\/wp\/v2\/posts\/13363","targetHints":{"allow":["GET"]}}],"collection":[{"href":"https:\/\/ralupo.me\/en\/wp-json\/wp\/v2\/posts"}],"about":[{"href":"https:\/\/ralupo.me\/en\/wp-json\/wp\/v2\/types\/post"}],"author":[{"embeddable":true,"href":"https:\/\/ralupo.me\/en\/wp-json\/wp\/v2\/users\/1"}],"replies":[{"embeddable":true,"href":"https:\/\/ralupo.me\/en\/wp-json\/wp\/v2\/comments?post=13363"}],"version-history":[{"count":5,"href":"https:\/\/ralupo.me\/en\/wp-json\/wp\/v2\/posts\/13363\/revisions"}],"predecessor-version":[{"id":13371,"href":"https:\/\/ralupo.me\/en\/wp-json\/wp\/v2\/posts\/13363\/revisions\/13371"}],"wp:featuredmedia":[{"embeddable":true,"href":"https:\/\/ralupo.me\/en\/wp-json\/wp\/v2\/media\/13339"}],"wp:attachment":[{"href":"https:\/\/ralupo.me\/en\/wp-json\/wp\/v2\/media?parent=13363"}],"wp:term":[{"taxonomy":"category","embeddable":true,"href":"https:\/\/ralupo.me\/en\/wp-json\/wp\/v2\/categories?post=13363"},{"taxonomy":"post_tag","embeddable":true,"href":"https:\/\/ralupo.me\/en\/wp-json\/wp\/v2\/tags?post=13363"}],"curies":[{"name":"wp","href":"https:\/\/api.w.org\/{rel}","templated":true}]}}