{"id":13257,"date":"2024-01-17T13:35:09","date_gmt":"2024-01-17T12:35:09","guid":{"rendered":"https:\/\/ralupo.me\/?p=13257"},"modified":"2024-01-18T23:20:37","modified_gmt":"2024-01-18T22:20:37","slug":"cdu-csu-macht-im-bundestag","status":"publish","type":"post","link":"https:\/\/ralupo.me\/en\/archive\/13257","title":{"rendered":"Taurus-Lieferung f\u00fcr die Ukraine wieder Thema im Bundestag"},"content":{"rendered":"<span class=\"span-reading-time rt-reading-time\" style=\"display: block;\"><span class=\"rt-label rt-prefix\">Lesedauer<\/span> <span class=\"rt-time\"> 2<\/span> <span class=\"rt-label rt-postfix\">Minuten<\/span><\/span>\n<p class=\"wp-block-paragraph\">Der Fraktionsvorsitzender der CDU\/CSU-Fraktion im Bundestag, Friedrich Merz, kritisiert die Weigerung des Bundeskanzlers, die Ukraine mit Marschflugk\u00f6rpern vom Typ Taurus zu beliefern. Die Lage der Ukraine verschlechtere sich zunehmend. Ihre Armee k\u00e4mpfe ohne Aussicht, die russischen Truppen zur\u00fcckzudr\u00e4ngen, sagte Merz. Die Taurus-Raketen k\u00f6nnten einen Beitrag dazu leisten, die Ukraine in eine aussichtsreichere milit\u00e4rische Lage zu versetzen. <\/p>\n\n\n\n<figure class=\"wp-block-image size-large\"><img data-recalc-dims=\"1\" fetchpriority=\"high\" decoding=\"async\" width=\"1024\" height=\"768\" data-attachment-id=\"13090\" data-permalink=\"https:\/\/ralupo.me\/en\/img_7840-2\" data-orig-file=\"https:\/\/i0.wp.com\/ralupo.me\/wp-content\/uploads\/2024\/01\/IMG_7840-scaled.jpeg?fit=2560%2C1920&amp;ssl=1\" data-orig-size=\"2560,1920\" data-comments-opened=\"1\" data-image-meta=\"{&quot;aperture&quot;:&quot;2.8&quot;,&quot;credit&quot;:&quot;&quot;,&quot;camera&quot;:&quot;iPhone 15 Pro&quot;,&quot;caption&quot;:&quot;&quot;,&quot;created_timestamp&quot;:&quot;1704548833&quot;,&quot;copyright&quot;:&quot;\\u00a9 christian wolf&quot;,&quot;focal_length&quot;:&quot;9&quot;,&quot;iso&quot;:&quot;125&quot;,&quot;shutter_speed&quot;:&quot;0.01&quot;,&quot;title&quot;:&quot;&quot;,&quot;orientation&quot;:&quot;0&quot;}\" data-image-title=\"IMG_7840\" data-image-description=\"\" data-image-caption=\"\" data-medium-file=\"https:\/\/i0.wp.com\/ralupo.me\/wp-content\/uploads\/2024\/01\/IMG_7840-scaled.jpeg?fit=300%2C225&amp;ssl=1\" data-large-file=\"https:\/\/i0.wp.com\/ralupo.me\/wp-content\/uploads\/2024\/01\/IMG_7840-scaled.jpeg?fit=1024%2C768&amp;ssl=1\" src=\"https:\/\/i0.wp.com\/ralupo.me\/wp-content\/uploads\/2024\/01\/IMG_7840.jpeg?resize=1024%2C768&#038;ssl=1\" alt=\"\" class=\"wp-image-13090\" srcset=\"https:\/\/i0.wp.com\/ralupo.me\/wp-content\/uploads\/2024\/01\/IMG_7840-scaled.jpeg?resize=1024%2C768&amp;ssl=1 1024w, https:\/\/i0.wp.com\/ralupo.me\/wp-content\/uploads\/2024\/01\/IMG_7840-scaled.jpeg?resize=300%2C225&amp;ssl=1 300w, https:\/\/i0.wp.com\/ralupo.me\/wp-content\/uploads\/2024\/01\/IMG_7840-scaled.jpeg?resize=768%2C576&amp;ssl=1 768w, https:\/\/i0.wp.com\/ralupo.me\/wp-content\/uploads\/2024\/01\/IMG_7840-scaled.jpeg?resize=1536%2C1152&amp;ssl=1 1536w, https:\/\/i0.wp.com\/ralupo.me\/wp-content\/uploads\/2024\/01\/IMG_7840-scaled.jpeg?resize=2048%2C1536&amp;ssl=1 2048w\" sizes=\"(max-width: 1000px) 100vw, 1000px\" \/><figcaption class=\"wp-element-caption\">Kundgebung f\u00fcr Unterst\u00fctzung der Ukraine am 06. Januar 2024 in Berlin<\/figcaption><\/figure>\n\n\n\n<p class=\"wp-block-paragraph\">Die Unions-Fraktion hat dazu einen Antrag formuliert, der am heutigen Mittwoch im Parlament zur Debatte steht. &#8220;<a href=\"https:\/\/www.faz.net\/aktuell\/politik\/inland\/ukraine-und-taurus-lieferung-friedrich-merz-fordert-bekenntnis-der-ampel-19454029.html\">Die Ampel wird Farbe bekennen m\u00fcssen, wie wichtig ihr die Unterst\u00fctzung der Ukraine tats\u00e4chlich ist<\/a>&#8220;, so Merz.<\/p>\n\n\n\n<figure class=\"wp-block-embed aligncenter is-type-rich is-provider-twitter wp-block-embed-twitter\"><div class=\"wp-block-embed__wrapper\">\n<blockquote class=\"twitter-tweet\" data-width=\"500\" data-dnt=\"true\"><p lang=\"de\" dir=\"ltr\">\u201eWir sch\u00e4tzen die Lage in der <a href=\"https:\/\/twitter.com\/hashtag\/Ukraine?src=hash&amp;ref_src=twsrc%5Etfw\">#Ukraine<\/a> als zunehmend kritisch ein&quot;, betont <a href=\"https:\/\/twitter.com\/_FriedrichMerz?ref_src=twsrc%5Etfw\">@_FriedrichMerz<\/a>. Die <a href=\"https:\/\/twitter.com\/hashtag\/Taurus?src=hash&amp;ref_src=twsrc%5Etfw\">#Taurus<\/a>-Marschflugk\u00f6rper w\u00fcrden einen wichtigen Beitrag zur Verteidigung der Ukraine leisten. Wir fordern die BReg dazu auf, <a href=\"https:\/\/twitter.com\/hashtag\/Taurus?src=hash&amp;ref_src=twsrc%5Etfw\">#Taurus<\/a> endlich zu liefern. Die Ampel wird Farbe bekennen\u2026 <a href=\"https:\/\/t.co\/NvHiwCufj2\">pic.twitter.com\/NvHiwCufj2<\/a><\/p>&mdash; CDU\/CSU (@cducsubt) <a href=\"https:\/\/twitter.com\/cducsubt\/status\/1747276139276669082?ref_src=twsrc%5Etfw\">January 16, 2024<\/a><\/blockquote><script async src=\"https:\/\/platform.twitter.com\/widgets.js\" charset=\"utf-8\"><\/script>\n<\/div><\/figure>\n\n\n\n<p class=\"wp-block-paragraph\"><a href=\"https:\/\/dserver.bundestag.de\/btd\/20\/091\/2009143.pdf\">Bereits im vergangenen Jahr hat die Unions-Fraktion einen Antrag im Parlament eingebracht.<\/a> Die Abgeordneten kritisierten damals bereits die aus ihre Sicht zu z\u00f6gerliche Haltung der Bundesregierung beziehungsweise eine \u201eReihe von Ausreden\u201c. \u201eWenn die Bundesregierung tats\u00e4chlich das Ziel verfolgt, dass die Ukraine diesen Krieg gewinnen muss, dann sollte sie ein so wirksames System nicht zur\u00fcckhalten, sondern gerade dieses liefern.\u201c Es sei im eigenen Sicherheitsinteresse, der Ukraine die Waffen zu geben, die sie brauche, um Russland milit\u00e4risch zur\u00fcckzudr\u00e4ngen, hiess es seinerzeit in dem Antrag. Dieser wurde damals mit der Stimmen-Mehrheit der Ampel in den zust\u00e4ndigen Ausschuss verwiesen, wo er noch heute vor sich hinstaubt. <\/p>\n\n\n\n<h5 class=\"wp-block-heading\">FDP und Gr\u00fcne lehnen Taurus-Antrag ab, obwohl sie daf\u00fcr sind<\/h5>\n\n\n\n<p class=\"wp-block-paragraph\">Der Antrag der Union wurde mit den Stimmen der Ampelkoalition abgelehnt. Auch Gr\u00fcne und FDP stimmten gegen den Antrag, obwohl sie f\u00fcr die Lieferung sind. <br><\/p>\n\n\n<div class=\"vlp-link-container vlp-template-default wp-block-visual-link-preview-link\">\n\t<a href=\"https:\/\/www.faz.net\/aktuell\/politik\/ukraine-darf-krieg-nicht-verlieren-deutschland-muss-taurus-liefern-19455336.html\" class=\"vlp-link\" title=\"Ukraine darf Krieg nicht verlieren: Deutschland muss Taurus liefern\" rel=\"nofollow\" target=\"_blank\"><\/a>\t\t<div class=\"vlp-link-image-container\">\n\t\t<div class=\"vlp-link-image\">\n\t\t\t<img data-recalc-dims=\"1\" decoding=\"async\" src=\"https:\/\/i0.wp.com\/media0.faz.net\/ppmedia\/aktuell\/politik\/2885432083\/1.9455334\/facebook_teaser\/demonstranten-vor-dem.jpg?ssl=1\" style=\"max-width: 150px; max-height: 150px\" \/>\t\t<\/div>\n\t<\/div>\n\t\t<div class=\"vlp-link-text-container\">\n\t\t\t\t<div class=\"vlp-link-title\">\n\t\t\tUkraine darf Krieg nicht verlieren: Deutschland muss Taurus liefern\t\t<\/div>\n\t\t\t\t\t\t<div class=\"vlp-link-summary\">\n\t\t\tDie Ukraine darf den Krieg nicht verlieren. Die westlichen Demokratien m\u00fcssen dem Aggressor Putin zeigen, dass sie keine Angst vor ihm haben.\t\t<\/div>\n\t\t\t<\/div>\n<\/div>\n\n\n\n<p class=\"wp-block-paragraph\">Sch\u00f6n immerhin, dass die FAZ in ihren Berichten Fotos <a href=\"https:\/\/ralupo.me\/archive\/13098\">von unseren Plakaten auf der Demo vom 6. Januar in Berlin zeigt.<\/a><\/p>\n\n\n<div class=\"vlp-link-container vlp-template-default wp-block-visual-link-preview-link\">\n\t<a href=\"https:\/\/www.faz.net\/aktuell\/politik\/inland\/ukraine-und-taurus-lieferung-friedrich-merz-fordert-bekenntnis-der-ampel-19454029.html\" class=\"vlp-link\" title=\"Ukraine und Taurus-Lieferung: Friedrich Merz fordert Bekenntnis der Ampel\" rel=\"nofollow\" target=\"_blank\"><\/a>\t\t<div class=\"vlp-link-image-container\">\n\t\t<div class=\"vlp-link-image\">\n\t\t\t<img data-recalc-dims=\"1\" decoding=\"async\" src=\"https:\/\/i0.wp.com\/media0.faz.net\/ppmedia\/aktuell\/1735652814\/1.9454066\/stoererbig\/aktivisten-vor-dem-kanzleramt.jpg?ssl=1\" style=\"max-width: 150px; max-height: 150px\" \/>\t\t<\/div>\n\t<\/div>\n\t\t<div class=\"vlp-link-text-container\">\n\t\t\t\t<div class=\"vlp-link-title\">\n\t\t\tUkraine und Taurus-Lieferung: Friedrich Merz fordert Bekenntnis der Ampel\t\t<\/div>\n\t\t\t\t\t\t<div class=\"vlp-link-summary\">\n\t\t\tDer Fraktionschef der Union will \u00fcber die Lieferung von Taurus-Marschflugk\u00f6rpern an die Ukraine namentlich abstimmen lassen. Mehrere Abgeordnete der Regierungsparteien hatten sich \u00f6ffentlich f\u00fcr eine Lieferung ausgesprochen.\t\t<\/div>\n\t\t\t<\/div>\n<\/div>\n<br\/><br\/><div class=\"geolocation-plain\" id=\"geolocation13257\">Posted from Frankfurt am Main, Altstadt, Deutschland.<\/div>","protected":false},"excerpt":{"rendered":"<p>Der Fraktionsvorsitzender der CDU\/CSU-Fraktion im Bundestag, Friedrich Merz, kritisiert die Weigerung des Bundeskanzlers, die Ukraine mit Marschflugk\u00f6rpern vom Typ Taurus zu beliefern. Die Lage der Ukraine verschlechtere sich zunehmend. Ihre [&hellip;]<\/p>\n","protected":false},"author":1,"featured_media":13262,"comment_status":"open","ping_status":"open","sticky":false,"template":"","format":"standard","meta":{"_crdt_document":"","advanced_seo_description":"","jetpack_seo_html_title":"","jetpack_seo_noindex":false,"_EventAllDay":false,"_EventTimezone":"","_EventStartDate":"","_EventEndDate":"","_EventStartDateUTC":"","_EventEndDateUTC":"","_EventShowMap":false,"_EventShowMapLink":false,"_EventURL":"","_EventCost":"","_EventCostDescription":"","_EventCurrencySymbol":"","_EventCurrencyCode":"","_EventCurrencyPosition":"","_EventDateTimeSeparator":"","_EventTimeRangeSeparator":"","_EventOrganizerID":[],"_EventVenueID":[],"_OrganizerEmail":"","_OrganizerPhone":"","_OrganizerWebsite":"","_VenueAddress":"","_VenueCity":"","_VenueCountry":"","_VenueProvince":"","_VenueState":"","_VenueZip":"","_VenuePhone":"","_VenueURL":"","_VenueStateProvince":"","_VenueLat":"","_VenueLng":"","_VenueShowMap":false,"_VenueShowMapLink":false,"jetpack_post_was_ever_published":false,"_jetpack_newsletter_access":"","_jetpack_dont_email_post_to_subs":false,"_jetpack_newsletter_tier_id":0,"_jetpack_memberships_contains_paywalled_content":false,"_jetpack_memberships_contains_paid_content":false,"footnotes":""},"categories":[693,692],"tags":[981,315,25],"class_list":["post-13257","post","type-post","status-publish","format-standard","has-post-thumbnail","hentry","category-politik","category-ukraine","tag-bundestag","tag-politik","tag-ukraine"],"jetpack_featured_media_url":"https:\/\/i0.wp.com\/ralupo.me\/wp-content\/uploads\/2024\/01\/IMG_8173-scaled.jpeg?fit=2560%2C1920&ssl=1","jetpack_sharing_enabled":true,"jetpack-related-posts":[{"id":13289,"url":"https:\/\/ralupo.me\/en\/archive\/13289","url_meta":{"origin":13257,"position":0},"title":"Wir werden Sie an Ihren Worten messen, Frau Strack-Zimmermann!","author":"Lupo","date":"18. January 2024","format":false,"excerpt":"[:de] Mit den Stimmen von SPD, AfD, Linken und FDP und Gr\u00fcnen wurde der Antrag der Unionsfraktion, der Ukraine Taurus-Raketen zu liefern, gestern im Bundestag abgelehnt - obwohl sich Gr\u00fcne und FDP lautstark daf\u00fcr aussprechen. Letztlich war die Entscheidung der Fraktions- und Koalitionsdisziplin geschuldet und somit vorhersehbar. Ein schaler Beigeschmack\u2026","rel":"","context":"In &quot;Politik&quot;","block_context":{"text":"Politik","link":"https:\/\/ralupo.me\/en\/archive\/category\/politik"},"img":{"alt_text":"","src":"https:\/\/i0.wp.com\/ralupo.me\/wp-content\/uploads\/2024\/01\/IMG_7840-scaled.jpeg?fit=1200%2C900&ssl=1&resize=350%2C200","width":350,"height":200,"srcset":"https:\/\/i0.wp.com\/ralupo.me\/wp-content\/uploads\/2024\/01\/IMG_7840-scaled.jpeg?fit=1200%2C900&ssl=1&resize=350%2C200 1x, https:\/\/i0.wp.com\/ralupo.me\/wp-content\/uploads\/2024\/01\/IMG_7840-scaled.jpeg?fit=1200%2C900&ssl=1&resize=525%2C300 1.5x, https:\/\/i0.wp.com\/ralupo.me\/wp-content\/uploads\/2024\/01\/IMG_7840-scaled.jpeg?fit=1200%2C900&ssl=1&resize=700%2C400 2x, https:\/\/i0.wp.com\/ralupo.me\/wp-content\/uploads\/2024\/01\/IMG_7840-scaled.jpeg?fit=1200%2C900&ssl=1&resize=1050%2C600 3x"},"classes":[]},{"id":14916,"url":"https:\/\/ralupo.me\/en\/archive\/14916","url_meta":{"origin":13257,"position":1},"title":"Protest gegen Ausschluss: Kritik an Entscheidung, Kiesewetter nicht mehr in PKGr zu entsenden","author":"Lupo","date":"4. June 2025","format":false,"excerpt":"[:de] Nach viereinhalb Jahren im Parlamentarischen Kontrollgremium (PKGr) des Bundestages soll nach Medienberichten die T\u00e4tigkeit von Roderich Kiesewetter dort nun enden. Der CDU-Abgeordnete hatte dort als stellvertretender Vorsitzender ma\u00dfgeblich die Arbeit der Nachrichtendienste begleitet \u2013 stets hinter verschlossenen T\u00fcren, aber mit \u00f6ffentlich klaren Worten. Kiesewetter warnte wiederholt vor der milit\u00e4rischen\u2026","rel":"","context":"In &quot;Politik&quot;","block_context":{"text":"Politik","link":"https:\/\/ralupo.me\/en\/archive\/category\/politik"},"img":{"alt_text":"","src":"https:\/\/i0.wp.com\/ralupo.me\/wp-content\/uploads\/2024\/02\/IMG_9700-scaled.jpeg?fit=1200%2C900&ssl=1&resize=350%2C200","width":350,"height":200,"srcset":"https:\/\/i0.wp.com\/ralupo.me\/wp-content\/uploads\/2024\/02\/IMG_9700-scaled.jpeg?fit=1200%2C900&ssl=1&resize=350%2C200 1x, https:\/\/i0.wp.com\/ralupo.me\/wp-content\/uploads\/2024\/02\/IMG_9700-scaled.jpeg?fit=1200%2C900&ssl=1&resize=525%2C300 1.5x, https:\/\/i0.wp.com\/ralupo.me\/wp-content\/uploads\/2024\/02\/IMG_9700-scaled.jpeg?fit=1200%2C900&ssl=1&resize=700%2C400 2x, https:\/\/i0.wp.com\/ralupo.me\/wp-content\/uploads\/2024\/02\/IMG_9700-scaled.jpeg?fit=1200%2C900&ssl=1&resize=1050%2C600 3x"},"classes":[]},{"id":9497,"url":"https:\/\/ralupo.me\/en\/archive\/9497","url_meta":{"origin":13257,"position":2},"title":"Unionsfraktion fordert Bundesregierung zu Leopard-Lieferung auf","author":"Lupo","date":"19. January 2023","format":false,"excerpt":"[:de]Mit gro\u00dfem Opfermut, bewundernswertem Durchhaltewillen und gro\u00dfem milit\u00e4rischen Geschick ist es der Ukraine gelungen, die russischen Angriffe abzuwehren und in Teilen zur\u00fcck- zuschlagen und den russischen Angreifern horrende Verluste beizubringen. Die Ukraine ist bis heute unbesiegt und hat eine reelle Chance, ihren und damit den europ\u00e4ischen Freiheitskampf zu gewinnen. Doch\u2026","rel":"","context":"In &quot;Politik&quot;","block_context":{"text":"Politik","link":"https:\/\/ralupo.me\/en\/archive\/category\/politik"},"img":{"alt_text":"","src":"https:\/\/i0.wp.com\/ralupo.me\/wp-content\/uploads\/2023\/01\/43A82EB4-14C6-412D-A29F-4F98B33CAC71.jpeg?fit=1200%2C900&ssl=1&resize=350%2C200","width":350,"height":200,"srcset":"https:\/\/i0.wp.com\/ralupo.me\/wp-content\/uploads\/2023\/01\/43A82EB4-14C6-412D-A29F-4F98B33CAC71.jpeg?fit=1200%2C900&ssl=1&resize=350%2C200 1x, https:\/\/i0.wp.com\/ralupo.me\/wp-content\/uploads\/2023\/01\/43A82EB4-14C6-412D-A29F-4F98B33CAC71.jpeg?fit=1200%2C900&ssl=1&resize=525%2C300 1.5x, https:\/\/i0.wp.com\/ralupo.me\/wp-content\/uploads\/2023\/01\/43A82EB4-14C6-412D-A29F-4F98B33CAC71.jpeg?fit=1200%2C900&ssl=1&resize=700%2C400 2x, https:\/\/i0.wp.com\/ralupo.me\/wp-content\/uploads\/2023\/01\/43A82EB4-14C6-412D-A29F-4F98B33CAC71.jpeg?fit=1200%2C900&ssl=1&resize=1050%2C600 3x"},"classes":[]},{"id":14596,"url":"https:\/\/ralupo.me\/en\/archive\/14596","url_meta":{"origin":13257,"position":3},"title":"Bundestagskandidaten sprechen in Stuttgart \u00fcber Ukraine-Hilfe","author":"Lupo","date":"26. January 2025","format":false,"excerpt":"[:de] Die Initiative \"Ukraine-Demo in Stuttgart\" hatte am Samstag Mittag die Bundestagskandidaten der demokratischen Parteien zu ihrer Kundgebung auf den Stuttgarter Schlossplatz eingeladen, damit sie die Programme ihrer Parteien f\u00fcr die kommende Bundestagswahl vorstellen. Einhellig wurde von allen die Notwendigkeit betont, der Ukraine in ihrem Verteidigungskampf zu helfen. Mehrere hundert\u2026","rel":"","context":"In &quot;Politik&quot;","block_context":{"text":"Politik","link":"https:\/\/ralupo.me\/en\/archive\/category\/politik"},"img":{"alt_text":"","src":"https:\/\/i0.wp.com\/ralupo.me\/wp-content\/uploads\/2025\/01\/IMG_8836_jpg-scaled.jpeg?fit=1200%2C900&ssl=1&resize=350%2C200","width":350,"height":200,"srcset":"https:\/\/i0.wp.com\/ralupo.me\/wp-content\/uploads\/2025\/01\/IMG_8836_jpg-scaled.jpeg?fit=1200%2C900&ssl=1&resize=350%2C200 1x, https:\/\/i0.wp.com\/ralupo.me\/wp-content\/uploads\/2025\/01\/IMG_8836_jpg-scaled.jpeg?fit=1200%2C900&ssl=1&resize=525%2C300 1.5x, https:\/\/i0.wp.com\/ralupo.me\/wp-content\/uploads\/2025\/01\/IMG_8836_jpg-scaled.jpeg?fit=1200%2C900&ssl=1&resize=700%2C400 2x, https:\/\/i0.wp.com\/ralupo.me\/wp-content\/uploads\/2025\/01\/IMG_8836_jpg-scaled.jpeg?fit=1200%2C900&ssl=1&resize=1050%2C600 3x"},"classes":[]},{"id":13812,"url":"https:\/\/ralupo.me\/en\/archive\/13812","url_meta":{"origin":13257,"position":4},"title":"Aufgelesen: Lupos Lesewoche #9","author":"Lupo","date":"17. March 2024","format":false,"excerpt":"[:de] Die Woche der intellektuellen Konkursanmeldungen \u2022 Die vergangene Woche war offenbar die Woche der intellektuellen Konkursanmeldungen. Den Aufschlag hat seine Heiligkeit Papst Franziskus gemacht, in dem er in einem Interview der Ukraine geraten hat, die wei\u00dfe Fahne zu hissen und sich zu ergeben. War dann aber offenbar doch nicht\u2026","rel":"","context":"In &quot;Aufgelesen&quot;","block_context":{"text":"Aufgelesen","link":"https:\/\/ralupo.me\/en\/archive\/category\/aufgelesen"},"img":{"alt_text":"","src":"https:\/\/i0.wp.com\/ralupo.me\/wp-content\/uploads\/2024\/02\/IMG_9868-scaled.jpeg?fit=1200%2C900&ssl=1&resize=350%2C200","width":350,"height":200,"srcset":"https:\/\/i0.wp.com\/ralupo.me\/wp-content\/uploads\/2024\/02\/IMG_9868-scaled.jpeg?fit=1200%2C900&ssl=1&resize=350%2C200 1x, https:\/\/i0.wp.com\/ralupo.me\/wp-content\/uploads\/2024\/02\/IMG_9868-scaled.jpeg?fit=1200%2C900&ssl=1&resize=525%2C300 1.5x, https:\/\/i0.wp.com\/ralupo.me\/wp-content\/uploads\/2024\/02\/IMG_9868-scaled.jpeg?fit=1200%2C900&ssl=1&resize=700%2C400 2x, https:\/\/i0.wp.com\/ralupo.me\/wp-content\/uploads\/2024\/02\/IMG_9868-scaled.jpeg?fit=1200%2C900&ssl=1&resize=1050%2C600 3x"},"classes":[]},{"id":3238,"url":"https:\/\/ralupo.me\/en\/archive\/3238","url_meta":{"origin":13257,"position":5},"title":"Jusos f\u00fcr Absage an Nordstream 2","author":"Lupo","date":"6. February 2022","format":false,"excerpt":"Offenbar kommt bei der SPD etwas in Gang: Nachdem der neue SPD-Chef Klingbeil die SPD-Spitze zur Klausur geladen hat, um \u00fcber die Russland-Politik der Partei zu beraten, kommen nun auch ungewohnte T\u00f6ne aus der Jugendorganisation: Die Juso-Vorsitzende Jessica Rosenthal fordert in einem Interview mit der TAZ, das am Montag erscheint,\u2026","rel":"","context":"In &quot;Eastbound&quot;","block_context":{"text":"Eastbound","link":"https:\/\/ralupo.me\/en\/archive\/category\/eastbound"},"img":{"alt_text":"","src":"https:\/\/i0.wp.com\/ralupo.me\/wp-content\/uploads\/2022\/01\/img_5873-scaled.jpg?fit=1200%2C900&ssl=1&resize=350%2C200","width":350,"height":200,"srcset":"https:\/\/i0.wp.com\/ralupo.me\/wp-content\/uploads\/2022\/01\/img_5873-scaled.jpg?fit=1200%2C900&ssl=1&resize=350%2C200 1x, https:\/\/i0.wp.com\/ralupo.me\/wp-content\/uploads\/2022\/01\/img_5873-scaled.jpg?fit=1200%2C900&ssl=1&resize=525%2C300 1.5x, https:\/\/i0.wp.com\/ralupo.me\/wp-content\/uploads\/2022\/01\/img_5873-scaled.jpg?fit=1200%2C900&ssl=1&resize=700%2C400 2x, https:\/\/i0.wp.com\/ralupo.me\/wp-content\/uploads\/2022\/01\/img_5873-scaled.jpg?fit=1200%2C900&ssl=1&resize=1050%2C600 3x"},"classes":[]}],"jetpack_shortlink":"https:\/\/wp.me\/pcanHs-3rP","_links":{"self":[{"href":"https:\/\/ralupo.me\/en\/wp-json\/wp\/v2\/posts\/13257","targetHints":{"allow":["GET"]}}],"collection":[{"href":"https:\/\/ralupo.me\/en\/wp-json\/wp\/v2\/posts"}],"about":[{"href":"https:\/\/ralupo.me\/en\/wp-json\/wp\/v2\/types\/post"}],"author":[{"embeddable":true,"href":"https:\/\/ralupo.me\/en\/wp-json\/wp\/v2\/users\/1"}],"replies":[{"embeddable":true,"href":"https:\/\/ralupo.me\/en\/wp-json\/wp\/v2\/comments?post=13257"}],"version-history":[{"count":7,"href":"https:\/\/ralupo.me\/en\/wp-json\/wp\/v2\/posts\/13257\/revisions"}],"predecessor-version":[{"id":13297,"href":"https:\/\/ralupo.me\/en\/wp-json\/wp\/v2\/posts\/13257\/revisions\/13297"}],"wp:featuredmedia":[{"embeddable":true,"href":"https:\/\/ralupo.me\/en\/wp-json\/wp\/v2\/media\/13262"}],"wp:attachment":[{"href":"https:\/\/ralupo.me\/en\/wp-json\/wp\/v2\/media?parent=13257"}],"wp:term":[{"taxonomy":"category","embeddable":true,"href":"https:\/\/ralupo.me\/en\/wp-json\/wp\/v2\/categories?post=13257"},{"taxonomy":"post_tag","embeddable":true,"href":"https:\/\/ralupo.me\/en\/wp-json\/wp\/v2\/tags?post=13257"}],"curies":[{"name":"wp","href":"https:\/\/api.w.org\/{rel}","templated":true}]}}