{"id":1323,"date":"2020-11-15T11:54:04","date_gmt":"2020-11-15T11:54:04","guid":{"rendered":"https:\/\/ralupo.me\/?p=1323"},"modified":"2020-11-15T12:53:38","modified_gmt":"2020-11-15T12:53:38","slug":"lviv-kein-wochenende-kein-lockdown","status":"publish","type":"post","link":"https:\/\/ralupo.me\/en\/archive\/1323","title":{"rendered":"Lviv: Kein Wochenende &#8211; kein Lockdown"},"content":{"rendered":"<span class=\"span-reading-time rt-reading-time\" style=\"display: block;\"><span class=\"rt-label rt-prefix\">Lesedauer<\/span> <span class=\"rt-time\"> 2<\/span> <span class=\"rt-label rt-postfix\">Minuten<\/span><\/span>\n<p class=\"has-drop-cap wp-block-paragraph\">Auch in der Ukraine steigen die Corona-Infektionen exponentiell an. Die Krankenh\u00e4user kommen an ihr Limit. Wie der Gesundheitsminister der Ukraine, Maxym Stepanow. am Samstag laut Ukrinform mitteilte, war mit 12.254 Neuinfektionen binnen eines Tages wieder ein neuer Rekord zu verzeichnen. Die meisten F\u00e4lle waren in der Stadt Kyjiw (1053), in den Oblasten Saporoischschja (805), Odesa (758), Charkiw (749) und Kyjiw (698) zu verzeichnen. <\/p>\n\n\n\n<div class=\"wp-block-image is-style-default\"><figure class=\"alignright size-medium is-resized\"><img data-recalc-dims=\"1\" decoding=\"async\" data-attachment-id=\"1327\" data-permalink=\"https:\/\/ralupo.me\/en\/web\" data-orig-file=\"https:\/\/i0.wp.com\/ralupo.me\/wp-content\/uploads\/2020\/11\/img_6967.jpg?fit=1200%2C630&amp;ssl=1\" data-orig-size=\"1200,630\" data-comments-opened=\"1\" data-image-meta=\"{&quot;aperture&quot;:&quot;0&quot;,&quot;credit&quot;:&quot;&quot;,&quot;camera&quot;:&quot;&quot;,&quot;caption&quot;:&quot;&quot;,&quot;created_timestamp&quot;:&quot;0&quot;,&quot;copyright&quot;:&quot;&quot;,&quot;focal_length&quot;:&quot;0&quot;,&quot;iso&quot;:&quot;0&quot;,&quot;shutter_speed&quot;:&quot;0&quot;,&quot;title&quot;:&quot;&quot;,&quot;orientation&quot;:&quot;0&quot;}\" data-image-title=\"Web\" data-image-description=\"\" data-image-caption=\"\" data-medium-file=\"https:\/\/i0.wp.com\/ralupo.me\/wp-content\/uploads\/2020\/11\/img_6967.jpg?fit=300%2C158&amp;ssl=1\" data-large-file=\"https:\/\/i0.wp.com\/ralupo.me\/wp-content\/uploads\/2020\/11\/img_6967.jpg?fit=1024%2C538&amp;ssl=1\" src=\"https:\/\/i0.wp.com\/ralupo.me\/wp-content\/uploads\/2020\/11\/img_6967.jpg?resize=300%2C158&#038;ssl=1\" alt=\"\" class=\"wp-image-1327\" width=\"300\" height=\"158\" srcset=\"https:\/\/i0.wp.com\/ralupo.me\/wp-content\/uploads\/2020\/11\/img_6967.jpg?resize=300%2C158&amp;ssl=1 300w, https:\/\/i0.wp.com\/ralupo.me\/wp-content\/uploads\/2020\/11\/img_6967.jpg?resize=600%2C315&amp;ssl=1 600w, https:\/\/i0.wp.com\/ralupo.me\/wp-content\/uploads\/2020\/11\/img_6967.jpg?resize=1024%2C538&amp;ssl=1 1024w, https:\/\/i0.wp.com\/ralupo.me\/wp-content\/uploads\/2020\/11\/img_6967.jpg?resize=768%2C403&amp;ssl=1 768w, https:\/\/i0.wp.com\/ralupo.me\/wp-content\/uploads\/2020\/11\/img_6967.jpg?resize=1100%2C578&amp;ssl=1 1100w, https:\/\/i0.wp.com\/ralupo.me\/wp-content\/uploads\/2020\/11\/img_6967.jpg?resize=550%2C289&amp;ssl=1 550w, https:\/\/i0.wp.com\/ralupo.me\/wp-content\/uploads\/2020\/11\/img_6967.jpg?resize=160%2C84&amp;ssl=1 160w, https:\/\/i0.wp.com\/ralupo.me\/wp-content\/uploads\/2020\/11\/img_6967.jpg?w=1200&amp;ssl=1 1200w\" sizes=\"(max-width: 300px) 100vw, 300px\" \/><\/figure><\/div>\n\n\n\n<p class=\"wp-block-paragraph\">Um der Ausbreitung des Virus entgegen zu wirken, hat die ukrainische Regierung einen landesweiten &#8220;Wochenend-Lockdown&#8221; beschlossen, der am 14. November 2020 um 00:00 erstmals in Kraft trat und erstmal bis Anfang Dezember gelten soll. Einen mehrmonatigen landesweiten Lockdown wie im Fr\u00fchjahr 2020 w\u00fcrde das Land und seine Wirtschaft nicht verkraften, hie\u00df es aus dem Wirtschaftsministerium.<\/p>\n\n\n<div class=\"vlp-link-container vlp-template-default wp-block-visual-link-preview-link\">\n\t<a href=\"https:\/\/www.unian.info\/society\/covid-19-weekend-quarantine-introduced-in-ukraine-11215394.html\" class=\"vlp-link\" title=\"\u201cWeekend quarantine\u201d introduced in Ukraine\" rel=\"nofollow\" target=\"_blank\"><\/a>\t\t<div class=\"vlp-link-image-container\">\n\t\t<div class=\"vlp-link-image\">\n\t\t\t<img data-recalc-dims=\"1\" decoding=\"async\" src=\"https:\/\/i0.wp.com\/images.unian.net\/photos\/2020_10\/thumb_files\/1000_545_1603267434-8969.jpg?ssl=1\" style=\"max-width: 150px; max-height: 150px\" \/>\t\t<\/div>\n\t<\/div>\n\t\t<div class=\"vlp-link-text-container\">\n\t\t\t\t<div class=\"vlp-link-title\">\n\t\t\t\u201cWeekend quarantine\u201d introduced in Ukraine\t\t<\/div>\n\t\t\t\t\t\t<div class=\"vlp-link-summary\">\n\t\t\tThe Cabinet passed the relevant decision at its meeting on Wednesday, November 11.\t\t<\/div>\n\t\t\t<\/div>\n<\/div>\n\n\n\n<p class=\"wp-block-paragraph\"><\/p>\n\n\n\n<p class=\"wp-block-paragraph\">Gleichwohl ist die Entscheidung umstritten und aus Lviv (Lemberg) regt sich Protest. Ein Rechtstreit ist schon angek\u00fcndigt, der B\u00fcrgermeister der Stadt, Andriy Sadovy, lie\u00df sich zudem noch etwas besonderes einfallen: Er erkl\u00e4rte Samstag und Sonntag zu Werktagen, um so dem Wochenend-Lockdown zu entgehen. Der Widerspruch aus Kyiv lie\u00df nicht lange auf sich warten: Der B\u00fcrgermeister von Lviv habe f\u00fcr einen solchen Beschluss gar keine Befugnis, hie\u00df es prompt aus der Hauptstadt. <\/p>\n\n\n<div class=\"vlp-link-container vlp-template-default wp-block-visual-link-preview-link\">\n\t<a href=\"https:\/\/www.kyivpost.com\/ukraine-politics\/saturday-sunday-declared-working-days-in-lviv.html\" class=\"vlp-link\" title=\"Saturday, Sunday declared working days in Lviv | KyivPost - Ukraine\u2019s Global Voice\" rel=\"nofollow\" target=\"_blank\"><\/a>\t\t<div class=\"vlp-link-image-container\">\n\t\t<div class=\"vlp-link-image\">\n\t\t\t<img data-recalc-dims=\"1\" decoding=\"async\" src=\"https:\/\/i0.wp.com\/www.kyivpost.com\/wp-content\/uploads\/2020\/07\/20200706-20200704184325_PET_0974.jpg?ssl=1\" style=\"max-width: 150px; max-height: 150px\" \/>\t\t<\/div>\n\t<\/div>\n\t\t<div class=\"vlp-link-text-container\">\n\t\t\t\t<div class=\"vlp-link-title\">\n\t\t\tSaturday, Sunday declared working days in Lviv | KyivPost &#8211; Ukraine\u2019s Global Voice\t\t<\/div>\n\t\t\t\t\t\t<div class=\"vlp-link-summary\">\n\t\t\tThe Executive Committee of Lviv City Council decided to declare Saturday and Sunday as working days for a number of establishments and institutions in Lviv until Nov. 30, Lviv Mayor Andriy Sadovy has said. \u201cThe meeting of the executive committee has just ended. It was decided that until Nov. 30, Sat\u2026\t\t<\/div>\n\t\t\t<\/div>\n<\/div>\n\n\n\n<p class=\"wp-block-paragraph\">Das Stadtoberhaupt von Lviv sieht das naturgem\u00e4\u00df anders: B\u00fcrger, die Schwierigkeiten bek\u00e4men, sollten einfach den Beschluss der Stadt vorzeigen und eine Hotline anrufen, die Anw\u00e4lte der Stadt w\u00fcrden sich dann darum k\u00fcmmern, zitiert ihn die <em>Kyiv Post<\/em>.<\/p>\n\n\n\n<blockquote class=\"wp-block-quote is-layout-flow wp-block-quote-is-layout-flow\"><p>\u201cIf tomorrow someone tries to interfere with your work, show this decision and contact the hotline by calling 1580. Our lawyers will help protect your rights\u201d<\/p><cite>Andriy Sadovy, B\u00fcrgermeister von Lviv<\/cite><\/blockquote>\n\n\n\n<p class=\"wp-block-paragraph\">Man mu\u00df allerdings auch wissen, dass die Stadt und die Region Lviv derzeit einen der h\u00f6chsten Inzidenzwerte des Landes haben.<\/p>\n","protected":false},"excerpt":{"rendered":"<p>Auch in der Ukraine steigen die Corona-Infektionen exponentiell an. Die Krankenh\u00e4user kommen an ihr Limit. Wie der Gesundheitsminister der Ukraine, Maxym Stepanow. am Samstag laut Ukrinform mitteilte, war mit 12.254 [&hellip;]<\/p>\n","protected":false},"author":1,"featured_media":245,"comment_status":"open","ping_status":"open","sticky":false,"template":"","format":"standard","meta":{"_crdt_document":"","advanced_seo_description":"","jetpack_seo_html_title":"","jetpack_seo_noindex":false,"_EventAllDay":false,"_EventTimezone":"","_EventStartDate":"","_EventEndDate":"","_EventStartDateUTC":"","_EventEndDateUTC":"","_EventShowMap":false,"_EventShowMapLink":false,"_EventURL":"","_EventCost":"","_EventCostDescription":"","_EventCurrencySymbol":"","_EventCurrencyCode":"","_EventCurrencyPosition":"","_EventDateTimeSeparator":"","_EventTimeRangeSeparator":"","_EventOrganizerID":[],"_EventVenueID":[],"_OrganizerEmail":"","_OrganizerPhone":"","_OrganizerWebsite":"","_VenueAddress":"","_VenueCity":"","_VenueCountry":"","_VenueProvince":"","_VenueState":"","_VenueZip":"","_VenuePhone":"","_VenueURL":"","_VenueStateProvince":"","_VenueLat":"","_VenueLng":"","_VenueShowMap":false,"_VenueShowMapLink":false,"jetpack_post_was_ever_published":false,"_jetpack_newsletter_access":"","_jetpack_dont_email_post_to_subs":false,"_jetpack_newsletter_tier_id":0,"_jetpack_memberships_contains_paywalled_content":false,"_jetpack_memberships_contains_paid_content":false,"footnotes":""},"categories":[4],"tags":[10,437,449,445,448,7,25],"class_list":["post-1323","post","type-post","status-publish","format-standard","has-post-thumbnail","hentry","category-quarantaene","tag-corona","tag-kyiv","tag-lemberg","tag-lockdown","tag-lviv","tag-quarantaene","tag-ukraine"],"jetpack_featured_media_url":"https:\/\/i0.wp.com\/ralupo.me\/wp-content\/uploads\/2020\/07\/img_5571-scaled.jpg?fit=2560%2C1920&ssl=1","jetpack_sharing_enabled":true,"jetpack-related-posts":[{"id":1216,"url":"https:\/\/ralupo.me\/en\/archive\/1216","url_meta":{"origin":1323,"position":0},"title":"Ukraine hebt Einreiseverbot f\u00fcr Ausl\u00e4nder auf","author":"Lupo","date":"28. September 2020","format":false,"excerpt":"Die Ukraine hat das seit dem 28.08.2020 geltende Einreiseverbot nicht verl\u00e4ngert. Seit 28.09.2020 sind Einreisen f\u00fcr Ausl\u00e4nder unter Beachtung der Einreisebestimmungen wieder m\u00f6glich. Das teilte der Sprecher des ukrainischen Grenzschutzes, Andrij Demtschenko, laut Nachrichtenportal Ukrinform.de mit. Der Ministerrat hatte angesichts der Pandemielage ein einmonatiges Einreiseverbot f\u00fcr Ausl\u00e4nder ausgesprochen, das vom\u2026","rel":"","context":"In &quot;Teilnehmende Beobachtung&quot;","block_context":{"text":"Teilnehmende Beobachtung","link":"https:\/\/ralupo.me\/en\/archive\/category\/teilnehmende-beobachtung"},"img":{"alt_text":"","src":"https:\/\/i0.wp.com\/ralupo.me\/wp-content\/uploads\/2020\/09\/img_3448-scaled.jpg?fit=1200%2C900&ssl=1&resize=350%2C200","width":350,"height":200,"srcset":"https:\/\/i0.wp.com\/ralupo.me\/wp-content\/uploads\/2020\/09\/img_3448-scaled.jpg?fit=1200%2C900&ssl=1&resize=350%2C200 1x, https:\/\/i0.wp.com\/ralupo.me\/wp-content\/uploads\/2020\/09\/img_3448-scaled.jpg?fit=1200%2C900&ssl=1&resize=525%2C300 1.5x, https:\/\/i0.wp.com\/ralupo.me\/wp-content\/uploads\/2020\/09\/img_3448-scaled.jpg?fit=1200%2C900&ssl=1&resize=700%2C400 2x, https:\/\/i0.wp.com\/ralupo.me\/wp-content\/uploads\/2020\/09\/img_3448-scaled.jpg?fit=1200%2C900&ssl=1&resize=1050%2C600 3x"},"classes":[]},{"id":1354,"url":"https:\/\/ralupo.me\/en\/archive\/1354","url_meta":{"origin":1323,"position":1},"title":"2020 Desaster in one Headline","author":"Lupo","date":"13. December 2020","format":false,"excerpt":"https:\/\/twitter.com\/Independent\/status\/1337002910803169284?s=20 Merkel urges Germans not to kill their grandparents this ChristmasMerkel urges Germans to reduce contacts in the run-up to Christmas","rel":"","context":"In &quot;Teilnehmende Beobachtung&quot;","block_context":{"text":"Teilnehmende Beobachtung","link":"https:\/\/ralupo.me\/en\/archive\/category\/teilnehmende-beobachtung"},"img":{"alt_text":"","src":"https:\/\/i0.wp.com\/ralupo.me\/wp-content\/uploads\/2020\/12\/img_0018.jpg?fit=750%2C332&ssl=1&resize=350%2C200","width":350,"height":200,"srcset":"https:\/\/i0.wp.com\/ralupo.me\/wp-content\/uploads\/2020\/12\/img_0018.jpg?fit=750%2C332&ssl=1&resize=350%2C200 1x, https:\/\/i0.wp.com\/ralupo.me\/wp-content\/uploads\/2020\/12\/img_0018.jpg?fit=750%2C332&ssl=1&resize=525%2C300 1.5x, https:\/\/i0.wp.com\/ralupo.me\/wp-content\/uploads\/2020\/12\/img_0018.jpg?fit=750%2C332&ssl=1&resize=700%2C400 2x"},"classes":[]},{"id":1281,"url":"https:\/\/ralupo.me\/en\/archive\/1281","url_meta":{"origin":1323,"position":2},"title":"Lockdown II","author":"Lupo","date":"28. October 2020","format":false,"excerpt":"Was zur H\u00f6lle hat man eigentlich \u00fcber den Sommer getan, au\u00dfer den Leuten gebetsm\u00fchlenartig zu versichern, einen zweiten Lockdown werde es nicht geben? Dass die Zahlen zusammen mit der Grippewelle hochgehen werden, wusste man seit Fr\u00fchjahr. Jetzt also - \u00dcberraschung! - wieder Lockdown bis Ende November. Und dann? Im Januar\u2026","rel":"","context":"In &quot;Teilnehmende Beobachtung&quot;","block_context":{"text":"Teilnehmende Beobachtung","link":"https:\/\/ralupo.me\/en\/archive\/category\/teilnehmende-beobachtung"},"img":{"alt_text":"","src":"https:\/\/i0.wp.com\/ralupo.me\/wp-content\/uploads\/2020\/10\/img_4147-scaled.jpg?fit=1200%2C900&ssl=1&resize=350%2C200","width":350,"height":200,"srcset":"https:\/\/i0.wp.com\/ralupo.me\/wp-content\/uploads\/2020\/10\/img_4147-scaled.jpg?fit=1200%2C900&ssl=1&resize=350%2C200 1x, https:\/\/i0.wp.com\/ralupo.me\/wp-content\/uploads\/2020\/10\/img_4147-scaled.jpg?fit=1200%2C900&ssl=1&resize=525%2C300 1.5x, https:\/\/i0.wp.com\/ralupo.me\/wp-content\/uploads\/2020\/10\/img_4147-scaled.jpg?fit=1200%2C900&ssl=1&resize=700%2C400 2x, https:\/\/i0.wp.com\/ralupo.me\/wp-content\/uploads\/2020\/10\/img_4147-scaled.jpg?fit=1200%2C900&ssl=1&resize=1050%2C600 3x"},"classes":[]},{"id":4905,"url":"https:\/\/ralupo.me\/en\/archive\/4905","url_meta":{"origin":1323,"position":3},"title":"Ein Jahr zuvor","author":"Lupo","date":"24. April 2022","format":false,"excerpt":"[:de] Facebook erinnert mich gerade an einen alten Post vor einem Jahr. Das waren Aufnahmen aus Kyiv. Als ich letztes Jahr im April dort gelandet bin, sind die russischen Truppen gerade wieder abgezogen. Man dachte, alles sei vor\u00fcber. Die Meldungen in der Zeitung sind aber auch ein Jahr sp\u00e4ter immer\u2026","rel":"","context":"In &quot;Ukraine&quot;","block_context":{"text":"Ukraine","link":"https:\/\/ralupo.me\/en\/archive\/category\/ukraine"},"img":{"alt_text":"","src":"https:\/\/i0.wp.com\/ralupo.me\/wp-content\/uploads\/2022\/04\/img_9584-scaled.jpg?fit=1200%2C900&ssl=1&resize=350%2C200","width":350,"height":200,"srcset":"https:\/\/i0.wp.com\/ralupo.me\/wp-content\/uploads\/2022\/04\/img_9584-scaled.jpg?fit=1200%2C900&ssl=1&resize=350%2C200 1x, https:\/\/i0.wp.com\/ralupo.me\/wp-content\/uploads\/2022\/04\/img_9584-scaled.jpg?fit=1200%2C900&ssl=1&resize=525%2C300 1.5x, https:\/\/i0.wp.com\/ralupo.me\/wp-content\/uploads\/2022\/04\/img_9584-scaled.jpg?fit=1200%2C900&ssl=1&resize=700%2C400 2x, https:\/\/i0.wp.com\/ralupo.me\/wp-content\/uploads\/2022\/04\/img_9584-scaled.jpg?fit=1200%2C900&ssl=1&resize=1050%2C600 3x"},"classes":[]},{"id":10024,"url":"https:\/\/ralupo.me\/en\/archive\/10024","url_meta":{"origin":1323,"position":4},"title":"Lupo goes Lviv: Die Reise","author":"Lupo","date":"7. June 2023","format":false,"excerpt":"[:de]Nach eineinhalb Jahren Pause geht es wieder in die Ukraine. Die Reisevorbereitungen sind abgeschlossen. Dazu sp\u00e4ter mehr. Waren bislang Kyiv in der Zentralukraine und Odessa im S\u00fcden auf meinem Plan, geht es jetzt zum ersten Mal in den Westen: Nach Lviv (Lemberg).[:]","rel":"","context":"In &quot;Travel&quot;","block_context":{"text":"Travel","link":"https:\/\/ralupo.me\/en\/archive\/category\/travel"},"img":{"alt_text":"","src":"https:\/\/i0.wp.com\/ralupo.me\/wp-content\/uploads\/2023\/06\/IMG_9212-scaled.jpeg?fit=1200%2C900&ssl=1&resize=350%2C200","width":350,"height":200,"srcset":"https:\/\/i0.wp.com\/ralupo.me\/wp-content\/uploads\/2023\/06\/IMG_9212-scaled.jpeg?fit=1200%2C900&ssl=1&resize=350%2C200 1x, https:\/\/i0.wp.com\/ralupo.me\/wp-content\/uploads\/2023\/06\/IMG_9212-scaled.jpeg?fit=1200%2C900&ssl=1&resize=525%2C300 1.5x, https:\/\/i0.wp.com\/ralupo.me\/wp-content\/uploads\/2023\/06\/IMG_9212-scaled.jpeg?fit=1200%2C900&ssl=1&resize=700%2C400 2x, https:\/\/i0.wp.com\/ralupo.me\/wp-content\/uploads\/2023\/06\/IMG_9212-scaled.jpeg?fit=1200%2C900&ssl=1&resize=1050%2C600 3x"},"classes":[]},{"id":10140,"url":"https:\/\/ralupo.me\/en\/archive\/10140","url_meta":{"origin":1323,"position":5},"title":"Lviv: Die Stadt der L\u00f6wen","author":"Lupo","date":"17. June 2023","format":false,"excerpt":"[:de]Der K\u00f6nig von Galizien und Lodomerien Danylo ist Vater der Stadt. Er gr\u00fcndete Lemberg im Jahre 1256 und gab der Stadt den Namen seines Sohnes Lew. Von dieser Zeit gilt der Tierk\u00f6nig der L\u00f6we, also Lew auf Ukrainisch, als ein Symbol der Stadt. Es gibt in Lemberg insgesamt mehr als\u2026","rel":"","context":"In &quot;Ukraine&quot;","block_context":{"text":"Ukraine","link":"https:\/\/ralupo.me\/en\/archive\/category\/ukraine"},"img":{"alt_text":"","src":"https:\/\/i0.wp.com\/ralupo.me\/wp-content\/uploads\/2023\/06\/IMG_8925-scaled.jpeg?fit=1200%2C900&ssl=1&resize=350%2C200","width":350,"height":200,"srcset":"https:\/\/i0.wp.com\/ralupo.me\/wp-content\/uploads\/2023\/06\/IMG_8925-scaled.jpeg?fit=1200%2C900&ssl=1&resize=350%2C200 1x, https:\/\/i0.wp.com\/ralupo.me\/wp-content\/uploads\/2023\/06\/IMG_8925-scaled.jpeg?fit=1200%2C900&ssl=1&resize=525%2C300 1.5x, https:\/\/i0.wp.com\/ralupo.me\/wp-content\/uploads\/2023\/06\/IMG_8925-scaled.jpeg?fit=1200%2C900&ssl=1&resize=700%2C400 2x, https:\/\/i0.wp.com\/ralupo.me\/wp-content\/uploads\/2023\/06\/IMG_8925-scaled.jpeg?fit=1200%2C900&ssl=1&resize=1050%2C600 3x"},"classes":[]}],"jetpack_shortlink":"https:\/\/wp.me\/pcanHs-ll","_links":{"self":[{"href":"https:\/\/ralupo.me\/en\/wp-json\/wp\/v2\/posts\/1323","targetHints":{"allow":["GET"]}}],"collection":[{"href":"https:\/\/ralupo.me\/en\/wp-json\/wp\/v2\/posts"}],"about":[{"href":"https:\/\/ralupo.me\/en\/wp-json\/wp\/v2\/types\/post"}],"author":[{"embeddable":true,"href":"https:\/\/ralupo.me\/en\/wp-json\/wp\/v2\/users\/1"}],"replies":[{"embeddable":true,"href":"https:\/\/ralupo.me\/en\/wp-json\/wp\/v2\/comments?post=1323"}],"version-history":[{"count":0,"href":"https:\/\/ralupo.me\/en\/wp-json\/wp\/v2\/posts\/1323\/revisions"}],"wp:featuredmedia":[{"embeddable":true,"href":"https:\/\/ralupo.me\/en\/wp-json\/wp\/v2\/media\/245"}],"wp:attachment":[{"href":"https:\/\/ralupo.me\/en\/wp-json\/wp\/v2\/media?parent=1323"}],"wp:term":[{"taxonomy":"category","embeddable":true,"href":"https:\/\/ralupo.me\/en\/wp-json\/wp\/v2\/categories?post=1323"},{"taxonomy":"post_tag","embeddable":true,"href":"https:\/\/ralupo.me\/en\/wp-json\/wp\/v2\/tags?post=1323"}],"curies":[{"name":"wp","href":"https:\/\/api.w.org\/{rel}","templated":true}]}}