{"id":13129,"date":"2024-01-08T12:19:38","date_gmt":"2024-01-08T11:19:38","guid":{"rendered":"https:\/\/ralupo.me\/?p=13129"},"modified":"2024-01-16T21:03:52","modified_gmt":"2024-01-16T20:03:52","slug":"barwinka-geht-wieder-auf-tour","status":"publish","type":"post","link":"https:\/\/ralupo.me\/en\/archive\/13129","title":{"rendered":"&#8220;Barwinka&#8221; geht auch 2024 wieder auf Tour"},"content":{"rendered":"<span class=\"span-reading-time rt-reading-time\" style=\"display: block;\"><span class=\"rt-label rt-prefix\">Lesedauer<\/span> <span class=\"rt-time\"> 2<\/span> <span class=\"rt-label rt-postfix\">Minuten<\/span><\/span>\n<p class=\"wp-block-paragraph\">&#8220;Barwinka&#8221;, der kleine ukrainische Krankenwagen aus Derhatschi, geht auch 2024 wieder auf Tour. Bereits im vergangenen Jahr war der von russischen Truppen beschossene Krankenwagen in fast 30 St\u00e4dten in Deutschland und in Br\u00fcssel zu sehen. <br><\/p>\n\n\n\n<figure class=\"wp-block-video\"><video height=\"720\" style=\"aspect-ratio: 1280 \/ 720;\" width=\"1280\" autoplay controls loop muted src=\"https:\/\/ralupo.me\/wp-content\/uploads\/2024\/01\/trim_1644E382-F6F4-4CB8-B507-392B9FEDDE39.mp4\" playsinline><\/video><figcaption class=\"wp-element-caption\">Ank\u00fcndigung: Barwinka kommt wieder nach M\u00fcnchen, 12.-18. Februar 24<\/figcaption><\/figure>\n\n\n\n<p class=\"wp-block-paragraph\">F\u00fcr die 2024 aufgelegte Tour <a href=\"https:\/\/barwinka.fellas4europe.org\/#quick-facts\">wurde heute auch die Website von &#8220;Barwinka&#8221; gelauncht<\/a>, auf der die Tourplanung und viele weitere Informationen zu den Veranstaltungen rund um die Ausstellungsorte eingesehen werden kann.<\/p>\n\n\n\n<figure class=\"wp-block-image size-large\"><img data-recalc-dims=\"1\" fetchpriority=\"high\" decoding=\"async\" width=\"1024\" height=\"768\" data-attachment-id=\"10244\" data-permalink=\"https:\/\/ralupo.me\/en\/img_0300\" data-orig-file=\"https:\/\/i0.wp.com\/ralupo.me\/wp-content\/uploads\/2023\/07\/IMG_0300-scaled.jpeg?fit=2560%2C1920&amp;ssl=1\" data-orig-size=\"2560,1920\" data-comments-opened=\"1\" data-image-meta=\"{&quot;aperture&quot;:&quot;0&quot;,&quot;credit&quot;:&quot;&quot;,&quot;camera&quot;:&quot;&quot;,&quot;caption&quot;:&quot;&quot;,&quot;created_timestamp&quot;:&quot;0&quot;,&quot;copyright&quot;:&quot;&quot;,&quot;focal_length&quot;:&quot;0&quot;,&quot;iso&quot;:&quot;0&quot;,&quot;shutter_speed&quot;:&quot;0&quot;,&quot;title&quot;:&quot;&quot;,&quot;orientation&quot;:&quot;0&quot;}\" data-image-title=\"IMG_0300\" data-image-description=\"\" data-image-caption=\"\" data-medium-file=\"https:\/\/i0.wp.com\/ralupo.me\/wp-content\/uploads\/2023\/07\/IMG_0300-scaled.jpeg?fit=300%2C225&amp;ssl=1\" data-large-file=\"https:\/\/i0.wp.com\/ralupo.me\/wp-content\/uploads\/2023\/07\/IMG_0300-scaled.jpeg?fit=1024%2C768&amp;ssl=1\" src=\"https:\/\/i0.wp.com\/ralupo.me\/wp-content\/uploads\/2023\/07\/IMG_0300.jpeg?resize=1024%2C768&#038;ssl=1\" alt=\"\" class=\"wp-image-10244\" srcset=\"https:\/\/i0.wp.com\/ralupo.me\/wp-content\/uploads\/2023\/07\/IMG_0300-scaled.jpeg?resize=1024%2C768&amp;ssl=1 1024w, https:\/\/i0.wp.com\/ralupo.me\/wp-content\/uploads\/2023\/07\/IMG_0300-scaled.jpeg?resize=600%2C450&amp;ssl=1 600w, https:\/\/i0.wp.com\/ralupo.me\/wp-content\/uploads\/2023\/07\/IMG_0300-scaled.jpeg?resize=300%2C225&amp;ssl=1 300w, https:\/\/i0.wp.com\/ralupo.me\/wp-content\/uploads\/2023\/07\/IMG_0300-scaled.jpeg?resize=768%2C576&amp;ssl=1 768w, https:\/\/i0.wp.com\/ralupo.me\/wp-content\/uploads\/2023\/07\/IMG_0300-scaled.jpeg?resize=1536%2C1152&amp;ssl=1 1536w, https:\/\/i0.wp.com\/ralupo.me\/wp-content\/uploads\/2023\/07\/IMG_0300-scaled.jpeg?resize=2048%2C1536&amp;ssl=1 2048w, https:\/\/i0.wp.com\/ralupo.me\/wp-content\/uploads\/2023\/07\/IMG_0300-scaled.jpeg?resize=830%2C623&amp;ssl=1 830w, https:\/\/i0.wp.com\/ralupo.me\/wp-content\/uploads\/2023\/07\/IMG_0300-scaled.jpeg?resize=1660%2C1245&amp;ssl=1 1660w, https:\/\/i0.wp.com\/ralupo.me\/wp-content\/uploads\/2023\/07\/IMG_0300-scaled.jpeg?resize=1200%2C900&amp;ssl=1 1200w\" sizes=\"(max-width: 1000px) 100vw, 1000px\" \/><figcaption class=\"wp-element-caption\">Barwinka in Berlin mit dem Botschafter der Ukraine, Bundestagspr\u00e4sidentin B\u00e4rbel Das und dem Botschafter der Republik Polen<\/figcaption><\/figure>\n\n\n\n<p class=\"wp-block-paragraph\">Sobald die Medien nicht mehr berichten, vergessen wir gerne die Kriege und Krisen, die sich parallel zu unserem Leben an anderen Orten abspielen. Damit die Gr\u00e4ueltaten auf ukrainischem Boden nicht in Vergessenheit geraten, stellen Fellas4Europe Vereinen und Kommunen &#8220;Barwinka&#8221; als Mahnmal zur Verf\u00fcgung. Unser gemeinsames Ziel: Aufmerksamkeit schaffen und gleichzeitig Betroffene vor Ort unterst\u00fctzen.<\/p>\n\n\n\n<figure class=\"wp-block-image size-full\"><img data-recalc-dims=\"1\" decoding=\"async\" width=\"1024\" height=\"682\" data-attachment-id=\"10326\" data-permalink=\"https:\/\/ralupo.me\/en\/img-20230715-wa0045\" data-orig-file=\"https:\/\/i0.wp.com\/ralupo.me\/wp-content\/uploads\/2023\/07\/IMG-20230715-WA0045.jpg?fit=1024%2C682&amp;ssl=1\" data-orig-size=\"1024,682\" data-comments-opened=\"1\" data-image-meta=\"{&quot;aperture&quot;:&quot;0&quot;,&quot;credit&quot;:&quot;&quot;,&quot;camera&quot;:&quot;&quot;,&quot;caption&quot;:&quot;&quot;,&quot;created_timestamp&quot;:&quot;0&quot;,&quot;copyright&quot;:&quot;&quot;,&quot;focal_length&quot;:&quot;0&quot;,&quot;iso&quot;:&quot;0&quot;,&quot;shutter_speed&quot;:&quot;0&quot;,&quot;title&quot;:&quot;&quot;,&quot;orientation&quot;:&quot;0&quot;}\" data-image-title=\"IMG-20230715-WA0045\" data-image-description=\"\" data-image-caption=\"\" data-medium-file=\"https:\/\/i0.wp.com\/ralupo.me\/wp-content\/uploads\/2023\/07\/IMG-20230715-WA0045.jpg?fit=300%2C200&amp;ssl=1\" data-large-file=\"https:\/\/i0.wp.com\/ralupo.me\/wp-content\/uploads\/2023\/07\/IMG-20230715-WA0045.jpg?fit=1024%2C682&amp;ssl=1\" src=\"https:\/\/i0.wp.com\/ralupo.me\/wp-content\/uploads\/2023\/07\/IMG-20230715-WA0045.jpg?resize=1024%2C682&#038;ssl=1\" alt=\"\" class=\"wp-image-10326\" srcset=\"https:\/\/i0.wp.com\/ralupo.me\/wp-content\/uploads\/2023\/07\/IMG-20230715-WA0045.jpg?w=1024&amp;ssl=1 1024w, https:\/\/i0.wp.com\/ralupo.me\/wp-content\/uploads\/2023\/07\/IMG-20230715-WA0045.jpg?resize=600%2C400&amp;ssl=1 600w, https:\/\/i0.wp.com\/ralupo.me\/wp-content\/uploads\/2023\/07\/IMG-20230715-WA0045.jpg?resize=300%2C200&amp;ssl=1 300w, https:\/\/i0.wp.com\/ralupo.me\/wp-content\/uploads\/2023\/07\/IMG-20230715-WA0045.jpg?resize=768%2C512&amp;ssl=1 768w, https:\/\/i0.wp.com\/ralupo.me\/wp-content\/uploads\/2023\/07\/IMG-20230715-WA0045.jpg?resize=830%2C553&amp;ssl=1 830w, https:\/\/i0.wp.com\/ralupo.me\/wp-content\/uploads\/2023\/07\/IMG-20230715-WA0045.jpg?resize=676%2C450&amp;ssl=1 676w\" sizes=\"(max-width: 1000px) 100vw, 1000px\" \/><figcaption class=\"wp-element-caption\">Veranstaltung mit Barwinka in Hamburg<\/figcaption><\/figure>\n\n\n\n<p class=\"wp-block-paragraph\">Im vergangenen Jahr konnten mit den eingesammelten Spenden ein Arztfahrzeug und ein neuer Rettungswagen f\u00fcr das Krankenhaus von Derhatschi beschafft werden, samt notwendigen Rettungsmaterialien und dringend ben\u00f6tigten Medikamenten.<\/p>\n\n\n\n<figure class=\"wp-block-image size-large\"><img data-recalc-dims=\"1\" decoding=\"async\" width=\"1024\" height=\"768\" data-attachment-id=\"10576\" data-permalink=\"https:\/\/ralupo.me\/en\/img_2685\" data-orig-file=\"https:\/\/i0.wp.com\/ralupo.me\/wp-content\/uploads\/2023\/09\/IMG_2685-scaled.jpeg?fit=2560%2C1920&amp;ssl=1\" data-orig-size=\"2560,1920\" data-comments-opened=\"1\" data-image-meta=\"{&quot;aperture&quot;:&quot;0&quot;,&quot;credit&quot;:&quot;&quot;,&quot;camera&quot;:&quot;&quot;,&quot;caption&quot;:&quot;&quot;,&quot;created_timestamp&quot;:&quot;0&quot;,&quot;copyright&quot;:&quot;&quot;,&quot;focal_length&quot;:&quot;0&quot;,&quot;iso&quot;:&quot;0&quot;,&quot;shutter_speed&quot;:&quot;0&quot;,&quot;title&quot;:&quot;&quot;,&quot;orientation&quot;:&quot;0&quot;}\" data-image-title=\"IMG_2685\" data-image-description=\"\" data-image-caption=\"\" data-medium-file=\"https:\/\/i0.wp.com\/ralupo.me\/wp-content\/uploads\/2023\/09\/IMG_2685-scaled.jpeg?fit=300%2C225&amp;ssl=1\" data-large-file=\"https:\/\/i0.wp.com\/ralupo.me\/wp-content\/uploads\/2023\/09\/IMG_2685-scaled.jpeg?fit=1024%2C768&amp;ssl=1\" src=\"https:\/\/i0.wp.com\/ralupo.me\/wp-content\/uploads\/2023\/09\/IMG_2685.jpeg?resize=1024%2C768&#038;ssl=1\" alt=\"\" class=\"wp-image-10576\" srcset=\"https:\/\/i0.wp.com\/ralupo.me\/wp-content\/uploads\/2023\/09\/IMG_2685-scaled.jpeg?resize=1024%2C768&amp;ssl=1 1024w, https:\/\/i0.wp.com\/ralupo.me\/wp-content\/uploads\/2023\/09\/IMG_2685-scaled.jpeg?resize=600%2C450&amp;ssl=1 600w, https:\/\/i0.wp.com\/ralupo.me\/wp-content\/uploads\/2023\/09\/IMG_2685-scaled.jpeg?resize=300%2C225&amp;ssl=1 300w, https:\/\/i0.wp.com\/ralupo.me\/wp-content\/uploads\/2023\/09\/IMG_2685-scaled.jpeg?resize=768%2C576&amp;ssl=1 768w, https:\/\/i0.wp.com\/ralupo.me\/wp-content\/uploads\/2023\/09\/IMG_2685-scaled.jpeg?resize=1536%2C1152&amp;ssl=1 1536w, https:\/\/i0.wp.com\/ralupo.me\/wp-content\/uploads\/2023\/09\/IMG_2685-scaled.jpeg?resize=2048%2C1536&amp;ssl=1 2048w, https:\/\/i0.wp.com\/ralupo.me\/wp-content\/uploads\/2023\/09\/IMG_2685-scaled.jpeg?resize=830%2C623&amp;ssl=1 830w, https:\/\/i0.wp.com\/ralupo.me\/wp-content\/uploads\/2023\/09\/IMG_2685-scaled.jpeg?resize=1660%2C1245&amp;ssl=1 1660w, https:\/\/i0.wp.com\/ralupo.me\/wp-content\/uploads\/2023\/09\/IMG_2685-scaled.jpeg?resize=1200%2C900&amp;ssl=1 1200w\" sizes=\"(max-width: 1000px) 100vw, 1000px\" \/><figcaption class=\"wp-element-caption\">Barwinka in Baden-Baden<\/figcaption><\/figure>\n\n\n\n<p class=\"wp-block-paragraph\">Aktuell l\u00e4uft die Tourplanung 2024 auf Hochtouren, Vereine, Kommunen und Organisationen k\u00f6nnen sich gerne noch bewerben. Fest steht bislang, dass Barwinka, die noch bis 11.02.2024 im Panzermuseum in Munster zu besichtigen ist, auf der M\u00fcnchner Sicherheitskonferenz zu sehen sein wird.<\/p>\n\n\n<div class=\"vlp-link-container vlp-template-default wp-block-visual-link-preview-link\">\n\t<a href=\"https:\/\/barwinka.fellas4europe.org\/#quick-facts\" class=\"vlp-link\" title=\"Barwinka\" rel=\"nofollow\" target=\"_blank\"><\/a>\t\t<div class=\"vlp-link-image-container\">\n\t\t<div class=\"vlp-link-image\">\n\t\t\t<img data-recalc-dims=\"1\" decoding=\"async\" src=\"https:\/\/i0.wp.com\/barwinka.fellas4europe.org\/wp-content\/uploads\/2023\/12\/Barwinka-Logo.png?ssl=1\" style=\"max-width: 150px; max-height: 150px\" \/>\t\t<\/div>\n\t<\/div>\n\t\t<div class=\"vlp-link-text-container\">\n\t\t\t\t<div class=\"vlp-link-title\">\n\t\t\tBarwinka\t\t<\/div>\n\t\t\t\t\t\t<div class=\"vlp-link-summary\">\n\t\t\tEin ukrainischer Krankenwagen gegen den Krieg\t\t<\/div>\n\t\t\t<\/div>\n<\/div>\n<br\/><br\/><div class=\"geolocation-plain\" id=\"geolocation13129\">Posted from Deutschland.<\/div>","protected":false},"excerpt":{"rendered":"<p>&#8220;Barwinka&#8221;, der kleine ukrainische Krankenwagen aus Derhatschi, geht auch 2024 wieder auf Tour. Bereits im vergangenen Jahr war der von russischen Truppen beschossene Krankenwagen in fast 30 St\u00e4dten in Deutschland [&hellip;]<\/p>\n","protected":false},"author":1,"featured_media":10320,"comment_status":"open","ping_status":"open","sticky":false,"template":"","format":"standard","meta":{"_crdt_document":"","advanced_seo_description":"","jetpack_seo_html_title":"","jetpack_seo_noindex":false,"_EventAllDay":false,"_EventTimezone":"","_EventStartDate":"","_EventEndDate":"","_EventStartDateUTC":"","_EventEndDateUTC":"","_EventShowMap":false,"_EventShowMapLink":false,"_EventURL":"","_EventCost":"","_EventCostDescription":"","_EventCurrencySymbol":"","_EventCurrencyCode":"","_EventCurrencyPosition":"","_EventDateTimeSeparator":"","_EventTimeRangeSeparator":"","_EventOrganizerID":[],"_EventVenueID":[],"_OrganizerEmail":"","_OrganizerPhone":"","_OrganizerWebsite":"","_VenueAddress":"","_VenueCity":"","_VenueCountry":"","_VenueProvince":"","_VenueState":"","_VenueZip":"","_VenuePhone":"","_VenueURL":"","_VenueStateProvince":"","_VenueLat":"","_VenueLng":"","_VenueShowMap":false,"_VenueShowMapLink":false,"jetpack_post_was_ever_published":false,"_jetpack_newsletter_access":"","_jetpack_dont_email_post_to_subs":false,"_jetpack_newsletter_tier_id":0,"_jetpack_memberships_contains_paywalled_content":false,"_jetpack_memberships_contains_paid_content":false,"footnotes":""},"categories":[692,678],"tags":[793,968,436,333],"class_list":["post-13129","post","type-post","status-publish","format-standard","has-post-thumbnail","hentry","category-ukraine","category-termine","tag-barwinka","tag-kriegsverbrechen","tag-krieg","tag-russland"],"jetpack_featured_media_url":"https:\/\/i0.wp.com\/ralupo.me\/wp-content\/uploads\/2023\/07\/d8ef5078-b0a9-47d9-98a4-14059b0f9b58.jpeg?fit=2048%2C1536&ssl=1","jetpack_sharing_enabled":true,"jetpack-related-posts":[{"id":10324,"url":"https:\/\/ralupo.me\/en\/archive\/10324","url_meta":{"origin":13129,"position":0},"title":"Die &#8220;Barwinka&#8221; in Hamburg","author":"Lupo","date":"16. July 2023","format":false,"excerpt":"[:de]Der kleine Krankenwagen aus der Ukraine - \"Barwinka\" - war am Wochenende 14.\/15. Juli in Hamburg zu Gast. Die Aktion wurde vom Verein Fellas4Europe und der Hamburger ukrainischen Initiative Vilni DE_UA gemeinsam organisiert. Als am 24. Februar 2022 die Russen die Vollinvasion gegen die Ukraine begannen, geh\u00f6rte die Region Charkiw\u2026","rel":"","context":"In &quot;Politik&quot;","block_context":{"text":"Politik","link":"https:\/\/ralupo.me\/en\/archive\/category\/politik"},"img":{"alt_text":"","src":"https:\/\/i0.wp.com\/ralupo.me\/wp-content\/uploads\/2023\/07\/d8ef5078-b0a9-47d9-98a4-14059b0f9b58.jpeg?fit=1200%2C900&ssl=1&resize=350%2C200","width":350,"height":200,"srcset":"https:\/\/i0.wp.com\/ralupo.me\/wp-content\/uploads\/2023\/07\/d8ef5078-b0a9-47d9-98a4-14059b0f9b58.jpeg?fit=1200%2C900&ssl=1&resize=350%2C200 1x, https:\/\/i0.wp.com\/ralupo.me\/wp-content\/uploads\/2023\/07\/d8ef5078-b0a9-47d9-98a4-14059b0f9b58.jpeg?fit=1200%2C900&ssl=1&resize=525%2C300 1.5x, https:\/\/i0.wp.com\/ralupo.me\/wp-content\/uploads\/2023\/07\/d8ef5078-b0a9-47d9-98a4-14059b0f9b58.jpeg?fit=1200%2C900&ssl=1&resize=700%2C400 2x, https:\/\/i0.wp.com\/ralupo.me\/wp-content\/uploads\/2023\/07\/d8ef5078-b0a9-47d9-98a4-14059b0f9b58.jpeg?fit=1200%2C900&ssl=1&resize=1050%2C600 3x"},"classes":[]},{"id":13688,"url":"https:\/\/ralupo.me\/en\/archive\/13688","url_meta":{"origin":13129,"position":1},"title":"Gro\u00dfkundgebung f\u00fcr die Ukraine zur M\u00fcnchner SiKo","author":"Lupo","date":"18. February 2024","format":false,"excerpt":"[:de] Fast drei Stunden hat die proukrainische Demonstration \"Gemeinsam gegen den Krieg\" auf dem M\u00fcnchner Odeonsplatz gedauert. Am Samstag Nachmittag tauchte der Platz vor der Feldherrenhalle in ein Meer aus blau-gelben Fahnen. Zu der Kundgebung am Rande der M\u00fcnchner Sicherheitskonferenz haben sich laut Polizei mehr als 3.000 Menschen versammelt. \u00dcber\u2026","rel":"","context":"In &quot;Politik&quot;","block_context":{"text":"Politik","link":"https:\/\/ralupo.me\/en\/archive\/category\/politik"},"img":{"alt_text":"","src":"https:\/\/i0.wp.com\/ralupo.me\/wp-content\/uploads\/2024\/02\/IMG_9647-scaled.jpeg?fit=1200%2C900&ssl=1&resize=350%2C200","width":350,"height":200,"srcset":"https:\/\/i0.wp.com\/ralupo.me\/wp-content\/uploads\/2024\/02\/IMG_9647-scaled.jpeg?fit=1200%2C900&ssl=1&resize=350%2C200 1x, https:\/\/i0.wp.com\/ralupo.me\/wp-content\/uploads\/2024\/02\/IMG_9647-scaled.jpeg?fit=1200%2C900&ssl=1&resize=525%2C300 1.5x, https:\/\/i0.wp.com\/ralupo.me\/wp-content\/uploads\/2024\/02\/IMG_9647-scaled.jpeg?fit=1200%2C900&ssl=1&resize=700%2C400 2x, https:\/\/i0.wp.com\/ralupo.me\/wp-content\/uploads\/2024\/02\/IMG_9647-scaled.jpeg?fit=1200%2C900&ssl=1&resize=1050%2C600 3x"},"classes":[]},{"id":10536,"url":"https:\/\/ralupo.me\/en\/archive\/10536","url_meta":{"origin":13129,"position":2},"title":"Zerschossener ukrainischer Krankenwagen soll bundesweit ausgestellt werden","author":"Lupo","date":"25. August 2023","format":false,"excerpt":"[:de]Der von russischen Truppen unter Beschuss genommene ukrainische Krankenwagen aus Derhatschi (Oblast Kharkiv) soll nun im Rahmen einer Tour bundesweit ausgestellt werden. Zusammen mit \u00f6rtlichen deutsch-ukrainischen und litauischen Vereinen und Aktivisten und dem Verein \"Fellas4Europe\" konnte das Fahrzeug bereits in M\u00fcnchen, Berlin und Hamburg gezeigt werden.[:]","rel":"","context":"In &quot;Europa&quot;","block_context":{"text":"Europa","link":"https:\/\/ralupo.me\/en\/archive\/category\/europa"},"img":{"alt_text":"","src":"https:\/\/i0.wp.com\/ralupo.me\/wp-content\/uploads\/2023\/07\/IMG_0210-scaled.jpeg?fit=1200%2C900&ssl=1&resize=350%2C200","width":350,"height":200,"srcset":"https:\/\/i0.wp.com\/ralupo.me\/wp-content\/uploads\/2023\/07\/IMG_0210-scaled.jpeg?fit=1200%2C900&ssl=1&resize=350%2C200 1x, https:\/\/i0.wp.com\/ralupo.me\/wp-content\/uploads\/2023\/07\/IMG_0210-scaled.jpeg?fit=1200%2C900&ssl=1&resize=525%2C300 1.5x, https:\/\/i0.wp.com\/ralupo.me\/wp-content\/uploads\/2023\/07\/IMG_0210-scaled.jpeg?fit=1200%2C900&ssl=1&resize=700%2C400 2x, https:\/\/i0.wp.com\/ralupo.me\/wp-content\/uploads\/2023\/07\/IMG_0210-scaled.jpeg?fit=1200%2C900&ssl=1&resize=1050%2C600 3x"},"classes":[]},{"id":10567,"url":"https:\/\/ralupo.me\/en\/archive\/10567","url_meta":{"origin":13129,"position":3},"title":"Die &#8220;Buchanka&#8221; in Baden-W\u00fcrttemberg unterwegs","author":"Lupo","date":"1. September 2023","format":false,"excerpt":"[:de]Vom 23. bis zum 25. August 2023 und auch \u00fcber den ukrainischen Unabh\u00e4ngigkeitstag war die \"Buchanka\" in Stuttgart am Schlossplatz zu Gast, danach gab es noch einen kleinen Abstecher am 26.06.2023 nach Baden-Baden. Dort wurde der von russischen Truppen beschossene Krankenwagen ebenfalls zentral in der Langen Stra\u00dfe in der Innenstadt\u2026","rel":"","context":"In &quot;Europa&quot;","block_context":{"text":"Europa","link":"https:\/\/ralupo.me\/en\/archive\/category\/europa"},"img":{"alt_text":"","src":"https:\/\/i0.wp.com\/ralupo.me\/wp-content\/uploads\/2023\/09\/IMG_2685-scaled.jpeg?fit=1200%2C900&ssl=1&resize=350%2C200","width":350,"height":200,"srcset":"https:\/\/i0.wp.com\/ralupo.me\/wp-content\/uploads\/2023\/09\/IMG_2685-scaled.jpeg?fit=1200%2C900&ssl=1&resize=350%2C200 1x, https:\/\/i0.wp.com\/ralupo.me\/wp-content\/uploads\/2023\/09\/IMG_2685-scaled.jpeg?fit=1200%2C900&ssl=1&resize=525%2C300 1.5x, https:\/\/i0.wp.com\/ralupo.me\/wp-content\/uploads\/2023\/09\/IMG_2685-scaled.jpeg?fit=1200%2C900&ssl=1&resize=700%2C400 2x, https:\/\/i0.wp.com\/ralupo.me\/wp-content\/uploads\/2023\/09\/IMG_2685-scaled.jpeg?fit=1200%2C900&ssl=1&resize=1050%2C600 3x"},"classes":[]},{"id":10768,"url":"https:\/\/ralupo.me\/en\/archive\/10768","url_meta":{"origin":13129,"position":4},"title":"Beschossener ukrainischer Krankenwagen kommt nach Dresden","author":"Lupo","date":"11. October 2023","format":false,"excerpt":"[:de]Am 14. und 15. Oktober 2023 wird im Rahmen der Versammlung mit dem Motto \u201cRussland raus aus der Ukraine! \"Kriegsverbrechen ahnden!\u201d ein von russischen Invasoren beschossener ukrainischer Krankenwagen in Dresden ausgestellt.\u00a0[:]","rel":"","context":"In &quot;Teilnehmende Beobachtung&quot;","block_context":{"text":"Teilnehmende Beobachtung","link":"https:\/\/ralupo.me\/en\/archive\/category\/teilnehmende-beobachtung"},"img":{"alt_text":"","src":"https:\/\/i0.wp.com\/ralupo.me\/wp-content\/uploads\/2023\/07\/IMG_0318-scaled.jpeg?fit=1200%2C900&ssl=1&resize=350%2C200","width":350,"height":200,"srcset":"https:\/\/i0.wp.com\/ralupo.me\/wp-content\/uploads\/2023\/07\/IMG_0318-scaled.jpeg?fit=1200%2C900&ssl=1&resize=350%2C200 1x, https:\/\/i0.wp.com\/ralupo.me\/wp-content\/uploads\/2023\/07\/IMG_0318-scaled.jpeg?fit=1200%2C900&ssl=1&resize=525%2C300 1.5x, https:\/\/i0.wp.com\/ralupo.me\/wp-content\/uploads\/2023\/07\/IMG_0318-scaled.jpeg?fit=1200%2C900&ssl=1&resize=700%2C400 2x, https:\/\/i0.wp.com\/ralupo.me\/wp-content\/uploads\/2023\/07\/IMG_0318-scaled.jpeg?fit=1200%2C900&ssl=1&resize=1050%2C600 3x"},"classes":[]},{"id":9976,"url":"https:\/\/ralupo.me\/en\/archive\/9976","url_meta":{"origin":13129,"position":5},"title":"Mahnmal russischer Kriegsverbrechen in M\u00fcnchen ausgestellt","author":"Lupo","date":"21. May 2023","format":false,"excerpt":"[:de]\"Dieser Krankenwagen steht symbolisch f\u00fcr die russischen Kriegsverbrechen und deshalb haben wir ihn nach M\u00fcnchen geholt\", sagt Irma Petraityte-Luksiene, Mitinitiatorin von der litauischen Gemeinde in M\u00fcnchen. Und Tamara Okhrimenko erg\u00e4nzt in ihrer Rede: \"So sieht der Krieg aus, f\u00fcr Kinder, f\u00fcr M\u00fctter, f\u00fcr \u00e4ltere Menschen\". Der Krankenwagen geh\u00f6rt zum Zentralkrankenhaus\u2026","rel":"","context":"In &quot;Teilnehmende Beobachtung&quot;","block_context":{"text":"Teilnehmende Beobachtung","link":"https:\/\/ralupo.me\/en\/archive\/category\/teilnehmende-beobachtung"},"img":{"alt_text":"","src":"https:\/\/i0.wp.com\/ralupo.me\/wp-content\/uploads\/2023\/05\/IMG_7861-scaled.jpeg?fit=1200%2C900&ssl=1&resize=350%2C200","width":350,"height":200,"srcset":"https:\/\/i0.wp.com\/ralupo.me\/wp-content\/uploads\/2023\/05\/IMG_7861-scaled.jpeg?fit=1200%2C900&ssl=1&resize=350%2C200 1x, https:\/\/i0.wp.com\/ralupo.me\/wp-content\/uploads\/2023\/05\/IMG_7861-scaled.jpeg?fit=1200%2C900&ssl=1&resize=525%2C300 1.5x, https:\/\/i0.wp.com\/ralupo.me\/wp-content\/uploads\/2023\/05\/IMG_7861-scaled.jpeg?fit=1200%2C900&ssl=1&resize=700%2C400 2x, https:\/\/i0.wp.com\/ralupo.me\/wp-content\/uploads\/2023\/05\/IMG_7861-scaled.jpeg?fit=1200%2C900&ssl=1&resize=1050%2C600 3x"},"classes":[]}],"jetpack_shortlink":"https:\/\/wp.me\/pcanHs-3pL","_links":{"self":[{"href":"https:\/\/ralupo.me\/en\/wp-json\/wp\/v2\/posts\/13129","targetHints":{"allow":["GET"]}}],"collection":[{"href":"https:\/\/ralupo.me\/en\/wp-json\/wp\/v2\/posts"}],"about":[{"href":"https:\/\/ralupo.me\/en\/wp-json\/wp\/v2\/types\/post"}],"author":[{"embeddable":true,"href":"https:\/\/ralupo.me\/en\/wp-json\/wp\/v2\/users\/1"}],"replies":[{"embeddable":true,"href":"https:\/\/ralupo.me\/en\/wp-json\/wp\/v2\/comments?post=13129"}],"version-history":[{"count":3,"href":"https:\/\/ralupo.me\/en\/wp-json\/wp\/v2\/posts\/13129\/revisions"}],"predecessor-version":[{"id":13224,"href":"https:\/\/ralupo.me\/en\/wp-json\/wp\/v2\/posts\/13129\/revisions\/13224"}],"wp:featuredmedia":[{"embeddable":true,"href":"https:\/\/ralupo.me\/en\/wp-json\/wp\/v2\/media\/10320"}],"wp:attachment":[{"href":"https:\/\/ralupo.me\/en\/wp-json\/wp\/v2\/media?parent=13129"}],"wp:term":[{"taxonomy":"category","embeddable":true,"href":"https:\/\/ralupo.me\/en\/wp-json\/wp\/v2\/categories?post=13129"},{"taxonomy":"post_tag","embeddable":true,"href":"https:\/\/ralupo.me\/en\/wp-json\/wp\/v2\/tags?post=13129"}],"curies":[{"name":"wp","href":"https:\/\/api.w.org\/{rel}","templated":true}]}}