{"id":13098,"date":"2024-01-07T12:15:57","date_gmt":"2024-01-07T11:15:57","guid":{"rendered":"https:\/\/ralupo.me\/?p=13098"},"modified":"2024-01-07T19:06:44","modified_gmt":"2024-01-07T18:06:44","slug":"taurus-jetzt","status":"publish","type":"post","link":"https:\/\/ralupo.me\/en\/archive\/13098","title":{"rendered":"&#8220;Keine Zeit mehr verlieren&#8221;"},"content":{"rendered":"<span class=\"span-reading-time rt-reading-time\" style=\"display: block;\"><span class=\"rt-label rt-prefix\">Lesedauer<\/span> <span class=\"rt-time\"> 3<\/span> <span class=\"rt-label rt-postfix\">Minuten<\/span><\/span>\n<p class=\"wp-block-paragraph\">Unter dem Eindruck der verheerenden russischen Raketenangriffe auf ukrainische St\u00e4dte \u00fcber den Jahreswechsel hat die ukrainische Vereinigung &#8220;Vitsche&#8221; in Berlin zu ihrer ersten Solidarit\u00e4tskundgebung im neuen Jahr vor dem Kanzleramt aufgerufen. <br><\/p>\n\n\n\n<figure class=\"wp-block-video\"><video height=\"1080\" style=\"aspect-ratio: 1920 \/ 1080;\" width=\"1920\" autoplay controls loop muted src=\"https:\/\/ralupo.me\/wp-content\/uploads\/2024\/01\/Kopie-von-Repraesentant-Taiwan.mp4\" playsinline><\/video><\/figure>\n\n\n\n<p class=\"wp-block-paragraph\">Zeitgleich fanden in ganz Europa Kundgebungen statt, darunter zeitgleich auch in K\u00f6ln. In Berlin kamen mehr als 1.000 Menschen vor dem Kanzleramt im Regierungsviertel bei frostigen Temperaturen zusammen.<\/p>\n\n\n\n<figure class=\"wp-block-image size-large\"><img data-recalc-dims=\"1\" fetchpriority=\"high\" decoding=\"async\" width=\"1024\" height=\"768\" data-attachment-id=\"13094\" data-permalink=\"https:\/\/ralupo.me\/en\/img_7903_jpg\" data-orig-file=\"https:\/\/i0.wp.com\/ralupo.me\/wp-content\/uploads\/2024\/01\/IMG_7903_jpg-scaled.jpeg?fit=2560%2C1920&amp;ssl=1\" data-orig-size=\"2560,1920\" data-comments-opened=\"1\" data-image-meta=\"{&quot;aperture&quot;:&quot;2.8&quot;,&quot;credit&quot;:&quot;&quot;,&quot;camera&quot;:&quot;iPhone 15 Pro&quot;,&quot;caption&quot;:&quot;&quot;,&quot;created_timestamp&quot;:&quot;1704551481&quot;,&quot;copyright&quot;:&quot;\\u00a9 christian wolf&quot;,&quot;focal_length&quot;:&quot;9&quot;,&quot;iso&quot;:&quot;200&quot;,&quot;shutter_speed&quot;:&quot;0.016666666666667&quot;,&quot;title&quot;:&quot;&quot;,&quot;orientation&quot;:&quot;0&quot;}\" data-image-title=\"IMG_7903_jpg\" data-image-description=\"\" data-image-caption=\"\" data-medium-file=\"https:\/\/i0.wp.com\/ralupo.me\/wp-content\/uploads\/2024\/01\/IMG_7903_jpg-scaled.jpeg?fit=300%2C225&amp;ssl=1\" data-large-file=\"https:\/\/i0.wp.com\/ralupo.me\/wp-content\/uploads\/2024\/01\/IMG_7903_jpg-scaled.jpeg?fit=1024%2C768&amp;ssl=1\" src=\"https:\/\/i0.wp.com\/ralupo.me\/wp-content\/uploads\/2024\/01\/IMG_7903_jpg.jpeg?resize=1024%2C768&#038;ssl=1\" alt=\"\" class=\"wp-image-13094\" srcset=\"https:\/\/i0.wp.com\/ralupo.me\/wp-content\/uploads\/2024\/01\/IMG_7903_jpg-scaled.jpeg?resize=1024%2C768&amp;ssl=1 1024w, https:\/\/i0.wp.com\/ralupo.me\/wp-content\/uploads\/2024\/01\/IMG_7903_jpg-scaled.jpeg?resize=300%2C225&amp;ssl=1 300w, https:\/\/i0.wp.com\/ralupo.me\/wp-content\/uploads\/2024\/01\/IMG_7903_jpg-scaled.jpeg?resize=768%2C576&amp;ssl=1 768w, https:\/\/i0.wp.com\/ralupo.me\/wp-content\/uploads\/2024\/01\/IMG_7903_jpg-scaled.jpeg?resize=1536%2C1152&amp;ssl=1 1536w, https:\/\/i0.wp.com\/ralupo.me\/wp-content\/uploads\/2024\/01\/IMG_7903_jpg-scaled.jpeg?resize=2048%2C1536&amp;ssl=1 2048w\" sizes=\"(max-width: 1000px) 100vw, 1000px\" \/><\/figure>\n\n\n\n<p class=\"wp-block-paragraph\">Die Botschaft an den Kanzler auf den zahlreichen Transparenten und Plakaten war eindeutig: &#8220;Save Kyiv!&#8221;, &#8220;Taurus jetzt&#8221;, &#8220;Worauf wartet Ihr noch?&#8221;. In ihren Reden erinnerten die Veranstalter von Vitsche, Eva Yakubovska und Vlada Vorobiova an die Angriffe \u00fcber Neujahr: W\u00e4hrend man in Deutschland feierlich das neue Jahr begr\u00fc\u00dfte, gingen auf die Ukraine hunderte Raketen und Drohnen nieder und richteten massive Zerst\u00f6rungen an Zivilgeb\u00e4uden und zivilen Einrichtungen an. \u00dcber 40 Menschen starben bei einem der gr\u00f6\u00dften Luftangriffe seit dem zweiten Weltkrieg, Hunderte sind zum Teil schwer verletzt worden.<\/p>\n\n\n\n<div class=\"wp-block-jetpack-slideshow aligncenter\" data-autoplay=\"true\" data-delay=\"3\" data-effect=\"slide\"><div class=\"wp-block-jetpack-slideshow_container swiper-container\"><ul class=\"wp-block-jetpack-slideshow_swiper-wrapper swiper-wrapper\"><li class=\"wp-block-jetpack-slideshow_slide swiper-slide\"><figure><img data-recalc-dims=\"1\" decoding=\"async\" width=\"1024\" height=\"768\" alt=\"\" class=\"wp-block-jetpack-slideshow_image wp-image-13095\" data-id=\"13095\" src=\"https:\/\/i0.wp.com\/ralupo.me\/wp-content\/uploads\/2024\/01\/IMG_7852_jpg.jpeg?resize=1024%2C768&#038;ssl=1\" srcset=\"https:\/\/i0.wp.com\/ralupo.me\/wp-content\/uploads\/2024\/01\/IMG_7852_jpg-scaled.jpeg?resize=1024%2C768&amp;ssl=1 1024w, https:\/\/i0.wp.com\/ralupo.me\/wp-content\/uploads\/2024\/01\/IMG_7852_jpg-scaled.jpeg?resize=300%2C225&amp;ssl=1 300w, https:\/\/i0.wp.com\/ralupo.me\/wp-content\/uploads\/2024\/01\/IMG_7852_jpg-scaled.jpeg?resize=768%2C576&amp;ssl=1 768w, https:\/\/i0.wp.com\/ralupo.me\/wp-content\/uploads\/2024\/01\/IMG_7852_jpg-scaled.jpeg?resize=1536%2C1152&amp;ssl=1 1536w, https:\/\/i0.wp.com\/ralupo.me\/wp-content\/uploads\/2024\/01\/IMG_7852_jpg-scaled.jpeg?resize=2048%2C1536&amp;ssl=1 2048w\" sizes=\"(max-width: 1000px) 100vw, 1000px\" \/><\/figure><\/li><li class=\"wp-block-jetpack-slideshow_slide swiper-slide\"><figure><img data-recalc-dims=\"1\" decoding=\"async\" width=\"1024\" height=\"768\" alt=\"\" class=\"wp-block-jetpack-slideshow_image wp-image-13093\" data-id=\"13093\" src=\"https:\/\/i0.wp.com\/ralupo.me\/wp-content\/uploads\/2024\/01\/IMG_7917.jpeg?resize=1024%2C768&#038;ssl=1\" srcset=\"https:\/\/i0.wp.com\/ralupo.me\/wp-content\/uploads\/2024\/01\/IMG_7917-scaled.jpeg?resize=1024%2C768&amp;ssl=1 1024w, https:\/\/i0.wp.com\/ralupo.me\/wp-content\/uploads\/2024\/01\/IMG_7917-scaled.jpeg?resize=300%2C225&amp;ssl=1 300w, https:\/\/i0.wp.com\/ralupo.me\/wp-content\/uploads\/2024\/01\/IMG_7917-scaled.jpeg?resize=768%2C576&amp;ssl=1 768w, https:\/\/i0.wp.com\/ralupo.me\/wp-content\/uploads\/2024\/01\/IMG_7917-scaled.jpeg?resize=1536%2C1152&amp;ssl=1 1536w, https:\/\/i0.wp.com\/ralupo.me\/wp-content\/uploads\/2024\/01\/IMG_7917-scaled.jpeg?resize=2048%2C1536&amp;ssl=1 2048w\" sizes=\"(max-width: 1000px) 100vw, 1000px\" \/><\/figure><\/li><li class=\"wp-block-jetpack-slideshow_slide swiper-slide\"><figure><img data-recalc-dims=\"1\" loading=\"lazy\" decoding=\"async\" width=\"1024\" height=\"768\" alt=\"\" class=\"wp-block-jetpack-slideshow_image wp-image-13097\" data-id=\"13097\" src=\"https:\/\/i0.wp.com\/ralupo.me\/wp-content\/uploads\/2024\/01\/IMG_7857_jpg.jpeg?resize=1024%2C768&#038;ssl=1\" srcset=\"https:\/\/i0.wp.com\/ralupo.me\/wp-content\/uploads\/2024\/01\/IMG_7857_jpg-scaled.jpeg?resize=1024%2C768&amp;ssl=1 1024w, https:\/\/i0.wp.com\/ralupo.me\/wp-content\/uploads\/2024\/01\/IMG_7857_jpg-scaled.jpeg?resize=300%2C225&amp;ssl=1 300w, https:\/\/i0.wp.com\/ralupo.me\/wp-content\/uploads\/2024\/01\/IMG_7857_jpg-scaled.jpeg?resize=768%2C576&amp;ssl=1 768w, https:\/\/i0.wp.com\/ralupo.me\/wp-content\/uploads\/2024\/01\/IMG_7857_jpg-scaled.jpeg?resize=1536%2C1152&amp;ssl=1 1536w, https:\/\/i0.wp.com\/ralupo.me\/wp-content\/uploads\/2024\/01\/IMG_7857_jpg-scaled.jpeg?resize=2048%2C1536&amp;ssl=1 2048w\" sizes=\"(max-width: 1000px) 100vw, 1000px\" \/><\/figure><\/li><\/ul><a class=\"wp-block-jetpack-slideshow_button-prev swiper-button-prev swiper-button-white\" role=\"button\"><\/a><a class=\"wp-block-jetpack-slideshow_button-next swiper-button-next swiper-button-white\" role=\"button\"><\/a><a aria-label=\"Pause Slideshow\" class=\"wp-block-jetpack-slideshow_button-pause\" role=\"button\"><\/a><div class=\"wp-block-jetpack-slideshow_pagination swiper-pagination swiper-pagination-white\"><\/div><\/div><\/div>\n\n\n\n<p class=\"wp-block-paragraph\">Zu den zentralen Anliegen der Kundgebung geh\u00f6re die Forderung nach Ausweitung und Beschleunigung der Produktion und Lieferung von zus\u00e4tzlichen Luftabwehrsystemen und Munition an die Ukraine, die schnelle Bereitstellung von Kampfdrohnen aller Art f\u00fcr die Ukraine. Russische Diplomaten sollen in Deutschland isoliert werden und eingefrorene russische Gelder zur Unterst\u00fctzung und zum Wiederaufbau der Ukraine verwendet werden. Immer wieder skandierte die Menge die Lieferung von Taurus-Raketen an Die Ukraine: &#8220;Taurus jetzt&#8221;. Das Z\u00f6gern des Kanzlers trifft auf Unverst\u00e4ndnis: &#8220;Es gilt, keine Zeit mehr zu verlieren!&#8221;<\/p>\n\n\n\n<figure class=\"wp-block-video\"><video height=\"608\" style=\"aspect-ratio: 1080 \/ 608;\" width=\"1080\" controls loop muted preload=\"auto\" src=\"https:\/\/ralupo.me\/wp-content\/uploads\/2024\/01\/dc6bd226af1a4adf86bbf384f1806a57.mp4\" playsinline><\/video><figcaption class=\"wp-element-caption\">Schweigeminute f\u00fcr die gefallenen ukrainischen Verteidiger<\/figcaption><\/figure>\n\n\n\n<h5 class=\"wp-block-heading\">NAFO-Delegation zu Gast beim Botschafter<\/h5>\n\n\n\n<p class=\"wp-block-paragraph\">An der Kundgebung in Berlin nahm auch eine Delegation von NAFO -Fellas aus ganz Deutschland teil. <\/p>\n\n\n\n<figure class=\"wp-block-image size-large\"><img data-recalc-dims=\"1\" loading=\"lazy\" decoding=\"async\" width=\"1024\" height=\"768\" data-attachment-id=\"13102\" data-permalink=\"https:\/\/ralupo.me\/en\/img_7907\" data-orig-file=\"https:\/\/i0.wp.com\/ralupo.me\/wp-content\/uploads\/2024\/01\/IMG_7907-scaled.jpeg?fit=2560%2C1920&amp;ssl=1\" data-orig-size=\"2560,1920\" data-comments-opened=\"1\" data-image-meta=\"{&quot;aperture&quot;:&quot;1.78&quot;,&quot;credit&quot;:&quot;&quot;,&quot;camera&quot;:&quot;iPhone 15 Pro&quot;,&quot;caption&quot;:&quot;&quot;,&quot;created_timestamp&quot;:&quot;1704551808&quot;,&quot;copyright&quot;:&quot;&quot;,&quot;focal_length&quot;:&quot;6.86&quot;,&quot;iso&quot;:&quot;100&quot;,&quot;shutter_speed&quot;:&quot;0.0082644628099174&quot;,&quot;title&quot;:&quot;&quot;,&quot;orientation&quot;:&quot;1&quot;}\" data-image-title=\"IMG_7907\" data-image-description=\"\" data-image-caption=\"\" data-medium-file=\"https:\/\/i0.wp.com\/ralupo.me\/wp-content\/uploads\/2024\/01\/IMG_7907-scaled.jpeg?fit=300%2C225&amp;ssl=1\" data-large-file=\"https:\/\/i0.wp.com\/ralupo.me\/wp-content\/uploads\/2024\/01\/IMG_7907-scaled.jpeg?fit=1024%2C768&amp;ssl=1\" src=\"https:\/\/i0.wp.com\/ralupo.me\/wp-content\/uploads\/2024\/01\/IMG_7907.jpeg?resize=1024%2C768&#038;ssl=1\" alt=\"\" class=\"wp-image-13102\" srcset=\"https:\/\/i0.wp.com\/ralupo.me\/wp-content\/uploads\/2024\/01\/IMG_7907-scaled.jpeg?resize=1024%2C768&amp;ssl=1 1024w, https:\/\/i0.wp.com\/ralupo.me\/wp-content\/uploads\/2024\/01\/IMG_7907-scaled.jpeg?resize=300%2C225&amp;ssl=1 300w, https:\/\/i0.wp.com\/ralupo.me\/wp-content\/uploads\/2024\/01\/IMG_7907-scaled.jpeg?resize=768%2C576&amp;ssl=1 768w, https:\/\/i0.wp.com\/ralupo.me\/wp-content\/uploads\/2024\/01\/IMG_7907-scaled.jpeg?resize=1536%2C1152&amp;ssl=1 1536w, https:\/\/i0.wp.com\/ralupo.me\/wp-content\/uploads\/2024\/01\/IMG_7907-scaled.jpeg?resize=2048%2C1536&amp;ssl=1 2048w\" sizes=\"(max-width: 1000px) 100vw, 1000px\" \/><figcaption class=\"wp-element-caption\">NAFO Fellas mit ihrem Transparent vor dem Kanzleramt<\/figcaption><\/figure>\n\n\n\n<p class=\"wp-block-paragraph\">Zuvor hatte man fast zwei Stunden mit dem Botschafter der Ukraine im Botschaftsgeb\u00e4ude zusammengesessen und \u00fcber weitere Zusammenarbeit und Unterst\u00fctzung der Ukraine in ihrem Kampf gegen den russischen Angriff gesprochen. <\/p>\n\n\n\n<figure class=\"wp-block-video\"><video height=\"608\" style=\"aspect-ratio: 1080 \/ 608;\" width=\"1080\" autoplay controls loop muted src=\"https:\/\/ralupo.me\/wp-content\/uploads\/2024\/01\/bd87d6339466444e81480b37e836512b.mp4\" playsinline><\/video><\/figure>\n\n\n<div class=\"vlp-link-container vlp-template-default wp-block-visual-link-preview-link\">\n\t<a href=\"https:\/\/www.berliner-zeitung.de\/mensch-metropole\/berlin-ukraine-demo-heizt-olaf-scholz-vor-dem-kanzleramt-ein-scharfe-kritik-an-bundesregierung-li.2174348\" class=\"vlp-link\" title=\"Berlin: Ukraine-Demo heizt Olaf Scholz vor dem Kanzleramt ein \u2013 scharfe Kritik an Bundesregierung\" rel=\"nofollow\" target=\"_blank\"><\/a>\t\t<div class=\"vlp-link-image-container\">\n\t\t<div class=\"vlp-link-image\">\n\t\t\t<img data-recalc-dims=\"1\" decoding=\"async\" src=\"https:\/\/i0.wp.com\/berliner-zeitung.imgix.net\/2024\/01\/06\/1f9eea77-a9cc-4e98-93c0-6eab6b8db1b0.jpeg?ssl=1\" style=\"max-width: 150px; max-height: 150px\" \/>\t\t<\/div>\n\t<\/div>\n\t\t<div class=\"vlp-link-text-container\">\n\t\t\t\t<div class=\"vlp-link-title\">\n\t\t\tBerlin: Ukraine-Demo heizt Olaf Scholz vor dem Kanzleramt ein \u2013 scharfe Kritik an Bundesregierung\t\t<\/div>\n\t\t\t\t\t\t<div class=\"vlp-link-summary\">\n\t\t\tNach erneuten russischen Raketenangriffen fordern Hunderte Demonstranten weitere Hilfsma\u00dfnahmen f\u00fcr die Ukraine. Scharf kritisieren sie das \u201eZ\u00f6gern\u201c von Bundeskanzler Olaf Scholz.\t\t<\/div>\n\t\t\t<\/div>\n<\/div>\n\n\n\n<figure class=\"wp-block-embed is-type-video is-provider-youtube wp-block-embed-youtube wp-embed-aspect-16-9 wp-has-aspect-ratio\"><div class=\"wp-block-embed__wrapper\">\n<iframe title=\"\u0423 \u0411\u0435\u0440\u043b\u0456\u043d\u0456 \u0432\u0438\u043c\u0430\u0433\u0430\u043b\u0438 Taurus \u0434\u043b\u044f \u0423\u043a\u0440\u0430\u0457\u043d\u0438\" width=\"500\" height=\"281\" src=\"https:\/\/www.youtube.com\/embed\/MaYUzN_YCA0?feature=oembed\" frameborder=\"0\" allow=\"accelerometer; autoplay; clipboard-write; encrypted-media; gyroscope; picture-in-picture; web-share\" referrerpolicy=\"strict-origin-when-cross-origin\" allowfullscreen><\/iframe>\n<\/div><\/figure>\n<br\/><br\/><div class=\"geolocation-plain\" id=\"geolocation13098\">Posted from Berlin, Tiergarten, Deutschland.<\/div>","protected":false},"excerpt":{"rendered":"<p>Unter dem Eindruck der verheerenden russischen Raketenangriffe auf ukrainische St\u00e4dte \u00fcber den Jahreswechsel hat die ukrainische Vereinigung &#8220;Vitsche&#8221; in Berlin zu ihrer ersten Solidarit\u00e4tskundgebung im neuen Jahr vor dem Kanzleramt [&hellip;]<\/p>\n","protected":false},"author":1,"featured_media":13088,"comment_status":"open","ping_status":"open","sticky":false,"template":"","format":"standard","meta":{"_crdt_document":"","advanced_seo_description":"","jetpack_seo_html_title":"","jetpack_seo_noindex":false,"_EventAllDay":false,"_EventTimezone":"","_EventStartDate":"","_EventEndDate":"","_EventStartDateUTC":"","_EventEndDateUTC":"","_EventShowMap":false,"_EventShowMapLink":false,"_EventURL":"","_EventCost":"","_EventCostDescription":"","_EventCurrencySymbol":"","_EventCurrencyCode":"","_EventCurrencyPosition":"","_EventDateTimeSeparator":"","_EventTimeRangeSeparator":"","_EventOrganizerID":[],"_EventVenueID":[],"_OrganizerEmail":"","_OrganizerPhone":"","_OrganizerWebsite":"","_VenueAddress":"","_VenueCity":"","_VenueCountry":"","_VenueProvince":"","_VenueState":"","_VenueZip":"","_VenuePhone":"","_VenueURL":"","_VenueStateProvince":"","_VenueLat":"","_VenueLng":"","_VenueShowMap":false,"_VenueShowMapLink":false,"jetpack_post_was_ever_published":false,"_jetpack_newsletter_access":"","_jetpack_dont_email_post_to_subs":false,"_jetpack_newsletter_tier_id":0,"_jetpack_memberships_contains_paywalled_content":false,"_jetpack_memberships_contains_paid_content":false,"footnotes":""},"categories":[724,692],"tags":[436,607,333,25],"class_list":["post-13098","post","type-post","status-publish","format-standard","has-post-thumbnail","hentry","category-europa","category-ukraine","tag-krieg","tag-kundgebung","tag-russland","tag-ukraine"],"jetpack_featured_media_url":"https:\/\/i0.wp.com\/ralupo.me\/wp-content\/uploads\/2024\/01\/IMG_7863_jpg-scaled.jpeg?fit=2560%2C1920&ssl=1","jetpack_sharing_enabled":true,"jetpack-related-posts":[{"id":10181,"url":"https:\/\/ralupo.me\/en\/archive\/10181","url_meta":{"origin":13098,"position":0},"title":"Br\u00fccken bauen &#8211; Solidarit\u00e4tskundgebungen im Rheinland f\u00fcr die Ukraine","author":"Lupo","date":"27. June 2023","format":false,"excerpt":"[:de]Am vergangenen Wochenende gab es unter dem Motto \"Br\u00fccken bauen f\u00fcr Europa - Das Rheinland f\u00fcr die Ukraine\u201c zeitgleich auf drei Rheinbr\u00fccken in Bonn, K\u00f6ln und D\u00fcsseldorf Menschenketten, um f\u00fcr Solidarit\u00e4t mit der Ukraine zu demonstrieren. In K\u00f6ln versammelten sich auf der Deutzer Rheinbr\u00fccke mehr als hundert Menschen mit einer\u2026","rel":"","context":"In &quot;Europa&quot;","block_context":{"text":"Europa","link":"https:\/\/ralupo.me\/en\/archive\/category\/europa"},"img":{"alt_text":"","src":"https:\/\/i0.wp.com\/ralupo.me\/wp-content\/uploads\/2023\/06\/IMG_9821-scaled.jpg?fit=1200%2C900&ssl=1&resize=350%2C200","width":350,"height":200,"srcset":"https:\/\/i0.wp.com\/ralupo.me\/wp-content\/uploads\/2023\/06\/IMG_9821-scaled.jpg?fit=1200%2C900&ssl=1&resize=350%2C200 1x, https:\/\/i0.wp.com\/ralupo.me\/wp-content\/uploads\/2023\/06\/IMG_9821-scaled.jpg?fit=1200%2C900&ssl=1&resize=525%2C300 1.5x, https:\/\/i0.wp.com\/ralupo.me\/wp-content\/uploads\/2023\/06\/IMG_9821-scaled.jpg?fit=1200%2C900&ssl=1&resize=700%2C400 2x, https:\/\/i0.wp.com\/ralupo.me\/wp-content\/uploads\/2023\/06\/IMG_9821-scaled.jpg?fit=1200%2C900&ssl=1&resize=1050%2C600 3x"},"classes":[]},{"id":5274,"url":"https:\/\/ralupo.me\/en\/archive\/5274","url_meta":{"origin":13098,"position":1},"title":"Kandidatenstatus: EUkraine now!","author":"Lupo","date":"28. May 2022","format":false,"excerpt":"[:de] In vielen europ\u00e4ischen Hauptst\u00e4dten startete am Samstag die Kampagne #EUkraine now, mit der f\u00fcr einen EU-Kandidatenstatus f\u00fcr die Ukraine getrommelt werden soll. In Berlin versammelten sich am Vorabend einer angek\u00fcndigten Gro\u00dfdemonstration mehrere hundert Menschen vor dem Bundeskanzleramt im Berliner Regierungsviertel. Sie forderten, der Ukraine den Weg in die EU\u2026","rel":"","context":"In &quot;Politik&quot;","block_context":{"text":"Politik","link":"https:\/\/ralupo.me\/en\/archive\/category\/politik"},"img":{"alt_text":"","src":"https:\/\/i0.wp.com\/ralupo.me\/wp-content\/uploads\/2022\/05\/FA579241-DE15-4AE5-8D6F-A89D086CC450-scaled.jpeg?fit=1200%2C900&ssl=1&resize=350%2C200","width":350,"height":200,"srcset":"https:\/\/i0.wp.com\/ralupo.me\/wp-content\/uploads\/2022\/05\/FA579241-DE15-4AE5-8D6F-A89D086CC450-scaled.jpeg?fit=1200%2C900&ssl=1&resize=350%2C200 1x, https:\/\/i0.wp.com\/ralupo.me\/wp-content\/uploads\/2022\/05\/FA579241-DE15-4AE5-8D6F-A89D086CC450-scaled.jpeg?fit=1200%2C900&ssl=1&resize=525%2C300 1.5x, https:\/\/i0.wp.com\/ralupo.me\/wp-content\/uploads\/2022\/05\/FA579241-DE15-4AE5-8D6F-A89D086CC450-scaled.jpeg?fit=1200%2C900&ssl=1&resize=700%2C400 2x, https:\/\/i0.wp.com\/ralupo.me\/wp-content\/uploads\/2022\/05\/FA579241-DE15-4AE5-8D6F-A89D086CC450-scaled.jpeg?fit=1200%2C900&ssl=1&resize=1050%2C600 3x"},"classes":[]},{"id":3476,"url":"https:\/\/ralupo.me\/en\/archive\/3476","url_meta":{"origin":13098,"position":2},"title":"Europaweiter Tag der Solidarit\u00e4t","author":"Lupo","date":"19. February 2022","format":false,"excerpt":"[:de] Im Angesicht eines eskalierenden Konflikts und m\u00f6glicherweise bevorstehenden Krieges fand am Samstag europaweit in zahlreichen Innenst\u00e4dten ein \"Tag der Solidarit\u00e4t mit der Ukraine\" statt. In Deutschland gab es unter anderem in Hamburg, Berlin, D\u00fcsseldorf, K\u00f6ln, Frankfurt, Mainz, Heidelberg, M\u00fcnchen, Leipzig und Chemnitz Kundgebungen, auch in Frankreich, Gro\u00dfbritannien, den Niederlanden\u2026","rel":"","context":"In &quot;Ukraine&quot;","block_context":{"text":"Ukraine","link":"https:\/\/ralupo.me\/en\/archive\/category\/ukraine"},"img":{"alt_text":"","src":"https:\/\/i0.wp.com\/ralupo.me\/wp-content\/uploads\/2022\/02\/img_4739-scaled.jpg?fit=1200%2C900&ssl=1&resize=350%2C200","width":350,"height":200,"srcset":"https:\/\/i0.wp.com\/ralupo.me\/wp-content\/uploads\/2022\/02\/img_4739-scaled.jpg?fit=1200%2C900&ssl=1&resize=350%2C200 1x, https:\/\/i0.wp.com\/ralupo.me\/wp-content\/uploads\/2022\/02\/img_4739-scaled.jpg?fit=1200%2C900&ssl=1&resize=525%2C300 1.5x, https:\/\/i0.wp.com\/ralupo.me\/wp-content\/uploads\/2022\/02\/img_4739-scaled.jpg?fit=1200%2C900&ssl=1&resize=700%2C400 2x, https:\/\/i0.wp.com\/ralupo.me\/wp-content\/uploads\/2022\/02\/img_4739-scaled.jpg?fit=1200%2C900&ssl=1&resize=1050%2C600 3x"},"classes":[]},{"id":5039,"url":"https:\/\/ralupo.me\/en\/archive\/5039","url_meta":{"origin":13098,"position":3},"title":"&#8220;Die Sache der Ukraine ist auch unsere Sache&#8221;: Noch ein Brief an den Kanzler","author":"Lupo","date":"4. May 2022","format":false,"excerpt":"[:de] \u00dcber mangelnden Posteingang kann sich Olaf Scholz derzeit nicht beklagen. Nachdem offenen Brief von Alice Schwarzer, den sie selbst f\u00fcr \"zum Teil sehr kenntnisreich\" h\u00e4lt (und sodann gleich die Ukraine mit Ungarn verwechselt), kommt die neue Zuschrift nun von Leuten, die sich mit dem Thema auskennen. Initiiert hat den\u2026","rel":"","context":"In &quot;Politik&quot;","block_context":{"text":"Politik","link":"https:\/\/ralupo.me\/en\/archive\/category\/politik"},"img":{"alt_text":"","src":"https:\/\/i0.wp.com\/ralupo.me\/wp-content\/uploads\/2022\/01\/img_3967-scaled.jpg?fit=900%2C1200&ssl=1&resize=350%2C200","width":350,"height":200,"srcset":"https:\/\/i0.wp.com\/ralupo.me\/wp-content\/uploads\/2022\/01\/img_3967-scaled.jpg?fit=900%2C1200&ssl=1&resize=350%2C200 1x, https:\/\/i0.wp.com\/ralupo.me\/wp-content\/uploads\/2022\/01\/img_3967-scaled.jpg?fit=900%2C1200&ssl=1&resize=525%2C300 1.5x, https:\/\/i0.wp.com\/ralupo.me\/wp-content\/uploads\/2022\/01\/img_3967-scaled.jpg?fit=900%2C1200&ssl=1&resize=700%2C400 2x"},"classes":[]},{"id":10558,"url":"https:\/\/ralupo.me\/en\/archive\/10558","url_meta":{"origin":13098,"position":4},"title":"\u00dcber 25.000 Menschen zeichnen Petition gegen Netrebko-Auftritt in Berlin","author":"Lupo","date":"31. August 2023","format":false,"excerpt":"[:de]Am 15.09.2023 will die russische S\u00e4ngerin und Putin-Freundin Anna Netrebko wieder in der Berliner Staatsoper als Lady Macbeth in Verdis gleichnamiger Oper auftreten. Doch der Protest dagegen wird immer lauter. Eine am 26.08.2023 gestartete Petition bekommt immer mehr F\u00fcrsprecher. Binnen weniger Tage unterzeichnete mehr als 25.000 Menschen auf der Plattform\u2026","rel":"","context":"In &quot;Politik&quot;","block_context":{"text":"Politik","link":"https:\/\/ralupo.me\/en\/archive\/category\/politik"},"img":{"alt_text":"","src":"https:\/\/i0.wp.com\/ralupo.me\/wp-content\/uploads\/2023\/05\/IMG_7083_jpg-scaled.jpeg?fit=1200%2C900&ssl=1&resize=350%2C200","width":350,"height":200,"srcset":"https:\/\/i0.wp.com\/ralupo.me\/wp-content\/uploads\/2023\/05\/IMG_7083_jpg-scaled.jpeg?fit=1200%2C900&ssl=1&resize=350%2C200 1x, https:\/\/i0.wp.com\/ralupo.me\/wp-content\/uploads\/2023\/05\/IMG_7083_jpg-scaled.jpeg?fit=1200%2C900&ssl=1&resize=525%2C300 1.5x, https:\/\/i0.wp.com\/ralupo.me\/wp-content\/uploads\/2023\/05\/IMG_7083_jpg-scaled.jpeg?fit=1200%2C900&ssl=1&resize=700%2C400 2x, https:\/\/i0.wp.com\/ralupo.me\/wp-content\/uploads\/2023\/05\/IMG_7083_jpg-scaled.jpeg?fit=1200%2C900&ssl=1&resize=1050%2C600 3x"},"classes":[]},{"id":13840,"url":"https:\/\/ralupo.me\/en\/archive\/13840","url_meta":{"origin":13098,"position":5},"title":"Vitsche ruft zum &#8220;alternativen Ostermarsch&#8221; auf: Zusammen gegen falschen Pazifismus!","author":"Lupo","date":"28. March 2024","format":false,"excerpt":"[:de] Zum dritten Mal in Folge ruft die Berliner Organisation Vitsche zu einem alternativen Ostermarsch in Berlin auf. Mit der Gegendemonstration an diesem Samstag (30.03) halten soll den traditionellen Ostermarschaktionen der Spiegel vorgehalten werden. Die Osterm\u00e4rsche f\u00fchren nicht zu Frieden, sondern zur Ermutigung des Aggressors. Erst letzte Woche griffen hunderte\u2026","rel":"","context":"In &quot;Veranstaltungen&quot;","block_context":{"text":"Veranstaltungen","link":"https:\/\/ralupo.me\/en\/archive\/category\/veranstaltungen"},"img":{"alt_text":"","src":"https:\/\/i0.wp.com\/ralupo.me\/wp-content\/uploads\/2024\/02\/IMG_9950-scaled.jpeg?fit=1200%2C900&ssl=1&resize=350%2C200","width":350,"height":200,"srcset":"https:\/\/i0.wp.com\/ralupo.me\/wp-content\/uploads\/2024\/02\/IMG_9950-scaled.jpeg?fit=1200%2C900&ssl=1&resize=350%2C200 1x, https:\/\/i0.wp.com\/ralupo.me\/wp-content\/uploads\/2024\/02\/IMG_9950-scaled.jpeg?fit=1200%2C900&ssl=1&resize=525%2C300 1.5x, https:\/\/i0.wp.com\/ralupo.me\/wp-content\/uploads\/2024\/02\/IMG_9950-scaled.jpeg?fit=1200%2C900&ssl=1&resize=700%2C400 2x, https:\/\/i0.wp.com\/ralupo.me\/wp-content\/uploads\/2024\/02\/IMG_9950-scaled.jpeg?fit=1200%2C900&ssl=1&resize=1050%2C600 3x"},"classes":[]}],"jetpack_shortlink":"https:\/\/wp.me\/pcanHs-3pg","_links":{"self":[{"href":"https:\/\/ralupo.me\/en\/wp-json\/wp\/v2\/posts\/13098","targetHints":{"allow":["GET"]}}],"collection":[{"href":"https:\/\/ralupo.me\/en\/wp-json\/wp\/v2\/posts"}],"about":[{"href":"https:\/\/ralupo.me\/en\/wp-json\/wp\/v2\/types\/post"}],"author":[{"embeddable":true,"href":"https:\/\/ralupo.me\/en\/wp-json\/wp\/v2\/users\/1"}],"replies":[{"embeddable":true,"href":"https:\/\/ralupo.me\/en\/wp-json\/wp\/v2\/comments?post=13098"}],"version-history":[{"count":7,"href":"https:\/\/ralupo.me\/en\/wp-json\/wp\/v2\/posts\/13098\/revisions"}],"predecessor-version":[{"id":13121,"href":"https:\/\/ralupo.me\/en\/wp-json\/wp\/v2\/posts\/13098\/revisions\/13121"}],"wp:featuredmedia":[{"embeddable":true,"href":"https:\/\/ralupo.me\/en\/wp-json\/wp\/v2\/media\/13088"}],"wp:attachment":[{"href":"https:\/\/ralupo.me\/en\/wp-json\/wp\/v2\/media?parent=13098"}],"wp:term":[{"taxonomy":"category","embeddable":true,"href":"https:\/\/ralupo.me\/en\/wp-json\/wp\/v2\/categories?post=13098"},{"taxonomy":"post_tag","embeddable":true,"href":"https:\/\/ralupo.me\/en\/wp-json\/wp\/v2\/tags?post=13098"}],"curies":[{"name":"wp","href":"https:\/\/api.w.org\/{rel}","templated":true}]}}