{"id":1293,"date":"2020-11-07T17:48:10","date_gmt":"2020-11-07T17:48:10","guid":{"rendered":"https:\/\/ralupo.me\/please-make-america-great-again-mr-biden"},"modified":"2020-11-08T15:48:03","modified_gmt":"2020-11-08T15:48:03","slug":"please-make-america-great-again-mr-biden","status":"publish","type":"post","link":"https:\/\/ralupo.me\/en\/archive\/1293","title":{"rendered":"Please make America great again, Mr Biden!"},"content":{"rendered":"<span class=\"span-reading-time rt-reading-time\" style=\"display: block;\"><span class=\"rt-label rt-prefix\">Lesedauer<\/span> <span class=\"rt-time\"> 2<\/span> <span class=\"rt-label rt-postfix\">Minuten<\/span><\/span>\n<figure class=\"wp-block-embed-twitter wp-block-embed is-type-rich is-provider-twitter\"><div class=\"wp-block-embed__wrapper\">\n<blockquote class=\"twitter-tweet\" data-width=\"500\" data-dnt=\"true\"><p lang=\"de\" dir=\"ltr\">\u00dcbrigens werden Wahlen in der Regel von den Machthabern, nicht von der Opposition gef\u00e4lscht. <a href=\"https:\/\/twitter.com\/hashtag\/Servicetweet?src=hash&amp;ref_src=twsrc%5Etfw\">#Servicetweet<\/a><\/p>&mdash; Alice Bota (@AliceBota) <a href=\"https:\/\/twitter.com\/AliceBota\/status\/1325198201587200001?ref_src=twsrc%5Etfw\">November 7, 2020<\/a><\/blockquote><script async src=\"https:\/\/platform.twitter.com\/widgets.js\" charset=\"utf-8\"><\/script>\n<\/div><\/figure>\n\n\n\n<p class=\"wp-block-paragraph\">CNN reports Mr Biden will be next President of the United States of America.<\/p>\n\n\n\n<figure class=\"wp-block-embed-youtube wp-block-embed is-type-video is-provider-youtube wp-embed-aspect-16-9 wp-has-aspect-ratio\"><div class=\"wp-block-embed__wrapper\">\n<iframe title=\"Van Jones fights back tears: Result shows character matters\" width=\"500\" height=\"281\" src=\"https:\/\/www.youtube.com\/embed\/c2ScxGsB-ks?feature=oembed\" frameborder=\"0\" allow=\"accelerometer; autoplay; clipboard-write; encrypted-media; gyroscope; picture-in-picture; web-share\" referrerpolicy=\"strict-origin-when-cross-origin\" allowfullscreen><\/iframe>\n<\/div><\/figure>\n\n\n\n<p class=\"wp-block-paragraph\"><\/p>\n\n\n<div class=\"vlp-link-container vlp-template-default wp-block-visual-link-preview-link\">\n\t<a href=\"https:\/\/www.nzz.ch\/meinung\/wahlen-usa-trumps-abwahl-ist-logisch-ld.1584484\" class=\"vlp-link\" title=\"Wahlen USA: Trumps Abwahl ist logisch\" rel=\"nofollow\" target=\"_blank\"><\/a>\t\t<div class=\"vlp-link-image-container\">\n\t\t<div class=\"vlp-link-image\">\n\t\t\t<img data-recalc-dims=\"1\" decoding=\"async\" src=\"https:\/\/i0.wp.com\/img.nzz.ch\/C%3DW3800%2CH2134.333%2CX0%2CY24.3333\/S%3DW1200M%2CH674M\/O%3D75\/C%3DAR1200x674\/https%3A\/\/nzz-img.s3.amazonaws.com\/2020\/11\/5\/6b95db29-9736-4b89-bcf9-35a1d8ad4def.jpeg?ssl=1\" style=\"max-width: 150px; max-height: 150px\" \/>\t\t<\/div>\n\t<\/div>\n\t\t<div class=\"vlp-link-text-container\">\n\t\t\t\t<div class=\"vlp-link-title\">\n\t\t\tWahlen USA: Trumps Abwahl ist logisch\t\t<\/div>\n\t\t\t\t\t\t<div class=\"vlp-link-summary\">\n\t\t\tDie Mehrheit der Amerikaner hat genug von L\u00fcgen und Chaos im Weissen Haus. Aber es wird Jahre brauchen, den von Donald Trump verursachten Tr\u00fcmmerhaufen zu beseitigen.\t\t<\/div>\n\t\t\t<\/div>\n<\/div>\n\n\n<div class=\"vlp-link-container vlp-template-default wp-block-visual-link-preview-link\">\n\t<a href=\"https:\/\/time.com\/5907973\/donald-trump-loses-2020-election\/\" class=\"vlp-link\" title=\"How Donald Trump Lost The Election\" rel=\"nofollow\" target=\"_blank\"><\/a>\t\t<div class=\"vlp-link-image-container\">\n\t\t<div class=\"vlp-link-image\">\n\t\t\t<img data-recalc-dims=\"1\" decoding=\"async\" src=\"https:\/\/i0.wp.com\/api.time.com\/wp-content\/uploads\/2020\/11\/Trump_Election_2020__00_22.jpg?ssl=1\" style=\"max-width: 150px; max-height: 150px\" \/>\t\t<\/div>\n\t<\/div>\n\t\t<div class=\"vlp-link-text-container\">\n\t\t\t\t<div class=\"vlp-link-title\">\n\t\t\tHow Donald Trump Lost The Election\t\t<\/div>\n\t\t\t\t\t\t<div class=\"vlp-link-summary\">\n\t\t\tNo other president in decades inflamed the nation as much as Donald Trump. But in the end, his pride didn\u2019t just precede his fall, it precipitated it.\t\t<\/div>\n\t\t\t<\/div>\n<\/div>\n\n\n\n<p class=\"wp-block-paragraph\"><\/p>\n\n\n\n<figure class=\"wp-block-image size-large\"><img data-recalc-dims=\"1\" fetchpriority=\"high\" decoding=\"async\" width=\"680\" height=\"429\" data-attachment-id=\"1302\" data-permalink=\"https:\/\/ralupo.me\/en\/archive\/1293\/e6c0dc0f-62e8-4f81-903f-507a68af2fda\" data-orig-file=\"https:\/\/i0.wp.com\/ralupo.me\/wp-content\/uploads\/2020\/11\/E6C0DC0F-62E8-4F81-903F-507A68AF2FDA.jpeg?fit=680%2C429&amp;ssl=1\" data-orig-size=\"680,429\" data-comments-opened=\"1\" data-image-meta=\"{&quot;aperture&quot;:&quot;0&quot;,&quot;credit&quot;:&quot;&quot;,&quot;camera&quot;:&quot;&quot;,&quot;caption&quot;:&quot;&quot;,&quot;created_timestamp&quot;:&quot;0&quot;,&quot;copyright&quot;:&quot;&quot;,&quot;focal_length&quot;:&quot;0&quot;,&quot;iso&quot;:&quot;0&quot;,&quot;shutter_speed&quot;:&quot;0&quot;,&quot;title&quot;:&quot;&quot;,&quot;orientation&quot;:&quot;0&quot;}\" data-image-title=\"E6C0DC0F-62E8-4F81-903F-507A68AF2FDA\" data-image-description=\"\" data-image-caption=\"\" data-medium-file=\"https:\/\/i0.wp.com\/ralupo.me\/wp-content\/uploads\/2020\/11\/E6C0DC0F-62E8-4F81-903F-507A68AF2FDA.jpeg?fit=300%2C189&amp;ssl=1\" data-large-file=\"https:\/\/i0.wp.com\/ralupo.me\/wp-content\/uploads\/2020\/11\/E6C0DC0F-62E8-4F81-903F-507A68AF2FDA.jpeg?fit=680%2C429&amp;ssl=1\" src=\"https:\/\/i0.wp.com\/ralupo.me\/wp-content\/uploads\/2020\/11\/E6C0DC0F-62E8-4F81-903F-507A68AF2FDA.jpeg?resize=680%2C429&#038;ssl=1\" alt=\"\" class=\"wp-image-1302\" srcset=\"https:\/\/i0.wp.com\/ralupo.me\/wp-content\/uploads\/2020\/11\/E6C0DC0F-62E8-4F81-903F-507A68AF2FDA.jpeg?w=680&amp;ssl=1 680w, https:\/\/i0.wp.com\/ralupo.me\/wp-content\/uploads\/2020\/11\/E6C0DC0F-62E8-4F81-903F-507A68AF2FDA.jpeg?resize=600%2C379&amp;ssl=1 600w, https:\/\/i0.wp.com\/ralupo.me\/wp-content\/uploads\/2020\/11\/E6C0DC0F-62E8-4F81-903F-507A68AF2FDA.jpeg?resize=300%2C189&amp;ssl=1 300w, https:\/\/i0.wp.com\/ralupo.me\/wp-content\/uploads\/2020\/11\/E6C0DC0F-62E8-4F81-903F-507A68AF2FDA.jpeg?resize=550%2C347&amp;ssl=1 550w, https:\/\/i0.wp.com\/ralupo.me\/wp-content\/uploads\/2020\/11\/E6C0DC0F-62E8-4F81-903F-507A68AF2FDA.jpeg?resize=160%2C101&amp;ssl=1 160w\" sizes=\"(max-width: 680px) 100vw, 680px\" \/><figcaption>meanwhile on Twitter<\/figcaption><\/figure>\n\n\n<div class=\"vlp-link-container vlp-template-default wp-block-visual-link-preview-link\">\n\t<a href=\"https:\/\/www.bbc.com\/news\/uk-politics-54863576?xtor=AL-72-%5Bpartner%5D-%5Bbbc.news.twitter%5D-%5Bheadline%5D-%5Bnews%5D-%5Bbizdev%5D-%5Bisapi%5D&amp;at_campaign=64&amp;at_custom3=%40BBCNews&amp;at_custom2=twitter&amp;at_medium=custom7&amp;at_custom1=%5Bpost+type%5D&amp;at_custom4=ACA5AAAE-21BE-11EB-BE9E-28A14744363C\" class=\"vlp-link\" title=\"US election: What a Biden presidency means for the UK\" rel=\"nofollow\" target=\"_blank\"><\/a>\t\t<div class=\"vlp-link-image-container\">\n\t\t<div class=\"vlp-link-image\">\n\t\t\t<img data-recalc-dims=\"1\" decoding=\"async\" src=\"https:\/\/i0.wp.com\/ichef.bbci.co.uk\/news\/1024\/branded_news\/BDA4\/production\/_115284584_bidenboris1.jpg?ssl=1\" style=\"max-width: 150px; max-height: 150px\" \/>\t\t<\/div>\n\t<\/div>\n\t\t<div class=\"vlp-link-text-container\">\n\t\t\t\t<div class=\"vlp-link-title\">\n\t\t\tUS election: What a Biden presidency means for the UK\t\t<\/div>\n\t\t\t\t\t\t<div class=\"vlp-link-summary\">\n\t\t\tThe government has a lot of work to do to in improving its relations with the incoming US administration.\t\t<\/div>\n\t\t\t<\/div>\n<\/div>\n\n\n<div class=\"vlp-link-container vlp-template-default wp-block-visual-link-preview-link\">\n\t<a href=\"https:\/\/www.theguardian.com\/us-news\/2020\/nov\/07\/from-agony-to-elation-the-election-that-has-transfixed-the-world\" class=\"vlp-link\" title=\"From agony to elation: the election that has transfixed the world\" rel=\"nofollow\" target=\"_blank\"><\/a>\t\t<div class=\"vlp-link-image-container\">\n\t\t<div class=\"vlp-link-image\">\n\t\t\t<img data-recalc-dims=\"1\" decoding=\"async\" src=\"https:\/\/i0.wp.com\/i.guim.co.uk\/img\/media\/126e1112c45fa4d79233b11588d4c1c19a048fe9\/0_30_5184_3110\/master\/5184.jpg?ssl=1\" style=\"max-width: 150px; max-height: 150px\" \/>\t\t<\/div>\n\t<\/div>\n\t\t<div class=\"vlp-link-text-container\">\n\t\t\t\t<div class=\"vlp-link-title\">\n\t\t\tFrom agony to elation: the election that has transfixed the world\t\t<\/div>\n\t\t\t\t\t\t<div class=\"vlp-link-summary\">\n\t\t\tWe chart the twists and turns, the long nights and days, and the radically changing fortunes of a president and his challenger\t\t<\/div>\n\t\t\t<\/div>\n<\/div>\n","protected":false},"excerpt":{"rendered":"<p>CNN reports Mr Biden will be next President of the United States of America.<\/p>\n","protected":false},"author":1,"featured_media":1292,"comment_status":"open","ping_status":"open","sticky":false,"template":"","format":"standard","meta":{"_crdt_document":"","advanced_seo_description":"","jetpack_seo_html_title":"","jetpack_seo_noindex":false,"_EventAllDay":false,"_EventTimezone":"","_EventStartDate":"","_EventEndDate":"","_EventStartDateUTC":"","_EventEndDateUTC":"","_EventShowMap":false,"_EventShowMapLink":false,"_EventURL":"","_EventCost":"","_EventCostDescription":"","_EventCurrencySymbol":"","_EventCurrencyCode":"","_EventCurrencyPosition":"","_EventDateTimeSeparator":"","_EventTimeRangeSeparator":"","_EventOrganizerID":[],"_EventVenueID":[],"_OrganizerEmail":"","_OrganizerPhone":"","_OrganizerWebsite":"","_VenueAddress":"","_VenueCity":"","_VenueCountry":"","_VenueProvince":"","_VenueState":"","_VenueZip":"","_VenuePhone":"","_VenueURL":"","_VenueStateProvince":"","_VenueLat":"","_VenueLng":"","_VenueShowMap":false,"_VenueShowMapLink":false,"jetpack_post_was_ever_published":false,"_jetpack_newsletter_access":"","_jetpack_dont_email_post_to_subs":false,"_jetpack_newsletter_tier_id":0,"_jetpack_memberships_contains_paywalled_content":false,"_jetpack_memberships_contains_paid_content":false,"footnotes":""},"categories":[12],"tags":[],"class_list":["post-1293","post","type-post","status-publish","format-standard","has-post-thumbnail","hentry","category-teilnehmende-beobachtung"],"jetpack_featured_media_url":"https:\/\/i0.wp.com\/ralupo.me\/wp-content\/uploads\/2020\/11\/img_5212.jpg?fit=738%2C554&ssl=1","jetpack_sharing_enabled":true,"jetpack-related-posts":[{"id":3445,"url":"https:\/\/ralupo.me\/en\/archive\/3445","url_meta":{"origin":1293,"position":0},"title":"Fortdauernde Solidarit\u00e4t und Unterst\u00fctzung f\u00fcr die Ukraine","author":"Lupo","date":"18. February 2022","format":false,"excerpt":"[:de][:]","rel":"","context":"In &quot;Ukraine&quot;","block_context":{"text":"Ukraine","link":"https:\/\/ralupo.me\/en\/archive\/category\/ukraine"},"img":{"alt_text":"","src":"https:\/\/i0.wp.com\/ralupo.me\/wp-content\/uploads\/2022\/02\/img_5858-1.jpg?fit=615%2C461&ssl=1&resize=350%2C200","width":350,"height":200,"srcset":"https:\/\/i0.wp.com\/ralupo.me\/wp-content\/uploads\/2022\/02\/img_5858-1.jpg?fit=615%2C461&ssl=1&resize=350%2C200 1x, https:\/\/i0.wp.com\/ralupo.me\/wp-content\/uploads\/2022\/02\/img_5858-1.jpg?fit=615%2C461&ssl=1&resize=525%2C300 1.5x"},"classes":[]},{"id":2733,"url":"https:\/\/ralupo.me\/en\/archive\/2733","url_meta":{"origin":1293,"position":1},"title":"Lage in Kasachstan spitzt sich zu","author":"Lupo","date":"5. January 2022","format":false,"excerpt":"Anhaltende Proteste und Demonstrationen haben in Kasachstan zur Verh\u00e4ngung des Ausnahmezustandes im ganzen Land gef\u00fchrt. Im ganzen Land kommt es seit Anfang des Jahres zu gewaltsamen Zusammenst\u00f6\u00dfen zwischen B\u00fcrgern und Sicherheitsorganen. Dabei wurden dutzende Menschen verletzt, in Almaty soll es auch Tote gegeben haben. Der Pr\u00e4sident Kasachstans, Kassym-Schomart Tokayev, hat\u2026","rel":"","context":"In &quot;Eastbound&quot;","block_context":{"text":"Eastbound","link":"https:\/\/ralupo.me\/en\/archive\/category\/eastbound"},"img":{"alt_text":"","src":"https:\/\/i0.wp.com\/ralupo.me\/wp-content\/uploads\/2020\/08\/img_3398-scaled.jpg?fit=1200%2C900&ssl=1&resize=350%2C200","width":350,"height":200,"srcset":"https:\/\/i0.wp.com\/ralupo.me\/wp-content\/uploads\/2020\/08\/img_3398-scaled.jpg?fit=1200%2C900&ssl=1&resize=350%2C200 1x, https:\/\/i0.wp.com\/ralupo.me\/wp-content\/uploads\/2020\/08\/img_3398-scaled.jpg?fit=1200%2C900&ssl=1&resize=525%2C300 1.5x, https:\/\/i0.wp.com\/ralupo.me\/wp-content\/uploads\/2020\/08\/img_3398-scaled.jpg?fit=1200%2C900&ssl=1&resize=700%2C400 2x, https:\/\/i0.wp.com\/ralupo.me\/wp-content\/uploads\/2020\/08\/img_3398-scaled.jpg?fit=1200%2C900&ssl=1&resize=1050%2C600 3x"},"classes":[]},{"id":113,"url":"https:\/\/ralupo.me\/en\/archive\/113","url_meta":{"origin":1293,"position":2},"title":"Noch ein Clown","author":"Lupo","date":"5. July 2020","format":false,"excerpt":"[:de] Wie den aufgeregten Meldungen in sozialen Medien zu entnehmen ist, soll ein gewisser Kanye West, seines Zeichens Rapper und Ehemann einer Frau Kardashian (welcher auch immer) seine Kandidatur f\u00fcr die US-Pr\u00e4sidentschaftswahl im November 2020 angek\u00fcndigt haben. We must now realize the promise of America by trusting God, unifying our\u2026","rel":"","context":"In &quot;Politik&quot;","block_context":{"text":"Politik","link":"https:\/\/ralupo.me\/en\/archive\/category\/politik"},"img":{"alt_text":"","src":"https:\/\/i0.wp.com\/ralupo.me\/wp-content\/uploads\/2020\/07\/img_5161.jpg?fit=1200%2C799&ssl=1&resize=350%2C200","width":350,"height":200,"srcset":"https:\/\/i0.wp.com\/ralupo.me\/wp-content\/uploads\/2020\/07\/img_5161.jpg?fit=1200%2C799&ssl=1&resize=350%2C200 1x, https:\/\/i0.wp.com\/ralupo.me\/wp-content\/uploads\/2020\/07\/img_5161.jpg?fit=1200%2C799&ssl=1&resize=525%2C300 1.5x, https:\/\/i0.wp.com\/ralupo.me\/wp-content\/uploads\/2020\/07\/img_5161.jpg?fit=1200%2C799&ssl=1&resize=700%2C400 2x, https:\/\/i0.wp.com\/ralupo.me\/wp-content\/uploads\/2020\/07\/img_5161.jpg?fit=1200%2C799&ssl=1&resize=1050%2C600 3x"},"classes":[]},{"id":707,"url":"https:\/\/ralupo.me\/en\/archive\/707","url_meta":{"origin":1293,"position":3},"title":"EU erkennt Wahlergebnis in Belarus nicht an.","author":"Lupo","date":"19. August 2020","format":false,"excerpt":"[:de] Die EU erkennt das Ergebnis der Pr\u00e4sidentschaftswahlen in Belarus nicht an, da die Wahlen weder frei noch fair waren, so das Ergebnis is der Videokonferenz vom heutigen Mittwoch. (vgl. auch die\u00a0Schlussfolgerungen zum Sondergipfel). Ferner will die EU zus\u00e4tzliche 53 Mio. Euro f\u00fcr die Menschen in Belarus mobilisieren. Eine Million\u2026","rel":"","context":"In &quot;Teilnehmende Beobachtung&quot;","block_context":{"text":"Teilnehmende Beobachtung","link":"https:\/\/ralupo.me\/en\/archive\/category\/teilnehmende-beobachtung"},"img":{"alt_text":"","src":"https:\/\/i0.wp.com\/ralupo.me\/wp-content\/uploads\/2020\/08\/img_0807-scaled.jpg?fit=1200%2C900&ssl=1&resize=350%2C200","width":350,"height":200,"srcset":"https:\/\/i0.wp.com\/ralupo.me\/wp-content\/uploads\/2020\/08\/img_0807-scaled.jpg?fit=1200%2C900&ssl=1&resize=350%2C200 1x, https:\/\/i0.wp.com\/ralupo.me\/wp-content\/uploads\/2020\/08\/img_0807-scaled.jpg?fit=1200%2C900&ssl=1&resize=525%2C300 1.5x, https:\/\/i0.wp.com\/ralupo.me\/wp-content\/uploads\/2020\/08\/img_0807-scaled.jpg?fit=1200%2C900&ssl=1&resize=700%2C400 2x, https:\/\/i0.wp.com\/ralupo.me\/wp-content\/uploads\/2020\/08\/img_0807-scaled.jpg?fit=1200%2C900&ssl=1&resize=1050%2C600 3x"},"classes":[]},{"id":12771,"url":"https:\/\/ralupo.me\/en\/archive\/12771","url_meta":{"origin":1293,"position":4},"title":"Aufgelesen: Lupos Lesewoche 51","author":"Lupo","date":"24. December 2023","format":false,"excerpt":"[:de] Kurze Weihnachtspause - Gelegenheit die besten Artikel der letzten Tage aus dem \u201eMatter\u201c-Archiv zu holen (Eine gute App als Alternative zu Instapaper und Co). Nacht in Warschau * Die Zeitenwende bringt nun nach und nach immer mehr Zeitdiagnosen und Standortbestimmungen auf den B\u00fcchermarkt. Ulrich Menzel hat im Herbst im\u2026","rel":"","context":"In &quot;Aufgelesen&quot;","block_context":{"text":"Aufgelesen","link":"https:\/\/ralupo.me\/en\/archive\/category\/aufgelesen"},"img":{"alt_text":"","src":"https:\/\/i0.wp.com\/ralupo.me\/wp-content\/uploads\/2023\/12\/IMG_6789-scaled.jpeg?fit=1200%2C900&ssl=1&resize=350%2C200","width":350,"height":200,"srcset":"https:\/\/i0.wp.com\/ralupo.me\/wp-content\/uploads\/2023\/12\/IMG_6789-scaled.jpeg?fit=1200%2C900&ssl=1&resize=350%2C200 1x, https:\/\/i0.wp.com\/ralupo.me\/wp-content\/uploads\/2023\/12\/IMG_6789-scaled.jpeg?fit=1200%2C900&ssl=1&resize=525%2C300 1.5x, https:\/\/i0.wp.com\/ralupo.me\/wp-content\/uploads\/2023\/12\/IMG_6789-scaled.jpeg?fit=1200%2C900&ssl=1&resize=700%2C400 2x, https:\/\/i0.wp.com\/ralupo.me\/wp-content\/uploads\/2023\/12\/IMG_6789-scaled.jpeg?fit=1200%2C900&ssl=1&resize=1050%2C600 3x"},"classes":[]},{"id":3469,"url":"https:\/\/ralupo.me\/en\/archive\/3469","url_meta":{"origin":1293,"position":5},"title":"Immediate opening of negotiations on Ukraine\u2019s accession to the European Union","author":"Lupo","date":"19. February 2022","format":false,"excerpt":"[:de][:]","rel":"","context":"In &quot;Ukraine&quot;","block_context":{"text":"Ukraine","link":"https:\/\/ralupo.me\/en\/archive\/category\/ukraine"},"img":{"alt_text":"","src":"https:\/\/i0.wp.com\/ralupo.me\/wp-content\/uploads\/2022\/02\/3B2A44BA-0EE8-45CA-A6FE-97D34FBA56D8-scaled.jpeg?fit=1200%2C900&ssl=1&resize=350%2C200","width":350,"height":200,"srcset":"https:\/\/i0.wp.com\/ralupo.me\/wp-content\/uploads\/2022\/02\/3B2A44BA-0EE8-45CA-A6FE-97D34FBA56D8-scaled.jpeg?fit=1200%2C900&ssl=1&resize=350%2C200 1x, https:\/\/i0.wp.com\/ralupo.me\/wp-content\/uploads\/2022\/02\/3B2A44BA-0EE8-45CA-A6FE-97D34FBA56D8-scaled.jpeg?fit=1200%2C900&ssl=1&resize=525%2C300 1.5x, https:\/\/i0.wp.com\/ralupo.me\/wp-content\/uploads\/2022\/02\/3B2A44BA-0EE8-45CA-A6FE-97D34FBA56D8-scaled.jpeg?fit=1200%2C900&ssl=1&resize=700%2C400 2x, https:\/\/i0.wp.com\/ralupo.me\/wp-content\/uploads\/2022\/02\/3B2A44BA-0EE8-45CA-A6FE-97D34FBA56D8-scaled.jpeg?fit=1200%2C900&ssl=1&resize=1050%2C600 3x"},"classes":[]}],"jetpack_shortlink":"https:\/\/wp.me\/pcanHs-kR","_links":{"self":[{"href":"https:\/\/ralupo.me\/en\/wp-json\/wp\/v2\/posts\/1293","targetHints":{"allow":["GET"]}}],"collection":[{"href":"https:\/\/ralupo.me\/en\/wp-json\/wp\/v2\/posts"}],"about":[{"href":"https:\/\/ralupo.me\/en\/wp-json\/wp\/v2\/types\/post"}],"author":[{"embeddable":true,"href":"https:\/\/ralupo.me\/en\/wp-json\/wp\/v2\/users\/1"}],"replies":[{"embeddable":true,"href":"https:\/\/ralupo.me\/en\/wp-json\/wp\/v2\/comments?post=1293"}],"version-history":[{"count":0,"href":"https:\/\/ralupo.me\/en\/wp-json\/wp\/v2\/posts\/1293\/revisions"}],"wp:featuredmedia":[{"embeddable":true,"href":"https:\/\/ralupo.me\/en\/wp-json\/wp\/v2\/media\/1292"}],"wp:attachment":[{"href":"https:\/\/ralupo.me\/en\/wp-json\/wp\/v2\/media?parent=1293"}],"wp:term":[{"taxonomy":"category","embeddable":true,"href":"https:\/\/ralupo.me\/en\/wp-json\/wp\/v2\/categories?post=1293"},{"taxonomy":"post_tag","embeddable":true,"href":"https:\/\/ralupo.me\/en\/wp-json\/wp\/v2\/tags?post=1293"}],"curies":[{"name":"wp","href":"https:\/\/api.w.org\/{rel}","templated":true}]}}